{"id":197395,"date":"2025-11-01T12:41:41","date_gmt":"2025-11-01T15:41:41","guid":{"rendered":"https:\/\/folhapopular.info\/?p=197395"},"modified":"2025-11-01T12:41:54","modified_gmt":"2025-11-01T15:41:54","slug":"festival-da-primavera-segue-movimentando-colinas-neste-fim-de-semana","status":"publish","type":"post","link":"https:\/\/folhapopular.info\/index.php\/2025\/11\/01\/festival-da-primavera-segue-movimentando-colinas-neste-fim-de-semana\/","title":{"rendered":"Festival da Primavera segue movimentando Colinas neste fim de semana"},"content":{"rendered":"\n<p>De quinta-feira (30\/10) a domingo (2\/11), Colinas realiza a 6\u00aa edi\u00e7\u00e3o do Festival da Primavera, promovido pela Prefeitura Municipal por meio da Secretaria de Educa\u00e7\u00e3o, Turismo, Cultura e Desporto. Com entrada gratuita, o evento busca celebrar a chegada da esta\u00e7\u00e3o mais colorida do ano, reunindo moradores e visitantes em uma programa\u00e7\u00e3o voltada \u00e0 arte, m\u00fasica, gastronomia e cultura local.<\/p>\n\n\n\n<p>Consolidado como um dos principais eventos culturais do munic\u00edpio, o festival promove o encontro de diferentes gera\u00e7\u00f5es e valoriza talentos locais e regionais. A programa\u00e7\u00e3o foi planejada para atender a p\u00fablicos de todas as idades, com apresenta\u00e7\u00f5es art\u00edsticas, oficinas, shows e espa\u00e7os gastron\u00f4micos que destacam cervejarias e vin\u00edcolas da regi\u00e3o.<\/p>\n\n\n\n<h3 class=\"wp-block-heading\"><strong>Destaques da edi\u00e7\u00e3o anterior<\/strong><\/h3>\n\n\n\n<p>Em 13 de dezembro de 2024, o Audit\u00f3rio Municipal recebeu o 5\u00ba Festival da Primavera, que reuniu cerca de 400 pessoas. O grande destaque foi o espet\u00e1culo musical \u201cR\u00e1dio Colinas \u2013 Sertanejo do Cora\u00e7\u00e3o\u201d, inspirado em um programa de r\u00e1dio, apresentado pelo Conjunto Instrumental de Colinas. O recital emocionou o p\u00fablico com cl\u00e1ssicos sertanejos e can\u00e7\u00f5es natalinas adaptadas.<\/p>\n\n\n\n<p>A cerim\u00f4nia prestou ainda uma homenagem especial ao casal Chelsi Holz e Adi Altevogt, que entre 2014 e 2022 receberam oito premia\u00e7\u00f5es nas categorias Jardim Ecol\u00f3gico Rural e Jardim Mais Florido Rural. A Administra\u00e7\u00e3o Municipal entregou uma placa de reconhecimento pelo cuidado com o jardim da propriedade, destru\u00eddo pelas enchentes de 2023 e 2024.<\/p>\n\n\n\n<h2 class=\"wp-block-heading\"><strong>Programa\u00e7\u00e3o<\/strong><\/h2>\n\n\n\n<p><strong>S\u00e1bado (1\u00ba\/11)<\/strong><br>13h30 \u2013 Oficina EMATER \/ Secretaria Municipal da Agricultura e Meio Ambiente<br>15h \u2013 Rafa Haas<br>17h \u2013 Banda Apple<br>19h \u2013 Autom\u00f3vel Verde<br>21h30 \u2013 Duca Leindecker<br>23h \u2013 DJ<br><em>Participa\u00e7\u00e3o de cervejarias e vin\u00edcolas<\/em><\/p>\n\n\n\n<p><strong>Domingo (2\/11)<\/strong><br>10h \u2013 Oficina EMATER \/ Secretaria Municipal da Agricultura e Meio Ambiente<br>13h30 \u2013 Banda Contato Show<br>15h30 \u2013 Star 3<br>18h \u2013 Super Banda K\u2019necus<br><em>Participa\u00e7\u00e3o de cervejarias e vin\u00edcolas<\/em><\/p>\n","protected":false},"excerpt":{"rendered":"<p>De quinta-feira (30\/10) a domingo (2\/11), Colinas realiza a 6\u00aa edi\u00e7\u00e3o do Festival da Primavera, promovido pela Prefeitura Municipal por meio da Secretaria de Educa\u00e7\u00e3o, Turismo, Cultura e Desporto. Com entrada gratuita, o evento busca celebrar a chegada da esta\u00e7\u00e3o mais colorida do ano, reunindo moradores e visitantes em uma programa\u00e7\u00e3o voltada \u00e0 arte, m\u00fasica, [&hellip;]<\/p>\n","protected":false},"author":673,"featured_media":197397,"comment_status":"open","ping_status":"open","sticky":false,"template":"","format":"standard","meta":{"pmpro_default_level":"","_jetpack_memberships_contains_paid_content":false,"footnotes":""},"categories":[2,6],"tags":[183,4845,19642,5177],"class_list":{"0":"post-197395","1":"post","2":"type-post","3":"status-publish","4":"format-standard","5":"has-post-thumbnail","7":"category-featured","8":"category-inclusive","9":"tag-colinas","10":"tag-festival","11":"tag-festival-da-primavera","12":"tag-primavera","13":"pmpro-has-access"},"yoast_head":"<!-- This site is optimized with the Yoast SEO plugin v27.5 - https:\/\/yoast.com\/product\/yoast-seo-wordpress\/ -->\n<title>Festival da Primavera segue movimentando Colinas neste fim de semana - Folha Popular<\/title>\n<meta name=\"robots\" content=\"index, follow, max-snippet:-1, max-image-preview:large, max-video-preview:-1\" \/>\n<link rel=\"canonical\" href=\"https:\/\/folhapopular.info\/index.php\/2025\/11\/01\/festival-da-primavera-segue-movimentando-colinas-neste-fim-de-semana\/\" \/>\n<meta property=\"og:locale\" content=\"pt_BR\" \/>\n<meta property=\"og:type\" content=\"article\" \/>\n<meta property=\"og:title\" content=\"Festival da Primavera segue movimentando Colinas neste fim de semana - Folha Popular\" \/>\n<meta property=\"og:description\" content=\"De quinta-feira (30\/10) a domingo (2\/11), Colinas realiza a 6\u00aa edi\u00e7\u00e3o do Festival da Primavera, promovido pela Prefeitura Municipal por meio da Secretaria de Educa\u00e7\u00e3o, Turismo, Cultura e Desporto. Com entrada gratuita, o evento busca celebrar a chegada da esta\u00e7\u00e3o mais colorida do ano, reunindo moradores e visitantes em uma programa\u00e7\u00e3o voltada \u00e0 arte, m\u00fasica, [&hellip;]\" \/>\n<meta property=\"og:url\" content=\"https:\/\/folhapopular.info\/index.php\/2025\/11\/01\/festival-da-primavera-segue-movimentando-colinas-neste-fim-de-semana\/\" \/>\n<meta property=\"og:site_name\" content=\"Folha Popular\" \/>\n<meta property=\"article:published_time\" content=\"2025-11-01T15:41:41+00:00\" \/>\n<meta property=\"article:modified_time\" content=\"2025-11-01T15:41:54+00:00\" \/>\n<meta property=\"og:image\" content=\"http:\/\/folhapopular.info\/wp-content\/uploads\/2025\/11\/IMG_4561-scaled.jpg\" \/>\n\t<meta property=\"og:image:width\" content=\"2560\" \/>\n\t<meta property=\"og:image:height\" content=\"1440\" \/>\n\t<meta property=\"og:image:type\" content=\"image\/jpeg\" \/>\n<meta name=\"author\" content=\"Let\u00edcia Echer\" \/>\n<meta name=\"twitter:card\" content=\"summary_large_image\" \/>\n<meta name=\"twitter:label1\" content=\"Escrito por\" \/>\n\t<meta name=\"twitter:data1\" content=\"Let\u00edcia Echer\" \/>\n\t<meta name=\"twitter:label2\" content=\"Est. tempo de leitura\" \/>\n\t<meta name=\"twitter:data2\" content=\"2 minutos\" \/>\n<script type=\"application\/ld+json\" class=\"yoast-schema-graph\">{\"@context\":\"https:\\\/\\\/schema.org\",\"@graph\":[{\"@type\":\"Article\",\"@id\":\"https:\\\/\\\/folhapopular.info\\\/index.php\\\/2025\\\/11\\\/01\\\/festival-da-primavera-segue-movimentando-colinas-neste-fim-de-semana\\\/#article\",\"isPartOf\":{\"@id\":\"https:\\\/\\\/folhapopular.info\\\/index.php\\\/2025\\\/11\\\/01\\\/festival-da-primavera-segue-movimentando-colinas-neste-fim-de-semana\\\/\"},\"author\":{\"name\":\"Let\u00edcia Echer\",\"@id\":\"https:\\\/\\\/folhapopular.info\\\/#\\\/schema\\\/person\\\/52b95b9c1c41ec0e826e7518183d0cc0\"},\"headline\":\"Festival da Primavera segue movimentando Colinas neste fim de semana\",\"datePublished\":\"2025-11-01T15:41:41+00:00\",\"dateModified\":\"2025-11-01T15:41:54+00:00\",\"mainEntityOfPage\":{\"@id\":\"https:\\\/\\\/folhapopular.info\\\/index.php\\\/2025\\\/11\\\/01\\\/festival-da-primavera-segue-movimentando-colinas-neste-fim-de-semana\\\/\"},\"wordCount\":316,\"commentCount\":0,\"image\":{\"@id\":\"https:\\\/\\\/folhapopular.info\\\/index.php\\\/2025\\\/11\\\/01\\\/festival-da-primavera-segue-movimentando-colinas-neste-fim-de-semana\\\/#primaryimage\"},\"thumbnailUrl\":\"https:\\\/\\\/folhapopular.info\\\/wp-content\\\/uploads\\\/2025\\\/11\\\/IMG_4561-scaled.jpg\",\"keywords\":[\"Colinas\",\"Festival\",\"Festival da Primavera\",\"primavera\"],\"articleSection\":[\"Destaques\",\"Inclusive\"],\"inLanguage\":\"pt-BR\",\"potentialAction\":[{\"@type\":\"CommentAction\",\"name\":\"Comment\",\"target\":[\"https:\\\/\\\/folhapopular.info\\\/index.php\\\/2025\\\/11\\\/01\\\/festival-da-primavera-segue-movimentando-colinas-neste-fim-de-semana\\\/#respond\"]}]},{\"@type\":\"WebPage\",\"@id\":\"https:\\\/\\\/folhapopular.info\\\/index.php\\\/2025\\\/11\\\/01\\\/festival-da-primavera-segue-movimentando-colinas-neste-fim-de-semana\\\/\",\"url\":\"https:\\\/\\\/folhapopular.info\\\/index.php\\\/2025\\\/11\\\/01\\\/festival-da-primavera-segue-movimentando-colinas-neste-fim-de-semana\\\/\",\"name\":\"Festival da Primavera segue movimentando Colinas neste fim de semana - Folha Popular\",\"isPartOf\":{\"@id\":\"https:\\\/\\\/folhapopular.info\\\/#website\"},\"primaryImageOfPage\":{\"@id\":\"https:\\\/\\\/folhapopular.info\\\/index.php\\\/2025\\\/11\\\/01\\\/festival-da-primavera-segue-movimentando-colinas-neste-fim-de-semana\\\/#primaryimage\"},\"image\":{\"@id\":\"https:\\\/\\\/folhapopular.info\\\/index.php\\\/2025\\\/11\\\/01\\\/festival-da-primavera-segue-movimentando-colinas-neste-fim-de-semana\\\/#primaryimage\"},\"thumbnailUrl\":\"https:\\\/\\\/folhapopular.info\\\/wp-content\\\/uploads\\\/2025\\\/11\\\/IMG_4561-scaled.jpg\",\"datePublished\":\"2025-11-01T15:41:41+00:00\",\"dateModified\":\"2025-11-01T15:41:54+00:00\",\"author\":{\"@id\":\"https:\\\/\\\/folhapopular.info\\\/#\\\/schema\\\/person\\\/52b95b9c1c41ec0e826e7518183d0cc0\"},\"breadcrumb\":{\"@id\":\"https:\\\/\\\/folhapopular.info\\\/index.php\\\/2025\\\/11\\\/01\\\/festival-da-primavera-segue-movimentando-colinas-neste-fim-de-semana\\\/#breadcrumb\"},\"inLanguage\":\"pt-BR\",\"potentialAction\":[{\"@type\":\"ReadAction\",\"target\":[\"https:\\\/\\\/folhapopular.info\\\/index.php\\\/2025\\\/11\\\/01\\\/festival-da-primavera-segue-movimentando-colinas-neste-fim-de-semana\\\/\"]}]},{\"@type\":\"ImageObject\",\"inLanguage\":\"pt-BR\",\"@id\":\"https:\\\/\\\/folhapopular.info\\\/index.php\\\/2025\\\/11\\\/01\\\/festival-da-primavera-segue-movimentando-colinas-neste-fim-de-semana\\\/#primaryimage\",\"url\":\"https:\\\/\\\/folhapopular.info\\\/wp-content\\\/uploads\\\/2025\\\/11\\\/IMG_4561-scaled.jpg\",\"contentUrl\":\"https:\\\/\\\/folhapopular.info\\\/wp-content\\\/uploads\\\/2025\\\/11\\\/IMG_4561-scaled.jpg\",\"width\":2560,\"height\":1440,\"caption\":\"Cr\u00e9dito: AI Colinas\"},{\"@type\":\"BreadcrumbList\",\"@id\":\"https:\\\/\\\/folhapopular.info\\\/index.php\\\/2025\\\/11\\\/01\\\/festival-da-primavera-segue-movimentando-colinas-neste-fim-de-semana\\\/#breadcrumb\",\"itemListElement\":[{\"@type\":\"ListItem\",\"position\":1,\"name\":\"In\u00edcio\",\"item\":\"https:\\\/\\\/folhapopular.info\\\/\"},{\"@type\":\"ListItem\",\"position\":2,\"name\":\"Festival da Primavera segue movimentando Colinas neste fim de semana\"}]},{\"@type\":\"WebSite\",\"@id\":\"https:\\\/\\\/folhapopular.info\\\/#website\",\"url\":\"https:\\\/\\\/folhapopular.info\\\/\",\"name\":\"Folha Popular\",\"description\":\"Onde voc\u00ea tem vez e voz\",\"potentialAction\":[{\"@type\":\"SearchAction\",\"target\":{\"@type\":\"EntryPoint\",\"urlTemplate\":\"https:\\\/\\\/folhapopular.info\\\/?s={search_term_string}\"},\"query-input\":{\"@type\":\"PropertyValueSpecification\",\"valueRequired\":true,\"valueName\":\"search_term_string\"}}],\"inLanguage\":\"pt-BR\"},{\"@type\":\"Person\",\"@id\":\"https:\\\/\\\/folhapopular.info\\\/#\\\/schema\\\/person\\\/52b95b9c1c41ec0e826e7518183d0cc0\",\"name\":\"Let\u00edcia Echer\",\"image\":{\"@type\":\"ImageObject\",\"inLanguage\":\"pt-BR\",\"@id\":\"https:\\\/\\\/secure.gravatar.com\\\/avatar\\\/303201b45d8f4e048c95808925ff8953fa7ebc0e52cb5b3af1fc9e3d52c95645?s=96&d=mm&r=g\",\"url\":\"https:\\\/\\\/secure.gravatar.com\\\/avatar\\\/303201b45d8f4e048c95808925ff8953fa7ebc0e52cb5b3af1fc9e3d52c95645?s=96&d=mm&r=g\",\"contentUrl\":\"https:\\\/\\\/secure.gravatar.com\\\/avatar\\\/303201b45d8f4e048c95808925ff8953fa7ebc0e52cb5b3af1fc9e3d52c95645?s=96&d=mm&r=g\",\"caption\":\"Let\u00edcia Echer\"},\"url\":\"https:\\\/\\\/folhapopular.info\\\/index.php\\\/author\\\/leticiaecher04gmail-com\\\/\"}]}<\/script>\n<!-- \/ Yoast SEO plugin. -->","yoast_head_json":{"title":"Festival da Primavera segue movimentando Colinas neste fim de semana - Folha Popular","robots":{"index":"index","follow":"follow","max-snippet":"max-snippet:-1","max-image-preview":"max-image-preview:large","max-video-preview":"max-video-preview:-1"},"canonical":"https:\/\/folhapopular.info\/index.php\/2025\/11\/01\/festival-da-primavera-segue-movimentando-colinas-neste-fim-de-semana\/","og_locale":"pt_BR","og_type":"article","og_title":"Festival da Primavera segue movimentando Colinas neste fim de semana - Folha Popular","og_description":"De quinta-feira (30\/10) a domingo (2\/11), Colinas realiza a 6\u00aa edi\u00e7\u00e3o do Festival da Primavera, promovido pela Prefeitura Municipal por meio da Secretaria de Educa\u00e7\u00e3o, Turismo, Cultura e Desporto. Com entrada gratuita, o evento busca celebrar a chegada da esta\u00e7\u00e3o mais colorida do ano, reunindo moradores e visitantes em uma programa\u00e7\u00e3o voltada \u00e0 arte, m\u00fasica, [&hellip;]","og_url":"https:\/\/folhapopular.info\/index.php\/2025\/11\/01\/festival-da-primavera-segue-movimentando-colinas-neste-fim-de-semana\/","og_site_name":"Folha Popular","article_published_time":"2025-11-01T15:41:41+00:00","article_modified_time":"2025-11-01T15:41:54+00:00","og_image":[{"width":2560,"height":1440,"url":"http:\/\/folhapopular.info\/wp-content\/uploads\/2025\/11\/IMG_4561-scaled.jpg","type":"image\/jpeg"}],"author":"Let\u00edcia Echer","twitter_card":"summary_large_image","twitter_misc":{"Escrito por":"Let\u00edcia Echer","Est. tempo de leitura":"2 minutos"},"schema":{"@context":"https:\/\/schema.org","@graph":[{"@type":"Article","@id":"https:\/\/folhapopular.info\/index.php\/2025\/11\/01\/festival-da-primavera-segue-movimentando-colinas-neste-fim-de-semana\/#article","isPartOf":{"@id":"https:\/\/folhapopular.info\/index.php\/2025\/11\/01\/festival-da-primavera-segue-movimentando-colinas-neste-fim-de-semana\/"},"author":{"name":"Let\u00edcia Echer","@id":"https:\/\/folhapopular.info\/#\/schema\/person\/52b95b9c1c41ec0e826e7518183d0cc0"},"headline":"Festival da Primavera segue movimentando Colinas neste fim de semana","datePublished":"2025-11-01T15:41:41+00:00","dateModified":"2025-11-01T15:41:54+00:00","mainEntityOfPage":{"@id":"https:\/\/folhapopular.info\/index.php\/2025\/11\/01\/festival-da-primavera-segue-movimentando-colinas-neste-fim-de-semana\/"},"wordCount":316,"commentCount":0,"image":{"@id":"https:\/\/folhapopular.info\/index.php\/2025\/11\/01\/festival-da-primavera-segue-movimentando-colinas-neste-fim-de-semana\/#primaryimage"},"thumbnailUrl":"https:\/\/folhapopular.info\/wp-content\/uploads\/2025\/11\/IMG_4561-scaled.jpg","keywords":["Colinas","Festival","Festival da Primavera","primavera"],"articleSection":["Destaques","Inclusive"],"inLanguage":"pt-BR","potentialAction":[{"@type":"CommentAction","name":"Comment","target":["https:\/\/folhapopular.info\/index.php\/2025\/11\/01\/festival-da-primavera-segue-movimentando-colinas-neste-fim-de-semana\/#respond"]}]},{"@type":"WebPage","@id":"https:\/\/folhapopular.info\/index.php\/2025\/11\/01\/festival-da-primavera-segue-movimentando-colinas-neste-fim-de-semana\/","url":"https:\/\/folhapopular.info\/index.php\/2025\/11\/01\/festival-da-primavera-segue-movimentando-colinas-neste-fim-de-semana\/","name":"Festival da Primavera segue movimentando Colinas neste fim de semana - Folha Popular","isPartOf":{"@id":"https:\/\/folhapopular.info\/#website"},"primaryImageOfPage":{"@id":"https:\/\/folhapopular.info\/index.php\/2025\/11\/01\/festival-da-primavera-segue-movimentando-colinas-neste-fim-de-semana\/#primaryimage"},"image":{"@id":"https:\/\/folhapopular.info\/index.php\/2025\/11\/01\/festival-da-primavera-segue-movimentando-colinas-neste-fim-de-semana\/#primaryimage"},"thumbnailUrl":"https:\/\/folhapopular.info\/wp-content\/uploads\/2025\/11\/IMG_4561-scaled.jpg","datePublished":"2025-11-01T15:41:41+00:00","dateModified":"2025-11-01T15:41:54+00:00","author":{"@id":"https:\/\/folhapopular.info\/#\/schema\/person\/52b95b9c1c41ec0e826e7518183d0cc0"},"breadcrumb":{"@id":"https:\/\/folhapopular.info\/index.php\/2025\/11\/01\/festival-da-primavera-segue-movimentando-colinas-neste-fim-de-semana\/#breadcrumb"},"inLanguage":"pt-BR","potentialAction":[{"@type":"ReadAction","target":["https:\/\/folhapopular.info\/index.php\/2025\/11\/01\/festival-da-primavera-segue-movimentando-colinas-neste-fim-de-semana\/"]}]},{"@type":"ImageObject","inLanguage":"pt-BR","@id":"https:\/\/folhapopular.info\/index.php\/2025\/11\/01\/festival-da-primavera-segue-movimentando-colinas-neste-fim-de-semana\/#primaryimage","url":"https:\/\/folhapopular.info\/wp-content\/uploads\/2025\/11\/IMG_4561-scaled.jpg","contentUrl":"https:\/\/folhapopular.info\/wp-content\/uploads\/2025\/11\/IMG_4561-scaled.jpg","width":2560,"height":1440,"caption":"Cr\u00e9dito: AI Colinas"},{"@type":"BreadcrumbList","@id":"https:\/\/folhapopular.info\/index.php\/2025\/11\/01\/festival-da-primavera-segue-movimentando-colinas-neste-fim-de-semana\/#breadcrumb","itemListElement":[{"@type":"ListItem","position":1,"name":"In\u00edcio","item":"https:\/\/folhapopular.info\/"},{"@type":"ListItem","position":2,"name":"Festival da Primavera segue movimentando Colinas neste fim de semana"}]},{"@type":"WebSite","@id":"https:\/\/folhapopular.info\/#website","url":"https:\/\/folhapopular.info\/","name":"Folha Popular","description":"Onde voc\u00ea tem vez e voz","potentialAction":[{"@type":"SearchAction","target":{"@type":"EntryPoint","urlTemplate":"https:\/\/folhapopular.info\/?s={search_term_string}"},"query-input":{"@type":"PropertyValueSpecification","valueRequired":true,"valueName":"search_term_string"}}],"inLanguage":"pt-BR"},{"@type":"Person","@id":"https:\/\/folhapopular.info\/#\/schema\/person\/52b95b9c1c41ec0e826e7518183d0cc0","name":"Let\u00edcia Echer","image":{"@type":"ImageObject","inLanguage":"pt-BR","@id":"https:\/\/secure.gravatar.com\/avatar\/303201b45d8f4e048c95808925ff8953fa7ebc0e52cb5b3af1fc9e3d52c95645?s=96&d=mm&r=g","url":"https:\/\/secure.gravatar.com\/avatar\/303201b45d8f4e048c95808925ff8953fa7ebc0e52cb5b3af1fc9e3d52c95645?s=96&d=mm&r=g","contentUrl":"https:\/\/secure.gravatar.com\/avatar\/303201b45d8f4e048c95808925ff8953fa7ebc0e52cb5b3af1fc9e3d52c95645?s=96&d=mm&r=g","caption":"Let\u00edcia Echer"},"url":"https:\/\/folhapopular.info\/index.php\/author\/leticiaecher04gmail-com\/"}]}},"jetpack_featured_media_url":"https:\/\/folhapopular.info\/wp-content\/uploads\/2025\/11\/IMG_4561-scaled.jpg","jetpack_sharing_enabled":true,"amp_enabled":true,"_links":{"self":[{"href":"https:\/\/folhapopular.info\/index.php\/wp-json\/wp\/v2\/posts\/197395","targetHints":{"allow":["GET"]}}],"collection":[{"href":"https:\/\/folhapopular.info\/index.php\/wp-json\/wp\/v2\/posts"}],"about":[{"href":"https:\/\/folhapopular.info\/index.php\/wp-json\/wp\/v2\/types\/post"}],"author":[{"embeddable":true,"href":"https:\/\/folhapopular.info\/index.php\/wp-json\/wp\/v2\/users\/673"}],"replies":[{"embeddable":true,"href":"https:\/\/folhapopular.info\/index.php\/wp-json\/wp\/v2\/comments?post=197395"}],"version-history":[{"count":0,"href":"https:\/\/folhapopular.info\/index.php\/wp-json\/wp\/v2\/posts\/197395\/revisions"}],"wp:featuredmedia":[{"embeddable":true,"href":"https:\/\/folhapopular.info\/index.php\/wp-json\/wp\/v2\/media\/197397"}],"wp:attachment":[{"href":"https:\/\/folhapopular.info\/index.php\/wp-json\/wp\/v2\/media?parent=197395"}],"wp:term":[{"taxonomy":"category","embeddable":true,"href":"https:\/\/folhapopular.info\/index.php\/wp-json\/wp\/v2\/categories?post=197395"},{"taxonomy":"post_tag","embeddable":true,"href":"https:\/\/folhapopular.info\/index.php\/wp-json\/wp\/v2\/tags?post=197395"}],"curies":[{"name":"wp","href":"https:\/\/api.w.org\/{rel}","templated":true}]}}