{"id":197763,"date":"2025-11-06T08:27:12","date_gmt":"2025-11-06T11:27:12","guid":{"rendered":"https:\/\/folhapopular.info\/?p=197763"},"modified":"2025-11-06T08:27:37","modified_gmt":"2025-11-06T11:27:37","slug":"grande-publico-prestigia-espetaculo-uma-viagem-pelo-mundo-disney-no-colegio-teutonia","status":"publish","type":"post","link":"https:\/\/folhapopular.info\/index.php\/2025\/11\/06\/grande-publico-prestigia-espetaculo-uma-viagem-pelo-mundo-disney-no-colegio-teutonia\/","title":{"rendered":"Grande p\u00fablico prestigia espet\u00e1culo \u201cUma Viagem pelo Mundo Disney\u201d no Col\u00e9gio Teut\u00f4nia"},"content":{"rendered":"\n<p>O espet\u00e1culo \u201cUma Viagem pelo Mundo Disney\u201d lotou o audit\u00f3rio central do Col\u00e9gio Teut\u00f4nia na noite de ter\u00e7a-feira (4\/11). O Conjunto Instrumental do Col\u00e9gio Teut\u00f4nia apresentou cl\u00e1ssicos da Disney, com participa\u00e7\u00f5es especiais dos cantores Laura Dalm\u00e1s e Juliano Barreto, ambos conhecidos por suas atua\u00e7\u00f5es no programa The Voice Brasil.<\/p>\n\n\n\n<p>Na recep\u00e7\u00e3o, personagens como Mickey, Minnie e Stitch ajudaram a compor o clima m\u00e1gico do evento.<\/p>\n\n\n\n<p>O p\u00fablico contou ainda com a presen\u00e7a de visitantes da cidade alem\u00e3 de Boppard, local que o Conjunto Instrumental j\u00e1 visitou em quatro turn\u00eas internacionais, e que voltar\u00e1 a integrar o roteiro da Turn\u00ea Europa 2026.<\/p>\n\n\n\n<p>A diretora do Col\u00e9gio Teut\u00f4nia, Fabiane Dentee Wommer, falou sobre o simbolismo da Disney. \u201cA Disney sempre teve o poder de nos transportar a um lugar onde a imagina\u00e7\u00e3o ganha vida e os sonhos se tornam poss\u00edveis. Cada nota \u00e9 mais do que som, \u00e9 sentimento, lembran\u00e7a, uma ponte que nos leva de volta \u00e0 inf\u00e2ncia. Que bonito perceber que essa magia nunca nos deixou\u201d, afirma.<\/p>\n\n\n\n<p>O espet\u00e1culo foi uma realiza\u00e7\u00e3o do Col\u00e9gio Teut\u00f4nia e da Associa\u00e7\u00e3o Cultural, Esportiva e Recreativa Teutoniense (Acerte).<\/p>\n","protected":false},"excerpt":{"rendered":"<p>O espet\u00e1culo \u201cUma Viagem pelo Mundo Disney\u201d lotou o audit\u00f3rio central do Col\u00e9gio Teut\u00f4nia na noite de ter\u00e7a-feira (4\/11). O Conjunto Instrumental do Col\u00e9gio Teut\u00f4nia apresentou cl\u00e1ssicos da Disney, com participa\u00e7\u00f5es especiais dos cantores Laura Dalm\u00e1s e Juliano Barreto, ambos conhecidos por suas atua\u00e7\u00f5es no programa The Voice Brasil. Na recep\u00e7\u00e3o, personagens como Mickey, Minnie [&hellip;]<\/p>\n","protected":false},"author":8,"featured_media":197766,"comment_status":"open","ping_status":"open","sticky":false,"template":"","format":"standard","meta":{"pmpro_default_level":"","_jetpack_memberships_contains_paid_content":false,"footnotes":""},"categories":[2,6],"tags":[131,8824,19849],"class_list":{"0":"post-197763","1":"post","2":"type-post","3":"status-publish","4":"format-standard","5":"has-post-thumbnail","7":"category-featured","8":"category-inclusive","9":"tag-colegio-teutonia","10":"tag-conjunto-instrumental","11":"tag-uma-viagem-pelo-mundo-disney","12":"pmpro-has-access"},"yoast_head":"<!-- This site is optimized with the Yoast SEO plugin v27.4 - https:\/\/yoast.com\/product\/yoast-seo-wordpress\/ -->\n<title>Grande p\u00fablico prestigia espet\u00e1culo \u201cUma Viagem pelo Mundo Disney\u201d no Col\u00e9gio Teut\u00f4nia - Folha Popular<\/title>\n<meta name=\"robots\" content=\"index, follow, max-snippet:-1, max-image-preview:large, max-video-preview:-1\" \/>\n<link rel=\"canonical\" href=\"https:\/\/folhapopular.info\/index.php\/2025\/11\/06\/grande-publico-prestigia-espetaculo-uma-viagem-pelo-mundo-disney-no-colegio-teutonia\/\" \/>\n<meta property=\"og:locale\" content=\"pt_BR\" \/>\n<meta property=\"og:type\" content=\"article\" \/>\n<meta property=\"og:title\" content=\"Grande p\u00fablico prestigia espet\u00e1culo \u201cUma Viagem pelo Mundo Disney\u201d no Col\u00e9gio Teut\u00f4nia - Folha Popular\" \/>\n<meta property=\"og:description\" content=\"O espet\u00e1culo \u201cUma Viagem pelo Mundo Disney\u201d lotou o audit\u00f3rio central do Col\u00e9gio Teut\u00f4nia na noite de ter\u00e7a-feira (4\/11). O Conjunto Instrumental do Col\u00e9gio Teut\u00f4nia apresentou cl\u00e1ssicos da Disney, com participa\u00e7\u00f5es especiais dos cantores Laura Dalm\u00e1s e Juliano Barreto, ambos conhecidos por suas atua\u00e7\u00f5es no programa The Voice Brasil. Na recep\u00e7\u00e3o, personagens como Mickey, Minnie [&hellip;]\" \/>\n<meta property=\"og:url\" content=\"https:\/\/folhapopular.info\/index.php\/2025\/11\/06\/grande-publico-prestigia-espetaculo-uma-viagem-pelo-mundo-disney-no-colegio-teutonia\/\" \/>\n<meta property=\"og:site_name\" content=\"Folha Popular\" \/>\n<meta property=\"article:published_time\" content=\"2025-11-06T11:27:12+00:00\" \/>\n<meta property=\"article:modified_time\" content=\"2025-11-06T11:27:37+00:00\" \/>\n<meta property=\"og:image\" content=\"http:\/\/folhapopular.info\/wp-content\/uploads\/2025\/11\/IMG_7022-JORNAL-scaled.jpg\" \/>\n\t<meta property=\"og:image:width\" content=\"2560\" \/>\n\t<meta property=\"og:image:height\" content=\"1920\" \/>\n\t<meta property=\"og:image:type\" content=\"image\/jpeg\" \/>\n<meta name=\"author\" content=\"Reda\u00e7\u00e3o Folha Popular\" \/>\n<meta name=\"twitter:card\" content=\"summary_large_image\" \/>\n<meta name=\"twitter:label1\" content=\"Escrito por\" \/>\n\t<meta name=\"twitter:data1\" content=\"Reda\u00e7\u00e3o Folha Popular\" \/>\n\t<meta name=\"twitter:label2\" content=\"Est. tempo de leitura\" \/>\n\t<meta name=\"twitter:data2\" content=\"2 minutos\" \/>\n<script type=\"application\/ld+json\" class=\"yoast-schema-graph\">{\"@context\":\"https:\\\/\\\/schema.org\",\"@graph\":[{\"@type\":\"Article\",\"@id\":\"https:\\\/\\\/folhapopular.info\\\/index.php\\\/2025\\\/11\\\/06\\\/grande-publico-prestigia-espetaculo-uma-viagem-pelo-mundo-disney-no-colegio-teutonia\\\/#article\",\"isPartOf\":{\"@id\":\"https:\\\/\\\/folhapopular.info\\\/index.php\\\/2025\\\/11\\\/06\\\/grande-publico-prestigia-espetaculo-uma-viagem-pelo-mundo-disney-no-colegio-teutonia\\\/\"},\"author\":{\"name\":\"Reda\u00e7\u00e3o Folha Popular\",\"@id\":\"https:\\\/\\\/folhapopular.info\\\/#\\\/schema\\\/person\\\/2814e8a0df7643585a9ca38bc6eb9d4b\"},\"headline\":\"Grande p\u00fablico prestigia espet\u00e1culo \u201cUma Viagem pelo Mundo Disney\u201d no Col\u00e9gio Teut\u00f4nia\",\"datePublished\":\"2025-11-06T11:27:12+00:00\",\"dateModified\":\"2025-11-06T11:27:37+00:00\",\"mainEntityOfPage\":{\"@id\":\"https:\\\/\\\/folhapopular.info\\\/index.php\\\/2025\\\/11\\\/06\\\/grande-publico-prestigia-espetaculo-uma-viagem-pelo-mundo-disney-no-colegio-teutonia\\\/\"},\"wordCount\":222,\"commentCount\":0,\"image\":{\"@id\":\"https:\\\/\\\/folhapopular.info\\\/index.php\\\/2025\\\/11\\\/06\\\/grande-publico-prestigia-espetaculo-uma-viagem-pelo-mundo-disney-no-colegio-teutonia\\\/#primaryimage\"},\"thumbnailUrl\":\"https:\\\/\\\/folhapopular.info\\\/wp-content\\\/uploads\\\/2025\\\/11\\\/IMG_7022-JORNAL-scaled.jpg\",\"keywords\":[\"Col\u00e9gio Teut\u00f4nia\",\"Conjunto Instrumental\",\"Uma Viagem pelo Mundo Disney\"],\"articleSection\":[\"Destaques\",\"Inclusive\"],\"inLanguage\":\"pt-BR\",\"potentialAction\":[{\"@type\":\"CommentAction\",\"name\":\"Comment\",\"target\":[\"https:\\\/\\\/folhapopular.info\\\/index.php\\\/2025\\\/11\\\/06\\\/grande-publico-prestigia-espetaculo-uma-viagem-pelo-mundo-disney-no-colegio-teutonia\\\/#respond\"]}]},{\"@type\":\"WebPage\",\"@id\":\"https:\\\/\\\/folhapopular.info\\\/index.php\\\/2025\\\/11\\\/06\\\/grande-publico-prestigia-espetaculo-uma-viagem-pelo-mundo-disney-no-colegio-teutonia\\\/\",\"url\":\"https:\\\/\\\/folhapopular.info\\\/index.php\\\/2025\\\/11\\\/06\\\/grande-publico-prestigia-espetaculo-uma-viagem-pelo-mundo-disney-no-colegio-teutonia\\\/\",\"name\":\"Grande p\u00fablico prestigia espet\u00e1culo \u201cUma Viagem pelo Mundo Disney\u201d no Col\u00e9gio Teut\u00f4nia - Folha Popular\",\"isPartOf\":{\"@id\":\"https:\\\/\\\/folhapopular.info\\\/#website\"},\"primaryImageOfPage\":{\"@id\":\"https:\\\/\\\/folhapopular.info\\\/index.php\\\/2025\\\/11\\\/06\\\/grande-publico-prestigia-espetaculo-uma-viagem-pelo-mundo-disney-no-colegio-teutonia\\\/#primaryimage\"},\"image\":{\"@id\":\"https:\\\/\\\/folhapopular.info\\\/index.php\\\/2025\\\/11\\\/06\\\/grande-publico-prestigia-espetaculo-uma-viagem-pelo-mundo-disney-no-colegio-teutonia\\\/#primaryimage\"},\"thumbnailUrl\":\"https:\\\/\\\/folhapopular.info\\\/wp-content\\\/uploads\\\/2025\\\/11\\\/IMG_7022-JORNAL-scaled.jpg\",\"datePublished\":\"2025-11-06T11:27:12+00:00\",\"dateModified\":\"2025-11-06T11:27:37+00:00\",\"author\":{\"@id\":\"https:\\\/\\\/folhapopular.info\\\/#\\\/schema\\\/person\\\/2814e8a0df7643585a9ca38bc6eb9d4b\"},\"breadcrumb\":{\"@id\":\"https:\\\/\\\/folhapopular.info\\\/index.php\\\/2025\\\/11\\\/06\\\/grande-publico-prestigia-espetaculo-uma-viagem-pelo-mundo-disney-no-colegio-teutonia\\\/#breadcrumb\"},\"inLanguage\":\"pt-BR\",\"potentialAction\":[{\"@type\":\"ReadAction\",\"target\":[\"https:\\\/\\\/folhapopular.info\\\/index.php\\\/2025\\\/11\\\/06\\\/grande-publico-prestigia-espetaculo-uma-viagem-pelo-mundo-disney-no-colegio-teutonia\\\/\"]}]},{\"@type\":\"ImageObject\",\"inLanguage\":\"pt-BR\",\"@id\":\"https:\\\/\\\/folhapopular.info\\\/index.php\\\/2025\\\/11\\\/06\\\/grande-publico-prestigia-espetaculo-uma-viagem-pelo-mundo-disney-no-colegio-teutonia\\\/#primaryimage\",\"url\":\"https:\\\/\\\/folhapopular.info\\\/wp-content\\\/uploads\\\/2025\\\/11\\\/IMG_7022-JORNAL-scaled.jpg\",\"contentUrl\":\"https:\\\/\\\/folhapopular.info\\\/wp-content\\\/uploads\\\/2025\\\/11\\\/IMG_7022-JORNAL-scaled.jpg\",\"width\":2560,\"height\":1920,\"caption\":\"Cr\u00e9dito: Leandro Augusto Hamester\"},{\"@type\":\"BreadcrumbList\",\"@id\":\"https:\\\/\\\/folhapopular.info\\\/index.php\\\/2025\\\/11\\\/06\\\/grande-publico-prestigia-espetaculo-uma-viagem-pelo-mundo-disney-no-colegio-teutonia\\\/#breadcrumb\",\"itemListElement\":[{\"@type\":\"ListItem\",\"position\":1,\"name\":\"In\u00edcio\",\"item\":\"https:\\\/\\\/folhapopular.info\\\/\"},{\"@type\":\"ListItem\",\"position\":2,\"name\":\"Grande p\u00fablico prestigia espet\u00e1culo \u201cUma Viagem pelo Mundo Disney\u201d no Col\u00e9gio Teut\u00f4nia\"}]},{\"@type\":\"WebSite\",\"@id\":\"https:\\\/\\\/folhapopular.info\\\/#website\",\"url\":\"https:\\\/\\\/folhapopular.info\\\/\",\"name\":\"Folha Popular\",\"description\":\"Onde voc\u00ea tem vez e voz\",\"potentialAction\":[{\"@type\":\"SearchAction\",\"target\":{\"@type\":\"EntryPoint\",\"urlTemplate\":\"https:\\\/\\\/folhapopular.info\\\/?s={search_term_string}\"},\"query-input\":{\"@type\":\"PropertyValueSpecification\",\"valueRequired\":true,\"valueName\":\"search_term_string\"}}],\"inLanguage\":\"pt-BR\"},{\"@type\":\"Person\",\"@id\":\"https:\\\/\\\/folhapopular.info\\\/#\\\/schema\\\/person\\\/2814e8a0df7643585a9ca38bc6eb9d4b\",\"name\":\"Reda\u00e7\u00e3o Folha Popular\",\"image\":{\"@type\":\"ImageObject\",\"inLanguage\":\"pt-BR\",\"@id\":\"https:\\\/\\\/folhapopular.info\\\/wp-content\\\/uploads\\\/2026\\\/04\\\/Folha-1.webp\",\"url\":\"https:\\\/\\\/folhapopular.info\\\/wp-content\\\/uploads\\\/2026\\\/04\\\/Folha-1.webp\",\"contentUrl\":\"https:\\\/\\\/folhapopular.info\\\/wp-content\\\/uploads\\\/2026\\\/04\\\/Folha-1.webp\",\"caption\":\"Reda\u00e7\u00e3o Folha Popular\"},\"url\":\"https:\\\/\\\/folhapopular.info\\\/index.php\\\/author\\\/redacao\\\/\"}]}<\/script>\n<!-- \/ Yoast SEO plugin. -->","yoast_head_json":{"title":"Grande p\u00fablico prestigia espet\u00e1culo \u201cUma Viagem pelo Mundo Disney\u201d no Col\u00e9gio Teut\u00f4nia - Folha Popular","robots":{"index":"index","follow":"follow","max-snippet":"max-snippet:-1","max-image-preview":"max-image-preview:large","max-video-preview":"max-video-preview:-1"},"canonical":"https:\/\/folhapopular.info\/index.php\/2025\/11\/06\/grande-publico-prestigia-espetaculo-uma-viagem-pelo-mundo-disney-no-colegio-teutonia\/","og_locale":"pt_BR","og_type":"article","og_title":"Grande p\u00fablico prestigia espet\u00e1culo \u201cUma Viagem pelo Mundo Disney\u201d no Col\u00e9gio Teut\u00f4nia - Folha Popular","og_description":"O espet\u00e1culo \u201cUma Viagem pelo Mundo Disney\u201d lotou o audit\u00f3rio central do Col\u00e9gio Teut\u00f4nia na noite de ter\u00e7a-feira (4\/11). O Conjunto Instrumental do Col\u00e9gio Teut\u00f4nia apresentou cl\u00e1ssicos da Disney, com participa\u00e7\u00f5es especiais dos cantores Laura Dalm\u00e1s e Juliano Barreto, ambos conhecidos por suas atua\u00e7\u00f5es no programa The Voice Brasil. Na recep\u00e7\u00e3o, personagens como Mickey, Minnie [&hellip;]","og_url":"https:\/\/folhapopular.info\/index.php\/2025\/11\/06\/grande-publico-prestigia-espetaculo-uma-viagem-pelo-mundo-disney-no-colegio-teutonia\/","og_site_name":"Folha Popular","article_published_time":"2025-11-06T11:27:12+00:00","article_modified_time":"2025-11-06T11:27:37+00:00","og_image":[{"width":2560,"height":1920,"url":"http:\/\/folhapopular.info\/wp-content\/uploads\/2025\/11\/IMG_7022-JORNAL-scaled.jpg","type":"image\/jpeg"}],"author":"Reda\u00e7\u00e3o Folha Popular","twitter_card":"summary_large_image","twitter_misc":{"Escrito por":"Reda\u00e7\u00e3o Folha Popular","Est. tempo de leitura":"2 minutos"},"schema":{"@context":"https:\/\/schema.org","@graph":[{"@type":"Article","@id":"https:\/\/folhapopular.info\/index.php\/2025\/11\/06\/grande-publico-prestigia-espetaculo-uma-viagem-pelo-mundo-disney-no-colegio-teutonia\/#article","isPartOf":{"@id":"https:\/\/folhapopular.info\/index.php\/2025\/11\/06\/grande-publico-prestigia-espetaculo-uma-viagem-pelo-mundo-disney-no-colegio-teutonia\/"},"author":{"name":"Reda\u00e7\u00e3o Folha Popular","@id":"https:\/\/folhapopular.info\/#\/schema\/person\/2814e8a0df7643585a9ca38bc6eb9d4b"},"headline":"Grande p\u00fablico prestigia espet\u00e1culo \u201cUma Viagem pelo Mundo Disney\u201d no Col\u00e9gio Teut\u00f4nia","datePublished":"2025-11-06T11:27:12+00:00","dateModified":"2025-11-06T11:27:37+00:00","mainEntityOfPage":{"@id":"https:\/\/folhapopular.info\/index.php\/2025\/11\/06\/grande-publico-prestigia-espetaculo-uma-viagem-pelo-mundo-disney-no-colegio-teutonia\/"},"wordCount":222,"commentCount":0,"image":{"@id":"https:\/\/folhapopular.info\/index.php\/2025\/11\/06\/grande-publico-prestigia-espetaculo-uma-viagem-pelo-mundo-disney-no-colegio-teutonia\/#primaryimage"},"thumbnailUrl":"https:\/\/folhapopular.info\/wp-content\/uploads\/2025\/11\/IMG_7022-JORNAL-scaled.jpg","keywords":["Col\u00e9gio Teut\u00f4nia","Conjunto Instrumental","Uma Viagem pelo Mundo Disney"],"articleSection":["Destaques","Inclusive"],"inLanguage":"pt-BR","potentialAction":[{"@type":"CommentAction","name":"Comment","target":["https:\/\/folhapopular.info\/index.php\/2025\/11\/06\/grande-publico-prestigia-espetaculo-uma-viagem-pelo-mundo-disney-no-colegio-teutonia\/#respond"]}]},{"@type":"WebPage","@id":"https:\/\/folhapopular.info\/index.php\/2025\/11\/06\/grande-publico-prestigia-espetaculo-uma-viagem-pelo-mundo-disney-no-colegio-teutonia\/","url":"https:\/\/folhapopular.info\/index.php\/2025\/11\/06\/grande-publico-prestigia-espetaculo-uma-viagem-pelo-mundo-disney-no-colegio-teutonia\/","name":"Grande p\u00fablico prestigia espet\u00e1culo \u201cUma Viagem pelo Mundo Disney\u201d no Col\u00e9gio Teut\u00f4nia - Folha Popular","isPartOf":{"@id":"https:\/\/folhapopular.info\/#website"},"primaryImageOfPage":{"@id":"https:\/\/folhapopular.info\/index.php\/2025\/11\/06\/grande-publico-prestigia-espetaculo-uma-viagem-pelo-mundo-disney-no-colegio-teutonia\/#primaryimage"},"image":{"@id":"https:\/\/folhapopular.info\/index.php\/2025\/11\/06\/grande-publico-prestigia-espetaculo-uma-viagem-pelo-mundo-disney-no-colegio-teutonia\/#primaryimage"},"thumbnailUrl":"https:\/\/folhapopular.info\/wp-content\/uploads\/2025\/11\/IMG_7022-JORNAL-scaled.jpg","datePublished":"2025-11-06T11:27:12+00:00","dateModified":"2025-11-06T11:27:37+00:00","author":{"@id":"https:\/\/folhapopular.info\/#\/schema\/person\/2814e8a0df7643585a9ca38bc6eb9d4b"},"breadcrumb":{"@id":"https:\/\/folhapopular.info\/index.php\/2025\/11\/06\/grande-publico-prestigia-espetaculo-uma-viagem-pelo-mundo-disney-no-colegio-teutonia\/#breadcrumb"},"inLanguage":"pt-BR","potentialAction":[{"@type":"ReadAction","target":["https:\/\/folhapopular.info\/index.php\/2025\/11\/06\/grande-publico-prestigia-espetaculo-uma-viagem-pelo-mundo-disney-no-colegio-teutonia\/"]}]},{"@type":"ImageObject","inLanguage":"pt-BR","@id":"https:\/\/folhapopular.info\/index.php\/2025\/11\/06\/grande-publico-prestigia-espetaculo-uma-viagem-pelo-mundo-disney-no-colegio-teutonia\/#primaryimage","url":"https:\/\/folhapopular.info\/wp-content\/uploads\/2025\/11\/IMG_7022-JORNAL-scaled.jpg","contentUrl":"https:\/\/folhapopular.info\/wp-content\/uploads\/2025\/11\/IMG_7022-JORNAL-scaled.jpg","width":2560,"height":1920,"caption":"Cr\u00e9dito: Leandro Augusto Hamester"},{"@type":"BreadcrumbList","@id":"https:\/\/folhapopular.info\/index.php\/2025\/11\/06\/grande-publico-prestigia-espetaculo-uma-viagem-pelo-mundo-disney-no-colegio-teutonia\/#breadcrumb","itemListElement":[{"@type":"ListItem","position":1,"name":"In\u00edcio","item":"https:\/\/folhapopular.info\/"},{"@type":"ListItem","position":2,"name":"Grande p\u00fablico prestigia espet\u00e1culo \u201cUma Viagem pelo Mundo Disney\u201d no Col\u00e9gio Teut\u00f4nia"}]},{"@type":"WebSite","@id":"https:\/\/folhapopular.info\/#website","url":"https:\/\/folhapopular.info\/","name":"Folha Popular","description":"Onde voc\u00ea tem vez e voz","potentialAction":[{"@type":"SearchAction","target":{"@type":"EntryPoint","urlTemplate":"https:\/\/folhapopular.info\/?s={search_term_string}"},"query-input":{"@type":"PropertyValueSpecification","valueRequired":true,"valueName":"search_term_string"}}],"inLanguage":"pt-BR"},{"@type":"Person","@id":"https:\/\/folhapopular.info\/#\/schema\/person\/2814e8a0df7643585a9ca38bc6eb9d4b","name":"Reda\u00e7\u00e3o Folha Popular","image":{"@type":"ImageObject","inLanguage":"pt-BR","@id":"https:\/\/folhapopular.info\/wp-content\/uploads\/2026\/04\/Folha-1.webp","url":"https:\/\/folhapopular.info\/wp-content\/uploads\/2026\/04\/Folha-1.webp","contentUrl":"https:\/\/folhapopular.info\/wp-content\/uploads\/2026\/04\/Folha-1.webp","caption":"Reda\u00e7\u00e3o Folha Popular"},"url":"https:\/\/folhapopular.info\/index.php\/author\/redacao\/"}]}},"jetpack_featured_media_url":"https:\/\/folhapopular.info\/wp-content\/uploads\/2025\/11\/IMG_7022-JORNAL-scaled.jpg","jetpack_sharing_enabled":true,"amp_enabled":true,"_links":{"self":[{"href":"https:\/\/folhapopular.info\/index.php\/wp-json\/wp\/v2\/posts\/197763","targetHints":{"allow":["GET"]}}],"collection":[{"href":"https:\/\/folhapopular.info\/index.php\/wp-json\/wp\/v2\/posts"}],"about":[{"href":"https:\/\/folhapopular.info\/index.php\/wp-json\/wp\/v2\/types\/post"}],"author":[{"embeddable":true,"href":"https:\/\/folhapopular.info\/index.php\/wp-json\/wp\/v2\/users\/8"}],"replies":[{"embeddable":true,"href":"https:\/\/folhapopular.info\/index.php\/wp-json\/wp\/v2\/comments?post=197763"}],"version-history":[{"count":0,"href":"https:\/\/folhapopular.info\/index.php\/wp-json\/wp\/v2\/posts\/197763\/revisions"}],"wp:featuredmedia":[{"embeddable":true,"href":"https:\/\/folhapopular.info\/index.php\/wp-json\/wp\/v2\/media\/197766"}],"wp:attachment":[{"href":"https:\/\/folhapopular.info\/index.php\/wp-json\/wp\/v2\/media?parent=197763"}],"wp:term":[{"taxonomy":"category","embeddable":true,"href":"https:\/\/folhapopular.info\/index.php\/wp-json\/wp\/v2\/categories?post=197763"},{"taxonomy":"post_tag","embeddable":true,"href":"https:\/\/folhapopular.info\/index.php\/wp-json\/wp\/v2\/tags?post=197763"}],"curies":[{"name":"wp","href":"https:\/\/api.w.org\/{rel}","templated":true}]}}