{"id":197769,"date":"2025-11-06T09:51:05","date_gmt":"2025-11-06T12:51:05","guid":{"rendered":"https:\/\/folhapopular.info\/?p=197769"},"modified":"2025-11-06T10:06:44","modified_gmt":"2025-11-06T13:06:44","slug":"inovar-amplia-portfolio-de-exclusividade-com-novo-empreendimento","status":"publish","type":"post","link":"https:\/\/folhapopular.info\/index.php\/2025\/11\/06\/inovar-amplia-portfolio-de-exclusividade-com-novo-empreendimento\/","title":{"rendered":"Inovar amplia portf\u00f3lio de exclusividade com novo empreendimento"},"content":{"rendered":"\n<p>A Inovar Neg\u00f3cios Imobili\u00e1rios acaba de anunciar a exclusividade de vendas do Residencial Conceito, empreendimento assinado pela Construtora Conceito, que promete marcar mais uma etapa do desenvolvimento urbano de Teut\u00f4nia. Com esse an\u00fancio, a imobili\u00e1ria refor\u00e7a seu protagonismo no mercado local, 70% dos lan\u00e7amentos imobili\u00e1rios dos \u00faltimos anos foram comercializados com exclusividade pela marca.<\/p>\n\n\n\n<p>Para Denner Colossi, propriet\u00e1rio da Inovar, a chegada de novos empreendimentos como o Residencial Conceito demonstra a for\u00e7a e o potencial de crescimento da cidade.<\/p>\n\n\n\n<p>\u201cTeut\u00f4nia est\u00e1 em pleno desenvolvimento. A cada novo lan\u00e7amento, percebemos como o mercado est\u00e1 mais maduro, diversificado e promissor. A Inovar acredita nesse crescimento e trabalha para gerar movimento, conectando investidores, construtoras e clientes em neg\u00f3cios que trazem bons resultados para todos\u201d, destaca.<\/p>\n\n\n\n<p>Com foco no p\u00fablico que busca investimento inteligente, Denner explica que o momento \u00e9 especialmente favor\u00e1vel para quem deseja aplicar em im\u00f3veis na planta.<\/p>\n\n\n\n<p>\u201cNos \u00faltimos anos em Teut\u00f4nia, o percentual de valoriza\u00e7\u00e3o dos im\u00f3veis na planta superou os rendimentos de aplica\u00e7\u00f5es tradicionais de renda fixa, que s\u00e3o, sim, atrativos, mas o investimento imobili\u00e1rio vai al\u00e9m: ele representa uma estrat\u00e9gia de alavancagem, em que o patrim\u00f4nio cresce sobre o valor total do bem e n\u00e3o apenas sobre o capital aplicado\u201d, destaca o gerente comercial Guto M\u00fchl.<\/p>\n\n\n\n<p>Ele exemplifica: \u201cQuando o investidor tem R$ 100 mil aplicados, esse valor cresce de forma linear. Mas, ao usar essa quantia como entrada em um im\u00f3vel de R$ 300 mil, o INCC e a valoriza\u00e7\u00e3o passam a incidir sobre o valor total do bem, n\u00e3o apenas sobre o montante investido \u2014 ampliando consideravelmente o retorno potencial.\u201d<\/p>\n\n\n\n<p>Essa vis\u00e3o refor\u00e7a o posicionamento da Inovar como uma marca que enxerga al\u00e9m da intermedia\u00e7\u00e3o imobili\u00e1ria: atuando com intelig\u00eancia de mercado, relacionamento pr\u00f3ximo e foco em resultados sustent\u00e1veis \u2014 para o cliente, o investidor e a cidade.<\/p>\n\n\n\n<p>Com exclusividade na comercializa\u00e7\u00e3o e um hist\u00f3rico consistente de parcerias s\u00f3lidas, a Inovar se destaca pela capacidade de gerar neg\u00f3cios estrat\u00e9gicos e resultados concretos.<\/p>\n\n\n\n<p>\u201cMais do que vender im\u00f3veis, criamos oportunidades que fortalecem o mercado, valorizam os empreendedores locais e impulsionam o desenvolvimento da cidade. \u00c9 assim que a gente contribui para o crescimento de Teut\u00f4nia, servindo, acreditando e realizando\u201d, finaliza Denner.<\/p>\n\n\n\n<p><strong>RESIDENCIAL CONCEITO<\/strong><\/p>\n\n\n\n<p>Localizado no bairro Languiru, o Residencial Conceito contar\u00e1 com 30 apartamentos, nas tipologias de 1 dormit\u00f3rio (st\u00fadio), 2 dormit\u00f3rios e 2 dormit\u00f3rios com su\u00edte, todos com 1 box de garagem incluso. O projeto combina arquitetura contempor\u00e2nea, \u00f3timo aproveitamento de espa\u00e7os e localiza\u00e7\u00e3o estrat\u00e9gica, pr\u00f3xima a com\u00e9rcios, servi\u00e7os e \u00e1reas residenciais consolidadas, reunindo praticidade, conforto e potencial de valoriza\u00e7\u00e3o.<\/p>\n","protected":false},"excerpt":{"rendered":"<p>A Inovar Neg\u00f3cios Imobili\u00e1rios acaba de anunciar a exclusividade de vendas do Residencial Conceito, empreendimento assinado pela Construtora Conceito, que promete marcar mais uma etapa do desenvolvimento urbano de Teut\u00f4nia. Com esse an\u00fancio, a imobili\u00e1ria refor\u00e7a seu protagonismo no mercado local, 70% dos lan\u00e7amentos imobili\u00e1rios dos \u00faltimos anos foram comercializados com exclusividade pela marca. Para [&hellip;]<\/p>\n","protected":false},"author":8,"featured_media":197770,"comment_status":"open","ping_status":"open","sticky":false,"template":"","format":"standard","meta":{"pmpro_default_level":"","_jetpack_memberships_contains_paid_content":false,"footnotes":""},"categories":[10991,12473],"tags":[],"class_list":{"0":"post-197769","1":"post","2":"type-post","3":"status-publish","4":"format-standard","5":"has-post-thumbnail","7":"category-economia","8":"category-negocios","9":"pmpro-has-access"},"yoast_head":"<!-- This site is optimized with the Yoast SEO plugin v27.5 - https:\/\/yoast.com\/product\/yoast-seo-wordpress\/ -->\n<title>Inovar amplia portf\u00f3lio de exclusividade com novo empreendimento - Folha Popular<\/title>\n<meta name=\"robots\" content=\"index, follow, max-snippet:-1, max-image-preview:large, max-video-preview:-1\" \/>\n<link rel=\"canonical\" href=\"https:\/\/folhapopular.info\/index.php\/2025\/11\/06\/inovar-amplia-portfolio-de-exclusividade-com-novo-empreendimento\/\" \/>\n<meta property=\"og:locale\" content=\"pt_BR\" \/>\n<meta property=\"og:type\" content=\"article\" \/>\n<meta property=\"og:title\" content=\"Inovar amplia portf\u00f3lio de exclusividade com novo empreendimento - Folha Popular\" \/>\n<meta property=\"og:description\" content=\"A Inovar Neg\u00f3cios Imobili\u00e1rios acaba de anunciar a exclusividade de vendas do Residencial Conceito, empreendimento assinado pela Construtora Conceito, que promete marcar mais uma etapa do desenvolvimento urbano de Teut\u00f4nia. Com esse an\u00fancio, a imobili\u00e1ria refor\u00e7a seu protagonismo no mercado local, 70% dos lan\u00e7amentos imobili\u00e1rios dos \u00faltimos anos foram comercializados com exclusividade pela marca. Para [&hellip;]\" \/>\n<meta property=\"og:url\" content=\"https:\/\/folhapopular.info\/index.php\/2025\/11\/06\/inovar-amplia-portfolio-de-exclusividade-com-novo-empreendimento\/\" \/>\n<meta property=\"og:site_name\" content=\"Folha Popular\" \/>\n<meta property=\"article:published_time\" content=\"2025-11-06T12:51:05+00:00\" \/>\n<meta property=\"article:modified_time\" content=\"2025-11-06T13:06:44+00:00\" \/>\n<meta property=\"og:image\" content=\"http:\/\/folhapopular.info\/wp-content\/uploads\/2025\/11\/IMG_4265-2.jpg\" \/>\n\t<meta property=\"og:image:width\" content=\"536\" \/>\n\t<meta property=\"og:image:height\" content=\"714\" \/>\n\t<meta property=\"og:image:type\" content=\"image\/jpeg\" \/>\n<meta name=\"author\" content=\"Reda\u00e7\u00e3o Folha Popular\" \/>\n<meta name=\"twitter:card\" content=\"summary_large_image\" \/>\n<meta name=\"twitter:label1\" content=\"Escrito por\" \/>\n\t<meta name=\"twitter:data1\" content=\"Reda\u00e7\u00e3o Folha Popular\" \/>\n\t<meta name=\"twitter:label2\" content=\"Est. tempo de leitura\" \/>\n\t<meta name=\"twitter:data2\" content=\"3 minutos\" \/>\n<script type=\"application\/ld+json\" class=\"yoast-schema-graph\">{\"@context\":\"https:\\\/\\\/schema.org\",\"@graph\":[{\"@type\":\"Article\",\"@id\":\"https:\\\/\\\/folhapopular.info\\\/index.php\\\/2025\\\/11\\\/06\\\/inovar-amplia-portfolio-de-exclusividade-com-novo-empreendimento\\\/#article\",\"isPartOf\":{\"@id\":\"https:\\\/\\\/folhapopular.info\\\/index.php\\\/2025\\\/11\\\/06\\\/inovar-amplia-portfolio-de-exclusividade-com-novo-empreendimento\\\/\"},\"author\":{\"name\":\"Reda\u00e7\u00e3o Folha Popular\",\"@id\":\"https:\\\/\\\/folhapopular.info\\\/#\\\/schema\\\/person\\\/2814e8a0df7643585a9ca38bc6eb9d4b\"},\"headline\":\"Inovar amplia portf\u00f3lio de exclusividade com novo empreendimento\",\"datePublished\":\"2025-11-06T12:51:05+00:00\",\"dateModified\":\"2025-11-06T13:06:44+00:00\",\"mainEntityOfPage\":{\"@id\":\"https:\\\/\\\/folhapopular.info\\\/index.php\\\/2025\\\/11\\\/06\\\/inovar-amplia-portfolio-de-exclusividade-com-novo-empreendimento\\\/\"},\"wordCount\":478,\"commentCount\":0,\"image\":{\"@id\":\"https:\\\/\\\/folhapopular.info\\\/index.php\\\/2025\\\/11\\\/06\\\/inovar-amplia-portfolio-de-exclusividade-com-novo-empreendimento\\\/#primaryimage\"},\"thumbnailUrl\":\"https:\\\/\\\/folhapopular.info\\\/wp-content\\\/uploads\\\/2025\\\/11\\\/IMG_4265-2.jpg\",\"articleSection\":[\"Economia\",\"Neg\u00f3cios\"],\"inLanguage\":\"pt-BR\",\"potentialAction\":[{\"@type\":\"CommentAction\",\"name\":\"Comment\",\"target\":[\"https:\\\/\\\/folhapopular.info\\\/index.php\\\/2025\\\/11\\\/06\\\/inovar-amplia-portfolio-de-exclusividade-com-novo-empreendimento\\\/#respond\"]}]},{\"@type\":\"WebPage\",\"@id\":\"https:\\\/\\\/folhapopular.info\\\/index.php\\\/2025\\\/11\\\/06\\\/inovar-amplia-portfolio-de-exclusividade-com-novo-empreendimento\\\/\",\"url\":\"https:\\\/\\\/folhapopular.info\\\/index.php\\\/2025\\\/11\\\/06\\\/inovar-amplia-portfolio-de-exclusividade-com-novo-empreendimento\\\/\",\"name\":\"Inovar amplia portf\u00f3lio de exclusividade com novo empreendimento - Folha Popular\",\"isPartOf\":{\"@id\":\"https:\\\/\\\/folhapopular.info\\\/#website\"},\"primaryImageOfPage\":{\"@id\":\"https:\\\/\\\/folhapopular.info\\\/index.php\\\/2025\\\/11\\\/06\\\/inovar-amplia-portfolio-de-exclusividade-com-novo-empreendimento\\\/#primaryimage\"},\"image\":{\"@id\":\"https:\\\/\\\/folhapopular.info\\\/index.php\\\/2025\\\/11\\\/06\\\/inovar-amplia-portfolio-de-exclusividade-com-novo-empreendimento\\\/#primaryimage\"},\"thumbnailUrl\":\"https:\\\/\\\/folhapopular.info\\\/wp-content\\\/uploads\\\/2025\\\/11\\\/IMG_4265-2.jpg\",\"datePublished\":\"2025-11-06T12:51:05+00:00\",\"dateModified\":\"2025-11-06T13:06:44+00:00\",\"author\":{\"@id\":\"https:\\\/\\\/folhapopular.info\\\/#\\\/schema\\\/person\\\/2814e8a0df7643585a9ca38bc6eb9d4b\"},\"breadcrumb\":{\"@id\":\"https:\\\/\\\/folhapopular.info\\\/index.php\\\/2025\\\/11\\\/06\\\/inovar-amplia-portfolio-de-exclusividade-com-novo-empreendimento\\\/#breadcrumb\"},\"inLanguage\":\"pt-BR\",\"potentialAction\":[{\"@type\":\"ReadAction\",\"target\":[\"https:\\\/\\\/folhapopular.info\\\/index.php\\\/2025\\\/11\\\/06\\\/inovar-amplia-portfolio-de-exclusividade-com-novo-empreendimento\\\/\"]}]},{\"@type\":\"ImageObject\",\"inLanguage\":\"pt-BR\",\"@id\":\"https:\\\/\\\/folhapopular.info\\\/index.php\\\/2025\\\/11\\\/06\\\/inovar-amplia-portfolio-de-exclusividade-com-novo-empreendimento\\\/#primaryimage\",\"url\":\"https:\\\/\\\/folhapopular.info\\\/wp-content\\\/uploads\\\/2025\\\/11\\\/IMG_4265-2.jpg\",\"contentUrl\":\"https:\\\/\\\/folhapopular.info\\\/wp-content\\\/uploads\\\/2025\\\/11\\\/IMG_4265-2.jpg\",\"width\":536,\"height\":714,\"caption\":\"Cr\u00e9dito: Divulga\u00e7\u00e3o\"},{\"@type\":\"BreadcrumbList\",\"@id\":\"https:\\\/\\\/folhapopular.info\\\/index.php\\\/2025\\\/11\\\/06\\\/inovar-amplia-portfolio-de-exclusividade-com-novo-empreendimento\\\/#breadcrumb\",\"itemListElement\":[{\"@type\":\"ListItem\",\"position\":1,\"name\":\"In\u00edcio\",\"item\":\"https:\\\/\\\/folhapopular.info\\\/\"},{\"@type\":\"ListItem\",\"position\":2,\"name\":\"Inovar amplia portf\u00f3lio de exclusividade com novo empreendimento\"}]},{\"@type\":\"WebSite\",\"@id\":\"https:\\\/\\\/folhapopular.info\\\/#website\",\"url\":\"https:\\\/\\\/folhapopular.info\\\/\",\"name\":\"Folha Popular\",\"description\":\"Onde voc\u00ea tem vez e voz\",\"potentialAction\":[{\"@type\":\"SearchAction\",\"target\":{\"@type\":\"EntryPoint\",\"urlTemplate\":\"https:\\\/\\\/folhapopular.info\\\/?s={search_term_string}\"},\"query-input\":{\"@type\":\"PropertyValueSpecification\",\"valueRequired\":true,\"valueName\":\"search_term_string\"}}],\"inLanguage\":\"pt-BR\"},{\"@type\":\"Person\",\"@id\":\"https:\\\/\\\/folhapopular.info\\\/#\\\/schema\\\/person\\\/2814e8a0df7643585a9ca38bc6eb9d4b\",\"name\":\"Reda\u00e7\u00e3o Folha Popular\",\"image\":{\"@type\":\"ImageObject\",\"inLanguage\":\"pt-BR\",\"@id\":\"https:\\\/\\\/folhapopular.info\\\/wp-content\\\/uploads\\\/2026\\\/04\\\/Folha-1.webp\",\"url\":\"https:\\\/\\\/folhapopular.info\\\/wp-content\\\/uploads\\\/2026\\\/04\\\/Folha-1.webp\",\"contentUrl\":\"https:\\\/\\\/folhapopular.info\\\/wp-content\\\/uploads\\\/2026\\\/04\\\/Folha-1.webp\",\"caption\":\"Reda\u00e7\u00e3o Folha Popular\"},\"url\":\"https:\\\/\\\/folhapopular.info\\\/index.php\\\/author\\\/redacao\\\/\"}]}<\/script>\n<!-- \/ Yoast SEO plugin. -->","yoast_head_json":{"title":"Inovar amplia portf\u00f3lio de exclusividade com novo empreendimento - Folha Popular","robots":{"index":"index","follow":"follow","max-snippet":"max-snippet:-1","max-image-preview":"max-image-preview:large","max-video-preview":"max-video-preview:-1"},"canonical":"https:\/\/folhapopular.info\/index.php\/2025\/11\/06\/inovar-amplia-portfolio-de-exclusividade-com-novo-empreendimento\/","og_locale":"pt_BR","og_type":"article","og_title":"Inovar amplia portf\u00f3lio de exclusividade com novo empreendimento - Folha Popular","og_description":"A Inovar Neg\u00f3cios Imobili\u00e1rios acaba de anunciar a exclusividade de vendas do Residencial Conceito, empreendimento assinado pela Construtora Conceito, que promete marcar mais uma etapa do desenvolvimento urbano de Teut\u00f4nia. Com esse an\u00fancio, a imobili\u00e1ria refor\u00e7a seu protagonismo no mercado local, 70% dos lan\u00e7amentos imobili\u00e1rios dos \u00faltimos anos foram comercializados com exclusividade pela marca. Para [&hellip;]","og_url":"https:\/\/folhapopular.info\/index.php\/2025\/11\/06\/inovar-amplia-portfolio-de-exclusividade-com-novo-empreendimento\/","og_site_name":"Folha Popular","article_published_time":"2025-11-06T12:51:05+00:00","article_modified_time":"2025-11-06T13:06:44+00:00","og_image":[{"width":536,"height":714,"url":"http:\/\/folhapopular.info\/wp-content\/uploads\/2025\/11\/IMG_4265-2.jpg","type":"image\/jpeg"}],"author":"Reda\u00e7\u00e3o Folha Popular","twitter_card":"summary_large_image","twitter_misc":{"Escrito por":"Reda\u00e7\u00e3o Folha Popular","Est. tempo de leitura":"3 minutos"},"schema":{"@context":"https:\/\/schema.org","@graph":[{"@type":"Article","@id":"https:\/\/folhapopular.info\/index.php\/2025\/11\/06\/inovar-amplia-portfolio-de-exclusividade-com-novo-empreendimento\/#article","isPartOf":{"@id":"https:\/\/folhapopular.info\/index.php\/2025\/11\/06\/inovar-amplia-portfolio-de-exclusividade-com-novo-empreendimento\/"},"author":{"name":"Reda\u00e7\u00e3o Folha Popular","@id":"https:\/\/folhapopular.info\/#\/schema\/person\/2814e8a0df7643585a9ca38bc6eb9d4b"},"headline":"Inovar amplia portf\u00f3lio de exclusividade com novo empreendimento","datePublished":"2025-11-06T12:51:05+00:00","dateModified":"2025-11-06T13:06:44+00:00","mainEntityOfPage":{"@id":"https:\/\/folhapopular.info\/index.php\/2025\/11\/06\/inovar-amplia-portfolio-de-exclusividade-com-novo-empreendimento\/"},"wordCount":478,"commentCount":0,"image":{"@id":"https:\/\/folhapopular.info\/index.php\/2025\/11\/06\/inovar-amplia-portfolio-de-exclusividade-com-novo-empreendimento\/#primaryimage"},"thumbnailUrl":"https:\/\/folhapopular.info\/wp-content\/uploads\/2025\/11\/IMG_4265-2.jpg","articleSection":["Economia","Neg\u00f3cios"],"inLanguage":"pt-BR","potentialAction":[{"@type":"CommentAction","name":"Comment","target":["https:\/\/folhapopular.info\/index.php\/2025\/11\/06\/inovar-amplia-portfolio-de-exclusividade-com-novo-empreendimento\/#respond"]}]},{"@type":"WebPage","@id":"https:\/\/folhapopular.info\/index.php\/2025\/11\/06\/inovar-amplia-portfolio-de-exclusividade-com-novo-empreendimento\/","url":"https:\/\/folhapopular.info\/index.php\/2025\/11\/06\/inovar-amplia-portfolio-de-exclusividade-com-novo-empreendimento\/","name":"Inovar amplia portf\u00f3lio de exclusividade com novo empreendimento - Folha Popular","isPartOf":{"@id":"https:\/\/folhapopular.info\/#website"},"primaryImageOfPage":{"@id":"https:\/\/folhapopular.info\/index.php\/2025\/11\/06\/inovar-amplia-portfolio-de-exclusividade-com-novo-empreendimento\/#primaryimage"},"image":{"@id":"https:\/\/folhapopular.info\/index.php\/2025\/11\/06\/inovar-amplia-portfolio-de-exclusividade-com-novo-empreendimento\/#primaryimage"},"thumbnailUrl":"https:\/\/folhapopular.info\/wp-content\/uploads\/2025\/11\/IMG_4265-2.jpg","datePublished":"2025-11-06T12:51:05+00:00","dateModified":"2025-11-06T13:06:44+00:00","author":{"@id":"https:\/\/folhapopular.info\/#\/schema\/person\/2814e8a0df7643585a9ca38bc6eb9d4b"},"breadcrumb":{"@id":"https:\/\/folhapopular.info\/index.php\/2025\/11\/06\/inovar-amplia-portfolio-de-exclusividade-com-novo-empreendimento\/#breadcrumb"},"inLanguage":"pt-BR","potentialAction":[{"@type":"ReadAction","target":["https:\/\/folhapopular.info\/index.php\/2025\/11\/06\/inovar-amplia-portfolio-de-exclusividade-com-novo-empreendimento\/"]}]},{"@type":"ImageObject","inLanguage":"pt-BR","@id":"https:\/\/folhapopular.info\/index.php\/2025\/11\/06\/inovar-amplia-portfolio-de-exclusividade-com-novo-empreendimento\/#primaryimage","url":"https:\/\/folhapopular.info\/wp-content\/uploads\/2025\/11\/IMG_4265-2.jpg","contentUrl":"https:\/\/folhapopular.info\/wp-content\/uploads\/2025\/11\/IMG_4265-2.jpg","width":536,"height":714,"caption":"Cr\u00e9dito: Divulga\u00e7\u00e3o"},{"@type":"BreadcrumbList","@id":"https:\/\/folhapopular.info\/index.php\/2025\/11\/06\/inovar-amplia-portfolio-de-exclusividade-com-novo-empreendimento\/#breadcrumb","itemListElement":[{"@type":"ListItem","position":1,"name":"In\u00edcio","item":"https:\/\/folhapopular.info\/"},{"@type":"ListItem","position":2,"name":"Inovar amplia portf\u00f3lio de exclusividade com novo empreendimento"}]},{"@type":"WebSite","@id":"https:\/\/folhapopular.info\/#website","url":"https:\/\/folhapopular.info\/","name":"Folha Popular","description":"Onde voc\u00ea tem vez e voz","potentialAction":[{"@type":"SearchAction","target":{"@type":"EntryPoint","urlTemplate":"https:\/\/folhapopular.info\/?s={search_term_string}"},"query-input":{"@type":"PropertyValueSpecification","valueRequired":true,"valueName":"search_term_string"}}],"inLanguage":"pt-BR"},{"@type":"Person","@id":"https:\/\/folhapopular.info\/#\/schema\/person\/2814e8a0df7643585a9ca38bc6eb9d4b","name":"Reda\u00e7\u00e3o Folha Popular","image":{"@type":"ImageObject","inLanguage":"pt-BR","@id":"https:\/\/folhapopular.info\/wp-content\/uploads\/2026\/04\/Folha-1.webp","url":"https:\/\/folhapopular.info\/wp-content\/uploads\/2026\/04\/Folha-1.webp","contentUrl":"https:\/\/folhapopular.info\/wp-content\/uploads\/2026\/04\/Folha-1.webp","caption":"Reda\u00e7\u00e3o Folha Popular"},"url":"https:\/\/folhapopular.info\/index.php\/author\/redacao\/"}]}},"jetpack_featured_media_url":"https:\/\/folhapopular.info\/wp-content\/uploads\/2025\/11\/IMG_4265-2.jpg","jetpack_sharing_enabled":true,"amp_enabled":true,"_links":{"self":[{"href":"https:\/\/folhapopular.info\/index.php\/wp-json\/wp\/v2\/posts\/197769","targetHints":{"allow":["GET"]}}],"collection":[{"href":"https:\/\/folhapopular.info\/index.php\/wp-json\/wp\/v2\/posts"}],"about":[{"href":"https:\/\/folhapopular.info\/index.php\/wp-json\/wp\/v2\/types\/post"}],"author":[{"embeddable":true,"href":"https:\/\/folhapopular.info\/index.php\/wp-json\/wp\/v2\/users\/8"}],"replies":[{"embeddable":true,"href":"https:\/\/folhapopular.info\/index.php\/wp-json\/wp\/v2\/comments?post=197769"}],"version-history":[{"count":0,"href":"https:\/\/folhapopular.info\/index.php\/wp-json\/wp\/v2\/posts\/197769\/revisions"}],"wp:featuredmedia":[{"embeddable":true,"href":"https:\/\/folhapopular.info\/index.php\/wp-json\/wp\/v2\/media\/197770"}],"wp:attachment":[{"href":"https:\/\/folhapopular.info\/index.php\/wp-json\/wp\/v2\/media?parent=197769"}],"wp:term":[{"taxonomy":"category","embeddable":true,"href":"https:\/\/folhapopular.info\/index.php\/wp-json\/wp\/v2\/categories?post=197769"},{"taxonomy":"post_tag","embeddable":true,"href":"https:\/\/folhapopular.info\/index.php\/wp-json\/wp\/v2\/tags?post=197769"}],"curies":[{"name":"wp","href":"https:\/\/api.w.org\/{rel}","templated":true}]}}