{"id":197840,"date":"2025-11-07T17:19:55","date_gmt":"2025-11-07T20:19:55","guid":{"rendered":"https:\/\/folhapopular.info\/?p=197840"},"modified":"2025-11-07T17:20:00","modified_gmt":"2025-11-07T20:20:00","slug":"prefeitura-de-lajeado-altera-acessos-na-avenida-benjamin-constant-para-aumentar-seguranca-no-transito","status":"publish","type":"post","link":"https:\/\/folhapopular.info\/index.php\/2025\/11\/07\/prefeitura-de-lajeado-altera-acessos-na-avenida-benjamin-constant-para-aumentar-seguranca-no-transito\/","title":{"rendered":"Prefeitura de Lajeado altera acessos na Avenida Benjamin Constant para aumentar seguran\u00e7a no tr\u00e2nsito"},"content":{"rendered":"\n<p>A Prefeitura de Lajeado anunciou mudan\u00e7as no tr\u00e1fego da Avenida Benjamin Constant com o objetivo de aumentar a seguran\u00e7a vi\u00e1ria e reduzir o n\u00famero de acidentes registrados na regi\u00e3o. A partir de agora, ficam proibidos o retorno e o acesso \u00e0s ruas 25 de Fevereiro e Urbano Jaeger para quem trafega no sentido Bairro\u2013Centro da avenida.<\/p>\n\n\n\n<p>A decis\u00e3o foi adotada de forma emergencial devido ao alto n\u00famero de colis\u00f5es nesses cruzamentos, visando prevenir novos sinistros e proteger a integridade dos motoristas e pedestres.<\/p>\n\n\n\n<p>Os bloqueios foram instalados com cavaletes m\u00f3veis entre os dois sentidos da via, e as novas regras de tr\u00e1fego funcionam da seguinte forma:<\/p>\n\n\n\n<ul class=\"wp-block-list\">\n<li>Sentido Centro\u2013Bairro: o acesso \u00e0s ruas 25 de Fevereiro e Urbano Jaeger (bairro Bom Pastor) permanece liberado por convers\u00e3o \u00e0 direita.<\/li>\n\n\n\n<li>Sentido Bairro\u2013Centro: est\u00e1 proibida a convers\u00e3o \u00e0 esquerda para o acesso \u00e0s mesmas ruas, no bairro Jardim Bot\u00e2nico.<\/li>\n<\/ul>\n\n\n\n<h4 class=\"wp-block-heading\">Rotas alternativas<\/h4>\n\n\n\n<p>Motoristas que trafegam no sentido Bairro\u2013Centro e precisam acessar os trechos bloqueados devem realizar o retorno na interse\u00e7\u00e3o da Benjamin Constant com a Avenida Aury St\u00fcrmer, onde h\u00e1 campo visual adequado e seguran\u00e7a para a manobra. J\u00e1 os condutores que seguem no sentido Centro\u2013Bairro e desejam acessar a Rua Urbano Jaeger devem fazer o retorno no cruzamento com a Rua Arlindo Brietzke.<\/p>\n","protected":false},"excerpt":{"rendered":"<p>A Prefeitura de Lajeado anunciou mudan\u00e7as no tr\u00e1fego da Avenida Benjamin Constant com o objetivo de aumentar a seguran\u00e7a vi\u00e1ria e reduzir o n\u00famero de acidentes registrados na regi\u00e3o. A partir de agora, ficam proibidos o retorno e o acesso \u00e0s ruas 25 de Fevereiro e Urbano Jaeger para quem trafega no sentido Bairro\u2013Centro da [&hellip;]<\/p>\n","protected":false},"author":8,"featured_media":197841,"comment_status":"open","ping_status":"open","sticky":false,"template":"","format":"standard","meta":{"pmpro_default_level":"","_jetpack_memberships_contains_paid_content":false,"footnotes":""},"categories":[7,10983],"tags":[10781,1751,27],"class_list":{"0":"post-197840","1":"post","2":"type-post","3":"status-publish","4":"format-standard","5":"has-post-thumbnail","7":"category-seguranca","8":"category-transito","9":"tag-alteracao","10":"tag-avenida-benjamin-constant","11":"tag-lajeado","12":"pmpro-has-access"},"yoast_head":"<!-- This site is optimized with the Yoast SEO plugin v27.5 - https:\/\/yoast.com\/product\/yoast-seo-wordpress\/ -->\n<title>Prefeitura de Lajeado altera acessos na Avenida Benjamin Constant para aumentar seguran\u00e7a no tr\u00e2nsito - Folha Popular<\/title>\n<meta name=\"robots\" content=\"index, follow, max-snippet:-1, max-image-preview:large, max-video-preview:-1\" \/>\n<link rel=\"canonical\" href=\"https:\/\/folhapopular.info\/index.php\/2025\/11\/07\/prefeitura-de-lajeado-altera-acessos-na-avenida-benjamin-constant-para-aumentar-seguranca-no-transito\/\" \/>\n<meta property=\"og:locale\" content=\"pt_BR\" \/>\n<meta property=\"og:type\" content=\"article\" \/>\n<meta property=\"og:title\" content=\"Prefeitura de Lajeado altera acessos na Avenida Benjamin Constant para aumentar seguran\u00e7a no tr\u00e2nsito - Folha Popular\" \/>\n<meta property=\"og:description\" content=\"A Prefeitura de Lajeado anunciou mudan\u00e7as no tr\u00e1fego da Avenida Benjamin Constant com o objetivo de aumentar a seguran\u00e7a vi\u00e1ria e reduzir o n\u00famero de acidentes registrados na regi\u00e3o. A partir de agora, ficam proibidos o retorno e o acesso \u00e0s ruas 25 de Fevereiro e Urbano Jaeger para quem trafega no sentido Bairro\u2013Centro da [&hellip;]\" \/>\n<meta property=\"og:url\" content=\"https:\/\/folhapopular.info\/index.php\/2025\/11\/07\/prefeitura-de-lajeado-altera-acessos-na-avenida-benjamin-constant-para-aumentar-seguranca-no-transito\/\" \/>\n<meta property=\"og:site_name\" content=\"Folha Popular\" \/>\n<meta property=\"article:published_time\" content=\"2025-11-07T20:19:55+00:00\" \/>\n<meta property=\"article:modified_time\" content=\"2025-11-07T20:20:00+00:00\" \/>\n<meta property=\"og:image\" content=\"http:\/\/folhapopular.info\/wp-content\/uploads\/2025\/11\/prefeitura-de-lajeado-implanta-alteraccedilotildees-no-tracircnsito-da-avenida-benjamin-constant-para-maior-seguranccedila-1762535231.jpeg\" \/>\n\t<meta property=\"og:image:width\" content=\"1280\" \/>\n\t<meta property=\"og:image:height\" content=\"960\" \/>\n\t<meta property=\"og:image:type\" content=\"image\/jpeg\" \/>\n<meta name=\"author\" content=\"Reda\u00e7\u00e3o Folha Popular\" \/>\n<meta name=\"twitter:card\" content=\"summary_large_image\" \/>\n<meta name=\"twitter:label1\" content=\"Escrito por\" \/>\n\t<meta name=\"twitter:data1\" content=\"Reda\u00e7\u00e3o Folha Popular\" \/>\n\t<meta name=\"twitter:label2\" content=\"Est. tempo de leitura\" \/>\n\t<meta name=\"twitter:data2\" content=\"2 minutos\" \/>\n<script type=\"application\/ld+json\" class=\"yoast-schema-graph\">{\"@context\":\"https:\\\/\\\/schema.org\",\"@graph\":[{\"@type\":\"Article\",\"@id\":\"https:\\\/\\\/folhapopular.info\\\/index.php\\\/2025\\\/11\\\/07\\\/prefeitura-de-lajeado-altera-acessos-na-avenida-benjamin-constant-para-aumentar-seguranca-no-transito\\\/#article\",\"isPartOf\":{\"@id\":\"https:\\\/\\\/folhapopular.info\\\/index.php\\\/2025\\\/11\\\/07\\\/prefeitura-de-lajeado-altera-acessos-na-avenida-benjamin-constant-para-aumentar-seguranca-no-transito\\\/\"},\"author\":{\"name\":\"Reda\u00e7\u00e3o Folha Popular\",\"@id\":\"https:\\\/\\\/folhapopular.info\\\/#\\\/schema\\\/person\\\/2814e8a0df7643585a9ca38bc6eb9d4b\"},\"headline\":\"Prefeitura de Lajeado altera acessos na Avenida Benjamin Constant para aumentar seguran\u00e7a no tr\u00e2nsito\",\"datePublished\":\"2025-11-07T20:19:55+00:00\",\"dateModified\":\"2025-11-07T20:20:00+00:00\",\"mainEntityOfPage\":{\"@id\":\"https:\\\/\\\/folhapopular.info\\\/index.php\\\/2025\\\/11\\\/07\\\/prefeitura-de-lajeado-altera-acessos-na-avenida-benjamin-constant-para-aumentar-seguranca-no-transito\\\/\"},\"wordCount\":243,\"commentCount\":0,\"image\":{\"@id\":\"https:\\\/\\\/folhapopular.info\\\/index.php\\\/2025\\\/11\\\/07\\\/prefeitura-de-lajeado-altera-acessos-na-avenida-benjamin-constant-para-aumentar-seguranca-no-transito\\\/#primaryimage\"},\"thumbnailUrl\":\"https:\\\/\\\/folhapopular.info\\\/wp-content\\\/uploads\\\/2025\\\/11\\\/prefeitura-de-lajeado-implanta-alteraccedilotildees-no-tracircnsito-da-avenida-benjamin-constant-para-maior-seguranccedila-1762535231.jpeg\",\"keywords\":[\"altera\u00e7\u00e3o\",\"Avenida Benjamin Constant\",\"Lajeado\"],\"articleSection\":[\"Seguran\u00e7a\",\"Tr\u00e2nsito\"],\"inLanguage\":\"pt-BR\",\"potentialAction\":[{\"@type\":\"CommentAction\",\"name\":\"Comment\",\"target\":[\"https:\\\/\\\/folhapopular.info\\\/index.php\\\/2025\\\/11\\\/07\\\/prefeitura-de-lajeado-altera-acessos-na-avenida-benjamin-constant-para-aumentar-seguranca-no-transito\\\/#respond\"]}]},{\"@type\":\"WebPage\",\"@id\":\"https:\\\/\\\/folhapopular.info\\\/index.php\\\/2025\\\/11\\\/07\\\/prefeitura-de-lajeado-altera-acessos-na-avenida-benjamin-constant-para-aumentar-seguranca-no-transito\\\/\",\"url\":\"https:\\\/\\\/folhapopular.info\\\/index.php\\\/2025\\\/11\\\/07\\\/prefeitura-de-lajeado-altera-acessos-na-avenida-benjamin-constant-para-aumentar-seguranca-no-transito\\\/\",\"name\":\"Prefeitura de Lajeado altera acessos na Avenida Benjamin Constant para aumentar seguran\u00e7a no tr\u00e2nsito - Folha Popular\",\"isPartOf\":{\"@id\":\"https:\\\/\\\/folhapopular.info\\\/#website\"},\"primaryImageOfPage\":{\"@id\":\"https:\\\/\\\/folhapopular.info\\\/index.php\\\/2025\\\/11\\\/07\\\/prefeitura-de-lajeado-altera-acessos-na-avenida-benjamin-constant-para-aumentar-seguranca-no-transito\\\/#primaryimage\"},\"image\":{\"@id\":\"https:\\\/\\\/folhapopular.info\\\/index.php\\\/2025\\\/11\\\/07\\\/prefeitura-de-lajeado-altera-acessos-na-avenida-benjamin-constant-para-aumentar-seguranca-no-transito\\\/#primaryimage\"},\"thumbnailUrl\":\"https:\\\/\\\/folhapopular.info\\\/wp-content\\\/uploads\\\/2025\\\/11\\\/prefeitura-de-lajeado-implanta-alteraccedilotildees-no-tracircnsito-da-avenida-benjamin-constant-para-maior-seguranccedila-1762535231.jpeg\",\"datePublished\":\"2025-11-07T20:19:55+00:00\",\"dateModified\":\"2025-11-07T20:20:00+00:00\",\"author\":{\"@id\":\"https:\\\/\\\/folhapopular.info\\\/#\\\/schema\\\/person\\\/2814e8a0df7643585a9ca38bc6eb9d4b\"},\"breadcrumb\":{\"@id\":\"https:\\\/\\\/folhapopular.info\\\/index.php\\\/2025\\\/11\\\/07\\\/prefeitura-de-lajeado-altera-acessos-na-avenida-benjamin-constant-para-aumentar-seguranca-no-transito\\\/#breadcrumb\"},\"inLanguage\":\"pt-BR\",\"potentialAction\":[{\"@type\":\"ReadAction\",\"target\":[\"https:\\\/\\\/folhapopular.info\\\/index.php\\\/2025\\\/11\\\/07\\\/prefeitura-de-lajeado-altera-acessos-na-avenida-benjamin-constant-para-aumentar-seguranca-no-transito\\\/\"]}]},{\"@type\":\"ImageObject\",\"inLanguage\":\"pt-BR\",\"@id\":\"https:\\\/\\\/folhapopular.info\\\/index.php\\\/2025\\\/11\\\/07\\\/prefeitura-de-lajeado-altera-acessos-na-avenida-benjamin-constant-para-aumentar-seguranca-no-transito\\\/#primaryimage\",\"url\":\"https:\\\/\\\/folhapopular.info\\\/wp-content\\\/uploads\\\/2025\\\/11\\\/prefeitura-de-lajeado-implanta-alteraccedilotildees-no-tracircnsito-da-avenida-benjamin-constant-para-maior-seguranccedila-1762535231.jpeg\",\"contentUrl\":\"https:\\\/\\\/folhapopular.info\\\/wp-content\\\/uploads\\\/2025\\\/11\\\/prefeitura-de-lajeado-implanta-alteraccedilotildees-no-tracircnsito-da-avenida-benjamin-constant-para-maior-seguranccedila-1762535231.jpeg\",\"width\":1280,\"height\":960},{\"@type\":\"BreadcrumbList\",\"@id\":\"https:\\\/\\\/folhapopular.info\\\/index.php\\\/2025\\\/11\\\/07\\\/prefeitura-de-lajeado-altera-acessos-na-avenida-benjamin-constant-para-aumentar-seguranca-no-transito\\\/#breadcrumb\",\"itemListElement\":[{\"@type\":\"ListItem\",\"position\":1,\"name\":\"In\u00edcio\",\"item\":\"https:\\\/\\\/folhapopular.info\\\/\"},{\"@type\":\"ListItem\",\"position\":2,\"name\":\"Prefeitura de Lajeado altera acessos na Avenida Benjamin Constant para aumentar seguran\u00e7a no tr\u00e2nsito\"}]},{\"@type\":\"WebSite\",\"@id\":\"https:\\\/\\\/folhapopular.info\\\/#website\",\"url\":\"https:\\\/\\\/folhapopular.info\\\/\",\"name\":\"Folha Popular\",\"description\":\"Onde voc\u00ea tem vez e voz\",\"potentialAction\":[{\"@type\":\"SearchAction\",\"target\":{\"@type\":\"EntryPoint\",\"urlTemplate\":\"https:\\\/\\\/folhapopular.info\\\/?s={search_term_string}\"},\"query-input\":{\"@type\":\"PropertyValueSpecification\",\"valueRequired\":true,\"valueName\":\"search_term_string\"}}],\"inLanguage\":\"pt-BR\"},{\"@type\":\"Person\",\"@id\":\"https:\\\/\\\/folhapopular.info\\\/#\\\/schema\\\/person\\\/2814e8a0df7643585a9ca38bc6eb9d4b\",\"name\":\"Reda\u00e7\u00e3o Folha Popular\",\"image\":{\"@type\":\"ImageObject\",\"inLanguage\":\"pt-BR\",\"@id\":\"https:\\\/\\\/folhapopular.info\\\/wp-content\\\/uploads\\\/2026\\\/04\\\/Folha-1.webp\",\"url\":\"https:\\\/\\\/folhapopular.info\\\/wp-content\\\/uploads\\\/2026\\\/04\\\/Folha-1.webp\",\"contentUrl\":\"https:\\\/\\\/folhapopular.info\\\/wp-content\\\/uploads\\\/2026\\\/04\\\/Folha-1.webp\",\"caption\":\"Reda\u00e7\u00e3o Folha Popular\"},\"url\":\"https:\\\/\\\/folhapopular.info\\\/index.php\\\/author\\\/redacao\\\/\"}]}<\/script>\n<!-- \/ Yoast SEO plugin. -->","yoast_head_json":{"title":"Prefeitura de Lajeado altera acessos na Avenida Benjamin Constant para aumentar seguran\u00e7a no tr\u00e2nsito - Folha Popular","robots":{"index":"index","follow":"follow","max-snippet":"max-snippet:-1","max-image-preview":"max-image-preview:large","max-video-preview":"max-video-preview:-1"},"canonical":"https:\/\/folhapopular.info\/index.php\/2025\/11\/07\/prefeitura-de-lajeado-altera-acessos-na-avenida-benjamin-constant-para-aumentar-seguranca-no-transito\/","og_locale":"pt_BR","og_type":"article","og_title":"Prefeitura de Lajeado altera acessos na Avenida Benjamin Constant para aumentar seguran\u00e7a no tr\u00e2nsito - Folha Popular","og_description":"A Prefeitura de Lajeado anunciou mudan\u00e7as no tr\u00e1fego da Avenida Benjamin Constant com o objetivo de aumentar a seguran\u00e7a vi\u00e1ria e reduzir o n\u00famero de acidentes registrados na regi\u00e3o. A partir de agora, ficam proibidos o retorno e o acesso \u00e0s ruas 25 de Fevereiro e Urbano Jaeger para quem trafega no sentido Bairro\u2013Centro da [&hellip;]","og_url":"https:\/\/folhapopular.info\/index.php\/2025\/11\/07\/prefeitura-de-lajeado-altera-acessos-na-avenida-benjamin-constant-para-aumentar-seguranca-no-transito\/","og_site_name":"Folha Popular","article_published_time":"2025-11-07T20:19:55+00:00","article_modified_time":"2025-11-07T20:20:00+00:00","og_image":[{"width":1280,"height":960,"url":"http:\/\/folhapopular.info\/wp-content\/uploads\/2025\/11\/prefeitura-de-lajeado-implanta-alteraccedilotildees-no-tracircnsito-da-avenida-benjamin-constant-para-maior-seguranccedila-1762535231.jpeg","type":"image\/jpeg"}],"author":"Reda\u00e7\u00e3o Folha Popular","twitter_card":"summary_large_image","twitter_misc":{"Escrito por":"Reda\u00e7\u00e3o Folha Popular","Est. tempo de leitura":"2 minutos"},"schema":{"@context":"https:\/\/schema.org","@graph":[{"@type":"Article","@id":"https:\/\/folhapopular.info\/index.php\/2025\/11\/07\/prefeitura-de-lajeado-altera-acessos-na-avenida-benjamin-constant-para-aumentar-seguranca-no-transito\/#article","isPartOf":{"@id":"https:\/\/folhapopular.info\/index.php\/2025\/11\/07\/prefeitura-de-lajeado-altera-acessos-na-avenida-benjamin-constant-para-aumentar-seguranca-no-transito\/"},"author":{"name":"Reda\u00e7\u00e3o Folha Popular","@id":"https:\/\/folhapopular.info\/#\/schema\/person\/2814e8a0df7643585a9ca38bc6eb9d4b"},"headline":"Prefeitura de Lajeado altera acessos na Avenida Benjamin Constant para aumentar seguran\u00e7a no tr\u00e2nsito","datePublished":"2025-11-07T20:19:55+00:00","dateModified":"2025-11-07T20:20:00+00:00","mainEntityOfPage":{"@id":"https:\/\/folhapopular.info\/index.php\/2025\/11\/07\/prefeitura-de-lajeado-altera-acessos-na-avenida-benjamin-constant-para-aumentar-seguranca-no-transito\/"},"wordCount":243,"commentCount":0,"image":{"@id":"https:\/\/folhapopular.info\/index.php\/2025\/11\/07\/prefeitura-de-lajeado-altera-acessos-na-avenida-benjamin-constant-para-aumentar-seguranca-no-transito\/#primaryimage"},"thumbnailUrl":"https:\/\/folhapopular.info\/wp-content\/uploads\/2025\/11\/prefeitura-de-lajeado-implanta-alteraccedilotildees-no-tracircnsito-da-avenida-benjamin-constant-para-maior-seguranccedila-1762535231.jpeg","keywords":["altera\u00e7\u00e3o","Avenida Benjamin Constant","Lajeado"],"articleSection":["Seguran\u00e7a","Tr\u00e2nsito"],"inLanguage":"pt-BR","potentialAction":[{"@type":"CommentAction","name":"Comment","target":["https:\/\/folhapopular.info\/index.php\/2025\/11\/07\/prefeitura-de-lajeado-altera-acessos-na-avenida-benjamin-constant-para-aumentar-seguranca-no-transito\/#respond"]}]},{"@type":"WebPage","@id":"https:\/\/folhapopular.info\/index.php\/2025\/11\/07\/prefeitura-de-lajeado-altera-acessos-na-avenida-benjamin-constant-para-aumentar-seguranca-no-transito\/","url":"https:\/\/folhapopular.info\/index.php\/2025\/11\/07\/prefeitura-de-lajeado-altera-acessos-na-avenida-benjamin-constant-para-aumentar-seguranca-no-transito\/","name":"Prefeitura de Lajeado altera acessos na Avenida Benjamin Constant para aumentar seguran\u00e7a no tr\u00e2nsito - Folha Popular","isPartOf":{"@id":"https:\/\/folhapopular.info\/#website"},"primaryImageOfPage":{"@id":"https:\/\/folhapopular.info\/index.php\/2025\/11\/07\/prefeitura-de-lajeado-altera-acessos-na-avenida-benjamin-constant-para-aumentar-seguranca-no-transito\/#primaryimage"},"image":{"@id":"https:\/\/folhapopular.info\/index.php\/2025\/11\/07\/prefeitura-de-lajeado-altera-acessos-na-avenida-benjamin-constant-para-aumentar-seguranca-no-transito\/#primaryimage"},"thumbnailUrl":"https:\/\/folhapopular.info\/wp-content\/uploads\/2025\/11\/prefeitura-de-lajeado-implanta-alteraccedilotildees-no-tracircnsito-da-avenida-benjamin-constant-para-maior-seguranccedila-1762535231.jpeg","datePublished":"2025-11-07T20:19:55+00:00","dateModified":"2025-11-07T20:20:00+00:00","author":{"@id":"https:\/\/folhapopular.info\/#\/schema\/person\/2814e8a0df7643585a9ca38bc6eb9d4b"},"breadcrumb":{"@id":"https:\/\/folhapopular.info\/index.php\/2025\/11\/07\/prefeitura-de-lajeado-altera-acessos-na-avenida-benjamin-constant-para-aumentar-seguranca-no-transito\/#breadcrumb"},"inLanguage":"pt-BR","potentialAction":[{"@type":"ReadAction","target":["https:\/\/folhapopular.info\/index.php\/2025\/11\/07\/prefeitura-de-lajeado-altera-acessos-na-avenida-benjamin-constant-para-aumentar-seguranca-no-transito\/"]}]},{"@type":"ImageObject","inLanguage":"pt-BR","@id":"https:\/\/folhapopular.info\/index.php\/2025\/11\/07\/prefeitura-de-lajeado-altera-acessos-na-avenida-benjamin-constant-para-aumentar-seguranca-no-transito\/#primaryimage","url":"https:\/\/folhapopular.info\/wp-content\/uploads\/2025\/11\/prefeitura-de-lajeado-implanta-alteraccedilotildees-no-tracircnsito-da-avenida-benjamin-constant-para-maior-seguranccedila-1762535231.jpeg","contentUrl":"https:\/\/folhapopular.info\/wp-content\/uploads\/2025\/11\/prefeitura-de-lajeado-implanta-alteraccedilotildees-no-tracircnsito-da-avenida-benjamin-constant-para-maior-seguranccedila-1762535231.jpeg","width":1280,"height":960},{"@type":"BreadcrumbList","@id":"https:\/\/folhapopular.info\/index.php\/2025\/11\/07\/prefeitura-de-lajeado-altera-acessos-na-avenida-benjamin-constant-para-aumentar-seguranca-no-transito\/#breadcrumb","itemListElement":[{"@type":"ListItem","position":1,"name":"In\u00edcio","item":"https:\/\/folhapopular.info\/"},{"@type":"ListItem","position":2,"name":"Prefeitura de Lajeado altera acessos na Avenida Benjamin Constant para aumentar seguran\u00e7a no tr\u00e2nsito"}]},{"@type":"WebSite","@id":"https:\/\/folhapopular.info\/#website","url":"https:\/\/folhapopular.info\/","name":"Folha Popular","description":"Onde voc\u00ea tem vez e voz","potentialAction":[{"@type":"SearchAction","target":{"@type":"EntryPoint","urlTemplate":"https:\/\/folhapopular.info\/?s={search_term_string}"},"query-input":{"@type":"PropertyValueSpecification","valueRequired":true,"valueName":"search_term_string"}}],"inLanguage":"pt-BR"},{"@type":"Person","@id":"https:\/\/folhapopular.info\/#\/schema\/person\/2814e8a0df7643585a9ca38bc6eb9d4b","name":"Reda\u00e7\u00e3o Folha Popular","image":{"@type":"ImageObject","inLanguage":"pt-BR","@id":"https:\/\/folhapopular.info\/wp-content\/uploads\/2026\/04\/Folha-1.webp","url":"https:\/\/folhapopular.info\/wp-content\/uploads\/2026\/04\/Folha-1.webp","contentUrl":"https:\/\/folhapopular.info\/wp-content\/uploads\/2026\/04\/Folha-1.webp","caption":"Reda\u00e7\u00e3o Folha Popular"},"url":"https:\/\/folhapopular.info\/index.php\/author\/redacao\/"}]}},"jetpack_featured_media_url":"https:\/\/folhapopular.info\/wp-content\/uploads\/2025\/11\/prefeitura-de-lajeado-implanta-alteraccedilotildees-no-tracircnsito-da-avenida-benjamin-constant-para-maior-seguranccedila-1762535231.jpeg","jetpack_sharing_enabled":true,"amp_enabled":true,"_links":{"self":[{"href":"https:\/\/folhapopular.info\/index.php\/wp-json\/wp\/v2\/posts\/197840","targetHints":{"allow":["GET"]}}],"collection":[{"href":"https:\/\/folhapopular.info\/index.php\/wp-json\/wp\/v2\/posts"}],"about":[{"href":"https:\/\/folhapopular.info\/index.php\/wp-json\/wp\/v2\/types\/post"}],"author":[{"embeddable":true,"href":"https:\/\/folhapopular.info\/index.php\/wp-json\/wp\/v2\/users\/8"}],"replies":[{"embeddable":true,"href":"https:\/\/folhapopular.info\/index.php\/wp-json\/wp\/v2\/comments?post=197840"}],"version-history":[{"count":0,"href":"https:\/\/folhapopular.info\/index.php\/wp-json\/wp\/v2\/posts\/197840\/revisions"}],"wp:featuredmedia":[{"embeddable":true,"href":"https:\/\/folhapopular.info\/index.php\/wp-json\/wp\/v2\/media\/197841"}],"wp:attachment":[{"href":"https:\/\/folhapopular.info\/index.php\/wp-json\/wp\/v2\/media?parent=197840"}],"wp:term":[{"taxonomy":"category","embeddable":true,"href":"https:\/\/folhapopular.info\/index.php\/wp-json\/wp\/v2\/categories?post=197840"},{"taxonomy":"post_tag","embeddable":true,"href":"https:\/\/folhapopular.info\/index.php\/wp-json\/wp\/v2\/tags?post=197840"}],"curies":[{"name":"wp","href":"https:\/\/api.w.org\/{rel}","templated":true}]}}