{"id":197861,"date":"2025-11-08T08:07:55","date_gmt":"2025-11-08T11:07:55","guid":{"rendered":"https:\/\/folhapopular.info\/?p=197861"},"modified":"2025-11-08T08:25:08","modified_gmt":"2025-11-08T11:25:08","slug":"musico-e-empresario-pocoantense-lauro-flach-morre-aos-67-anos","status":"publish","type":"post","link":"https:\/\/folhapopular.info\/index.php\/2025\/11\/08\/musico-e-empresario-pocoantense-lauro-flach-morre-aos-67-anos\/","title":{"rendered":"M\u00fasico e empres\u00e1rio po\u00e7oantense Lauro Flach morre aos 67 anos"},"content":{"rendered":"\n<p>O m\u00fasico e empres\u00e1rio Lauro In\u00e1cio Flach faleceu aos 67 anos, nesta sexta-feira (7\/11), em Boa Vista do Sul, munic\u00edpio em que residia. Ele enfrentava um c\u00e2ncer. O vel\u00f3rio ocorre na Igreja S\u00e3o Francisco Xavier, com missa marcada para este s\u00e1bado (8\/11), \u00e0s 9h30. Ap\u00f3s a cerim\u00f4nia, o sepultamento ser\u00e1 realizado no cemit\u00e9rio local.<\/p>\n\n\n\n<p>Ligado \u00e0 m\u00fasica desde crian\u00e7a, Lauro cresceu em um ambiente musical &#8211; neto de um maestro de coral e filho do saxofonista Viro Ant\u00f4nio Flach, foi com o pai que aprendeu as primeiras notas.<\/p>\n\n\n\n<p>Ao longo da vida, integrou diferentes grupos. Iniciou a carreira no conjunto Pedrinho e Sua Orquestra, depois passou pelos Caravellis e Banda Emisson, que foi o embri\u00e3o do Alma Nova. Al\u00e9m disso, teve forte parceria com a R\u00e1dio Popular.<\/p>\n\n\n\n<p>Natural da localidade de Picada Barulho, no interior de Po\u00e7o das Antas, mudou-se para Boa Vista do Sul ap\u00f3s o casamento com Iracema Rama Flach, com quem construiu sua fam\u00edlia.<\/p>\n\n\n\n<p>Flach deixa a esposa Iracema, a filha Aline, o genro Leandro Staggemeir e as netas \u00cdsis e L\u00edvia, al\u00e9m dos irm\u00e3os Maria Teresinha, Ademar, Ant\u00f4nio, Alcindo, Claudete e Maristela.<\/p>\n","protected":false},"excerpt":{"rendered":"<p>O m\u00fasico e empres\u00e1rio Lauro In\u00e1cio Flach faleceu aos 67 anos, nesta sexta-feira (7\/11), em Boa Vista do Sul, munic\u00edpio em que residia. Ele enfrentava um c\u00e2ncer. O vel\u00f3rio ocorre na Igreja S\u00e3o Francisco Xavier, com missa marcada para este s\u00e1bado (8\/11), \u00e0s 9h30. Ap\u00f3s a cerim\u00f4nia, o sepultamento ser\u00e1 realizado no cemit\u00e9rio local. Ligado [&hellip;]<\/p>\n","protected":false},"author":8,"featured_media":197870,"comment_status":"open","ping_status":"open","sticky":false,"template":"","format":"standard","meta":{"pmpro_default_level":"","_jetpack_memberships_contains_paid_content":false,"footnotes":""},"categories":[2,11024],"tags":[19888,17408,19887,40],"class_list":{"0":"post-197861","1":"post","2":"type-post","3":"status-publish","4":"format-standard","5":"has-post-thumbnail","7":"category-featured","8":"category-obituario","9":"tag-musico-2","10":"tag-obituario","11":"tag-paulo-inacio-flach","12":"tag-poco-das-antas","13":"pmpro-has-access"},"yoast_head":"<!-- This site is optimized with the Yoast SEO plugin v27.5 - https:\/\/yoast.com\/product\/yoast-seo-wordpress\/ -->\n<title>M\u00fasico e empres\u00e1rio po\u00e7oantense Lauro Flach morre aos 67 anos - Folha Popular<\/title>\n<meta name=\"robots\" content=\"index, follow, max-snippet:-1, max-image-preview:large, max-video-preview:-1\" \/>\n<link rel=\"canonical\" href=\"https:\/\/folhapopular.info\/index.php\/2025\/11\/08\/musico-e-empresario-pocoantense-lauro-flach-morre-aos-67-anos\/\" \/>\n<meta property=\"og:locale\" content=\"pt_BR\" \/>\n<meta property=\"og:type\" content=\"article\" \/>\n<meta property=\"og:title\" content=\"M\u00fasico e empres\u00e1rio po\u00e7oantense Lauro Flach morre aos 67 anos - Folha Popular\" \/>\n<meta property=\"og:description\" content=\"O m\u00fasico e empres\u00e1rio Lauro In\u00e1cio Flach faleceu aos 67 anos, nesta sexta-feira (7\/11), em Boa Vista do Sul, munic\u00edpio em que residia. Ele enfrentava um c\u00e2ncer. O vel\u00f3rio ocorre na Igreja S\u00e3o Francisco Xavier, com missa marcada para este s\u00e1bado (8\/11), \u00e0s 9h30. Ap\u00f3s a cerim\u00f4nia, o sepultamento ser\u00e1 realizado no cemit\u00e9rio local. Ligado [&hellip;]\" \/>\n<meta property=\"og:url\" content=\"https:\/\/folhapopular.info\/index.php\/2025\/11\/08\/musico-e-empresario-pocoantense-lauro-flach-morre-aos-67-anos\/\" \/>\n<meta property=\"og:site_name\" content=\"Folha Popular\" \/>\n<meta property=\"article:published_time\" content=\"2025-11-08T11:07:55+00:00\" \/>\n<meta property=\"article:modified_time\" content=\"2025-11-08T11:25:08+00:00\" \/>\n<meta property=\"og:image\" content=\"http:\/\/folhapopular.info\/wp-content\/uploads\/2025\/11\/WhatsApp-Image-2025-11-08-at-08.04.17-e1762600218506.jpeg\" \/>\n\t<meta property=\"og:image:width\" content=\"468\" \/>\n\t<meta property=\"og:image:height\" content=\"347\" \/>\n\t<meta property=\"og:image:type\" content=\"image\/jpeg\" \/>\n<meta name=\"author\" content=\"Reda\u00e7\u00e3o Folha Popular\" \/>\n<meta name=\"twitter:card\" content=\"summary_large_image\" \/>\n<meta name=\"twitter:label1\" content=\"Escrito por\" \/>\n\t<meta name=\"twitter:data1\" content=\"Reda\u00e7\u00e3o Folha Popular\" \/>\n\t<meta name=\"twitter:label2\" content=\"Est. tempo de leitura\" \/>\n\t<meta name=\"twitter:data2\" content=\"2 minutos\" \/>\n<script type=\"application\/ld+json\" class=\"yoast-schema-graph\">{\"@context\":\"https:\\\/\\\/schema.org\",\"@graph\":[{\"@type\":\"Article\",\"@id\":\"https:\\\/\\\/folhapopular.info\\\/index.php\\\/2025\\\/11\\\/08\\\/musico-e-empresario-pocoantense-lauro-flach-morre-aos-67-anos\\\/#article\",\"isPartOf\":{\"@id\":\"https:\\\/\\\/folhapopular.info\\\/index.php\\\/2025\\\/11\\\/08\\\/musico-e-empresario-pocoantense-lauro-flach-morre-aos-67-anos\\\/\"},\"author\":{\"name\":\"Reda\u00e7\u00e3o Folha Popular\",\"@id\":\"https:\\\/\\\/folhapopular.info\\\/#\\\/schema\\\/person\\\/2814e8a0df7643585a9ca38bc6eb9d4b\"},\"headline\":\"M\u00fasico e empres\u00e1rio po\u00e7oantense Lauro Flach morre aos 67 anos\",\"datePublished\":\"2025-11-08T11:07:55+00:00\",\"dateModified\":\"2025-11-08T11:25:08+00:00\",\"mainEntityOfPage\":{\"@id\":\"https:\\\/\\\/folhapopular.info\\\/index.php\\\/2025\\\/11\\\/08\\\/musico-e-empresario-pocoantense-lauro-flach-morre-aos-67-anos\\\/\"},\"wordCount\":218,\"commentCount\":0,\"image\":{\"@id\":\"https:\\\/\\\/folhapopular.info\\\/index.php\\\/2025\\\/11\\\/08\\\/musico-e-empresario-pocoantense-lauro-flach-morre-aos-67-anos\\\/#primaryimage\"},\"thumbnailUrl\":\"https:\\\/\\\/folhapopular.info\\\/wp-content\\\/uploads\\\/2025\\\/11\\\/WhatsApp-Image-2025-11-08-at-08.04.17-e1762600218506.jpeg\",\"keywords\":[\"M\u00fasico\",\"Obitu\u00e1rio\",\"Paulo In\u00e1cio Flach\",\"Po\u00e7o das Antas\"],\"articleSection\":[\"Destaques\",\"Obitu\u00e1rio\"],\"inLanguage\":\"pt-BR\",\"potentialAction\":[{\"@type\":\"CommentAction\",\"name\":\"Comment\",\"target\":[\"https:\\\/\\\/folhapopular.info\\\/index.php\\\/2025\\\/11\\\/08\\\/musico-e-empresario-pocoantense-lauro-flach-morre-aos-67-anos\\\/#respond\"]}]},{\"@type\":\"WebPage\",\"@id\":\"https:\\\/\\\/folhapopular.info\\\/index.php\\\/2025\\\/11\\\/08\\\/musico-e-empresario-pocoantense-lauro-flach-morre-aos-67-anos\\\/\",\"url\":\"https:\\\/\\\/folhapopular.info\\\/index.php\\\/2025\\\/11\\\/08\\\/musico-e-empresario-pocoantense-lauro-flach-morre-aos-67-anos\\\/\",\"name\":\"M\u00fasico e empres\u00e1rio po\u00e7oantense Lauro Flach morre aos 67 anos - Folha Popular\",\"isPartOf\":{\"@id\":\"https:\\\/\\\/folhapopular.info\\\/#website\"},\"primaryImageOfPage\":{\"@id\":\"https:\\\/\\\/folhapopular.info\\\/index.php\\\/2025\\\/11\\\/08\\\/musico-e-empresario-pocoantense-lauro-flach-morre-aos-67-anos\\\/#primaryimage\"},\"image\":{\"@id\":\"https:\\\/\\\/folhapopular.info\\\/index.php\\\/2025\\\/11\\\/08\\\/musico-e-empresario-pocoantense-lauro-flach-morre-aos-67-anos\\\/#primaryimage\"},\"thumbnailUrl\":\"https:\\\/\\\/folhapopular.info\\\/wp-content\\\/uploads\\\/2025\\\/11\\\/WhatsApp-Image-2025-11-08-at-08.04.17-e1762600218506.jpeg\",\"datePublished\":\"2025-11-08T11:07:55+00:00\",\"dateModified\":\"2025-11-08T11:25:08+00:00\",\"author\":{\"@id\":\"https:\\\/\\\/folhapopular.info\\\/#\\\/schema\\\/person\\\/2814e8a0df7643585a9ca38bc6eb9d4b\"},\"breadcrumb\":{\"@id\":\"https:\\\/\\\/folhapopular.info\\\/index.php\\\/2025\\\/11\\\/08\\\/musico-e-empresario-pocoantense-lauro-flach-morre-aos-67-anos\\\/#breadcrumb\"},\"inLanguage\":\"pt-BR\",\"potentialAction\":[{\"@type\":\"ReadAction\",\"target\":[\"https:\\\/\\\/folhapopular.info\\\/index.php\\\/2025\\\/11\\\/08\\\/musico-e-empresario-pocoantense-lauro-flach-morre-aos-67-anos\\\/\"]}]},{\"@type\":\"ImageObject\",\"inLanguage\":\"pt-BR\",\"@id\":\"https:\\\/\\\/folhapopular.info\\\/index.php\\\/2025\\\/11\\\/08\\\/musico-e-empresario-pocoantense-lauro-flach-morre-aos-67-anos\\\/#primaryimage\",\"url\":\"https:\\\/\\\/folhapopular.info\\\/wp-content\\\/uploads\\\/2025\\\/11\\\/WhatsApp-Image-2025-11-08-at-08.04.17-e1762600218506.jpeg\",\"contentUrl\":\"https:\\\/\\\/folhapopular.info\\\/wp-content\\\/uploads\\\/2025\\\/11\\\/WhatsApp-Image-2025-11-08-at-08.04.17-e1762600218506.jpeg\",\"width\":468,\"height\":347,\"caption\":\"Lauro \u00e9 natural de Po\u00e7o das Antas, mas residia em Boa Vista do Sul - Cr\u00e9dito: Divulga\u00e7\u00e3o\"},{\"@type\":\"BreadcrumbList\",\"@id\":\"https:\\\/\\\/folhapopular.info\\\/index.php\\\/2025\\\/11\\\/08\\\/musico-e-empresario-pocoantense-lauro-flach-morre-aos-67-anos\\\/#breadcrumb\",\"itemListElement\":[{\"@type\":\"ListItem\",\"position\":1,\"name\":\"In\u00edcio\",\"item\":\"https:\\\/\\\/folhapopular.info\\\/\"},{\"@type\":\"ListItem\",\"position\":2,\"name\":\"M\u00fasico e empres\u00e1rio po\u00e7oantense Lauro Flach morre aos 67 anos\"}]},{\"@type\":\"WebSite\",\"@id\":\"https:\\\/\\\/folhapopular.info\\\/#website\",\"url\":\"https:\\\/\\\/folhapopular.info\\\/\",\"name\":\"Folha Popular\",\"description\":\"Onde voc\u00ea tem vez e voz\",\"potentialAction\":[{\"@type\":\"SearchAction\",\"target\":{\"@type\":\"EntryPoint\",\"urlTemplate\":\"https:\\\/\\\/folhapopular.info\\\/?s={search_term_string}\"},\"query-input\":{\"@type\":\"PropertyValueSpecification\",\"valueRequired\":true,\"valueName\":\"search_term_string\"}}],\"inLanguage\":\"pt-BR\"},{\"@type\":\"Person\",\"@id\":\"https:\\\/\\\/folhapopular.info\\\/#\\\/schema\\\/person\\\/2814e8a0df7643585a9ca38bc6eb9d4b\",\"name\":\"Reda\u00e7\u00e3o Folha Popular\",\"image\":{\"@type\":\"ImageObject\",\"inLanguage\":\"pt-BR\",\"@id\":\"https:\\\/\\\/folhapopular.info\\\/wp-content\\\/uploads\\\/2026\\\/04\\\/Folha-1.webp\",\"url\":\"https:\\\/\\\/folhapopular.info\\\/wp-content\\\/uploads\\\/2026\\\/04\\\/Folha-1.webp\",\"contentUrl\":\"https:\\\/\\\/folhapopular.info\\\/wp-content\\\/uploads\\\/2026\\\/04\\\/Folha-1.webp\",\"caption\":\"Reda\u00e7\u00e3o Folha Popular\"},\"url\":\"https:\\\/\\\/folhapopular.info\\\/index.php\\\/author\\\/redacao\\\/\"}]}<\/script>\n<!-- \/ Yoast SEO plugin. -->","yoast_head_json":{"title":"M\u00fasico e empres\u00e1rio po\u00e7oantense Lauro Flach morre aos 67 anos - Folha Popular","robots":{"index":"index","follow":"follow","max-snippet":"max-snippet:-1","max-image-preview":"max-image-preview:large","max-video-preview":"max-video-preview:-1"},"canonical":"https:\/\/folhapopular.info\/index.php\/2025\/11\/08\/musico-e-empresario-pocoantense-lauro-flach-morre-aos-67-anos\/","og_locale":"pt_BR","og_type":"article","og_title":"M\u00fasico e empres\u00e1rio po\u00e7oantense Lauro Flach morre aos 67 anos - Folha Popular","og_description":"O m\u00fasico e empres\u00e1rio Lauro In\u00e1cio Flach faleceu aos 67 anos, nesta sexta-feira (7\/11), em Boa Vista do Sul, munic\u00edpio em que residia. Ele enfrentava um c\u00e2ncer. O vel\u00f3rio ocorre na Igreja S\u00e3o Francisco Xavier, com missa marcada para este s\u00e1bado (8\/11), \u00e0s 9h30. Ap\u00f3s a cerim\u00f4nia, o sepultamento ser\u00e1 realizado no cemit\u00e9rio local. Ligado [&hellip;]","og_url":"https:\/\/folhapopular.info\/index.php\/2025\/11\/08\/musico-e-empresario-pocoantense-lauro-flach-morre-aos-67-anos\/","og_site_name":"Folha Popular","article_published_time":"2025-11-08T11:07:55+00:00","article_modified_time":"2025-11-08T11:25:08+00:00","og_image":[{"width":468,"height":347,"url":"http:\/\/folhapopular.info\/wp-content\/uploads\/2025\/11\/WhatsApp-Image-2025-11-08-at-08.04.17-e1762600218506.jpeg","type":"image\/jpeg"}],"author":"Reda\u00e7\u00e3o Folha Popular","twitter_card":"summary_large_image","twitter_misc":{"Escrito por":"Reda\u00e7\u00e3o Folha Popular","Est. tempo de leitura":"2 minutos"},"schema":{"@context":"https:\/\/schema.org","@graph":[{"@type":"Article","@id":"https:\/\/folhapopular.info\/index.php\/2025\/11\/08\/musico-e-empresario-pocoantense-lauro-flach-morre-aos-67-anos\/#article","isPartOf":{"@id":"https:\/\/folhapopular.info\/index.php\/2025\/11\/08\/musico-e-empresario-pocoantense-lauro-flach-morre-aos-67-anos\/"},"author":{"name":"Reda\u00e7\u00e3o Folha Popular","@id":"https:\/\/folhapopular.info\/#\/schema\/person\/2814e8a0df7643585a9ca38bc6eb9d4b"},"headline":"M\u00fasico e empres\u00e1rio po\u00e7oantense Lauro Flach morre aos 67 anos","datePublished":"2025-11-08T11:07:55+00:00","dateModified":"2025-11-08T11:25:08+00:00","mainEntityOfPage":{"@id":"https:\/\/folhapopular.info\/index.php\/2025\/11\/08\/musico-e-empresario-pocoantense-lauro-flach-morre-aos-67-anos\/"},"wordCount":218,"commentCount":0,"image":{"@id":"https:\/\/folhapopular.info\/index.php\/2025\/11\/08\/musico-e-empresario-pocoantense-lauro-flach-morre-aos-67-anos\/#primaryimage"},"thumbnailUrl":"https:\/\/folhapopular.info\/wp-content\/uploads\/2025\/11\/WhatsApp-Image-2025-11-08-at-08.04.17-e1762600218506.jpeg","keywords":["M\u00fasico","Obitu\u00e1rio","Paulo In\u00e1cio Flach","Po\u00e7o das Antas"],"articleSection":["Destaques","Obitu\u00e1rio"],"inLanguage":"pt-BR","potentialAction":[{"@type":"CommentAction","name":"Comment","target":["https:\/\/folhapopular.info\/index.php\/2025\/11\/08\/musico-e-empresario-pocoantense-lauro-flach-morre-aos-67-anos\/#respond"]}]},{"@type":"WebPage","@id":"https:\/\/folhapopular.info\/index.php\/2025\/11\/08\/musico-e-empresario-pocoantense-lauro-flach-morre-aos-67-anos\/","url":"https:\/\/folhapopular.info\/index.php\/2025\/11\/08\/musico-e-empresario-pocoantense-lauro-flach-morre-aos-67-anos\/","name":"M\u00fasico e empres\u00e1rio po\u00e7oantense Lauro Flach morre aos 67 anos - Folha Popular","isPartOf":{"@id":"https:\/\/folhapopular.info\/#website"},"primaryImageOfPage":{"@id":"https:\/\/folhapopular.info\/index.php\/2025\/11\/08\/musico-e-empresario-pocoantense-lauro-flach-morre-aos-67-anos\/#primaryimage"},"image":{"@id":"https:\/\/folhapopular.info\/index.php\/2025\/11\/08\/musico-e-empresario-pocoantense-lauro-flach-morre-aos-67-anos\/#primaryimage"},"thumbnailUrl":"https:\/\/folhapopular.info\/wp-content\/uploads\/2025\/11\/WhatsApp-Image-2025-11-08-at-08.04.17-e1762600218506.jpeg","datePublished":"2025-11-08T11:07:55+00:00","dateModified":"2025-11-08T11:25:08+00:00","author":{"@id":"https:\/\/folhapopular.info\/#\/schema\/person\/2814e8a0df7643585a9ca38bc6eb9d4b"},"breadcrumb":{"@id":"https:\/\/folhapopular.info\/index.php\/2025\/11\/08\/musico-e-empresario-pocoantense-lauro-flach-morre-aos-67-anos\/#breadcrumb"},"inLanguage":"pt-BR","potentialAction":[{"@type":"ReadAction","target":["https:\/\/folhapopular.info\/index.php\/2025\/11\/08\/musico-e-empresario-pocoantense-lauro-flach-morre-aos-67-anos\/"]}]},{"@type":"ImageObject","inLanguage":"pt-BR","@id":"https:\/\/folhapopular.info\/index.php\/2025\/11\/08\/musico-e-empresario-pocoantense-lauro-flach-morre-aos-67-anos\/#primaryimage","url":"https:\/\/folhapopular.info\/wp-content\/uploads\/2025\/11\/WhatsApp-Image-2025-11-08-at-08.04.17-e1762600218506.jpeg","contentUrl":"https:\/\/folhapopular.info\/wp-content\/uploads\/2025\/11\/WhatsApp-Image-2025-11-08-at-08.04.17-e1762600218506.jpeg","width":468,"height":347,"caption":"Lauro \u00e9 natural de Po\u00e7o das Antas, mas residia em Boa Vista do Sul - Cr\u00e9dito: Divulga\u00e7\u00e3o"},{"@type":"BreadcrumbList","@id":"https:\/\/folhapopular.info\/index.php\/2025\/11\/08\/musico-e-empresario-pocoantense-lauro-flach-morre-aos-67-anos\/#breadcrumb","itemListElement":[{"@type":"ListItem","position":1,"name":"In\u00edcio","item":"https:\/\/folhapopular.info\/"},{"@type":"ListItem","position":2,"name":"M\u00fasico e empres\u00e1rio po\u00e7oantense Lauro Flach morre aos 67 anos"}]},{"@type":"WebSite","@id":"https:\/\/folhapopular.info\/#website","url":"https:\/\/folhapopular.info\/","name":"Folha Popular","description":"Onde voc\u00ea tem vez e voz","potentialAction":[{"@type":"SearchAction","target":{"@type":"EntryPoint","urlTemplate":"https:\/\/folhapopular.info\/?s={search_term_string}"},"query-input":{"@type":"PropertyValueSpecification","valueRequired":true,"valueName":"search_term_string"}}],"inLanguage":"pt-BR"},{"@type":"Person","@id":"https:\/\/folhapopular.info\/#\/schema\/person\/2814e8a0df7643585a9ca38bc6eb9d4b","name":"Reda\u00e7\u00e3o Folha Popular","image":{"@type":"ImageObject","inLanguage":"pt-BR","@id":"https:\/\/folhapopular.info\/wp-content\/uploads\/2026\/04\/Folha-1.webp","url":"https:\/\/folhapopular.info\/wp-content\/uploads\/2026\/04\/Folha-1.webp","contentUrl":"https:\/\/folhapopular.info\/wp-content\/uploads\/2026\/04\/Folha-1.webp","caption":"Reda\u00e7\u00e3o Folha Popular"},"url":"https:\/\/folhapopular.info\/index.php\/author\/redacao\/"}]}},"jetpack_featured_media_url":"https:\/\/folhapopular.info\/wp-content\/uploads\/2025\/11\/WhatsApp-Image-2025-11-08-at-08.04.17-e1762600218506.jpeg","jetpack_sharing_enabled":true,"amp_enabled":true,"_links":{"self":[{"href":"https:\/\/folhapopular.info\/index.php\/wp-json\/wp\/v2\/posts\/197861","targetHints":{"allow":["GET"]}}],"collection":[{"href":"https:\/\/folhapopular.info\/index.php\/wp-json\/wp\/v2\/posts"}],"about":[{"href":"https:\/\/folhapopular.info\/index.php\/wp-json\/wp\/v2\/types\/post"}],"author":[{"embeddable":true,"href":"https:\/\/folhapopular.info\/index.php\/wp-json\/wp\/v2\/users\/8"}],"replies":[{"embeddable":true,"href":"https:\/\/folhapopular.info\/index.php\/wp-json\/wp\/v2\/comments?post=197861"}],"version-history":[{"count":0,"href":"https:\/\/folhapopular.info\/index.php\/wp-json\/wp\/v2\/posts\/197861\/revisions"}],"wp:featuredmedia":[{"embeddable":true,"href":"https:\/\/folhapopular.info\/index.php\/wp-json\/wp\/v2\/media\/197870"}],"wp:attachment":[{"href":"https:\/\/folhapopular.info\/index.php\/wp-json\/wp\/v2\/media?parent=197861"}],"wp:term":[{"taxonomy":"category","embeddable":true,"href":"https:\/\/folhapopular.info\/index.php\/wp-json\/wp\/v2\/categories?post=197861"},{"taxonomy":"post_tag","embeddable":true,"href":"https:\/\/folhapopular.info\/index.php\/wp-json\/wp\/v2\/tags?post=197861"}],"curies":[{"name":"wp","href":"https:\/\/api.w.org\/{rel}","templated":true}]}}