{"id":198009,"date":"2025-11-10T10:00:00","date_gmt":"2025-11-10T13:00:00","guid":{"rendered":"https:\/\/folhapopular.info\/?p=198009"},"modified":"2025-11-10T08:46:12","modified_gmt":"2025-11-10T11:46:12","slug":"associados-sao-premiados-na-promocao-sorte-iluminada-da-certel","status":"publish","type":"post","link":"https:\/\/folhapopular.info\/index.php\/2025\/11\/10\/associados-sao-premiados-na-promocao-sorte-iluminada-da-certel\/","title":{"rendered":"Associados s\u00e3o premiados na Promo\u00e7\u00e3o Sorte Iluminada da Certel"},"content":{"rendered":"\n<p>A Promo\u00e7\u00e3o Sorte Iluminada da Coopeativa Certel premiou associados que realizam o pagamento das faturas de energia por d\u00e9bito em conta ou Pix. Entre os contemplados est\u00e1 Cliri H\u00fcbner, moradora de Linha Perau, em Marques de Souza, que recebeu o pr\u00eamio de um ano de fatura de energia gratuita, limitado ao valor mensal de R$ 300,00.<\/p>\n\n\n\n<p>Cliri destacou a utilidade do pr\u00eamio no or\u00e7amento familiar. \u201cEu fiquei muito feliz, \u00e9 uma conta que eu n\u00e3o vou precisar pagar. S\u00f3 dizer muito obrigada, muitos elogios. Tudo posso naquele que me fortalece. Cada real faz diferen\u00e7a\u201d, comentou. Com 89 anos, Cliri mora na mesma comunidade h\u00e1 70 anos e \u00e9 associada da Certel h\u00e1 mais de seis d\u00e9cadas. <\/p>\n\n\n\n<p>Outro contemplado foi Germano Elias Hollmann, morador do Bairro Teut\u00f4nia, em Teut\u00f4nia, que recebeu um vale-compra de R$ 1.000,00 das Lojas Certel no primeiro sorteio da promo\u00e7\u00e3o. A entrega foi feita na sede administrativa da cooperativa.<\/p>\n\n\n\n<h2 class=\"wp-block-heading\"><strong>Pr\u00f3ximos sorteios <\/strong><\/h2>\n\n\n\n<p>Data da apura\u00e7\u00e3o: 10\/12\/2025;<\/p>\n\n\n\n<p>Per\u00edodo de participa\u00e7\u00e3o: 1\/11\/202 a 30\/11\/2025;<\/p>\n\n\n\n<p>Data do sorteio da Loteria Federal: 6\/12\/2025.<\/p>\n\n\n\n<h2 class=\"wp-block-heading\"><strong>Pr\u00eamios<\/strong><\/h2>\n\n\n\n<p>4 contemplados com 1 ano de fatura de energia gr\u00e1tis, limitado ao valor de R$ 300,00 por m\u00eas;<\/p>\n\n\n\n<p>22 contemplados com um vale-compra de R$ 500,00 das Lojas Certel;<\/p>\n\n\n\n<p>3 contemplados com um vale-compra de R$ 1.000,00 das Lojas Certel.<\/p>\n\n\n\n<p><\/p>\n","protected":false},"excerpt":{"rendered":"<p>A Promo\u00e7\u00e3o Sorte Iluminada da Coopeativa Certel premiou associados que realizam o pagamento das faturas de energia por d\u00e9bito em conta ou Pix. Entre os contemplados est\u00e1 Cliri H\u00fcbner, moradora de Linha Perau, em Marques de Souza, que recebeu o pr\u00eamio de um ano de fatura de energia gratuita, limitado ao valor mensal de R$ [&hellip;]<\/p>\n","protected":false},"author":8,"featured_media":198011,"comment_status":"open","ping_status":"open","sticky":false,"template":"","format":"standard","meta":{"pmpro_default_level":"","_jetpack_memberships_contains_paid_content":false,"footnotes":""},"categories":[2,10991],"tags":[291,2858,19902,19365],"class_list":{"0":"post-198009","1":"post","2":"type-post","3":"status-publish","4":"format-standard","5":"has-post-thumbnail","7":"category-featured","8":"category-economia","9":"tag-certel","10":"tag-cooperativa-certel","11":"tag-promocao-sorte-iluminada","12":"tag-sorte-iluminada","13":"pmpro-has-access"},"yoast_head":"<!-- This site is optimized with the Yoast SEO plugin v27.5 - https:\/\/yoast.com\/product\/yoast-seo-wordpress\/ -->\n<title>Associados s\u00e3o premiados na Promo\u00e7\u00e3o Sorte Iluminada da Certel - Folha Popular<\/title>\n<meta name=\"robots\" content=\"index, follow, max-snippet:-1, max-image-preview:large, max-video-preview:-1\" \/>\n<link rel=\"canonical\" href=\"https:\/\/folhapopular.info\/index.php\/2025\/11\/10\/associados-sao-premiados-na-promocao-sorte-iluminada-da-certel\/\" \/>\n<meta property=\"og:locale\" content=\"pt_BR\" \/>\n<meta property=\"og:type\" content=\"article\" \/>\n<meta property=\"og:title\" content=\"Associados s\u00e3o premiados na Promo\u00e7\u00e3o Sorte Iluminada da Certel - Folha Popular\" \/>\n<meta property=\"og:description\" content=\"A Promo\u00e7\u00e3o Sorte Iluminada da Coopeativa Certel premiou associados que realizam o pagamento das faturas de energia por d\u00e9bito em conta ou Pix. Entre os contemplados est\u00e1 Cliri H\u00fcbner, moradora de Linha Perau, em Marques de Souza, que recebeu o pr\u00eamio de um ano de fatura de energia gratuita, limitado ao valor mensal de R$ [&hellip;]\" \/>\n<meta property=\"og:url\" content=\"https:\/\/folhapopular.info\/index.php\/2025\/11\/10\/associados-sao-premiados-na-promocao-sorte-iluminada-da-certel\/\" \/>\n<meta property=\"og:site_name\" content=\"Folha Popular\" \/>\n<meta property=\"article:published_time\" content=\"2025-11-10T13:00:00+00:00\" \/>\n<meta property=\"og:image\" content=\"https:\/\/folhapopular.info\/wp-content\/uploads\/2025\/11\/Germano-Hollmann-do-Bairro-Teutonia-Teutonia_Credito-Samuel-Dickel-Bunecker_Divulgacao.jpeg\" \/>\n\t<meta property=\"og:image:width\" content=\"1600\" \/>\n\t<meta property=\"og:image:height\" content=\"1066\" \/>\n\t<meta property=\"og:image:type\" content=\"image\/jpeg\" \/>\n<meta name=\"author\" content=\"Reda\u00e7\u00e3o Folha Popular\" \/>\n<meta name=\"twitter:card\" content=\"summary_large_image\" \/>\n<meta name=\"twitter:label1\" content=\"Escrito por\" \/>\n\t<meta name=\"twitter:data1\" content=\"Reda\u00e7\u00e3o Folha Popular\" \/>\n\t<meta name=\"twitter:label2\" content=\"Est. tempo de leitura\" \/>\n\t<meta name=\"twitter:data2\" content=\"2 minutos\" \/>\n<script type=\"application\/ld+json\" class=\"yoast-schema-graph\">{\"@context\":\"https:\\\/\\\/schema.org\",\"@graph\":[{\"@type\":\"Article\",\"@id\":\"https:\\\/\\\/folhapopular.info\\\/index.php\\\/2025\\\/11\\\/10\\\/associados-sao-premiados-na-promocao-sorte-iluminada-da-certel\\\/#article\",\"isPartOf\":{\"@id\":\"https:\\\/\\\/folhapopular.info\\\/index.php\\\/2025\\\/11\\\/10\\\/associados-sao-premiados-na-promocao-sorte-iluminada-da-certel\\\/\"},\"author\":{\"name\":\"Reda\u00e7\u00e3o Folha Popular\",\"@id\":\"https:\\\/\\\/folhapopular.info\\\/#\\\/schema\\\/person\\\/2814e8a0df7643585a9ca38bc6eb9d4b\"},\"headline\":\"Associados s\u00e3o premiados na Promo\u00e7\u00e3o Sorte Iluminada da Certel\",\"datePublished\":\"2025-11-10T13:00:00+00:00\",\"mainEntityOfPage\":{\"@id\":\"https:\\\/\\\/folhapopular.info\\\/index.php\\\/2025\\\/11\\\/10\\\/associados-sao-premiados-na-promocao-sorte-iluminada-da-certel\\\/\"},\"wordCount\":225,\"commentCount\":0,\"image\":{\"@id\":\"https:\\\/\\\/folhapopular.info\\\/index.php\\\/2025\\\/11\\\/10\\\/associados-sao-premiados-na-promocao-sorte-iluminada-da-certel\\\/#primaryimage\"},\"thumbnailUrl\":\"https:\\\/\\\/folhapopular.info\\\/wp-content\\\/uploads\\\/2025\\\/11\\\/Germano-Hollmann-do-Bairro-Teutonia-Teutonia_Credito-Samuel-Dickel-Bunecker_Divulgacao.jpeg\",\"keywords\":[\"Certel\",\"Cooperativa Certel\",\"Promo\u00e7\u00e3o Sorte Iluminada\",\"Sorte Iluminada\"],\"articleSection\":[\"Destaques\",\"Economia\"],\"inLanguage\":\"pt-BR\",\"potentialAction\":[{\"@type\":\"CommentAction\",\"name\":\"Comment\",\"target\":[\"https:\\\/\\\/folhapopular.info\\\/index.php\\\/2025\\\/11\\\/10\\\/associados-sao-premiados-na-promocao-sorte-iluminada-da-certel\\\/#respond\"]}]},{\"@type\":\"WebPage\",\"@id\":\"https:\\\/\\\/folhapopular.info\\\/index.php\\\/2025\\\/11\\\/10\\\/associados-sao-premiados-na-promocao-sorte-iluminada-da-certel\\\/\",\"url\":\"https:\\\/\\\/folhapopular.info\\\/index.php\\\/2025\\\/11\\\/10\\\/associados-sao-premiados-na-promocao-sorte-iluminada-da-certel\\\/\",\"name\":\"Associados s\u00e3o premiados na Promo\u00e7\u00e3o Sorte Iluminada da Certel - Folha Popular\",\"isPartOf\":{\"@id\":\"https:\\\/\\\/folhapopular.info\\\/#website\"},\"primaryImageOfPage\":{\"@id\":\"https:\\\/\\\/folhapopular.info\\\/index.php\\\/2025\\\/11\\\/10\\\/associados-sao-premiados-na-promocao-sorte-iluminada-da-certel\\\/#primaryimage\"},\"image\":{\"@id\":\"https:\\\/\\\/folhapopular.info\\\/index.php\\\/2025\\\/11\\\/10\\\/associados-sao-premiados-na-promocao-sorte-iluminada-da-certel\\\/#primaryimage\"},\"thumbnailUrl\":\"https:\\\/\\\/folhapopular.info\\\/wp-content\\\/uploads\\\/2025\\\/11\\\/Germano-Hollmann-do-Bairro-Teutonia-Teutonia_Credito-Samuel-Dickel-Bunecker_Divulgacao.jpeg\",\"datePublished\":\"2025-11-10T13:00:00+00:00\",\"author\":{\"@id\":\"https:\\\/\\\/folhapopular.info\\\/#\\\/schema\\\/person\\\/2814e8a0df7643585a9ca38bc6eb9d4b\"},\"breadcrumb\":{\"@id\":\"https:\\\/\\\/folhapopular.info\\\/index.php\\\/2025\\\/11\\\/10\\\/associados-sao-premiados-na-promocao-sorte-iluminada-da-certel\\\/#breadcrumb\"},\"inLanguage\":\"pt-BR\",\"potentialAction\":[{\"@type\":\"ReadAction\",\"target\":[\"https:\\\/\\\/folhapopular.info\\\/index.php\\\/2025\\\/11\\\/10\\\/associados-sao-premiados-na-promocao-sorte-iluminada-da-certel\\\/\"]}]},{\"@type\":\"ImageObject\",\"inLanguage\":\"pt-BR\",\"@id\":\"https:\\\/\\\/folhapopular.info\\\/index.php\\\/2025\\\/11\\\/10\\\/associados-sao-premiados-na-promocao-sorte-iluminada-da-certel\\\/#primaryimage\",\"url\":\"https:\\\/\\\/folhapopular.info\\\/wp-content\\\/uploads\\\/2025\\\/11\\\/Germano-Hollmann-do-Bairro-Teutonia-Teutonia_Credito-Samuel-Dickel-Bunecker_Divulgacao.jpeg\",\"contentUrl\":\"https:\\\/\\\/folhapopular.info\\\/wp-content\\\/uploads\\\/2025\\\/11\\\/Germano-Hollmann-do-Bairro-Teutonia-Teutonia_Credito-Samuel-Dickel-Bunecker_Divulgacao.jpeg\",\"width\":1600,\"height\":1066,\"caption\":\"Cr\u00e9dito: Divulga\u00e7\u00e3o\"},{\"@type\":\"BreadcrumbList\",\"@id\":\"https:\\\/\\\/folhapopular.info\\\/index.php\\\/2025\\\/11\\\/10\\\/associados-sao-premiados-na-promocao-sorte-iluminada-da-certel\\\/#breadcrumb\",\"itemListElement\":[{\"@type\":\"ListItem\",\"position\":1,\"name\":\"In\u00edcio\",\"item\":\"https:\\\/\\\/folhapopular.info\\\/\"},{\"@type\":\"ListItem\",\"position\":2,\"name\":\"Associados s\u00e3o premiados na Promo\u00e7\u00e3o Sorte Iluminada da Certel\"}]},{\"@type\":\"WebSite\",\"@id\":\"https:\\\/\\\/folhapopular.info\\\/#website\",\"url\":\"https:\\\/\\\/folhapopular.info\\\/\",\"name\":\"Folha Popular\",\"description\":\"Onde voc\u00ea tem vez e voz\",\"potentialAction\":[{\"@type\":\"SearchAction\",\"target\":{\"@type\":\"EntryPoint\",\"urlTemplate\":\"https:\\\/\\\/folhapopular.info\\\/?s={search_term_string}\"},\"query-input\":{\"@type\":\"PropertyValueSpecification\",\"valueRequired\":true,\"valueName\":\"search_term_string\"}}],\"inLanguage\":\"pt-BR\"},{\"@type\":\"Person\",\"@id\":\"https:\\\/\\\/folhapopular.info\\\/#\\\/schema\\\/person\\\/2814e8a0df7643585a9ca38bc6eb9d4b\",\"name\":\"Reda\u00e7\u00e3o Folha Popular\",\"image\":{\"@type\":\"ImageObject\",\"inLanguage\":\"pt-BR\",\"@id\":\"https:\\\/\\\/folhapopular.info\\\/wp-content\\\/uploads\\\/2026\\\/04\\\/Folha-1.webp\",\"url\":\"https:\\\/\\\/folhapopular.info\\\/wp-content\\\/uploads\\\/2026\\\/04\\\/Folha-1.webp\",\"contentUrl\":\"https:\\\/\\\/folhapopular.info\\\/wp-content\\\/uploads\\\/2026\\\/04\\\/Folha-1.webp\",\"caption\":\"Reda\u00e7\u00e3o Folha Popular\"},\"url\":\"https:\\\/\\\/folhapopular.info\\\/index.php\\\/author\\\/redacao\\\/\"}]}<\/script>\n<!-- \/ Yoast SEO plugin. -->","yoast_head_json":{"title":"Associados s\u00e3o premiados na Promo\u00e7\u00e3o Sorte Iluminada da Certel - Folha Popular","robots":{"index":"index","follow":"follow","max-snippet":"max-snippet:-1","max-image-preview":"max-image-preview:large","max-video-preview":"max-video-preview:-1"},"canonical":"https:\/\/folhapopular.info\/index.php\/2025\/11\/10\/associados-sao-premiados-na-promocao-sorte-iluminada-da-certel\/","og_locale":"pt_BR","og_type":"article","og_title":"Associados s\u00e3o premiados na Promo\u00e7\u00e3o Sorte Iluminada da Certel - Folha Popular","og_description":"A Promo\u00e7\u00e3o Sorte Iluminada da Coopeativa Certel premiou associados que realizam o pagamento das faturas de energia por d\u00e9bito em conta ou Pix. Entre os contemplados est\u00e1 Cliri H\u00fcbner, moradora de Linha Perau, em Marques de Souza, que recebeu o pr\u00eamio de um ano de fatura de energia gratuita, limitado ao valor mensal de R$ [&hellip;]","og_url":"https:\/\/folhapopular.info\/index.php\/2025\/11\/10\/associados-sao-premiados-na-promocao-sorte-iluminada-da-certel\/","og_site_name":"Folha Popular","article_published_time":"2025-11-10T13:00:00+00:00","og_image":[{"width":1600,"height":1066,"url":"https:\/\/folhapopular.info\/wp-content\/uploads\/2025\/11\/Germano-Hollmann-do-Bairro-Teutonia-Teutonia_Credito-Samuel-Dickel-Bunecker_Divulgacao.jpeg","type":"image\/jpeg"}],"author":"Reda\u00e7\u00e3o Folha Popular","twitter_card":"summary_large_image","twitter_misc":{"Escrito por":"Reda\u00e7\u00e3o Folha Popular","Est. tempo de leitura":"2 minutos"},"schema":{"@context":"https:\/\/schema.org","@graph":[{"@type":"Article","@id":"https:\/\/folhapopular.info\/index.php\/2025\/11\/10\/associados-sao-premiados-na-promocao-sorte-iluminada-da-certel\/#article","isPartOf":{"@id":"https:\/\/folhapopular.info\/index.php\/2025\/11\/10\/associados-sao-premiados-na-promocao-sorte-iluminada-da-certel\/"},"author":{"name":"Reda\u00e7\u00e3o Folha Popular","@id":"https:\/\/folhapopular.info\/#\/schema\/person\/2814e8a0df7643585a9ca38bc6eb9d4b"},"headline":"Associados s\u00e3o premiados na Promo\u00e7\u00e3o Sorte Iluminada da Certel","datePublished":"2025-11-10T13:00:00+00:00","mainEntityOfPage":{"@id":"https:\/\/folhapopular.info\/index.php\/2025\/11\/10\/associados-sao-premiados-na-promocao-sorte-iluminada-da-certel\/"},"wordCount":225,"commentCount":0,"image":{"@id":"https:\/\/folhapopular.info\/index.php\/2025\/11\/10\/associados-sao-premiados-na-promocao-sorte-iluminada-da-certel\/#primaryimage"},"thumbnailUrl":"https:\/\/folhapopular.info\/wp-content\/uploads\/2025\/11\/Germano-Hollmann-do-Bairro-Teutonia-Teutonia_Credito-Samuel-Dickel-Bunecker_Divulgacao.jpeg","keywords":["Certel","Cooperativa Certel","Promo\u00e7\u00e3o Sorte Iluminada","Sorte Iluminada"],"articleSection":["Destaques","Economia"],"inLanguage":"pt-BR","potentialAction":[{"@type":"CommentAction","name":"Comment","target":["https:\/\/folhapopular.info\/index.php\/2025\/11\/10\/associados-sao-premiados-na-promocao-sorte-iluminada-da-certel\/#respond"]}]},{"@type":"WebPage","@id":"https:\/\/folhapopular.info\/index.php\/2025\/11\/10\/associados-sao-premiados-na-promocao-sorte-iluminada-da-certel\/","url":"https:\/\/folhapopular.info\/index.php\/2025\/11\/10\/associados-sao-premiados-na-promocao-sorte-iluminada-da-certel\/","name":"Associados s\u00e3o premiados na Promo\u00e7\u00e3o Sorte Iluminada da Certel - Folha Popular","isPartOf":{"@id":"https:\/\/folhapopular.info\/#website"},"primaryImageOfPage":{"@id":"https:\/\/folhapopular.info\/index.php\/2025\/11\/10\/associados-sao-premiados-na-promocao-sorte-iluminada-da-certel\/#primaryimage"},"image":{"@id":"https:\/\/folhapopular.info\/index.php\/2025\/11\/10\/associados-sao-premiados-na-promocao-sorte-iluminada-da-certel\/#primaryimage"},"thumbnailUrl":"https:\/\/folhapopular.info\/wp-content\/uploads\/2025\/11\/Germano-Hollmann-do-Bairro-Teutonia-Teutonia_Credito-Samuel-Dickel-Bunecker_Divulgacao.jpeg","datePublished":"2025-11-10T13:00:00+00:00","author":{"@id":"https:\/\/folhapopular.info\/#\/schema\/person\/2814e8a0df7643585a9ca38bc6eb9d4b"},"breadcrumb":{"@id":"https:\/\/folhapopular.info\/index.php\/2025\/11\/10\/associados-sao-premiados-na-promocao-sorte-iluminada-da-certel\/#breadcrumb"},"inLanguage":"pt-BR","potentialAction":[{"@type":"ReadAction","target":["https:\/\/folhapopular.info\/index.php\/2025\/11\/10\/associados-sao-premiados-na-promocao-sorte-iluminada-da-certel\/"]}]},{"@type":"ImageObject","inLanguage":"pt-BR","@id":"https:\/\/folhapopular.info\/index.php\/2025\/11\/10\/associados-sao-premiados-na-promocao-sorte-iluminada-da-certel\/#primaryimage","url":"https:\/\/folhapopular.info\/wp-content\/uploads\/2025\/11\/Germano-Hollmann-do-Bairro-Teutonia-Teutonia_Credito-Samuel-Dickel-Bunecker_Divulgacao.jpeg","contentUrl":"https:\/\/folhapopular.info\/wp-content\/uploads\/2025\/11\/Germano-Hollmann-do-Bairro-Teutonia-Teutonia_Credito-Samuel-Dickel-Bunecker_Divulgacao.jpeg","width":1600,"height":1066,"caption":"Cr\u00e9dito: Divulga\u00e7\u00e3o"},{"@type":"BreadcrumbList","@id":"https:\/\/folhapopular.info\/index.php\/2025\/11\/10\/associados-sao-premiados-na-promocao-sorte-iluminada-da-certel\/#breadcrumb","itemListElement":[{"@type":"ListItem","position":1,"name":"In\u00edcio","item":"https:\/\/folhapopular.info\/"},{"@type":"ListItem","position":2,"name":"Associados s\u00e3o premiados na Promo\u00e7\u00e3o Sorte Iluminada da Certel"}]},{"@type":"WebSite","@id":"https:\/\/folhapopular.info\/#website","url":"https:\/\/folhapopular.info\/","name":"Folha Popular","description":"Onde voc\u00ea tem vez e voz","potentialAction":[{"@type":"SearchAction","target":{"@type":"EntryPoint","urlTemplate":"https:\/\/folhapopular.info\/?s={search_term_string}"},"query-input":{"@type":"PropertyValueSpecification","valueRequired":true,"valueName":"search_term_string"}}],"inLanguage":"pt-BR"},{"@type":"Person","@id":"https:\/\/folhapopular.info\/#\/schema\/person\/2814e8a0df7643585a9ca38bc6eb9d4b","name":"Reda\u00e7\u00e3o Folha Popular","image":{"@type":"ImageObject","inLanguage":"pt-BR","@id":"https:\/\/folhapopular.info\/wp-content\/uploads\/2026\/04\/Folha-1.webp","url":"https:\/\/folhapopular.info\/wp-content\/uploads\/2026\/04\/Folha-1.webp","contentUrl":"https:\/\/folhapopular.info\/wp-content\/uploads\/2026\/04\/Folha-1.webp","caption":"Reda\u00e7\u00e3o Folha Popular"},"url":"https:\/\/folhapopular.info\/index.php\/author\/redacao\/"}]}},"jetpack_featured_media_url":"https:\/\/folhapopular.info\/wp-content\/uploads\/2025\/11\/Germano-Hollmann-do-Bairro-Teutonia-Teutonia_Credito-Samuel-Dickel-Bunecker_Divulgacao.jpeg","jetpack_sharing_enabled":true,"amp_enabled":true,"_links":{"self":[{"href":"https:\/\/folhapopular.info\/index.php\/wp-json\/wp\/v2\/posts\/198009","targetHints":{"allow":["GET"]}}],"collection":[{"href":"https:\/\/folhapopular.info\/index.php\/wp-json\/wp\/v2\/posts"}],"about":[{"href":"https:\/\/folhapopular.info\/index.php\/wp-json\/wp\/v2\/types\/post"}],"author":[{"embeddable":true,"href":"https:\/\/folhapopular.info\/index.php\/wp-json\/wp\/v2\/users\/8"}],"replies":[{"embeddable":true,"href":"https:\/\/folhapopular.info\/index.php\/wp-json\/wp\/v2\/comments?post=198009"}],"version-history":[{"count":0,"href":"https:\/\/folhapopular.info\/index.php\/wp-json\/wp\/v2\/posts\/198009\/revisions"}],"wp:featuredmedia":[{"embeddable":true,"href":"https:\/\/folhapopular.info\/index.php\/wp-json\/wp\/v2\/media\/198011"}],"wp:attachment":[{"href":"https:\/\/folhapopular.info\/index.php\/wp-json\/wp\/v2\/media?parent=198009"}],"wp:term":[{"taxonomy":"category","embeddable":true,"href":"https:\/\/folhapopular.info\/index.php\/wp-json\/wp\/v2\/categories?post=198009"},{"taxonomy":"post_tag","embeddable":true,"href":"https:\/\/folhapopular.info\/index.php\/wp-json\/wp\/v2\/tags?post=198009"}],"curies":[{"name":"wp","href":"https:\/\/api.w.org\/{rel}","templated":true}]}}