{"id":198171,"date":"2025-11-12T10:30:00","date_gmt":"2025-11-12T13:30:00","guid":{"rendered":"https:\/\/folhapopular.info\/?p=198171"},"modified":"2025-11-12T09:22:17","modified_gmt":"2025-11-12T12:22:17","slug":"semana-do-empreendedor-inicia-com-homenagens-a-empresas-de-estrela","status":"publish","type":"post","link":"https:\/\/folhapopular.info\/index.php\/2025\/11\/12\/semana-do-empreendedor-inicia-com-homenagens-a-empresas-de-estrela\/","title":{"rendered":"Semana do Empreendedor inicia com homenagens a empresas de Estrela"},"content":{"rendered":"\n<p>A Semana do Empreendedor de Estrela iniciou nesta segunda-feira (10\/11) em sess\u00e3o oficial da C\u00e2mara de Vereadores. Na ocasi\u00e3o, cada um dos vereadores homenageou um empreendimento estrelense. As empresas homenageadas foram Canto do Churrasco, Rodambros, Humanize, PeD Bebidas, P\u00f3rtico Estruturas, Alambique Berwanger, Estrela Cardans, Truck Center Sul Implementos, Borba M\u00e1quinas, Loja D\u2019Casa, Mercado Noeli e Follmaq \u2013 Follmann Cal\u00e7ados e Confec\u00e7\u00f5es.<\/p>\n\n\n\n<p>O vereador Fabiano Hauschild representou a P\u00f3rtico e destacou a empresa. \u201cCom muito orgulho homenageei a P\u00f3rtico Estruturas, localizada no Distrito de Cost\u00e3o. \u00c9 uma empresa que acreditou em Estrela, no nosso distrito e que desconhece os limites\u201d, disse.<\/p>\n\n\n\n<p>J\u00e1 o vereador Valder\u00eas Oliveira da Rosa \u201cManinho\u201d homenageou o Mercado Noeli. \u201c\u00c9 uma empresa familiar e possui uma grande identidade com o Bairro das Ind\u00fastrias. \u00c9 o primeiro mercado que nasceu l\u00e1, viu o bairro crescer e cresceu junto\u201d, afirma.<\/p>\n\n\n\n<p>A Semana do Empreendedor \u00e9 direcionado para empres\u00e1rios, mas tamb\u00e9m busca estimular os jovens, atrav\u00e9s de palestras. \u201cQueremos desenvolver o seu sentimento de empreendedorismo, porque eles ser\u00e3o o nosso futuro e o desse munic\u00edpio\u201d, ressalta a prefeita Carine Schwingel.<\/p>\n\n\n\n<p>Nessa ter\u00e7a-feira (11\/11), a programa\u00e7\u00e3o foi voltada especialmente para esse p\u00fablico. Durante o dia, alunos do 6\u00ba ao 9\u00ba ano das escolas de Estrela participaram de palestras. \u00c0 noite, foi a vez do Ensino M\u00e9dio. \u201cTivemos tr\u00eas sess\u00f5es de palestras focadas para os estudantes das tr\u00eas redes de ensino de Estrela. Queremos instig\u00e1-los a empreender, a pensar diferente\u201d, explica o secret\u00e1rio de Educa\u00e7\u00e3o, <em>Paulo Gustavo Sehn.<\/em><\/p>\n\n\n\n<p>A Semana do Empreendedor segue at\u00e9 esta quinta-feira (13\/11) com palestras e outros eventos, como o F\u00f3rum do Turismo e o Semin\u00e1rio da Agricultura Familiar.<\/p>\n\n\n\n<p>O presidente da C\u00e2mara de Com\u00e9rcio, Ind\u00fastria, Servi\u00e7os e Agroneg\u00f3cio (Cacis) de Estrela, Claus Wallauer, convida a popula\u00e7\u00e3o. \u201cOs treinamentos falam de inova\u00e7\u00e3o, tecnologia, novas tend\u00eancias. Ser\u00e3o mais de 25 atividades. Essa programa\u00e7\u00e3o vem para ajudar o maior capital que n\u00f3s temos nas nossas empresas, que s\u00e3o as pessoas\u201d, afirma.<\/p>\n\n\n\n<p>Os encontros abordar\u00e3o temas como intelig\u00eancia artificial, log\u00edstica, marketing digital, turismo e agroneg\u00f3cio. \u201c\u00c9 um grande evento. Queremos oportunizar diferentes palestras e que gerem resultados a todos os nossos empreendedores\u201d afirma a prefeita.<\/p>\n\n\n\n<p>Ela ainda destaca um lan\u00e7amento para os Microempreendedores Individuais (MEIs): \u201cO programa Portal MEI vai facilitar a divulga\u00e7\u00e3o dos nossos prestadores de servi\u00e7o\u201d, diz.<\/p>\n\n\n\n<p>Nesta quarta-feira (12\/11) ocorrem atividades em diferentes locais. Na Cacis, ser\u00e1 realizada a palestra \u201cDesvendando a IA: estrat\u00e9gias para inovar\u201d. No Memorial da Cultura, o F\u00f3rum do Turismo ter\u00e1 palestras e apresenta\u00e7\u00f5es sobre invent\u00e1rio tur\u00edstico, linhas de cr\u00e9dito e projetos voltados \u00e0 sustentabilidade.<\/p>\n\n\n\n<p>\u00c0 noite, na Sociedade Gin\u00e1stica Estrela (Soges), haver\u00e1 um painel com empres\u00e1rios locais e a palestra \u201cO novo todo dia: labor, amor e bom humor\u201d. Tamb\u00e9m haver\u00e1 palestra na OAB sobre \u201cIntelig\u00eancia Artificial e a Advocacia do Futuro \u2013 IA na Pr\u00e1tica\u201d. Na Feira do Produtor, ocorre o Semin\u00e1rio da Agricultura Familiar.<\/p>\n\n\n\n<p>J\u00e1 nesta quinta-feira, a C\u00e2mara de Vereadores sediar\u00e1 o Feir\u00e3o de Cr\u00e9dito, com atendimento em dois turnos. Na Cacis, as palestras abordar\u00e3o intelig\u00eancia artificial para empreendedores, reforma tribut\u00e1ria e compras p\u00fablicas, com participa\u00e7\u00e3o do Sebrae. \u00c0 noite, na Soges, acontece o jantar de encerramento e premia\u00e7\u00e3o, com reconhecimento a empresas e personalidades que contribuem para o desenvolvimento de Estrela.<\/p>\n\n\n\n<figure class=\"wp-block-gallery has-nested-images columns-default is-cropped wp-block-gallery-1 is-layout-flex wp-block-gallery-is-layout-flex\">\n<figure class=\"wp-block-image size-large\"><img loading=\"lazy\" decoding=\"async\" width=\"768\" height=\"1024\" data-id=\"198176\" src=\"https:\/\/folhapopular.info\/wp-content\/uploads\/2025\/11\/Vereador-Fabiano-Hauschild-768x1024.jpg\" alt=\"\" class=\"wp-image-198176\" srcset=\"https:\/\/folhapopular.info\/wp-content\/uploads\/2025\/11\/Vereador-Fabiano-Hauschild-768x1024.jpg 768w, https:\/\/folhapopular.info\/wp-content\/uploads\/2025\/11\/Vereador-Fabiano-Hauschild-225x300.jpg 225w, https:\/\/folhapopular.info\/wp-content\/uploads\/2025\/11\/Vereador-Fabiano-Hauschild-315x420.jpg 315w, https:\/\/folhapopular.info\/wp-content\/uploads\/2025\/11\/Vereador-Fabiano-Hauschild-696x928.jpg 696w, https:\/\/folhapopular.info\/wp-content\/uploads\/2025\/11\/Vereador-Fabiano-Hauschild.jpg 960w\" sizes=\"auto, (max-width: 768px) 100vw, 768px\" \/><figcaption class=\"wp-element-caption\">Vereador Fabiano Hauschild<\/figcaption><\/figure>\n\n\n\n<figure class=\"wp-block-image size-large\"><img loading=\"lazy\" decoding=\"async\" width=\"768\" height=\"1024\" data-id=\"198174\" src=\"https:\/\/folhapopular.info\/wp-content\/uploads\/2025\/11\/Vereador-Valderes-Oliveira-da-Rosa-768x1024.jpg\" alt=\"\" class=\"wp-image-198174\" srcset=\"https:\/\/folhapopular.info\/wp-content\/uploads\/2025\/11\/Vereador-Valderes-Oliveira-da-Rosa-768x1024.jpg 768w, https:\/\/folhapopular.info\/wp-content\/uploads\/2025\/11\/Vereador-Valderes-Oliveira-da-Rosa-225x300.jpg 225w, https:\/\/folhapopular.info\/wp-content\/uploads\/2025\/11\/Vereador-Valderes-Oliveira-da-Rosa-315x420.jpg 315w, https:\/\/folhapopular.info\/wp-content\/uploads\/2025\/11\/Vereador-Valderes-Oliveira-da-Rosa-696x928.jpg 696w, https:\/\/folhapopular.info\/wp-content\/uploads\/2025\/11\/Vereador-Valderes-Oliveira-da-Rosa.jpg 960w\" sizes=\"auto, (max-width: 768px) 100vw, 768px\" \/><figcaption class=\"wp-element-caption\">Vereador Valder\u00eas Oliveira da Rosa<\/figcaption><\/figure>\n<figcaption class=\"blocks-gallery-caption wp-element-caption\">Cr\u00e9dito: Fabiano Diehl \/ Divulga\u00e7\u00e3o<\/figcaption><\/figure>\n\n\n\n<p><\/p>\n","protected":false},"excerpt":{"rendered":"<p>A Semana do Empreendedor de Estrela iniciou nesta segunda-feira (10\/11) em sess\u00e3o oficial da C\u00e2mara de Vereadores. Na ocasi\u00e3o, cada um dos vereadores homenageou um empreendimento estrelense. As empresas homenageadas foram Canto do Churrasco, Rodambros, Humanize, PeD Bebidas, P\u00f3rtico Estruturas, Alambique Berwanger, Estrela Cardans, Truck Center Sul Implementos, Borba M\u00e1quinas, Loja D\u2019Casa, Mercado Noeli e [&hellip;]<\/p>\n","protected":false},"author":673,"featured_media":198175,"comment_status":"open","ping_status":"open","sticky":false,"template":"","format":"standard","meta":{"pmpro_default_level":"","_jetpack_memberships_contains_paid_content":false,"footnotes":""},"categories":[2,10991],"tags":[746,8,15401],"class_list":{"0":"post-198171","1":"post","2":"type-post","3":"status-publish","4":"format-standard","5":"has-post-thumbnail","7":"category-featured","8":"category-economia","9":"tag-economia","10":"tag-estrela","11":"tag-semana-do-empreendedor","12":"pmpro-has-access"},"yoast_head":"<!-- This site is optimized with the Yoast SEO plugin v27.5 - https:\/\/yoast.com\/product\/yoast-seo-wordpress\/ -->\n<title>Semana do Empreendedor inicia com homenagens a empresas de Estrela - Folha Popular<\/title>\n<meta name=\"robots\" content=\"index, follow, max-snippet:-1, max-image-preview:large, max-video-preview:-1\" \/>\n<link rel=\"canonical\" href=\"https:\/\/folhapopular.info\/index.php\/2025\/11\/12\/semana-do-empreendedor-inicia-com-homenagens-a-empresas-de-estrela\/\" \/>\n<meta property=\"og:locale\" content=\"pt_BR\" \/>\n<meta property=\"og:type\" content=\"article\" \/>\n<meta property=\"og:title\" content=\"Semana do Empreendedor inicia com homenagens a empresas de Estrela - Folha Popular\" \/>\n<meta property=\"og:description\" content=\"A Semana do Empreendedor de Estrela iniciou nesta segunda-feira (10\/11) em sess\u00e3o oficial da C\u00e2mara de Vereadores. Na ocasi\u00e3o, cada um dos vereadores homenageou um empreendimento estrelense. As empresas homenageadas foram Canto do Churrasco, Rodambros, Humanize, PeD Bebidas, P\u00f3rtico Estruturas, Alambique Berwanger, Estrela Cardans, Truck Center Sul Implementos, Borba M\u00e1quinas, Loja D\u2019Casa, Mercado Noeli e [&hellip;]\" \/>\n<meta property=\"og:url\" content=\"https:\/\/folhapopular.info\/index.php\/2025\/11\/12\/semana-do-empreendedor-inicia-com-homenagens-a-empresas-de-estrela\/\" \/>\n<meta property=\"og:site_name\" content=\"Folha Popular\" \/>\n<meta property=\"article:published_time\" content=\"2025-11-12T13:30:00+00:00\" \/>\n<meta property=\"og:image\" content=\"https:\/\/folhapopular.info\/wp-content\/uploads\/2025\/11\/Segundo-dia-teve-atividades-voltadas-aos-jovens-das-tres-redes-de-ensino-de-Estrela_LB.jpeg\" \/>\n\t<meta property=\"og:image:width\" content=\"1280\" \/>\n\t<meta property=\"og:image:height\" content=\"960\" \/>\n\t<meta property=\"og:image:type\" content=\"image\/jpeg\" \/>\n<meta name=\"author\" content=\"Let\u00edcia Echer\" \/>\n<meta name=\"twitter:card\" content=\"summary_large_image\" \/>\n<meta name=\"twitter:label1\" content=\"Escrito por\" \/>\n\t<meta name=\"twitter:data1\" content=\"Let\u00edcia Echer\" \/>\n\t<meta name=\"twitter:label2\" content=\"Est. tempo de leitura\" \/>\n\t<meta name=\"twitter:data2\" content=\"4 minutos\" \/>\n<script type=\"application\/ld+json\" class=\"yoast-schema-graph\">{\"@context\":\"https:\\\/\\\/schema.org\",\"@graph\":[{\"@type\":\"Article\",\"@id\":\"https:\\\/\\\/folhapopular.info\\\/index.php\\\/2025\\\/11\\\/12\\\/semana-do-empreendedor-inicia-com-homenagens-a-empresas-de-estrela\\\/#article\",\"isPartOf\":{\"@id\":\"https:\\\/\\\/folhapopular.info\\\/index.php\\\/2025\\\/11\\\/12\\\/semana-do-empreendedor-inicia-com-homenagens-a-empresas-de-estrela\\\/\"},\"author\":{\"name\":\"Let\u00edcia Echer\",\"@id\":\"https:\\\/\\\/folhapopular.info\\\/#\\\/schema\\\/person\\\/52b95b9c1c41ec0e826e7518183d0cc0\"},\"headline\":\"Semana do Empreendedor inicia com homenagens a empresas de Estrela\",\"datePublished\":\"2025-11-12T13:30:00+00:00\",\"mainEntityOfPage\":{\"@id\":\"https:\\\/\\\/folhapopular.info\\\/index.php\\\/2025\\\/11\\\/12\\\/semana-do-empreendedor-inicia-com-homenagens-a-empresas-de-estrela\\\/\"},\"wordCount\":609,\"commentCount\":0,\"image\":{\"@id\":\"https:\\\/\\\/folhapopular.info\\\/index.php\\\/2025\\\/11\\\/12\\\/semana-do-empreendedor-inicia-com-homenagens-a-empresas-de-estrela\\\/#primaryimage\"},\"thumbnailUrl\":\"https:\\\/\\\/folhapopular.info\\\/wp-content\\\/uploads\\\/2025\\\/11\\\/Segundo-dia-teve-atividades-voltadas-aos-jovens-das-tres-redes-de-ensino-de-Estrela_LB.jpeg\",\"keywords\":[\"Economia\",\"Estrela\",\"Semana do Empreendedor\"],\"articleSection\":[\"Destaques\",\"Economia\"],\"inLanguage\":\"pt-BR\",\"potentialAction\":[{\"@type\":\"CommentAction\",\"name\":\"Comment\",\"target\":[\"https:\\\/\\\/folhapopular.info\\\/index.php\\\/2025\\\/11\\\/12\\\/semana-do-empreendedor-inicia-com-homenagens-a-empresas-de-estrela\\\/#respond\"]}]},{\"@type\":\"WebPage\",\"@id\":\"https:\\\/\\\/folhapopular.info\\\/index.php\\\/2025\\\/11\\\/12\\\/semana-do-empreendedor-inicia-com-homenagens-a-empresas-de-estrela\\\/\",\"url\":\"https:\\\/\\\/folhapopular.info\\\/index.php\\\/2025\\\/11\\\/12\\\/semana-do-empreendedor-inicia-com-homenagens-a-empresas-de-estrela\\\/\",\"name\":\"Semana do Empreendedor inicia com homenagens a empresas de Estrela - Folha Popular\",\"isPartOf\":{\"@id\":\"https:\\\/\\\/folhapopular.info\\\/#website\"},\"primaryImageOfPage\":{\"@id\":\"https:\\\/\\\/folhapopular.info\\\/index.php\\\/2025\\\/11\\\/12\\\/semana-do-empreendedor-inicia-com-homenagens-a-empresas-de-estrela\\\/#primaryimage\"},\"image\":{\"@id\":\"https:\\\/\\\/folhapopular.info\\\/index.php\\\/2025\\\/11\\\/12\\\/semana-do-empreendedor-inicia-com-homenagens-a-empresas-de-estrela\\\/#primaryimage\"},\"thumbnailUrl\":\"https:\\\/\\\/folhapopular.info\\\/wp-content\\\/uploads\\\/2025\\\/11\\\/Segundo-dia-teve-atividades-voltadas-aos-jovens-das-tres-redes-de-ensino-de-Estrela_LB.jpeg\",\"datePublished\":\"2025-11-12T13:30:00+00:00\",\"author\":{\"@id\":\"https:\\\/\\\/folhapopular.info\\\/#\\\/schema\\\/person\\\/52b95b9c1c41ec0e826e7518183d0cc0\"},\"breadcrumb\":{\"@id\":\"https:\\\/\\\/folhapopular.info\\\/index.php\\\/2025\\\/11\\\/12\\\/semana-do-empreendedor-inicia-com-homenagens-a-empresas-de-estrela\\\/#breadcrumb\"},\"inLanguage\":\"pt-BR\",\"potentialAction\":[{\"@type\":\"ReadAction\",\"target\":[\"https:\\\/\\\/folhapopular.info\\\/index.php\\\/2025\\\/11\\\/12\\\/semana-do-empreendedor-inicia-com-homenagens-a-empresas-de-estrela\\\/\"]}]},{\"@type\":\"ImageObject\",\"inLanguage\":\"pt-BR\",\"@id\":\"https:\\\/\\\/folhapopular.info\\\/index.php\\\/2025\\\/11\\\/12\\\/semana-do-empreendedor-inicia-com-homenagens-a-empresas-de-estrela\\\/#primaryimage\",\"url\":\"https:\\\/\\\/folhapopular.info\\\/wp-content\\\/uploads\\\/2025\\\/11\\\/Segundo-dia-teve-atividades-voltadas-aos-jovens-das-tres-redes-de-ensino-de-Estrela_LB.jpeg\",\"contentUrl\":\"https:\\\/\\\/folhapopular.info\\\/wp-content\\\/uploads\\\/2025\\\/11\\\/Segundo-dia-teve-atividades-voltadas-aos-jovens-das-tres-redes-de-ensino-de-Estrela_LB.jpeg\",\"width\":1280,\"height\":960,\"caption\":\"Segundo dia teve atividades voltadas aos jovens das tr\u00eas redes de ensino de Estrela - Cr\u00e9dito: Luciana Brune\"},{\"@type\":\"BreadcrumbList\",\"@id\":\"https:\\\/\\\/folhapopular.info\\\/index.php\\\/2025\\\/11\\\/12\\\/semana-do-empreendedor-inicia-com-homenagens-a-empresas-de-estrela\\\/#breadcrumb\",\"itemListElement\":[{\"@type\":\"ListItem\",\"position\":1,\"name\":\"In\u00edcio\",\"item\":\"https:\\\/\\\/folhapopular.info\\\/\"},{\"@type\":\"ListItem\",\"position\":2,\"name\":\"Semana do Empreendedor inicia com homenagens a empresas de Estrela\"}]},{\"@type\":\"WebSite\",\"@id\":\"https:\\\/\\\/folhapopular.info\\\/#website\",\"url\":\"https:\\\/\\\/folhapopular.info\\\/\",\"name\":\"Folha Popular\",\"description\":\"Onde voc\u00ea tem vez e voz\",\"potentialAction\":[{\"@type\":\"SearchAction\",\"target\":{\"@type\":\"EntryPoint\",\"urlTemplate\":\"https:\\\/\\\/folhapopular.info\\\/?s={search_term_string}\"},\"query-input\":{\"@type\":\"PropertyValueSpecification\",\"valueRequired\":true,\"valueName\":\"search_term_string\"}}],\"inLanguage\":\"pt-BR\"},{\"@type\":\"Person\",\"@id\":\"https:\\\/\\\/folhapopular.info\\\/#\\\/schema\\\/person\\\/52b95b9c1c41ec0e826e7518183d0cc0\",\"name\":\"Let\u00edcia Echer\",\"image\":{\"@type\":\"ImageObject\",\"inLanguage\":\"pt-BR\",\"@id\":\"https:\\\/\\\/secure.gravatar.com\\\/avatar\\\/303201b45d8f4e048c95808925ff8953fa7ebc0e52cb5b3af1fc9e3d52c95645?s=96&d=mm&r=g\",\"url\":\"https:\\\/\\\/secure.gravatar.com\\\/avatar\\\/303201b45d8f4e048c95808925ff8953fa7ebc0e52cb5b3af1fc9e3d52c95645?s=96&d=mm&r=g\",\"contentUrl\":\"https:\\\/\\\/secure.gravatar.com\\\/avatar\\\/303201b45d8f4e048c95808925ff8953fa7ebc0e52cb5b3af1fc9e3d52c95645?s=96&d=mm&r=g\",\"caption\":\"Let\u00edcia Echer\"},\"url\":\"https:\\\/\\\/folhapopular.info\\\/index.php\\\/author\\\/leticiaecher04gmail-com\\\/\"}]}<\/script>\n<!-- \/ Yoast SEO plugin. -->","yoast_head_json":{"title":"Semana do Empreendedor inicia com homenagens a empresas de Estrela - Folha Popular","robots":{"index":"index","follow":"follow","max-snippet":"max-snippet:-1","max-image-preview":"max-image-preview:large","max-video-preview":"max-video-preview:-1"},"canonical":"https:\/\/folhapopular.info\/index.php\/2025\/11\/12\/semana-do-empreendedor-inicia-com-homenagens-a-empresas-de-estrela\/","og_locale":"pt_BR","og_type":"article","og_title":"Semana do Empreendedor inicia com homenagens a empresas de Estrela - Folha Popular","og_description":"A Semana do Empreendedor de Estrela iniciou nesta segunda-feira (10\/11) em sess\u00e3o oficial da C\u00e2mara de Vereadores. Na ocasi\u00e3o, cada um dos vereadores homenageou um empreendimento estrelense. As empresas homenageadas foram Canto do Churrasco, Rodambros, Humanize, PeD Bebidas, P\u00f3rtico Estruturas, Alambique Berwanger, Estrela Cardans, Truck Center Sul Implementos, Borba M\u00e1quinas, Loja D\u2019Casa, Mercado Noeli e [&hellip;]","og_url":"https:\/\/folhapopular.info\/index.php\/2025\/11\/12\/semana-do-empreendedor-inicia-com-homenagens-a-empresas-de-estrela\/","og_site_name":"Folha Popular","article_published_time":"2025-11-12T13:30:00+00:00","og_image":[{"width":1280,"height":960,"url":"https:\/\/folhapopular.info\/wp-content\/uploads\/2025\/11\/Segundo-dia-teve-atividades-voltadas-aos-jovens-das-tres-redes-de-ensino-de-Estrela_LB.jpeg","type":"image\/jpeg"}],"author":"Let\u00edcia Echer","twitter_card":"summary_large_image","twitter_misc":{"Escrito por":"Let\u00edcia Echer","Est. tempo de leitura":"4 minutos"},"schema":{"@context":"https:\/\/schema.org","@graph":[{"@type":"Article","@id":"https:\/\/folhapopular.info\/index.php\/2025\/11\/12\/semana-do-empreendedor-inicia-com-homenagens-a-empresas-de-estrela\/#article","isPartOf":{"@id":"https:\/\/folhapopular.info\/index.php\/2025\/11\/12\/semana-do-empreendedor-inicia-com-homenagens-a-empresas-de-estrela\/"},"author":{"name":"Let\u00edcia Echer","@id":"https:\/\/folhapopular.info\/#\/schema\/person\/52b95b9c1c41ec0e826e7518183d0cc0"},"headline":"Semana do Empreendedor inicia com homenagens a empresas de Estrela","datePublished":"2025-11-12T13:30:00+00:00","mainEntityOfPage":{"@id":"https:\/\/folhapopular.info\/index.php\/2025\/11\/12\/semana-do-empreendedor-inicia-com-homenagens-a-empresas-de-estrela\/"},"wordCount":609,"commentCount":0,"image":{"@id":"https:\/\/folhapopular.info\/index.php\/2025\/11\/12\/semana-do-empreendedor-inicia-com-homenagens-a-empresas-de-estrela\/#primaryimage"},"thumbnailUrl":"https:\/\/folhapopular.info\/wp-content\/uploads\/2025\/11\/Segundo-dia-teve-atividades-voltadas-aos-jovens-das-tres-redes-de-ensino-de-Estrela_LB.jpeg","keywords":["Economia","Estrela","Semana do Empreendedor"],"articleSection":["Destaques","Economia"],"inLanguage":"pt-BR","potentialAction":[{"@type":"CommentAction","name":"Comment","target":["https:\/\/folhapopular.info\/index.php\/2025\/11\/12\/semana-do-empreendedor-inicia-com-homenagens-a-empresas-de-estrela\/#respond"]}]},{"@type":"WebPage","@id":"https:\/\/folhapopular.info\/index.php\/2025\/11\/12\/semana-do-empreendedor-inicia-com-homenagens-a-empresas-de-estrela\/","url":"https:\/\/folhapopular.info\/index.php\/2025\/11\/12\/semana-do-empreendedor-inicia-com-homenagens-a-empresas-de-estrela\/","name":"Semana do Empreendedor inicia com homenagens a empresas de Estrela - Folha Popular","isPartOf":{"@id":"https:\/\/folhapopular.info\/#website"},"primaryImageOfPage":{"@id":"https:\/\/folhapopular.info\/index.php\/2025\/11\/12\/semana-do-empreendedor-inicia-com-homenagens-a-empresas-de-estrela\/#primaryimage"},"image":{"@id":"https:\/\/folhapopular.info\/index.php\/2025\/11\/12\/semana-do-empreendedor-inicia-com-homenagens-a-empresas-de-estrela\/#primaryimage"},"thumbnailUrl":"https:\/\/folhapopular.info\/wp-content\/uploads\/2025\/11\/Segundo-dia-teve-atividades-voltadas-aos-jovens-das-tres-redes-de-ensino-de-Estrela_LB.jpeg","datePublished":"2025-11-12T13:30:00+00:00","author":{"@id":"https:\/\/folhapopular.info\/#\/schema\/person\/52b95b9c1c41ec0e826e7518183d0cc0"},"breadcrumb":{"@id":"https:\/\/folhapopular.info\/index.php\/2025\/11\/12\/semana-do-empreendedor-inicia-com-homenagens-a-empresas-de-estrela\/#breadcrumb"},"inLanguage":"pt-BR","potentialAction":[{"@type":"ReadAction","target":["https:\/\/folhapopular.info\/index.php\/2025\/11\/12\/semana-do-empreendedor-inicia-com-homenagens-a-empresas-de-estrela\/"]}]},{"@type":"ImageObject","inLanguage":"pt-BR","@id":"https:\/\/folhapopular.info\/index.php\/2025\/11\/12\/semana-do-empreendedor-inicia-com-homenagens-a-empresas-de-estrela\/#primaryimage","url":"https:\/\/folhapopular.info\/wp-content\/uploads\/2025\/11\/Segundo-dia-teve-atividades-voltadas-aos-jovens-das-tres-redes-de-ensino-de-Estrela_LB.jpeg","contentUrl":"https:\/\/folhapopular.info\/wp-content\/uploads\/2025\/11\/Segundo-dia-teve-atividades-voltadas-aos-jovens-das-tres-redes-de-ensino-de-Estrela_LB.jpeg","width":1280,"height":960,"caption":"Segundo dia teve atividades voltadas aos jovens das tr\u00eas redes de ensino de Estrela - Cr\u00e9dito: Luciana Brune"},{"@type":"BreadcrumbList","@id":"https:\/\/folhapopular.info\/index.php\/2025\/11\/12\/semana-do-empreendedor-inicia-com-homenagens-a-empresas-de-estrela\/#breadcrumb","itemListElement":[{"@type":"ListItem","position":1,"name":"In\u00edcio","item":"https:\/\/folhapopular.info\/"},{"@type":"ListItem","position":2,"name":"Semana do Empreendedor inicia com homenagens a empresas de Estrela"}]},{"@type":"WebSite","@id":"https:\/\/folhapopular.info\/#website","url":"https:\/\/folhapopular.info\/","name":"Folha Popular","description":"Onde voc\u00ea tem vez e voz","potentialAction":[{"@type":"SearchAction","target":{"@type":"EntryPoint","urlTemplate":"https:\/\/folhapopular.info\/?s={search_term_string}"},"query-input":{"@type":"PropertyValueSpecification","valueRequired":true,"valueName":"search_term_string"}}],"inLanguage":"pt-BR"},{"@type":"Person","@id":"https:\/\/folhapopular.info\/#\/schema\/person\/52b95b9c1c41ec0e826e7518183d0cc0","name":"Let\u00edcia Echer","image":{"@type":"ImageObject","inLanguage":"pt-BR","@id":"https:\/\/secure.gravatar.com\/avatar\/303201b45d8f4e048c95808925ff8953fa7ebc0e52cb5b3af1fc9e3d52c95645?s=96&d=mm&r=g","url":"https:\/\/secure.gravatar.com\/avatar\/303201b45d8f4e048c95808925ff8953fa7ebc0e52cb5b3af1fc9e3d52c95645?s=96&d=mm&r=g","contentUrl":"https:\/\/secure.gravatar.com\/avatar\/303201b45d8f4e048c95808925ff8953fa7ebc0e52cb5b3af1fc9e3d52c95645?s=96&d=mm&r=g","caption":"Let\u00edcia Echer"},"url":"https:\/\/folhapopular.info\/index.php\/author\/leticiaecher04gmail-com\/"}]}},"jetpack_featured_media_url":"https:\/\/folhapopular.info\/wp-content\/uploads\/2025\/11\/Segundo-dia-teve-atividades-voltadas-aos-jovens-das-tres-redes-de-ensino-de-Estrela_LB.jpeg","jetpack_sharing_enabled":true,"amp_enabled":true,"_links":{"self":[{"href":"https:\/\/folhapopular.info\/index.php\/wp-json\/wp\/v2\/posts\/198171","targetHints":{"allow":["GET"]}}],"collection":[{"href":"https:\/\/folhapopular.info\/index.php\/wp-json\/wp\/v2\/posts"}],"about":[{"href":"https:\/\/folhapopular.info\/index.php\/wp-json\/wp\/v2\/types\/post"}],"author":[{"embeddable":true,"href":"https:\/\/folhapopular.info\/index.php\/wp-json\/wp\/v2\/users\/673"}],"replies":[{"embeddable":true,"href":"https:\/\/folhapopular.info\/index.php\/wp-json\/wp\/v2\/comments?post=198171"}],"version-history":[{"count":0,"href":"https:\/\/folhapopular.info\/index.php\/wp-json\/wp\/v2\/posts\/198171\/revisions"}],"wp:featuredmedia":[{"embeddable":true,"href":"https:\/\/folhapopular.info\/index.php\/wp-json\/wp\/v2\/media\/198175"}],"wp:attachment":[{"href":"https:\/\/folhapopular.info\/index.php\/wp-json\/wp\/v2\/media?parent=198171"}],"wp:term":[{"taxonomy":"category","embeddable":true,"href":"https:\/\/folhapopular.info\/index.php\/wp-json\/wp\/v2\/categories?post=198171"},{"taxonomy":"post_tag","embeddable":true,"href":"https:\/\/folhapopular.info\/index.php\/wp-json\/wp\/v2\/tags?post=198171"}],"curies":[{"name":"wp","href":"https:\/\/api.w.org\/{rel}","templated":true}]}}