{"id":198216,"date":"2025-11-12T10:59:21","date_gmt":"2025-11-12T13:59:21","guid":{"rendered":"https:\/\/folhapopular.info\/?p=198216"},"modified":"2025-11-12T10:59:23","modified_gmt":"2025-11-12T13:59:23","slug":"rodadas-das-copas-beti-esportes-apuraram-semifinais-no-campo-e-quartas-no-futsal","status":"publish","type":"post","link":"https:\/\/folhapopular.info\/index.php\/2025\/11\/12\/rodadas-das-copas-beti-esportes-apuraram-semifinais-no-campo-e-quartas-no-futsal\/","title":{"rendered":"Rodadas das Copas Beti Esportes apuraram semifinais no campo e quartas no futsal"},"content":{"rendered":"\n<p>As Copas Beti Esportes chegam ao momento mais aguardado da temporada. As competi\u00e7\u00f5es de futebol de campo e futsal entram na reta final com o encerramento da fase classificat\u00f3ria e a defini\u00e7\u00e3o dos confrontos de mata-mata. O futebol teve rodada disputada em Colinas; j\u00e1 a quadra apurou os classificados no Gin\u00e1sio da Associa\u00e7\u00e3o dos Funcion\u00e1rios da Cooperativa Languiru.<\/p>\n\n\n\n<p>No munic\u00edpio de Colinas, as partidas que encerraram a fase de grupos confirmaram os quatro semifinalistas da competi\u00e7\u00e3o no domingo (9\/11).<\/p>\n\n\n\n<p>O Atl\u00e9tico Ga\u00facho levou a melhor sobre o Juventude de Linha Frank no cl\u00e1ssico teutoniense, ao vencer pelo placar de 2 a 1 em um duelo equilibrado e de muita disputa. No jogo seguinte, o Internacional de Santa Manoela (Paverama) superou o time da casa, Rui Barbosa, tamb\u00e9m por 2 a 1 e garantiu presen\u00e7a entre os melhores.<\/p>\n\n\n\n<p>Com os resultados, os confrontos da semifinal ficaram definidos. No pr\u00f3ximo domingo (16\/11), o Atl\u00e9tico Ga\u00facho e o Juventude da Cuba voltam a se enfrentar, \u00e0s 14h. Logo depois, \u00e0s 16h, o Internacional de Santa Manoela encara o \u00c1guia Azul de Fazenda Vilanova.<\/p>\n\n\n\n<p>As semifinais ser\u00e3o em jogo \u00fanico e realizadas no campo do Internacional-SM, enquanto a decis\u00e3o do t\u00edtulo ser\u00e1 disputada em duas partidas.<\/p>\n\n\n\n<figure class=\"wp-block-table is-style-stripes\"><table class=\"has-light-green-cyan-to-vivid-green-cyan-gradient-background has-background\"><tbody><tr><td colspan=\"5\"><strong>Futebol de Campo<\/strong><\/td><\/tr><tr><td><strong>Data<\/strong><\/td><td><strong>Local<\/strong><\/td><td><\/td><td><strong>Resultado<\/strong><\/td><td><\/td><\/tr><tr><td>9\/11<\/td><td>Colinas<\/td><td>Atl\u00e9tico Ga\u00facho<\/td><td>2&#215;1<\/td><td>Juventude-TT<\/td><\/tr><tr><td>9\/11<\/td><td>Colinas<\/td><td>Internacional-SM<\/td><td>2&#215;1<\/td><td>Rui Barbosa<\/td><\/tr><tr><td colspan=\"5\">Folga: \u00c1guia Azul<\/td><\/tr><\/tbody><\/table><\/figure>\n\n\n\n<figure class=\"wp-block-table is-style-stripes\"><table class=\"has-light-green-cyan-to-vivid-green-cyan-gradient-background has-background\"><tbody><tr><td colspan=\"5\"><strong>Futebol de Campo<\/strong><\/td><\/tr><tr><td><strong>Data<\/strong><\/td><td><strong>Local<\/strong><\/td><td><\/td><td><strong>Partida<\/strong><\/td><td><\/td><\/tr><tr><td>16\/11<\/td><td>Paverama<\/td><td>Atl\u00e9tico Ga\u00facho<\/td><td>x<\/td><td>Juventude-TT<\/td><\/tr><tr><td>16\/11<\/td><td>Paverama<\/td><td>Internacional-SM<\/td><td>x<\/td><td>\u00c1guia Azul<\/td><\/tr><\/tbody><\/table><\/figure>\n\n\n\n<figure class=\"wp-block-table is-style-stripes\"><table class=\"has-light-green-cyan-to-vivid-green-cyan-gradient-background has-background\"><tbody><tr><td colspan=\"10\"><strong>Futebol<\/strong><\/td><\/tr><tr><td><strong>Pos.<\/strong><\/td><td><strong>Equipe<\/strong><\/td><td><strong>J<\/strong><\/td><td><strong>PG<\/strong><\/td><td><strong>V<\/strong><\/td><td><strong>E<\/strong><\/td><td><strong>D<\/strong><\/td><td><strong>GF<\/strong><\/td><td><strong>GS<\/strong><\/td><td><strong>SG<\/strong><\/td><\/tr><tr><td>1\u00aa<\/td><td>Internacional<\/td><td>4<\/td><td>10<\/td><td>3<\/td><td>1<\/td><td>0<\/td><td>6<\/td><td>3<\/td><td>3<\/td><\/tr><tr><td>2\u00aa<\/td><td>Atl\u00e9tico Ga\u00facho<\/td><td>4<\/td><td>7<\/td><td>2<\/td><td>1<\/td><td>1<\/td><td>10<\/td><td>5<\/td><td>5<\/td><\/tr><tr><td>3\u00aa<\/td><td>Juventude-TT<\/td><td>4<\/td><td>7<\/td><td>2<\/td><td>1<\/td><td>1<\/td><td>7<\/td><td>4<\/td><td>3<\/td><\/tr><tr><td>4\u00aa<\/td><td>\u00c1guia Azul<\/td><td>4<\/td><td>4<\/td><td>1<\/td><td>1<\/td><td>2<\/td><td>5<\/td><td>5<\/td><td>0<\/td><\/tr><tr><td>5\u00aa<\/td><td>Rui Barbosa<\/td><td>4<\/td><td>0<\/td><td>0<\/td><td>0<\/td><td>4<\/td><td>3<\/td><td>14<\/td><td>-11<\/td><\/tr><\/tbody><\/table><\/figure>\n\n\n\n<h2 class=\"wp-block-heading\"><strong>Quadras<\/strong><\/h2>\n\n\n\n<p>No futsal, a sexta-feira (7\/11) foi de quadra cheia no Gin\u00e1sio da Mimi, em Teut\u00f4nia. A rodada de encerramento da primeira fase teve disputas marcadas por jogos equilibrados e boa presen\u00e7a de p\u00fablico nas categorias Sub-15, Sub-21 e For\u00e7a Livre.<\/p>\n\n\n\n<p>Pela Sub-15, o Atl\u00e9tico Maia confirmou o favoritismo e venceu o Redeem Fut pelo placar 5 a 2. Na sequ\u00eancia, a Brochier Futsal superou o Atl\u00e9tico do Morro por 5 a 2, pela Sub-21. No outro jogo da Sub-21, o KBF \/ Guri das Frutas ficou no empate com a <em>Vip Car<\/em> pelo placar de 3 a 3.<\/p>\n\n\n\n<p>Pela categoria For\u00e7a Livre, Himmel <em>Bier<\/em> \/ Reis da Copa e a Forneria \/ Cl\u00ednica Carina Pasch empataram por 3 a 3, em confronto v\u00e1lido pela chave A. Para fechar a noite, a Brochier Futsal venceu o Shaktar dos Lek\u2019s por 6 a 3 e garantiu a classifica\u00e7\u00e3o na chave B.<\/p>\n\n\n\n<figure class=\"wp-block-table is-style-stripes\"><table class=\"has-light-green-cyan-to-vivid-green-cyan-gradient-background has-background\"><tbody><tr><td colspan=\"5\"><strong>Futsal<\/strong><\/td><\/tr><tr><td><strong>Data<\/strong><\/td><td><strong>Categoria<\/strong><\/td><td><\/td><td><strong>Resultado<\/strong><\/td><td><\/td><\/tr><tr><td>7\/11<\/td><td>Sub-15<\/td><td>Redeem Fut<\/td><td>2&#215;5<\/td><td>Atl\u00e9tico Maia<\/td><\/tr><tr><td>7\/11<\/td><td>Sub-21<\/td><td>Atl\u00e9tico do Morro<\/td><td>2&#215;5<\/td><td>Brochier Futsal<\/td><\/tr><tr><td>7\/11<\/td><td>Sub-21<\/td><td>KBF<\/td><td>3&#215;3<\/td><td>Vip Car<\/td><\/tr><tr><td>7\/11<\/td><td>For\u00e7a Livre<\/td><td>Himmel Bier<\/td><td>2&#215;2<\/td><td>Fornearia<\/td><\/tr><tr><td>7\/11<\/td><td>For\u00e7a Livre<\/td><td>Brochier<\/td><td>6&#215;3<\/td><td>Shaktar dos Lek\u2019s<\/td><\/tr><\/tbody><\/table><\/figure>\n\n\n\n<h2 class=\"wp-block-heading\"><strong>Pr\u00f3ximos jogos<\/strong><\/h2>\n\n\n\n<p>Com a defini\u00e7\u00e3o dos classificados, a competi\u00e7\u00e3o de futsal entra agora na fase eliminat\u00f3ria. Marcada para esta sexta-feira (14\/11), a pr\u00f3xima rodada promete grandes duelos, todos pela categoria For\u00e7a Livre.<\/p>\n\n\n\n<p>A programa\u00e7\u00e3o inicia \u00e0s 19h45, com o confronto entre Sele\u00e7\u00e3o Po\u00e7oantense e Celtic FC. \u00c0s 20h45, Brochier Futsal enfrenta os Meninos da Vila em um dos jogos mais aguardados da noite. Logo depois, \u00e0s 21h45, AJP \/ EkipCar mede for\u00e7as com o Elite, e o encerramento da rodada ser\u00e1 \u00e0s 22h45, com o duelo entre Forneria e Amigos do Sacola.<\/p>\n\n\n\n<figure class=\"wp-block-table is-style-stripes\"><table class=\"has-light-green-cyan-to-vivid-green-cyan-gradient-background has-background\"><tbody><tr><td colspan=\"5\"><strong>Futsal &#8211; For\u00e7a Livre<\/strong><\/td><\/tr><tr><td><strong>Data<\/strong><\/td><td><strong>Hora<\/strong><\/td><td><\/td><td><strong>Partida<\/strong><\/td><td><\/td><\/tr><tr><td>14\/11<\/td><td>19h45<\/td><td>Sele\u00e7\u00e3o Po\u00e7oantense<\/td><td>x<\/td><td>Celtic<\/td><\/tr><tr><td>14\/11<\/td><td>20h45<\/td><td>Brochier Futsal<\/td><td>x<\/td><td>Meninos da Vila<\/td><\/tr><tr><td>14\/11<\/td><td>21h45<\/td><td>AJP<\/td><td>x<\/td><td>Elite<\/td><\/tr><tr><td>14\/11<\/td><td>22h45<\/td><td>Fornearia<\/td><td>x<\/td><td>Amigos do Sacola<\/td><\/tr><\/tbody><\/table><\/figure>\n\n\n\n<figure class=\"wp-block-table is-style-stripes\"><table class=\"has-light-green-cyan-to-vivid-green-cyan-gradient-background has-background\"><tbody><tr><td colspan=\"10\"><strong>Futsal &#8211; Sub-15<\/strong><\/td><\/tr><tr><td><strong>Pos.<\/strong><\/td><td><strong>Equipe<\/strong><\/td><td><strong>J<\/strong><\/td><td><strong>PG<\/strong><\/td><td><strong>V<\/strong><\/td><td><strong>E<\/strong><\/td><td><strong>D<\/strong><\/td><td><strong>GF<\/strong><\/td><td><strong>GS<\/strong><\/td><td><strong>SG<\/strong><\/td><\/tr><tr><td>1\u00aa<\/td><td>Brochier<\/td><td>3<\/td><td>9<\/td><td>3<\/td><td>0<\/td><td>0<\/td><td>15<\/td><td>6<\/td><td>9<\/td><\/tr><tr><td>2\u00aa<\/td><td>S\u00f3 Kakedo<\/td><td>3<\/td><td>6<\/td><td>2<\/td><td>0<\/td><td>1<\/td><td>8<\/td><td>7<\/td><td>1<\/td><\/tr><tr><td>3\u00aa<\/td><td>Laranja Mec.<\/td><td>3<\/td><td>6<\/td><td>2<\/td><td>0<\/td><td>1<\/td><td>9<\/td><td>6<\/td><td>3<\/td><\/tr><tr><td>4\u00aa<\/td><td>Renegados<\/td><td>3<\/td><td>3<\/td><td>1<\/td><td>0<\/td><td>2<\/td><td>9<\/td><td>10<\/td><td>-1<\/td><\/tr><tr><td>5\u00aa<\/td><td>Atl\u00e9tico Maia<\/td><td>3<\/td><td>3<\/td><td>1<\/td><td>0<\/td><td>2<\/td><td>9<\/td><td>12<\/td><td>-3<\/td><\/tr><tr><td>6\u00aa<\/td><td>Redeem Fut<\/td><td>3<\/td><td>0<\/td><td>0<\/td><td>0<\/td><td>3<\/td><td>5<\/td><td>14<\/td><td>-9<\/td><\/tr><\/tbody><\/table><\/figure>\n\n\n\n<figure class=\"wp-block-table is-style-stripes\"><table class=\"has-light-green-cyan-to-vivid-green-cyan-gradient-background has-background\"><tbody><tr><td colspan=\"10\"><strong>Futsal &#8211; Sub-21<\/strong><\/td><\/tr><tr><td><strong>Pos.<\/strong><\/td><td><strong>Equipe<\/strong><\/td><td><strong>J<\/strong><\/td><td><strong>PG<\/strong><\/td><td><strong>V<\/strong><\/td><td><strong>E<\/strong><\/td><td><strong>D<\/strong><\/td><td><strong>GF<\/strong><\/td><td><strong>GS<\/strong><\/td><td><strong>SG<\/strong><\/td><\/tr><tr><td>1\u00aa<\/td><td>Ouro Verde<\/td><td>4<\/td><td>9<\/td><td>3<\/td><td>0<\/td><td>1<\/td><td>22<\/td><td>11<\/td><td>11<\/td><\/tr><tr><td>2\u00aa<\/td><td>Vip Car<\/td><td>4<\/td><td>7<\/td><td>2<\/td><td>1<\/td><td>1<\/td><td>12<\/td><td>11<\/td><td>1<\/td><\/tr><tr><td>3\u00aa<\/td><td>KBF<\/td><td>4<\/td><td>7<\/td><td>2<\/td><td>1<\/td><td>1<\/td><td>15<\/td><td>12<\/td><td>3<\/td><\/tr><tr><td>4\u00aa<\/td><td>Brochier<\/td><td>4<\/td><td>6<\/td><td>2<\/td><td>0<\/td><td>2<\/td><td>12<\/td><td>13<\/td><td>-1<\/td><\/tr><tr><td>5\u00aa<\/td><td>Atl\u00e9tico do Morro<\/td><td>4<\/td><td>0<\/td><td>1<\/td><td>0<\/td><td>4<\/td><td>8<\/td><td>22<\/td><td>-14<\/td><\/tr><\/tbody><\/table><\/figure>\n\n\n\n<figure class=\"wp-block-table is-style-stripes\"><table class=\"has-light-green-cyan-to-vivid-green-cyan-gradient-background has-background\"><tbody><tr><td colspan=\"10\"><strong>Futsal &#8211; For\u00e7a Livre<\/strong><\/td><\/tr><tr><td colspan=\"10\"><strong>Chave A<\/strong><\/td><\/tr><tr><td><strong>Pos.<\/strong><\/td><td><strong>Equipe<\/strong><\/td><td><strong>J<\/strong><\/td><td><strong>PG<\/strong><\/td><td><strong>V<\/strong><\/td><td><strong>E<\/strong><\/td><td><strong>D<\/strong><\/td><td><strong>GF<\/strong><\/td><td><strong>GS<\/strong><\/td><td><strong>SG<\/strong><\/td><\/tr><tr><td>1\u00aa<\/td><td>Fornearia<\/td><td>3<\/td><td>7<\/td><td>2<\/td><td>1<\/td><td>0<\/td><td>16<\/td><td>5<\/td><td>11<\/td><\/tr><tr><td>2\u00aa<\/td><td>Sele\u00e7\u00e3o Po\u00e7oantense<\/td><td>3<\/td><td>7<\/td><td>2<\/td><td>0<\/td><td>1<\/td><td>13<\/td><td>9<\/td><td>4<\/td><\/tr><tr><td>3\u00aa<\/td><td>Himmel Bier<\/td><td>3<\/td><td>4<\/td><td>1<\/td><td>1<\/td><td>1<\/td><td>11<\/td><td>8<\/td><td>3<\/td><\/tr><tr><td>4\u00aa<\/td><td>Sem Pressa<\/td><td>3<\/td><td>0<\/td><td>0<\/td><td>0<\/td><td>3<\/td><td>4<\/td><td>22<\/td><td>-18<\/td><\/tr><\/tbody><\/table><\/figure>\n\n\n\n<figure class=\"wp-block-table is-style-stripes\"><table class=\"has-light-green-cyan-to-vivid-green-cyan-gradient-background has-background\"><tbody><tr><td colspan=\"10\"><strong>Chave B<\/strong><\/td><\/tr><tr><td><strong>Pos.<\/strong><\/td><td><strong>Equipe<\/strong><\/td><td><strong>J<\/strong><\/td><td><strong>PG<\/strong><\/td><td><strong>V<\/strong><\/td><td><strong>E<\/strong><\/td><td><strong>D<\/strong><\/td><td><strong>GF<\/strong><\/td><td><strong>GS<\/strong><\/td><td><strong>SG<\/strong><\/td><\/tr><tr><td>1\u00aa<\/td><td>Brochier<\/td><td>3<\/td><td>9<\/td><td>3<\/td><td>0<\/td><td>1<\/td><td>13<\/td><td>5<\/td><td>8<\/td><\/tr><tr><td>2\u00aa<\/td><td>Celtic<\/td><td>3<\/td><td>4<\/td><td>1<\/td><td>1<\/td><td>1<\/td><td>3<\/td><td>4<\/td><td>-1<\/td><\/tr><tr><td>3\u00aa<\/td><td>Elite<\/td><td>3<\/td><td>4<\/td><td>1<\/td><td>1<\/td><td>1<\/td><td>13<\/td><td>6<\/td><td>7<\/td><\/tr><tr><td>4\u00aa<\/td><td>Shaktar dos Lek\u2019s<\/td><td>3<\/td><td>0<\/td><td>0<\/td><td>0<\/td><td>3<\/td><td>4<\/td><td>18<\/td><td>-14<\/td><\/tr><\/tbody><\/table><\/figure>\n\n\n\n<figure class=\"wp-block-table is-style-stripes\"><table class=\"has-light-green-cyan-to-vivid-green-cyan-gradient-background has-background\"><tbody><tr><td colspan=\"10\"><strong>Chave C<\/strong><\/td><\/tr><tr><td><strong>Pos.<\/strong><\/td><td><strong>Equipe<\/strong><\/td><td><strong>J<\/strong><\/td><td><strong>PG<\/strong><\/td><td><strong>V<\/strong><\/td><td><strong>E<\/strong><\/td><td><strong>D<\/strong><\/td><td><strong>GF<\/strong><\/td><td><strong>GS<\/strong><\/td><td><strong>SG<\/strong><\/td><\/tr><tr><td>1\u00aa<\/td><td>AJP<\/td><td>3<\/td><td>7<\/td><td>2<\/td><td>1<\/td><td>1<\/td><td>16<\/td><td>11<\/td><td>5<\/td><\/tr><tr><td>2\u00aa<\/td><td>Meninos da Vila<\/td><td>3<\/td><td>6<\/td><td>2<\/td><td>0<\/td><td>1<\/td><td>15<\/td><td>12<\/td><td>3<\/td><\/tr><tr><td>3\u00aa<\/td><td>Amigos do Sacola<\/td><td>3<\/td><td>4<\/td><td>1<\/td><td>1<\/td><td>1<\/td><td>5<\/td><td>6<\/td><td>-1<\/td><\/tr><tr><td>4\u00aa<\/td><td>Kopperus<\/td><td>3<\/td><td>0<\/td><td>0<\/td><td>0<\/td><td>3<\/td><td>10<\/td><td>17<\/td><td>-7<\/td><\/tr><\/tbody><\/table><\/figure>\n","protected":false},"excerpt":{"rendered":"<p>As Copas Beti Esportes chegam ao momento mais aguardado da temporada. As competi\u00e7\u00f5es de futebol de campo e futsal entram na reta final com o encerramento da fase classificat\u00f3ria e a defini\u00e7\u00e3o dos confrontos de mata-mata. O futebol teve rodada disputada em Colinas; j\u00e1 a quadra apurou os classificados no Gin\u00e1sio da Associa\u00e7\u00e3o dos Funcion\u00e1rios [&hellip;]<\/p>\n","protected":false},"author":732,"featured_media":198218,"comment_status":"open","ping_status":"open","sticky":false,"template":"","format":"standard","meta":{"pmpro_default_level":"","_jetpack_memberships_contains_paid_content":false,"footnotes":""},"categories":[5,240,530],"tags":[19652,6956,31,315],"class_list":{"0":"post-198216","1":"post","2":"type-post","3":"status-publish","4":"format-standard","5":"has-post-thumbnail","7":"category-esportes","8":"category-futebol-amador","9":"category-futsal","10":"tag-copas-beti-esportes","11":"tag-futebol-de-campo","12":"tag-futsal","13":"tag-regiao","14":"pmpro-has-access"},"yoast_head":"<!-- This site is optimized with the Yoast SEO plugin v27.5 - https:\/\/yoast.com\/product\/yoast-seo-wordpress\/ -->\n<title>Rodadas das Copas Beti Esportes apuraram semifinais no campo e quartas no futsal - Folha Popular<\/title>\n<meta name=\"robots\" content=\"index, follow, max-snippet:-1, max-image-preview:large, max-video-preview:-1\" \/>\n<link rel=\"canonical\" href=\"https:\/\/folhapopular.info\/index.php\/2025\/11\/12\/rodadas-das-copas-beti-esportes-apuraram-semifinais-no-campo-e-quartas-no-futsal\/\" \/>\n<meta property=\"og:locale\" content=\"pt_BR\" \/>\n<meta property=\"og:type\" content=\"article\" \/>\n<meta property=\"og:title\" content=\"Rodadas das Copas Beti Esportes apuraram semifinais no campo e quartas no futsal - Folha Popular\" \/>\n<meta property=\"og:description\" content=\"As Copas Beti Esportes chegam ao momento mais aguardado da temporada. As competi\u00e7\u00f5es de futebol de campo e futsal entram na reta final com o encerramento da fase classificat\u00f3ria e a defini\u00e7\u00e3o dos confrontos de mata-mata. O futebol teve rodada disputada em Colinas; j\u00e1 a quadra apurou os classificados no Gin\u00e1sio da Associa\u00e7\u00e3o dos Funcion\u00e1rios [&hellip;]\" \/>\n<meta property=\"og:url\" content=\"https:\/\/folhapopular.info\/index.php\/2025\/11\/12\/rodadas-das-copas-beti-esportes-apuraram-semifinais-no-campo-e-quartas-no-futsal\/\" \/>\n<meta property=\"og:site_name\" content=\"Folha Popular\" \/>\n<meta property=\"article:author\" content=\"https:\/\/www.facebook.com\/luis.huppes\/\" \/>\n<meta property=\"article:published_time\" content=\"2025-11-12T13:59:21+00:00\" \/>\n<meta property=\"article:modified_time\" content=\"2025-11-12T13:59:23+00:00\" \/>\n<meta property=\"og:image\" content=\"http:\/\/folhapopular.info\/wp-content\/uploads\/2025\/11\/v2_f2c7c044-6964-48de-86b5-83a34154d302.jpg\" \/>\n\t<meta property=\"og:image:width\" content=\"1600\" \/>\n\t<meta property=\"og:image:height\" content=\"2400\" \/>\n\t<meta property=\"og:image:type\" content=\"image\/jpeg\" \/>\n<meta name=\"author\" content=\"Luis Augusto Huppes\" \/>\n<meta name=\"twitter:card\" content=\"summary_large_image\" \/>\n<meta name=\"twitter:label1\" content=\"Escrito por\" \/>\n\t<meta name=\"twitter:data1\" content=\"Luis Augusto Huppes\" \/>\n\t<meta name=\"twitter:label2\" content=\"Est. tempo de leitura\" \/>\n\t<meta name=\"twitter:data2\" content=\"6 minutos\" \/>\n<script type=\"application\/ld+json\" class=\"yoast-schema-graph\">{\"@context\":\"https:\\\/\\\/schema.org\",\"@graph\":[{\"@type\":\"Article\",\"@id\":\"https:\\\/\\\/folhapopular.info\\\/index.php\\\/2025\\\/11\\\/12\\\/rodadas-das-copas-beti-esportes-apuraram-semifinais-no-campo-e-quartas-no-futsal\\\/#article\",\"isPartOf\":{\"@id\":\"https:\\\/\\\/folhapopular.info\\\/index.php\\\/2025\\\/11\\\/12\\\/rodadas-das-copas-beti-esportes-apuraram-semifinais-no-campo-e-quartas-no-futsal\\\/\"},\"author\":{\"name\":\"Luis Augusto Huppes\",\"@id\":\"https:\\\/\\\/folhapopular.info\\\/#\\\/schema\\\/person\\\/e852c327371714676d02e58cf917fd9f\"},\"headline\":\"Rodadas das Copas Beti Esportes apuraram semifinais no campo e quartas no futsal\",\"datePublished\":\"2025-11-12T13:59:21+00:00\",\"dateModified\":\"2025-11-12T13:59:23+00:00\",\"mainEntityOfPage\":{\"@id\":\"https:\\\/\\\/folhapopular.info\\\/index.php\\\/2025\\\/11\\\/12\\\/rodadas-das-copas-beti-esportes-apuraram-semifinais-no-campo-e-quartas-no-futsal\\\/\"},\"wordCount\":732,\"commentCount\":0,\"image\":{\"@id\":\"https:\\\/\\\/folhapopular.info\\\/index.php\\\/2025\\\/11\\\/12\\\/rodadas-das-copas-beti-esportes-apuraram-semifinais-no-campo-e-quartas-no-futsal\\\/#primaryimage\"},\"thumbnailUrl\":\"https:\\\/\\\/folhapopular.info\\\/wp-content\\\/uploads\\\/2025\\\/11\\\/v2_f2c7c044-6964-48de-86b5-83a34154d302.jpg\",\"keywords\":[\"Copas Beti Esportes\",\"Futebol de campo\",\"Futsal\",\"Regi\u00e3o\"],\"articleSection\":[\"Esportes\",\"Futebol Amador\",\"Futsal\"],\"inLanguage\":\"pt-BR\",\"potentialAction\":[{\"@type\":\"CommentAction\",\"name\":\"Comment\",\"target\":[\"https:\\\/\\\/folhapopular.info\\\/index.php\\\/2025\\\/11\\\/12\\\/rodadas-das-copas-beti-esportes-apuraram-semifinais-no-campo-e-quartas-no-futsal\\\/#respond\"]}]},{\"@type\":\"WebPage\",\"@id\":\"https:\\\/\\\/folhapopular.info\\\/index.php\\\/2025\\\/11\\\/12\\\/rodadas-das-copas-beti-esportes-apuraram-semifinais-no-campo-e-quartas-no-futsal\\\/\",\"url\":\"https:\\\/\\\/folhapopular.info\\\/index.php\\\/2025\\\/11\\\/12\\\/rodadas-das-copas-beti-esportes-apuraram-semifinais-no-campo-e-quartas-no-futsal\\\/\",\"name\":\"Rodadas das Copas Beti Esportes apuraram semifinais no campo e quartas no futsal - Folha Popular\",\"isPartOf\":{\"@id\":\"https:\\\/\\\/folhapopular.info\\\/#website\"},\"primaryImageOfPage\":{\"@id\":\"https:\\\/\\\/folhapopular.info\\\/index.php\\\/2025\\\/11\\\/12\\\/rodadas-das-copas-beti-esportes-apuraram-semifinais-no-campo-e-quartas-no-futsal\\\/#primaryimage\"},\"image\":{\"@id\":\"https:\\\/\\\/folhapopular.info\\\/index.php\\\/2025\\\/11\\\/12\\\/rodadas-das-copas-beti-esportes-apuraram-semifinais-no-campo-e-quartas-no-futsal\\\/#primaryimage\"},\"thumbnailUrl\":\"https:\\\/\\\/folhapopular.info\\\/wp-content\\\/uploads\\\/2025\\\/11\\\/v2_f2c7c044-6964-48de-86b5-83a34154d302.jpg\",\"datePublished\":\"2025-11-12T13:59:21+00:00\",\"dateModified\":\"2025-11-12T13:59:23+00:00\",\"author\":{\"@id\":\"https:\\\/\\\/folhapopular.info\\\/#\\\/schema\\\/person\\\/e852c327371714676d02e58cf917fd9f\"},\"breadcrumb\":{\"@id\":\"https:\\\/\\\/folhapopular.info\\\/index.php\\\/2025\\\/11\\\/12\\\/rodadas-das-copas-beti-esportes-apuraram-semifinais-no-campo-e-quartas-no-futsal\\\/#breadcrumb\"},\"inLanguage\":\"pt-BR\",\"potentialAction\":[{\"@type\":\"ReadAction\",\"target\":[\"https:\\\/\\\/folhapopular.info\\\/index.php\\\/2025\\\/11\\\/12\\\/rodadas-das-copas-beti-esportes-apuraram-semifinais-no-campo-e-quartas-no-futsal\\\/\"]}]},{\"@type\":\"ImageObject\",\"inLanguage\":\"pt-BR\",\"@id\":\"https:\\\/\\\/folhapopular.info\\\/index.php\\\/2025\\\/11\\\/12\\\/rodadas-das-copas-beti-esportes-apuraram-semifinais-no-campo-e-quartas-no-futsal\\\/#primaryimage\",\"url\":\"https:\\\/\\\/folhapopular.info\\\/wp-content\\\/uploads\\\/2025\\\/11\\\/v2_f2c7c044-6964-48de-86b5-83a34154d302.jpg\",\"contentUrl\":\"https:\\\/\\\/folhapopular.info\\\/wp-content\\\/uploads\\\/2025\\\/11\\\/v2_f2c7c044-6964-48de-86b5-83a34154d302.jpg\",\"width\":1600,\"height\":2400,\"caption\":\"Partidas do futsal ser\u00e3o realizadas nesta sexta-feira \\\/ Cr\u00e9dito: Tain\u00e1 Danzer Fotografias \\\/ Divulga\u00e7\u00e3o\"},{\"@type\":\"BreadcrumbList\",\"@id\":\"https:\\\/\\\/folhapopular.info\\\/index.php\\\/2025\\\/11\\\/12\\\/rodadas-das-copas-beti-esportes-apuraram-semifinais-no-campo-e-quartas-no-futsal\\\/#breadcrumb\",\"itemListElement\":[{\"@type\":\"ListItem\",\"position\":1,\"name\":\"In\u00edcio\",\"item\":\"https:\\\/\\\/folhapopular.info\\\/\"},{\"@type\":\"ListItem\",\"position\":2,\"name\":\"Rodadas das Copas Beti Esportes apuraram semifinais no campo e quartas no futsal\"}]},{\"@type\":\"WebSite\",\"@id\":\"https:\\\/\\\/folhapopular.info\\\/#website\",\"url\":\"https:\\\/\\\/folhapopular.info\\\/\",\"name\":\"Folha Popular\",\"description\":\"Onde voc\u00ea tem vez e voz\",\"potentialAction\":[{\"@type\":\"SearchAction\",\"target\":{\"@type\":\"EntryPoint\",\"urlTemplate\":\"https:\\\/\\\/folhapopular.info\\\/?s={search_term_string}\"},\"query-input\":{\"@type\":\"PropertyValueSpecification\",\"valueRequired\":true,\"valueName\":\"search_term_string\"}}],\"inLanguage\":\"pt-BR\"},{\"@type\":\"Person\",\"@id\":\"https:\\\/\\\/folhapopular.info\\\/#\\\/schema\\\/person\\\/e852c327371714676d02e58cf917fd9f\",\"name\":\"Luis Augusto Huppes\",\"image\":{\"@type\":\"ImageObject\",\"inLanguage\":\"pt-BR\",\"@id\":\"https:\\\/\\\/folhapopular.info\\\/wp-content\\\/uploads\\\/2026\\\/04\\\/Luis-Augusto-Huppes-1-1.webp\",\"url\":\"https:\\\/\\\/folhapopular.info\\\/wp-content\\\/uploads\\\/2026\\\/04\\\/Luis-Augusto-Huppes-1-1.webp\",\"contentUrl\":\"https:\\\/\\\/folhapopular.info\\\/wp-content\\\/uploads\\\/2026\\\/04\\\/Luis-Augusto-Huppes-1-1.webp\",\"caption\":\"Luis Augusto Huppes\"},\"sameAs\":[\"https:\\\/\\\/www.facebook.com\\\/luis.huppes\\\/\",\"https:\\\/\\\/www.instagram.com\\\/luis.huppes\\\/\",\"https:\\\/\\\/www.linkedin.com\\\/in\\\/luis-augusto-huppes-2554b52b7\\\/\"],\"url\":\"https:\\\/\\\/folhapopular.info\\\/index.php\\\/author\\\/luis-augusto-huppes\\\/\"}]}<\/script>\n<!-- \/ Yoast SEO plugin. -->","yoast_head_json":{"title":"Rodadas das Copas Beti Esportes apuraram semifinais no campo e quartas no futsal - Folha Popular","robots":{"index":"index","follow":"follow","max-snippet":"max-snippet:-1","max-image-preview":"max-image-preview:large","max-video-preview":"max-video-preview:-1"},"canonical":"https:\/\/folhapopular.info\/index.php\/2025\/11\/12\/rodadas-das-copas-beti-esportes-apuraram-semifinais-no-campo-e-quartas-no-futsal\/","og_locale":"pt_BR","og_type":"article","og_title":"Rodadas das Copas Beti Esportes apuraram semifinais no campo e quartas no futsal - Folha Popular","og_description":"As Copas Beti Esportes chegam ao momento mais aguardado da temporada. As competi\u00e7\u00f5es de futebol de campo e futsal entram na reta final com o encerramento da fase classificat\u00f3ria e a defini\u00e7\u00e3o dos confrontos de mata-mata. O futebol teve rodada disputada em Colinas; j\u00e1 a quadra apurou os classificados no Gin\u00e1sio da Associa\u00e7\u00e3o dos Funcion\u00e1rios [&hellip;]","og_url":"https:\/\/folhapopular.info\/index.php\/2025\/11\/12\/rodadas-das-copas-beti-esportes-apuraram-semifinais-no-campo-e-quartas-no-futsal\/","og_site_name":"Folha Popular","article_author":"https:\/\/www.facebook.com\/luis.huppes\/","article_published_time":"2025-11-12T13:59:21+00:00","article_modified_time":"2025-11-12T13:59:23+00:00","og_image":[{"width":1600,"height":2400,"url":"http:\/\/folhapopular.info\/wp-content\/uploads\/2025\/11\/v2_f2c7c044-6964-48de-86b5-83a34154d302.jpg","type":"image\/jpeg"}],"author":"Luis Augusto Huppes","twitter_card":"summary_large_image","twitter_misc":{"Escrito por":"Luis Augusto Huppes","Est. tempo de leitura":"6 minutos"},"schema":{"@context":"https:\/\/schema.org","@graph":[{"@type":"Article","@id":"https:\/\/folhapopular.info\/index.php\/2025\/11\/12\/rodadas-das-copas-beti-esportes-apuraram-semifinais-no-campo-e-quartas-no-futsal\/#article","isPartOf":{"@id":"https:\/\/folhapopular.info\/index.php\/2025\/11\/12\/rodadas-das-copas-beti-esportes-apuraram-semifinais-no-campo-e-quartas-no-futsal\/"},"author":{"name":"Luis Augusto Huppes","@id":"https:\/\/folhapopular.info\/#\/schema\/person\/e852c327371714676d02e58cf917fd9f"},"headline":"Rodadas das Copas Beti Esportes apuraram semifinais no campo e quartas no futsal","datePublished":"2025-11-12T13:59:21+00:00","dateModified":"2025-11-12T13:59:23+00:00","mainEntityOfPage":{"@id":"https:\/\/folhapopular.info\/index.php\/2025\/11\/12\/rodadas-das-copas-beti-esportes-apuraram-semifinais-no-campo-e-quartas-no-futsal\/"},"wordCount":732,"commentCount":0,"image":{"@id":"https:\/\/folhapopular.info\/index.php\/2025\/11\/12\/rodadas-das-copas-beti-esportes-apuraram-semifinais-no-campo-e-quartas-no-futsal\/#primaryimage"},"thumbnailUrl":"https:\/\/folhapopular.info\/wp-content\/uploads\/2025\/11\/v2_f2c7c044-6964-48de-86b5-83a34154d302.jpg","keywords":["Copas Beti Esportes","Futebol de campo","Futsal","Regi\u00e3o"],"articleSection":["Esportes","Futebol Amador","Futsal"],"inLanguage":"pt-BR","potentialAction":[{"@type":"CommentAction","name":"Comment","target":["https:\/\/folhapopular.info\/index.php\/2025\/11\/12\/rodadas-das-copas-beti-esportes-apuraram-semifinais-no-campo-e-quartas-no-futsal\/#respond"]}]},{"@type":"WebPage","@id":"https:\/\/folhapopular.info\/index.php\/2025\/11\/12\/rodadas-das-copas-beti-esportes-apuraram-semifinais-no-campo-e-quartas-no-futsal\/","url":"https:\/\/folhapopular.info\/index.php\/2025\/11\/12\/rodadas-das-copas-beti-esportes-apuraram-semifinais-no-campo-e-quartas-no-futsal\/","name":"Rodadas das Copas Beti Esportes apuraram semifinais no campo e quartas no futsal - Folha Popular","isPartOf":{"@id":"https:\/\/folhapopular.info\/#website"},"primaryImageOfPage":{"@id":"https:\/\/folhapopular.info\/index.php\/2025\/11\/12\/rodadas-das-copas-beti-esportes-apuraram-semifinais-no-campo-e-quartas-no-futsal\/#primaryimage"},"image":{"@id":"https:\/\/folhapopular.info\/index.php\/2025\/11\/12\/rodadas-das-copas-beti-esportes-apuraram-semifinais-no-campo-e-quartas-no-futsal\/#primaryimage"},"thumbnailUrl":"https:\/\/folhapopular.info\/wp-content\/uploads\/2025\/11\/v2_f2c7c044-6964-48de-86b5-83a34154d302.jpg","datePublished":"2025-11-12T13:59:21+00:00","dateModified":"2025-11-12T13:59:23+00:00","author":{"@id":"https:\/\/folhapopular.info\/#\/schema\/person\/e852c327371714676d02e58cf917fd9f"},"breadcrumb":{"@id":"https:\/\/folhapopular.info\/index.php\/2025\/11\/12\/rodadas-das-copas-beti-esportes-apuraram-semifinais-no-campo-e-quartas-no-futsal\/#breadcrumb"},"inLanguage":"pt-BR","potentialAction":[{"@type":"ReadAction","target":["https:\/\/folhapopular.info\/index.php\/2025\/11\/12\/rodadas-das-copas-beti-esportes-apuraram-semifinais-no-campo-e-quartas-no-futsal\/"]}]},{"@type":"ImageObject","inLanguage":"pt-BR","@id":"https:\/\/folhapopular.info\/index.php\/2025\/11\/12\/rodadas-das-copas-beti-esportes-apuraram-semifinais-no-campo-e-quartas-no-futsal\/#primaryimage","url":"https:\/\/folhapopular.info\/wp-content\/uploads\/2025\/11\/v2_f2c7c044-6964-48de-86b5-83a34154d302.jpg","contentUrl":"https:\/\/folhapopular.info\/wp-content\/uploads\/2025\/11\/v2_f2c7c044-6964-48de-86b5-83a34154d302.jpg","width":1600,"height":2400,"caption":"Partidas do futsal ser\u00e3o realizadas nesta sexta-feira \/ Cr\u00e9dito: Tain\u00e1 Danzer Fotografias \/ Divulga\u00e7\u00e3o"},{"@type":"BreadcrumbList","@id":"https:\/\/folhapopular.info\/index.php\/2025\/11\/12\/rodadas-das-copas-beti-esportes-apuraram-semifinais-no-campo-e-quartas-no-futsal\/#breadcrumb","itemListElement":[{"@type":"ListItem","position":1,"name":"In\u00edcio","item":"https:\/\/folhapopular.info\/"},{"@type":"ListItem","position":2,"name":"Rodadas das Copas Beti Esportes apuraram semifinais no campo e quartas no futsal"}]},{"@type":"WebSite","@id":"https:\/\/folhapopular.info\/#website","url":"https:\/\/folhapopular.info\/","name":"Folha Popular","description":"Onde voc\u00ea tem vez e voz","potentialAction":[{"@type":"SearchAction","target":{"@type":"EntryPoint","urlTemplate":"https:\/\/folhapopular.info\/?s={search_term_string}"},"query-input":{"@type":"PropertyValueSpecification","valueRequired":true,"valueName":"search_term_string"}}],"inLanguage":"pt-BR"},{"@type":"Person","@id":"https:\/\/folhapopular.info\/#\/schema\/person\/e852c327371714676d02e58cf917fd9f","name":"Luis Augusto Huppes","image":{"@type":"ImageObject","inLanguage":"pt-BR","@id":"https:\/\/folhapopular.info\/wp-content\/uploads\/2026\/04\/Luis-Augusto-Huppes-1-1.webp","url":"https:\/\/folhapopular.info\/wp-content\/uploads\/2026\/04\/Luis-Augusto-Huppes-1-1.webp","contentUrl":"https:\/\/folhapopular.info\/wp-content\/uploads\/2026\/04\/Luis-Augusto-Huppes-1-1.webp","caption":"Luis Augusto Huppes"},"sameAs":["https:\/\/www.facebook.com\/luis.huppes\/","https:\/\/www.instagram.com\/luis.huppes\/","https:\/\/www.linkedin.com\/in\/luis-augusto-huppes-2554b52b7\/"],"url":"https:\/\/folhapopular.info\/index.php\/author\/luis-augusto-huppes\/"}]}},"jetpack_featured_media_url":"https:\/\/folhapopular.info\/wp-content\/uploads\/2025\/11\/v2_f2c7c044-6964-48de-86b5-83a34154d302.jpg","jetpack_sharing_enabled":true,"amp_enabled":true,"_links":{"self":[{"href":"https:\/\/folhapopular.info\/index.php\/wp-json\/wp\/v2\/posts\/198216","targetHints":{"allow":["GET"]}}],"collection":[{"href":"https:\/\/folhapopular.info\/index.php\/wp-json\/wp\/v2\/posts"}],"about":[{"href":"https:\/\/folhapopular.info\/index.php\/wp-json\/wp\/v2\/types\/post"}],"author":[{"embeddable":true,"href":"https:\/\/folhapopular.info\/index.php\/wp-json\/wp\/v2\/users\/732"}],"replies":[{"embeddable":true,"href":"https:\/\/folhapopular.info\/index.php\/wp-json\/wp\/v2\/comments?post=198216"}],"version-history":[{"count":0,"href":"https:\/\/folhapopular.info\/index.php\/wp-json\/wp\/v2\/posts\/198216\/revisions"}],"wp:featuredmedia":[{"embeddable":true,"href":"https:\/\/folhapopular.info\/index.php\/wp-json\/wp\/v2\/media\/198218"}],"wp:attachment":[{"href":"https:\/\/folhapopular.info\/index.php\/wp-json\/wp\/v2\/media?parent=198216"}],"wp:term":[{"taxonomy":"category","embeddable":true,"href":"https:\/\/folhapopular.info\/index.php\/wp-json\/wp\/v2\/categories?post=198216"},{"taxonomy":"post_tag","embeddable":true,"href":"https:\/\/folhapopular.info\/index.php\/wp-json\/wp\/v2\/tags?post=198216"}],"curies":[{"name":"wp","href":"https:\/\/api.w.org\/{rel}","templated":true}]}}