{"id":198316,"date":"2025-11-14T22:29:44","date_gmt":"2025-11-15T01:29:44","guid":{"rendered":"https:\/\/folhapopular.info\/?p=198316"},"modified":"2025-11-14T22:29:48","modified_gmt":"2025-11-15T01:29:48","slug":"acidente-com-capotamento-bloqueia-via-no-bairro-canabarro-em-teutonia","status":"publish","type":"post","link":"https:\/\/folhapopular.info\/index.php\/2025\/11\/14\/acidente-com-capotamento-bloqueia-via-no-bairro-canabarro-em-teutonia\/","title":{"rendered":"Acidente com capotamento bloqueia via no Bairro Canabarro, em Teut\u00f4nia"},"content":{"rendered":"\n<p>Uma colis\u00e3o entre dois ve\u00edculos, seguida de capotamento, foi registrada por volta das 17h53 desta sexta-feira (14\/11) na Rua Costa e Silva, no Bairro Canabarro, em Teut\u00f4nia.<\/p>\n\n\n\n<p>Ao chegar ao local, as equipes de resgate encontraram os condutores j\u00e1 fora dos autom\u00f3veis envolvidos \u2014 um VW Agile vermelho, de Po\u00e7o das Antas, conduzido por um homem de 48 anos, e um Fiat Siena vermelho, de Teut\u00f4nia, guiado por um homem de 66 anos.<\/p>\n\n\n\n<p>Ambos recusaram atendimento m\u00e9dico e n\u00e3o houve feridos. A via ficou bloqueada durante o atendimento, com apoio da Brigada Militar<\/p>\n","protected":false},"excerpt":{"rendered":"<p>Uma colis\u00e3o entre dois ve\u00edculos, seguida de capotamento, foi registrada por volta das 17h53 desta sexta-feira (14\/11) na Rua Costa e Silva, no Bairro Canabarro, em Teut\u00f4nia. Ao chegar ao local, as equipes de resgate encontraram os condutores j\u00e1 fora dos autom\u00f3veis envolvidos \u2014 um VW Agile vermelho, de Po\u00e7o das Antas, conduzido por um [&hellip;]<\/p>\n","protected":false},"author":8,"featured_media":198317,"comment_status":"open","ping_status":"open","sticky":false,"template":"","format":"standard","meta":{"pmpro_default_level":"","_jetpack_memberships_contains_paid_content":false,"footnotes":""},"categories":[7,10983],"tags":[195,204,26],"class_list":{"0":"post-198316","1":"post","2":"type-post","3":"status-publish","4":"format-standard","5":"has-post-thumbnail","7":"category-seguranca","8":"category-transito","9":"tag-acidente","10":"tag-capotamento","11":"tag-teutonia","12":"pmpro-has-access"},"yoast_head":"<!-- This site is optimized with the Yoast SEO plugin v27.5 - https:\/\/yoast.com\/product\/yoast-seo-wordpress\/ -->\n<title>Acidente com capotamento bloqueia via no Bairro Canabarro, em Teut\u00f4nia - Folha Popular<\/title>\n<meta name=\"robots\" content=\"index, follow, max-snippet:-1, max-image-preview:large, max-video-preview:-1\" \/>\n<link rel=\"canonical\" href=\"https:\/\/folhapopular.info\/index.php\/2025\/11\/14\/acidente-com-capotamento-bloqueia-via-no-bairro-canabarro-em-teutonia\/\" \/>\n<meta property=\"og:locale\" content=\"pt_BR\" \/>\n<meta property=\"og:type\" content=\"article\" \/>\n<meta property=\"og:title\" content=\"Acidente com capotamento bloqueia via no Bairro Canabarro, em Teut\u00f4nia - Folha Popular\" \/>\n<meta property=\"og:description\" content=\"Uma colis\u00e3o entre dois ve\u00edculos, seguida de capotamento, foi registrada por volta das 17h53 desta sexta-feira (14\/11) na Rua Costa e Silva, no Bairro Canabarro, em Teut\u00f4nia. Ao chegar ao local, as equipes de resgate encontraram os condutores j\u00e1 fora dos autom\u00f3veis envolvidos \u2014 um VW Agile vermelho, de Po\u00e7o das Antas, conduzido por um [&hellip;]\" \/>\n<meta property=\"og:url\" content=\"https:\/\/folhapopular.info\/index.php\/2025\/11\/14\/acidente-com-capotamento-bloqueia-via-no-bairro-canabarro-em-teutonia\/\" \/>\n<meta property=\"og:site_name\" content=\"Folha Popular\" \/>\n<meta property=\"article:published_time\" content=\"2025-11-15T01:29:44+00:00\" \/>\n<meta property=\"article:modified_time\" content=\"2025-11-15T01:29:48+00:00\" \/>\n<meta property=\"og:image\" content=\"http:\/\/folhapopular.info\/wp-content\/uploads\/2025\/11\/IMG-20251114-WA0034-scaled.jpg\" \/>\n\t<meta property=\"og:image:width\" content=\"1440\" \/>\n\t<meta property=\"og:image:height\" content=\"2560\" \/>\n\t<meta property=\"og:image:type\" content=\"image\/jpeg\" \/>\n<meta name=\"author\" content=\"Reda\u00e7\u00e3o Folha Popular\" \/>\n<meta name=\"twitter:card\" content=\"summary_large_image\" \/>\n<meta name=\"twitter:label1\" content=\"Escrito por\" \/>\n\t<meta name=\"twitter:data1\" content=\"Reda\u00e7\u00e3o Folha Popular\" \/>\n\t<meta name=\"twitter:label2\" content=\"Est. tempo de leitura\" \/>\n\t<meta name=\"twitter:data2\" content=\"1 minuto\" \/>\n<script type=\"application\/ld+json\" class=\"yoast-schema-graph\">{\"@context\":\"https:\\\/\\\/schema.org\",\"@graph\":[{\"@type\":\"Article\",\"@id\":\"https:\\\/\\\/folhapopular.info\\\/index.php\\\/2025\\\/11\\\/14\\\/acidente-com-capotamento-bloqueia-via-no-bairro-canabarro-em-teutonia\\\/#article\",\"isPartOf\":{\"@id\":\"https:\\\/\\\/folhapopular.info\\\/index.php\\\/2025\\\/11\\\/14\\\/acidente-com-capotamento-bloqueia-via-no-bairro-canabarro-em-teutonia\\\/\"},\"author\":{\"name\":\"Reda\u00e7\u00e3o Folha Popular\",\"@id\":\"https:\\\/\\\/folhapopular.info\\\/#\\\/schema\\\/person\\\/2814e8a0df7643585a9ca38bc6eb9d4b\"},\"headline\":\"Acidente com capotamento bloqueia via no Bairro Canabarro, em Teut\u00f4nia\",\"datePublished\":\"2025-11-15T01:29:44+00:00\",\"dateModified\":\"2025-11-15T01:29:48+00:00\",\"mainEntityOfPage\":{\"@id\":\"https:\\\/\\\/folhapopular.info\\\/index.php\\\/2025\\\/11\\\/14\\\/acidente-com-capotamento-bloqueia-via-no-bairro-canabarro-em-teutonia\\\/\"},\"wordCount\":108,\"commentCount\":0,\"image\":{\"@id\":\"https:\\\/\\\/folhapopular.info\\\/index.php\\\/2025\\\/11\\\/14\\\/acidente-com-capotamento-bloqueia-via-no-bairro-canabarro-em-teutonia\\\/#primaryimage\"},\"thumbnailUrl\":\"https:\\\/\\\/folhapopular.info\\\/wp-content\\\/uploads\\\/2025\\\/11\\\/IMG-20251114-WA0034-scaled.jpg\",\"keywords\":[\"Acidente\",\"Capotamento\",\"Teut\u00f4nia\"],\"articleSection\":[\"Seguran\u00e7a\",\"Tr\u00e2nsito\"],\"inLanguage\":\"pt-BR\",\"potentialAction\":[{\"@type\":\"CommentAction\",\"name\":\"Comment\",\"target\":[\"https:\\\/\\\/folhapopular.info\\\/index.php\\\/2025\\\/11\\\/14\\\/acidente-com-capotamento-bloqueia-via-no-bairro-canabarro-em-teutonia\\\/#respond\"]}]},{\"@type\":\"WebPage\",\"@id\":\"https:\\\/\\\/folhapopular.info\\\/index.php\\\/2025\\\/11\\\/14\\\/acidente-com-capotamento-bloqueia-via-no-bairro-canabarro-em-teutonia\\\/\",\"url\":\"https:\\\/\\\/folhapopular.info\\\/index.php\\\/2025\\\/11\\\/14\\\/acidente-com-capotamento-bloqueia-via-no-bairro-canabarro-em-teutonia\\\/\",\"name\":\"Acidente com capotamento bloqueia via no Bairro Canabarro, em Teut\u00f4nia - Folha Popular\",\"isPartOf\":{\"@id\":\"https:\\\/\\\/folhapopular.info\\\/#website\"},\"primaryImageOfPage\":{\"@id\":\"https:\\\/\\\/folhapopular.info\\\/index.php\\\/2025\\\/11\\\/14\\\/acidente-com-capotamento-bloqueia-via-no-bairro-canabarro-em-teutonia\\\/#primaryimage\"},\"image\":{\"@id\":\"https:\\\/\\\/folhapopular.info\\\/index.php\\\/2025\\\/11\\\/14\\\/acidente-com-capotamento-bloqueia-via-no-bairro-canabarro-em-teutonia\\\/#primaryimage\"},\"thumbnailUrl\":\"https:\\\/\\\/folhapopular.info\\\/wp-content\\\/uploads\\\/2025\\\/11\\\/IMG-20251114-WA0034-scaled.jpg\",\"datePublished\":\"2025-11-15T01:29:44+00:00\",\"dateModified\":\"2025-11-15T01:29:48+00:00\",\"author\":{\"@id\":\"https:\\\/\\\/folhapopular.info\\\/#\\\/schema\\\/person\\\/2814e8a0df7643585a9ca38bc6eb9d4b\"},\"breadcrumb\":{\"@id\":\"https:\\\/\\\/folhapopular.info\\\/index.php\\\/2025\\\/11\\\/14\\\/acidente-com-capotamento-bloqueia-via-no-bairro-canabarro-em-teutonia\\\/#breadcrumb\"},\"inLanguage\":\"pt-BR\",\"potentialAction\":[{\"@type\":\"ReadAction\",\"target\":[\"https:\\\/\\\/folhapopular.info\\\/index.php\\\/2025\\\/11\\\/14\\\/acidente-com-capotamento-bloqueia-via-no-bairro-canabarro-em-teutonia\\\/\"]}]},{\"@type\":\"ImageObject\",\"inLanguage\":\"pt-BR\",\"@id\":\"https:\\\/\\\/folhapopular.info\\\/index.php\\\/2025\\\/11\\\/14\\\/acidente-com-capotamento-bloqueia-via-no-bairro-canabarro-em-teutonia\\\/#primaryimage\",\"url\":\"https:\\\/\\\/folhapopular.info\\\/wp-content\\\/uploads\\\/2025\\\/11\\\/IMG-20251114-WA0034-scaled.jpg\",\"contentUrl\":\"https:\\\/\\\/folhapopular.info\\\/wp-content\\\/uploads\\\/2025\\\/11\\\/IMG-20251114-WA0034-scaled.jpg\",\"width\":1440,\"height\":2560},{\"@type\":\"BreadcrumbList\",\"@id\":\"https:\\\/\\\/folhapopular.info\\\/index.php\\\/2025\\\/11\\\/14\\\/acidente-com-capotamento-bloqueia-via-no-bairro-canabarro-em-teutonia\\\/#breadcrumb\",\"itemListElement\":[{\"@type\":\"ListItem\",\"position\":1,\"name\":\"In\u00edcio\",\"item\":\"https:\\\/\\\/folhapopular.info\\\/\"},{\"@type\":\"ListItem\",\"position\":2,\"name\":\"Acidente com capotamento bloqueia via no Bairro Canabarro, em Teut\u00f4nia\"}]},{\"@type\":\"WebSite\",\"@id\":\"https:\\\/\\\/folhapopular.info\\\/#website\",\"url\":\"https:\\\/\\\/folhapopular.info\\\/\",\"name\":\"Folha Popular\",\"description\":\"Onde voc\u00ea tem vez e voz\",\"potentialAction\":[{\"@type\":\"SearchAction\",\"target\":{\"@type\":\"EntryPoint\",\"urlTemplate\":\"https:\\\/\\\/folhapopular.info\\\/?s={search_term_string}\"},\"query-input\":{\"@type\":\"PropertyValueSpecification\",\"valueRequired\":true,\"valueName\":\"search_term_string\"}}],\"inLanguage\":\"pt-BR\"},{\"@type\":\"Person\",\"@id\":\"https:\\\/\\\/folhapopular.info\\\/#\\\/schema\\\/person\\\/2814e8a0df7643585a9ca38bc6eb9d4b\",\"name\":\"Reda\u00e7\u00e3o Folha Popular\",\"image\":{\"@type\":\"ImageObject\",\"inLanguage\":\"pt-BR\",\"@id\":\"https:\\\/\\\/folhapopular.info\\\/wp-content\\\/uploads\\\/2026\\\/04\\\/Folha-1.webp\",\"url\":\"https:\\\/\\\/folhapopular.info\\\/wp-content\\\/uploads\\\/2026\\\/04\\\/Folha-1.webp\",\"contentUrl\":\"https:\\\/\\\/folhapopular.info\\\/wp-content\\\/uploads\\\/2026\\\/04\\\/Folha-1.webp\",\"caption\":\"Reda\u00e7\u00e3o Folha Popular\"},\"url\":\"https:\\\/\\\/folhapopular.info\\\/index.php\\\/author\\\/redacao\\\/\"}]}<\/script>\n<!-- \/ Yoast SEO plugin. -->","yoast_head_json":{"title":"Acidente com capotamento bloqueia via no Bairro Canabarro, em Teut\u00f4nia - Folha Popular","robots":{"index":"index","follow":"follow","max-snippet":"max-snippet:-1","max-image-preview":"max-image-preview:large","max-video-preview":"max-video-preview:-1"},"canonical":"https:\/\/folhapopular.info\/index.php\/2025\/11\/14\/acidente-com-capotamento-bloqueia-via-no-bairro-canabarro-em-teutonia\/","og_locale":"pt_BR","og_type":"article","og_title":"Acidente com capotamento bloqueia via no Bairro Canabarro, em Teut\u00f4nia - Folha Popular","og_description":"Uma colis\u00e3o entre dois ve\u00edculos, seguida de capotamento, foi registrada por volta das 17h53 desta sexta-feira (14\/11) na Rua Costa e Silva, no Bairro Canabarro, em Teut\u00f4nia. Ao chegar ao local, as equipes de resgate encontraram os condutores j\u00e1 fora dos autom\u00f3veis envolvidos \u2014 um VW Agile vermelho, de Po\u00e7o das Antas, conduzido por um [&hellip;]","og_url":"https:\/\/folhapopular.info\/index.php\/2025\/11\/14\/acidente-com-capotamento-bloqueia-via-no-bairro-canabarro-em-teutonia\/","og_site_name":"Folha Popular","article_published_time":"2025-11-15T01:29:44+00:00","article_modified_time":"2025-11-15T01:29:48+00:00","og_image":[{"width":1440,"height":2560,"url":"http:\/\/folhapopular.info\/wp-content\/uploads\/2025\/11\/IMG-20251114-WA0034-scaled.jpg","type":"image\/jpeg"}],"author":"Reda\u00e7\u00e3o Folha Popular","twitter_card":"summary_large_image","twitter_misc":{"Escrito por":"Reda\u00e7\u00e3o Folha Popular","Est. tempo de leitura":"1 minuto"},"schema":{"@context":"https:\/\/schema.org","@graph":[{"@type":"Article","@id":"https:\/\/folhapopular.info\/index.php\/2025\/11\/14\/acidente-com-capotamento-bloqueia-via-no-bairro-canabarro-em-teutonia\/#article","isPartOf":{"@id":"https:\/\/folhapopular.info\/index.php\/2025\/11\/14\/acidente-com-capotamento-bloqueia-via-no-bairro-canabarro-em-teutonia\/"},"author":{"name":"Reda\u00e7\u00e3o Folha Popular","@id":"https:\/\/folhapopular.info\/#\/schema\/person\/2814e8a0df7643585a9ca38bc6eb9d4b"},"headline":"Acidente com capotamento bloqueia via no Bairro Canabarro, em Teut\u00f4nia","datePublished":"2025-11-15T01:29:44+00:00","dateModified":"2025-11-15T01:29:48+00:00","mainEntityOfPage":{"@id":"https:\/\/folhapopular.info\/index.php\/2025\/11\/14\/acidente-com-capotamento-bloqueia-via-no-bairro-canabarro-em-teutonia\/"},"wordCount":108,"commentCount":0,"image":{"@id":"https:\/\/folhapopular.info\/index.php\/2025\/11\/14\/acidente-com-capotamento-bloqueia-via-no-bairro-canabarro-em-teutonia\/#primaryimage"},"thumbnailUrl":"https:\/\/folhapopular.info\/wp-content\/uploads\/2025\/11\/IMG-20251114-WA0034-scaled.jpg","keywords":["Acidente","Capotamento","Teut\u00f4nia"],"articleSection":["Seguran\u00e7a","Tr\u00e2nsito"],"inLanguage":"pt-BR","potentialAction":[{"@type":"CommentAction","name":"Comment","target":["https:\/\/folhapopular.info\/index.php\/2025\/11\/14\/acidente-com-capotamento-bloqueia-via-no-bairro-canabarro-em-teutonia\/#respond"]}]},{"@type":"WebPage","@id":"https:\/\/folhapopular.info\/index.php\/2025\/11\/14\/acidente-com-capotamento-bloqueia-via-no-bairro-canabarro-em-teutonia\/","url":"https:\/\/folhapopular.info\/index.php\/2025\/11\/14\/acidente-com-capotamento-bloqueia-via-no-bairro-canabarro-em-teutonia\/","name":"Acidente com capotamento bloqueia via no Bairro Canabarro, em Teut\u00f4nia - Folha Popular","isPartOf":{"@id":"https:\/\/folhapopular.info\/#website"},"primaryImageOfPage":{"@id":"https:\/\/folhapopular.info\/index.php\/2025\/11\/14\/acidente-com-capotamento-bloqueia-via-no-bairro-canabarro-em-teutonia\/#primaryimage"},"image":{"@id":"https:\/\/folhapopular.info\/index.php\/2025\/11\/14\/acidente-com-capotamento-bloqueia-via-no-bairro-canabarro-em-teutonia\/#primaryimage"},"thumbnailUrl":"https:\/\/folhapopular.info\/wp-content\/uploads\/2025\/11\/IMG-20251114-WA0034-scaled.jpg","datePublished":"2025-11-15T01:29:44+00:00","dateModified":"2025-11-15T01:29:48+00:00","author":{"@id":"https:\/\/folhapopular.info\/#\/schema\/person\/2814e8a0df7643585a9ca38bc6eb9d4b"},"breadcrumb":{"@id":"https:\/\/folhapopular.info\/index.php\/2025\/11\/14\/acidente-com-capotamento-bloqueia-via-no-bairro-canabarro-em-teutonia\/#breadcrumb"},"inLanguage":"pt-BR","potentialAction":[{"@type":"ReadAction","target":["https:\/\/folhapopular.info\/index.php\/2025\/11\/14\/acidente-com-capotamento-bloqueia-via-no-bairro-canabarro-em-teutonia\/"]}]},{"@type":"ImageObject","inLanguage":"pt-BR","@id":"https:\/\/folhapopular.info\/index.php\/2025\/11\/14\/acidente-com-capotamento-bloqueia-via-no-bairro-canabarro-em-teutonia\/#primaryimage","url":"https:\/\/folhapopular.info\/wp-content\/uploads\/2025\/11\/IMG-20251114-WA0034-scaled.jpg","contentUrl":"https:\/\/folhapopular.info\/wp-content\/uploads\/2025\/11\/IMG-20251114-WA0034-scaled.jpg","width":1440,"height":2560},{"@type":"BreadcrumbList","@id":"https:\/\/folhapopular.info\/index.php\/2025\/11\/14\/acidente-com-capotamento-bloqueia-via-no-bairro-canabarro-em-teutonia\/#breadcrumb","itemListElement":[{"@type":"ListItem","position":1,"name":"In\u00edcio","item":"https:\/\/folhapopular.info\/"},{"@type":"ListItem","position":2,"name":"Acidente com capotamento bloqueia via no Bairro Canabarro, em Teut\u00f4nia"}]},{"@type":"WebSite","@id":"https:\/\/folhapopular.info\/#website","url":"https:\/\/folhapopular.info\/","name":"Folha Popular","description":"Onde voc\u00ea tem vez e voz","potentialAction":[{"@type":"SearchAction","target":{"@type":"EntryPoint","urlTemplate":"https:\/\/folhapopular.info\/?s={search_term_string}"},"query-input":{"@type":"PropertyValueSpecification","valueRequired":true,"valueName":"search_term_string"}}],"inLanguage":"pt-BR"},{"@type":"Person","@id":"https:\/\/folhapopular.info\/#\/schema\/person\/2814e8a0df7643585a9ca38bc6eb9d4b","name":"Reda\u00e7\u00e3o Folha Popular","image":{"@type":"ImageObject","inLanguage":"pt-BR","@id":"https:\/\/folhapopular.info\/wp-content\/uploads\/2026\/04\/Folha-1.webp","url":"https:\/\/folhapopular.info\/wp-content\/uploads\/2026\/04\/Folha-1.webp","contentUrl":"https:\/\/folhapopular.info\/wp-content\/uploads\/2026\/04\/Folha-1.webp","caption":"Reda\u00e7\u00e3o Folha Popular"},"url":"https:\/\/folhapopular.info\/index.php\/author\/redacao\/"}]}},"jetpack_featured_media_url":"https:\/\/folhapopular.info\/wp-content\/uploads\/2025\/11\/IMG-20251114-WA0034-scaled.jpg","jetpack_sharing_enabled":true,"amp_enabled":true,"_links":{"self":[{"href":"https:\/\/folhapopular.info\/index.php\/wp-json\/wp\/v2\/posts\/198316","targetHints":{"allow":["GET"]}}],"collection":[{"href":"https:\/\/folhapopular.info\/index.php\/wp-json\/wp\/v2\/posts"}],"about":[{"href":"https:\/\/folhapopular.info\/index.php\/wp-json\/wp\/v2\/types\/post"}],"author":[{"embeddable":true,"href":"https:\/\/folhapopular.info\/index.php\/wp-json\/wp\/v2\/users\/8"}],"replies":[{"embeddable":true,"href":"https:\/\/folhapopular.info\/index.php\/wp-json\/wp\/v2\/comments?post=198316"}],"version-history":[{"count":0,"href":"https:\/\/folhapopular.info\/index.php\/wp-json\/wp\/v2\/posts\/198316\/revisions"}],"wp:featuredmedia":[{"embeddable":true,"href":"https:\/\/folhapopular.info\/index.php\/wp-json\/wp\/v2\/media\/198317"}],"wp:attachment":[{"href":"https:\/\/folhapopular.info\/index.php\/wp-json\/wp\/v2\/media?parent=198316"}],"wp:term":[{"taxonomy":"category","embeddable":true,"href":"https:\/\/folhapopular.info\/index.php\/wp-json\/wp\/v2\/categories?post=198316"},{"taxonomy":"post_tag","embeddable":true,"href":"https:\/\/folhapopular.info\/index.php\/wp-json\/wp\/v2\/tags?post=198316"}],"curies":[{"name":"wp","href":"https:\/\/api.w.org\/{rel}","templated":true}]}}