{"id":198393,"date":"2025-11-15T16:38:55","date_gmt":"2025-11-15T19:38:55","guid":{"rendered":"https:\/\/folhapopular.info\/?p=198393"},"modified":"2025-11-15T16:40:21","modified_gmt":"2025-11-15T19:40:21","slug":"quatro-brasileiros-encaram-o-ufc-322-neste-sabado","status":"publish","type":"post","link":"https:\/\/folhapopular.info\/index.php\/2025\/11\/15\/quatro-brasileiros-encaram-o-ufc-322-neste-sabado\/","title":{"rendered":"Quatro brasileiros encaram o UFC 322 neste s\u00e1bado"},"content":{"rendered":"\n<p>O <em>VeChain<\/em> UFC 322 deste s\u00e1bado (15\/11), realizado no <em>Madison Square Garden<\/em>, em Nova Iorque, promete uma noite movimentada para o MMA mundial e, especialmente, para o Brasil. Quatro atletas do pa\u00eds estar\u00e3o em a\u00e7\u00e3o em diferentes momentos do <em>card<\/em>, todos com desafios relevantes para suas trajet\u00f3rias dentro do UFC.<\/p>\n\n\n\n<p>Entre os meio-m\u00e9dios, Carlos Prates vive o melhor momento desde que chegou \u00e0 organiza\u00e7\u00e3o. Embalado pelo nocaute sobre Geoff Neal, ele encara o ex-campe\u00e3o Leon Edwards em um duelo que pode coloc\u00e1-lo na rota direta do top-5 da categoria.<\/p>\n\n\n\n<p>No peso-m\u00e9dio, Rodolfo Vieira busca manter a sequ\u00eancia positiva contra o norte-americano Bo Nickal, promessa da modalidade e dono de forte hist\u00f3rico no wrestling.<\/p>\n\n\n\n<p>Ainda entre os m\u00e9dios, Gregory \u201c<em>Robocop<\/em>\u201d Rodrigues tenta dar continuidade \u00e0 boa fase diante de Roman Kopylov, ap\u00f3s vit\u00f3ria marcante sobre o sueco Jack Hermansson.<\/p>\n\n\n\n<p>Para fechar a participa\u00e7\u00e3o brasileira, Matheus Camilo tenta pontuar pela primeira vez na companhia contra o russo Viacheslav Borschev, no peso-leve.<\/p>\n\n\n\n<p>O <em>card<\/em> tamb\u00e9m ganha peso com duas disputas de cintur\u00e3o. No topo da noite, o campe\u00e3o dos meio-m\u00e9dios, Jack Della Maddalena, coloca o t\u00edtulo em jogo contra o russo Islam Makhachev. <\/p>\n\n\n\n<p>J\u00e1 entre as moscas femininas, Valentina Shevchenko faz mais uma defesa, desta vez diante da chinesa Zhang Weili.<\/p>\n\n\n\n<figure class=\"wp-block-table is-style-stripes\"><table class=\"has-light-green-cyan-to-vivid-green-cyan-gradient-background has-background\"><tbody><tr><td><strong><em>Card<\/em> principal \u2013 in\u00edcio \u00e0s 0h (de Bras\u00edlia)<\/strong><\/td><\/tr><tr><td>Jack Della Maddalena x Islam Makhachev- cintur\u00e3o meio-m\u00e9dio<\/td><\/tr><tr><td>Valentina Shevchenko x Zhang Weili &#8211; cintur\u00e3o mosca feminino<\/td><\/tr><tr><td>Sean Brady x Michael Morales &#8211; meio-m\u00e9dio<\/td><\/tr><tr><td>Leon Edwards x Carlos Prates &#8211; meio-m\u00e9dio<\/td><\/tr><tr><td>Beneil Dariush x Benoit Saint Denis &#8211; leve<\/td><\/tr><tr><td><\/td><\/tr><tr><td><strong><em>Card<\/em> preliminar \u2013 in\u00edcio \u00e0s 20h (de Bras\u00edlia)<\/strong><\/td><\/tr><tr><td>Bo Nickal x Rodolfo Vieira &#8211; m\u00e9dio<\/td><\/tr><tr><td>Roman Kopylov x Gregory Rodrigues &#8211; m\u00e9dio<\/td><\/tr><tr><td>Erin Blanchfield x Tracy Cortez &#8211; mosca feminino<\/td><\/tr><tr><td>Malcolm Wellmaker x Cody Haddon &#8211; galo<\/td><\/tr><tr><td>Kyle Daukaus x Gerald Meerschaert &#8211; m\u00e9dio<\/td><\/tr><tr><td>Pat Sabatini x Chepe Mariscal &#8211; pena<\/td><\/tr><tr><td>Angela Hill x Fatima Kline &#8211; palha feminino<\/td><\/tr><tr><td>Baisangur Susurkaev x Eric McConico &#8211; m\u00e9dio<\/td><\/tr><tr><td>Viacheslav Borshchev x Matheus Camilo &#8211; leve<\/td><\/tr><\/tbody><\/table><\/figure>\n","protected":false},"excerpt":{"rendered":"<p>O VeChain UFC 322 deste s\u00e1bado (15\/11), realizado no Madison Square Garden, em Nova Iorque, promete uma noite movimentada para o MMA mundial e, especialmente, para o Brasil. Quatro atletas do pa\u00eds estar\u00e3o em a\u00e7\u00e3o em diferentes momentos do card, todos com desafios relevantes para suas trajet\u00f3rias dentro do UFC. Entre os meio-m\u00e9dios, Carlos Prates [&hellip;]<\/p>\n","protected":false},"author":732,"featured_media":198394,"comment_status":"open","ping_status":"open","sticky":false,"template":"","format":"standard","meta":{"pmpro_default_level":"","_jetpack_memberships_contains_paid_content":false,"footnotes":""},"categories":[18195,5],"tags":[9681,19945,19946,19948,19947,10776,19944],"class_list":{"0":"post-198393","1":"post","2":"type-post","3":"status-publish","4":"format-standard","5":"has-post-thumbnail","7":"category-artes-marciais","8":"category-esportes","9":"tag-artes-marciais","10":"tag-carlos-prates","11":"tag-gregory-rodrigues","12":"tag-matheus-camilo","13":"tag-rodolfo-vieira","14":"tag-ufc","15":"tag-ufc-322","16":"pmpro-has-access"},"yoast_head":"<!-- This site is optimized with the Yoast SEO plugin v27.4 - https:\/\/yoast.com\/product\/yoast-seo-wordpress\/ -->\n<title>Quatro brasileiros encaram o UFC 322 neste s\u00e1bado - Folha Popular<\/title>\n<meta name=\"robots\" content=\"index, follow, max-snippet:-1, max-image-preview:large, max-video-preview:-1\" \/>\n<link rel=\"canonical\" href=\"https:\/\/folhapopular.info\/index.php\/2025\/11\/15\/quatro-brasileiros-encaram-o-ufc-322-neste-sabado\/\" \/>\n<meta property=\"og:locale\" content=\"pt_BR\" \/>\n<meta property=\"og:type\" content=\"article\" \/>\n<meta property=\"og:title\" content=\"Quatro brasileiros encaram o UFC 322 neste s\u00e1bado - Folha Popular\" \/>\n<meta property=\"og:description\" content=\"O VeChain UFC 322 deste s\u00e1bado (15\/11), realizado no Madison Square Garden, em Nova Iorque, promete uma noite movimentada para o MMA mundial e, especialmente, para o Brasil. Quatro atletas do pa\u00eds estar\u00e3o em a\u00e7\u00e3o em diferentes momentos do card, todos com desafios relevantes para suas trajet\u00f3rias dentro do UFC. Entre os meio-m\u00e9dios, Carlos Prates [&hellip;]\" \/>\n<meta property=\"og:url\" content=\"https:\/\/folhapopular.info\/index.php\/2025\/11\/15\/quatro-brasileiros-encaram-o-ufc-322-neste-sabado\/\" \/>\n<meta property=\"og:site_name\" content=\"Folha Popular\" \/>\n<meta property=\"article:author\" content=\"https:\/\/www.facebook.com\/luis.huppes\/\" \/>\n<meta property=\"article:published_time\" content=\"2025-11-15T19:38:55+00:00\" \/>\n<meta property=\"article:modified_time\" content=\"2025-11-15T19:40:21+00:00\" \/>\n<meta property=\"og:image\" content=\"http:\/\/folhapopular.info\/wp-content\/uploads\/2025\/11\/WhatsApp-Image-2025-11-14-at-20.36.53.jpeg\" \/>\n\t<meta property=\"og:image:width\" content=\"1000\" \/>\n\t<meta property=\"og:image:height\" content=\"563\" \/>\n\t<meta property=\"og:image:type\" content=\"image\/jpeg\" \/>\n<meta name=\"author\" content=\"Luis Augusto Huppes\" \/>\n<meta name=\"twitter:card\" content=\"summary_large_image\" \/>\n<meta name=\"twitter:label1\" content=\"Escrito por\" \/>\n\t<meta name=\"twitter:data1\" content=\"Luis Augusto Huppes\" \/>\n\t<meta name=\"twitter:label2\" content=\"Est. tempo de leitura\" \/>\n\t<meta name=\"twitter:data2\" content=\"2 minutos\" \/>\n<script type=\"application\/ld+json\" class=\"yoast-schema-graph\">{\"@context\":\"https:\\\/\\\/schema.org\",\"@graph\":[{\"@type\":\"Article\",\"@id\":\"https:\\\/\\\/folhapopular.info\\\/index.php\\\/2025\\\/11\\\/15\\\/quatro-brasileiros-encaram-o-ufc-322-neste-sabado\\\/#article\",\"isPartOf\":{\"@id\":\"https:\\\/\\\/folhapopular.info\\\/index.php\\\/2025\\\/11\\\/15\\\/quatro-brasileiros-encaram-o-ufc-322-neste-sabado\\\/\"},\"author\":{\"name\":\"Luis Augusto Huppes\",\"@id\":\"https:\\\/\\\/folhapopular.info\\\/#\\\/schema\\\/person\\\/e852c327371714676d02e58cf917fd9f\"},\"headline\":\"Quatro brasileiros encaram o UFC 322 neste s\u00e1bado\",\"datePublished\":\"2025-11-15T19:38:55+00:00\",\"dateModified\":\"2025-11-15T19:40:21+00:00\",\"mainEntityOfPage\":{\"@id\":\"https:\\\/\\\/folhapopular.info\\\/index.php\\\/2025\\\/11\\\/15\\\/quatro-brasileiros-encaram-o-ufc-322-neste-sabado\\\/\"},\"wordCount\":364,\"commentCount\":0,\"image\":{\"@id\":\"https:\\\/\\\/folhapopular.info\\\/index.php\\\/2025\\\/11\\\/15\\\/quatro-brasileiros-encaram-o-ufc-322-neste-sabado\\\/#primaryimage\"},\"thumbnailUrl\":\"https:\\\/\\\/folhapopular.info\\\/wp-content\\\/uploads\\\/2025\\\/11\\\/WhatsApp-Image-2025-11-14-at-20.36.53.jpeg\",\"keywords\":[\"Artes Marciais\",\"Carlos Prates\",\"Gregory Rodrigues\",\"Matheus Camilo\",\"Rodolfo Vieira\",\"UFC\",\"UFC 322\"],\"articleSection\":[\"Artes Marciais\",\"Esportes\"],\"inLanguage\":\"pt-BR\",\"potentialAction\":[{\"@type\":\"CommentAction\",\"name\":\"Comment\",\"target\":[\"https:\\\/\\\/folhapopular.info\\\/index.php\\\/2025\\\/11\\\/15\\\/quatro-brasileiros-encaram-o-ufc-322-neste-sabado\\\/#respond\"]}]},{\"@type\":\"WebPage\",\"@id\":\"https:\\\/\\\/folhapopular.info\\\/index.php\\\/2025\\\/11\\\/15\\\/quatro-brasileiros-encaram-o-ufc-322-neste-sabado\\\/\",\"url\":\"https:\\\/\\\/folhapopular.info\\\/index.php\\\/2025\\\/11\\\/15\\\/quatro-brasileiros-encaram-o-ufc-322-neste-sabado\\\/\",\"name\":\"Quatro brasileiros encaram o UFC 322 neste s\u00e1bado - Folha Popular\",\"isPartOf\":{\"@id\":\"https:\\\/\\\/folhapopular.info\\\/#website\"},\"primaryImageOfPage\":{\"@id\":\"https:\\\/\\\/folhapopular.info\\\/index.php\\\/2025\\\/11\\\/15\\\/quatro-brasileiros-encaram-o-ufc-322-neste-sabado\\\/#primaryimage\"},\"image\":{\"@id\":\"https:\\\/\\\/folhapopular.info\\\/index.php\\\/2025\\\/11\\\/15\\\/quatro-brasileiros-encaram-o-ufc-322-neste-sabado\\\/#primaryimage\"},\"thumbnailUrl\":\"https:\\\/\\\/folhapopular.info\\\/wp-content\\\/uploads\\\/2025\\\/11\\\/WhatsApp-Image-2025-11-14-at-20.36.53.jpeg\",\"datePublished\":\"2025-11-15T19:38:55+00:00\",\"dateModified\":\"2025-11-15T19:40:21+00:00\",\"author\":{\"@id\":\"https:\\\/\\\/folhapopular.info\\\/#\\\/schema\\\/person\\\/e852c327371714676d02e58cf917fd9f\"},\"breadcrumb\":{\"@id\":\"https:\\\/\\\/folhapopular.info\\\/index.php\\\/2025\\\/11\\\/15\\\/quatro-brasileiros-encaram-o-ufc-322-neste-sabado\\\/#breadcrumb\"},\"inLanguage\":\"pt-BR\",\"potentialAction\":[{\"@type\":\"ReadAction\",\"target\":[\"https:\\\/\\\/folhapopular.info\\\/index.php\\\/2025\\\/11\\\/15\\\/quatro-brasileiros-encaram-o-ufc-322-neste-sabado\\\/\"]}]},{\"@type\":\"ImageObject\",\"inLanguage\":\"pt-BR\",\"@id\":\"https:\\\/\\\/folhapopular.info\\\/index.php\\\/2025\\\/11\\\/15\\\/quatro-brasileiros-encaram-o-ufc-322-neste-sabado\\\/#primaryimage\",\"url\":\"https:\\\/\\\/folhapopular.info\\\/wp-content\\\/uploads\\\/2025\\\/11\\\/WhatsApp-Image-2025-11-14-at-20.36.53.jpeg\",\"contentUrl\":\"https:\\\/\\\/folhapopular.info\\\/wp-content\\\/uploads\\\/2025\\\/11\\\/WhatsApp-Image-2025-11-14-at-20.36.53.jpeg\",\"width\":1000,\"height\":563,\"caption\":\"Carlos Prates \u00e9 um dos principais nomes brasileiros do MMA - Cr\u00e9dito: Divulga\u00e7\u00e3o\"},{\"@type\":\"BreadcrumbList\",\"@id\":\"https:\\\/\\\/folhapopular.info\\\/index.php\\\/2025\\\/11\\\/15\\\/quatro-brasileiros-encaram-o-ufc-322-neste-sabado\\\/#breadcrumb\",\"itemListElement\":[{\"@type\":\"ListItem\",\"position\":1,\"name\":\"In\u00edcio\",\"item\":\"https:\\\/\\\/folhapopular.info\\\/\"},{\"@type\":\"ListItem\",\"position\":2,\"name\":\"Quatro brasileiros encaram o UFC 322 neste s\u00e1bado\"}]},{\"@type\":\"WebSite\",\"@id\":\"https:\\\/\\\/folhapopular.info\\\/#website\",\"url\":\"https:\\\/\\\/folhapopular.info\\\/\",\"name\":\"Folha Popular\",\"description\":\"Onde voc\u00ea tem vez e voz\",\"potentialAction\":[{\"@type\":\"SearchAction\",\"target\":{\"@type\":\"EntryPoint\",\"urlTemplate\":\"https:\\\/\\\/folhapopular.info\\\/?s={search_term_string}\"},\"query-input\":{\"@type\":\"PropertyValueSpecification\",\"valueRequired\":true,\"valueName\":\"search_term_string\"}}],\"inLanguage\":\"pt-BR\"},{\"@type\":\"Person\",\"@id\":\"https:\\\/\\\/folhapopular.info\\\/#\\\/schema\\\/person\\\/e852c327371714676d02e58cf917fd9f\",\"name\":\"Luis Augusto Huppes\",\"image\":{\"@type\":\"ImageObject\",\"inLanguage\":\"pt-BR\",\"@id\":\"https:\\\/\\\/folhapopular.info\\\/wp-content\\\/uploads\\\/2026\\\/04\\\/Luis-Augusto-Huppes-1-1.webp\",\"url\":\"https:\\\/\\\/folhapopular.info\\\/wp-content\\\/uploads\\\/2026\\\/04\\\/Luis-Augusto-Huppes-1-1.webp\",\"contentUrl\":\"https:\\\/\\\/folhapopular.info\\\/wp-content\\\/uploads\\\/2026\\\/04\\\/Luis-Augusto-Huppes-1-1.webp\",\"caption\":\"Luis Augusto Huppes\"},\"sameAs\":[\"https:\\\/\\\/www.facebook.com\\\/luis.huppes\\\/\",\"https:\\\/\\\/www.instagram.com\\\/luis.huppes\\\/\",\"https:\\\/\\\/www.linkedin.com\\\/in\\\/luis-augusto-huppes-2554b52b7\\\/\"],\"url\":\"https:\\\/\\\/folhapopular.info\\\/index.php\\\/author\\\/luis-augusto-huppes\\\/\"}]}<\/script>\n<!-- \/ Yoast SEO plugin. -->","yoast_head_json":{"title":"Quatro brasileiros encaram o UFC 322 neste s\u00e1bado - Folha Popular","robots":{"index":"index","follow":"follow","max-snippet":"max-snippet:-1","max-image-preview":"max-image-preview:large","max-video-preview":"max-video-preview:-1"},"canonical":"https:\/\/folhapopular.info\/index.php\/2025\/11\/15\/quatro-brasileiros-encaram-o-ufc-322-neste-sabado\/","og_locale":"pt_BR","og_type":"article","og_title":"Quatro brasileiros encaram o UFC 322 neste s\u00e1bado - Folha Popular","og_description":"O VeChain UFC 322 deste s\u00e1bado (15\/11), realizado no Madison Square Garden, em Nova Iorque, promete uma noite movimentada para o MMA mundial e, especialmente, para o Brasil. Quatro atletas do pa\u00eds estar\u00e3o em a\u00e7\u00e3o em diferentes momentos do card, todos com desafios relevantes para suas trajet\u00f3rias dentro do UFC. Entre os meio-m\u00e9dios, Carlos Prates [&hellip;]","og_url":"https:\/\/folhapopular.info\/index.php\/2025\/11\/15\/quatro-brasileiros-encaram-o-ufc-322-neste-sabado\/","og_site_name":"Folha Popular","article_author":"https:\/\/www.facebook.com\/luis.huppes\/","article_published_time":"2025-11-15T19:38:55+00:00","article_modified_time":"2025-11-15T19:40:21+00:00","og_image":[{"width":1000,"height":563,"url":"http:\/\/folhapopular.info\/wp-content\/uploads\/2025\/11\/WhatsApp-Image-2025-11-14-at-20.36.53.jpeg","type":"image\/jpeg"}],"author":"Luis Augusto Huppes","twitter_card":"summary_large_image","twitter_misc":{"Escrito por":"Luis Augusto Huppes","Est. tempo de leitura":"2 minutos"},"schema":{"@context":"https:\/\/schema.org","@graph":[{"@type":"Article","@id":"https:\/\/folhapopular.info\/index.php\/2025\/11\/15\/quatro-brasileiros-encaram-o-ufc-322-neste-sabado\/#article","isPartOf":{"@id":"https:\/\/folhapopular.info\/index.php\/2025\/11\/15\/quatro-brasileiros-encaram-o-ufc-322-neste-sabado\/"},"author":{"name":"Luis Augusto Huppes","@id":"https:\/\/folhapopular.info\/#\/schema\/person\/e852c327371714676d02e58cf917fd9f"},"headline":"Quatro brasileiros encaram o UFC 322 neste s\u00e1bado","datePublished":"2025-11-15T19:38:55+00:00","dateModified":"2025-11-15T19:40:21+00:00","mainEntityOfPage":{"@id":"https:\/\/folhapopular.info\/index.php\/2025\/11\/15\/quatro-brasileiros-encaram-o-ufc-322-neste-sabado\/"},"wordCount":364,"commentCount":0,"image":{"@id":"https:\/\/folhapopular.info\/index.php\/2025\/11\/15\/quatro-brasileiros-encaram-o-ufc-322-neste-sabado\/#primaryimage"},"thumbnailUrl":"https:\/\/folhapopular.info\/wp-content\/uploads\/2025\/11\/WhatsApp-Image-2025-11-14-at-20.36.53.jpeg","keywords":["Artes Marciais","Carlos Prates","Gregory Rodrigues","Matheus Camilo","Rodolfo Vieira","UFC","UFC 322"],"articleSection":["Artes Marciais","Esportes"],"inLanguage":"pt-BR","potentialAction":[{"@type":"CommentAction","name":"Comment","target":["https:\/\/folhapopular.info\/index.php\/2025\/11\/15\/quatro-brasileiros-encaram-o-ufc-322-neste-sabado\/#respond"]}]},{"@type":"WebPage","@id":"https:\/\/folhapopular.info\/index.php\/2025\/11\/15\/quatro-brasileiros-encaram-o-ufc-322-neste-sabado\/","url":"https:\/\/folhapopular.info\/index.php\/2025\/11\/15\/quatro-brasileiros-encaram-o-ufc-322-neste-sabado\/","name":"Quatro brasileiros encaram o UFC 322 neste s\u00e1bado - Folha Popular","isPartOf":{"@id":"https:\/\/folhapopular.info\/#website"},"primaryImageOfPage":{"@id":"https:\/\/folhapopular.info\/index.php\/2025\/11\/15\/quatro-brasileiros-encaram-o-ufc-322-neste-sabado\/#primaryimage"},"image":{"@id":"https:\/\/folhapopular.info\/index.php\/2025\/11\/15\/quatro-brasileiros-encaram-o-ufc-322-neste-sabado\/#primaryimage"},"thumbnailUrl":"https:\/\/folhapopular.info\/wp-content\/uploads\/2025\/11\/WhatsApp-Image-2025-11-14-at-20.36.53.jpeg","datePublished":"2025-11-15T19:38:55+00:00","dateModified":"2025-11-15T19:40:21+00:00","author":{"@id":"https:\/\/folhapopular.info\/#\/schema\/person\/e852c327371714676d02e58cf917fd9f"},"breadcrumb":{"@id":"https:\/\/folhapopular.info\/index.php\/2025\/11\/15\/quatro-brasileiros-encaram-o-ufc-322-neste-sabado\/#breadcrumb"},"inLanguage":"pt-BR","potentialAction":[{"@type":"ReadAction","target":["https:\/\/folhapopular.info\/index.php\/2025\/11\/15\/quatro-brasileiros-encaram-o-ufc-322-neste-sabado\/"]}]},{"@type":"ImageObject","inLanguage":"pt-BR","@id":"https:\/\/folhapopular.info\/index.php\/2025\/11\/15\/quatro-brasileiros-encaram-o-ufc-322-neste-sabado\/#primaryimage","url":"https:\/\/folhapopular.info\/wp-content\/uploads\/2025\/11\/WhatsApp-Image-2025-11-14-at-20.36.53.jpeg","contentUrl":"https:\/\/folhapopular.info\/wp-content\/uploads\/2025\/11\/WhatsApp-Image-2025-11-14-at-20.36.53.jpeg","width":1000,"height":563,"caption":"Carlos Prates \u00e9 um dos principais nomes brasileiros do MMA - Cr\u00e9dito: Divulga\u00e7\u00e3o"},{"@type":"BreadcrumbList","@id":"https:\/\/folhapopular.info\/index.php\/2025\/11\/15\/quatro-brasileiros-encaram-o-ufc-322-neste-sabado\/#breadcrumb","itemListElement":[{"@type":"ListItem","position":1,"name":"In\u00edcio","item":"https:\/\/folhapopular.info\/"},{"@type":"ListItem","position":2,"name":"Quatro brasileiros encaram o UFC 322 neste s\u00e1bado"}]},{"@type":"WebSite","@id":"https:\/\/folhapopular.info\/#website","url":"https:\/\/folhapopular.info\/","name":"Folha Popular","description":"Onde voc\u00ea tem vez e voz","potentialAction":[{"@type":"SearchAction","target":{"@type":"EntryPoint","urlTemplate":"https:\/\/folhapopular.info\/?s={search_term_string}"},"query-input":{"@type":"PropertyValueSpecification","valueRequired":true,"valueName":"search_term_string"}}],"inLanguage":"pt-BR"},{"@type":"Person","@id":"https:\/\/folhapopular.info\/#\/schema\/person\/e852c327371714676d02e58cf917fd9f","name":"Luis Augusto Huppes","image":{"@type":"ImageObject","inLanguage":"pt-BR","@id":"https:\/\/folhapopular.info\/wp-content\/uploads\/2026\/04\/Luis-Augusto-Huppes-1-1.webp","url":"https:\/\/folhapopular.info\/wp-content\/uploads\/2026\/04\/Luis-Augusto-Huppes-1-1.webp","contentUrl":"https:\/\/folhapopular.info\/wp-content\/uploads\/2026\/04\/Luis-Augusto-Huppes-1-1.webp","caption":"Luis Augusto Huppes"},"sameAs":["https:\/\/www.facebook.com\/luis.huppes\/","https:\/\/www.instagram.com\/luis.huppes\/","https:\/\/www.linkedin.com\/in\/luis-augusto-huppes-2554b52b7\/"],"url":"https:\/\/folhapopular.info\/index.php\/author\/luis-augusto-huppes\/"}]}},"jetpack_featured_media_url":"https:\/\/folhapopular.info\/wp-content\/uploads\/2025\/11\/WhatsApp-Image-2025-11-14-at-20.36.53.jpeg","jetpack_sharing_enabled":true,"amp_enabled":true,"_links":{"self":[{"href":"https:\/\/folhapopular.info\/index.php\/wp-json\/wp\/v2\/posts\/198393","targetHints":{"allow":["GET"]}}],"collection":[{"href":"https:\/\/folhapopular.info\/index.php\/wp-json\/wp\/v2\/posts"}],"about":[{"href":"https:\/\/folhapopular.info\/index.php\/wp-json\/wp\/v2\/types\/post"}],"author":[{"embeddable":true,"href":"https:\/\/folhapopular.info\/index.php\/wp-json\/wp\/v2\/users\/732"}],"replies":[{"embeddable":true,"href":"https:\/\/folhapopular.info\/index.php\/wp-json\/wp\/v2\/comments?post=198393"}],"version-history":[{"count":0,"href":"https:\/\/folhapopular.info\/index.php\/wp-json\/wp\/v2\/posts\/198393\/revisions"}],"wp:featuredmedia":[{"embeddable":true,"href":"https:\/\/folhapopular.info\/index.php\/wp-json\/wp\/v2\/media\/198394"}],"wp:attachment":[{"href":"https:\/\/folhapopular.info\/index.php\/wp-json\/wp\/v2\/media?parent=198393"}],"wp:term":[{"taxonomy":"category","embeddable":true,"href":"https:\/\/folhapopular.info\/index.php\/wp-json\/wp\/v2\/categories?post=198393"},{"taxonomy":"post_tag","embeddable":true,"href":"https:\/\/folhapopular.info\/index.php\/wp-json\/wp\/v2\/tags?post=198393"}],"curies":[{"name":"wp","href":"https:\/\/api.w.org\/{rel}","templated":true}]}}