{"id":198421,"date":"2025-11-16T21:38:18","date_gmt":"2025-11-17T00:38:18","guid":{"rendered":"https:\/\/folhapopular.info\/?p=198421"},"modified":"2025-11-16T21:38:23","modified_gmt":"2025-11-17T00:38:23","slug":"homem-e-preso-apos-ser-flagrado-com-objetos-furtados-no-centro-de-lajeado","status":"publish","type":"post","link":"https:\/\/folhapopular.info\/index.php\/2025\/11\/16\/homem-e-preso-apos-ser-flagrado-com-objetos-furtados-no-centro-de-lajeado\/","title":{"rendered":"Homem \u00e9 preso ap\u00f3s ser flagrado com objetos furtados no Centro de Lajeado"},"content":{"rendered":"\n<p>Um homem de 51 anos foi preso na madrugada deste domingo (16\/11) ap\u00f3s ser flagrado circulando com um carrinho de supermercado e uma mala no Centro de Lajeado. Segundo a Brigada Militar, ele teria entrado no p\u00e1tio de uma resid\u00eancia desabitada e retornado carregando diversos objetos.<\/p>\n\n\n\n<p>A a\u00e7\u00e3o foi percebida por um seguran\u00e7a privado, que acompanhou a movimenta\u00e7\u00e3o, fez a abordagem inicial e acionou a Brigada Militar. Ao ser questionado pelos policiais, o suspeito n\u00e3o soube explicar a origem dos itens. Entre os objetos apreendidos estavam uma televis\u00e3o, um aparelho de DVD, um espelho, uma bolsa, uma mala, uma faca e um celular.<\/p>\n\n\n\n<p>O homem foi conduzido \u00e0 Delegacia de Pol\u00edcia de Pronto Atendimento (DPPA) para o registro da ocorr\u00eancia e demais procedimentos legais<\/p>\n","protected":false},"excerpt":{"rendered":"<p>Um homem de 51 anos foi preso na madrugada deste domingo (16\/11) ap\u00f3s ser flagrado circulando com um carrinho de supermercado e uma mala no Centro de Lajeado. Segundo a Brigada Militar, ele teria entrado no p\u00e1tio de uma resid\u00eancia desabitada e retornado carregando diversos objetos. A a\u00e7\u00e3o foi percebida por um seguran\u00e7a privado, que [&hellip;]<\/p>\n","protected":false},"author":8,"featured_media":135674,"comment_status":"open","ping_status":"open","sticky":false,"template":"","format":"standard","meta":{"pmpro_default_level":"","_jetpack_memberships_contains_paid_content":false,"footnotes":""},"categories":[10982,7],"tags":[71,27,107,2613],"class_list":{"0":"post-198421","1":"post","2":"type-post","3":"status-publish","4":"format-standard","5":"has-post-thumbnail","7":"category-policia","8":"category-seguranca","9":"tag-furto","10":"tag-lajeado","11":"tag-prisao","12":"tag-prisao-furto","13":"pmpro-has-access"},"yoast_head":"<!-- This site is optimized with the Yoast SEO plugin v27.5 - https:\/\/yoast.com\/product\/yoast-seo-wordpress\/ -->\n<title>Homem \u00e9 preso ap\u00f3s ser flagrado com objetos furtados no Centro de Lajeado - Folha Popular<\/title>\n<meta name=\"robots\" content=\"index, follow, max-snippet:-1, max-image-preview:large, max-video-preview:-1\" \/>\n<link rel=\"canonical\" href=\"https:\/\/folhapopular.info\/index.php\/2025\/11\/16\/homem-e-preso-apos-ser-flagrado-com-objetos-furtados-no-centro-de-lajeado\/\" \/>\n<meta property=\"og:locale\" content=\"pt_BR\" \/>\n<meta property=\"og:type\" content=\"article\" \/>\n<meta property=\"og:title\" content=\"Homem \u00e9 preso ap\u00f3s ser flagrado com objetos furtados no Centro de Lajeado - Folha Popular\" \/>\n<meta property=\"og:description\" content=\"Um homem de 51 anos foi preso na madrugada deste domingo (16\/11) ap\u00f3s ser flagrado circulando com um carrinho de supermercado e uma mala no Centro de Lajeado. Segundo a Brigada Militar, ele teria entrado no p\u00e1tio de uma resid\u00eancia desabitada e retornado carregando diversos objetos. A a\u00e7\u00e3o foi percebida por um seguran\u00e7a privado, que [&hellip;]\" \/>\n<meta property=\"og:url\" content=\"https:\/\/folhapopular.info\/index.php\/2025\/11\/16\/homem-e-preso-apos-ser-flagrado-com-objetos-furtados-no-centro-de-lajeado\/\" \/>\n<meta property=\"og:site_name\" content=\"Folha Popular\" \/>\n<meta property=\"article:published_time\" content=\"2025-11-17T00:38:18+00:00\" \/>\n<meta property=\"article:modified_time\" content=\"2025-11-17T00:38:23+00:00\" \/>\n<meta property=\"og:image\" content=\"http:\/\/folhapopular.info\/wp-content\/uploads\/2023\/07\/sirene-policia.jpg\" \/>\n\t<meta property=\"og:image:width\" content=\"600\" \/>\n\t<meta property=\"og:image:height\" content=\"400\" \/>\n\t<meta property=\"og:image:type\" content=\"image\/jpeg\" \/>\n<meta name=\"author\" content=\"Reda\u00e7\u00e3o Folha Popular\" \/>\n<meta name=\"twitter:card\" content=\"summary_large_image\" \/>\n<meta name=\"twitter:label1\" content=\"Escrito por\" \/>\n\t<meta name=\"twitter:data1\" content=\"Reda\u00e7\u00e3o Folha Popular\" \/>\n\t<meta name=\"twitter:label2\" content=\"Est. tempo de leitura\" \/>\n\t<meta name=\"twitter:data2\" content=\"1 minuto\" \/>\n<script type=\"application\/ld+json\" class=\"yoast-schema-graph\">{\"@context\":\"https:\\\/\\\/schema.org\",\"@graph\":[{\"@type\":\"Article\",\"@id\":\"https:\\\/\\\/folhapopular.info\\\/index.php\\\/2025\\\/11\\\/16\\\/homem-e-preso-apos-ser-flagrado-com-objetos-furtados-no-centro-de-lajeado\\\/#article\",\"isPartOf\":{\"@id\":\"https:\\\/\\\/folhapopular.info\\\/index.php\\\/2025\\\/11\\\/16\\\/homem-e-preso-apos-ser-flagrado-com-objetos-furtados-no-centro-de-lajeado\\\/\"},\"author\":{\"name\":\"Reda\u00e7\u00e3o Folha Popular\",\"@id\":\"https:\\\/\\\/folhapopular.info\\\/#\\\/schema\\\/person\\\/2814e8a0df7643585a9ca38bc6eb9d4b\"},\"headline\":\"Homem \u00e9 preso ap\u00f3s ser flagrado com objetos furtados no Centro de Lajeado\",\"datePublished\":\"2025-11-17T00:38:18+00:00\",\"dateModified\":\"2025-11-17T00:38:23+00:00\",\"mainEntityOfPage\":{\"@id\":\"https:\\\/\\\/folhapopular.info\\\/index.php\\\/2025\\\/11\\\/16\\\/homem-e-preso-apos-ser-flagrado-com-objetos-furtados-no-centro-de-lajeado\\\/\"},\"wordCount\":144,\"commentCount\":0,\"image\":{\"@id\":\"https:\\\/\\\/folhapopular.info\\\/index.php\\\/2025\\\/11\\\/16\\\/homem-e-preso-apos-ser-flagrado-com-objetos-furtados-no-centro-de-lajeado\\\/#primaryimage\"},\"thumbnailUrl\":\"https:\\\/\\\/folhapopular.info\\\/wp-content\\\/uploads\\\/2023\\\/07\\\/sirene-policia.jpg\",\"keywords\":[\"furto\",\"Lajeado\",\"Pris\u00e3o\",\"Pris\u00e3o Furto\"],\"articleSection\":[\"Pol\u00edcia\",\"Seguran\u00e7a\"],\"inLanguage\":\"pt-BR\",\"potentialAction\":[{\"@type\":\"CommentAction\",\"name\":\"Comment\",\"target\":[\"https:\\\/\\\/folhapopular.info\\\/index.php\\\/2025\\\/11\\\/16\\\/homem-e-preso-apos-ser-flagrado-com-objetos-furtados-no-centro-de-lajeado\\\/#respond\"]}]},{\"@type\":\"WebPage\",\"@id\":\"https:\\\/\\\/folhapopular.info\\\/index.php\\\/2025\\\/11\\\/16\\\/homem-e-preso-apos-ser-flagrado-com-objetos-furtados-no-centro-de-lajeado\\\/\",\"url\":\"https:\\\/\\\/folhapopular.info\\\/index.php\\\/2025\\\/11\\\/16\\\/homem-e-preso-apos-ser-flagrado-com-objetos-furtados-no-centro-de-lajeado\\\/\",\"name\":\"Homem \u00e9 preso ap\u00f3s ser flagrado com objetos furtados no Centro de Lajeado - Folha Popular\",\"isPartOf\":{\"@id\":\"https:\\\/\\\/folhapopular.info\\\/#website\"},\"primaryImageOfPage\":{\"@id\":\"https:\\\/\\\/folhapopular.info\\\/index.php\\\/2025\\\/11\\\/16\\\/homem-e-preso-apos-ser-flagrado-com-objetos-furtados-no-centro-de-lajeado\\\/#primaryimage\"},\"image\":{\"@id\":\"https:\\\/\\\/folhapopular.info\\\/index.php\\\/2025\\\/11\\\/16\\\/homem-e-preso-apos-ser-flagrado-com-objetos-furtados-no-centro-de-lajeado\\\/#primaryimage\"},\"thumbnailUrl\":\"https:\\\/\\\/folhapopular.info\\\/wp-content\\\/uploads\\\/2023\\\/07\\\/sirene-policia.jpg\",\"datePublished\":\"2025-11-17T00:38:18+00:00\",\"dateModified\":\"2025-11-17T00:38:23+00:00\",\"author\":{\"@id\":\"https:\\\/\\\/folhapopular.info\\\/#\\\/schema\\\/person\\\/2814e8a0df7643585a9ca38bc6eb9d4b\"},\"breadcrumb\":{\"@id\":\"https:\\\/\\\/folhapopular.info\\\/index.php\\\/2025\\\/11\\\/16\\\/homem-e-preso-apos-ser-flagrado-com-objetos-furtados-no-centro-de-lajeado\\\/#breadcrumb\"},\"inLanguage\":\"pt-BR\",\"potentialAction\":[{\"@type\":\"ReadAction\",\"target\":[\"https:\\\/\\\/folhapopular.info\\\/index.php\\\/2025\\\/11\\\/16\\\/homem-e-preso-apos-ser-flagrado-com-objetos-furtados-no-centro-de-lajeado\\\/\"]}]},{\"@type\":\"ImageObject\",\"inLanguage\":\"pt-BR\",\"@id\":\"https:\\\/\\\/folhapopular.info\\\/index.php\\\/2025\\\/11\\\/16\\\/homem-e-preso-apos-ser-flagrado-com-objetos-furtados-no-centro-de-lajeado\\\/#primaryimage\",\"url\":\"https:\\\/\\\/folhapopular.info\\\/wp-content\\\/uploads\\\/2023\\\/07\\\/sirene-policia.jpg\",\"contentUrl\":\"https:\\\/\\\/folhapopular.info\\\/wp-content\\\/uploads\\\/2023\\\/07\\\/sirene-policia.jpg\",\"width\":600,\"height\":400,\"caption\":\"Imagem ilustrativa | Divulga\u00e7\u00e3o\"},{\"@type\":\"BreadcrumbList\",\"@id\":\"https:\\\/\\\/folhapopular.info\\\/index.php\\\/2025\\\/11\\\/16\\\/homem-e-preso-apos-ser-flagrado-com-objetos-furtados-no-centro-de-lajeado\\\/#breadcrumb\",\"itemListElement\":[{\"@type\":\"ListItem\",\"position\":1,\"name\":\"In\u00edcio\",\"item\":\"https:\\\/\\\/folhapopular.info\\\/\"},{\"@type\":\"ListItem\",\"position\":2,\"name\":\"Homem \u00e9 preso ap\u00f3s ser flagrado com objetos furtados no Centro de Lajeado\"}]},{\"@type\":\"WebSite\",\"@id\":\"https:\\\/\\\/folhapopular.info\\\/#website\",\"url\":\"https:\\\/\\\/folhapopular.info\\\/\",\"name\":\"Folha Popular\",\"description\":\"Onde voc\u00ea tem vez e voz\",\"potentialAction\":[{\"@type\":\"SearchAction\",\"target\":{\"@type\":\"EntryPoint\",\"urlTemplate\":\"https:\\\/\\\/folhapopular.info\\\/?s={search_term_string}\"},\"query-input\":{\"@type\":\"PropertyValueSpecification\",\"valueRequired\":true,\"valueName\":\"search_term_string\"}}],\"inLanguage\":\"pt-BR\"},{\"@type\":\"Person\",\"@id\":\"https:\\\/\\\/folhapopular.info\\\/#\\\/schema\\\/person\\\/2814e8a0df7643585a9ca38bc6eb9d4b\",\"name\":\"Reda\u00e7\u00e3o Folha Popular\",\"image\":{\"@type\":\"ImageObject\",\"inLanguage\":\"pt-BR\",\"@id\":\"https:\\\/\\\/folhapopular.info\\\/wp-content\\\/uploads\\\/2026\\\/04\\\/Folha-1.webp\",\"url\":\"https:\\\/\\\/folhapopular.info\\\/wp-content\\\/uploads\\\/2026\\\/04\\\/Folha-1.webp\",\"contentUrl\":\"https:\\\/\\\/folhapopular.info\\\/wp-content\\\/uploads\\\/2026\\\/04\\\/Folha-1.webp\",\"caption\":\"Reda\u00e7\u00e3o Folha Popular\"},\"url\":\"https:\\\/\\\/folhapopular.info\\\/index.php\\\/author\\\/redacao\\\/\"}]}<\/script>\n<!-- \/ Yoast SEO plugin. -->","yoast_head_json":{"title":"Homem \u00e9 preso ap\u00f3s ser flagrado com objetos furtados no Centro de Lajeado - Folha Popular","robots":{"index":"index","follow":"follow","max-snippet":"max-snippet:-1","max-image-preview":"max-image-preview:large","max-video-preview":"max-video-preview:-1"},"canonical":"https:\/\/folhapopular.info\/index.php\/2025\/11\/16\/homem-e-preso-apos-ser-flagrado-com-objetos-furtados-no-centro-de-lajeado\/","og_locale":"pt_BR","og_type":"article","og_title":"Homem \u00e9 preso ap\u00f3s ser flagrado com objetos furtados no Centro de Lajeado - Folha Popular","og_description":"Um homem de 51 anos foi preso na madrugada deste domingo (16\/11) ap\u00f3s ser flagrado circulando com um carrinho de supermercado e uma mala no Centro de Lajeado. Segundo a Brigada Militar, ele teria entrado no p\u00e1tio de uma resid\u00eancia desabitada e retornado carregando diversos objetos. A a\u00e7\u00e3o foi percebida por um seguran\u00e7a privado, que [&hellip;]","og_url":"https:\/\/folhapopular.info\/index.php\/2025\/11\/16\/homem-e-preso-apos-ser-flagrado-com-objetos-furtados-no-centro-de-lajeado\/","og_site_name":"Folha Popular","article_published_time":"2025-11-17T00:38:18+00:00","article_modified_time":"2025-11-17T00:38:23+00:00","og_image":[{"width":600,"height":400,"url":"http:\/\/folhapopular.info\/wp-content\/uploads\/2023\/07\/sirene-policia.jpg","type":"image\/jpeg"}],"author":"Reda\u00e7\u00e3o Folha Popular","twitter_card":"summary_large_image","twitter_misc":{"Escrito por":"Reda\u00e7\u00e3o Folha Popular","Est. tempo de leitura":"1 minuto"},"schema":{"@context":"https:\/\/schema.org","@graph":[{"@type":"Article","@id":"https:\/\/folhapopular.info\/index.php\/2025\/11\/16\/homem-e-preso-apos-ser-flagrado-com-objetos-furtados-no-centro-de-lajeado\/#article","isPartOf":{"@id":"https:\/\/folhapopular.info\/index.php\/2025\/11\/16\/homem-e-preso-apos-ser-flagrado-com-objetos-furtados-no-centro-de-lajeado\/"},"author":{"name":"Reda\u00e7\u00e3o Folha Popular","@id":"https:\/\/folhapopular.info\/#\/schema\/person\/2814e8a0df7643585a9ca38bc6eb9d4b"},"headline":"Homem \u00e9 preso ap\u00f3s ser flagrado com objetos furtados no Centro de Lajeado","datePublished":"2025-11-17T00:38:18+00:00","dateModified":"2025-11-17T00:38:23+00:00","mainEntityOfPage":{"@id":"https:\/\/folhapopular.info\/index.php\/2025\/11\/16\/homem-e-preso-apos-ser-flagrado-com-objetos-furtados-no-centro-de-lajeado\/"},"wordCount":144,"commentCount":0,"image":{"@id":"https:\/\/folhapopular.info\/index.php\/2025\/11\/16\/homem-e-preso-apos-ser-flagrado-com-objetos-furtados-no-centro-de-lajeado\/#primaryimage"},"thumbnailUrl":"https:\/\/folhapopular.info\/wp-content\/uploads\/2023\/07\/sirene-policia.jpg","keywords":["furto","Lajeado","Pris\u00e3o","Pris\u00e3o Furto"],"articleSection":["Pol\u00edcia","Seguran\u00e7a"],"inLanguage":"pt-BR","potentialAction":[{"@type":"CommentAction","name":"Comment","target":["https:\/\/folhapopular.info\/index.php\/2025\/11\/16\/homem-e-preso-apos-ser-flagrado-com-objetos-furtados-no-centro-de-lajeado\/#respond"]}]},{"@type":"WebPage","@id":"https:\/\/folhapopular.info\/index.php\/2025\/11\/16\/homem-e-preso-apos-ser-flagrado-com-objetos-furtados-no-centro-de-lajeado\/","url":"https:\/\/folhapopular.info\/index.php\/2025\/11\/16\/homem-e-preso-apos-ser-flagrado-com-objetos-furtados-no-centro-de-lajeado\/","name":"Homem \u00e9 preso ap\u00f3s ser flagrado com objetos furtados no Centro de Lajeado - Folha Popular","isPartOf":{"@id":"https:\/\/folhapopular.info\/#website"},"primaryImageOfPage":{"@id":"https:\/\/folhapopular.info\/index.php\/2025\/11\/16\/homem-e-preso-apos-ser-flagrado-com-objetos-furtados-no-centro-de-lajeado\/#primaryimage"},"image":{"@id":"https:\/\/folhapopular.info\/index.php\/2025\/11\/16\/homem-e-preso-apos-ser-flagrado-com-objetos-furtados-no-centro-de-lajeado\/#primaryimage"},"thumbnailUrl":"https:\/\/folhapopular.info\/wp-content\/uploads\/2023\/07\/sirene-policia.jpg","datePublished":"2025-11-17T00:38:18+00:00","dateModified":"2025-11-17T00:38:23+00:00","author":{"@id":"https:\/\/folhapopular.info\/#\/schema\/person\/2814e8a0df7643585a9ca38bc6eb9d4b"},"breadcrumb":{"@id":"https:\/\/folhapopular.info\/index.php\/2025\/11\/16\/homem-e-preso-apos-ser-flagrado-com-objetos-furtados-no-centro-de-lajeado\/#breadcrumb"},"inLanguage":"pt-BR","potentialAction":[{"@type":"ReadAction","target":["https:\/\/folhapopular.info\/index.php\/2025\/11\/16\/homem-e-preso-apos-ser-flagrado-com-objetos-furtados-no-centro-de-lajeado\/"]}]},{"@type":"ImageObject","inLanguage":"pt-BR","@id":"https:\/\/folhapopular.info\/index.php\/2025\/11\/16\/homem-e-preso-apos-ser-flagrado-com-objetos-furtados-no-centro-de-lajeado\/#primaryimage","url":"https:\/\/folhapopular.info\/wp-content\/uploads\/2023\/07\/sirene-policia.jpg","contentUrl":"https:\/\/folhapopular.info\/wp-content\/uploads\/2023\/07\/sirene-policia.jpg","width":600,"height":400,"caption":"Imagem ilustrativa | Divulga\u00e7\u00e3o"},{"@type":"BreadcrumbList","@id":"https:\/\/folhapopular.info\/index.php\/2025\/11\/16\/homem-e-preso-apos-ser-flagrado-com-objetos-furtados-no-centro-de-lajeado\/#breadcrumb","itemListElement":[{"@type":"ListItem","position":1,"name":"In\u00edcio","item":"https:\/\/folhapopular.info\/"},{"@type":"ListItem","position":2,"name":"Homem \u00e9 preso ap\u00f3s ser flagrado com objetos furtados no Centro de Lajeado"}]},{"@type":"WebSite","@id":"https:\/\/folhapopular.info\/#website","url":"https:\/\/folhapopular.info\/","name":"Folha Popular","description":"Onde voc\u00ea tem vez e voz","potentialAction":[{"@type":"SearchAction","target":{"@type":"EntryPoint","urlTemplate":"https:\/\/folhapopular.info\/?s={search_term_string}"},"query-input":{"@type":"PropertyValueSpecification","valueRequired":true,"valueName":"search_term_string"}}],"inLanguage":"pt-BR"},{"@type":"Person","@id":"https:\/\/folhapopular.info\/#\/schema\/person\/2814e8a0df7643585a9ca38bc6eb9d4b","name":"Reda\u00e7\u00e3o Folha Popular","image":{"@type":"ImageObject","inLanguage":"pt-BR","@id":"https:\/\/folhapopular.info\/wp-content\/uploads\/2026\/04\/Folha-1.webp","url":"https:\/\/folhapopular.info\/wp-content\/uploads\/2026\/04\/Folha-1.webp","contentUrl":"https:\/\/folhapopular.info\/wp-content\/uploads\/2026\/04\/Folha-1.webp","caption":"Reda\u00e7\u00e3o Folha Popular"},"url":"https:\/\/folhapopular.info\/index.php\/author\/redacao\/"}]}},"jetpack_featured_media_url":"https:\/\/folhapopular.info\/wp-content\/uploads\/2023\/07\/sirene-policia.jpg","jetpack_sharing_enabled":true,"amp_enabled":true,"_links":{"self":[{"href":"https:\/\/folhapopular.info\/index.php\/wp-json\/wp\/v2\/posts\/198421","targetHints":{"allow":["GET"]}}],"collection":[{"href":"https:\/\/folhapopular.info\/index.php\/wp-json\/wp\/v2\/posts"}],"about":[{"href":"https:\/\/folhapopular.info\/index.php\/wp-json\/wp\/v2\/types\/post"}],"author":[{"embeddable":true,"href":"https:\/\/folhapopular.info\/index.php\/wp-json\/wp\/v2\/users\/8"}],"replies":[{"embeddable":true,"href":"https:\/\/folhapopular.info\/index.php\/wp-json\/wp\/v2\/comments?post=198421"}],"version-history":[{"count":0,"href":"https:\/\/folhapopular.info\/index.php\/wp-json\/wp\/v2\/posts\/198421\/revisions"}],"wp:featuredmedia":[{"embeddable":true,"href":"https:\/\/folhapopular.info\/index.php\/wp-json\/wp\/v2\/media\/135674"}],"wp:attachment":[{"href":"https:\/\/folhapopular.info\/index.php\/wp-json\/wp\/v2\/media?parent=198421"}],"wp:term":[{"taxonomy":"category","embeddable":true,"href":"https:\/\/folhapopular.info\/index.php\/wp-json\/wp\/v2\/categories?post=198421"},{"taxonomy":"post_tag","embeddable":true,"href":"https:\/\/folhapopular.info\/index.php\/wp-json\/wp\/v2\/tags?post=198421"}],"curies":[{"name":"wp","href":"https:\/\/api.w.org\/{rel}","templated":true}]}}