{"id":198629,"date":"2025-11-19T14:21:20","date_gmt":"2025-11-19T17:21:20","guid":{"rendered":"https:\/\/folhapopular.info\/?p=198629"},"modified":"2025-11-19T14:21:23","modified_gmt":"2025-11-19T17:21:23","slug":"copas-beti-esportes-avancam-no-mata-mata","status":"publish","type":"post","link":"https:\/\/folhapopular.info\/index.php\/2025\/11\/19\/copas-beti-esportes-avancam-no-mata-mata\/","title":{"rendered":"Copas Beti Esportes avan\u00e7am no mata-mata"},"content":{"rendered":"\n<p>A rodada do fim de semana (14 e 16\/11) movimentou os gramados e quadras das Copas Beti Esportes, com defini\u00e7\u00f5es importantes no campo e partidas movimentadas no futsal. Os jogos seguem com muita expectativa para a pr\u00f3xima sexta-feira e domingo que vem (21 e 23\/11).<\/p>\n\n\n\n<p>Pelo campo, Juventude e Atl\u00e9tico Ga\u00facho protagonizaram um dos jogos mais equilibrados da competi\u00e7\u00e3o. Ap\u00f3s empate em 1 a 1 no tempo normal, a decis\u00e3o foi para os p\u00eanaltis. O Juventude teve melhor aproveitamento ao vencer por 4 a 2.<\/p>\n\n\n\n<p>No outro confronto, o \u00c1guia Azul superou o Internacional de Santa Manoela pelo placar de 1 a 0 e tamb\u00e9m est\u00e1 na decis\u00e3o. Com os resultados, a final\u00edssima est\u00e1 definida com o jogo entre Juventude de Linha Frank (Teut\u00f4nia) e \u00c1guia Azul.<\/p>\n\n\n\n<p>O primeiro duelo ser\u00e1 no domingo, \u00e0s 15h, no campo o Juventude da Cuba. O duelo marca mais uma oportunidade para os visitantes crescerem com a boa fase vivida. Eles chegam de vit\u00f3ria na fase eliminat\u00f3ria e buscam manter o ritmo. Do outro lado, o Juventude tenta fazer valer o mando de campo para equilibrar as for\u00e7as e chegar embalado para a sequ\u00eancia da temporada.<\/p>\n\n\n\n<figure class=\"wp-block-table is-style-stripes\"><table class=\"has-light-green-cyan-to-vivid-green-cyan-gradient-background has-background\"><tbody><tr><td colspan=\"6\"><strong>Campo<\/strong><\/td><\/tr><tr><td><strong>Data<\/strong><\/td><td><strong>Local<\/strong><\/td><td><\/td><td><strong>Resultado<\/strong><\/td><td><\/td><td><strong>Pen<\/strong><\/td><\/tr><tr><td>16\/11<\/td><td>Paverama<\/td><td>Juventude<\/td><td>1&#215;1<\/td><td>Atl\u00e9tico Ga\u00facho<\/td><td>4&#215;2<\/td><\/tr><tr><td>16\/11<\/td><td>Paverama<\/td><td>Internacional<\/td><td>0x1<\/td><td>\u00c1guia Azul<\/td><td><\/td><\/tr><\/tbody><\/table><\/figure>\n\n\n\n<figure class=\"wp-block-table is-style-stripes\"><table class=\"has-light-green-cyan-to-vivid-green-cyan-gradient-background has-background\"><tbody><tr><td colspan=\"5\"><strong>Campo<\/strong><\/td><\/tr><tr><td><strong>Data<\/strong><\/td><td><strong>Local<\/strong><\/td><td><\/td><td><strong>Partida<\/strong><\/td><td><\/td><\/tr><tr><td>23\/11<\/td><td>Teut\u00f4nia<\/td><td>Juventude<\/td><td>x<\/td><td>\u00c1guia Azul<\/td><\/tr><\/tbody><\/table><\/figure>\n\n\n\n<h2 class=\"wp-block-heading\"><strong>Futsal<\/strong><\/h2>\n\n\n\n<p>Enquanto isso, o futsal tamb\u00e9m viveu uma noite movimentada pela categoria For\u00e7a Livre. A Sele\u00e7\u00e3o Po\u00e7oantense abriu a rodada com vit\u00f3ria apertada pelo placar de 4 a 3 sobre o Celtic \/ GM Industrial, em confronto marcado pelo equil\u00edbrio e reviravoltas.<\/p>\n\n\n\n<p>Na sequ\u00eancia, o Meninos da Vila mostrou forte imposi\u00e7\u00e3o ofensiva e superou a poderosa Brochier Futsal por 6 a 2. AJP \/ Ekipcar manteve o ritmo e venceu o tradicional Elite por 6 a 3, enquanto a Fornearia \/ Cl\u00ednica Carina Pasch fechou a noite com triunfo pelo placar de 4 a 2 diante do Amigos do Sacola.<\/p>\n\n\n\n<p>Agora, a competi\u00e7\u00e3o de futsal entra em uma fase de jogos decisivos novamente. A pr\u00f3xima rodada est\u00e1 marcada para esta sexta-feira, com abertura das categorias de base antes de duelo isolado da For\u00e7a Livre.<\/p>\n\n\n\n<p>\u00c0s 20h, Brochier Futsal e Renegados medem for\u00e7as pela categoria Sub-15. Logo depois, \u00e0s 20h45, tem VIP Car e KBF \/ Guri das Frutas, que entram em quadra pela Sub-21. Para fechar, a Sele\u00e7\u00e3o Po\u00e7oantense volta a jogar por uma vaga na decis\u00e3o, desta vez contra a Fornearia \/ Cl\u00ednica Pasch.<\/p>\n\n\n\n<p>As partidas ser\u00e3o realizadas no Gin\u00e1sio da Associa\u00e7\u00e3o dos Funcion\u00e1rios da Cooperativa Languiru, popular Gin\u00e1sio da Mimi, em Teut\u00f4nia.<\/p>\n\n\n\n<figure class=\"wp-block-table is-style-stripes\"><table class=\"has-light-green-cyan-to-vivid-green-cyan-gradient-background has-background\"><tbody><tr><td colspan=\"5\"><strong>Futsal<\/strong><\/td><\/tr><tr><td><strong>Data<\/strong><\/td><td><strong>Categoria<\/strong><\/td><td><\/td><td><strong>Resultado<\/strong><\/td><td><\/td><\/tr><tr><td>14\/11<\/td><td>For\u00e7a Livre<\/td><td>Sele\u00e7\u00e3o Po\u00e7oantense<\/td><td>4&#215;3<\/td><td>Celtic<\/td><\/tr><tr><td>14\/11<\/td><td>For\u00e7a Livre<\/td><td>Brochier Futsal<\/td><td>2&#215;6<\/td><td>Meninos da Vila<\/td><\/tr><tr><td>14\/11<\/td><td>For\u00e7a Livre<\/td><td>AJP<\/td><td>6&#215;3<\/td><td>Elite<\/td><\/tr><tr><td>14\/11<\/td><td>For\u00e7a Livre<\/td><td>Fornearia<\/td><td>4&#215;2<\/td><td>Amigos do Sacola<\/td><\/tr><\/tbody><\/table><\/figure>\n\n\n\n<figure class=\"wp-block-table is-style-stripes\"><table class=\"has-light-green-cyan-to-vivid-green-cyan-gradient-background has-background\"><tbody><tr><td colspan=\"6\"><strong>Futsal<\/strong><\/td><\/tr><tr><td><strong>Data<\/strong><\/td><td><strong>Hor\u00e1rio<\/strong><\/td><td><strong>Categoria<\/strong><\/td><td><\/td><td><strong>Partida<\/strong><\/td><td><\/td><\/tr><tr><td>21\/11<\/td><td>20h<\/td><td>Sub-15<\/td><td>Brochier<\/td><td>x<\/td><td>Renegados<\/td><\/tr><tr><td>21\/11<\/td><td>20h45<\/td><td>Sub-21<\/td><td>Vip Car<\/td><td>x<\/td><td>KBF<\/td><\/tr><tr><td>21\/11<\/td><td>21h30<\/td><td>For\u00e7a Livre<\/td><td>Sele\u00e7\u00e3o Po\u00e7oantense<\/td><td>x<\/td><td>Fornearia<\/td><\/tr><\/tbody><\/table><\/figure>\n\n\n\n<figure class=\"wp-block-gallery has-nested-images columns-default is-cropped wp-block-gallery-1 is-layout-flex wp-block-gallery-is-layout-flex\">\n<figure class=\"wp-block-image size-large\"><img loading=\"lazy\" decoding=\"async\" width=\"683\" height=\"1024\" data-id=\"198631\" src=\"https:\/\/folhapopular.info\/wp-content\/uploads\/2025\/11\/Partidas-da-quadra-ocorrem-no-Ginasio-da-Mimi-683x1024.jpg\" alt=\"\" class=\"wp-image-198631\" srcset=\"https:\/\/folhapopular.info\/wp-content\/uploads\/2025\/11\/Partidas-da-quadra-ocorrem-no-Ginasio-da-Mimi-683x1024.jpg 683w, https:\/\/folhapopular.info\/wp-content\/uploads\/2025\/11\/Partidas-da-quadra-ocorrem-no-Ginasio-da-Mimi-200x300.jpg 200w, https:\/\/folhapopular.info\/wp-content\/uploads\/2025\/11\/Partidas-da-quadra-ocorrem-no-Ginasio-da-Mimi-768x1152.jpg 768w, https:\/\/folhapopular.info\/wp-content\/uploads\/2025\/11\/Partidas-da-quadra-ocorrem-no-Ginasio-da-Mimi-1024x1536.jpg 1024w, https:\/\/folhapopular.info\/wp-content\/uploads\/2025\/11\/Partidas-da-quadra-ocorrem-no-Ginasio-da-Mimi-1365x2048.jpg 1365w, https:\/\/folhapopular.info\/wp-content\/uploads\/2025\/11\/Partidas-da-quadra-ocorrem-no-Ginasio-da-Mimi-280x420.jpg 280w, https:\/\/folhapopular.info\/wp-content\/uploads\/2025\/11\/Partidas-da-quadra-ocorrem-no-Ginasio-da-Mimi-696x1044.jpg 696w, https:\/\/folhapopular.info\/wp-content\/uploads\/2025\/11\/Partidas-da-quadra-ocorrem-no-Ginasio-da-Mimi-1068x1602.jpg 1068w, https:\/\/folhapopular.info\/wp-content\/uploads\/2025\/11\/Partidas-da-quadra-ocorrem-no-Ginasio-da-Mimi-1920x2880.jpg 1920w, https:\/\/folhapopular.info\/wp-content\/uploads\/2025\/11\/Partidas-da-quadra-ocorrem-no-Ginasio-da-Mimi-scaled.jpg 1707w\" sizes=\"auto, (max-width: 683px) 100vw, 683px\" \/><figcaption class=\"wp-element-caption\">Partidas da quadra ocorrem no Gin\u00e1sio da Mimi<br>Cr\u00e9dito: Tain\u00e1 Danzer Fotografia \/ Divulga\u00e7\u00e3o<\/figcaption><\/figure>\n<\/figure>\n","protected":false},"excerpt":{"rendered":"<p>A rodada do fim de semana (14 e 16\/11) movimentou os gramados e quadras das Copas Beti Esportes, com defini\u00e7\u00f5es importantes no campo e partidas movimentadas no futsal. Os jogos seguem com muita expectativa para a pr\u00f3xima sexta-feira e domingo que vem (21 e 23\/11). Pelo campo, Juventude e Atl\u00e9tico Ga\u00facho protagonizaram um dos jogos [&hellip;]<\/p>\n","protected":false},"author":732,"featured_media":198630,"comment_status":"open","ping_status":"open","sticky":false,"template":"","format":"standard","meta":{"pmpro_default_level":"","_jetpack_memberships_contains_paid_content":false,"footnotes":""},"categories":[5,240,530],"tags":[19416,19652,147,31,315],"class_list":{"0":"post-198629","1":"post","2":"type-post","3":"status-publish","4":"format-standard","5":"has-post-thumbnail","7":"category-esportes","8":"category-futebol-amador","9":"category-futsal","10":"tag-copa-beti-esportes","11":"tag-copas-beti-esportes","12":"tag-futebol-amador","13":"tag-futsal","14":"tag-regiao","15":"pmpro-has-access"},"yoast_head":"<!-- This site is optimized with the Yoast SEO plugin v27.5 - https:\/\/yoast.com\/product\/yoast-seo-wordpress\/ -->\n<title>Copas Beti Esportes avan\u00e7am no mata-mata - Folha Popular<\/title>\n<meta name=\"robots\" content=\"index, follow, max-snippet:-1, max-image-preview:large, max-video-preview:-1\" \/>\n<link rel=\"canonical\" href=\"https:\/\/folhapopular.info\/index.php\/2025\/11\/19\/copas-beti-esportes-avancam-no-mata-mata\/\" \/>\n<meta property=\"og:locale\" content=\"pt_BR\" \/>\n<meta property=\"og:type\" content=\"article\" \/>\n<meta property=\"og:title\" content=\"Copas Beti Esportes avan\u00e7am no mata-mata - Folha Popular\" \/>\n<meta property=\"og:description\" content=\"A rodada do fim de semana (14 e 16\/11) movimentou os gramados e quadras das Copas Beti Esportes, com defini\u00e7\u00f5es importantes no campo e partidas movimentadas no futsal. Os jogos seguem com muita expectativa para a pr\u00f3xima sexta-feira e domingo que vem (21 e 23\/11). Pelo campo, Juventude e Atl\u00e9tico Ga\u00facho protagonizaram um dos jogos [&hellip;]\" \/>\n<meta property=\"og:url\" content=\"https:\/\/folhapopular.info\/index.php\/2025\/11\/19\/copas-beti-esportes-avancam-no-mata-mata\/\" \/>\n<meta property=\"og:site_name\" content=\"Folha Popular\" \/>\n<meta property=\"article:author\" content=\"https:\/\/www.facebook.com\/luis.huppes\/\" \/>\n<meta property=\"article:published_time\" content=\"2025-11-19T17:21:20+00:00\" \/>\n<meta property=\"article:modified_time\" content=\"2025-11-19T17:21:23+00:00\" \/>\n<meta property=\"og:image\" content=\"http:\/\/folhapopular.info\/wp-content\/uploads\/2025\/11\/Juventude-de-Linha-Frank-garantiu-a-classificacao-para-as-finais-do-campo.jpg\" \/>\n\t<meta property=\"og:image:width\" content=\"1440\" \/>\n\t<meta property=\"og:image:height\" content=\"1877\" \/>\n\t<meta property=\"og:image:type\" content=\"image\/jpeg\" \/>\n<meta name=\"author\" content=\"Luis Augusto Huppes\" \/>\n<meta name=\"twitter:card\" content=\"summary_large_image\" \/>\n<meta name=\"twitter:label1\" content=\"Escrito por\" \/>\n\t<meta name=\"twitter:data1\" content=\"Luis Augusto Huppes\" \/>\n\t<meta name=\"twitter:label2\" content=\"Est. tempo de leitura\" \/>\n\t<meta name=\"twitter:data2\" content=\"4 minutos\" \/>\n<script type=\"application\/ld+json\" class=\"yoast-schema-graph\">{\"@context\":\"https:\\\/\\\/schema.org\",\"@graph\":[{\"@type\":\"Article\",\"@id\":\"https:\\\/\\\/folhapopular.info\\\/index.php\\\/2025\\\/11\\\/19\\\/copas-beti-esportes-avancam-no-mata-mata\\\/#article\",\"isPartOf\":{\"@id\":\"https:\\\/\\\/folhapopular.info\\\/index.php\\\/2025\\\/11\\\/19\\\/copas-beti-esportes-avancam-no-mata-mata\\\/\"},\"author\":{\"name\":\"Luis Augusto Huppes\",\"@id\":\"https:\\\/\\\/folhapopular.info\\\/#\\\/schema\\\/person\\\/e852c327371714676d02e58cf917fd9f\"},\"headline\":\"Copas Beti Esportes avan\u00e7am no mata-mata\",\"datePublished\":\"2025-11-19T17:21:20+00:00\",\"dateModified\":\"2025-11-19T17:21:23+00:00\",\"mainEntityOfPage\":{\"@id\":\"https:\\\/\\\/folhapopular.info\\\/index.php\\\/2025\\\/11\\\/19\\\/copas-beti-esportes-avancam-no-mata-mata\\\/\"},\"wordCount\":525,\"commentCount\":0,\"image\":{\"@id\":\"https:\\\/\\\/folhapopular.info\\\/index.php\\\/2025\\\/11\\\/19\\\/copas-beti-esportes-avancam-no-mata-mata\\\/#primaryimage\"},\"thumbnailUrl\":\"https:\\\/\\\/folhapopular.info\\\/wp-content\\\/uploads\\\/2025\\\/11\\\/Juventude-de-Linha-Frank-garantiu-a-classificacao-para-as-finais-do-campo.jpg\",\"keywords\":[\"Copa Beti Esportes\",\"Copas Beti Esportes\",\"futebol amador\",\"Futsal\",\"Regi\u00e3o\"],\"articleSection\":[\"Esportes\",\"Futebol Amador\",\"Futsal\"],\"inLanguage\":\"pt-BR\",\"potentialAction\":[{\"@type\":\"CommentAction\",\"name\":\"Comment\",\"target\":[\"https:\\\/\\\/folhapopular.info\\\/index.php\\\/2025\\\/11\\\/19\\\/copas-beti-esportes-avancam-no-mata-mata\\\/#respond\"]}]},{\"@type\":\"WebPage\",\"@id\":\"https:\\\/\\\/folhapopular.info\\\/index.php\\\/2025\\\/11\\\/19\\\/copas-beti-esportes-avancam-no-mata-mata\\\/\",\"url\":\"https:\\\/\\\/folhapopular.info\\\/index.php\\\/2025\\\/11\\\/19\\\/copas-beti-esportes-avancam-no-mata-mata\\\/\",\"name\":\"Copas Beti Esportes avan\u00e7am no mata-mata - Folha Popular\",\"isPartOf\":{\"@id\":\"https:\\\/\\\/folhapopular.info\\\/#website\"},\"primaryImageOfPage\":{\"@id\":\"https:\\\/\\\/folhapopular.info\\\/index.php\\\/2025\\\/11\\\/19\\\/copas-beti-esportes-avancam-no-mata-mata\\\/#primaryimage\"},\"image\":{\"@id\":\"https:\\\/\\\/folhapopular.info\\\/index.php\\\/2025\\\/11\\\/19\\\/copas-beti-esportes-avancam-no-mata-mata\\\/#primaryimage\"},\"thumbnailUrl\":\"https:\\\/\\\/folhapopular.info\\\/wp-content\\\/uploads\\\/2025\\\/11\\\/Juventude-de-Linha-Frank-garantiu-a-classificacao-para-as-finais-do-campo.jpg\",\"datePublished\":\"2025-11-19T17:21:20+00:00\",\"dateModified\":\"2025-11-19T17:21:23+00:00\",\"author\":{\"@id\":\"https:\\\/\\\/folhapopular.info\\\/#\\\/schema\\\/person\\\/e852c327371714676d02e58cf917fd9f\"},\"breadcrumb\":{\"@id\":\"https:\\\/\\\/folhapopular.info\\\/index.php\\\/2025\\\/11\\\/19\\\/copas-beti-esportes-avancam-no-mata-mata\\\/#breadcrumb\"},\"inLanguage\":\"pt-BR\",\"potentialAction\":[{\"@type\":\"ReadAction\",\"target\":[\"https:\\\/\\\/folhapopular.info\\\/index.php\\\/2025\\\/11\\\/19\\\/copas-beti-esportes-avancam-no-mata-mata\\\/\"]}]},{\"@type\":\"ImageObject\",\"inLanguage\":\"pt-BR\",\"@id\":\"https:\\\/\\\/folhapopular.info\\\/index.php\\\/2025\\\/11\\\/19\\\/copas-beti-esportes-avancam-no-mata-mata\\\/#primaryimage\",\"url\":\"https:\\\/\\\/folhapopular.info\\\/wp-content\\\/uploads\\\/2025\\\/11\\\/Juventude-de-Linha-Frank-garantiu-a-classificacao-para-as-finais-do-campo.jpg\",\"contentUrl\":\"https:\\\/\\\/folhapopular.info\\\/wp-content\\\/uploads\\\/2025\\\/11\\\/Juventude-de-Linha-Frank-garantiu-a-classificacao-para-as-finais-do-campo.jpg\",\"width\":1440,\"height\":1877,\"caption\":\"Juventude de Linha Frank garantiu a classifica\u00e7\u00e3o para as finais do campo - Cr\u00e9dito: D & V Sports Photography \\\/ Divulga\u00e7\u00e3o\"},{\"@type\":\"BreadcrumbList\",\"@id\":\"https:\\\/\\\/folhapopular.info\\\/index.php\\\/2025\\\/11\\\/19\\\/copas-beti-esportes-avancam-no-mata-mata\\\/#breadcrumb\",\"itemListElement\":[{\"@type\":\"ListItem\",\"position\":1,\"name\":\"In\u00edcio\",\"item\":\"https:\\\/\\\/folhapopular.info\\\/\"},{\"@type\":\"ListItem\",\"position\":2,\"name\":\"Copas Beti Esportes avan\u00e7am no mata-mata\"}]},{\"@type\":\"WebSite\",\"@id\":\"https:\\\/\\\/folhapopular.info\\\/#website\",\"url\":\"https:\\\/\\\/folhapopular.info\\\/\",\"name\":\"Folha Popular\",\"description\":\"Onde voc\u00ea tem vez e voz\",\"potentialAction\":[{\"@type\":\"SearchAction\",\"target\":{\"@type\":\"EntryPoint\",\"urlTemplate\":\"https:\\\/\\\/folhapopular.info\\\/?s={search_term_string}\"},\"query-input\":{\"@type\":\"PropertyValueSpecification\",\"valueRequired\":true,\"valueName\":\"search_term_string\"}}],\"inLanguage\":\"pt-BR\"},{\"@type\":\"Person\",\"@id\":\"https:\\\/\\\/folhapopular.info\\\/#\\\/schema\\\/person\\\/e852c327371714676d02e58cf917fd9f\",\"name\":\"Luis Augusto Huppes\",\"image\":{\"@type\":\"ImageObject\",\"inLanguage\":\"pt-BR\",\"@id\":\"https:\\\/\\\/folhapopular.info\\\/wp-content\\\/uploads\\\/2026\\\/04\\\/Luis-Augusto-Huppes-1-1.webp\",\"url\":\"https:\\\/\\\/folhapopular.info\\\/wp-content\\\/uploads\\\/2026\\\/04\\\/Luis-Augusto-Huppes-1-1.webp\",\"contentUrl\":\"https:\\\/\\\/folhapopular.info\\\/wp-content\\\/uploads\\\/2026\\\/04\\\/Luis-Augusto-Huppes-1-1.webp\",\"caption\":\"Luis Augusto Huppes\"},\"sameAs\":[\"https:\\\/\\\/www.facebook.com\\\/luis.huppes\\\/\",\"https:\\\/\\\/www.instagram.com\\\/luis.huppes\\\/\",\"https:\\\/\\\/www.linkedin.com\\\/in\\\/luis-augusto-huppes-2554b52b7\\\/\"],\"url\":\"https:\\\/\\\/folhapopular.info\\\/index.php\\\/author\\\/luis-augusto-huppes\\\/\"}]}<\/script>\n<!-- \/ Yoast SEO plugin. -->","yoast_head_json":{"title":"Copas Beti Esportes avan\u00e7am no mata-mata - Folha Popular","robots":{"index":"index","follow":"follow","max-snippet":"max-snippet:-1","max-image-preview":"max-image-preview:large","max-video-preview":"max-video-preview:-1"},"canonical":"https:\/\/folhapopular.info\/index.php\/2025\/11\/19\/copas-beti-esportes-avancam-no-mata-mata\/","og_locale":"pt_BR","og_type":"article","og_title":"Copas Beti Esportes avan\u00e7am no mata-mata - Folha Popular","og_description":"A rodada do fim de semana (14 e 16\/11) movimentou os gramados e quadras das Copas Beti Esportes, com defini\u00e7\u00f5es importantes no campo e partidas movimentadas no futsal. Os jogos seguem com muita expectativa para a pr\u00f3xima sexta-feira e domingo que vem (21 e 23\/11). Pelo campo, Juventude e Atl\u00e9tico Ga\u00facho protagonizaram um dos jogos [&hellip;]","og_url":"https:\/\/folhapopular.info\/index.php\/2025\/11\/19\/copas-beti-esportes-avancam-no-mata-mata\/","og_site_name":"Folha Popular","article_author":"https:\/\/www.facebook.com\/luis.huppes\/","article_published_time":"2025-11-19T17:21:20+00:00","article_modified_time":"2025-11-19T17:21:23+00:00","og_image":[{"width":1440,"height":1877,"url":"http:\/\/folhapopular.info\/wp-content\/uploads\/2025\/11\/Juventude-de-Linha-Frank-garantiu-a-classificacao-para-as-finais-do-campo.jpg","type":"image\/jpeg"}],"author":"Luis Augusto Huppes","twitter_card":"summary_large_image","twitter_misc":{"Escrito por":"Luis Augusto Huppes","Est. tempo de leitura":"4 minutos"},"schema":{"@context":"https:\/\/schema.org","@graph":[{"@type":"Article","@id":"https:\/\/folhapopular.info\/index.php\/2025\/11\/19\/copas-beti-esportes-avancam-no-mata-mata\/#article","isPartOf":{"@id":"https:\/\/folhapopular.info\/index.php\/2025\/11\/19\/copas-beti-esportes-avancam-no-mata-mata\/"},"author":{"name":"Luis Augusto Huppes","@id":"https:\/\/folhapopular.info\/#\/schema\/person\/e852c327371714676d02e58cf917fd9f"},"headline":"Copas Beti Esportes avan\u00e7am no mata-mata","datePublished":"2025-11-19T17:21:20+00:00","dateModified":"2025-11-19T17:21:23+00:00","mainEntityOfPage":{"@id":"https:\/\/folhapopular.info\/index.php\/2025\/11\/19\/copas-beti-esportes-avancam-no-mata-mata\/"},"wordCount":525,"commentCount":0,"image":{"@id":"https:\/\/folhapopular.info\/index.php\/2025\/11\/19\/copas-beti-esportes-avancam-no-mata-mata\/#primaryimage"},"thumbnailUrl":"https:\/\/folhapopular.info\/wp-content\/uploads\/2025\/11\/Juventude-de-Linha-Frank-garantiu-a-classificacao-para-as-finais-do-campo.jpg","keywords":["Copa Beti Esportes","Copas Beti Esportes","futebol amador","Futsal","Regi\u00e3o"],"articleSection":["Esportes","Futebol Amador","Futsal"],"inLanguage":"pt-BR","potentialAction":[{"@type":"CommentAction","name":"Comment","target":["https:\/\/folhapopular.info\/index.php\/2025\/11\/19\/copas-beti-esportes-avancam-no-mata-mata\/#respond"]}]},{"@type":"WebPage","@id":"https:\/\/folhapopular.info\/index.php\/2025\/11\/19\/copas-beti-esportes-avancam-no-mata-mata\/","url":"https:\/\/folhapopular.info\/index.php\/2025\/11\/19\/copas-beti-esportes-avancam-no-mata-mata\/","name":"Copas Beti Esportes avan\u00e7am no mata-mata - Folha Popular","isPartOf":{"@id":"https:\/\/folhapopular.info\/#website"},"primaryImageOfPage":{"@id":"https:\/\/folhapopular.info\/index.php\/2025\/11\/19\/copas-beti-esportes-avancam-no-mata-mata\/#primaryimage"},"image":{"@id":"https:\/\/folhapopular.info\/index.php\/2025\/11\/19\/copas-beti-esportes-avancam-no-mata-mata\/#primaryimage"},"thumbnailUrl":"https:\/\/folhapopular.info\/wp-content\/uploads\/2025\/11\/Juventude-de-Linha-Frank-garantiu-a-classificacao-para-as-finais-do-campo.jpg","datePublished":"2025-11-19T17:21:20+00:00","dateModified":"2025-11-19T17:21:23+00:00","author":{"@id":"https:\/\/folhapopular.info\/#\/schema\/person\/e852c327371714676d02e58cf917fd9f"},"breadcrumb":{"@id":"https:\/\/folhapopular.info\/index.php\/2025\/11\/19\/copas-beti-esportes-avancam-no-mata-mata\/#breadcrumb"},"inLanguage":"pt-BR","potentialAction":[{"@type":"ReadAction","target":["https:\/\/folhapopular.info\/index.php\/2025\/11\/19\/copas-beti-esportes-avancam-no-mata-mata\/"]}]},{"@type":"ImageObject","inLanguage":"pt-BR","@id":"https:\/\/folhapopular.info\/index.php\/2025\/11\/19\/copas-beti-esportes-avancam-no-mata-mata\/#primaryimage","url":"https:\/\/folhapopular.info\/wp-content\/uploads\/2025\/11\/Juventude-de-Linha-Frank-garantiu-a-classificacao-para-as-finais-do-campo.jpg","contentUrl":"https:\/\/folhapopular.info\/wp-content\/uploads\/2025\/11\/Juventude-de-Linha-Frank-garantiu-a-classificacao-para-as-finais-do-campo.jpg","width":1440,"height":1877,"caption":"Juventude de Linha Frank garantiu a classifica\u00e7\u00e3o para as finais do campo - Cr\u00e9dito: D & V Sports Photography \/ Divulga\u00e7\u00e3o"},{"@type":"BreadcrumbList","@id":"https:\/\/folhapopular.info\/index.php\/2025\/11\/19\/copas-beti-esportes-avancam-no-mata-mata\/#breadcrumb","itemListElement":[{"@type":"ListItem","position":1,"name":"In\u00edcio","item":"https:\/\/folhapopular.info\/"},{"@type":"ListItem","position":2,"name":"Copas Beti Esportes avan\u00e7am no mata-mata"}]},{"@type":"WebSite","@id":"https:\/\/folhapopular.info\/#website","url":"https:\/\/folhapopular.info\/","name":"Folha Popular","description":"Onde voc\u00ea tem vez e voz","potentialAction":[{"@type":"SearchAction","target":{"@type":"EntryPoint","urlTemplate":"https:\/\/folhapopular.info\/?s={search_term_string}"},"query-input":{"@type":"PropertyValueSpecification","valueRequired":true,"valueName":"search_term_string"}}],"inLanguage":"pt-BR"},{"@type":"Person","@id":"https:\/\/folhapopular.info\/#\/schema\/person\/e852c327371714676d02e58cf917fd9f","name":"Luis Augusto Huppes","image":{"@type":"ImageObject","inLanguage":"pt-BR","@id":"https:\/\/folhapopular.info\/wp-content\/uploads\/2026\/04\/Luis-Augusto-Huppes-1-1.webp","url":"https:\/\/folhapopular.info\/wp-content\/uploads\/2026\/04\/Luis-Augusto-Huppes-1-1.webp","contentUrl":"https:\/\/folhapopular.info\/wp-content\/uploads\/2026\/04\/Luis-Augusto-Huppes-1-1.webp","caption":"Luis Augusto Huppes"},"sameAs":["https:\/\/www.facebook.com\/luis.huppes\/","https:\/\/www.instagram.com\/luis.huppes\/","https:\/\/www.linkedin.com\/in\/luis-augusto-huppes-2554b52b7\/"],"url":"https:\/\/folhapopular.info\/index.php\/author\/luis-augusto-huppes\/"}]}},"jetpack_featured_media_url":"https:\/\/folhapopular.info\/wp-content\/uploads\/2025\/11\/Juventude-de-Linha-Frank-garantiu-a-classificacao-para-as-finais-do-campo.jpg","jetpack_sharing_enabled":true,"amp_enabled":true,"_links":{"self":[{"href":"https:\/\/folhapopular.info\/index.php\/wp-json\/wp\/v2\/posts\/198629","targetHints":{"allow":["GET"]}}],"collection":[{"href":"https:\/\/folhapopular.info\/index.php\/wp-json\/wp\/v2\/posts"}],"about":[{"href":"https:\/\/folhapopular.info\/index.php\/wp-json\/wp\/v2\/types\/post"}],"author":[{"embeddable":true,"href":"https:\/\/folhapopular.info\/index.php\/wp-json\/wp\/v2\/users\/732"}],"replies":[{"embeddable":true,"href":"https:\/\/folhapopular.info\/index.php\/wp-json\/wp\/v2\/comments?post=198629"}],"version-history":[{"count":0,"href":"https:\/\/folhapopular.info\/index.php\/wp-json\/wp\/v2\/posts\/198629\/revisions"}],"wp:featuredmedia":[{"embeddable":true,"href":"https:\/\/folhapopular.info\/index.php\/wp-json\/wp\/v2\/media\/198630"}],"wp:attachment":[{"href":"https:\/\/folhapopular.info\/index.php\/wp-json\/wp\/v2\/media?parent=198629"}],"wp:term":[{"taxonomy":"category","embeddable":true,"href":"https:\/\/folhapopular.info\/index.php\/wp-json\/wp\/v2\/categories?post=198629"},{"taxonomy":"post_tag","embeddable":true,"href":"https:\/\/folhapopular.info\/index.php\/wp-json\/wp\/v2\/tags?post=198629"}],"curies":[{"name":"wp","href":"https:\/\/api.w.org\/{rel}","templated":true}]}}