{"id":198652,"date":"2025-11-19T15:42:52","date_gmt":"2025-11-19T18:42:52","guid":{"rendered":"https:\/\/folhapopular.info\/?p=198652"},"modified":"2025-11-19T15:42:58","modified_gmt":"2025-11-19T18:42:58","slug":"atletas-de-fazenda-vilanova-faturam-nove-podios-no-estadual-de-karate","status":"publish","type":"post","link":"https:\/\/folhapopular.info\/index.php\/2025\/11\/19\/atletas-de-fazenda-vilanova-faturam-nove-podios-no-estadual-de-karate\/","title":{"rendered":"Atletas de Fazenda Vilanova faturam nove p\u00f3dios no Estadual de Karat\u00ea"},"content":{"rendered":"\n<p>O munic\u00edpio de Fazenda Vilanova recebeu o 8\u00ba Estadual de Karat\u00ea da Federa\u00e7\u00e3o Ga\u00facha de Karat\u00ea <em>Shotokan<\/em> (FGKS) no s\u00e1bado (15\/11), e a atua\u00e7\u00e3o dos atletas locais confirmou o avan\u00e7o das artes marciais na regi\u00e3o. O evento reuniu competidores de diversas cidades e evidenciou o crescimento t\u00e9cnico das equipes do Vale do Taquari, especialmente dos representantes vilanovenses, que subiram nove vezes ao p\u00f3dio.<\/p>\n\n\n\n<p>As categorias de base tiveram destaque expressivo. Ana Paula da Rosa ficou entre as tr\u00eas melhores em duas provas, com o 3\u00ba lugar no kata e o 2\u00ba no kumite da categoria de 13 e 14 anos, faixas roxa a preta. Na divis\u00e3o at\u00e9 a faixa verde, Ana Clara da Costa Godoy garantiu o 3\u00ba lugar no kumite.<\/p>\n\n\n\n<p>Entre os mais jovens, Sophia Silva alcan\u00e7ou o bronze no kumite da categoria de 9 e 10 anos, enquanto Pietro Moreira conquistou o 3\u00ba lugar no kumite at\u00e9 6 anos. Alessandro Vargas tamb\u00e9m subiu ao p\u00f3dio, com o 3\u00ba lugar no kumite entre atletas de 9 e 10 anos.<\/p>\n\n\n\n<p>O desempenho positivo tamb\u00e9m apareceu no adulto. Everton Machado assegurou o 3\u00ba lugar no kumite, ao competir entre 35 e 45 anos na divis\u00e3o absoluto. J\u00e1 J\u00fanior do Nascimento levou o bronze entre os atletas das faixas roxa a preta acima dos 90 quilos.<\/p>\n\n\n\n<p>Os resultados refor\u00e7am o avan\u00e7o do karat\u00ea por toda regi\u00e3o e demonstram que o investimento cont\u00ednuo na modalidade produz atletas competitivos e ampliado o interesse pelas artes marciais. O saldo do Estadual indica uma trajet\u00f3ria de fortalecimento do cen\u00e1rio de lutas no Vale do Taquari.<\/p>\n\n\n\n<p>A coordenadora do Centro de Refer\u00eancia de Assist\u00eancia Social (Cras), Josiane Schmidt, destaca que a forma\u00e7\u00e3o esportiva tem sido impulsionada pelas oficinas oferecidas ao longo do ano. \u201cAo proporcionarmos projetos como o karat\u00ea, incentivamos o desenvolvimento de habilidades esportivas. Dessa forma nossa equipe se destacou tanto que nos possibilitou sediar este grande evento\u201d, afirma ela, ao apontar que iniciativas como essa ampliam o crescimento dos jovens.<\/p>\n\n\n\n<p>O coordenador da Academia Seiken de Fazenda Vilanova, Everton Machado, tamb\u00e9m valoriza a prepara\u00e7\u00e3o realizada nos dias que antecederam a competi\u00e7\u00e3o. Segundo ele, atender \u00e0s demandas t\u00e9cnicas e organizacionais foi prioridade. \u201cO Sensei Jo\u00e3o pediu v\u00e1rios detalhes, e fiz o poss\u00edvel para atender tudo. A administra\u00e7\u00e3o ajudou bastante, e passamos o dia para preparar e ajustar o espa\u00e7o\u201d, relata.<\/p>\n\n\n\n<p>Ele acrescenta que a tranquilidade demonstrada pelo Sensei durante o Estadual confirmou que o trabalho havia sido bem executado. \u201cVer o Sensei calmo, diferente de outros eventos, mostrou que est\u00e1vamos no caminho certo. Quando a academia entrou na apresenta\u00e7\u00e3o inicial, fiquei realmente emocionado\u201d, completa ele, que \u00e9 um dos respons\u00e1veis pela boa participa\u00e7\u00e3o dos vilanovenses.<\/p>\n\n\n\n<figure class=\"wp-block-gallery has-nested-images columns-default is-cropped wp-block-gallery-1 is-layout-flex wp-block-gallery-is-layout-flex\">\n<figure class=\"wp-block-image size-large\"><img loading=\"lazy\" decoding=\"async\" width=\"1024\" height=\"771\" data-id=\"198656\" src=\"https:\/\/folhapopular.info\/wp-content\/uploads\/2025\/11\/WhatsApp-Image-2025-11-15-at-11.16.47-1024x771.jpeg\" alt=\"\" class=\"wp-image-198656\" srcset=\"https:\/\/folhapopular.info\/wp-content\/uploads\/2025\/11\/WhatsApp-Image-2025-11-15-at-11.16.47-1024x771.jpeg 1024w, https:\/\/folhapopular.info\/wp-content\/uploads\/2025\/11\/WhatsApp-Image-2025-11-15-at-11.16.47-300x226.jpeg 300w, https:\/\/folhapopular.info\/wp-content\/uploads\/2025\/11\/WhatsApp-Image-2025-11-15-at-11.16.47-768x578.jpeg 768w, https:\/\/folhapopular.info\/wp-content\/uploads\/2025\/11\/WhatsApp-Image-2025-11-15-at-11.16.47-1536x1156.jpeg 1536w, https:\/\/folhapopular.info\/wp-content\/uploads\/2025\/11\/WhatsApp-Image-2025-11-15-at-11.16.47-558x420.jpeg 558w, https:\/\/folhapopular.info\/wp-content\/uploads\/2025\/11\/WhatsApp-Image-2025-11-15-at-11.16.47-80x60.jpeg 80w, https:\/\/folhapopular.info\/wp-content\/uploads\/2025\/11\/WhatsApp-Image-2025-11-15-at-11.16.47-696x524.jpeg 696w, https:\/\/folhapopular.info\/wp-content\/uploads\/2025\/11\/WhatsApp-Image-2025-11-15-at-11.16.47-1068x804.jpeg 1068w, https:\/\/folhapopular.info\/wp-content\/uploads\/2025\/11\/WhatsApp-Image-2025-11-15-at-11.16.47.jpeg 1600w\" sizes=\"auto, (max-width: 1024px) 100vw, 1024px\" \/><figcaption class=\"wp-element-caption\">Gin\u00e1sio ficou lotado com tantos participantes<br>Cr\u00e9dito: AI Fazenda Vilanova \/ Divulga\u00e7\u00e3o<\/figcaption><\/figure>\n<\/figure>\n","protected":false},"excerpt":{"rendered":"<p>O munic\u00edpio de Fazenda Vilanova recebeu o 8\u00ba Estadual de Karat\u00ea da Federa\u00e7\u00e3o Ga\u00facha de Karat\u00ea Shotokan (FGKS) no s\u00e1bado (15\/11), e a atua\u00e7\u00e3o dos atletas locais confirmou o avan\u00e7o das artes marciais na regi\u00e3o. O evento reuniu competidores de diversas cidades e evidenciou o crescimento t\u00e9cnico das equipes do Vale do Taquari, especialmente dos [&hellip;]<\/p>\n","protected":false},"author":732,"featured_media":198657,"comment_status":"open","ping_status":"open","sticky":false,"template":"","format":"standard","meta":{"pmpro_default_level":"","_jetpack_memberships_contains_paid_content":false,"footnotes":""},"categories":[18195,5],"tags":[19998,9681,19997,801,2088],"class_list":{"0":"post-198652","1":"post","2":"type-post","3":"status-publish","4":"format-standard","5":"has-post-thumbnail","7":"category-artes-marciais","8":"category-esportes","9":"tag-8o-estadual-de-karate-da-federacao-gaucha-de-karate-shotokan","10":"tag-artes-marciais","11":"tag-estadual-de-karate","12":"tag-fazenda-vilanova","13":"tag-karate","14":"pmpro-has-access"},"yoast_head":"<!-- This site is optimized with the Yoast SEO plugin v27.4 - https:\/\/yoast.com\/product\/yoast-seo-wordpress\/ -->\n<title>Atletas de Fazenda Vilanova faturam nove p\u00f3dios no Estadual de Karat\u00ea - Folha Popular<\/title>\n<meta name=\"robots\" content=\"index, follow, max-snippet:-1, max-image-preview:large, max-video-preview:-1\" \/>\n<link rel=\"canonical\" href=\"https:\/\/folhapopular.info\/index.php\/2025\/11\/19\/atletas-de-fazenda-vilanova-faturam-nove-podios-no-estadual-de-karate\/\" \/>\n<meta property=\"og:locale\" content=\"pt_BR\" \/>\n<meta property=\"og:type\" content=\"article\" \/>\n<meta property=\"og:title\" content=\"Atletas de Fazenda Vilanova faturam nove p\u00f3dios no Estadual de Karat\u00ea - Folha Popular\" \/>\n<meta property=\"og:description\" content=\"O munic\u00edpio de Fazenda Vilanova recebeu o 8\u00ba Estadual de Karat\u00ea da Federa\u00e7\u00e3o Ga\u00facha de Karat\u00ea Shotokan (FGKS) no s\u00e1bado (15\/11), e a atua\u00e7\u00e3o dos atletas locais confirmou o avan\u00e7o das artes marciais na regi\u00e3o. O evento reuniu competidores de diversas cidades e evidenciou o crescimento t\u00e9cnico das equipes do Vale do Taquari, especialmente dos [&hellip;]\" \/>\n<meta property=\"og:url\" content=\"https:\/\/folhapopular.info\/index.php\/2025\/11\/19\/atletas-de-fazenda-vilanova-faturam-nove-podios-no-estadual-de-karate\/\" \/>\n<meta property=\"og:site_name\" content=\"Folha Popular\" \/>\n<meta property=\"article:author\" content=\"https:\/\/www.facebook.com\/luis.huppes\/\" \/>\n<meta property=\"article:published_time\" content=\"2025-11-19T18:42:52+00:00\" \/>\n<meta property=\"article:modified_time\" content=\"2025-11-19T18:42:58+00:00\" \/>\n<meta property=\"og:image\" content=\"http:\/\/folhapopular.info\/wp-content\/uploads\/2025\/11\/WhatsApp-Image-2025-11-15-at-11.16.43.jpeg\" \/>\n\t<meta property=\"og:image:width\" content=\"1600\" \/>\n\t<meta property=\"og:image:height\" content=\"1204\" \/>\n\t<meta property=\"og:image:type\" content=\"image\/jpeg\" \/>\n<meta name=\"author\" content=\"Luis Augusto Huppes\" \/>\n<meta name=\"twitter:card\" content=\"summary_large_image\" \/>\n<meta name=\"twitter:label1\" content=\"Escrito por\" \/>\n\t<meta name=\"twitter:data1\" content=\"Luis Augusto Huppes\" \/>\n\t<meta name=\"twitter:label2\" content=\"Est. tempo de leitura\" \/>\n\t<meta name=\"twitter:data2\" content=\"3 minutos\" \/>\n<script type=\"application\/ld+json\" class=\"yoast-schema-graph\">{\"@context\":\"https:\\\/\\\/schema.org\",\"@graph\":[{\"@type\":\"Article\",\"@id\":\"https:\\\/\\\/folhapopular.info\\\/index.php\\\/2025\\\/11\\\/19\\\/atletas-de-fazenda-vilanova-faturam-nove-podios-no-estadual-de-karate\\\/#article\",\"isPartOf\":{\"@id\":\"https:\\\/\\\/folhapopular.info\\\/index.php\\\/2025\\\/11\\\/19\\\/atletas-de-fazenda-vilanova-faturam-nove-podios-no-estadual-de-karate\\\/\"},\"author\":{\"name\":\"Luis Augusto Huppes\",\"@id\":\"https:\\\/\\\/folhapopular.info\\\/#\\\/schema\\\/person\\\/e852c327371714676d02e58cf917fd9f\"},\"headline\":\"Atletas de Fazenda Vilanova faturam nove p\u00f3dios no Estadual de Karat\u00ea\",\"datePublished\":\"2025-11-19T18:42:52+00:00\",\"dateModified\":\"2025-11-19T18:42:58+00:00\",\"mainEntityOfPage\":{\"@id\":\"https:\\\/\\\/folhapopular.info\\\/index.php\\\/2025\\\/11\\\/19\\\/atletas-de-fazenda-vilanova-faturam-nove-podios-no-estadual-de-karate\\\/\"},\"wordCount\":484,\"commentCount\":0,\"image\":{\"@id\":\"https:\\\/\\\/folhapopular.info\\\/index.php\\\/2025\\\/11\\\/19\\\/atletas-de-fazenda-vilanova-faturam-nove-podios-no-estadual-de-karate\\\/#primaryimage\"},\"thumbnailUrl\":\"https:\\\/\\\/folhapopular.info\\\/wp-content\\\/uploads\\\/2025\\\/11\\\/WhatsApp-Image-2025-11-15-at-11.16.43.jpeg\",\"keywords\":[\"8\u00ba Estadual de Karat\u00ea da Federa\u00e7\u00e3o Ga\u00facha de Karat\u00ea Shotokan\",\"Artes Marciais\",\"Estadual de Karat\u00ea\",\"Fazenda Vilanova\",\"Karat\u00ea\"],\"articleSection\":[\"Artes Marciais\",\"Esportes\"],\"inLanguage\":\"pt-BR\",\"potentialAction\":[{\"@type\":\"CommentAction\",\"name\":\"Comment\",\"target\":[\"https:\\\/\\\/folhapopular.info\\\/index.php\\\/2025\\\/11\\\/19\\\/atletas-de-fazenda-vilanova-faturam-nove-podios-no-estadual-de-karate\\\/#respond\"]}]},{\"@type\":\"WebPage\",\"@id\":\"https:\\\/\\\/folhapopular.info\\\/index.php\\\/2025\\\/11\\\/19\\\/atletas-de-fazenda-vilanova-faturam-nove-podios-no-estadual-de-karate\\\/\",\"url\":\"https:\\\/\\\/folhapopular.info\\\/index.php\\\/2025\\\/11\\\/19\\\/atletas-de-fazenda-vilanova-faturam-nove-podios-no-estadual-de-karate\\\/\",\"name\":\"Atletas de Fazenda Vilanova faturam nove p\u00f3dios no Estadual de Karat\u00ea - Folha Popular\",\"isPartOf\":{\"@id\":\"https:\\\/\\\/folhapopular.info\\\/#website\"},\"primaryImageOfPage\":{\"@id\":\"https:\\\/\\\/folhapopular.info\\\/index.php\\\/2025\\\/11\\\/19\\\/atletas-de-fazenda-vilanova-faturam-nove-podios-no-estadual-de-karate\\\/#primaryimage\"},\"image\":{\"@id\":\"https:\\\/\\\/folhapopular.info\\\/index.php\\\/2025\\\/11\\\/19\\\/atletas-de-fazenda-vilanova-faturam-nove-podios-no-estadual-de-karate\\\/#primaryimage\"},\"thumbnailUrl\":\"https:\\\/\\\/folhapopular.info\\\/wp-content\\\/uploads\\\/2025\\\/11\\\/WhatsApp-Image-2025-11-15-at-11.16.43.jpeg\",\"datePublished\":\"2025-11-19T18:42:52+00:00\",\"dateModified\":\"2025-11-19T18:42:58+00:00\",\"author\":{\"@id\":\"https:\\\/\\\/folhapopular.info\\\/#\\\/schema\\\/person\\\/e852c327371714676d02e58cf917fd9f\"},\"breadcrumb\":{\"@id\":\"https:\\\/\\\/folhapopular.info\\\/index.php\\\/2025\\\/11\\\/19\\\/atletas-de-fazenda-vilanova-faturam-nove-podios-no-estadual-de-karate\\\/#breadcrumb\"},\"inLanguage\":\"pt-BR\",\"potentialAction\":[{\"@type\":\"ReadAction\",\"target\":[\"https:\\\/\\\/folhapopular.info\\\/index.php\\\/2025\\\/11\\\/19\\\/atletas-de-fazenda-vilanova-faturam-nove-podios-no-estadual-de-karate\\\/\"]}]},{\"@type\":\"ImageObject\",\"inLanguage\":\"pt-BR\",\"@id\":\"https:\\\/\\\/folhapopular.info\\\/index.php\\\/2025\\\/11\\\/19\\\/atletas-de-fazenda-vilanova-faturam-nove-podios-no-estadual-de-karate\\\/#primaryimage\",\"url\":\"https:\\\/\\\/folhapopular.info\\\/wp-content\\\/uploads\\\/2025\\\/11\\\/WhatsApp-Image-2025-11-15-at-11.16.43.jpeg\",\"contentUrl\":\"https:\\\/\\\/folhapopular.info\\\/wp-content\\\/uploads\\\/2025\\\/11\\\/WhatsApp-Image-2025-11-15-at-11.16.43.jpeg\",\"width\":1600,\"height\":1204,\"caption\":\"Atletas da Academia Seiken se destacaram na competi\u00e7\u00e3o - Cr\u00e9dito: AI Fazenda Vilanova \\\/ Divulga\u00e7\u00e3o\"},{\"@type\":\"BreadcrumbList\",\"@id\":\"https:\\\/\\\/folhapopular.info\\\/index.php\\\/2025\\\/11\\\/19\\\/atletas-de-fazenda-vilanova-faturam-nove-podios-no-estadual-de-karate\\\/#breadcrumb\",\"itemListElement\":[{\"@type\":\"ListItem\",\"position\":1,\"name\":\"In\u00edcio\",\"item\":\"https:\\\/\\\/folhapopular.info\\\/\"},{\"@type\":\"ListItem\",\"position\":2,\"name\":\"Atletas de Fazenda Vilanova faturam nove p\u00f3dios no Estadual de Karat\u00ea\"}]},{\"@type\":\"WebSite\",\"@id\":\"https:\\\/\\\/folhapopular.info\\\/#website\",\"url\":\"https:\\\/\\\/folhapopular.info\\\/\",\"name\":\"Folha Popular\",\"description\":\"Onde voc\u00ea tem vez e voz\",\"potentialAction\":[{\"@type\":\"SearchAction\",\"target\":{\"@type\":\"EntryPoint\",\"urlTemplate\":\"https:\\\/\\\/folhapopular.info\\\/?s={search_term_string}\"},\"query-input\":{\"@type\":\"PropertyValueSpecification\",\"valueRequired\":true,\"valueName\":\"search_term_string\"}}],\"inLanguage\":\"pt-BR\"},{\"@type\":\"Person\",\"@id\":\"https:\\\/\\\/folhapopular.info\\\/#\\\/schema\\\/person\\\/e852c327371714676d02e58cf917fd9f\",\"name\":\"Luis Augusto Huppes\",\"image\":{\"@type\":\"ImageObject\",\"inLanguage\":\"pt-BR\",\"@id\":\"https:\\\/\\\/folhapopular.info\\\/wp-content\\\/uploads\\\/2026\\\/04\\\/Luis-Augusto-Huppes-1-1.webp\",\"url\":\"https:\\\/\\\/folhapopular.info\\\/wp-content\\\/uploads\\\/2026\\\/04\\\/Luis-Augusto-Huppes-1-1.webp\",\"contentUrl\":\"https:\\\/\\\/folhapopular.info\\\/wp-content\\\/uploads\\\/2026\\\/04\\\/Luis-Augusto-Huppes-1-1.webp\",\"caption\":\"Luis Augusto Huppes\"},\"sameAs\":[\"https:\\\/\\\/www.facebook.com\\\/luis.huppes\\\/\",\"https:\\\/\\\/www.instagram.com\\\/luis.huppes\\\/\",\"https:\\\/\\\/www.linkedin.com\\\/in\\\/luis-augusto-huppes-2554b52b7\\\/\"],\"url\":\"https:\\\/\\\/folhapopular.info\\\/index.php\\\/author\\\/luis-augusto-huppes\\\/\"}]}<\/script>\n<!-- \/ Yoast SEO plugin. -->","yoast_head_json":{"title":"Atletas de Fazenda Vilanova faturam nove p\u00f3dios no Estadual de Karat\u00ea - Folha Popular","robots":{"index":"index","follow":"follow","max-snippet":"max-snippet:-1","max-image-preview":"max-image-preview:large","max-video-preview":"max-video-preview:-1"},"canonical":"https:\/\/folhapopular.info\/index.php\/2025\/11\/19\/atletas-de-fazenda-vilanova-faturam-nove-podios-no-estadual-de-karate\/","og_locale":"pt_BR","og_type":"article","og_title":"Atletas de Fazenda Vilanova faturam nove p\u00f3dios no Estadual de Karat\u00ea - Folha Popular","og_description":"O munic\u00edpio de Fazenda Vilanova recebeu o 8\u00ba Estadual de Karat\u00ea da Federa\u00e7\u00e3o Ga\u00facha de Karat\u00ea Shotokan (FGKS) no s\u00e1bado (15\/11), e a atua\u00e7\u00e3o dos atletas locais confirmou o avan\u00e7o das artes marciais na regi\u00e3o. O evento reuniu competidores de diversas cidades e evidenciou o crescimento t\u00e9cnico das equipes do Vale do Taquari, especialmente dos [&hellip;]","og_url":"https:\/\/folhapopular.info\/index.php\/2025\/11\/19\/atletas-de-fazenda-vilanova-faturam-nove-podios-no-estadual-de-karate\/","og_site_name":"Folha Popular","article_author":"https:\/\/www.facebook.com\/luis.huppes\/","article_published_time":"2025-11-19T18:42:52+00:00","article_modified_time":"2025-11-19T18:42:58+00:00","og_image":[{"width":1600,"height":1204,"url":"http:\/\/folhapopular.info\/wp-content\/uploads\/2025\/11\/WhatsApp-Image-2025-11-15-at-11.16.43.jpeg","type":"image\/jpeg"}],"author":"Luis Augusto Huppes","twitter_card":"summary_large_image","twitter_misc":{"Escrito por":"Luis Augusto Huppes","Est. tempo de leitura":"3 minutos"},"schema":{"@context":"https:\/\/schema.org","@graph":[{"@type":"Article","@id":"https:\/\/folhapopular.info\/index.php\/2025\/11\/19\/atletas-de-fazenda-vilanova-faturam-nove-podios-no-estadual-de-karate\/#article","isPartOf":{"@id":"https:\/\/folhapopular.info\/index.php\/2025\/11\/19\/atletas-de-fazenda-vilanova-faturam-nove-podios-no-estadual-de-karate\/"},"author":{"name":"Luis Augusto Huppes","@id":"https:\/\/folhapopular.info\/#\/schema\/person\/e852c327371714676d02e58cf917fd9f"},"headline":"Atletas de Fazenda Vilanova faturam nove p\u00f3dios no Estadual de Karat\u00ea","datePublished":"2025-11-19T18:42:52+00:00","dateModified":"2025-11-19T18:42:58+00:00","mainEntityOfPage":{"@id":"https:\/\/folhapopular.info\/index.php\/2025\/11\/19\/atletas-de-fazenda-vilanova-faturam-nove-podios-no-estadual-de-karate\/"},"wordCount":484,"commentCount":0,"image":{"@id":"https:\/\/folhapopular.info\/index.php\/2025\/11\/19\/atletas-de-fazenda-vilanova-faturam-nove-podios-no-estadual-de-karate\/#primaryimage"},"thumbnailUrl":"https:\/\/folhapopular.info\/wp-content\/uploads\/2025\/11\/WhatsApp-Image-2025-11-15-at-11.16.43.jpeg","keywords":["8\u00ba Estadual de Karat\u00ea da Federa\u00e7\u00e3o Ga\u00facha de Karat\u00ea Shotokan","Artes Marciais","Estadual de Karat\u00ea","Fazenda Vilanova","Karat\u00ea"],"articleSection":["Artes Marciais","Esportes"],"inLanguage":"pt-BR","potentialAction":[{"@type":"CommentAction","name":"Comment","target":["https:\/\/folhapopular.info\/index.php\/2025\/11\/19\/atletas-de-fazenda-vilanova-faturam-nove-podios-no-estadual-de-karate\/#respond"]}]},{"@type":"WebPage","@id":"https:\/\/folhapopular.info\/index.php\/2025\/11\/19\/atletas-de-fazenda-vilanova-faturam-nove-podios-no-estadual-de-karate\/","url":"https:\/\/folhapopular.info\/index.php\/2025\/11\/19\/atletas-de-fazenda-vilanova-faturam-nove-podios-no-estadual-de-karate\/","name":"Atletas de Fazenda Vilanova faturam nove p\u00f3dios no Estadual de Karat\u00ea - Folha Popular","isPartOf":{"@id":"https:\/\/folhapopular.info\/#website"},"primaryImageOfPage":{"@id":"https:\/\/folhapopular.info\/index.php\/2025\/11\/19\/atletas-de-fazenda-vilanova-faturam-nove-podios-no-estadual-de-karate\/#primaryimage"},"image":{"@id":"https:\/\/folhapopular.info\/index.php\/2025\/11\/19\/atletas-de-fazenda-vilanova-faturam-nove-podios-no-estadual-de-karate\/#primaryimage"},"thumbnailUrl":"https:\/\/folhapopular.info\/wp-content\/uploads\/2025\/11\/WhatsApp-Image-2025-11-15-at-11.16.43.jpeg","datePublished":"2025-11-19T18:42:52+00:00","dateModified":"2025-11-19T18:42:58+00:00","author":{"@id":"https:\/\/folhapopular.info\/#\/schema\/person\/e852c327371714676d02e58cf917fd9f"},"breadcrumb":{"@id":"https:\/\/folhapopular.info\/index.php\/2025\/11\/19\/atletas-de-fazenda-vilanova-faturam-nove-podios-no-estadual-de-karate\/#breadcrumb"},"inLanguage":"pt-BR","potentialAction":[{"@type":"ReadAction","target":["https:\/\/folhapopular.info\/index.php\/2025\/11\/19\/atletas-de-fazenda-vilanova-faturam-nove-podios-no-estadual-de-karate\/"]}]},{"@type":"ImageObject","inLanguage":"pt-BR","@id":"https:\/\/folhapopular.info\/index.php\/2025\/11\/19\/atletas-de-fazenda-vilanova-faturam-nove-podios-no-estadual-de-karate\/#primaryimage","url":"https:\/\/folhapopular.info\/wp-content\/uploads\/2025\/11\/WhatsApp-Image-2025-11-15-at-11.16.43.jpeg","contentUrl":"https:\/\/folhapopular.info\/wp-content\/uploads\/2025\/11\/WhatsApp-Image-2025-11-15-at-11.16.43.jpeg","width":1600,"height":1204,"caption":"Atletas da Academia Seiken se destacaram na competi\u00e7\u00e3o - Cr\u00e9dito: AI Fazenda Vilanova \/ Divulga\u00e7\u00e3o"},{"@type":"BreadcrumbList","@id":"https:\/\/folhapopular.info\/index.php\/2025\/11\/19\/atletas-de-fazenda-vilanova-faturam-nove-podios-no-estadual-de-karate\/#breadcrumb","itemListElement":[{"@type":"ListItem","position":1,"name":"In\u00edcio","item":"https:\/\/folhapopular.info\/"},{"@type":"ListItem","position":2,"name":"Atletas de Fazenda Vilanova faturam nove p\u00f3dios no Estadual de Karat\u00ea"}]},{"@type":"WebSite","@id":"https:\/\/folhapopular.info\/#website","url":"https:\/\/folhapopular.info\/","name":"Folha Popular","description":"Onde voc\u00ea tem vez e voz","potentialAction":[{"@type":"SearchAction","target":{"@type":"EntryPoint","urlTemplate":"https:\/\/folhapopular.info\/?s={search_term_string}"},"query-input":{"@type":"PropertyValueSpecification","valueRequired":true,"valueName":"search_term_string"}}],"inLanguage":"pt-BR"},{"@type":"Person","@id":"https:\/\/folhapopular.info\/#\/schema\/person\/e852c327371714676d02e58cf917fd9f","name":"Luis Augusto Huppes","image":{"@type":"ImageObject","inLanguage":"pt-BR","@id":"https:\/\/folhapopular.info\/wp-content\/uploads\/2026\/04\/Luis-Augusto-Huppes-1-1.webp","url":"https:\/\/folhapopular.info\/wp-content\/uploads\/2026\/04\/Luis-Augusto-Huppes-1-1.webp","contentUrl":"https:\/\/folhapopular.info\/wp-content\/uploads\/2026\/04\/Luis-Augusto-Huppes-1-1.webp","caption":"Luis Augusto Huppes"},"sameAs":["https:\/\/www.facebook.com\/luis.huppes\/","https:\/\/www.instagram.com\/luis.huppes\/","https:\/\/www.linkedin.com\/in\/luis-augusto-huppes-2554b52b7\/"],"url":"https:\/\/folhapopular.info\/index.php\/author\/luis-augusto-huppes\/"}]}},"jetpack_featured_media_url":"https:\/\/folhapopular.info\/wp-content\/uploads\/2025\/11\/WhatsApp-Image-2025-11-15-at-11.16.43.jpeg","jetpack_sharing_enabled":true,"amp_enabled":true,"_links":{"self":[{"href":"https:\/\/folhapopular.info\/index.php\/wp-json\/wp\/v2\/posts\/198652","targetHints":{"allow":["GET"]}}],"collection":[{"href":"https:\/\/folhapopular.info\/index.php\/wp-json\/wp\/v2\/posts"}],"about":[{"href":"https:\/\/folhapopular.info\/index.php\/wp-json\/wp\/v2\/types\/post"}],"author":[{"embeddable":true,"href":"https:\/\/folhapopular.info\/index.php\/wp-json\/wp\/v2\/users\/732"}],"replies":[{"embeddable":true,"href":"https:\/\/folhapopular.info\/index.php\/wp-json\/wp\/v2\/comments?post=198652"}],"version-history":[{"count":0,"href":"https:\/\/folhapopular.info\/index.php\/wp-json\/wp\/v2\/posts\/198652\/revisions"}],"wp:featuredmedia":[{"embeddable":true,"href":"https:\/\/folhapopular.info\/index.php\/wp-json\/wp\/v2\/media\/198657"}],"wp:attachment":[{"href":"https:\/\/folhapopular.info\/index.php\/wp-json\/wp\/v2\/media?parent=198652"}],"wp:term":[{"taxonomy":"category","embeddable":true,"href":"https:\/\/folhapopular.info\/index.php\/wp-json\/wp\/v2\/categories?post=198652"},{"taxonomy":"post_tag","embeddable":true,"href":"https:\/\/folhapopular.info\/index.php\/wp-json\/wp\/v2\/tags?post=198652"}],"curies":[{"name":"wp","href":"https:\/\/api.w.org\/{rel}","templated":true}]}}