{"id":198662,"date":"2025-11-19T19:47:51","date_gmt":"2025-11-19T22:47:51","guid":{"rendered":"https:\/\/folhapopular.info\/?p=198662"},"modified":"2025-11-19T19:47:55","modified_gmt":"2025-11-19T22:47:55","slug":"uniao-de-esforcos-garante-revitalizacao-da-praca-do-bairro-teutonia","status":"publish","type":"post","link":"https:\/\/folhapopular.info\/index.php\/2025\/11\/19\/uniao-de-esforcos-garante-revitalizacao-da-praca-do-bairro-teutonia\/","title":{"rendered":"Uni\u00e3o de esfor\u00e7os garante revitaliza\u00e7\u00e3o da Pra\u00e7a do Bairro Teut\u00f4nia"},"content":{"rendered":"\n<p>A noite de quarta-feira (19\/11) foi marcada pela reinaugura\u00e7\u00e3o da Pra\u00e7a do Bairro Teut\u00f4nia. As atividades iniciaram \u00e1s 18h30, em frente a nova pra\u00e7a, com intensa movimenta\u00e7\u00e3o de visitantes. As autoridades envolvidas no projeto, Cooperativa Certel, Cooperativa Sicredi Ouro Branco RS\/MG, Col\u00e9gio Teut\u00f4nia e Prefeitura de Teut\u00f4nia, realizaram o descerramento da fita de inaugura\u00e7\u00e3o.<\/p>\n\n\n\n<p>Fam\u00edlias e representantes da comunidade ocuparam o espa\u00e7o revitalizado e os pequenos j\u00e1 aproveitaram os novos brinquedos e a pra\u00e7a tornou-se ponto de encontro da comunidade j\u00e1 na noite de entrega.<\/p>\n\n\n\n<p>&#8220;Quero que cada pessoa se sinta parte dessa conquista. \u00c9 momento de agradecer&#8221;, destaca a diretora do Col\u00e9gio Teut\u00f4nia, Fabiana Dentee Wommer. &#8220;N\u00e3o transformamos espa\u00e7os, mas vidas&#8221;, diz.<\/p>\n\n\n\n<p>A diretora tamb\u00e9m agradeceu aos arquitetos, que produziram o projeto de forma volunt\u00e1ria.<\/p>\n\n\n\n<figure class=\"wp-block-image size-large\"><img loading=\"lazy\" decoding=\"async\" width=\"1024\" height=\"768\" src=\"https:\/\/folhapopular.info\/wp-content\/uploads\/2025\/11\/WhatsApp-Image-2025-11-19-at-19.28.16-1024x768.jpeg\" alt=\"\" class=\"wp-image-198665\" srcset=\"https:\/\/folhapopular.info\/wp-content\/uploads\/2025\/11\/WhatsApp-Image-2025-11-19-at-19.28.16-1024x768.jpeg 1024w, https:\/\/folhapopular.info\/wp-content\/uploads\/2025\/11\/WhatsApp-Image-2025-11-19-at-19.28.16-300x225.jpeg 300w, https:\/\/folhapopular.info\/wp-content\/uploads\/2025\/11\/WhatsApp-Image-2025-11-19-at-19.28.16-768x576.jpeg 768w, https:\/\/folhapopular.info\/wp-content\/uploads\/2025\/11\/WhatsApp-Image-2025-11-19-at-19.28.16-1536x1152.jpeg 1536w, https:\/\/folhapopular.info\/wp-content\/uploads\/2025\/11\/WhatsApp-Image-2025-11-19-at-19.28.16-560x420.jpeg 560w, https:\/\/folhapopular.info\/wp-content\/uploads\/2025\/11\/WhatsApp-Image-2025-11-19-at-19.28.16-80x60.jpeg 80w, https:\/\/folhapopular.info\/wp-content\/uploads\/2025\/11\/WhatsApp-Image-2025-11-19-at-19.28.16-696x522.jpeg 696w, https:\/\/folhapopular.info\/wp-content\/uploads\/2025\/11\/WhatsApp-Image-2025-11-19-at-19.28.16-1068x801.jpeg 1068w, https:\/\/folhapopular.info\/wp-content\/uploads\/2025\/11\/WhatsApp-Image-2025-11-19-at-19.28.16.jpeg 1600w\" sizes=\"auto, (max-width: 1024px) 100vw, 1024px\" \/><figcaption class=\"wp-element-caption\">Cr\u00e9dito: Lucas Leandro Brune<\/figcaption><\/figure>\n\n\n\n<p>O Presidente da Certel, Erineo Jos\u00e9 Hennemann, destaca o poder do cooperativismo. &#8220;Essa obra representa um diferencial no munic\u00edpio. Muitos que est\u00e3o aqui, passaram por aqui na inf\u00e2ncia. A Certel, dentro do seu prop\u00f3sito de impulsionar vidas e comunidades, inaugura esse projeto&#8221;, afirma.<\/p>\n\n\n\n<p>&#8220;H\u00e1 um lema no cooperativismo: sozinho n\u00e3o tenho condi\u00e7\u00f5es de fazer o que quero, mas em conjunto podemos fazer coisas maravilhosas. \u00c9 a intercoopera\u00e7\u00e3o&#8221;, ressalta o presidente da Sicredi Ouro Branco, Neori Ernani Abel.<\/p>\n\n\n\n<p>O prefeito de Teut\u00f4nia, Renato Altmann, destaca sua gratid\u00e3o: &#8220;As nossas palavras s\u00e3o de agradecimento. \u00c9 a uni\u00e3o de v\u00e1rias pessoas e entidades para um objetivo comum&#8221;.<\/p>\n\n\n\n<figure class=\"wp-block-image size-large\"><img loading=\"lazy\" decoding=\"async\" width=\"1024\" height=\"768\" src=\"https:\/\/folhapopular.info\/wp-content\/uploads\/2025\/11\/WhatsApp-Image-2025-11-19-at-19.28.29-1024x768.jpeg\" alt=\"\" class=\"wp-image-198666\" srcset=\"https:\/\/folhapopular.info\/wp-content\/uploads\/2025\/11\/WhatsApp-Image-2025-11-19-at-19.28.29-1024x768.jpeg 1024w, https:\/\/folhapopular.info\/wp-content\/uploads\/2025\/11\/WhatsApp-Image-2025-11-19-at-19.28.29-300x225.jpeg 300w, https:\/\/folhapopular.info\/wp-content\/uploads\/2025\/11\/WhatsApp-Image-2025-11-19-at-19.28.29-768x576.jpeg 768w, https:\/\/folhapopular.info\/wp-content\/uploads\/2025\/11\/WhatsApp-Image-2025-11-19-at-19.28.29-560x420.jpeg 560w, https:\/\/folhapopular.info\/wp-content\/uploads\/2025\/11\/WhatsApp-Image-2025-11-19-at-19.28.29-80x60.jpeg 80w, https:\/\/folhapopular.info\/wp-content\/uploads\/2025\/11\/WhatsApp-Image-2025-11-19-at-19.28.29-696x522.jpeg 696w, https:\/\/folhapopular.info\/wp-content\/uploads\/2025\/11\/WhatsApp-Image-2025-11-19-at-19.28.29-1068x801.jpeg 1068w, https:\/\/folhapopular.info\/wp-content\/uploads\/2025\/11\/WhatsApp-Image-2025-11-19-at-19.28.29.jpeg 1280w\" sizes=\"auto, (max-width: 1024px) 100vw, 1024px\" \/><figcaption class=\"wp-element-caption\">Cr\u00e9dito: Lucas Leandro Brune<\/figcaption><\/figure>\n","protected":false},"excerpt":{"rendered":"<p>A noite de quarta-feira (19\/11) foi marcada pela reinaugura\u00e7\u00e3o da Pra\u00e7a do Bairro Teut\u00f4nia. As atividades iniciaram \u00e1s 18h30, em frente a nova pra\u00e7a, com intensa movimenta\u00e7\u00e3o de visitantes. As autoridades envolvidas no projeto, Cooperativa Certel, Cooperativa Sicredi Ouro Branco RS\/MG, Col\u00e9gio Teut\u00f4nia e Prefeitura de Teut\u00f4nia, realizaram o descerramento da fita de inaugura\u00e7\u00e3o. Fam\u00edlias [&hellip;]<\/p>\n","protected":false},"author":673,"featured_media":198667,"comment_status":"open","ping_status":"open","sticky":false,"template":"","format":"standard","meta":{"pmpro_default_level":"","_jetpack_memberships_contains_paid_content":false,"footnotes":""},"categories":[2,10999,6],"tags":[291,131,19723,12001,26],"class_list":{"0":"post-198662","1":"post","2":"type-post","3":"status-publish","4":"format-standard","5":"has-post-thumbnail","7":"category-featured","8":"category-entretenimento","9":"category-inclusive","10":"tag-certel","11":"tag-colegio-teutonia","12":"tag-praca-do-bairro-teutonia","13":"tag-sicredi-ouro-branco-rs-mg-2","14":"tag-teutonia","15":"pmpro-has-access"},"yoast_head":"<!-- This site is optimized with the Yoast SEO plugin v27.4 - https:\/\/yoast.com\/product\/yoast-seo-wordpress\/ -->\n<title>Uni\u00e3o de esfor\u00e7os garante revitaliza\u00e7\u00e3o da Pra\u00e7a do Bairro Teut\u00f4nia - Folha Popular<\/title>\n<meta name=\"robots\" content=\"index, follow, max-snippet:-1, max-image-preview:large, max-video-preview:-1\" \/>\n<link rel=\"canonical\" href=\"https:\/\/folhapopular.info\/index.php\/2025\/11\/19\/uniao-de-esforcos-garante-revitalizacao-da-praca-do-bairro-teutonia\/\" \/>\n<meta property=\"og:locale\" content=\"pt_BR\" \/>\n<meta property=\"og:type\" content=\"article\" \/>\n<meta property=\"og:title\" content=\"Uni\u00e3o de esfor\u00e7os garante revitaliza\u00e7\u00e3o da Pra\u00e7a do Bairro Teut\u00f4nia - Folha Popular\" \/>\n<meta property=\"og:description\" content=\"A noite de quarta-feira (19\/11) foi marcada pela reinaugura\u00e7\u00e3o da Pra\u00e7a do Bairro Teut\u00f4nia. As atividades iniciaram \u00e1s 18h30, em frente a nova pra\u00e7a, com intensa movimenta\u00e7\u00e3o de visitantes. As autoridades envolvidas no projeto, Cooperativa Certel, Cooperativa Sicredi Ouro Branco RS\/MG, Col\u00e9gio Teut\u00f4nia e Prefeitura de Teut\u00f4nia, realizaram o descerramento da fita de inaugura\u00e7\u00e3o. Fam\u00edlias [&hellip;]\" \/>\n<meta property=\"og:url\" content=\"https:\/\/folhapopular.info\/index.php\/2025\/11\/19\/uniao-de-esforcos-garante-revitalizacao-da-praca-do-bairro-teutonia\/\" \/>\n<meta property=\"og:site_name\" content=\"Folha Popular\" \/>\n<meta property=\"article:published_time\" content=\"2025-11-19T22:47:51+00:00\" \/>\n<meta property=\"article:modified_time\" content=\"2025-11-19T22:47:55+00:00\" \/>\n<meta property=\"og:image\" content=\"http:\/\/folhapopular.info\/wp-content\/uploads\/2025\/11\/WhatsApp-Image-2025-11-19-at-19.10.25-scaled.jpeg\" \/>\n\t<meta property=\"og:image:width\" content=\"2560\" \/>\n\t<meta property=\"og:image:height\" content=\"1920\" \/>\n\t<meta property=\"og:image:type\" content=\"image\/jpeg\" \/>\n<meta name=\"author\" content=\"Let\u00edcia Echer\" \/>\n<meta name=\"twitter:card\" content=\"summary_large_image\" \/>\n<meta name=\"twitter:label1\" content=\"Escrito por\" \/>\n\t<meta name=\"twitter:data1\" content=\"Let\u00edcia Echer\" \/>\n\t<meta name=\"twitter:label2\" content=\"Est. tempo de leitura\" \/>\n\t<meta name=\"twitter:data2\" content=\"2 minutos\" \/>\n<script type=\"application\/ld+json\" class=\"yoast-schema-graph\">{\"@context\":\"https:\\\/\\\/schema.org\",\"@graph\":[{\"@type\":\"Article\",\"@id\":\"https:\\\/\\\/folhapopular.info\\\/index.php\\\/2025\\\/11\\\/19\\\/uniao-de-esforcos-garante-revitalizacao-da-praca-do-bairro-teutonia\\\/#article\",\"isPartOf\":{\"@id\":\"https:\\\/\\\/folhapopular.info\\\/index.php\\\/2025\\\/11\\\/19\\\/uniao-de-esforcos-garante-revitalizacao-da-praca-do-bairro-teutonia\\\/\"},\"author\":{\"name\":\"Let\u00edcia Echer\",\"@id\":\"https:\\\/\\\/folhapopular.info\\\/#\\\/schema\\\/person\\\/52b95b9c1c41ec0e826e7518183d0cc0\"},\"headline\":\"Uni\u00e3o de esfor\u00e7os garante revitaliza\u00e7\u00e3o da Pra\u00e7a do Bairro Teut\u00f4nia\",\"datePublished\":\"2025-11-19T22:47:51+00:00\",\"dateModified\":\"2025-11-19T22:47:55+00:00\",\"mainEntityOfPage\":{\"@id\":\"https:\\\/\\\/folhapopular.info\\\/index.php\\\/2025\\\/11\\\/19\\\/uniao-de-esforcos-garante-revitalizacao-da-praca-do-bairro-teutonia\\\/\"},\"wordCount\":282,\"commentCount\":0,\"image\":{\"@id\":\"https:\\\/\\\/folhapopular.info\\\/index.php\\\/2025\\\/11\\\/19\\\/uniao-de-esforcos-garante-revitalizacao-da-praca-do-bairro-teutonia\\\/#primaryimage\"},\"thumbnailUrl\":\"https:\\\/\\\/folhapopular.info\\\/wp-content\\\/uploads\\\/2025\\\/11\\\/WhatsApp-Image-2025-11-19-at-19.10.25-scaled.jpeg\",\"keywords\":[\"Certel\",\"Col\u00e9gio Teut\u00f4nia\",\"Pra\u00e7a do Bairro Teut\u00f4nia\",\"Sicredi Ouro Branco RS\\\/MG\",\"Teut\u00f4nia\"],\"articleSection\":[\"Destaques\",\"Entretenimento\",\"Inclusive\"],\"inLanguage\":\"pt-BR\",\"potentialAction\":[{\"@type\":\"CommentAction\",\"name\":\"Comment\",\"target\":[\"https:\\\/\\\/folhapopular.info\\\/index.php\\\/2025\\\/11\\\/19\\\/uniao-de-esforcos-garante-revitalizacao-da-praca-do-bairro-teutonia\\\/#respond\"]}]},{\"@type\":\"WebPage\",\"@id\":\"https:\\\/\\\/folhapopular.info\\\/index.php\\\/2025\\\/11\\\/19\\\/uniao-de-esforcos-garante-revitalizacao-da-praca-do-bairro-teutonia\\\/\",\"url\":\"https:\\\/\\\/folhapopular.info\\\/index.php\\\/2025\\\/11\\\/19\\\/uniao-de-esforcos-garante-revitalizacao-da-praca-do-bairro-teutonia\\\/\",\"name\":\"Uni\u00e3o de esfor\u00e7os garante revitaliza\u00e7\u00e3o da Pra\u00e7a do Bairro Teut\u00f4nia - Folha Popular\",\"isPartOf\":{\"@id\":\"https:\\\/\\\/folhapopular.info\\\/#website\"},\"primaryImageOfPage\":{\"@id\":\"https:\\\/\\\/folhapopular.info\\\/index.php\\\/2025\\\/11\\\/19\\\/uniao-de-esforcos-garante-revitalizacao-da-praca-do-bairro-teutonia\\\/#primaryimage\"},\"image\":{\"@id\":\"https:\\\/\\\/folhapopular.info\\\/index.php\\\/2025\\\/11\\\/19\\\/uniao-de-esforcos-garante-revitalizacao-da-praca-do-bairro-teutonia\\\/#primaryimage\"},\"thumbnailUrl\":\"https:\\\/\\\/folhapopular.info\\\/wp-content\\\/uploads\\\/2025\\\/11\\\/WhatsApp-Image-2025-11-19-at-19.10.25-scaled.jpeg\",\"datePublished\":\"2025-11-19T22:47:51+00:00\",\"dateModified\":\"2025-11-19T22:47:55+00:00\",\"author\":{\"@id\":\"https:\\\/\\\/folhapopular.info\\\/#\\\/schema\\\/person\\\/52b95b9c1c41ec0e826e7518183d0cc0\"},\"breadcrumb\":{\"@id\":\"https:\\\/\\\/folhapopular.info\\\/index.php\\\/2025\\\/11\\\/19\\\/uniao-de-esforcos-garante-revitalizacao-da-praca-do-bairro-teutonia\\\/#breadcrumb\"},\"inLanguage\":\"pt-BR\",\"potentialAction\":[{\"@type\":\"ReadAction\",\"target\":[\"https:\\\/\\\/folhapopular.info\\\/index.php\\\/2025\\\/11\\\/19\\\/uniao-de-esforcos-garante-revitalizacao-da-praca-do-bairro-teutonia\\\/\"]}]},{\"@type\":\"ImageObject\",\"inLanguage\":\"pt-BR\",\"@id\":\"https:\\\/\\\/folhapopular.info\\\/index.php\\\/2025\\\/11\\\/19\\\/uniao-de-esforcos-garante-revitalizacao-da-praca-do-bairro-teutonia\\\/#primaryimage\",\"url\":\"https:\\\/\\\/folhapopular.info\\\/wp-content\\\/uploads\\\/2025\\\/11\\\/WhatsApp-Image-2025-11-19-at-19.10.25-scaled.jpeg\",\"contentUrl\":\"https:\\\/\\\/folhapopular.info\\\/wp-content\\\/uploads\\\/2025\\\/11\\\/WhatsApp-Image-2025-11-19-at-19.10.25-scaled.jpeg\",\"width\":2560,\"height\":1920,\"caption\":\"Cr\u00e9dito: Lucas Leandro Brune\"},{\"@type\":\"BreadcrumbList\",\"@id\":\"https:\\\/\\\/folhapopular.info\\\/index.php\\\/2025\\\/11\\\/19\\\/uniao-de-esforcos-garante-revitalizacao-da-praca-do-bairro-teutonia\\\/#breadcrumb\",\"itemListElement\":[{\"@type\":\"ListItem\",\"position\":1,\"name\":\"In\u00edcio\",\"item\":\"https:\\\/\\\/folhapopular.info\\\/\"},{\"@type\":\"ListItem\",\"position\":2,\"name\":\"Uni\u00e3o de esfor\u00e7os garante revitaliza\u00e7\u00e3o da Pra\u00e7a do Bairro Teut\u00f4nia\"}]},{\"@type\":\"WebSite\",\"@id\":\"https:\\\/\\\/folhapopular.info\\\/#website\",\"url\":\"https:\\\/\\\/folhapopular.info\\\/\",\"name\":\"Folha Popular\",\"description\":\"Onde voc\u00ea tem vez e voz\",\"potentialAction\":[{\"@type\":\"SearchAction\",\"target\":{\"@type\":\"EntryPoint\",\"urlTemplate\":\"https:\\\/\\\/folhapopular.info\\\/?s={search_term_string}\"},\"query-input\":{\"@type\":\"PropertyValueSpecification\",\"valueRequired\":true,\"valueName\":\"search_term_string\"}}],\"inLanguage\":\"pt-BR\"},{\"@type\":\"Person\",\"@id\":\"https:\\\/\\\/folhapopular.info\\\/#\\\/schema\\\/person\\\/52b95b9c1c41ec0e826e7518183d0cc0\",\"name\":\"Let\u00edcia Echer\",\"image\":{\"@type\":\"ImageObject\",\"inLanguage\":\"pt-BR\",\"@id\":\"https:\\\/\\\/secure.gravatar.com\\\/avatar\\\/303201b45d8f4e048c95808925ff8953fa7ebc0e52cb5b3af1fc9e3d52c95645?s=96&d=mm&r=g\",\"url\":\"https:\\\/\\\/secure.gravatar.com\\\/avatar\\\/303201b45d8f4e048c95808925ff8953fa7ebc0e52cb5b3af1fc9e3d52c95645?s=96&d=mm&r=g\",\"contentUrl\":\"https:\\\/\\\/secure.gravatar.com\\\/avatar\\\/303201b45d8f4e048c95808925ff8953fa7ebc0e52cb5b3af1fc9e3d52c95645?s=96&d=mm&r=g\",\"caption\":\"Let\u00edcia Echer\"},\"url\":\"https:\\\/\\\/folhapopular.info\\\/index.php\\\/author\\\/leticiaecher04gmail-com\\\/\"}]}<\/script>\n<!-- \/ Yoast SEO plugin. -->","yoast_head_json":{"title":"Uni\u00e3o de esfor\u00e7os garante revitaliza\u00e7\u00e3o da Pra\u00e7a do Bairro Teut\u00f4nia - Folha Popular","robots":{"index":"index","follow":"follow","max-snippet":"max-snippet:-1","max-image-preview":"max-image-preview:large","max-video-preview":"max-video-preview:-1"},"canonical":"https:\/\/folhapopular.info\/index.php\/2025\/11\/19\/uniao-de-esforcos-garante-revitalizacao-da-praca-do-bairro-teutonia\/","og_locale":"pt_BR","og_type":"article","og_title":"Uni\u00e3o de esfor\u00e7os garante revitaliza\u00e7\u00e3o da Pra\u00e7a do Bairro Teut\u00f4nia - Folha Popular","og_description":"A noite de quarta-feira (19\/11) foi marcada pela reinaugura\u00e7\u00e3o da Pra\u00e7a do Bairro Teut\u00f4nia. As atividades iniciaram \u00e1s 18h30, em frente a nova pra\u00e7a, com intensa movimenta\u00e7\u00e3o de visitantes. As autoridades envolvidas no projeto, Cooperativa Certel, Cooperativa Sicredi Ouro Branco RS\/MG, Col\u00e9gio Teut\u00f4nia e Prefeitura de Teut\u00f4nia, realizaram o descerramento da fita de inaugura\u00e7\u00e3o. Fam\u00edlias [&hellip;]","og_url":"https:\/\/folhapopular.info\/index.php\/2025\/11\/19\/uniao-de-esforcos-garante-revitalizacao-da-praca-do-bairro-teutonia\/","og_site_name":"Folha Popular","article_published_time":"2025-11-19T22:47:51+00:00","article_modified_time":"2025-11-19T22:47:55+00:00","og_image":[{"width":2560,"height":1920,"url":"http:\/\/folhapopular.info\/wp-content\/uploads\/2025\/11\/WhatsApp-Image-2025-11-19-at-19.10.25-scaled.jpeg","type":"image\/jpeg"}],"author":"Let\u00edcia Echer","twitter_card":"summary_large_image","twitter_misc":{"Escrito por":"Let\u00edcia Echer","Est. tempo de leitura":"2 minutos"},"schema":{"@context":"https:\/\/schema.org","@graph":[{"@type":"Article","@id":"https:\/\/folhapopular.info\/index.php\/2025\/11\/19\/uniao-de-esforcos-garante-revitalizacao-da-praca-do-bairro-teutonia\/#article","isPartOf":{"@id":"https:\/\/folhapopular.info\/index.php\/2025\/11\/19\/uniao-de-esforcos-garante-revitalizacao-da-praca-do-bairro-teutonia\/"},"author":{"name":"Let\u00edcia Echer","@id":"https:\/\/folhapopular.info\/#\/schema\/person\/52b95b9c1c41ec0e826e7518183d0cc0"},"headline":"Uni\u00e3o de esfor\u00e7os garante revitaliza\u00e7\u00e3o da Pra\u00e7a do Bairro Teut\u00f4nia","datePublished":"2025-11-19T22:47:51+00:00","dateModified":"2025-11-19T22:47:55+00:00","mainEntityOfPage":{"@id":"https:\/\/folhapopular.info\/index.php\/2025\/11\/19\/uniao-de-esforcos-garante-revitalizacao-da-praca-do-bairro-teutonia\/"},"wordCount":282,"commentCount":0,"image":{"@id":"https:\/\/folhapopular.info\/index.php\/2025\/11\/19\/uniao-de-esforcos-garante-revitalizacao-da-praca-do-bairro-teutonia\/#primaryimage"},"thumbnailUrl":"https:\/\/folhapopular.info\/wp-content\/uploads\/2025\/11\/WhatsApp-Image-2025-11-19-at-19.10.25-scaled.jpeg","keywords":["Certel","Col\u00e9gio Teut\u00f4nia","Pra\u00e7a do Bairro Teut\u00f4nia","Sicredi Ouro Branco RS\/MG","Teut\u00f4nia"],"articleSection":["Destaques","Entretenimento","Inclusive"],"inLanguage":"pt-BR","potentialAction":[{"@type":"CommentAction","name":"Comment","target":["https:\/\/folhapopular.info\/index.php\/2025\/11\/19\/uniao-de-esforcos-garante-revitalizacao-da-praca-do-bairro-teutonia\/#respond"]}]},{"@type":"WebPage","@id":"https:\/\/folhapopular.info\/index.php\/2025\/11\/19\/uniao-de-esforcos-garante-revitalizacao-da-praca-do-bairro-teutonia\/","url":"https:\/\/folhapopular.info\/index.php\/2025\/11\/19\/uniao-de-esforcos-garante-revitalizacao-da-praca-do-bairro-teutonia\/","name":"Uni\u00e3o de esfor\u00e7os garante revitaliza\u00e7\u00e3o da Pra\u00e7a do Bairro Teut\u00f4nia - Folha Popular","isPartOf":{"@id":"https:\/\/folhapopular.info\/#website"},"primaryImageOfPage":{"@id":"https:\/\/folhapopular.info\/index.php\/2025\/11\/19\/uniao-de-esforcos-garante-revitalizacao-da-praca-do-bairro-teutonia\/#primaryimage"},"image":{"@id":"https:\/\/folhapopular.info\/index.php\/2025\/11\/19\/uniao-de-esforcos-garante-revitalizacao-da-praca-do-bairro-teutonia\/#primaryimage"},"thumbnailUrl":"https:\/\/folhapopular.info\/wp-content\/uploads\/2025\/11\/WhatsApp-Image-2025-11-19-at-19.10.25-scaled.jpeg","datePublished":"2025-11-19T22:47:51+00:00","dateModified":"2025-11-19T22:47:55+00:00","author":{"@id":"https:\/\/folhapopular.info\/#\/schema\/person\/52b95b9c1c41ec0e826e7518183d0cc0"},"breadcrumb":{"@id":"https:\/\/folhapopular.info\/index.php\/2025\/11\/19\/uniao-de-esforcos-garante-revitalizacao-da-praca-do-bairro-teutonia\/#breadcrumb"},"inLanguage":"pt-BR","potentialAction":[{"@type":"ReadAction","target":["https:\/\/folhapopular.info\/index.php\/2025\/11\/19\/uniao-de-esforcos-garante-revitalizacao-da-praca-do-bairro-teutonia\/"]}]},{"@type":"ImageObject","inLanguage":"pt-BR","@id":"https:\/\/folhapopular.info\/index.php\/2025\/11\/19\/uniao-de-esforcos-garante-revitalizacao-da-praca-do-bairro-teutonia\/#primaryimage","url":"https:\/\/folhapopular.info\/wp-content\/uploads\/2025\/11\/WhatsApp-Image-2025-11-19-at-19.10.25-scaled.jpeg","contentUrl":"https:\/\/folhapopular.info\/wp-content\/uploads\/2025\/11\/WhatsApp-Image-2025-11-19-at-19.10.25-scaled.jpeg","width":2560,"height":1920,"caption":"Cr\u00e9dito: Lucas Leandro Brune"},{"@type":"BreadcrumbList","@id":"https:\/\/folhapopular.info\/index.php\/2025\/11\/19\/uniao-de-esforcos-garante-revitalizacao-da-praca-do-bairro-teutonia\/#breadcrumb","itemListElement":[{"@type":"ListItem","position":1,"name":"In\u00edcio","item":"https:\/\/folhapopular.info\/"},{"@type":"ListItem","position":2,"name":"Uni\u00e3o de esfor\u00e7os garante revitaliza\u00e7\u00e3o da Pra\u00e7a do Bairro Teut\u00f4nia"}]},{"@type":"WebSite","@id":"https:\/\/folhapopular.info\/#website","url":"https:\/\/folhapopular.info\/","name":"Folha Popular","description":"Onde voc\u00ea tem vez e voz","potentialAction":[{"@type":"SearchAction","target":{"@type":"EntryPoint","urlTemplate":"https:\/\/folhapopular.info\/?s={search_term_string}"},"query-input":{"@type":"PropertyValueSpecification","valueRequired":true,"valueName":"search_term_string"}}],"inLanguage":"pt-BR"},{"@type":"Person","@id":"https:\/\/folhapopular.info\/#\/schema\/person\/52b95b9c1c41ec0e826e7518183d0cc0","name":"Let\u00edcia Echer","image":{"@type":"ImageObject","inLanguage":"pt-BR","@id":"https:\/\/secure.gravatar.com\/avatar\/303201b45d8f4e048c95808925ff8953fa7ebc0e52cb5b3af1fc9e3d52c95645?s=96&d=mm&r=g","url":"https:\/\/secure.gravatar.com\/avatar\/303201b45d8f4e048c95808925ff8953fa7ebc0e52cb5b3af1fc9e3d52c95645?s=96&d=mm&r=g","contentUrl":"https:\/\/secure.gravatar.com\/avatar\/303201b45d8f4e048c95808925ff8953fa7ebc0e52cb5b3af1fc9e3d52c95645?s=96&d=mm&r=g","caption":"Let\u00edcia Echer"},"url":"https:\/\/folhapopular.info\/index.php\/author\/leticiaecher04gmail-com\/"}]}},"jetpack_featured_media_url":"https:\/\/folhapopular.info\/wp-content\/uploads\/2025\/11\/WhatsApp-Image-2025-11-19-at-19.10.25-scaled.jpeg","jetpack_sharing_enabled":true,"amp_enabled":true,"_links":{"self":[{"href":"https:\/\/folhapopular.info\/index.php\/wp-json\/wp\/v2\/posts\/198662","targetHints":{"allow":["GET"]}}],"collection":[{"href":"https:\/\/folhapopular.info\/index.php\/wp-json\/wp\/v2\/posts"}],"about":[{"href":"https:\/\/folhapopular.info\/index.php\/wp-json\/wp\/v2\/types\/post"}],"author":[{"embeddable":true,"href":"https:\/\/folhapopular.info\/index.php\/wp-json\/wp\/v2\/users\/673"}],"replies":[{"embeddable":true,"href":"https:\/\/folhapopular.info\/index.php\/wp-json\/wp\/v2\/comments?post=198662"}],"version-history":[{"count":0,"href":"https:\/\/folhapopular.info\/index.php\/wp-json\/wp\/v2\/posts\/198662\/revisions"}],"wp:featuredmedia":[{"embeddable":true,"href":"https:\/\/folhapopular.info\/index.php\/wp-json\/wp\/v2\/media\/198667"}],"wp:attachment":[{"href":"https:\/\/folhapopular.info\/index.php\/wp-json\/wp\/v2\/media?parent=198662"}],"wp:term":[{"taxonomy":"category","embeddable":true,"href":"https:\/\/folhapopular.info\/index.php\/wp-json\/wp\/v2\/categories?post=198662"},{"taxonomy":"post_tag","embeddable":true,"href":"https:\/\/folhapopular.info\/index.php\/wp-json\/wp\/v2\/tags?post=198662"}],"curies":[{"name":"wp","href":"https:\/\/api.w.org\/{rel}","templated":true}]}}