{"id":198682,"date":"2025-11-21T10:42:27","date_gmt":"2025-11-21T13:42:27","guid":{"rendered":"https:\/\/folhapopular.info\/?p=198682"},"modified":"2025-11-21T10:42:31","modified_gmt":"2025-11-21T13:42:31","slug":"carlos-prates-vence-ex-campeao-no-ufc-322-e-quer-luta-pelo-cinturao","status":"publish","type":"post","link":"https:\/\/folhapopular.info\/index.php\/2025\/11\/21\/carlos-prates-vence-ex-campeao-no-ufc-322-e-quer-luta-pelo-cinturao\/","title":{"rendered":"Carlos Prates vence ex-campe\u00e3o no UFC 322 e quer luta pelo cintur\u00e3o"},"content":{"rendered":"\n<p class=\"has-black-color has-text-color has-link-color wp-elements-468cbcb5d82bcb0c49ee2b970d162c3a\">O <a href=\"https:\/\/youtu.be\/_k7QwswZayM\">UFC 322<\/a> levou mais de 20 mil pessoas ao <em>Madison Square Garden<\/em>, em Nova York, para uma edi\u00e7\u00e3o marcada por boas lutas, frustra\u00e7\u00f5es e boas atua\u00e7\u00f5es de lutadores brasileiros.<\/p>\n\n\n\n<p>A noite do s\u00e1bado (15\/11) teve duas disputas de cintur\u00e3o &#8211; vencidas por Islam Makhachev e Valentina Shevchenko -, al\u00e9m de uma s\u00e9rie de confrontos decisivos para o futuro de v\u00e1rias categorias.<\/p>\n\n\n\n<p>No meio desse cen\u00e1rio, quatro brasileiros entraram em a\u00e7\u00e3o e tiveram participa\u00e7\u00f5es de destaque. Tr\u00eas sa\u00edram vitoriosos, principalmente Carlos Prates, autor de um dos nocautes mais comentados do evento ao superar Leon Edwards no <em>card<\/em> principal.<\/p>\n\n\n\n<p>Gregory Rodrigues e Matheus Camilo tamb\u00e9m brilharam, enquanto Rodolfo Vieira enfrentou dificuldades diante do <em>wrestler <\/em>Bo Nickal.<\/p>\n\n\n\n<h2 class=\"wp-block-heading\"><strong>Prates busca o <\/strong><em><strong>title-shot<\/strong><\/em><\/h2>\n\n\n\n<p>Carlos Prates foi o grande nome do Brasil na noite. PRates encarou o ex-campe\u00e3o dos meio-m\u00e9dios, Leon Edwards, com a miss\u00e3o de buscar o nocaute ap\u00f3s afirmar que Dana White havia garantido uma disputa de cintur\u00e3o, em caso de uma vit\u00f3ria desse tipo.<\/p>\n\n\n\n<p>Desde o in\u00edcio, o brasileiro mostrou mais agressividade na troca\u00e7\u00e3o. Edwards respondeu os golpes na cad\u00eancia e controle do combate no <em>clinch.<\/em> Ele<em> <\/em>chegou a assumir as costas de Prates no primeiro <em>round<\/em>, mas Carlos se defendeu bem.<\/p>\n\n\n\n<p>A decis\u00e3o veio no segundo assalto. Na press\u00e3o e precis\u00e3o nos golpes, Prates conectou um direto de esquerda que apagou Edwards aos 1min28seg. Com a vit\u00f3ria, ele comemorou muito e refor\u00e7ou o pedido para lutar pelo t\u00edtulo da categoria.<\/p>\n\n\n\n<figure class=\"wp-block-gallery has-nested-images columns-default is-cropped wp-block-gallery-1 is-layout-flex wp-block-gallery-is-layout-flex\">\n<figure class=\"wp-block-image size-large\"><img loading=\"lazy\" decoding=\"async\" width=\"984\" height=\"656\" data-id=\"198730\" src=\"https:\/\/folhapopular.info\/wp-content\/uploads\/2025\/11\/Prates-venceu-Leon-Edwards.png\" alt=\"\" class=\"wp-image-198730\" srcset=\"https:\/\/folhapopular.info\/wp-content\/uploads\/2025\/11\/Prates-venceu-Leon-Edwards.png 984w, https:\/\/folhapopular.info\/wp-content\/uploads\/2025\/11\/Prates-venceu-Leon-Edwards-300x200.png 300w, https:\/\/folhapopular.info\/wp-content\/uploads\/2025\/11\/Prates-venceu-Leon-Edwards-768x512.png 768w, https:\/\/folhapopular.info\/wp-content\/uploads\/2025\/11\/Prates-venceu-Leon-Edwards-630x420.png 630w, https:\/\/folhapopular.info\/wp-content\/uploads\/2025\/11\/Prates-venceu-Leon-Edwards-696x464.png 696w\" sizes=\"auto, (max-width: 984px) 100vw, 984px\" \/><figcaption class=\"wp-element-caption\">Prates venceu Leon Edwards<br>Cr\u00e9dito: Divulga\u00e7\u00e3o<\/figcaption><\/figure>\n<\/figure>\n\n\n\n<h2 class=\"wp-block-heading\"><strong>Vieira sofre nocaute<\/strong><\/h2>\n\n\n\n<p>No <em>card<\/em> preliminar, Rodolfo Vieira encarou o americano Bo Nickal em um duelo extremamente t\u00e9cnico entre o jiu-jitsu brasileiro e o <em>wrestling<\/em> ol\u00edmpico.<\/p>\n\n\n\n<p>Nickal imp\u00f4s ritmo desde os primeiros movimentos, defendeu bem as tentativas de queda e dominou a troca\u00e7\u00e3o. Vieira teve dificuldades para encurtar a dist\u00e2ncia e acabou castigado em p\u00e9.<\/p>\n\n\n\n<p>No terceiro assalto, Nickal acertou um chute alto no rosto do brasileiro, que caiu nocauteado aos 2min24seg. A derrota interrompe o bom momento de Vieira e s\u00f3 refor\u00e7a o impacto que Nickal tem causado no UFC.<\/p>\n\n\n\n<figure class=\"wp-block-gallery has-nested-images columns-default is-cropped wp-block-gallery-2 is-layout-flex wp-block-gallery-is-layout-flex\">\n<figure class=\"wp-block-image size-large\"><img loading=\"lazy\" decoding=\"async\" width=\"1000\" height=\"600\" data-id=\"198732\" src=\"https:\/\/folhapopular.info\/wp-content\/uploads\/2025\/11\/Vieira-recebeu-90-dias-de-gancho-para-recuperacao.jpg\" alt=\"\" class=\"wp-image-198732\" srcset=\"https:\/\/folhapopular.info\/wp-content\/uploads\/2025\/11\/Vieira-recebeu-90-dias-de-gancho-para-recuperacao.jpg 1000w, https:\/\/folhapopular.info\/wp-content\/uploads\/2025\/11\/Vieira-recebeu-90-dias-de-gancho-para-recuperacao-300x180.jpg 300w, https:\/\/folhapopular.info\/wp-content\/uploads\/2025\/11\/Vieira-recebeu-90-dias-de-gancho-para-recuperacao-768x461.jpg 768w, https:\/\/folhapopular.info\/wp-content\/uploads\/2025\/11\/Vieira-recebeu-90-dias-de-gancho-para-recuperacao-700x420.jpg 700w, https:\/\/folhapopular.info\/wp-content\/uploads\/2025\/11\/Vieira-recebeu-90-dias-de-gancho-para-recuperacao-696x418.jpg 696w\" sizes=\"auto, (max-width: 1000px) 100vw, 1000px\" \/><figcaption class=\"wp-element-caption\">Vieira (e) recebeu 90 dias de gancho para recupera\u00e7\u00e3o<br>Cr\u00e9dito: Divulga\u00e7\u00e3o<\/figcaption><\/figure>\n<\/figure>\n\n\n\n<h2 class=\"wp-block-heading\"><strong>Deu <em>Robocop<\/em><\/strong><\/h2>\n\n\n\n<p>Gregory \u201c<em>Robocop<\/em>\u201d Rodrigues entregou oque era esperado e foi maduro contra Roman Kopylov. Sem se precipitar, trabalhou com volume e precis\u00e3o em p\u00e9, para construir vantagem <em>round<\/em> a <em>round<\/em>.<\/p>\n\n\n\n<p>O embate foi considerado um dos mais quentes da noite, com muita troca\u00e7\u00e3o e os dois lutadores sem demonstrar medo. Para o bem do braisleiro, a estrat\u00e9gia funcionou, e os tr\u00eas ju\u00edzes apontaram vit\u00f3ria un\u00e2nime.<\/p>\n\n\n\n<figure class=\"wp-block-gallery has-nested-images columns-default is-cropped wp-block-gallery-3 is-layout-flex wp-block-gallery-is-layout-flex\">\n<figure class=\"wp-block-image size-large\"><img loading=\"lazy\" decoding=\"async\" width=\"1000\" height=\"600\" data-id=\"198728\" src=\"https:\/\/folhapopular.info\/wp-content\/uploads\/2025\/11\/Brasileiro-bateu-Kopylov-em-luta-quente.jpg\" alt=\"\" class=\"wp-image-198728\" srcset=\"https:\/\/folhapopular.info\/wp-content\/uploads\/2025\/11\/Brasileiro-bateu-Kopylov-em-luta-quente.jpg 1000w, https:\/\/folhapopular.info\/wp-content\/uploads\/2025\/11\/Brasileiro-bateu-Kopylov-em-luta-quente-300x180.jpg 300w, https:\/\/folhapopular.info\/wp-content\/uploads\/2025\/11\/Brasileiro-bateu-Kopylov-em-luta-quente-768x461.jpg 768w, https:\/\/folhapopular.info\/wp-content\/uploads\/2025\/11\/Brasileiro-bateu-Kopylov-em-luta-quente-700x420.jpg 700w, https:\/\/folhapopular.info\/wp-content\/uploads\/2025\/11\/Brasileiro-bateu-Kopylov-em-luta-quente-696x418.jpg 696w\" sizes=\"auto, (max-width: 1000px) 100vw, 1000px\" \/><figcaption class=\"wp-element-caption\">Brasileiro bateu Kopylov em luta quente<br>Cr\u00e9dito: Divulga\u00e7\u00e3o<\/figcaption><\/figure>\n<\/figure>\n\n\n\n<h2 class=\"wp-block-heading\"><strong>Matheus Camilo vence a primeira<\/strong><\/h2>\n\n\n\n<p>Antes de todos lutarem, o acreano Matheus Camilo foi o respons\u00e1vel por abrir a noite no <em>Madison Square Garden<\/em> e correspondeu muito bem \u00e0 oportunidade.<\/p>\n\n\n\n<p>Ap\u00f3s perder em sua estreia no UFC, Camilo se recuperou e garantiu a primeira vit\u00f3ria na organiza\u00e7\u00e3o diante de Viacheslav Borshchev. Durante a luta, Matheus mostrou mais consist\u00eancia durante a maior parte do combate. Controlou o ritmo, pontuou bem e conquistou a vit\u00f3ria por decis\u00e3o un\u00e2nime.<\/p>\n\n\n\n<figure class=\"wp-block-gallery has-nested-images columns-default is-cropped wp-block-gallery-4 is-layout-flex wp-block-gallery-is-layout-flex\">\n<figure class=\"wp-block-image size-large\"><img loading=\"lazy\" decoding=\"async\" width=\"1024\" height=\"576\" data-id=\"198727\" src=\"https:\/\/folhapopular.info\/wp-content\/uploads\/2025\/11\/Essa-foi-a-primeira-vitoria-de-Matheus-Camilo-no-UFC-1024x576.jpg\" alt=\"\" class=\"wp-image-198727\" srcset=\"https:\/\/folhapopular.info\/wp-content\/uploads\/2025\/11\/Essa-foi-a-primeira-vitoria-de-Matheus-Camilo-no-UFC-1024x576.jpg 1024w, https:\/\/folhapopular.info\/wp-content\/uploads\/2025\/11\/Essa-foi-a-primeira-vitoria-de-Matheus-Camilo-no-UFC-300x169.jpg 300w, https:\/\/folhapopular.info\/wp-content\/uploads\/2025\/11\/Essa-foi-a-primeira-vitoria-de-Matheus-Camilo-no-UFC-768x432.jpg 768w, https:\/\/folhapopular.info\/wp-content\/uploads\/2025\/11\/Essa-foi-a-primeira-vitoria-de-Matheus-Camilo-no-UFC-747x420.jpg 747w, https:\/\/folhapopular.info\/wp-content\/uploads\/2025\/11\/Essa-foi-a-primeira-vitoria-de-Matheus-Camilo-no-UFC-696x392.jpg 696w, https:\/\/folhapopular.info\/wp-content\/uploads\/2025\/11\/Essa-foi-a-primeira-vitoria-de-Matheus-Camilo-no-UFC-1068x601.jpg 1068w, https:\/\/folhapopular.info\/wp-content\/uploads\/2025\/11\/Essa-foi-a-primeira-vitoria-de-Matheus-Camilo-no-UFC.jpg 1296w\" sizes=\"auto, (max-width: 1024px) 100vw, 1024px\" \/><figcaption class=\"wp-element-caption\">Essa foi a primeira vit\u00f3ria de Matheus Camilo no UFC<br>Cr\u00e9dito: Divulga\u00e7\u00e3o<\/figcaption><\/figure>\n<\/figure>\n\n\n\n<h2 class=\"wp-block-heading\"><strong>Makhachev impar\u00e1vel<\/strong><\/h2>\n\n\n\n<p>Na luta principal, Islam Makhachev estreou nos meio-m\u00e9dios ap\u00f3s reinar nos leves e confirmou todo o favoritismo ao derrotar Jack Della Maddalena por decis\u00e3o un\u00e2nime e cart\u00f5es id\u00eanticos de 50\u201345.<\/p>\n\n\n\n<p>Ao longo dos cinco <em>rounds<\/em>, Makhachev imp\u00f4s seu estilo caracter\u00edstico: quedas bem cronometradas, controle posicional, transi\u00e7\u00f5es seguras no ch\u00e3o e press\u00e3o constante no <em>clinch<\/em>.<\/p>\n\n\n\n<p>Della Maddalena tentou trabalhar a m\u00e9dia dist\u00e2ncia e buscar brechas para os contragolpes, mas teve pouca liberdade para se manter de p\u00e9 por longos per\u00edodos.<\/p>\n\n\n\n<p>A vit\u00f3ria consolidou Makhachev como campe\u00e3o simult\u00e2neo de duas categorias e ampliou sua sequ\u00eancia invicta dentro do UFC, o que refor\u00e7a sua posi\u00e7\u00e3o entre os lutadores mais dominantes do momento.<\/p>\n\n\n\n<figure class=\"wp-block-gallery has-nested-images columns-default is-cropped wp-block-gallery-5 is-layout-flex wp-block-gallery-is-layout-flex\">\n<figure class=\"wp-block-image size-large\"><img loading=\"lazy\" decoding=\"async\" width=\"1024\" height=\"576\" data-id=\"198736\" src=\"https:\/\/folhapopular.info\/wp-content\/uploads\/2025\/11\/Makhachev-igualou-o-recorde-de-Anderson-Silva-com-mais-uma-vitoria-seguida.jpg\" alt=\"\" class=\"wp-image-198736\" srcset=\"https:\/\/folhapopular.info\/wp-content\/uploads\/2025\/11\/Makhachev-igualou-o-recorde-de-Anderson-Silva-com-mais-uma-vitoria-seguida.jpg 1024w, https:\/\/folhapopular.info\/wp-content\/uploads\/2025\/11\/Makhachev-igualou-o-recorde-de-Anderson-Silva-com-mais-uma-vitoria-seguida-300x169.jpg 300w, https:\/\/folhapopular.info\/wp-content\/uploads\/2025\/11\/Makhachev-igualou-o-recorde-de-Anderson-Silva-com-mais-uma-vitoria-seguida-768x432.jpg 768w, https:\/\/folhapopular.info\/wp-content\/uploads\/2025\/11\/Makhachev-igualou-o-recorde-de-Anderson-Silva-com-mais-uma-vitoria-seguida-747x420.jpg 747w, https:\/\/folhapopular.info\/wp-content\/uploads\/2025\/11\/Makhachev-igualou-o-recorde-de-Anderson-Silva-com-mais-uma-vitoria-seguida-696x392.jpg 696w\" sizes=\"auto, (max-width: 1024px) 100vw, 1024px\" \/><figcaption class=\"wp-element-caption\">Makhachev igualou o recorde de Anderson Silva com mais uma vit\u00f3ria seguida<br>Cr\u00e9dito: Divulga\u00e7\u00e3o<\/figcaption><\/figure>\n<\/figure>\n\n\n\n<h2 class=\"wp-block-heading\"><strong>Defendeu o cintur\u00e3o<\/strong><\/h2>\n\n\n\n<p>No coevento principal, Valentina Shevchenko mostrou novamente por que \u00e9 considerada uma das atletas mais t\u00e9cnicas da hist\u00f3ria do MMA feminino.<\/p>\n\n\n\n<p>Contra Zhang Weili, que buscava conquistar um cintur\u00e3o em segunda categoria, a campe\u00e3 peso-mosca controlou praticamente todos os aspectos da luta.<\/p>\n\n\n\n<p>Shevchenko administrou a dist\u00e2ncia com chutes no tronco e nas pernas, alternou entradas no <em>clinch<\/em> para travar o ritmo da desafiante e ainda encaixou quedas que renderam longos per\u00edodos de superioridade no solo.<\/p>\n\n\n\n<p>Zhang teve momentos ofensivos pontuais, principalmente no primeiro e no terceiro <em>round<\/em>, mas n\u00e3o conseguiu impor press\u00e3o cont\u00ednua nem encontrar ajustes para quebrar o plano de luta da campe\u00e3.<\/p>\n\n\n\n<p>No fim, os ju\u00edzes marcaram novamente 50\u201345 para Shevchenko, que manteve o cintur\u00e3o com autoridade e ampliou sua sequ\u00eancia de performances de alto n\u00edvel.<\/p>\n\n\n\n<figure class=\"wp-block-gallery has-nested-images columns-default is-cropped wp-block-gallery-6 is-layout-flex wp-block-gallery-is-layout-flex\">\n<figure class=\"wp-block-image size-large\"><img loading=\"lazy\" decoding=\"async\" width=\"1024\" height=\"576\" data-id=\"198737\" src=\"https:\/\/folhapopular.info\/wp-content\/uploads\/2025\/11\/Valentina-levou-mais-um-cinturao-para-casa-1024x576.jpg\" alt=\"\" class=\"wp-image-198737\" srcset=\"https:\/\/folhapopular.info\/wp-content\/uploads\/2025\/11\/Valentina-levou-mais-um-cinturao-para-casa-1024x576.jpg 1024w, https:\/\/folhapopular.info\/wp-content\/uploads\/2025\/11\/Valentina-levou-mais-um-cinturao-para-casa-300x169.jpg 300w, https:\/\/folhapopular.info\/wp-content\/uploads\/2025\/11\/Valentina-levou-mais-um-cinturao-para-casa-768x432.jpg 768w, https:\/\/folhapopular.info\/wp-content\/uploads\/2025\/11\/Valentina-levou-mais-um-cinturao-para-casa-747x420.jpg 747w, https:\/\/folhapopular.info\/wp-content\/uploads\/2025\/11\/Valentina-levou-mais-um-cinturao-para-casa-696x392.jpg 696w, https:\/\/folhapopular.info\/wp-content\/uploads\/2025\/11\/Valentina-levou-mais-um-cinturao-para-casa-1068x601.jpg 1068w, https:\/\/folhapopular.info\/wp-content\/uploads\/2025\/11\/Valentina-levou-mais-um-cinturao-para-casa.jpg 1296w\" sizes=\"auto, (max-width: 1024px) 100vw, 1024px\" \/><figcaption class=\"wp-element-caption\">Valentina levou mais um cintur\u00e3o para casa<br>Cr\u00e9dito: Divulga\u00e7\u00e3o<\/figcaption><\/figure>\n<\/figure>\n\n\n\n<h2 class=\"wp-block-heading\"><strong>Resultados<\/strong><\/h2>\n\n\n\n<figure class=\"wp-block-table is-style-stripes\"><table class=\"has-light-green-cyan-to-vivid-green-cyan-gradient-background has-background\"><tbody><tr><td><strong>CARD PRINCIPAL<\/strong><\/td><\/tr><tr><td><strong>Islam Makhachev<\/strong> venceu Jack Della Maddalena por decis\u00e3o un\u00e2nime (triplo 50-45)<\/td><\/tr><tr><td><strong>Valentina Shevchenko<\/strong> venceu Zhang Weili por decis\u00e3o un\u00e2nime (triplo 50-45)<\/td><\/tr><tr><td><strong>Michael Morales<\/strong> venceu Sean Brady por nocaute t\u00e9cnico aos 3min27seg do R1<\/td><\/tr><tr><td><strong>Carlos Prates<\/strong> venceu Leon Edwards por nocaute com 1min28seg do R2<\/td><\/tr><tr><td><strong>Benoit Saint Denis<\/strong> venceu Beneil Dariush por nocaute aos 16seg do R1<\/td><\/tr><tr><td><strong>CARD PRELIMINAR<\/strong><\/td><\/tr><tr><td><strong>Bo Nickal <\/strong>venceu Rodolfo Vieira por nocaute aos 2min24seg do R3<\/td><\/tr><tr><td><strong>Gregory Rodrigues<\/strong> venceu Roman Kopylov por decis\u00e3o un\u00e2nime (30-27, 30-27, 29-28)<\/td><\/tr><tr><td><strong>Erin Blanchfield<\/strong> venceu Tracy Cortez por finaliza\u00e7\u00e3o aos 4min44seg do R2<\/td><\/tr><tr><td><strong>Ethyn Ewing<\/strong> venceu Malcolm Wellmaker por decis\u00e3o un\u00e2nime (30-27, 29-28, 29-28)<\/td><\/tr><tr><td><strong>Kyle Daukaus<\/strong> venceu Gerald Meerschaert por finaliza\u00e7\u00e3o aos 50seg do R1<\/td><\/tr><tr><td><strong>Pat Sabatini<\/strong> venceu Chepe Mariscal por decis\u00e3o un\u00e2nime (triplo 30-27)<\/td><\/tr><tr><td><strong>Fatima Kline<\/strong> venceu Angela Hill por decis\u00e3o un\u00e2nime (30-27, 30-27, 29-28)<\/td><\/tr><tr><td><strong>Baisangur Susurkaev<\/strong> venceu Eric McConico por nocaute com 1min38seg do R3<\/td><\/tr><tr><td><strong>Matheus Camilo<\/strong> venceu Viacheslav Borshchev por decis\u00e3o un\u00e2nime (30-27, 30-27, 29-28)<\/td><\/tr><\/tbody><\/table><\/figure>\n\n\n\n<figure class=\"wp-block-embed is-type-wp-embed is-provider-folha-popular wp-block-embed-folha-popular\"><div class=\"wp-block-embed__wrapper\">\n<blockquote class=\"wp-embedded-content\" data-secret=\"rqpWlWhLX4\"><a href=\"https:\/\/folhapopular.info\/index.php\/2025\/11\/15\/quatro-brasileiros-encaram-o-ufc-322-neste-sabado\/\">Quatro brasileiros encaram o UFC 322 neste s\u00e1bado<\/a><\/blockquote><iframe loading=\"lazy\" class=\"wp-embedded-content\" sandbox=\"allow-scripts\" security=\"restricted\" style=\"position: absolute; visibility: hidden;\" title=\"&#8220;Quatro brasileiros encaram o UFC 322 neste s\u00e1bado&#8221; &#8212; Folha Popular\" src=\"https:\/\/folhapopular.info\/index.php\/2025\/11\/15\/quatro-brasileiros-encaram-o-ufc-322-neste-sabado\/embed\/#?secret=zA7cKuZoXd#?secret=rqpWlWhLX4\" data-secret=\"rqpWlWhLX4\" width=\"600\" height=\"338\" frameborder=\"0\" marginwidth=\"0\" marginheight=\"0\" scrolling=\"no\"><\/iframe>\n<\/div><\/figure>\n","protected":false},"excerpt":{"rendered":"<p>O UFC 322 levou mais de 20 mil pessoas ao Madison Square Garden, em Nova York, para uma edi\u00e7\u00e3o marcada por boas lutas, frustra\u00e7\u00f5es e boas atua\u00e7\u00f5es de lutadores brasileiros. A noite do s\u00e1bado (15\/11) teve duas disputas de cintur\u00e3o &#8211; vencidas por Islam Makhachev e Valentina Shevchenko -, al\u00e9m de uma s\u00e9rie de confrontos [&hellip;]<\/p>\n","protected":false},"author":732,"featured_media":198725,"comment_status":"open","ping_status":"open","sticky":false,"template":"","format":"standard","meta":{"pmpro_default_level":"","_jetpack_memberships_contains_paid_content":false,"footnotes":""},"categories":[18195,5],"tags":[9681,19946,19948,20008,19944],"class_list":{"0":"post-198682","1":"post","2":"type-post","3":"status-publish","4":"format-standard","5":"has-post-thumbnail","7":"category-artes-marciais","8":"category-esportes","9":"tag-artes-marciais","10":"tag-gregory-rodrigues","11":"tag-matheus-camilo","12":"tag-mma-profissional","13":"tag-ufc-322","14":"pmpro-has-access"},"yoast_head":"<!-- This site is optimized with the Yoast SEO plugin v27.4 - https:\/\/yoast.com\/product\/yoast-seo-wordpress\/ -->\n<title>Carlos Prates vence ex-campe\u00e3o no UFC 322 e quer luta pelo cintur\u00e3o - Folha Popular<\/title>\n<meta name=\"robots\" content=\"index, follow, max-snippet:-1, max-image-preview:large, max-video-preview:-1\" \/>\n<link rel=\"canonical\" href=\"https:\/\/folhapopular.info\/index.php\/2025\/11\/21\/carlos-prates-vence-ex-campeao-no-ufc-322-e-quer-luta-pelo-cinturao\/\" \/>\n<meta property=\"og:locale\" content=\"pt_BR\" \/>\n<meta property=\"og:type\" content=\"article\" \/>\n<meta property=\"og:title\" content=\"Carlos Prates vence ex-campe\u00e3o no UFC 322 e quer luta pelo cintur\u00e3o - Folha Popular\" \/>\n<meta property=\"og:description\" content=\"O UFC 322 levou mais de 20 mil pessoas ao Madison Square Garden, em Nova York, para uma edi\u00e7\u00e3o marcada por boas lutas, frustra\u00e7\u00f5es e boas atua\u00e7\u00f5es de lutadores brasileiros. A noite do s\u00e1bado (15\/11) teve duas disputas de cintur\u00e3o &#8211; vencidas por Islam Makhachev e Valentina Shevchenko -, al\u00e9m de uma s\u00e9rie de confrontos [&hellip;]\" \/>\n<meta property=\"og:url\" content=\"https:\/\/folhapopular.info\/index.php\/2025\/11\/21\/carlos-prates-vence-ex-campeao-no-ufc-322-e-quer-luta-pelo-cinturao\/\" \/>\n<meta property=\"og:site_name\" content=\"Folha Popular\" \/>\n<meta property=\"article:author\" content=\"https:\/\/www.facebook.com\/luis.huppes\/\" \/>\n<meta property=\"article:published_time\" content=\"2025-11-21T13:42:27+00:00\" \/>\n<meta property=\"article:modified_time\" content=\"2025-11-21T13:42:31+00:00\" \/>\n<meta property=\"og:image\" content=\"http:\/\/folhapopular.info\/wp-content\/uploads\/2025\/11\/carlos-prates-ufc-scaled-aspect-ratio-512-320.webp\" \/>\n\t<meta property=\"og:image:width\" content=\"2560\" \/>\n\t<meta property=\"og:image:height\" content=\"1600\" \/>\n\t<meta property=\"og:image:type\" content=\"image\/webp\" \/>\n<meta name=\"author\" content=\"Luis Augusto Huppes\" \/>\n<meta name=\"twitter:card\" content=\"summary_large_image\" \/>\n<meta name=\"twitter:label1\" content=\"Escrito por\" \/>\n\t<meta name=\"twitter:data1\" content=\"Luis Augusto Huppes\" \/>\n\t<meta name=\"twitter:label2\" content=\"Est. tempo de leitura\" \/>\n\t<meta name=\"twitter:data2\" content=\"7 minutos\" \/>\n<script type=\"application\/ld+json\" class=\"yoast-schema-graph\">{\"@context\":\"https:\\\/\\\/schema.org\",\"@graph\":[{\"@type\":\"Article\",\"@id\":\"https:\\\/\\\/folhapopular.info\\\/index.php\\\/2025\\\/11\\\/21\\\/carlos-prates-vence-ex-campeao-no-ufc-322-e-quer-luta-pelo-cinturao\\\/#article\",\"isPartOf\":{\"@id\":\"https:\\\/\\\/folhapopular.info\\\/index.php\\\/2025\\\/11\\\/21\\\/carlos-prates-vence-ex-campeao-no-ufc-322-e-quer-luta-pelo-cinturao\\\/\"},\"author\":{\"name\":\"Luis Augusto Huppes\",\"@id\":\"https:\\\/\\\/folhapopular.info\\\/#\\\/schema\\\/person\\\/e852c327371714676d02e58cf917fd9f\"},\"headline\":\"Carlos Prates vence ex-campe\u00e3o no UFC 322 e quer luta pelo cintur\u00e3o\",\"datePublished\":\"2025-11-21T13:42:27+00:00\",\"dateModified\":\"2025-11-21T13:42:31+00:00\",\"mainEntityOfPage\":{\"@id\":\"https:\\\/\\\/folhapopular.info\\\/index.php\\\/2025\\\/11\\\/21\\\/carlos-prates-vence-ex-campeao-no-ufc-322-e-quer-luta-pelo-cinturao\\\/\"},\"wordCount\":1063,\"commentCount\":0,\"image\":{\"@id\":\"https:\\\/\\\/folhapopular.info\\\/index.php\\\/2025\\\/11\\\/21\\\/carlos-prates-vence-ex-campeao-no-ufc-322-e-quer-luta-pelo-cinturao\\\/#primaryimage\"},\"thumbnailUrl\":\"https:\\\/\\\/folhapopular.info\\\/wp-content\\\/uploads\\\/2025\\\/11\\\/carlos-prates-ufc-scaled-aspect-ratio-512-320.webp\",\"keywords\":[\"Artes Marciais\",\"Gregory Rodrigues\",\"Matheus Camilo\",\"MMA Profissional\",\"UFC 322\"],\"articleSection\":[\"Artes Marciais\",\"Esportes\"],\"inLanguage\":\"pt-BR\",\"potentialAction\":[{\"@type\":\"CommentAction\",\"name\":\"Comment\",\"target\":[\"https:\\\/\\\/folhapopular.info\\\/index.php\\\/2025\\\/11\\\/21\\\/carlos-prates-vence-ex-campeao-no-ufc-322-e-quer-luta-pelo-cinturao\\\/#respond\"]}]},{\"@type\":\"WebPage\",\"@id\":\"https:\\\/\\\/folhapopular.info\\\/index.php\\\/2025\\\/11\\\/21\\\/carlos-prates-vence-ex-campeao-no-ufc-322-e-quer-luta-pelo-cinturao\\\/\",\"url\":\"https:\\\/\\\/folhapopular.info\\\/index.php\\\/2025\\\/11\\\/21\\\/carlos-prates-vence-ex-campeao-no-ufc-322-e-quer-luta-pelo-cinturao\\\/\",\"name\":\"Carlos Prates vence ex-campe\u00e3o no UFC 322 e quer luta pelo cintur\u00e3o - Folha Popular\",\"isPartOf\":{\"@id\":\"https:\\\/\\\/folhapopular.info\\\/#website\"},\"primaryImageOfPage\":{\"@id\":\"https:\\\/\\\/folhapopular.info\\\/index.php\\\/2025\\\/11\\\/21\\\/carlos-prates-vence-ex-campeao-no-ufc-322-e-quer-luta-pelo-cinturao\\\/#primaryimage\"},\"image\":{\"@id\":\"https:\\\/\\\/folhapopular.info\\\/index.php\\\/2025\\\/11\\\/21\\\/carlos-prates-vence-ex-campeao-no-ufc-322-e-quer-luta-pelo-cinturao\\\/#primaryimage\"},\"thumbnailUrl\":\"https:\\\/\\\/folhapopular.info\\\/wp-content\\\/uploads\\\/2025\\\/11\\\/carlos-prates-ufc-scaled-aspect-ratio-512-320.webp\",\"datePublished\":\"2025-11-21T13:42:27+00:00\",\"dateModified\":\"2025-11-21T13:42:31+00:00\",\"author\":{\"@id\":\"https:\\\/\\\/folhapopular.info\\\/#\\\/schema\\\/person\\\/e852c327371714676d02e58cf917fd9f\"},\"breadcrumb\":{\"@id\":\"https:\\\/\\\/folhapopular.info\\\/index.php\\\/2025\\\/11\\\/21\\\/carlos-prates-vence-ex-campeao-no-ufc-322-e-quer-luta-pelo-cinturao\\\/#breadcrumb\"},\"inLanguage\":\"pt-BR\",\"potentialAction\":[{\"@type\":\"ReadAction\",\"target\":[\"https:\\\/\\\/folhapopular.info\\\/index.php\\\/2025\\\/11\\\/21\\\/carlos-prates-vence-ex-campeao-no-ufc-322-e-quer-luta-pelo-cinturao\\\/\"]}]},{\"@type\":\"ImageObject\",\"inLanguage\":\"pt-BR\",\"@id\":\"https:\\\/\\\/folhapopular.info\\\/index.php\\\/2025\\\/11\\\/21\\\/carlos-prates-vence-ex-campeao-no-ufc-322-e-quer-luta-pelo-cinturao\\\/#primaryimage\",\"url\":\"https:\\\/\\\/folhapopular.info\\\/wp-content\\\/uploads\\\/2025\\\/11\\\/carlos-prates-ufc-scaled-aspect-ratio-512-320.webp\",\"contentUrl\":\"https:\\\/\\\/folhapopular.info\\\/wp-content\\\/uploads\\\/2025\\\/11\\\/carlos-prates-ufc-scaled-aspect-ratio-512-320.webp\",\"width\":2560,\"height\":1600,\"caption\":\"Com a vit\u00f3ria, brasileiro quer a disputa de cintur\u00e3o dos meio-m\u00e9dios - Cr\u00e9dito: Divulga\u00e7\u00e3o\"},{\"@type\":\"BreadcrumbList\",\"@id\":\"https:\\\/\\\/folhapopular.info\\\/index.php\\\/2025\\\/11\\\/21\\\/carlos-prates-vence-ex-campeao-no-ufc-322-e-quer-luta-pelo-cinturao\\\/#breadcrumb\",\"itemListElement\":[{\"@type\":\"ListItem\",\"position\":1,\"name\":\"In\u00edcio\",\"item\":\"https:\\\/\\\/folhapopular.info\\\/\"},{\"@type\":\"ListItem\",\"position\":2,\"name\":\"Carlos Prates vence ex-campe\u00e3o no UFC 322 e quer luta pelo cintur\u00e3o\"}]},{\"@type\":\"WebSite\",\"@id\":\"https:\\\/\\\/folhapopular.info\\\/#website\",\"url\":\"https:\\\/\\\/folhapopular.info\\\/\",\"name\":\"Folha Popular\",\"description\":\"Onde voc\u00ea tem vez e voz\",\"potentialAction\":[{\"@type\":\"SearchAction\",\"target\":{\"@type\":\"EntryPoint\",\"urlTemplate\":\"https:\\\/\\\/folhapopular.info\\\/?s={search_term_string}\"},\"query-input\":{\"@type\":\"PropertyValueSpecification\",\"valueRequired\":true,\"valueName\":\"search_term_string\"}}],\"inLanguage\":\"pt-BR\"},{\"@type\":\"Person\",\"@id\":\"https:\\\/\\\/folhapopular.info\\\/#\\\/schema\\\/person\\\/e852c327371714676d02e58cf917fd9f\",\"name\":\"Luis Augusto Huppes\",\"image\":{\"@type\":\"ImageObject\",\"inLanguage\":\"pt-BR\",\"@id\":\"https:\\\/\\\/folhapopular.info\\\/wp-content\\\/uploads\\\/2026\\\/04\\\/Luis-Augusto-Huppes-1-1.webp\",\"url\":\"https:\\\/\\\/folhapopular.info\\\/wp-content\\\/uploads\\\/2026\\\/04\\\/Luis-Augusto-Huppes-1-1.webp\",\"contentUrl\":\"https:\\\/\\\/folhapopular.info\\\/wp-content\\\/uploads\\\/2026\\\/04\\\/Luis-Augusto-Huppes-1-1.webp\",\"caption\":\"Luis Augusto Huppes\"},\"sameAs\":[\"https:\\\/\\\/www.facebook.com\\\/luis.huppes\\\/\",\"https:\\\/\\\/www.instagram.com\\\/luis.huppes\\\/\",\"https:\\\/\\\/www.linkedin.com\\\/in\\\/luis-augusto-huppes-2554b52b7\\\/\"],\"url\":\"https:\\\/\\\/folhapopular.info\\\/index.php\\\/author\\\/luis-augusto-huppes\\\/\"}]}<\/script>\n<!-- \/ Yoast SEO plugin. -->","yoast_head_json":{"title":"Carlos Prates vence ex-campe\u00e3o no UFC 322 e quer luta pelo cintur\u00e3o - Folha Popular","robots":{"index":"index","follow":"follow","max-snippet":"max-snippet:-1","max-image-preview":"max-image-preview:large","max-video-preview":"max-video-preview:-1"},"canonical":"https:\/\/folhapopular.info\/index.php\/2025\/11\/21\/carlos-prates-vence-ex-campeao-no-ufc-322-e-quer-luta-pelo-cinturao\/","og_locale":"pt_BR","og_type":"article","og_title":"Carlos Prates vence ex-campe\u00e3o no UFC 322 e quer luta pelo cintur\u00e3o - Folha Popular","og_description":"O UFC 322 levou mais de 20 mil pessoas ao Madison Square Garden, em Nova York, para uma edi\u00e7\u00e3o marcada por boas lutas, frustra\u00e7\u00f5es e boas atua\u00e7\u00f5es de lutadores brasileiros. A noite do s\u00e1bado (15\/11) teve duas disputas de cintur\u00e3o &#8211; vencidas por Islam Makhachev e Valentina Shevchenko -, al\u00e9m de uma s\u00e9rie de confrontos [&hellip;]","og_url":"https:\/\/folhapopular.info\/index.php\/2025\/11\/21\/carlos-prates-vence-ex-campeao-no-ufc-322-e-quer-luta-pelo-cinturao\/","og_site_name":"Folha Popular","article_author":"https:\/\/www.facebook.com\/luis.huppes\/","article_published_time":"2025-11-21T13:42:27+00:00","article_modified_time":"2025-11-21T13:42:31+00:00","og_image":[{"width":2560,"height":1600,"url":"http:\/\/folhapopular.info\/wp-content\/uploads\/2025\/11\/carlos-prates-ufc-scaled-aspect-ratio-512-320.webp","type":"image\/webp"}],"author":"Luis Augusto Huppes","twitter_card":"summary_large_image","twitter_misc":{"Escrito por":"Luis Augusto Huppes","Est. tempo de leitura":"7 minutos"},"schema":{"@context":"https:\/\/schema.org","@graph":[{"@type":"Article","@id":"https:\/\/folhapopular.info\/index.php\/2025\/11\/21\/carlos-prates-vence-ex-campeao-no-ufc-322-e-quer-luta-pelo-cinturao\/#article","isPartOf":{"@id":"https:\/\/folhapopular.info\/index.php\/2025\/11\/21\/carlos-prates-vence-ex-campeao-no-ufc-322-e-quer-luta-pelo-cinturao\/"},"author":{"name":"Luis Augusto Huppes","@id":"https:\/\/folhapopular.info\/#\/schema\/person\/e852c327371714676d02e58cf917fd9f"},"headline":"Carlos Prates vence ex-campe\u00e3o no UFC 322 e quer luta pelo cintur\u00e3o","datePublished":"2025-11-21T13:42:27+00:00","dateModified":"2025-11-21T13:42:31+00:00","mainEntityOfPage":{"@id":"https:\/\/folhapopular.info\/index.php\/2025\/11\/21\/carlos-prates-vence-ex-campeao-no-ufc-322-e-quer-luta-pelo-cinturao\/"},"wordCount":1063,"commentCount":0,"image":{"@id":"https:\/\/folhapopular.info\/index.php\/2025\/11\/21\/carlos-prates-vence-ex-campeao-no-ufc-322-e-quer-luta-pelo-cinturao\/#primaryimage"},"thumbnailUrl":"https:\/\/folhapopular.info\/wp-content\/uploads\/2025\/11\/carlos-prates-ufc-scaled-aspect-ratio-512-320.webp","keywords":["Artes Marciais","Gregory Rodrigues","Matheus Camilo","MMA Profissional","UFC 322"],"articleSection":["Artes Marciais","Esportes"],"inLanguage":"pt-BR","potentialAction":[{"@type":"CommentAction","name":"Comment","target":["https:\/\/folhapopular.info\/index.php\/2025\/11\/21\/carlos-prates-vence-ex-campeao-no-ufc-322-e-quer-luta-pelo-cinturao\/#respond"]}]},{"@type":"WebPage","@id":"https:\/\/folhapopular.info\/index.php\/2025\/11\/21\/carlos-prates-vence-ex-campeao-no-ufc-322-e-quer-luta-pelo-cinturao\/","url":"https:\/\/folhapopular.info\/index.php\/2025\/11\/21\/carlos-prates-vence-ex-campeao-no-ufc-322-e-quer-luta-pelo-cinturao\/","name":"Carlos Prates vence ex-campe\u00e3o no UFC 322 e quer luta pelo cintur\u00e3o - Folha Popular","isPartOf":{"@id":"https:\/\/folhapopular.info\/#website"},"primaryImageOfPage":{"@id":"https:\/\/folhapopular.info\/index.php\/2025\/11\/21\/carlos-prates-vence-ex-campeao-no-ufc-322-e-quer-luta-pelo-cinturao\/#primaryimage"},"image":{"@id":"https:\/\/folhapopular.info\/index.php\/2025\/11\/21\/carlos-prates-vence-ex-campeao-no-ufc-322-e-quer-luta-pelo-cinturao\/#primaryimage"},"thumbnailUrl":"https:\/\/folhapopular.info\/wp-content\/uploads\/2025\/11\/carlos-prates-ufc-scaled-aspect-ratio-512-320.webp","datePublished":"2025-11-21T13:42:27+00:00","dateModified":"2025-11-21T13:42:31+00:00","author":{"@id":"https:\/\/folhapopular.info\/#\/schema\/person\/e852c327371714676d02e58cf917fd9f"},"breadcrumb":{"@id":"https:\/\/folhapopular.info\/index.php\/2025\/11\/21\/carlos-prates-vence-ex-campeao-no-ufc-322-e-quer-luta-pelo-cinturao\/#breadcrumb"},"inLanguage":"pt-BR","potentialAction":[{"@type":"ReadAction","target":["https:\/\/folhapopular.info\/index.php\/2025\/11\/21\/carlos-prates-vence-ex-campeao-no-ufc-322-e-quer-luta-pelo-cinturao\/"]}]},{"@type":"ImageObject","inLanguage":"pt-BR","@id":"https:\/\/folhapopular.info\/index.php\/2025\/11\/21\/carlos-prates-vence-ex-campeao-no-ufc-322-e-quer-luta-pelo-cinturao\/#primaryimage","url":"https:\/\/folhapopular.info\/wp-content\/uploads\/2025\/11\/carlos-prates-ufc-scaled-aspect-ratio-512-320.webp","contentUrl":"https:\/\/folhapopular.info\/wp-content\/uploads\/2025\/11\/carlos-prates-ufc-scaled-aspect-ratio-512-320.webp","width":2560,"height":1600,"caption":"Com a vit\u00f3ria, brasileiro quer a disputa de cintur\u00e3o dos meio-m\u00e9dios - Cr\u00e9dito: Divulga\u00e7\u00e3o"},{"@type":"BreadcrumbList","@id":"https:\/\/folhapopular.info\/index.php\/2025\/11\/21\/carlos-prates-vence-ex-campeao-no-ufc-322-e-quer-luta-pelo-cinturao\/#breadcrumb","itemListElement":[{"@type":"ListItem","position":1,"name":"In\u00edcio","item":"https:\/\/folhapopular.info\/"},{"@type":"ListItem","position":2,"name":"Carlos Prates vence ex-campe\u00e3o no UFC 322 e quer luta pelo cintur\u00e3o"}]},{"@type":"WebSite","@id":"https:\/\/folhapopular.info\/#website","url":"https:\/\/folhapopular.info\/","name":"Folha Popular","description":"Onde voc\u00ea tem vez e voz","potentialAction":[{"@type":"SearchAction","target":{"@type":"EntryPoint","urlTemplate":"https:\/\/folhapopular.info\/?s={search_term_string}"},"query-input":{"@type":"PropertyValueSpecification","valueRequired":true,"valueName":"search_term_string"}}],"inLanguage":"pt-BR"},{"@type":"Person","@id":"https:\/\/folhapopular.info\/#\/schema\/person\/e852c327371714676d02e58cf917fd9f","name":"Luis Augusto Huppes","image":{"@type":"ImageObject","inLanguage":"pt-BR","@id":"https:\/\/folhapopular.info\/wp-content\/uploads\/2026\/04\/Luis-Augusto-Huppes-1-1.webp","url":"https:\/\/folhapopular.info\/wp-content\/uploads\/2026\/04\/Luis-Augusto-Huppes-1-1.webp","contentUrl":"https:\/\/folhapopular.info\/wp-content\/uploads\/2026\/04\/Luis-Augusto-Huppes-1-1.webp","caption":"Luis Augusto Huppes"},"sameAs":["https:\/\/www.facebook.com\/luis.huppes\/","https:\/\/www.instagram.com\/luis.huppes\/","https:\/\/www.linkedin.com\/in\/luis-augusto-huppes-2554b52b7\/"],"url":"https:\/\/folhapopular.info\/index.php\/author\/luis-augusto-huppes\/"}]}},"jetpack_featured_media_url":"https:\/\/folhapopular.info\/wp-content\/uploads\/2025\/11\/carlos-prates-ufc-scaled-aspect-ratio-512-320.webp","jetpack_sharing_enabled":true,"amp_enabled":true,"_links":{"self":[{"href":"https:\/\/folhapopular.info\/index.php\/wp-json\/wp\/v2\/posts\/198682","targetHints":{"allow":["GET"]}}],"collection":[{"href":"https:\/\/folhapopular.info\/index.php\/wp-json\/wp\/v2\/posts"}],"about":[{"href":"https:\/\/folhapopular.info\/index.php\/wp-json\/wp\/v2\/types\/post"}],"author":[{"embeddable":true,"href":"https:\/\/folhapopular.info\/index.php\/wp-json\/wp\/v2\/users\/732"}],"replies":[{"embeddable":true,"href":"https:\/\/folhapopular.info\/index.php\/wp-json\/wp\/v2\/comments?post=198682"}],"version-history":[{"count":0,"href":"https:\/\/folhapopular.info\/index.php\/wp-json\/wp\/v2\/posts\/198682\/revisions"}],"wp:featuredmedia":[{"embeddable":true,"href":"https:\/\/folhapopular.info\/index.php\/wp-json\/wp\/v2\/media\/198725"}],"wp:attachment":[{"href":"https:\/\/folhapopular.info\/index.php\/wp-json\/wp\/v2\/media?parent=198682"}],"wp:term":[{"taxonomy":"category","embeddable":true,"href":"https:\/\/folhapopular.info\/index.php\/wp-json\/wp\/v2\/categories?post=198682"},{"taxonomy":"post_tag","embeddable":true,"href":"https:\/\/folhapopular.info\/index.php\/wp-json\/wp\/v2\/tags?post=198682"}],"curies":[{"name":"wp","href":"https:\/\/api.w.org\/{rel}","templated":true}]}}