{"id":198742,"date":"2025-11-21T12:00:00","date_gmt":"2025-11-21T15:00:00","guid":{"rendered":"https:\/\/folhapopular.info\/?p=198742"},"modified":"2025-11-21T11:12:00","modified_gmt":"2025-11-21T14:12:00","slug":"acil-inicia-pre-lancamento-da-escola-das-aguas-com-palestra-da-marinha","status":"publish","type":"post","link":"https:\/\/folhapopular.info\/index.php\/2025\/11\/21\/acil-inicia-pre-lancamento-da-escola-das-aguas-com-palestra-da-marinha\/","title":{"rendered":"Acil inicia pr\u00e9-lan\u00e7amento da Escola das \u00c1guas com palestra da Marinha"},"content":{"rendered":"\n<p>A Associa\u00e7\u00e3o Comercial e Industrial de Lajeado (Acil), por meio da Unidade Parceiros Volunt\u00e1rios (UPV) Lajeado, dar\u00e1 in\u00edcio \u00e0s a\u00e7\u00f5es de pr\u00e9-lan\u00e7amento da Escola das \u00c1guas VT na manh\u00e3 de segunda-feira (24\/11). A programa\u00e7\u00e3o ser\u00e1 realizada a partir das 9h no Recanto Viva o Taquari \u2013 Antas Vivo, no Parque Ney Santos Arruda com cerca de 30 estudantes do Col\u00e9gio Estadual Presidente Castelo Branco.<\/p>\n\n\n\n<p>Os alunos, acompanhados por educadores sociais da Escola das \u00c1guas, participar\u00e3o da palestra \u201cAtua\u00e7\u00e3o da Capitania de Porto Alegre para a Seguran\u00e7a da Navega\u00e7\u00e3o\u201d, ministrada pelo Capit\u00e3o de Mar e Guerra Fl\u00e1vio Firmino dos Santos. Embora n\u00e3o represente o lan\u00e7amento oficial, a atividade faz parte de uma s\u00e9rie de a\u00e7\u00f5es preparat\u00f3rias para o in\u00edcio das atividades da Escola.<\/p>\n\n\n\n<p>A Escola das \u00c1guas VT ser\u00e1 um espa\u00e7o dedicado \u00e0 educa\u00e7\u00e3o ambiental, conscientiza\u00e7\u00e3o e atividades voltadas \u00e0 preserva\u00e7\u00e3o dos recursos h\u00eddricos. As a\u00e7\u00f5es ser\u00e3o conduzidas por volunt\u00e1rios que atuar\u00e3o como educadores sociais com estudantes de escolas p\u00fablicas e privadas de Lajeado e regi\u00e3o.<\/p>\n\n\n\n<p>Firmino destacou a import\u00e2ncia da iniciativa e escolheu Lajeado para uma de suas \u00faltimas agendas oficiais no Rio Grande do Sul, refor\u00e7ando o v\u00ednculo institucional entre a Marinha do Brasil e o projeto Viva o Taquari \u2013 Antas Vivo.<\/p>\n","protected":false},"excerpt":{"rendered":"<p>A Associa\u00e7\u00e3o Comercial e Industrial de Lajeado (Acil), por meio da Unidade Parceiros Volunt\u00e1rios (UPV) Lajeado, dar\u00e1 in\u00edcio \u00e0s a\u00e7\u00f5es de pr\u00e9-lan\u00e7amento da Escola das \u00c1guas VT na manh\u00e3 de segunda-feira (24\/11). A programa\u00e7\u00e3o ser\u00e1 realizada a partir das 9h no Recanto Viva o Taquari \u2013 Antas Vivo, no Parque Ney Santos Arruda com cerca [&hellip;]<\/p>\n","protected":false},"author":8,"featured_media":198743,"comment_status":"open","ping_status":"open","sticky":false,"template":"","format":"standard","meta":{"pmpro_default_level":"","_jetpack_memberships_contains_paid_content":false,"footnotes":""},"categories":[2,10988,14970,3],"tags":[214,20009,27,20010,45],"class_list":{"0":"post-198742","1":"post","2":"type-post","3":"status-publish","4":"format-standard","5":"has-post-thumbnail","7":"category-featured","8":"category-educacao","9":"category-enchentes","10":"category-geral","11":"tag-acil","12":"tag-escola-das-aguas","13":"tag-lajeado","14":"tag-marinha","15":"tag-palestra","16":"pmpro-has-access"},"yoast_head":"<!-- This site is optimized with the Yoast SEO plugin v27.4 - https:\/\/yoast.com\/product\/yoast-seo-wordpress\/ -->\n<title>Acil inicia pr\u00e9-lan\u00e7amento da Escola das \u00c1guas com palestra da Marinha - Folha Popular<\/title>\n<meta name=\"robots\" content=\"index, follow, max-snippet:-1, max-image-preview:large, max-video-preview:-1\" \/>\n<link rel=\"canonical\" href=\"https:\/\/folhapopular.info\/index.php\/2025\/11\/21\/acil-inicia-pre-lancamento-da-escola-das-aguas-com-palestra-da-marinha\/\" \/>\n<meta property=\"og:locale\" content=\"pt_BR\" \/>\n<meta property=\"og:type\" content=\"article\" \/>\n<meta property=\"og:title\" content=\"Acil inicia pr\u00e9-lan\u00e7amento da Escola das \u00c1guas com palestra da Marinha - Folha Popular\" \/>\n<meta property=\"og:description\" content=\"A Associa\u00e7\u00e3o Comercial e Industrial de Lajeado (Acil), por meio da Unidade Parceiros Volunt\u00e1rios (UPV) Lajeado, dar\u00e1 in\u00edcio \u00e0s a\u00e7\u00f5es de pr\u00e9-lan\u00e7amento da Escola das \u00c1guas VT na manh\u00e3 de segunda-feira (24\/11). A programa\u00e7\u00e3o ser\u00e1 realizada a partir das 9h no Recanto Viva o Taquari \u2013 Antas Vivo, no Parque Ney Santos Arruda com cerca [&hellip;]\" \/>\n<meta property=\"og:url\" content=\"https:\/\/folhapopular.info\/index.php\/2025\/11\/21\/acil-inicia-pre-lancamento-da-escola-das-aguas-com-palestra-da-marinha\/\" \/>\n<meta property=\"og:site_name\" content=\"Folha Popular\" \/>\n<meta property=\"article:published_time\" content=\"2025-11-21T15:00:00+00:00\" \/>\n<meta property=\"og:image\" content=\"https:\/\/folhapopular.info\/wp-content\/uploads\/2025\/11\/459879_1182873_escola_das_aguas-scaled.jpg\" \/>\n\t<meta property=\"og:image:width\" content=\"2560\" \/>\n\t<meta property=\"og:image:height\" content=\"1440\" \/>\n\t<meta property=\"og:image:type\" content=\"image\/jpeg\" \/>\n<meta name=\"author\" content=\"Reda\u00e7\u00e3o Folha Popular\" \/>\n<meta name=\"twitter:card\" content=\"summary_large_image\" \/>\n<meta name=\"twitter:label1\" content=\"Escrito por\" \/>\n\t<meta name=\"twitter:data1\" content=\"Reda\u00e7\u00e3o Folha Popular\" \/>\n\t<meta name=\"twitter:label2\" content=\"Est. tempo de leitura\" \/>\n\t<meta name=\"twitter:data2\" content=\"2 minutos\" \/>\n<script type=\"application\/ld+json\" class=\"yoast-schema-graph\">{\"@context\":\"https:\\\/\\\/schema.org\",\"@graph\":[{\"@type\":\"Article\",\"@id\":\"https:\\\/\\\/folhapopular.info\\\/index.php\\\/2025\\\/11\\\/21\\\/acil-inicia-pre-lancamento-da-escola-das-aguas-com-palestra-da-marinha\\\/#article\",\"isPartOf\":{\"@id\":\"https:\\\/\\\/folhapopular.info\\\/index.php\\\/2025\\\/11\\\/21\\\/acil-inicia-pre-lancamento-da-escola-das-aguas-com-palestra-da-marinha\\\/\"},\"author\":{\"name\":\"Reda\u00e7\u00e3o Folha Popular\",\"@id\":\"https:\\\/\\\/folhapopular.info\\\/#\\\/schema\\\/person\\\/2814e8a0df7643585a9ca38bc6eb9d4b\"},\"headline\":\"Acil inicia pr\u00e9-lan\u00e7amento da Escola das \u00c1guas com palestra da Marinha\",\"datePublished\":\"2025-11-21T15:00:00+00:00\",\"mainEntityOfPage\":{\"@id\":\"https:\\\/\\\/folhapopular.info\\\/index.php\\\/2025\\\/11\\\/21\\\/acil-inicia-pre-lancamento-da-escola-das-aguas-com-palestra-da-marinha\\\/\"},\"wordCount\":245,\"commentCount\":0,\"image\":{\"@id\":\"https:\\\/\\\/folhapopular.info\\\/index.php\\\/2025\\\/11\\\/21\\\/acil-inicia-pre-lancamento-da-escola-das-aguas-com-palestra-da-marinha\\\/#primaryimage\"},\"thumbnailUrl\":\"https:\\\/\\\/folhapopular.info\\\/wp-content\\\/uploads\\\/2025\\\/11\\\/459879_1182873_escola_das_aguas-scaled.jpg\",\"keywords\":[\"Acil\",\"Escola das \u00c1guas\",\"Lajeado\",\"Marinha\",\"palestra\"],\"articleSection\":[\"Destaques\",\"Educa\u00e7\u00e3o\",\"Enchentes\",\"Geral\"],\"inLanguage\":\"pt-BR\",\"potentialAction\":[{\"@type\":\"CommentAction\",\"name\":\"Comment\",\"target\":[\"https:\\\/\\\/folhapopular.info\\\/index.php\\\/2025\\\/11\\\/21\\\/acil-inicia-pre-lancamento-da-escola-das-aguas-com-palestra-da-marinha\\\/#respond\"]}]},{\"@type\":\"WebPage\",\"@id\":\"https:\\\/\\\/folhapopular.info\\\/index.php\\\/2025\\\/11\\\/21\\\/acil-inicia-pre-lancamento-da-escola-das-aguas-com-palestra-da-marinha\\\/\",\"url\":\"https:\\\/\\\/folhapopular.info\\\/index.php\\\/2025\\\/11\\\/21\\\/acil-inicia-pre-lancamento-da-escola-das-aguas-com-palestra-da-marinha\\\/\",\"name\":\"Acil inicia pr\u00e9-lan\u00e7amento da Escola das \u00c1guas com palestra da Marinha - Folha Popular\",\"isPartOf\":{\"@id\":\"https:\\\/\\\/folhapopular.info\\\/#website\"},\"primaryImageOfPage\":{\"@id\":\"https:\\\/\\\/folhapopular.info\\\/index.php\\\/2025\\\/11\\\/21\\\/acil-inicia-pre-lancamento-da-escola-das-aguas-com-palestra-da-marinha\\\/#primaryimage\"},\"image\":{\"@id\":\"https:\\\/\\\/folhapopular.info\\\/index.php\\\/2025\\\/11\\\/21\\\/acil-inicia-pre-lancamento-da-escola-das-aguas-com-palestra-da-marinha\\\/#primaryimage\"},\"thumbnailUrl\":\"https:\\\/\\\/folhapopular.info\\\/wp-content\\\/uploads\\\/2025\\\/11\\\/459879_1182873_escola_das_aguas-scaled.jpg\",\"datePublished\":\"2025-11-21T15:00:00+00:00\",\"author\":{\"@id\":\"https:\\\/\\\/folhapopular.info\\\/#\\\/schema\\\/person\\\/2814e8a0df7643585a9ca38bc6eb9d4b\"},\"breadcrumb\":{\"@id\":\"https:\\\/\\\/folhapopular.info\\\/index.php\\\/2025\\\/11\\\/21\\\/acil-inicia-pre-lancamento-da-escola-das-aguas-com-palestra-da-marinha\\\/#breadcrumb\"},\"inLanguage\":\"pt-BR\",\"potentialAction\":[{\"@type\":\"ReadAction\",\"target\":[\"https:\\\/\\\/folhapopular.info\\\/index.php\\\/2025\\\/11\\\/21\\\/acil-inicia-pre-lancamento-da-escola-das-aguas-com-palestra-da-marinha\\\/\"]}]},{\"@type\":\"ImageObject\",\"inLanguage\":\"pt-BR\",\"@id\":\"https:\\\/\\\/folhapopular.info\\\/index.php\\\/2025\\\/11\\\/21\\\/acil-inicia-pre-lancamento-da-escola-das-aguas-com-palestra-da-marinha\\\/#primaryimage\",\"url\":\"https:\\\/\\\/folhapopular.info\\\/wp-content\\\/uploads\\\/2025\\\/11\\\/459879_1182873_escola_das_aguas-scaled.jpg\",\"contentUrl\":\"https:\\\/\\\/folhapopular.info\\\/wp-content\\\/uploads\\\/2025\\\/11\\\/459879_1182873_escola_das_aguas-scaled.jpg\",\"width\":2560,\"height\":1440,\"caption\":\"Cr\u00e9dito: Acil \\\/ Arquivo\"},{\"@type\":\"BreadcrumbList\",\"@id\":\"https:\\\/\\\/folhapopular.info\\\/index.php\\\/2025\\\/11\\\/21\\\/acil-inicia-pre-lancamento-da-escola-das-aguas-com-palestra-da-marinha\\\/#breadcrumb\",\"itemListElement\":[{\"@type\":\"ListItem\",\"position\":1,\"name\":\"In\u00edcio\",\"item\":\"https:\\\/\\\/folhapopular.info\\\/\"},{\"@type\":\"ListItem\",\"position\":2,\"name\":\"Acil inicia pr\u00e9-lan\u00e7amento da Escola das \u00c1guas com palestra da Marinha\"}]},{\"@type\":\"WebSite\",\"@id\":\"https:\\\/\\\/folhapopular.info\\\/#website\",\"url\":\"https:\\\/\\\/folhapopular.info\\\/\",\"name\":\"Folha Popular\",\"description\":\"Onde voc\u00ea tem vez e voz\",\"potentialAction\":[{\"@type\":\"SearchAction\",\"target\":{\"@type\":\"EntryPoint\",\"urlTemplate\":\"https:\\\/\\\/folhapopular.info\\\/?s={search_term_string}\"},\"query-input\":{\"@type\":\"PropertyValueSpecification\",\"valueRequired\":true,\"valueName\":\"search_term_string\"}}],\"inLanguage\":\"pt-BR\"},{\"@type\":\"Person\",\"@id\":\"https:\\\/\\\/folhapopular.info\\\/#\\\/schema\\\/person\\\/2814e8a0df7643585a9ca38bc6eb9d4b\",\"name\":\"Reda\u00e7\u00e3o Folha Popular\",\"image\":{\"@type\":\"ImageObject\",\"inLanguage\":\"pt-BR\",\"@id\":\"https:\\\/\\\/folhapopular.info\\\/wp-content\\\/uploads\\\/2026\\\/04\\\/Folha-1.webp\",\"url\":\"https:\\\/\\\/folhapopular.info\\\/wp-content\\\/uploads\\\/2026\\\/04\\\/Folha-1.webp\",\"contentUrl\":\"https:\\\/\\\/folhapopular.info\\\/wp-content\\\/uploads\\\/2026\\\/04\\\/Folha-1.webp\",\"caption\":\"Reda\u00e7\u00e3o Folha Popular\"},\"url\":\"https:\\\/\\\/folhapopular.info\\\/index.php\\\/author\\\/redacao\\\/\"}]}<\/script>\n<!-- \/ Yoast SEO plugin. -->","yoast_head_json":{"title":"Acil inicia pr\u00e9-lan\u00e7amento da Escola das \u00c1guas com palestra da Marinha - Folha Popular","robots":{"index":"index","follow":"follow","max-snippet":"max-snippet:-1","max-image-preview":"max-image-preview:large","max-video-preview":"max-video-preview:-1"},"canonical":"https:\/\/folhapopular.info\/index.php\/2025\/11\/21\/acil-inicia-pre-lancamento-da-escola-das-aguas-com-palestra-da-marinha\/","og_locale":"pt_BR","og_type":"article","og_title":"Acil inicia pr\u00e9-lan\u00e7amento da Escola das \u00c1guas com palestra da Marinha - Folha Popular","og_description":"A Associa\u00e7\u00e3o Comercial e Industrial de Lajeado (Acil), por meio da Unidade Parceiros Volunt\u00e1rios (UPV) Lajeado, dar\u00e1 in\u00edcio \u00e0s a\u00e7\u00f5es de pr\u00e9-lan\u00e7amento da Escola das \u00c1guas VT na manh\u00e3 de segunda-feira (24\/11). A programa\u00e7\u00e3o ser\u00e1 realizada a partir das 9h no Recanto Viva o Taquari \u2013 Antas Vivo, no Parque Ney Santos Arruda com cerca [&hellip;]","og_url":"https:\/\/folhapopular.info\/index.php\/2025\/11\/21\/acil-inicia-pre-lancamento-da-escola-das-aguas-com-palestra-da-marinha\/","og_site_name":"Folha Popular","article_published_time":"2025-11-21T15:00:00+00:00","og_image":[{"width":2560,"height":1440,"url":"https:\/\/folhapopular.info\/wp-content\/uploads\/2025\/11\/459879_1182873_escola_das_aguas-scaled.jpg","type":"image\/jpeg"}],"author":"Reda\u00e7\u00e3o Folha Popular","twitter_card":"summary_large_image","twitter_misc":{"Escrito por":"Reda\u00e7\u00e3o Folha Popular","Est. tempo de leitura":"2 minutos"},"schema":{"@context":"https:\/\/schema.org","@graph":[{"@type":"Article","@id":"https:\/\/folhapopular.info\/index.php\/2025\/11\/21\/acil-inicia-pre-lancamento-da-escola-das-aguas-com-palestra-da-marinha\/#article","isPartOf":{"@id":"https:\/\/folhapopular.info\/index.php\/2025\/11\/21\/acil-inicia-pre-lancamento-da-escola-das-aguas-com-palestra-da-marinha\/"},"author":{"name":"Reda\u00e7\u00e3o Folha Popular","@id":"https:\/\/folhapopular.info\/#\/schema\/person\/2814e8a0df7643585a9ca38bc6eb9d4b"},"headline":"Acil inicia pr\u00e9-lan\u00e7amento da Escola das \u00c1guas com palestra da Marinha","datePublished":"2025-11-21T15:00:00+00:00","mainEntityOfPage":{"@id":"https:\/\/folhapopular.info\/index.php\/2025\/11\/21\/acil-inicia-pre-lancamento-da-escola-das-aguas-com-palestra-da-marinha\/"},"wordCount":245,"commentCount":0,"image":{"@id":"https:\/\/folhapopular.info\/index.php\/2025\/11\/21\/acil-inicia-pre-lancamento-da-escola-das-aguas-com-palestra-da-marinha\/#primaryimage"},"thumbnailUrl":"https:\/\/folhapopular.info\/wp-content\/uploads\/2025\/11\/459879_1182873_escola_das_aguas-scaled.jpg","keywords":["Acil","Escola das \u00c1guas","Lajeado","Marinha","palestra"],"articleSection":["Destaques","Educa\u00e7\u00e3o","Enchentes","Geral"],"inLanguage":"pt-BR","potentialAction":[{"@type":"CommentAction","name":"Comment","target":["https:\/\/folhapopular.info\/index.php\/2025\/11\/21\/acil-inicia-pre-lancamento-da-escola-das-aguas-com-palestra-da-marinha\/#respond"]}]},{"@type":"WebPage","@id":"https:\/\/folhapopular.info\/index.php\/2025\/11\/21\/acil-inicia-pre-lancamento-da-escola-das-aguas-com-palestra-da-marinha\/","url":"https:\/\/folhapopular.info\/index.php\/2025\/11\/21\/acil-inicia-pre-lancamento-da-escola-das-aguas-com-palestra-da-marinha\/","name":"Acil inicia pr\u00e9-lan\u00e7amento da Escola das \u00c1guas com palestra da Marinha - Folha Popular","isPartOf":{"@id":"https:\/\/folhapopular.info\/#website"},"primaryImageOfPage":{"@id":"https:\/\/folhapopular.info\/index.php\/2025\/11\/21\/acil-inicia-pre-lancamento-da-escola-das-aguas-com-palestra-da-marinha\/#primaryimage"},"image":{"@id":"https:\/\/folhapopular.info\/index.php\/2025\/11\/21\/acil-inicia-pre-lancamento-da-escola-das-aguas-com-palestra-da-marinha\/#primaryimage"},"thumbnailUrl":"https:\/\/folhapopular.info\/wp-content\/uploads\/2025\/11\/459879_1182873_escola_das_aguas-scaled.jpg","datePublished":"2025-11-21T15:00:00+00:00","author":{"@id":"https:\/\/folhapopular.info\/#\/schema\/person\/2814e8a0df7643585a9ca38bc6eb9d4b"},"breadcrumb":{"@id":"https:\/\/folhapopular.info\/index.php\/2025\/11\/21\/acil-inicia-pre-lancamento-da-escola-das-aguas-com-palestra-da-marinha\/#breadcrumb"},"inLanguage":"pt-BR","potentialAction":[{"@type":"ReadAction","target":["https:\/\/folhapopular.info\/index.php\/2025\/11\/21\/acil-inicia-pre-lancamento-da-escola-das-aguas-com-palestra-da-marinha\/"]}]},{"@type":"ImageObject","inLanguage":"pt-BR","@id":"https:\/\/folhapopular.info\/index.php\/2025\/11\/21\/acil-inicia-pre-lancamento-da-escola-das-aguas-com-palestra-da-marinha\/#primaryimage","url":"https:\/\/folhapopular.info\/wp-content\/uploads\/2025\/11\/459879_1182873_escola_das_aguas-scaled.jpg","contentUrl":"https:\/\/folhapopular.info\/wp-content\/uploads\/2025\/11\/459879_1182873_escola_das_aguas-scaled.jpg","width":2560,"height":1440,"caption":"Cr\u00e9dito: Acil \/ Arquivo"},{"@type":"BreadcrumbList","@id":"https:\/\/folhapopular.info\/index.php\/2025\/11\/21\/acil-inicia-pre-lancamento-da-escola-das-aguas-com-palestra-da-marinha\/#breadcrumb","itemListElement":[{"@type":"ListItem","position":1,"name":"In\u00edcio","item":"https:\/\/folhapopular.info\/"},{"@type":"ListItem","position":2,"name":"Acil inicia pr\u00e9-lan\u00e7amento da Escola das \u00c1guas com palestra da Marinha"}]},{"@type":"WebSite","@id":"https:\/\/folhapopular.info\/#website","url":"https:\/\/folhapopular.info\/","name":"Folha Popular","description":"Onde voc\u00ea tem vez e voz","potentialAction":[{"@type":"SearchAction","target":{"@type":"EntryPoint","urlTemplate":"https:\/\/folhapopular.info\/?s={search_term_string}"},"query-input":{"@type":"PropertyValueSpecification","valueRequired":true,"valueName":"search_term_string"}}],"inLanguage":"pt-BR"},{"@type":"Person","@id":"https:\/\/folhapopular.info\/#\/schema\/person\/2814e8a0df7643585a9ca38bc6eb9d4b","name":"Reda\u00e7\u00e3o Folha Popular","image":{"@type":"ImageObject","inLanguage":"pt-BR","@id":"https:\/\/folhapopular.info\/wp-content\/uploads\/2026\/04\/Folha-1.webp","url":"https:\/\/folhapopular.info\/wp-content\/uploads\/2026\/04\/Folha-1.webp","contentUrl":"https:\/\/folhapopular.info\/wp-content\/uploads\/2026\/04\/Folha-1.webp","caption":"Reda\u00e7\u00e3o Folha Popular"},"url":"https:\/\/folhapopular.info\/index.php\/author\/redacao\/"}]}},"jetpack_featured_media_url":"https:\/\/folhapopular.info\/wp-content\/uploads\/2025\/11\/459879_1182873_escola_das_aguas-scaled.jpg","jetpack_sharing_enabled":true,"amp_enabled":true,"_links":{"self":[{"href":"https:\/\/folhapopular.info\/index.php\/wp-json\/wp\/v2\/posts\/198742","targetHints":{"allow":["GET"]}}],"collection":[{"href":"https:\/\/folhapopular.info\/index.php\/wp-json\/wp\/v2\/posts"}],"about":[{"href":"https:\/\/folhapopular.info\/index.php\/wp-json\/wp\/v2\/types\/post"}],"author":[{"embeddable":true,"href":"https:\/\/folhapopular.info\/index.php\/wp-json\/wp\/v2\/users\/8"}],"replies":[{"embeddable":true,"href":"https:\/\/folhapopular.info\/index.php\/wp-json\/wp\/v2\/comments?post=198742"}],"version-history":[{"count":0,"href":"https:\/\/folhapopular.info\/index.php\/wp-json\/wp\/v2\/posts\/198742\/revisions"}],"wp:featuredmedia":[{"embeddable":true,"href":"https:\/\/folhapopular.info\/index.php\/wp-json\/wp\/v2\/media\/198743"}],"wp:attachment":[{"href":"https:\/\/folhapopular.info\/index.php\/wp-json\/wp\/v2\/media?parent=198742"}],"wp:term":[{"taxonomy":"category","embeddable":true,"href":"https:\/\/folhapopular.info\/index.php\/wp-json\/wp\/v2\/categories?post=198742"},{"taxonomy":"post_tag","embeddable":true,"href":"https:\/\/folhapopular.info\/index.php\/wp-json\/wp\/v2\/tags?post=198742"}],"curies":[{"name":"wp","href":"https:\/\/api.w.org\/{rel}","templated":true}]}}