{"id":198788,"date":"2025-11-22T10:00:00","date_gmt":"2025-11-22T13:00:00","guid":{"rendered":"https:\/\/folhapopular.info\/?p=198788"},"modified":"2025-11-22T11:07:03","modified_gmt":"2025-11-22T14:07:03","slug":"praca-augusto-michel-passa-por-melhorias-e-deve-ficar-pronta-em-2026","status":"publish","type":"post","link":"https:\/\/folhapopular.info\/index.php\/2025\/11\/22\/praca-augusto-michel-passa-por-melhorias-e-deve-ficar-pronta-em-2026\/","title":{"rendered":"Pra\u00e7a Augusto Michel passa por melhorias e deve ficar pronta em 2026"},"content":{"rendered":"\n<p>Localizada no Bairro Languiru, a Pra\u00e7a Augusto Michel passa por mais uma etapa de melhorias. As a\u00e7\u00f5es incluem limpeza, pintura e trabalho inicial de paisagismo. Isso j\u00e1 est\u00e1 em andamento e abre caminho para um processo mais amplo de transforma\u00e7\u00e3o previsto para os pr\u00f3ximos meses.<\/p>\n\n\n\n<p>A expectativa da Administra\u00e7\u00e3o Municipal de Teut\u00f4nia \u00e9 que esta etapa sirva como prepara\u00e7\u00e3o para a revitaliza\u00e7\u00e3o completa marcada para 2026, quando o espa\u00e7o deve ganhar nova configura\u00e7\u00e3o e equipamentos voltados ao lazer e \u00e0 conviv\u00eancia.<\/p>\n\n\n\n<p>A movimenta\u00e7\u00e3o atual refor\u00e7a a retomada de um tema que acompanha a comunidade h\u00e1, pelo menos, 3 anos. A pra\u00e7a \u00e9 alvo de reclama\u00e7\u00f5es relacionadas \u00e0 falta de manuten\u00e7\u00e3o, brinquedos danificados e problemas estruturais desde <strong>2023<\/strong>, especialmente pela proximidade com o Posto de Sa\u00fade e o fluxo constante.<\/p>\n\n\n\n<p>\u00c0 \u00e9poca, a Prefeitura chegou a realizar um mutir\u00e3o emergencial de limpeza e iniciou consertos b\u00e1sicos dos brinquedos, em resposta \u00e0s demandas apresentadas nas redes sociais e na C\u00e2mara de Vereadores. Mesmo assim, ficava claro que a\u00e7\u00f5es pontuais n\u00e3o resolveriam as necessidades do espa\u00e7o.<\/p>\n\n\n\n<figure class=\"wp-block-gallery has-nested-images columns-default is-cropped wp-block-gallery-1 is-layout-flex wp-block-gallery-is-layout-flex\">\n<figure class=\"wp-block-image size-large\"><img loading=\"lazy\" decoding=\"async\" width=\"1024\" height=\"768\" data-id=\"198791\" src=\"https:\/\/folhapopular.info\/wp-content\/uploads\/2025\/11\/Praca-deve-ser-concluida-totalmente-no-ano-que-vem-2-1024x768.jpeg\" alt=\"\" class=\"wp-image-198791\" srcset=\"https:\/\/folhapopular.info\/wp-content\/uploads\/2025\/11\/Praca-deve-ser-concluida-totalmente-no-ano-que-vem-2-1024x768.jpeg 1024w, https:\/\/folhapopular.info\/wp-content\/uploads\/2025\/11\/Praca-deve-ser-concluida-totalmente-no-ano-que-vem-2-300x225.jpeg 300w, https:\/\/folhapopular.info\/wp-content\/uploads\/2025\/11\/Praca-deve-ser-concluida-totalmente-no-ano-que-vem-2-768x576.jpeg 768w, https:\/\/folhapopular.info\/wp-content\/uploads\/2025\/11\/Praca-deve-ser-concluida-totalmente-no-ano-que-vem-2-560x420.jpeg 560w, https:\/\/folhapopular.info\/wp-content\/uploads\/2025\/11\/Praca-deve-ser-concluida-totalmente-no-ano-que-vem-2-80x60.jpeg 80w, https:\/\/folhapopular.info\/wp-content\/uploads\/2025\/11\/Praca-deve-ser-concluida-totalmente-no-ano-que-vem-2-696x522.jpeg 696w, https:\/\/folhapopular.info\/wp-content\/uploads\/2025\/11\/Praca-deve-ser-concluida-totalmente-no-ano-que-vem-2-1068x801.jpeg 1068w, https:\/\/folhapopular.info\/wp-content\/uploads\/2025\/11\/Praca-deve-ser-concluida-totalmente-no-ano-que-vem-2.jpeg 1280w\" sizes=\"auto, (max-width: 1024px) 100vw, 1024px\" \/><figcaption class=\"wp-element-caption\">Pra\u00e7a deve ser conclu\u00edda totalmente no ano que vem<br>Cr\u00e9dito: Luis Augusto Huppes<\/figcaption><\/figure>\n<\/figure>\n\n\n\n<p>No fim de <strong>2024<\/strong>, o Bairro avan\u00e7ou em outra frente importante: o in\u00edcio da reforma do Centro Cultural 25 de Julho, pr\u00e9dio hist\u00f3rico de 1960 localizado ao lado da pra\u00e7a. A obra, viabilizada por uma parceria p\u00fablico-privada e recursos da Pol\u00edtica Nacional Aldir Blanc (Pnab), contemplou a recupera\u00e7\u00e3o de cerca de 212 metros quadrados da edifica\u00e7\u00e3o.<\/p>\n\n\n\n<p>Agora, no fim de <strong>2025<\/strong>, a pra\u00e7a volta a ganhar aten\u00e7\u00e3o<strong>.<\/strong> As a\u00e7\u00f5es atuais buscam garantir seguran\u00e7a m\u00ednima enquanto o projeto definitivo segue em tramita\u00e7\u00e3o interna.<\/p>\n\n\n\n<p>A Administra\u00e7\u00e3o confirma que mais de 25 espa\u00e7os p\u00fablicos do munic\u00edpio necessitam de reestrutura\u00e7\u00e3o, o que refor\u00e7a a import\u00e2ncia de parcerias para agilizar as melhorias. No caso da Pra\u00e7a Augusto Michel, j\u00e1 existe uma empresa que auxilia no fornecimento de materiais para a futura instala\u00e7\u00e3o de <em>playground<\/em>, bancos e mesas fixas.<\/p>\n\n\n\n<h2 class=\"wp-block-heading\"><strong>Conclus\u00e3o em 2026<\/strong><\/h2>\n\n\n\n<p>A expectativa \u00e9 que a Pra\u00e7a Augusto Michel seja entregue totalmente renovada em 2026, com novas \u00e1reas de lazer, melhor circula\u00e7\u00e3o, paisagismo ampliado e integra\u00e7\u00e3o com o Centro Cultural 25 de Julho. At\u00e9 l\u00e1, a comunidade acompanha a evolu\u00e7\u00e3o das a\u00e7\u00f5es com esperan\u00e7a de que o novo ciclo de investimentos marque a virada de um espa\u00e7o que, h\u00e1 anos, aguarda melhorias duradouras.<\/p>\n\n\n\n<figure class=\"wp-block-gallery has-nested-images columns-default is-cropped wp-block-gallery-2 is-layout-flex wp-block-gallery-is-layout-flex\">\n<figure class=\"wp-block-image size-large\"><img loading=\"lazy\" decoding=\"async\" width=\"1024\" height=\"768\" data-id=\"198790\" src=\"https:\/\/folhapopular.info\/wp-content\/uploads\/2025\/11\/Centro-Cultural-tambem-esta-em-fase-de-conclusao-nas-obras-1024x768.jpeg\" alt=\"\" class=\"wp-image-198790\" srcset=\"https:\/\/folhapopular.info\/wp-content\/uploads\/2025\/11\/Centro-Cultural-tambem-esta-em-fase-de-conclusao-nas-obras-1024x768.jpeg 1024w, https:\/\/folhapopular.info\/wp-content\/uploads\/2025\/11\/Centro-Cultural-tambem-esta-em-fase-de-conclusao-nas-obras-300x225.jpeg 300w, https:\/\/folhapopular.info\/wp-content\/uploads\/2025\/11\/Centro-Cultural-tambem-esta-em-fase-de-conclusao-nas-obras-768x576.jpeg 768w, https:\/\/folhapopular.info\/wp-content\/uploads\/2025\/11\/Centro-Cultural-tambem-esta-em-fase-de-conclusao-nas-obras-560x420.jpeg 560w, https:\/\/folhapopular.info\/wp-content\/uploads\/2025\/11\/Centro-Cultural-tambem-esta-em-fase-de-conclusao-nas-obras-80x60.jpeg 80w, https:\/\/folhapopular.info\/wp-content\/uploads\/2025\/11\/Centro-Cultural-tambem-esta-em-fase-de-conclusao-nas-obras-696x522.jpeg 696w, https:\/\/folhapopular.info\/wp-content\/uploads\/2025\/11\/Centro-Cultural-tambem-esta-em-fase-de-conclusao-nas-obras-1068x801.jpeg 1068w, https:\/\/folhapopular.info\/wp-content\/uploads\/2025\/11\/Centro-Cultural-tambem-esta-em-fase-de-conclusao-nas-obras.jpeg 1280w\" sizes=\"auto, (max-width: 1024px) 100vw, 1024px\" \/><figcaption class=\"wp-element-caption\">Centro Cultural tamb\u00e9m est\u00e1 em fase de conclus\u00e3o nas obras<br>Cr\u00e9dito: Luis Augusto Huppes<\/figcaption><\/figure>\n<\/figure>\n","protected":false},"excerpt":{"rendered":"<p>Localizada no Bairro Languiru, a Pra\u00e7a Augusto Michel passa por mais uma etapa de melhorias. As a\u00e7\u00f5es incluem limpeza, pintura e trabalho inicial de paisagismo. Isso j\u00e1 est\u00e1 em andamento e abre caminho para um processo mais amplo de transforma\u00e7\u00e3o previsto para os pr\u00f3ximos meses. A expectativa da Administra\u00e7\u00e3o Municipal de Teut\u00f4nia \u00e9 que esta [&hellip;]<\/p>\n","protected":false},"author":732,"featured_media":198789,"comment_status":"open","ping_status":"open","sticky":false,"template":"","format":"standard","meta":{"pmpro_default_level":"","_jetpack_memberships_contains_paid_content":false,"footnotes":""},"categories":[2,3,11091],"tags":[406,4774,14872,26],"class_list":{"0":"post-198788","1":"post","2":"type-post","3":"status-publish","4":"format-standard","5":"has-post-thumbnail","7":"category-featured","8":"category-geral","9":"category-servicos","10":"tag-languiru","11":"tag-praca","12":"tag-praca-augusto-michel","13":"tag-teutonia","14":"pmpro-has-access"},"yoast_head":"<!-- This site is optimized with the Yoast SEO plugin v27.4 - https:\/\/yoast.com\/product\/yoast-seo-wordpress\/ -->\n<title>Pra\u00e7a Augusto Michel passa por melhorias e deve ficar pronta em 2026 - Folha Popular<\/title>\n<meta name=\"robots\" content=\"index, follow, max-snippet:-1, max-image-preview:large, max-video-preview:-1\" \/>\n<link rel=\"canonical\" href=\"https:\/\/folhapopular.info\/index.php\/2025\/11\/22\/praca-augusto-michel-passa-por-melhorias-e-deve-ficar-pronta-em-2026\/\" \/>\n<meta property=\"og:locale\" content=\"pt_BR\" \/>\n<meta property=\"og:type\" content=\"article\" \/>\n<meta property=\"og:title\" content=\"Pra\u00e7a Augusto Michel passa por melhorias e deve ficar pronta em 2026 - Folha Popular\" \/>\n<meta property=\"og:description\" content=\"Localizada no Bairro Languiru, a Pra\u00e7a Augusto Michel passa por mais uma etapa de melhorias. As a\u00e7\u00f5es incluem limpeza, pintura e trabalho inicial de paisagismo. Isso j\u00e1 est\u00e1 em andamento e abre caminho para um processo mais amplo de transforma\u00e7\u00e3o previsto para os pr\u00f3ximos meses. A expectativa da Administra\u00e7\u00e3o Municipal de Teut\u00f4nia \u00e9 que esta [&hellip;]\" \/>\n<meta property=\"og:url\" content=\"https:\/\/folhapopular.info\/index.php\/2025\/11\/22\/praca-augusto-michel-passa-por-melhorias-e-deve-ficar-pronta-em-2026\/\" \/>\n<meta property=\"og:site_name\" content=\"Folha Popular\" \/>\n<meta property=\"article:author\" content=\"https:\/\/www.facebook.com\/luis.huppes\/\" \/>\n<meta property=\"article:published_time\" content=\"2025-11-22T13:00:00+00:00\" \/>\n<meta property=\"article:modified_time\" content=\"2025-11-22T14:07:03+00:00\" \/>\n<meta property=\"og:image\" content=\"http:\/\/folhapopular.info\/wp-content\/uploads\/2025\/11\/Brinquedos-foram-pintados-e-estao-em-melhores-condicoes-1.jpeg\" \/>\n\t<meta property=\"og:image:width\" content=\"1280\" \/>\n\t<meta property=\"og:image:height\" content=\"960\" \/>\n\t<meta property=\"og:image:type\" content=\"image\/jpeg\" \/>\n<meta name=\"author\" content=\"Luis Augusto Huppes\" \/>\n<meta name=\"twitter:card\" content=\"summary_large_image\" \/>\n<meta name=\"twitter:label1\" content=\"Escrito por\" \/>\n\t<meta name=\"twitter:data1\" content=\"Luis Augusto Huppes\" \/>\n\t<meta name=\"twitter:label2\" content=\"Est. tempo de leitura\" \/>\n\t<meta name=\"twitter:data2\" content=\"3 minutos\" \/>\n<script type=\"application\/ld+json\" class=\"yoast-schema-graph\">{\"@context\":\"https:\\\/\\\/schema.org\",\"@graph\":[{\"@type\":\"Article\",\"@id\":\"https:\\\/\\\/folhapopular.info\\\/index.php\\\/2025\\\/11\\\/22\\\/praca-augusto-michel-passa-por-melhorias-e-deve-ficar-pronta-em-2026\\\/#article\",\"isPartOf\":{\"@id\":\"https:\\\/\\\/folhapopular.info\\\/index.php\\\/2025\\\/11\\\/22\\\/praca-augusto-michel-passa-por-melhorias-e-deve-ficar-pronta-em-2026\\\/\"},\"author\":{\"name\":\"Luis Augusto Huppes\",\"@id\":\"https:\\\/\\\/folhapopular.info\\\/#\\\/schema\\\/person\\\/e852c327371714676d02e58cf917fd9f\"},\"headline\":\"Pra\u00e7a Augusto Michel passa por melhorias e deve ficar pronta em 2026\",\"datePublished\":\"2025-11-22T13:00:00+00:00\",\"dateModified\":\"2025-11-22T14:07:03+00:00\",\"mainEntityOfPage\":{\"@id\":\"https:\\\/\\\/folhapopular.info\\\/index.php\\\/2025\\\/11\\\/22\\\/praca-augusto-michel-passa-por-melhorias-e-deve-ficar-pronta-em-2026\\\/\"},\"wordCount\":451,\"commentCount\":0,\"image\":{\"@id\":\"https:\\\/\\\/folhapopular.info\\\/index.php\\\/2025\\\/11\\\/22\\\/praca-augusto-michel-passa-por-melhorias-e-deve-ficar-pronta-em-2026\\\/#primaryimage\"},\"thumbnailUrl\":\"https:\\\/\\\/folhapopular.info\\\/wp-content\\\/uploads\\\/2025\\\/11\\\/Brinquedos-foram-pintados-e-estao-em-melhores-condicoes-1.jpeg\",\"keywords\":[\"Languiru\",\"Pra\u00e7a\",\"Pra\u00e7a Augusto Michel\",\"Teut\u00f4nia\"],\"articleSection\":[\"Destaques\",\"Geral\",\"Servi\u00e7os\"],\"inLanguage\":\"pt-BR\",\"potentialAction\":[{\"@type\":\"CommentAction\",\"name\":\"Comment\",\"target\":[\"https:\\\/\\\/folhapopular.info\\\/index.php\\\/2025\\\/11\\\/22\\\/praca-augusto-michel-passa-por-melhorias-e-deve-ficar-pronta-em-2026\\\/#respond\"]}]},{\"@type\":\"WebPage\",\"@id\":\"https:\\\/\\\/folhapopular.info\\\/index.php\\\/2025\\\/11\\\/22\\\/praca-augusto-michel-passa-por-melhorias-e-deve-ficar-pronta-em-2026\\\/\",\"url\":\"https:\\\/\\\/folhapopular.info\\\/index.php\\\/2025\\\/11\\\/22\\\/praca-augusto-michel-passa-por-melhorias-e-deve-ficar-pronta-em-2026\\\/\",\"name\":\"Pra\u00e7a Augusto Michel passa por melhorias e deve ficar pronta em 2026 - Folha Popular\",\"isPartOf\":{\"@id\":\"https:\\\/\\\/folhapopular.info\\\/#website\"},\"primaryImageOfPage\":{\"@id\":\"https:\\\/\\\/folhapopular.info\\\/index.php\\\/2025\\\/11\\\/22\\\/praca-augusto-michel-passa-por-melhorias-e-deve-ficar-pronta-em-2026\\\/#primaryimage\"},\"image\":{\"@id\":\"https:\\\/\\\/folhapopular.info\\\/index.php\\\/2025\\\/11\\\/22\\\/praca-augusto-michel-passa-por-melhorias-e-deve-ficar-pronta-em-2026\\\/#primaryimage\"},\"thumbnailUrl\":\"https:\\\/\\\/folhapopular.info\\\/wp-content\\\/uploads\\\/2025\\\/11\\\/Brinquedos-foram-pintados-e-estao-em-melhores-condicoes-1.jpeg\",\"datePublished\":\"2025-11-22T13:00:00+00:00\",\"dateModified\":\"2025-11-22T14:07:03+00:00\",\"author\":{\"@id\":\"https:\\\/\\\/folhapopular.info\\\/#\\\/schema\\\/person\\\/e852c327371714676d02e58cf917fd9f\"},\"breadcrumb\":{\"@id\":\"https:\\\/\\\/folhapopular.info\\\/index.php\\\/2025\\\/11\\\/22\\\/praca-augusto-michel-passa-por-melhorias-e-deve-ficar-pronta-em-2026\\\/#breadcrumb\"},\"inLanguage\":\"pt-BR\",\"potentialAction\":[{\"@type\":\"ReadAction\",\"target\":[\"https:\\\/\\\/folhapopular.info\\\/index.php\\\/2025\\\/11\\\/22\\\/praca-augusto-michel-passa-por-melhorias-e-deve-ficar-pronta-em-2026\\\/\"]}]},{\"@type\":\"ImageObject\",\"inLanguage\":\"pt-BR\",\"@id\":\"https:\\\/\\\/folhapopular.info\\\/index.php\\\/2025\\\/11\\\/22\\\/praca-augusto-michel-passa-por-melhorias-e-deve-ficar-pronta-em-2026\\\/#primaryimage\",\"url\":\"https:\\\/\\\/folhapopular.info\\\/wp-content\\\/uploads\\\/2025\\\/11\\\/Brinquedos-foram-pintados-e-estao-em-melhores-condicoes-1.jpeg\",\"contentUrl\":\"https:\\\/\\\/folhapopular.info\\\/wp-content\\\/uploads\\\/2025\\\/11\\\/Brinquedos-foram-pintados-e-estao-em-melhores-condicoes-1.jpeg\",\"width\":1280,\"height\":960,\"caption\":\"Brinquedos foram pintados e est\u00e3o em melhores condi\u00e7\u00f5es \\\/ Cr\u00e9dito: Lu\u00eds Augusto Huppes\"},{\"@type\":\"BreadcrumbList\",\"@id\":\"https:\\\/\\\/folhapopular.info\\\/index.php\\\/2025\\\/11\\\/22\\\/praca-augusto-michel-passa-por-melhorias-e-deve-ficar-pronta-em-2026\\\/#breadcrumb\",\"itemListElement\":[{\"@type\":\"ListItem\",\"position\":1,\"name\":\"In\u00edcio\",\"item\":\"https:\\\/\\\/folhapopular.info\\\/\"},{\"@type\":\"ListItem\",\"position\":2,\"name\":\"Pra\u00e7a Augusto Michel passa por melhorias e deve ficar pronta em 2026\"}]},{\"@type\":\"WebSite\",\"@id\":\"https:\\\/\\\/folhapopular.info\\\/#website\",\"url\":\"https:\\\/\\\/folhapopular.info\\\/\",\"name\":\"Folha Popular\",\"description\":\"Onde voc\u00ea tem vez e voz\",\"potentialAction\":[{\"@type\":\"SearchAction\",\"target\":{\"@type\":\"EntryPoint\",\"urlTemplate\":\"https:\\\/\\\/folhapopular.info\\\/?s={search_term_string}\"},\"query-input\":{\"@type\":\"PropertyValueSpecification\",\"valueRequired\":true,\"valueName\":\"search_term_string\"}}],\"inLanguage\":\"pt-BR\"},{\"@type\":\"Person\",\"@id\":\"https:\\\/\\\/folhapopular.info\\\/#\\\/schema\\\/person\\\/e852c327371714676d02e58cf917fd9f\",\"name\":\"Luis Augusto Huppes\",\"image\":{\"@type\":\"ImageObject\",\"inLanguage\":\"pt-BR\",\"@id\":\"https:\\\/\\\/folhapopular.info\\\/wp-content\\\/uploads\\\/2026\\\/04\\\/Luis-Augusto-Huppes-1-1.webp\",\"url\":\"https:\\\/\\\/folhapopular.info\\\/wp-content\\\/uploads\\\/2026\\\/04\\\/Luis-Augusto-Huppes-1-1.webp\",\"contentUrl\":\"https:\\\/\\\/folhapopular.info\\\/wp-content\\\/uploads\\\/2026\\\/04\\\/Luis-Augusto-Huppes-1-1.webp\",\"caption\":\"Luis Augusto Huppes\"},\"sameAs\":[\"https:\\\/\\\/www.facebook.com\\\/luis.huppes\\\/\",\"https:\\\/\\\/www.instagram.com\\\/luis.huppes\\\/\",\"https:\\\/\\\/www.linkedin.com\\\/in\\\/luis-augusto-huppes-2554b52b7\\\/\"],\"url\":\"https:\\\/\\\/folhapopular.info\\\/index.php\\\/author\\\/luis-augusto-huppes\\\/\"}]}<\/script>\n<!-- \/ Yoast SEO plugin. -->","yoast_head_json":{"title":"Pra\u00e7a Augusto Michel passa por melhorias e deve ficar pronta em 2026 - Folha Popular","robots":{"index":"index","follow":"follow","max-snippet":"max-snippet:-1","max-image-preview":"max-image-preview:large","max-video-preview":"max-video-preview:-1"},"canonical":"https:\/\/folhapopular.info\/index.php\/2025\/11\/22\/praca-augusto-michel-passa-por-melhorias-e-deve-ficar-pronta-em-2026\/","og_locale":"pt_BR","og_type":"article","og_title":"Pra\u00e7a Augusto Michel passa por melhorias e deve ficar pronta em 2026 - Folha Popular","og_description":"Localizada no Bairro Languiru, a Pra\u00e7a Augusto Michel passa por mais uma etapa de melhorias. As a\u00e7\u00f5es incluem limpeza, pintura e trabalho inicial de paisagismo. Isso j\u00e1 est\u00e1 em andamento e abre caminho para um processo mais amplo de transforma\u00e7\u00e3o previsto para os pr\u00f3ximos meses. A expectativa da Administra\u00e7\u00e3o Municipal de Teut\u00f4nia \u00e9 que esta [&hellip;]","og_url":"https:\/\/folhapopular.info\/index.php\/2025\/11\/22\/praca-augusto-michel-passa-por-melhorias-e-deve-ficar-pronta-em-2026\/","og_site_name":"Folha Popular","article_author":"https:\/\/www.facebook.com\/luis.huppes\/","article_published_time":"2025-11-22T13:00:00+00:00","article_modified_time":"2025-11-22T14:07:03+00:00","og_image":[{"width":1280,"height":960,"url":"http:\/\/folhapopular.info\/wp-content\/uploads\/2025\/11\/Brinquedos-foram-pintados-e-estao-em-melhores-condicoes-1.jpeg","type":"image\/jpeg"}],"author":"Luis Augusto Huppes","twitter_card":"summary_large_image","twitter_misc":{"Escrito por":"Luis Augusto Huppes","Est. tempo de leitura":"3 minutos"},"schema":{"@context":"https:\/\/schema.org","@graph":[{"@type":"Article","@id":"https:\/\/folhapopular.info\/index.php\/2025\/11\/22\/praca-augusto-michel-passa-por-melhorias-e-deve-ficar-pronta-em-2026\/#article","isPartOf":{"@id":"https:\/\/folhapopular.info\/index.php\/2025\/11\/22\/praca-augusto-michel-passa-por-melhorias-e-deve-ficar-pronta-em-2026\/"},"author":{"name":"Luis Augusto Huppes","@id":"https:\/\/folhapopular.info\/#\/schema\/person\/e852c327371714676d02e58cf917fd9f"},"headline":"Pra\u00e7a Augusto Michel passa por melhorias e deve ficar pronta em 2026","datePublished":"2025-11-22T13:00:00+00:00","dateModified":"2025-11-22T14:07:03+00:00","mainEntityOfPage":{"@id":"https:\/\/folhapopular.info\/index.php\/2025\/11\/22\/praca-augusto-michel-passa-por-melhorias-e-deve-ficar-pronta-em-2026\/"},"wordCount":451,"commentCount":0,"image":{"@id":"https:\/\/folhapopular.info\/index.php\/2025\/11\/22\/praca-augusto-michel-passa-por-melhorias-e-deve-ficar-pronta-em-2026\/#primaryimage"},"thumbnailUrl":"https:\/\/folhapopular.info\/wp-content\/uploads\/2025\/11\/Brinquedos-foram-pintados-e-estao-em-melhores-condicoes-1.jpeg","keywords":["Languiru","Pra\u00e7a","Pra\u00e7a Augusto Michel","Teut\u00f4nia"],"articleSection":["Destaques","Geral","Servi\u00e7os"],"inLanguage":"pt-BR","potentialAction":[{"@type":"CommentAction","name":"Comment","target":["https:\/\/folhapopular.info\/index.php\/2025\/11\/22\/praca-augusto-michel-passa-por-melhorias-e-deve-ficar-pronta-em-2026\/#respond"]}]},{"@type":"WebPage","@id":"https:\/\/folhapopular.info\/index.php\/2025\/11\/22\/praca-augusto-michel-passa-por-melhorias-e-deve-ficar-pronta-em-2026\/","url":"https:\/\/folhapopular.info\/index.php\/2025\/11\/22\/praca-augusto-michel-passa-por-melhorias-e-deve-ficar-pronta-em-2026\/","name":"Pra\u00e7a Augusto Michel passa por melhorias e deve ficar pronta em 2026 - Folha Popular","isPartOf":{"@id":"https:\/\/folhapopular.info\/#website"},"primaryImageOfPage":{"@id":"https:\/\/folhapopular.info\/index.php\/2025\/11\/22\/praca-augusto-michel-passa-por-melhorias-e-deve-ficar-pronta-em-2026\/#primaryimage"},"image":{"@id":"https:\/\/folhapopular.info\/index.php\/2025\/11\/22\/praca-augusto-michel-passa-por-melhorias-e-deve-ficar-pronta-em-2026\/#primaryimage"},"thumbnailUrl":"https:\/\/folhapopular.info\/wp-content\/uploads\/2025\/11\/Brinquedos-foram-pintados-e-estao-em-melhores-condicoes-1.jpeg","datePublished":"2025-11-22T13:00:00+00:00","dateModified":"2025-11-22T14:07:03+00:00","author":{"@id":"https:\/\/folhapopular.info\/#\/schema\/person\/e852c327371714676d02e58cf917fd9f"},"breadcrumb":{"@id":"https:\/\/folhapopular.info\/index.php\/2025\/11\/22\/praca-augusto-michel-passa-por-melhorias-e-deve-ficar-pronta-em-2026\/#breadcrumb"},"inLanguage":"pt-BR","potentialAction":[{"@type":"ReadAction","target":["https:\/\/folhapopular.info\/index.php\/2025\/11\/22\/praca-augusto-michel-passa-por-melhorias-e-deve-ficar-pronta-em-2026\/"]}]},{"@type":"ImageObject","inLanguage":"pt-BR","@id":"https:\/\/folhapopular.info\/index.php\/2025\/11\/22\/praca-augusto-michel-passa-por-melhorias-e-deve-ficar-pronta-em-2026\/#primaryimage","url":"https:\/\/folhapopular.info\/wp-content\/uploads\/2025\/11\/Brinquedos-foram-pintados-e-estao-em-melhores-condicoes-1.jpeg","contentUrl":"https:\/\/folhapopular.info\/wp-content\/uploads\/2025\/11\/Brinquedos-foram-pintados-e-estao-em-melhores-condicoes-1.jpeg","width":1280,"height":960,"caption":"Brinquedos foram pintados e est\u00e3o em melhores condi\u00e7\u00f5es \/ Cr\u00e9dito: Lu\u00eds Augusto Huppes"},{"@type":"BreadcrumbList","@id":"https:\/\/folhapopular.info\/index.php\/2025\/11\/22\/praca-augusto-michel-passa-por-melhorias-e-deve-ficar-pronta-em-2026\/#breadcrumb","itemListElement":[{"@type":"ListItem","position":1,"name":"In\u00edcio","item":"https:\/\/folhapopular.info\/"},{"@type":"ListItem","position":2,"name":"Pra\u00e7a Augusto Michel passa por melhorias e deve ficar pronta em 2026"}]},{"@type":"WebSite","@id":"https:\/\/folhapopular.info\/#website","url":"https:\/\/folhapopular.info\/","name":"Folha Popular","description":"Onde voc\u00ea tem vez e voz","potentialAction":[{"@type":"SearchAction","target":{"@type":"EntryPoint","urlTemplate":"https:\/\/folhapopular.info\/?s={search_term_string}"},"query-input":{"@type":"PropertyValueSpecification","valueRequired":true,"valueName":"search_term_string"}}],"inLanguage":"pt-BR"},{"@type":"Person","@id":"https:\/\/folhapopular.info\/#\/schema\/person\/e852c327371714676d02e58cf917fd9f","name":"Luis Augusto Huppes","image":{"@type":"ImageObject","inLanguage":"pt-BR","@id":"https:\/\/folhapopular.info\/wp-content\/uploads\/2026\/04\/Luis-Augusto-Huppes-1-1.webp","url":"https:\/\/folhapopular.info\/wp-content\/uploads\/2026\/04\/Luis-Augusto-Huppes-1-1.webp","contentUrl":"https:\/\/folhapopular.info\/wp-content\/uploads\/2026\/04\/Luis-Augusto-Huppes-1-1.webp","caption":"Luis Augusto Huppes"},"sameAs":["https:\/\/www.facebook.com\/luis.huppes\/","https:\/\/www.instagram.com\/luis.huppes\/","https:\/\/www.linkedin.com\/in\/luis-augusto-huppes-2554b52b7\/"],"url":"https:\/\/folhapopular.info\/index.php\/author\/luis-augusto-huppes\/"}]}},"jetpack_featured_media_url":"https:\/\/folhapopular.info\/wp-content\/uploads\/2025\/11\/Brinquedos-foram-pintados-e-estao-em-melhores-condicoes-1.jpeg","jetpack_sharing_enabled":true,"amp_enabled":true,"_links":{"self":[{"href":"https:\/\/folhapopular.info\/index.php\/wp-json\/wp\/v2\/posts\/198788","targetHints":{"allow":["GET"]}}],"collection":[{"href":"https:\/\/folhapopular.info\/index.php\/wp-json\/wp\/v2\/posts"}],"about":[{"href":"https:\/\/folhapopular.info\/index.php\/wp-json\/wp\/v2\/types\/post"}],"author":[{"embeddable":true,"href":"https:\/\/folhapopular.info\/index.php\/wp-json\/wp\/v2\/users\/732"}],"replies":[{"embeddable":true,"href":"https:\/\/folhapopular.info\/index.php\/wp-json\/wp\/v2\/comments?post=198788"}],"version-history":[{"count":0,"href":"https:\/\/folhapopular.info\/index.php\/wp-json\/wp\/v2\/posts\/198788\/revisions"}],"wp:featuredmedia":[{"embeddable":true,"href":"https:\/\/folhapopular.info\/index.php\/wp-json\/wp\/v2\/media\/198789"}],"wp:attachment":[{"href":"https:\/\/folhapopular.info\/index.php\/wp-json\/wp\/v2\/media?parent=198788"}],"wp:term":[{"taxonomy":"category","embeddable":true,"href":"https:\/\/folhapopular.info\/index.php\/wp-json\/wp\/v2\/categories?post=198788"},{"taxonomy":"post_tag","embeddable":true,"href":"https:\/\/folhapopular.info\/index.php\/wp-json\/wp\/v2\/tags?post=198788"}],"curies":[{"name":"wp","href":"https:\/\/api.w.org\/{rel}","templated":true}]}}