{"id":198798,"date":"2025-11-22T14:00:00","date_gmt":"2025-11-22T17:00:00","guid":{"rendered":"https:\/\/folhapopular.info\/?p=198798"},"modified":"2025-11-22T08:40:48","modified_gmt":"2025-11-22T11:40:48","slug":"otelio-drebes-emociona-publico-com-relatos-de-vida-superacao-e-solidariedade","status":"publish","type":"post","link":"https:\/\/folhapopular.info\/index.php\/2025\/11\/22\/otelio-drebes-emociona-publico-com-relatos-de-vida-superacao-e-solidariedade\/","title":{"rendered":"Otelio Drebes emociona p\u00fablico com relatos de vida, supera\u00e7\u00e3o e solidariedade"},"content":{"rendered":"\n<p>A noite de ter\u00e7a-feira (18\/11) reuniu cerca de 700 pessoas na Associa\u00e7\u00e3o da \u00c1gua, em Teut\u00f4nia, para a palestra show de Otelio Drebes, fundador das Lojas Lebes. O evento teve car\u00e1ter beneficente e arrecadou mais de 500 quilos de alimentos, destinados \u00e0 Apae, Lions, Rotary e Hospital Ouro Branco. Aos 91 anos, o empres\u00e1rio emocionou o p\u00fablico ao contar sua trajet\u00f3ria, refor\u00e7ar valores e compartilhar li\u00e7\u00f5es de longevidade e sucesso.<\/p>\n\n\n\n<p>Drebes lembrou a inf\u00e2ncia simples na localidade de Delfina, em Estrela, onde come\u00e7ou a trabalhar aos 6 anos vendendo rapaduras caseiras. \u201cNunca \u00e9 tarde para recome\u00e7ar\u201d, afirmou, ao relembrar que, j\u00e1 aos 80 anos, tornou-se palestrante e, aos 90, fundou sua nova empresa, a 9.0 $olu\u00e7\u00f5es, um banco direcionado a quem quer empreender.<\/p>\n\n\n\n<p>Destacou que sua motiva\u00e7\u00e3o sempre veio das pessoas. \u201cJ\u00e1 falei para mais de 120 mil pessoas, arrecadei e distribu\u00ed mais de 270 mil quilos de alimentos. Eu fa\u00e7o isso gratuitamente. Meu pagamento \u00e9 o amor e a energia que recebo de cada um de voc\u00eas\u201d, disse, sendo fortemente aplaudido. Ele contou que sua vida \u201csempre foi movida a desafios\u201d e refor\u00e7ou seu mantra pessoal: \u201cSempre um passo de cada vez, sempre pra frente, nunca pro lado e nunca pra tr\u00e1s\u201d.<\/p>\n\n\n\n<p>Com bom humor, incentivou o p\u00fablico a cultivar entusiasmo e movimento no dia a dia. Relatou que dan\u00e7a \u201cquatro m\u00fasicas todas as manh\u00e3s\u201d para iniciar o dia com alegria. Relembrou ainda epis\u00f3dios marcantes de sua trajet\u00f3ria como negociante desde a juventude. Destacou que a persist\u00eancia \u00e9 o seu lema e refor\u00e7ou o valor de encarar o trabalho como satisfa\u00e7\u00e3o: \u201cTodo o trabalho que \u00e9 feito com amor deixa de ser trabalho\u201d.<\/p>\n\n\n\n<p>Otelio tamb\u00e9m contou sobre sua rela\u00e7\u00e3o com os desafios e o aprendizado constante, incluindo a decis\u00e3o, aos 82 anos, de assumir \u201ctr\u00eas profiss\u00f5es novas\u201d para se reinventar. Deu dicas a quem quer vencer: \u201cO maior concorrente que existe est\u00e1 dentro de n\u00f3s: o des\u00e2nimo, o pessimismo e o medo\u201d.<\/p>\n\n\n\n<figure class=\"wp-block-image size-large\"><img loading=\"lazy\" decoding=\"async\" width=\"768\" height=\"1024\" src=\"https:\/\/folhapopular.info\/wp-content\/uploads\/2025\/11\/Otelio-Drebes-mantem-conta-segredos-da-longevidade-pessoal-e-empresarial_LLB-768x1024.jpeg\" alt=\"\" class=\"wp-image-198800\" srcset=\"https:\/\/folhapopular.info\/wp-content\/uploads\/2025\/11\/Otelio-Drebes-mantem-conta-segredos-da-longevidade-pessoal-e-empresarial_LLB-768x1024.jpeg 768w, https:\/\/folhapopular.info\/wp-content\/uploads\/2025\/11\/Otelio-Drebes-mantem-conta-segredos-da-longevidade-pessoal-e-empresarial_LLB-225x300.jpeg 225w, https:\/\/folhapopular.info\/wp-content\/uploads\/2025\/11\/Otelio-Drebes-mantem-conta-segredos-da-longevidade-pessoal-e-empresarial_LLB-1152x1536.jpeg 1152w, https:\/\/folhapopular.info\/wp-content\/uploads\/2025\/11\/Otelio-Drebes-mantem-conta-segredos-da-longevidade-pessoal-e-empresarial_LLB-1536x2048.jpeg 1536w, https:\/\/folhapopular.info\/wp-content\/uploads\/2025\/11\/Otelio-Drebes-mantem-conta-segredos-da-longevidade-pessoal-e-empresarial_LLB-315x420.jpeg 315w, https:\/\/folhapopular.info\/wp-content\/uploads\/2025\/11\/Otelio-Drebes-mantem-conta-segredos-da-longevidade-pessoal-e-empresarial_LLB-696x928.jpeg 696w, https:\/\/folhapopular.info\/wp-content\/uploads\/2025\/11\/Otelio-Drebes-mantem-conta-segredos-da-longevidade-pessoal-e-empresarial_LLB-1068x1424.jpeg 1068w, https:\/\/folhapopular.info\/wp-content\/uploads\/2025\/11\/Otelio-Drebes-mantem-conta-segredos-da-longevidade-pessoal-e-empresarial_LLB-scaled.jpeg 1920w\" sizes=\"auto, (max-width: 768px) 100vw, 768px\" \/><figcaption class=\"wp-element-caption\"><br>Otelio Drebes contou segredos da longevidade pessoal e empresarial \/ Cr\u00e9dito: Lucas Leandro Brune<\/figcaption><\/figure>\n\n\n\n<p>A noite terminou com momentos de descontra\u00e7\u00e3o, m\u00fasica e participa\u00e7\u00e3o intensa do p\u00fablico. Com sua energia contagiante, Drebes refor\u00e7ou a mensagem central que atravessa sua trajet\u00f3ria: \u201cTudo come\u00e7a quando a gente sonha\u201d.<\/p>\n\n\n\n<p>Uma fala que resume a ess\u00eancia de sua visita a Teut\u00f4nia \u00e9 inspirar pessoas a acreditar em si mesmas e seguir adiante, com coragem, prop\u00f3sito e alegria. Os teutonienses o presentearam com a visita surpresa de uma bandinha t\u00edpica alem\u00e3, que tocou para o palestrante.<\/p>\n\n\n\n<figure class=\"wp-block-image size-large\"><img loading=\"lazy\" decoding=\"async\" width=\"576\" height=\"1024\" src=\"https:\/\/folhapopular.info\/wp-content\/uploads\/2025\/11\/Bandinha-surpreendeu-o-palestrante_LLB-576x1024.jpeg\" alt=\"\" class=\"wp-image-198802\" srcset=\"https:\/\/folhapopular.info\/wp-content\/uploads\/2025\/11\/Bandinha-surpreendeu-o-palestrante_LLB-576x1024.jpeg 576w, https:\/\/folhapopular.info\/wp-content\/uploads\/2025\/11\/Bandinha-surpreendeu-o-palestrante_LLB-169x300.jpeg 169w, https:\/\/folhapopular.info\/wp-content\/uploads\/2025\/11\/Bandinha-surpreendeu-o-palestrante_LLB-768x1365.jpeg 768w, https:\/\/folhapopular.info\/wp-content\/uploads\/2025\/11\/Bandinha-surpreendeu-o-palestrante_LLB-864x1536.jpeg 864w, https:\/\/folhapopular.info\/wp-content\/uploads\/2025\/11\/Bandinha-surpreendeu-o-palestrante_LLB-1152x2048.jpeg 1152w, https:\/\/folhapopular.info\/wp-content\/uploads\/2025\/11\/Bandinha-surpreendeu-o-palestrante_LLB-236x420.jpeg 236w, https:\/\/folhapopular.info\/wp-content\/uploads\/2025\/11\/Bandinha-surpreendeu-o-palestrante_LLB-696x1237.jpeg 696w, https:\/\/folhapopular.info\/wp-content\/uploads\/2025\/11\/Bandinha-surpreendeu-o-palestrante_LLB-1068x1899.jpeg 1068w, https:\/\/folhapopular.info\/wp-content\/uploads\/2025\/11\/Bandinha-surpreendeu-o-palestrante_LLB-1920x3413.jpeg 1920w, https:\/\/folhapopular.info\/wp-content\/uploads\/2025\/11\/Bandinha-surpreendeu-o-palestrante_LLB-scaled.jpeg 1440w\" sizes=\"auto, (max-width: 576px) 100vw, 576px\" \/><figcaption class=\"wp-element-caption\"><br>Bandinha surpreendeu o palestrante \/ Cr\u00e9dito: Lucas Leandro Brune<\/figcaption><\/figure>\n\n\n\n<h2 class=\"wp-block-heading\"><strong>Verdades <\/strong><\/h2>\n\n\n\n<p>O palestrante compartilhou quatro verdades que considera essenciais para uma vida longa e plena:<\/p>\n\n\n\n<p>1) Investir na sa\u00fade e cuidar do corpo;<\/p>\n\n\n\n<p>2) Gostar de gente, come\u00e7ando por gostar de si mesmo;<\/p>\n\n\n\n<p>3) Ter f\u00e9;<\/p>\n\n\n\n<p>4) Nunca parar de aprender.<\/p>\n\n\n\n<p><\/p>\n","protected":false},"excerpt":{"rendered":"<p>A noite de ter\u00e7a-feira (18\/11) reuniu cerca de 700 pessoas na Associa\u00e7\u00e3o da \u00c1gua, em Teut\u00f4nia, para a palestra show de Otelio Drebes, fundador das Lojas Lebes. O evento teve car\u00e1ter beneficente e arrecadou mais de 500 quilos de alimentos, destinados \u00e0 Apae, Lions, Rotary e Hospital Ouro Branco. Aos 91 anos, o empres\u00e1rio emocionou [&hellip;]<\/p>\n","protected":false},"author":7,"featured_media":198799,"comment_status":"open","ping_status":"open","sticky":false,"template":"","format":"standard","meta":{"pmpro_default_level":"","_jetpack_memberships_contains_paid_content":false,"footnotes":""},"categories":[2,10999,6],"tags":[566,461,45,26],"class_list":{"0":"post-198798","1":"post","2":"type-post","3":"status-publish","4":"format-standard","5":"has-post-thumbnail","7":"category-featured","8":"category-entretenimento","9":"category-inclusive","10":"tag-lojas-lebes","11":"tag-otelio-drebes","12":"tag-palestra","13":"tag-teutonia","14":"pmpro-has-access"},"yoast_head":"<!-- This site is optimized with the Yoast SEO plugin v27.5 - https:\/\/yoast.com\/product\/yoast-seo-wordpress\/ -->\n<title>Otelio Drebes emociona p\u00fablico com relatos de vida, supera\u00e7\u00e3o e solidariedade - Folha Popular<\/title>\n<meta name=\"robots\" content=\"index, follow, max-snippet:-1, max-image-preview:large, max-video-preview:-1\" \/>\n<link rel=\"canonical\" href=\"https:\/\/folhapopular.info\/index.php\/2025\/11\/22\/otelio-drebes-emociona-publico-com-relatos-de-vida-superacao-e-solidariedade\/\" \/>\n<meta property=\"og:locale\" content=\"pt_BR\" \/>\n<meta property=\"og:type\" content=\"article\" \/>\n<meta property=\"og:title\" content=\"Otelio Drebes emociona p\u00fablico com relatos de vida, supera\u00e7\u00e3o e solidariedade - Folha Popular\" \/>\n<meta property=\"og:description\" content=\"A noite de ter\u00e7a-feira (18\/11) reuniu cerca de 700 pessoas na Associa\u00e7\u00e3o da \u00c1gua, em Teut\u00f4nia, para a palestra show de Otelio Drebes, fundador das Lojas Lebes. O evento teve car\u00e1ter beneficente e arrecadou mais de 500 quilos de alimentos, destinados \u00e0 Apae, Lions, Rotary e Hospital Ouro Branco. Aos 91 anos, o empres\u00e1rio emocionou [&hellip;]\" \/>\n<meta property=\"og:url\" content=\"https:\/\/folhapopular.info\/index.php\/2025\/11\/22\/otelio-drebes-emociona-publico-com-relatos-de-vida-superacao-e-solidariedade\/\" \/>\n<meta property=\"og:site_name\" content=\"Folha Popular\" \/>\n<meta property=\"article:published_time\" content=\"2025-11-22T17:00:00+00:00\" \/>\n<meta property=\"og:image\" content=\"https:\/\/folhapopular.info\/wp-content\/uploads\/2025\/11\/Entidades-foram-contempladas-com-alimentos-doados-pela-plateia_LLB-scaled.jpeg\" \/>\n\t<meta property=\"og:image:width\" content=\"2560\" \/>\n\t<meta property=\"og:image:height\" content=\"1920\" \/>\n\t<meta property=\"og:image:type\" content=\"image\/jpeg\" \/>\n<meta name=\"author\" content=\"Lucas Leandro Brune\" \/>\n<meta name=\"twitter:card\" content=\"summary_large_image\" \/>\n<meta name=\"twitter:label1\" content=\"Escrito por\" \/>\n\t<meta name=\"twitter:data1\" content=\"Lucas Leandro Brune\" \/>\n\t<meta name=\"twitter:label2\" content=\"Est. tempo de leitura\" \/>\n\t<meta name=\"twitter:data2\" content=\"4 minutos\" \/>\n<script type=\"application\/ld+json\" class=\"yoast-schema-graph\">{\"@context\":\"https:\\\/\\\/schema.org\",\"@graph\":[{\"@type\":\"Article\",\"@id\":\"https:\\\/\\\/folhapopular.info\\\/index.php\\\/2025\\\/11\\\/22\\\/otelio-drebes-emociona-publico-com-relatos-de-vida-superacao-e-solidariedade\\\/#article\",\"isPartOf\":{\"@id\":\"https:\\\/\\\/folhapopular.info\\\/index.php\\\/2025\\\/11\\\/22\\\/otelio-drebes-emociona-publico-com-relatos-de-vida-superacao-e-solidariedade\\\/\"},\"author\":{\"name\":\"Lucas Leandro Brune\",\"@id\":\"https:\\\/\\\/folhapopular.info\\\/#\\\/schema\\\/person\\\/533a15f60cd49e81ab3a90b4ca33cb36\"},\"headline\":\"Otelio Drebes emociona p\u00fablico com relatos de vida, supera\u00e7\u00e3o e solidariedade\",\"datePublished\":\"2025-11-22T17:00:00+00:00\",\"mainEntityOfPage\":{\"@id\":\"https:\\\/\\\/folhapopular.info\\\/index.php\\\/2025\\\/11\\\/22\\\/otelio-drebes-emociona-publico-com-relatos-de-vida-superacao-e-solidariedade\\\/\"},\"wordCount\":503,\"commentCount\":0,\"image\":{\"@id\":\"https:\\\/\\\/folhapopular.info\\\/index.php\\\/2025\\\/11\\\/22\\\/otelio-drebes-emociona-publico-com-relatos-de-vida-superacao-e-solidariedade\\\/#primaryimage\"},\"thumbnailUrl\":\"https:\\\/\\\/folhapopular.info\\\/wp-content\\\/uploads\\\/2025\\\/11\\\/Entidades-foram-contempladas-com-alimentos-doados-pela-plateia_LLB-scaled.jpeg\",\"keywords\":[\"Lojas Lebes\",\"Otelio Drebes\",\"palestra\",\"Teut\u00f4nia\"],\"articleSection\":[\"Destaques\",\"Entretenimento\",\"Inclusive\"],\"inLanguage\":\"pt-BR\",\"potentialAction\":[{\"@type\":\"CommentAction\",\"name\":\"Comment\",\"target\":[\"https:\\\/\\\/folhapopular.info\\\/index.php\\\/2025\\\/11\\\/22\\\/otelio-drebes-emociona-publico-com-relatos-de-vida-superacao-e-solidariedade\\\/#respond\"]}]},{\"@type\":\"WebPage\",\"@id\":\"https:\\\/\\\/folhapopular.info\\\/index.php\\\/2025\\\/11\\\/22\\\/otelio-drebes-emociona-publico-com-relatos-de-vida-superacao-e-solidariedade\\\/\",\"url\":\"https:\\\/\\\/folhapopular.info\\\/index.php\\\/2025\\\/11\\\/22\\\/otelio-drebes-emociona-publico-com-relatos-de-vida-superacao-e-solidariedade\\\/\",\"name\":\"Otelio Drebes emociona p\u00fablico com relatos de vida, supera\u00e7\u00e3o e solidariedade - Folha Popular\",\"isPartOf\":{\"@id\":\"https:\\\/\\\/folhapopular.info\\\/#website\"},\"primaryImageOfPage\":{\"@id\":\"https:\\\/\\\/folhapopular.info\\\/index.php\\\/2025\\\/11\\\/22\\\/otelio-drebes-emociona-publico-com-relatos-de-vida-superacao-e-solidariedade\\\/#primaryimage\"},\"image\":{\"@id\":\"https:\\\/\\\/folhapopular.info\\\/index.php\\\/2025\\\/11\\\/22\\\/otelio-drebes-emociona-publico-com-relatos-de-vida-superacao-e-solidariedade\\\/#primaryimage\"},\"thumbnailUrl\":\"https:\\\/\\\/folhapopular.info\\\/wp-content\\\/uploads\\\/2025\\\/11\\\/Entidades-foram-contempladas-com-alimentos-doados-pela-plateia_LLB-scaled.jpeg\",\"datePublished\":\"2025-11-22T17:00:00+00:00\",\"author\":{\"@id\":\"https:\\\/\\\/folhapopular.info\\\/#\\\/schema\\\/person\\\/533a15f60cd49e81ab3a90b4ca33cb36\"},\"breadcrumb\":{\"@id\":\"https:\\\/\\\/folhapopular.info\\\/index.php\\\/2025\\\/11\\\/22\\\/otelio-drebes-emociona-publico-com-relatos-de-vida-superacao-e-solidariedade\\\/#breadcrumb\"},\"inLanguage\":\"pt-BR\",\"potentialAction\":[{\"@type\":\"ReadAction\",\"target\":[\"https:\\\/\\\/folhapopular.info\\\/index.php\\\/2025\\\/11\\\/22\\\/otelio-drebes-emociona-publico-com-relatos-de-vida-superacao-e-solidariedade\\\/\"]}]},{\"@type\":\"ImageObject\",\"inLanguage\":\"pt-BR\",\"@id\":\"https:\\\/\\\/folhapopular.info\\\/index.php\\\/2025\\\/11\\\/22\\\/otelio-drebes-emociona-publico-com-relatos-de-vida-superacao-e-solidariedade\\\/#primaryimage\",\"url\":\"https:\\\/\\\/folhapopular.info\\\/wp-content\\\/uploads\\\/2025\\\/11\\\/Entidades-foram-contempladas-com-alimentos-doados-pela-plateia_LLB-scaled.jpeg\",\"contentUrl\":\"https:\\\/\\\/folhapopular.info\\\/wp-content\\\/uploads\\\/2025\\\/11\\\/Entidades-foram-contempladas-com-alimentos-doados-pela-plateia_LLB-scaled.jpeg\",\"width\":2560,\"height\":1920,\"caption\":\"Entidades foram contempladas com alimentos doados pela plateia \\\/ Cr\u00e9dito: Lucas Leandro Brune\"},{\"@type\":\"BreadcrumbList\",\"@id\":\"https:\\\/\\\/folhapopular.info\\\/index.php\\\/2025\\\/11\\\/22\\\/otelio-drebes-emociona-publico-com-relatos-de-vida-superacao-e-solidariedade\\\/#breadcrumb\",\"itemListElement\":[{\"@type\":\"ListItem\",\"position\":1,\"name\":\"In\u00edcio\",\"item\":\"https:\\\/\\\/folhapopular.info\\\/\"},{\"@type\":\"ListItem\",\"position\":2,\"name\":\"Otelio Drebes emociona p\u00fablico com relatos de vida, supera\u00e7\u00e3o e solidariedade\"}]},{\"@type\":\"WebSite\",\"@id\":\"https:\\\/\\\/folhapopular.info\\\/#website\",\"url\":\"https:\\\/\\\/folhapopular.info\\\/\",\"name\":\"Folha Popular\",\"description\":\"Onde voc\u00ea tem vez e voz\",\"potentialAction\":[{\"@type\":\"SearchAction\",\"target\":{\"@type\":\"EntryPoint\",\"urlTemplate\":\"https:\\\/\\\/folhapopular.info\\\/?s={search_term_string}\"},\"query-input\":{\"@type\":\"PropertyValueSpecification\",\"valueRequired\":true,\"valueName\":\"search_term_string\"}}],\"inLanguage\":\"pt-BR\"},{\"@type\":\"Person\",\"@id\":\"https:\\\/\\\/folhapopular.info\\\/#\\\/schema\\\/person\\\/533a15f60cd49e81ab3a90b4ca33cb36\",\"name\":\"Lucas Leandro Brune\",\"image\":{\"@type\":\"ImageObject\",\"inLanguage\":\"pt-BR\",\"@id\":\"https:\\\/\\\/folhapopular.info\\\/wp-content\\\/uploads\\\/2026\\\/04\\\/LUCAS-1-1.webp\",\"url\":\"https:\\\/\\\/folhapopular.info\\\/wp-content\\\/uploads\\\/2026\\\/04\\\/LUCAS-1-1.webp\",\"contentUrl\":\"https:\\\/\\\/folhapopular.info\\\/wp-content\\\/uploads\\\/2026\\\/04\\\/LUCAS-1-1.webp\",\"caption\":\"Lucas Leandro Brune\"},\"description\":\"Jornalista Profissional Diplomado MTB\\\/RS 14.333\",\"url\":\"https:\\\/\\\/folhapopular.info\\\/index.php\\\/author\\\/lucas-brune\\\/\"}]}<\/script>\n<!-- \/ Yoast SEO plugin. -->","yoast_head_json":{"title":"Otelio Drebes emociona p\u00fablico com relatos de vida, supera\u00e7\u00e3o e solidariedade - Folha Popular","robots":{"index":"index","follow":"follow","max-snippet":"max-snippet:-1","max-image-preview":"max-image-preview:large","max-video-preview":"max-video-preview:-1"},"canonical":"https:\/\/folhapopular.info\/index.php\/2025\/11\/22\/otelio-drebes-emociona-publico-com-relatos-de-vida-superacao-e-solidariedade\/","og_locale":"pt_BR","og_type":"article","og_title":"Otelio Drebes emociona p\u00fablico com relatos de vida, supera\u00e7\u00e3o e solidariedade - Folha Popular","og_description":"A noite de ter\u00e7a-feira (18\/11) reuniu cerca de 700 pessoas na Associa\u00e7\u00e3o da \u00c1gua, em Teut\u00f4nia, para a palestra show de Otelio Drebes, fundador das Lojas Lebes. O evento teve car\u00e1ter beneficente e arrecadou mais de 500 quilos de alimentos, destinados \u00e0 Apae, Lions, Rotary e Hospital Ouro Branco. Aos 91 anos, o empres\u00e1rio emocionou [&hellip;]","og_url":"https:\/\/folhapopular.info\/index.php\/2025\/11\/22\/otelio-drebes-emociona-publico-com-relatos-de-vida-superacao-e-solidariedade\/","og_site_name":"Folha Popular","article_published_time":"2025-11-22T17:00:00+00:00","og_image":[{"width":2560,"height":1920,"url":"https:\/\/folhapopular.info\/wp-content\/uploads\/2025\/11\/Entidades-foram-contempladas-com-alimentos-doados-pela-plateia_LLB-scaled.jpeg","type":"image\/jpeg"}],"author":"Lucas Leandro Brune","twitter_card":"summary_large_image","twitter_misc":{"Escrito por":"Lucas Leandro Brune","Est. tempo de leitura":"4 minutos"},"schema":{"@context":"https:\/\/schema.org","@graph":[{"@type":"Article","@id":"https:\/\/folhapopular.info\/index.php\/2025\/11\/22\/otelio-drebes-emociona-publico-com-relatos-de-vida-superacao-e-solidariedade\/#article","isPartOf":{"@id":"https:\/\/folhapopular.info\/index.php\/2025\/11\/22\/otelio-drebes-emociona-publico-com-relatos-de-vida-superacao-e-solidariedade\/"},"author":{"name":"Lucas Leandro Brune","@id":"https:\/\/folhapopular.info\/#\/schema\/person\/533a15f60cd49e81ab3a90b4ca33cb36"},"headline":"Otelio Drebes emociona p\u00fablico com relatos de vida, supera\u00e7\u00e3o e solidariedade","datePublished":"2025-11-22T17:00:00+00:00","mainEntityOfPage":{"@id":"https:\/\/folhapopular.info\/index.php\/2025\/11\/22\/otelio-drebes-emociona-publico-com-relatos-de-vida-superacao-e-solidariedade\/"},"wordCount":503,"commentCount":0,"image":{"@id":"https:\/\/folhapopular.info\/index.php\/2025\/11\/22\/otelio-drebes-emociona-publico-com-relatos-de-vida-superacao-e-solidariedade\/#primaryimage"},"thumbnailUrl":"https:\/\/folhapopular.info\/wp-content\/uploads\/2025\/11\/Entidades-foram-contempladas-com-alimentos-doados-pela-plateia_LLB-scaled.jpeg","keywords":["Lojas Lebes","Otelio Drebes","palestra","Teut\u00f4nia"],"articleSection":["Destaques","Entretenimento","Inclusive"],"inLanguage":"pt-BR","potentialAction":[{"@type":"CommentAction","name":"Comment","target":["https:\/\/folhapopular.info\/index.php\/2025\/11\/22\/otelio-drebes-emociona-publico-com-relatos-de-vida-superacao-e-solidariedade\/#respond"]}]},{"@type":"WebPage","@id":"https:\/\/folhapopular.info\/index.php\/2025\/11\/22\/otelio-drebes-emociona-publico-com-relatos-de-vida-superacao-e-solidariedade\/","url":"https:\/\/folhapopular.info\/index.php\/2025\/11\/22\/otelio-drebes-emociona-publico-com-relatos-de-vida-superacao-e-solidariedade\/","name":"Otelio Drebes emociona p\u00fablico com relatos de vida, supera\u00e7\u00e3o e solidariedade - Folha Popular","isPartOf":{"@id":"https:\/\/folhapopular.info\/#website"},"primaryImageOfPage":{"@id":"https:\/\/folhapopular.info\/index.php\/2025\/11\/22\/otelio-drebes-emociona-publico-com-relatos-de-vida-superacao-e-solidariedade\/#primaryimage"},"image":{"@id":"https:\/\/folhapopular.info\/index.php\/2025\/11\/22\/otelio-drebes-emociona-publico-com-relatos-de-vida-superacao-e-solidariedade\/#primaryimage"},"thumbnailUrl":"https:\/\/folhapopular.info\/wp-content\/uploads\/2025\/11\/Entidades-foram-contempladas-com-alimentos-doados-pela-plateia_LLB-scaled.jpeg","datePublished":"2025-11-22T17:00:00+00:00","author":{"@id":"https:\/\/folhapopular.info\/#\/schema\/person\/533a15f60cd49e81ab3a90b4ca33cb36"},"breadcrumb":{"@id":"https:\/\/folhapopular.info\/index.php\/2025\/11\/22\/otelio-drebes-emociona-publico-com-relatos-de-vida-superacao-e-solidariedade\/#breadcrumb"},"inLanguage":"pt-BR","potentialAction":[{"@type":"ReadAction","target":["https:\/\/folhapopular.info\/index.php\/2025\/11\/22\/otelio-drebes-emociona-publico-com-relatos-de-vida-superacao-e-solidariedade\/"]}]},{"@type":"ImageObject","inLanguage":"pt-BR","@id":"https:\/\/folhapopular.info\/index.php\/2025\/11\/22\/otelio-drebes-emociona-publico-com-relatos-de-vida-superacao-e-solidariedade\/#primaryimage","url":"https:\/\/folhapopular.info\/wp-content\/uploads\/2025\/11\/Entidades-foram-contempladas-com-alimentos-doados-pela-plateia_LLB-scaled.jpeg","contentUrl":"https:\/\/folhapopular.info\/wp-content\/uploads\/2025\/11\/Entidades-foram-contempladas-com-alimentos-doados-pela-plateia_LLB-scaled.jpeg","width":2560,"height":1920,"caption":"Entidades foram contempladas com alimentos doados pela plateia \/ Cr\u00e9dito: Lucas Leandro Brune"},{"@type":"BreadcrumbList","@id":"https:\/\/folhapopular.info\/index.php\/2025\/11\/22\/otelio-drebes-emociona-publico-com-relatos-de-vida-superacao-e-solidariedade\/#breadcrumb","itemListElement":[{"@type":"ListItem","position":1,"name":"In\u00edcio","item":"https:\/\/folhapopular.info\/"},{"@type":"ListItem","position":2,"name":"Otelio Drebes emociona p\u00fablico com relatos de vida, supera\u00e7\u00e3o e solidariedade"}]},{"@type":"WebSite","@id":"https:\/\/folhapopular.info\/#website","url":"https:\/\/folhapopular.info\/","name":"Folha Popular","description":"Onde voc\u00ea tem vez e voz","potentialAction":[{"@type":"SearchAction","target":{"@type":"EntryPoint","urlTemplate":"https:\/\/folhapopular.info\/?s={search_term_string}"},"query-input":{"@type":"PropertyValueSpecification","valueRequired":true,"valueName":"search_term_string"}}],"inLanguage":"pt-BR"},{"@type":"Person","@id":"https:\/\/folhapopular.info\/#\/schema\/person\/533a15f60cd49e81ab3a90b4ca33cb36","name":"Lucas Leandro Brune","image":{"@type":"ImageObject","inLanguage":"pt-BR","@id":"https:\/\/folhapopular.info\/wp-content\/uploads\/2026\/04\/LUCAS-1-1.webp","url":"https:\/\/folhapopular.info\/wp-content\/uploads\/2026\/04\/LUCAS-1-1.webp","contentUrl":"https:\/\/folhapopular.info\/wp-content\/uploads\/2026\/04\/LUCAS-1-1.webp","caption":"Lucas Leandro Brune"},"description":"Jornalista Profissional Diplomado MTB\/RS 14.333","url":"https:\/\/folhapopular.info\/index.php\/author\/lucas-brune\/"}]}},"jetpack_featured_media_url":"https:\/\/folhapopular.info\/wp-content\/uploads\/2025\/11\/Entidades-foram-contempladas-com-alimentos-doados-pela-plateia_LLB-scaled.jpeg","jetpack_sharing_enabled":true,"amp_enabled":true,"_links":{"self":[{"href":"https:\/\/folhapopular.info\/index.php\/wp-json\/wp\/v2\/posts\/198798","targetHints":{"allow":["GET"]}}],"collection":[{"href":"https:\/\/folhapopular.info\/index.php\/wp-json\/wp\/v2\/posts"}],"about":[{"href":"https:\/\/folhapopular.info\/index.php\/wp-json\/wp\/v2\/types\/post"}],"author":[{"embeddable":true,"href":"https:\/\/folhapopular.info\/index.php\/wp-json\/wp\/v2\/users\/7"}],"replies":[{"embeddable":true,"href":"https:\/\/folhapopular.info\/index.php\/wp-json\/wp\/v2\/comments?post=198798"}],"version-history":[{"count":0,"href":"https:\/\/folhapopular.info\/index.php\/wp-json\/wp\/v2\/posts\/198798\/revisions"}],"wp:featuredmedia":[{"embeddable":true,"href":"https:\/\/folhapopular.info\/index.php\/wp-json\/wp\/v2\/media\/198799"}],"wp:attachment":[{"href":"https:\/\/folhapopular.info\/index.php\/wp-json\/wp\/v2\/media?parent=198798"}],"wp:term":[{"taxonomy":"category","embeddable":true,"href":"https:\/\/folhapopular.info\/index.php\/wp-json\/wp\/v2\/categories?post=198798"},{"taxonomy":"post_tag","embeddable":true,"href":"https:\/\/folhapopular.info\/index.php\/wp-json\/wp\/v2\/tags?post=198798"}],"curies":[{"name":"wp","href":"https:\/\/api.w.org\/{rel}","templated":true}]}}