{"id":198816,"date":"2025-11-23T14:00:00","date_gmt":"2025-11-23T17:00:00","guid":{"rendered":"https:\/\/folhapopular.info\/?p=198816"},"modified":"2025-11-22T10:22:11","modified_gmt":"2025-11-22T13:22:11","slug":"reload-promete-conectar-varejo-regional-as-principais-tendencias","status":"publish","type":"post","link":"https:\/\/folhapopular.info\/index.php\/2025\/11\/23\/reload-promete-conectar-varejo-regional-as-principais-tendencias\/","title":{"rendered":"Reload promete conectar varejo regional \u00e0s principais tend\u00eancias"},"content":{"rendered":"\n<p>Em um evento que reuniu empres\u00e1rios, imprensa e convidados na quarta-feira (19\/11), no Sesc Lajeado, o Sindilojas Vale do Taquari lan\u00e7ou oficialmente a 11\u00aa edi\u00e7\u00e3o do <em>Reload<\/em>, marcada para dia 16 de abril de 2026 no Clube Tiro e Ca\u00e7a, em Lajeado. Com o tema \u201cO <em>Reload<\/em> 2026 t\u00e1 <em>on<\/em>\u201d, a iniciativa, realizada em parceria com o Sistema Fecom\u00e9rcio-RS, Sesc e Senac, se consolida como o principal evento de experi\u00eancias e inova\u00e7\u00e3o para o varejo da regi\u00e3o.<\/p>\n\n\n\n<p>A solenidade de lan\u00e7amento n\u00e3o apenas antecipou a data, mas detalhou a proposta, que busca fortalecer a conex\u00e3o entre marcas, empresas e o projeto. Ao mesmo tempo, apresentou os servi\u00e7os e programas dispon\u00edveis para empresas e colaboradores por meio da parceria institucional.<\/p>\n\n\n\n<p>O presidente do Sindilojas Vale do Taquari, Giraldo Sandri, n\u00e3o escondeu o entusiasmo. \u201c\u00c9 um prazer lan\u00e7ar de novo o nosso grande evento que \u00e9 o <em>Reload<\/em>. Convido a regi\u00e3o para participar. Ser\u00e1 um evento de grandeza, com bons palestrantes, e Lajeado e regi\u00e3o ser\u00e3o beneficiadas com isso\u201d, declarou.<\/p>\n\n\n\n<p>Sandri fez surpresa sobre o nome de uma palestrante que deve estar presente para abordar a economia. \u201cEla vai falar sobre o ano que passou e a expectativa para o pr\u00f3ximo. Para quem gosta de economia e quer uma perspectiva do que vai acontecer, com certeza ela dar\u00e1 os caminhos para a gente entender\u201d, completou o presidente.<\/p>\n\n\n\n<p>A for\u00e7a da parceria foi destacada pela diretora do Senac Lajeado, Etiene Azambuja, que fala sobre a import\u00e2ncia do associativismo. \u201cO Sistema Fecom\u00e9rcio existe para apoiar o com\u00e9rcio, e o Senac, como o bra\u00e7o operacional de capacita\u00e7\u00e3o, traz para o trabalhador valores diferenciados e forma\u00e7\u00e3o para que ele possa crescer e desenvolver novas compet\u00eancias\u201d, explicou.<\/p>\n\n\n\n<p>Sobre o <em>Reload<\/em> 2026, Etiene adiantou que a comiss\u00e3o organizadora busca sempre inovar. \u201cJ\u00e1 vamos para a 11\u00aa edi\u00e7\u00e3o e sempre buscando trazer novidades. O que a gente pode dizer \u00e9 que vai ser novamente um evento diferente e surpreendente, sempre com capacita\u00e7\u00e3o e motiva\u00e7\u00e3o\u201d, prometeu a diretora.<\/p>\n\n\n\n<h2 class=\"wp-block-heading\"><strong>Reload 2026 \u2018t\u00e1 on\u2019<\/strong><\/h2>\n\n\n\n<p>Programa\u00e7\u00e3o oficial do evento foi apresentada durante o lan\u00e7amento. O conceito \u201ct\u00e1 <em>on<\/em>\u201d ser\u00e1 explorado em tr\u00eas pilares principais. \u00c0s 19h15, a palestra \u201cIntelig\u00eancia artificial no varejo\u201d trar\u00e1 aplica\u00e7\u00f5es reais de IA para vender melhor, atender com mais agilidade e compreender o comportamento do cliente.<\/p>\n\n\n\n<p>\u00c0s 20h, o foco ser\u00e1 em \u201cComo cuidar do seu bolso nesse mundo <em>ON<\/em>\u201d, referindo-se \u00e0 gest\u00e3o das contas pessoais e como ela impacta diretamente os resultados dos neg\u00f3cios e as rela\u00e7\u00f5es de trabalho.<\/p>\n\n\n\n<p>\u00c0s 21h ocorre a palestra principal, \u201cEmo\u00e7\u00f5es em alta\u201d, com o terapeuta comportamental Rafael Muller, especialista em Intelig\u00eancia Emocional. A palestra promete ser inspiradora e envolvente, desvendando trilhas pessoais para o sucesso e o poder da mente no desempenho de vendas.<\/p>\n\n\n\n<p>O encerramento, marcado para as 22h, ser\u00e1 uma experi\u00eancia sensorial com luzes, m\u00fasica e uma mensagem coletiva, convidando todos a \u201cdesligarem o modo autom\u00e1tico e viverem o seu modo <em>ON<\/em>\u201d.<\/p>\n","protected":false},"excerpt":{"rendered":"<p>Em um evento que reuniu empres\u00e1rios, imprensa e convidados na quarta-feira (19\/11), no Sesc Lajeado, o Sindilojas Vale do Taquari lan\u00e7ou oficialmente a 11\u00aa edi\u00e7\u00e3o do Reload, marcada para dia 16 de abril de 2026 no Clube Tiro e Ca\u00e7a, em Lajeado. Com o tema \u201cO Reload 2026 t\u00e1 on\u201d, a iniciativa, realizada em parceria [&hellip;]<\/p>\n","protected":false},"author":772,"featured_media":198817,"comment_status":"open","ping_status":"open","sticky":false,"template":"","format":"standard","meta":{"pmpro_default_level":"","_jetpack_memberships_contains_paid_content":false,"footnotes":""},"categories":[2,10991,12473],"tags":[27,14075,19801,5774],"class_list":{"0":"post-198816","1":"post","2":"type-post","3":"status-publish","4":"format-standard","5":"has-post-thumbnail","7":"category-featured","8":"category-economia","9":"category-negocios","10":"tag-lajeado","11":"tag-reload","12":"tag-reload-2026","13":"tag-sindilojas","14":"pmpro-has-access"},"yoast_head":"<!-- This site is optimized with the Yoast SEO plugin v27.5 - https:\/\/yoast.com\/product\/yoast-seo-wordpress\/ -->\n<title>Reload promete conectar varejo regional \u00e0s principais tend\u00eancias - Folha Popular<\/title>\n<meta name=\"robots\" content=\"index, follow, max-snippet:-1, max-image-preview:large, max-video-preview:-1\" \/>\n<link rel=\"canonical\" href=\"https:\/\/folhapopular.info\/index.php\/2025\/11\/23\/reload-promete-conectar-varejo-regional-as-principais-tendencias\/\" \/>\n<meta property=\"og:locale\" content=\"pt_BR\" \/>\n<meta property=\"og:type\" content=\"article\" \/>\n<meta property=\"og:title\" content=\"Reload promete conectar varejo regional \u00e0s principais tend\u00eancias - Folha Popular\" \/>\n<meta property=\"og:description\" content=\"Em um evento que reuniu empres\u00e1rios, imprensa e convidados na quarta-feira (19\/11), no Sesc Lajeado, o Sindilojas Vale do Taquari lan\u00e7ou oficialmente a 11\u00aa edi\u00e7\u00e3o do Reload, marcada para dia 16 de abril de 2026 no Clube Tiro e Ca\u00e7a, em Lajeado. Com o tema \u201cO Reload 2026 t\u00e1 on\u201d, a iniciativa, realizada em parceria [&hellip;]\" \/>\n<meta property=\"og:url\" content=\"https:\/\/folhapopular.info\/index.php\/2025\/11\/23\/reload-promete-conectar-varejo-regional-as-principais-tendencias\/\" \/>\n<meta property=\"og:site_name\" content=\"Folha Popular\" \/>\n<meta property=\"article:published_time\" content=\"2025-11-23T17:00:00+00:00\" \/>\n<meta property=\"og:image\" content=\"https:\/\/folhapopular.info\/wp-content\/uploads\/2025\/11\/Lancamento-Reload-Sindilojas.jpeg\" \/>\n\t<meta property=\"og:image:width\" content=\"1280\" \/>\n\t<meta property=\"og:image:height\" content=\"960\" \/>\n\t<meta property=\"og:image:type\" content=\"image\/jpeg\" \/>\n<meta name=\"author\" content=\"Anderson Lopes\" \/>\n<meta name=\"twitter:card\" content=\"summary_large_image\" \/>\n<meta name=\"twitter:label1\" content=\"Escrito por\" \/>\n\t<meta name=\"twitter:data1\" content=\"Anderson Lopes\" \/>\n\t<meta name=\"twitter:label2\" content=\"Est. tempo de leitura\" \/>\n\t<meta name=\"twitter:data2\" content=\"3 minutos\" \/>\n<script type=\"application\/ld+json\" class=\"yoast-schema-graph\">{\"@context\":\"https:\\\/\\\/schema.org\",\"@graph\":[{\"@type\":\"Article\",\"@id\":\"https:\\\/\\\/folhapopular.info\\\/index.php\\\/2025\\\/11\\\/23\\\/reload-promete-conectar-varejo-regional-as-principais-tendencias\\\/#article\",\"isPartOf\":{\"@id\":\"https:\\\/\\\/folhapopular.info\\\/index.php\\\/2025\\\/11\\\/23\\\/reload-promete-conectar-varejo-regional-as-principais-tendencias\\\/\"},\"author\":{\"name\":\"Anderson Lopes\",\"@id\":\"https:\\\/\\\/folhapopular.info\\\/#\\\/schema\\\/person\\\/50fd7636116370b67381921e65092a49\"},\"headline\":\"Reload promete conectar varejo regional \u00e0s principais tend\u00eancias\",\"datePublished\":\"2025-11-23T17:00:00+00:00\",\"mainEntityOfPage\":{\"@id\":\"https:\\\/\\\/folhapopular.info\\\/index.php\\\/2025\\\/11\\\/23\\\/reload-promete-conectar-varejo-regional-as-principais-tendencias\\\/\"},\"wordCount\":523,\"commentCount\":0,\"image\":{\"@id\":\"https:\\\/\\\/folhapopular.info\\\/index.php\\\/2025\\\/11\\\/23\\\/reload-promete-conectar-varejo-regional-as-principais-tendencias\\\/#primaryimage\"},\"thumbnailUrl\":\"https:\\\/\\\/folhapopular.info\\\/wp-content\\\/uploads\\\/2025\\\/11\\\/Lancamento-Reload-Sindilojas.jpeg\",\"keywords\":[\"Lajeado\",\"Reload\",\"Reload 2026\",\"Sindilojas\"],\"articleSection\":[\"Destaques\",\"Economia\",\"Neg\u00f3cios\"],\"inLanguage\":\"pt-BR\",\"potentialAction\":[{\"@type\":\"CommentAction\",\"name\":\"Comment\",\"target\":[\"https:\\\/\\\/folhapopular.info\\\/index.php\\\/2025\\\/11\\\/23\\\/reload-promete-conectar-varejo-regional-as-principais-tendencias\\\/#respond\"]}]},{\"@type\":\"WebPage\",\"@id\":\"https:\\\/\\\/folhapopular.info\\\/index.php\\\/2025\\\/11\\\/23\\\/reload-promete-conectar-varejo-regional-as-principais-tendencias\\\/\",\"url\":\"https:\\\/\\\/folhapopular.info\\\/index.php\\\/2025\\\/11\\\/23\\\/reload-promete-conectar-varejo-regional-as-principais-tendencias\\\/\",\"name\":\"Reload promete conectar varejo regional \u00e0s principais tend\u00eancias - Folha Popular\",\"isPartOf\":{\"@id\":\"https:\\\/\\\/folhapopular.info\\\/#website\"},\"primaryImageOfPage\":{\"@id\":\"https:\\\/\\\/folhapopular.info\\\/index.php\\\/2025\\\/11\\\/23\\\/reload-promete-conectar-varejo-regional-as-principais-tendencias\\\/#primaryimage\"},\"image\":{\"@id\":\"https:\\\/\\\/folhapopular.info\\\/index.php\\\/2025\\\/11\\\/23\\\/reload-promete-conectar-varejo-regional-as-principais-tendencias\\\/#primaryimage\"},\"thumbnailUrl\":\"https:\\\/\\\/folhapopular.info\\\/wp-content\\\/uploads\\\/2025\\\/11\\\/Lancamento-Reload-Sindilojas.jpeg\",\"datePublished\":\"2025-11-23T17:00:00+00:00\",\"author\":{\"@id\":\"https:\\\/\\\/folhapopular.info\\\/#\\\/schema\\\/person\\\/50fd7636116370b67381921e65092a49\"},\"breadcrumb\":{\"@id\":\"https:\\\/\\\/folhapopular.info\\\/index.php\\\/2025\\\/11\\\/23\\\/reload-promete-conectar-varejo-regional-as-principais-tendencias\\\/#breadcrumb\"},\"inLanguage\":\"pt-BR\",\"potentialAction\":[{\"@type\":\"ReadAction\",\"target\":[\"https:\\\/\\\/folhapopular.info\\\/index.php\\\/2025\\\/11\\\/23\\\/reload-promete-conectar-varejo-regional-as-principais-tendencias\\\/\"]}]},{\"@type\":\"ImageObject\",\"inLanguage\":\"pt-BR\",\"@id\":\"https:\\\/\\\/folhapopular.info\\\/index.php\\\/2025\\\/11\\\/23\\\/reload-promete-conectar-varejo-regional-as-principais-tendencias\\\/#primaryimage\",\"url\":\"https:\\\/\\\/folhapopular.info\\\/wp-content\\\/uploads\\\/2025\\\/11\\\/Lancamento-Reload-Sindilojas.jpeg\",\"contentUrl\":\"https:\\\/\\\/folhapopular.info\\\/wp-content\\\/uploads\\\/2025\\\/11\\\/Lancamento-Reload-Sindilojas.jpeg\",\"width\":1280,\"height\":960,\"caption\":\"Reload 2026 sinaliza para cores vibrantes e encerramento ter\u00e1 participa\u00e7\u00e3o de uma grande escola de samba \\\/ Cr\u00e9dito: Anderson Lopes\"},{\"@type\":\"BreadcrumbList\",\"@id\":\"https:\\\/\\\/folhapopular.info\\\/index.php\\\/2025\\\/11\\\/23\\\/reload-promete-conectar-varejo-regional-as-principais-tendencias\\\/#breadcrumb\",\"itemListElement\":[{\"@type\":\"ListItem\",\"position\":1,\"name\":\"In\u00edcio\",\"item\":\"https:\\\/\\\/folhapopular.info\\\/\"},{\"@type\":\"ListItem\",\"position\":2,\"name\":\"Reload promete conectar varejo regional \u00e0s principais tend\u00eancias\"}]},{\"@type\":\"WebSite\",\"@id\":\"https:\\\/\\\/folhapopular.info\\\/#website\",\"url\":\"https:\\\/\\\/folhapopular.info\\\/\",\"name\":\"Folha Popular\",\"description\":\"Onde voc\u00ea tem vez e voz\",\"potentialAction\":[{\"@type\":\"SearchAction\",\"target\":{\"@type\":\"EntryPoint\",\"urlTemplate\":\"https:\\\/\\\/folhapopular.info\\\/?s={search_term_string}\"},\"query-input\":{\"@type\":\"PropertyValueSpecification\",\"valueRequired\":true,\"valueName\":\"search_term_string\"}}],\"inLanguage\":\"pt-BR\"},{\"@type\":\"Person\",\"@id\":\"https:\\\/\\\/folhapopular.info\\\/#\\\/schema\\\/person\\\/50fd7636116370b67381921e65092a49\",\"name\":\"Anderson Lopes\",\"image\":{\"@type\":\"ImageObject\",\"inLanguage\":\"pt-BR\",\"@id\":\"https:\\\/\\\/secure.gravatar.com\\\/avatar\\\/030f2f2574ef743bc9016552464e94d04c7e61de505d7089178f340fc50ed8c6?s=96&d=mm&r=g\",\"url\":\"https:\\\/\\\/secure.gravatar.com\\\/avatar\\\/030f2f2574ef743bc9016552464e94d04c7e61de505d7089178f340fc50ed8c6?s=96&d=mm&r=g\",\"contentUrl\":\"https:\\\/\\\/secure.gravatar.com\\\/avatar\\\/030f2f2574ef743bc9016552464e94d04c7e61de505d7089178f340fc50ed8c6?s=96&d=mm&r=g\",\"caption\":\"Anderson Lopes\"},\"url\":\"https:\\\/\\\/folhapopular.info\\\/index.php\\\/author\\\/anderson-lopes\\\/\"}]}<\/script>\n<!-- \/ Yoast SEO plugin. -->","yoast_head_json":{"title":"Reload promete conectar varejo regional \u00e0s principais tend\u00eancias - Folha Popular","robots":{"index":"index","follow":"follow","max-snippet":"max-snippet:-1","max-image-preview":"max-image-preview:large","max-video-preview":"max-video-preview:-1"},"canonical":"https:\/\/folhapopular.info\/index.php\/2025\/11\/23\/reload-promete-conectar-varejo-regional-as-principais-tendencias\/","og_locale":"pt_BR","og_type":"article","og_title":"Reload promete conectar varejo regional \u00e0s principais tend\u00eancias - Folha Popular","og_description":"Em um evento que reuniu empres\u00e1rios, imprensa e convidados na quarta-feira (19\/11), no Sesc Lajeado, o Sindilojas Vale do Taquari lan\u00e7ou oficialmente a 11\u00aa edi\u00e7\u00e3o do Reload, marcada para dia 16 de abril de 2026 no Clube Tiro e Ca\u00e7a, em Lajeado. Com o tema \u201cO Reload 2026 t\u00e1 on\u201d, a iniciativa, realizada em parceria [&hellip;]","og_url":"https:\/\/folhapopular.info\/index.php\/2025\/11\/23\/reload-promete-conectar-varejo-regional-as-principais-tendencias\/","og_site_name":"Folha Popular","article_published_time":"2025-11-23T17:00:00+00:00","og_image":[{"width":1280,"height":960,"url":"https:\/\/folhapopular.info\/wp-content\/uploads\/2025\/11\/Lancamento-Reload-Sindilojas.jpeg","type":"image\/jpeg"}],"author":"Anderson Lopes","twitter_card":"summary_large_image","twitter_misc":{"Escrito por":"Anderson Lopes","Est. tempo de leitura":"3 minutos"},"schema":{"@context":"https:\/\/schema.org","@graph":[{"@type":"Article","@id":"https:\/\/folhapopular.info\/index.php\/2025\/11\/23\/reload-promete-conectar-varejo-regional-as-principais-tendencias\/#article","isPartOf":{"@id":"https:\/\/folhapopular.info\/index.php\/2025\/11\/23\/reload-promete-conectar-varejo-regional-as-principais-tendencias\/"},"author":{"name":"Anderson Lopes","@id":"https:\/\/folhapopular.info\/#\/schema\/person\/50fd7636116370b67381921e65092a49"},"headline":"Reload promete conectar varejo regional \u00e0s principais tend\u00eancias","datePublished":"2025-11-23T17:00:00+00:00","mainEntityOfPage":{"@id":"https:\/\/folhapopular.info\/index.php\/2025\/11\/23\/reload-promete-conectar-varejo-regional-as-principais-tendencias\/"},"wordCount":523,"commentCount":0,"image":{"@id":"https:\/\/folhapopular.info\/index.php\/2025\/11\/23\/reload-promete-conectar-varejo-regional-as-principais-tendencias\/#primaryimage"},"thumbnailUrl":"https:\/\/folhapopular.info\/wp-content\/uploads\/2025\/11\/Lancamento-Reload-Sindilojas.jpeg","keywords":["Lajeado","Reload","Reload 2026","Sindilojas"],"articleSection":["Destaques","Economia","Neg\u00f3cios"],"inLanguage":"pt-BR","potentialAction":[{"@type":"CommentAction","name":"Comment","target":["https:\/\/folhapopular.info\/index.php\/2025\/11\/23\/reload-promete-conectar-varejo-regional-as-principais-tendencias\/#respond"]}]},{"@type":"WebPage","@id":"https:\/\/folhapopular.info\/index.php\/2025\/11\/23\/reload-promete-conectar-varejo-regional-as-principais-tendencias\/","url":"https:\/\/folhapopular.info\/index.php\/2025\/11\/23\/reload-promete-conectar-varejo-regional-as-principais-tendencias\/","name":"Reload promete conectar varejo regional \u00e0s principais tend\u00eancias - Folha Popular","isPartOf":{"@id":"https:\/\/folhapopular.info\/#website"},"primaryImageOfPage":{"@id":"https:\/\/folhapopular.info\/index.php\/2025\/11\/23\/reload-promete-conectar-varejo-regional-as-principais-tendencias\/#primaryimage"},"image":{"@id":"https:\/\/folhapopular.info\/index.php\/2025\/11\/23\/reload-promete-conectar-varejo-regional-as-principais-tendencias\/#primaryimage"},"thumbnailUrl":"https:\/\/folhapopular.info\/wp-content\/uploads\/2025\/11\/Lancamento-Reload-Sindilojas.jpeg","datePublished":"2025-11-23T17:00:00+00:00","author":{"@id":"https:\/\/folhapopular.info\/#\/schema\/person\/50fd7636116370b67381921e65092a49"},"breadcrumb":{"@id":"https:\/\/folhapopular.info\/index.php\/2025\/11\/23\/reload-promete-conectar-varejo-regional-as-principais-tendencias\/#breadcrumb"},"inLanguage":"pt-BR","potentialAction":[{"@type":"ReadAction","target":["https:\/\/folhapopular.info\/index.php\/2025\/11\/23\/reload-promete-conectar-varejo-regional-as-principais-tendencias\/"]}]},{"@type":"ImageObject","inLanguage":"pt-BR","@id":"https:\/\/folhapopular.info\/index.php\/2025\/11\/23\/reload-promete-conectar-varejo-regional-as-principais-tendencias\/#primaryimage","url":"https:\/\/folhapopular.info\/wp-content\/uploads\/2025\/11\/Lancamento-Reload-Sindilojas.jpeg","contentUrl":"https:\/\/folhapopular.info\/wp-content\/uploads\/2025\/11\/Lancamento-Reload-Sindilojas.jpeg","width":1280,"height":960,"caption":"Reload 2026 sinaliza para cores vibrantes e encerramento ter\u00e1 participa\u00e7\u00e3o de uma grande escola de samba \/ Cr\u00e9dito: Anderson Lopes"},{"@type":"BreadcrumbList","@id":"https:\/\/folhapopular.info\/index.php\/2025\/11\/23\/reload-promete-conectar-varejo-regional-as-principais-tendencias\/#breadcrumb","itemListElement":[{"@type":"ListItem","position":1,"name":"In\u00edcio","item":"https:\/\/folhapopular.info\/"},{"@type":"ListItem","position":2,"name":"Reload promete conectar varejo regional \u00e0s principais tend\u00eancias"}]},{"@type":"WebSite","@id":"https:\/\/folhapopular.info\/#website","url":"https:\/\/folhapopular.info\/","name":"Folha Popular","description":"Onde voc\u00ea tem vez e voz","potentialAction":[{"@type":"SearchAction","target":{"@type":"EntryPoint","urlTemplate":"https:\/\/folhapopular.info\/?s={search_term_string}"},"query-input":{"@type":"PropertyValueSpecification","valueRequired":true,"valueName":"search_term_string"}}],"inLanguage":"pt-BR"},{"@type":"Person","@id":"https:\/\/folhapopular.info\/#\/schema\/person\/50fd7636116370b67381921e65092a49","name":"Anderson Lopes","image":{"@type":"ImageObject","inLanguage":"pt-BR","@id":"https:\/\/secure.gravatar.com\/avatar\/030f2f2574ef743bc9016552464e94d04c7e61de505d7089178f340fc50ed8c6?s=96&d=mm&r=g","url":"https:\/\/secure.gravatar.com\/avatar\/030f2f2574ef743bc9016552464e94d04c7e61de505d7089178f340fc50ed8c6?s=96&d=mm&r=g","contentUrl":"https:\/\/secure.gravatar.com\/avatar\/030f2f2574ef743bc9016552464e94d04c7e61de505d7089178f340fc50ed8c6?s=96&d=mm&r=g","caption":"Anderson Lopes"},"url":"https:\/\/folhapopular.info\/index.php\/author\/anderson-lopes\/"}]}},"jetpack_featured_media_url":"https:\/\/folhapopular.info\/wp-content\/uploads\/2025\/11\/Lancamento-Reload-Sindilojas.jpeg","jetpack_sharing_enabled":true,"amp_enabled":true,"_links":{"self":[{"href":"https:\/\/folhapopular.info\/index.php\/wp-json\/wp\/v2\/posts\/198816","targetHints":{"allow":["GET"]}}],"collection":[{"href":"https:\/\/folhapopular.info\/index.php\/wp-json\/wp\/v2\/posts"}],"about":[{"href":"https:\/\/folhapopular.info\/index.php\/wp-json\/wp\/v2\/types\/post"}],"author":[{"embeddable":true,"href":"https:\/\/folhapopular.info\/index.php\/wp-json\/wp\/v2\/users\/772"}],"replies":[{"embeddable":true,"href":"https:\/\/folhapopular.info\/index.php\/wp-json\/wp\/v2\/comments?post=198816"}],"version-history":[{"count":0,"href":"https:\/\/folhapopular.info\/index.php\/wp-json\/wp\/v2\/posts\/198816\/revisions"}],"wp:featuredmedia":[{"embeddable":true,"href":"https:\/\/folhapopular.info\/index.php\/wp-json\/wp\/v2\/media\/198817"}],"wp:attachment":[{"href":"https:\/\/folhapopular.info\/index.php\/wp-json\/wp\/v2\/media?parent=198816"}],"wp:term":[{"taxonomy":"category","embeddable":true,"href":"https:\/\/folhapopular.info\/index.php\/wp-json\/wp\/v2\/categories?post=198816"},{"taxonomy":"post_tag","embeddable":true,"href":"https:\/\/folhapopular.info\/index.php\/wp-json\/wp\/v2\/tags?post=198816"}],"curies":[{"name":"wp","href":"https:\/\/api.w.org\/{rel}","templated":true}]}}