{"id":199062,"date":"2025-11-26T10:30:00","date_gmt":"2025-11-26T13:30:00","guid":{"rendered":"https:\/\/folhapopular.info\/?p=199062"},"modified":"2025-11-26T09:58:48","modified_gmt":"2025-11-26T12:58:48","slug":"universitarios-da-regiao-enfrentam-desafios-por-falta-de-apoio-no-transporte","status":"publish","type":"post","link":"https:\/\/folhapopular.info\/index.php\/2025\/11\/26\/universitarios-da-regiao-enfrentam-desafios-por-falta-de-apoio-no-transporte\/","title":{"rendered":"Universit\u00e1rios da regi\u00e3o enfrentam desafios por falta de apoio no transporte"},"content":{"rendered":"<p>A ang\u00fastia de muitos jovens ao conclu\u00edrem o ensino m\u00e9dio vai al\u00e9m da escolha pela \u00e1rea de estudo. A defini\u00e7\u00e3o da faculdade e seus custos inerentes \u2013 cr\u00e9ditos das disciplinas, alimenta\u00e7\u00e3o, alojamento e o transporte. O custo do transporte pode ser decisivo para muitos cursarem ou n\u00e3o uma faculdade. O alto custo do transporte \u00e9&#8230; <\/p>\n<div class=\"pmpro\">\n<div class=\"pmpro_card pmpro_content_message\">\n<div class=\"pmpro_card_content\">Este conte\u00fado \u00e9 apenas para associados Grupo Popular &#8211; Conte\u00fado Total Anual e Grupo Popular &#8211; Conte\u00fado Total Mensal. <br \/><a href=\"https:\/\/folhapopular.info\/wp-login.php?action=register\">Cadastre-se<\/a><\/div>\n<div class=\"pmpro_card_actions pmpro_font-medium\">J\u00e1 se associou? <a href=\"https:\/\/folhapopular.info\/wp-login.php?redirect_to=https%3A%2F%2Ffolhapopular.info%2Findex.php%2F2025%2F11%2F26%2Funiversitarios-da-regiao-enfrentam-desafios-por-falta-de-apoio-no-transporte%2F\">Acesse aqui<\/a><\/div>\n<\/div>\n<\/div>\n","protected":false},"excerpt":{"rendered":"<p>A ang\u00fastia de muitos jovens ao conclu\u00edrem o ensino m\u00e9dio vai al\u00e9m da escolha pela \u00e1rea de estudo. A defini\u00e7\u00e3o da faculdade e seus custos inerentes \u2013 cr\u00e9ditos das disciplinas, alimenta\u00e7\u00e3o, alojamento e o transporte. O custo do transporte pode ser decisivo para muitos cursarem ou n\u00e3o uma faculdade. O alto custo do transporte \u00e9... <\/p>\n<div class=\"pmpro\"><div class=\"pmpro_card pmpro_content_message\"><div class=\"pmpro_card_content\">Este conte\u00fado \u00e9 apenas para associados Grupo Popular - Conte\u00fado Total Anual e Grupo Popular - Conte\u00fado Total Mensal. <br \/><a href=\"https:\/\/folhapopular.info\/wp-login.php?action=register\">Cadastre-se<\/a><\/div><div class=\"pmpro_card_actions pmpro_font-medium\">J\u00e1 se associou? <a href=\"https:\/\/folhapopular.info\/wp-login.php?redirect_to=https%3A%2F%2Ffolhapopular.info%2Findex.php%2F2025%2F11%2F26%2Funiversitarios-da-regiao-enfrentam-desafios-por-falta-de-apoio-no-transporte%2F\">Acesse aqui<\/a><\/div><\/div><\/div>","protected":false},"author":773,"featured_media":199064,"comment_status":"open","ping_status":"open","sticky":false,"template":"","format":"standard","meta":{"pmpro_default_level":"","_jetpack_memberships_contains_paid_content":false,"footnotes":""},"categories":[11078,5990,2,10988,3,11091],"tags":[20037,315,393,20038,391],"class_list":{"0":"post-199062","1":"post","2":"type-post","3":"status-publish","4":"format-standard","5":"has-post-thumbnail","7":"category-assinantes","8":"category-conteudo-exclusivo","9":"category-featured","10":"category-educacao","11":"category-geral","12":"category-servicos","13":"tag-falta-de-apoio-no-transporte","14":"tag-regiao","15":"tag-transporte","16":"tag-universidades","17":"tag-universitarios","18":"pmpro-level-required","19":"pmpro-level-2","20":"pmpro-level-4","21":"pmpro-level-5","22":"pmpro-no-access"},"yoast_head":"<!-- This site is optimized with the Yoast SEO plugin v27.5 - https:\/\/yoast.com\/product\/yoast-seo-wordpress\/ -->\n<title>Universit\u00e1rios da regi\u00e3o enfrentam desafios por falta de apoio no transporte - Folha Popular<\/title>\n<meta name=\"robots\" content=\"index, follow, max-snippet:-1, max-image-preview:large, max-video-preview:-1\" \/>\n<link rel=\"canonical\" href=\"https:\/\/folhapopular.info\/index.php\/2025\/11\/26\/universitarios-da-regiao-enfrentam-desafios-por-falta-de-apoio-no-transporte\/\" \/>\n<meta property=\"og:locale\" content=\"pt_BR\" \/>\n<meta property=\"og:type\" content=\"article\" \/>\n<meta property=\"og:title\" content=\"Universit\u00e1rios da regi\u00e3o enfrentam desafios por falta de apoio no transporte - Folha Popular\" \/>\n<meta property=\"og:description\" content=\"A ang\u00fastia de muitos jovens ao conclu\u00edrem o ensino m\u00e9dio vai al\u00e9m da escolha pela \u00e1rea de estudo. A defini\u00e7\u00e3o da faculdade e seus custos inerentes \u2013 cr\u00e9ditos das disciplinas, alimenta\u00e7\u00e3o, alojamento e o transporte. O custo do transporte pode ser decisivo para muitos cursarem ou n\u00e3o uma faculdade. O alto custo do transporte \u00e9 [&hellip;]\" \/>\n<meta property=\"og:url\" content=\"https:\/\/folhapopular.info\/index.php\/2025\/11\/26\/universitarios-da-regiao-enfrentam-desafios-por-falta-de-apoio-no-transporte\/\" \/>\n<meta property=\"og:site_name\" content=\"Folha Popular\" \/>\n<meta property=\"article:published_time\" content=\"2025-11-26T13:30:00+00:00\" \/>\n<meta property=\"og:image\" content=\"https:\/\/folhapopular.info\/wp-content\/uploads\/2025\/11\/Jovens-correm-risco-de-deixar-de-estudar-mesmo-se-aprovados-em-vestibulares_GHM.jpeg\" \/>\n\t<meta property=\"og:image:width\" content=\"1280\" \/>\n\t<meta property=\"og:image:height\" content=\"960\" \/>\n\t<meta property=\"og:image:type\" content=\"image\/jpeg\" \/>\n<meta name=\"author\" content=\"Gabriely Hartmann Mallmann\" \/>\n<meta name=\"twitter:card\" content=\"summary_large_image\" \/>\n<meta name=\"twitter:label1\" content=\"Escrito por\" \/>\n\t<meta name=\"twitter:data1\" content=\"Gabriely Hartmann Mallmann\" \/>\n\t<meta name=\"twitter:label2\" content=\"Est. tempo de leitura\" \/>\n\t<meta name=\"twitter:data2\" content=\"9 minutos\" \/>\n<script type=\"application\/ld+json\" class=\"yoast-schema-graph\">{\"@context\":\"https:\\\/\\\/schema.org\",\"@graph\":[{\"@type\":\"Article\",\"@id\":\"https:\\\/\\\/folhapopular.info\\\/index.php\\\/2025\\\/11\\\/26\\\/universitarios-da-regiao-enfrentam-desafios-por-falta-de-apoio-no-transporte\\\/#article\",\"isPartOf\":{\"@id\":\"https:\\\/\\\/folhapopular.info\\\/index.php\\\/2025\\\/11\\\/26\\\/universitarios-da-regiao-enfrentam-desafios-por-falta-de-apoio-no-transporte\\\/\"},\"author\":{\"name\":\"Gabriely Hartmann Mallmann\",\"@id\":\"https:\\\/\\\/folhapopular.info\\\/#\\\/schema\\\/person\\\/41b3bb1ecf6e33e81cbab2c29b178754\"},\"headline\":\"Universit\u00e1rios da regi\u00e3o enfrentam desafios por falta de apoio no transporte\",\"datePublished\":\"2025-11-26T13:30:00+00:00\",\"mainEntityOfPage\":{\"@id\":\"https:\\\/\\\/folhapopular.info\\\/index.php\\\/2025\\\/11\\\/26\\\/universitarios-da-regiao-enfrentam-desafios-por-falta-de-apoio-no-transporte\\\/\"},\"wordCount\":1718,\"commentCount\":0,\"image\":{\"@id\":\"https:\\\/\\\/folhapopular.info\\\/index.php\\\/2025\\\/11\\\/26\\\/universitarios-da-regiao-enfrentam-desafios-por-falta-de-apoio-no-transporte\\\/#primaryimage\"},\"thumbnailUrl\":\"https:\\\/\\\/folhapopular.info\\\/wp-content\\\/uploads\\\/2025\\\/11\\\/Jovens-correm-risco-de-deixar-de-estudar-mesmo-se-aprovados-em-vestibulares_GHM.jpeg\",\"keywords\":[\"falta de apoio no transporte\",\"Regi\u00e3o\",\"Transporte\",\"Universidades\",\"Universit\u00e1rios\"],\"articleSection\":[\"Assinantes\",\"Conte\u00fado Exclusivo\",\"Destaques\",\"Educa\u00e7\u00e3o\",\"Geral\",\"Servi\u00e7os\"],\"inLanguage\":\"pt-BR\",\"potentialAction\":[{\"@type\":\"CommentAction\",\"name\":\"Comment\",\"target\":[\"https:\\\/\\\/folhapopular.info\\\/index.php\\\/2025\\\/11\\\/26\\\/universitarios-da-regiao-enfrentam-desafios-por-falta-de-apoio-no-transporte\\\/#respond\"]}]},{\"@type\":\"WebPage\",\"@id\":\"https:\\\/\\\/folhapopular.info\\\/index.php\\\/2025\\\/11\\\/26\\\/universitarios-da-regiao-enfrentam-desafios-por-falta-de-apoio-no-transporte\\\/\",\"url\":\"https:\\\/\\\/folhapopular.info\\\/index.php\\\/2025\\\/11\\\/26\\\/universitarios-da-regiao-enfrentam-desafios-por-falta-de-apoio-no-transporte\\\/\",\"name\":\"Universit\u00e1rios da regi\u00e3o enfrentam desafios por falta de apoio no transporte - Folha Popular\",\"isPartOf\":{\"@id\":\"https:\\\/\\\/folhapopular.info\\\/#website\"},\"primaryImageOfPage\":{\"@id\":\"https:\\\/\\\/folhapopular.info\\\/index.php\\\/2025\\\/11\\\/26\\\/universitarios-da-regiao-enfrentam-desafios-por-falta-de-apoio-no-transporte\\\/#primaryimage\"},\"image\":{\"@id\":\"https:\\\/\\\/folhapopular.info\\\/index.php\\\/2025\\\/11\\\/26\\\/universitarios-da-regiao-enfrentam-desafios-por-falta-de-apoio-no-transporte\\\/#primaryimage\"},\"thumbnailUrl\":\"https:\\\/\\\/folhapopular.info\\\/wp-content\\\/uploads\\\/2025\\\/11\\\/Jovens-correm-risco-de-deixar-de-estudar-mesmo-se-aprovados-em-vestibulares_GHM.jpeg\",\"datePublished\":\"2025-11-26T13:30:00+00:00\",\"author\":{\"@id\":\"https:\\\/\\\/folhapopular.info\\\/#\\\/schema\\\/person\\\/41b3bb1ecf6e33e81cbab2c29b178754\"},\"breadcrumb\":{\"@id\":\"https:\\\/\\\/folhapopular.info\\\/index.php\\\/2025\\\/11\\\/26\\\/universitarios-da-regiao-enfrentam-desafios-por-falta-de-apoio-no-transporte\\\/#breadcrumb\"},\"inLanguage\":\"pt-BR\",\"potentialAction\":[{\"@type\":\"ReadAction\",\"target\":[\"https:\\\/\\\/folhapopular.info\\\/index.php\\\/2025\\\/11\\\/26\\\/universitarios-da-regiao-enfrentam-desafios-por-falta-de-apoio-no-transporte\\\/\"]}]},{\"@type\":\"ImageObject\",\"inLanguage\":\"pt-BR\",\"@id\":\"https:\\\/\\\/folhapopular.info\\\/index.php\\\/2025\\\/11\\\/26\\\/universitarios-da-regiao-enfrentam-desafios-por-falta-de-apoio-no-transporte\\\/#primaryimage\",\"url\":\"https:\\\/\\\/folhapopular.info\\\/wp-content\\\/uploads\\\/2025\\\/11\\\/Jovens-correm-risco-de-deixar-de-estudar-mesmo-se-aprovados-em-vestibulares_GHM.jpeg\",\"contentUrl\":\"https:\\\/\\\/folhapopular.info\\\/wp-content\\\/uploads\\\/2025\\\/11\\\/Jovens-correm-risco-de-deixar-de-estudar-mesmo-se-aprovados-em-vestibulares_GHM.jpeg\",\"width\":1280,\"height\":960,\"caption\":\"Jovens correm risco de deixar de estudar mesmo se aprovados em vestibulares - Cr\u00e9dito: Gabriely Hartmann Mallmann\"},{\"@type\":\"BreadcrumbList\",\"@id\":\"https:\\\/\\\/folhapopular.info\\\/index.php\\\/2025\\\/11\\\/26\\\/universitarios-da-regiao-enfrentam-desafios-por-falta-de-apoio-no-transporte\\\/#breadcrumb\",\"itemListElement\":[{\"@type\":\"ListItem\",\"position\":1,\"name\":\"In\u00edcio\",\"item\":\"https:\\\/\\\/folhapopular.info\\\/\"},{\"@type\":\"ListItem\",\"position\":2,\"name\":\"Universit\u00e1rios da regi\u00e3o enfrentam desafios por falta de apoio no transporte\"}]},{\"@type\":\"WebSite\",\"@id\":\"https:\\\/\\\/folhapopular.info\\\/#website\",\"url\":\"https:\\\/\\\/folhapopular.info\\\/\",\"name\":\"Folha Popular\",\"description\":\"Onde voc\u00ea tem vez e voz\",\"potentialAction\":[{\"@type\":\"SearchAction\",\"target\":{\"@type\":\"EntryPoint\",\"urlTemplate\":\"https:\\\/\\\/folhapopular.info\\\/?s={search_term_string}\"},\"query-input\":{\"@type\":\"PropertyValueSpecification\",\"valueRequired\":true,\"valueName\":\"search_term_string\"}}],\"inLanguage\":\"pt-BR\"},{\"@type\":\"Person\",\"@id\":\"https:\\\/\\\/folhapopular.info\\\/#\\\/schema\\\/person\\\/41b3bb1ecf6e33e81cbab2c29b178754\",\"name\":\"Gabriely Hartmann Mallmann\",\"image\":{\"@type\":\"ImageObject\",\"inLanguage\":\"pt-BR\",\"@id\":\"https:\\\/\\\/secure.gravatar.com\\\/avatar\\\/92999d30b0cc9bf49e6aa3c07c592bb06855a37dcfbdc7bbe6567a4637e999ce?s=96&d=mm&r=g\",\"url\":\"https:\\\/\\\/secure.gravatar.com\\\/avatar\\\/92999d30b0cc9bf49e6aa3c07c592bb06855a37dcfbdc7bbe6567a4637e999ce?s=96&d=mm&r=g\",\"contentUrl\":\"https:\\\/\\\/secure.gravatar.com\\\/avatar\\\/92999d30b0cc9bf49e6aa3c07c592bb06855a37dcfbdc7bbe6567a4637e999ce?s=96&d=mm&r=g\",\"caption\":\"Gabriely Hartmann Mallmann\"},\"url\":\"https:\\\/\\\/folhapopular.info\\\/index.php\\\/author\\\/gabriely-hartmann-mallmann\\\/\"}]}<\/script>\n<!-- \/ Yoast SEO plugin. -->","yoast_head_json":{"title":"Universit\u00e1rios da regi\u00e3o enfrentam desafios por falta de apoio no transporte - Folha Popular","robots":{"index":"index","follow":"follow","max-snippet":"max-snippet:-1","max-image-preview":"max-image-preview:large","max-video-preview":"max-video-preview:-1"},"canonical":"https:\/\/folhapopular.info\/index.php\/2025\/11\/26\/universitarios-da-regiao-enfrentam-desafios-por-falta-de-apoio-no-transporte\/","og_locale":"pt_BR","og_type":"article","og_title":"Universit\u00e1rios da regi\u00e3o enfrentam desafios por falta de apoio no transporte - Folha Popular","og_description":"A ang\u00fastia de muitos jovens ao conclu\u00edrem o ensino m\u00e9dio vai al\u00e9m da escolha pela \u00e1rea de estudo. A defini\u00e7\u00e3o da faculdade e seus custos inerentes \u2013 cr\u00e9ditos das disciplinas, alimenta\u00e7\u00e3o, alojamento e o transporte. O custo do transporte pode ser decisivo para muitos cursarem ou n\u00e3o uma faculdade. O alto custo do transporte \u00e9 [&hellip;]","og_url":"https:\/\/folhapopular.info\/index.php\/2025\/11\/26\/universitarios-da-regiao-enfrentam-desafios-por-falta-de-apoio-no-transporte\/","og_site_name":"Folha Popular","article_published_time":"2025-11-26T13:30:00+00:00","og_image":[{"width":1280,"height":960,"url":"https:\/\/folhapopular.info\/wp-content\/uploads\/2025\/11\/Jovens-correm-risco-de-deixar-de-estudar-mesmo-se-aprovados-em-vestibulares_GHM.jpeg","type":"image\/jpeg"}],"author":"Gabriely Hartmann Mallmann","twitter_card":"summary_large_image","twitter_misc":{"Escrito por":"Gabriely Hartmann Mallmann","Est. tempo de leitura":"9 minutos"},"schema":{"@context":"https:\/\/schema.org","@graph":[{"@type":"Article","@id":"https:\/\/folhapopular.info\/index.php\/2025\/11\/26\/universitarios-da-regiao-enfrentam-desafios-por-falta-de-apoio-no-transporte\/#article","isPartOf":{"@id":"https:\/\/folhapopular.info\/index.php\/2025\/11\/26\/universitarios-da-regiao-enfrentam-desafios-por-falta-de-apoio-no-transporte\/"},"author":{"name":"Gabriely Hartmann Mallmann","@id":"https:\/\/folhapopular.info\/#\/schema\/person\/41b3bb1ecf6e33e81cbab2c29b178754"},"headline":"Universit\u00e1rios da regi\u00e3o enfrentam desafios por falta de apoio no transporte","datePublished":"2025-11-26T13:30:00+00:00","mainEntityOfPage":{"@id":"https:\/\/folhapopular.info\/index.php\/2025\/11\/26\/universitarios-da-regiao-enfrentam-desafios-por-falta-de-apoio-no-transporte\/"},"wordCount":1718,"commentCount":0,"image":{"@id":"https:\/\/folhapopular.info\/index.php\/2025\/11\/26\/universitarios-da-regiao-enfrentam-desafios-por-falta-de-apoio-no-transporte\/#primaryimage"},"thumbnailUrl":"https:\/\/folhapopular.info\/wp-content\/uploads\/2025\/11\/Jovens-correm-risco-de-deixar-de-estudar-mesmo-se-aprovados-em-vestibulares_GHM.jpeg","keywords":["falta de apoio no transporte","Regi\u00e3o","Transporte","Universidades","Universit\u00e1rios"],"articleSection":["Assinantes","Conte\u00fado Exclusivo","Destaques","Educa\u00e7\u00e3o","Geral","Servi\u00e7os"],"inLanguage":"pt-BR","potentialAction":[{"@type":"CommentAction","name":"Comment","target":["https:\/\/folhapopular.info\/index.php\/2025\/11\/26\/universitarios-da-regiao-enfrentam-desafios-por-falta-de-apoio-no-transporte\/#respond"]}]},{"@type":"WebPage","@id":"https:\/\/folhapopular.info\/index.php\/2025\/11\/26\/universitarios-da-regiao-enfrentam-desafios-por-falta-de-apoio-no-transporte\/","url":"https:\/\/folhapopular.info\/index.php\/2025\/11\/26\/universitarios-da-regiao-enfrentam-desafios-por-falta-de-apoio-no-transporte\/","name":"Universit\u00e1rios da regi\u00e3o enfrentam desafios por falta de apoio no transporte - Folha Popular","isPartOf":{"@id":"https:\/\/folhapopular.info\/#website"},"primaryImageOfPage":{"@id":"https:\/\/folhapopular.info\/index.php\/2025\/11\/26\/universitarios-da-regiao-enfrentam-desafios-por-falta-de-apoio-no-transporte\/#primaryimage"},"image":{"@id":"https:\/\/folhapopular.info\/index.php\/2025\/11\/26\/universitarios-da-regiao-enfrentam-desafios-por-falta-de-apoio-no-transporte\/#primaryimage"},"thumbnailUrl":"https:\/\/folhapopular.info\/wp-content\/uploads\/2025\/11\/Jovens-correm-risco-de-deixar-de-estudar-mesmo-se-aprovados-em-vestibulares_GHM.jpeg","datePublished":"2025-11-26T13:30:00+00:00","author":{"@id":"https:\/\/folhapopular.info\/#\/schema\/person\/41b3bb1ecf6e33e81cbab2c29b178754"},"breadcrumb":{"@id":"https:\/\/folhapopular.info\/index.php\/2025\/11\/26\/universitarios-da-regiao-enfrentam-desafios-por-falta-de-apoio-no-transporte\/#breadcrumb"},"inLanguage":"pt-BR","potentialAction":[{"@type":"ReadAction","target":["https:\/\/folhapopular.info\/index.php\/2025\/11\/26\/universitarios-da-regiao-enfrentam-desafios-por-falta-de-apoio-no-transporte\/"]}]},{"@type":"ImageObject","inLanguage":"pt-BR","@id":"https:\/\/folhapopular.info\/index.php\/2025\/11\/26\/universitarios-da-regiao-enfrentam-desafios-por-falta-de-apoio-no-transporte\/#primaryimage","url":"https:\/\/folhapopular.info\/wp-content\/uploads\/2025\/11\/Jovens-correm-risco-de-deixar-de-estudar-mesmo-se-aprovados-em-vestibulares_GHM.jpeg","contentUrl":"https:\/\/folhapopular.info\/wp-content\/uploads\/2025\/11\/Jovens-correm-risco-de-deixar-de-estudar-mesmo-se-aprovados-em-vestibulares_GHM.jpeg","width":1280,"height":960,"caption":"Jovens correm risco de deixar de estudar mesmo se aprovados em vestibulares - Cr\u00e9dito: Gabriely Hartmann Mallmann"},{"@type":"BreadcrumbList","@id":"https:\/\/folhapopular.info\/index.php\/2025\/11\/26\/universitarios-da-regiao-enfrentam-desafios-por-falta-de-apoio-no-transporte\/#breadcrumb","itemListElement":[{"@type":"ListItem","position":1,"name":"In\u00edcio","item":"https:\/\/folhapopular.info\/"},{"@type":"ListItem","position":2,"name":"Universit\u00e1rios da regi\u00e3o enfrentam desafios por falta de apoio no transporte"}]},{"@type":"WebSite","@id":"https:\/\/folhapopular.info\/#website","url":"https:\/\/folhapopular.info\/","name":"Folha Popular","description":"Onde voc\u00ea tem vez e voz","potentialAction":[{"@type":"SearchAction","target":{"@type":"EntryPoint","urlTemplate":"https:\/\/folhapopular.info\/?s={search_term_string}"},"query-input":{"@type":"PropertyValueSpecification","valueRequired":true,"valueName":"search_term_string"}}],"inLanguage":"pt-BR"},{"@type":"Person","@id":"https:\/\/folhapopular.info\/#\/schema\/person\/41b3bb1ecf6e33e81cbab2c29b178754","name":"Gabriely Hartmann Mallmann","image":{"@type":"ImageObject","inLanguage":"pt-BR","@id":"https:\/\/secure.gravatar.com\/avatar\/92999d30b0cc9bf49e6aa3c07c592bb06855a37dcfbdc7bbe6567a4637e999ce?s=96&d=mm&r=g","url":"https:\/\/secure.gravatar.com\/avatar\/92999d30b0cc9bf49e6aa3c07c592bb06855a37dcfbdc7bbe6567a4637e999ce?s=96&d=mm&r=g","contentUrl":"https:\/\/secure.gravatar.com\/avatar\/92999d30b0cc9bf49e6aa3c07c592bb06855a37dcfbdc7bbe6567a4637e999ce?s=96&d=mm&r=g","caption":"Gabriely Hartmann Mallmann"},"url":"https:\/\/folhapopular.info\/index.php\/author\/gabriely-hartmann-mallmann\/"}]}},"jetpack_featured_media_url":"https:\/\/folhapopular.info\/wp-content\/uploads\/2025\/11\/Jovens-correm-risco-de-deixar-de-estudar-mesmo-se-aprovados-em-vestibulares_GHM.jpeg","jetpack_sharing_enabled":true,"amp_enabled":true,"_links":{"self":[{"href":"https:\/\/folhapopular.info\/index.php\/wp-json\/wp\/v2\/posts\/199062","targetHints":{"allow":["GET"]}}],"collection":[{"href":"https:\/\/folhapopular.info\/index.php\/wp-json\/wp\/v2\/posts"}],"about":[{"href":"https:\/\/folhapopular.info\/index.php\/wp-json\/wp\/v2\/types\/post"}],"author":[{"embeddable":true,"href":"https:\/\/folhapopular.info\/index.php\/wp-json\/wp\/v2\/users\/773"}],"replies":[{"embeddable":true,"href":"https:\/\/folhapopular.info\/index.php\/wp-json\/wp\/v2\/comments?post=199062"}],"version-history":[{"count":0,"href":"https:\/\/folhapopular.info\/index.php\/wp-json\/wp\/v2\/posts\/199062\/revisions"}],"wp:featuredmedia":[{"embeddable":true,"href":"https:\/\/folhapopular.info\/index.php\/wp-json\/wp\/v2\/media\/199064"}],"wp:attachment":[{"href":"https:\/\/folhapopular.info\/index.php\/wp-json\/wp\/v2\/media?parent=199062"}],"wp:term":[{"taxonomy":"category","embeddable":true,"href":"https:\/\/folhapopular.info\/index.php\/wp-json\/wp\/v2\/categories?post=199062"},{"taxonomy":"post_tag","embeddable":true,"href":"https:\/\/folhapopular.info\/index.php\/wp-json\/wp\/v2\/tags?post=199062"}],"curies":[{"name":"wp","href":"https:\/\/api.w.org\/{rel}","templated":true}]}}