{"id":199189,"date":"2025-11-27T10:38:24","date_gmt":"2025-11-27T13:38:24","guid":{"rendered":"https:\/\/folhapopular.info\/?p=199189"},"modified":"2025-11-27T10:43:53","modified_gmt":"2025-11-27T13:43:53","slug":"imigrante-recebe-mais-de-r-6-milhoes-para-reconstrucao-via-governo-federal","status":"publish","type":"post","link":"https:\/\/folhapopular.info\/index.php\/2025\/11\/27\/imigrante-recebe-mais-de-r-6-milhoes-para-reconstrucao-via-governo-federal\/","title":{"rendered":"Imigrante recebe aporte do governo federal de R$ 6 milh\u00f5es para reconstru\u00e7\u00e3o"},"content":{"rendered":"\n<p>Nesta quarta-feira (26\/11), em cerim\u00f4nia com a presen\u00e7a do presidente Luiz In\u00e1cio Lula da Silva, foram anunciados aportes para mais de 100 munic\u00edpios do Rio Grande do Sul. Imigrante est\u00e1 entre os munic\u00edpios contemplados.<\/p>\n\n\n\n<p>O prefeito Germano Stevens assinou projetos que somam mais de R$ 6 milh\u00f5es em recursos para o munic\u00edpio. <\/p>\n\n\n\n<figure class=\"wp-block-image size-large\"><img loading=\"lazy\" decoding=\"async\" width=\"1024\" height=\"683\" src=\"https:\/\/folhapopular.info\/wp-content\/uploads\/2025\/11\/587561656_18292594531286382_5153130613440130786_n-1024x683.jpg\" alt=\"\" class=\"wp-image-199191\" srcset=\"https:\/\/folhapopular.info\/wp-content\/uploads\/2025\/11\/587561656_18292594531286382_5153130613440130786_n-1024x683.jpg 1024w, https:\/\/folhapopular.info\/wp-content\/uploads\/2025\/11\/587561656_18292594531286382_5153130613440130786_n-300x200.jpg 300w, https:\/\/folhapopular.info\/wp-content\/uploads\/2025\/11\/587561656_18292594531286382_5153130613440130786_n-768x512.jpg 768w, https:\/\/folhapopular.info\/wp-content\/uploads\/2025\/11\/587561656_18292594531286382_5153130613440130786_n-629x420.jpg 629w, https:\/\/folhapopular.info\/wp-content\/uploads\/2025\/11\/587561656_18292594531286382_5153130613440130786_n-696x464.jpg 696w, https:\/\/folhapopular.info\/wp-content\/uploads\/2025\/11\/587561656_18292594531286382_5153130613440130786_n.jpg 1067w\" sizes=\"auto, (max-width: 1024px) 100vw, 1024px\" \/><figcaption class=\"wp-element-caption\">Cr\u00e9dito: Prefeitura de Imigrante \/ Divulga\u00e7\u00e3o<\/figcaption><\/figure>\n\n\n\n<h2 class=\"wp-block-heading\"><strong>As obras incluem:<\/strong><\/h2>\n\n\n\n<ul class=\"wp-block-list\">\n<li>&#8211; Constru\u00e7\u00e3o de uma nova ponte em frente \u00e0 Comunidade Evang\u00e9lica Arroio da Seca Baixa; <\/li>\n<\/ul>\n\n\n\n<ul class=\"wp-block-list\">\n<li>&#8211; Reconstru\u00e7\u00e3o do asfalto na Ponte do Capitel; <\/li>\n<\/ul>\n\n\n\n<ul class=\"wp-block-list\">\n<li>&#8211; Reforma da VRS-863 e implanta\u00e7\u00e3o de ciclovia no Perau;<\/li>\n<\/ul>\n\n\n\n<ul class=\"wp-block-list\">\n<li> &#8211; Reconstru\u00e7\u00e3o da barragem no Arroio da Seca.<\/li>\n<\/ul>\n","protected":false},"excerpt":{"rendered":"<p>Nesta quarta-feira (26\/11), em cerim\u00f4nia com a presen\u00e7a do presidente Luiz In\u00e1cio Lula da Silva, foram anunciados aportes para mais de 100 munic\u00edpios do Rio Grande do Sul. Imigrante est\u00e1 entre os munic\u00edpios contemplados. O prefeito Germano Stevens assinou projetos que somam mais de R$ 6 milh\u00f5es em recursos para o munic\u00edpio. As obras incluem:<\/p>\n","protected":false},"author":8,"featured_media":199190,"comment_status":"open","ping_status":"open","sticky":false,"template":"","format":"standard","meta":{"pmpro_default_level":"","_jetpack_memberships_contains_paid_content":false,"footnotes":""},"categories":[2,10991],"tags":[1058,4263,5847,34,10329],"class_list":{"0":"post-199189","1":"post","2":"type-post","3":"status-publish","4":"format-standard","5":"has-post-thumbnail","7":"category-featured","8":"category-economia","9":"tag-asfalto","10":"tag-barragem","11":"tag-governo-federal","12":"tag-imigrante","13":"tag-reconstrucao","14":"pmpro-has-access"},"yoast_head":"<!-- This site is optimized with the Yoast SEO plugin v27.5 - https:\/\/yoast.com\/product\/yoast-seo-wordpress\/ -->\n<title>Imigrante recebe aporte do governo federal de R$ 6 milh\u00f5es para reconstru\u00e7\u00e3o - Folha Popular<\/title>\n<meta name=\"robots\" content=\"index, follow, max-snippet:-1, max-image-preview:large, max-video-preview:-1\" \/>\n<link rel=\"canonical\" href=\"https:\/\/folhapopular.info\/index.php\/2025\/11\/27\/imigrante-recebe-mais-de-r-6-milhoes-para-reconstrucao-via-governo-federal\/\" \/>\n<meta property=\"og:locale\" content=\"pt_BR\" \/>\n<meta property=\"og:type\" content=\"article\" \/>\n<meta property=\"og:title\" content=\"Imigrante recebe aporte do governo federal de R$ 6 milh\u00f5es para reconstru\u00e7\u00e3o - Folha Popular\" \/>\n<meta property=\"og:description\" content=\"Nesta quarta-feira (26\/11), em cerim\u00f4nia com a presen\u00e7a do presidente Luiz In\u00e1cio Lula da Silva, foram anunciados aportes para mais de 100 munic\u00edpios do Rio Grande do Sul. Imigrante est\u00e1 entre os munic\u00edpios contemplados. O prefeito Germano Stevens assinou projetos que somam mais de R$ 6 milh\u00f5es em recursos para o munic\u00edpio. As obras incluem:\" \/>\n<meta property=\"og:url\" content=\"https:\/\/folhapopular.info\/index.php\/2025\/11\/27\/imigrante-recebe-mais-de-r-6-milhoes-para-reconstrucao-via-governo-federal\/\" \/>\n<meta property=\"og:site_name\" content=\"Folha Popular\" \/>\n<meta property=\"article:published_time\" content=\"2025-11-27T13:38:24+00:00\" \/>\n<meta property=\"article:modified_time\" content=\"2025-11-27T13:43:53+00:00\" \/>\n<meta property=\"og:image\" content=\"http:\/\/folhapopular.info\/wp-content\/uploads\/2025\/11\/588353317_18292594522286382_64066811512486939_n.jpg\" \/>\n\t<meta property=\"og:image:width\" content=\"853\" \/>\n\t<meta property=\"og:image:height\" content=\"569\" \/>\n\t<meta property=\"og:image:type\" content=\"image\/jpeg\" \/>\n<meta name=\"author\" content=\"Reda\u00e7\u00e3o Folha Popular\" \/>\n<meta name=\"twitter:card\" content=\"summary_large_image\" \/>\n<meta name=\"twitter:label1\" content=\"Escrito por\" \/>\n\t<meta name=\"twitter:data1\" content=\"Reda\u00e7\u00e3o Folha Popular\" \/>\n\t<meta name=\"twitter:label2\" content=\"Est. tempo de leitura\" \/>\n\t<meta name=\"twitter:data2\" content=\"1 minuto\" \/>\n<script type=\"application\/ld+json\" class=\"yoast-schema-graph\">{\"@context\":\"https:\\\/\\\/schema.org\",\"@graph\":[{\"@type\":\"Article\",\"@id\":\"https:\\\/\\\/folhapopular.info\\\/index.php\\\/2025\\\/11\\\/27\\\/imigrante-recebe-mais-de-r-6-milhoes-para-reconstrucao-via-governo-federal\\\/#article\",\"isPartOf\":{\"@id\":\"https:\\\/\\\/folhapopular.info\\\/index.php\\\/2025\\\/11\\\/27\\\/imigrante-recebe-mais-de-r-6-milhoes-para-reconstrucao-via-governo-federal\\\/\"},\"author\":{\"name\":\"Reda\u00e7\u00e3o Folha Popular\",\"@id\":\"https:\\\/\\\/folhapopular.info\\\/#\\\/schema\\\/person\\\/2814e8a0df7643585a9ca38bc6eb9d4b\"},\"headline\":\"Imigrante recebe aporte do governo federal de R$ 6 milh\u00f5es para reconstru\u00e7\u00e3o\",\"datePublished\":\"2025-11-27T13:38:24+00:00\",\"dateModified\":\"2025-11-27T13:43:53+00:00\",\"mainEntityOfPage\":{\"@id\":\"https:\\\/\\\/folhapopular.info\\\/index.php\\\/2025\\\/11\\\/27\\\/imigrante-recebe-mais-de-r-6-milhoes-para-reconstrucao-via-governo-federal\\\/\"},\"wordCount\":124,\"commentCount\":0,\"image\":{\"@id\":\"https:\\\/\\\/folhapopular.info\\\/index.php\\\/2025\\\/11\\\/27\\\/imigrante-recebe-mais-de-r-6-milhoes-para-reconstrucao-via-governo-federal\\\/#primaryimage\"},\"thumbnailUrl\":\"https:\\\/\\\/folhapopular.info\\\/wp-content\\\/uploads\\\/2025\\\/11\\\/588353317_18292594522286382_64066811512486939_n.jpg\",\"keywords\":[\"asfalto\",\"barragem\",\"Governo Federal\",\"Imigrante\",\"Reconstru\u00e7\u00e3o\"],\"articleSection\":[\"Destaques\",\"Economia\"],\"inLanguage\":\"pt-BR\",\"potentialAction\":[{\"@type\":\"CommentAction\",\"name\":\"Comment\",\"target\":[\"https:\\\/\\\/folhapopular.info\\\/index.php\\\/2025\\\/11\\\/27\\\/imigrante-recebe-mais-de-r-6-milhoes-para-reconstrucao-via-governo-federal\\\/#respond\"]}]},{\"@type\":\"WebPage\",\"@id\":\"https:\\\/\\\/folhapopular.info\\\/index.php\\\/2025\\\/11\\\/27\\\/imigrante-recebe-mais-de-r-6-milhoes-para-reconstrucao-via-governo-federal\\\/\",\"url\":\"https:\\\/\\\/folhapopular.info\\\/index.php\\\/2025\\\/11\\\/27\\\/imigrante-recebe-mais-de-r-6-milhoes-para-reconstrucao-via-governo-federal\\\/\",\"name\":\"Imigrante recebe aporte do governo federal de R$ 6 milh\u00f5es para reconstru\u00e7\u00e3o - Folha Popular\",\"isPartOf\":{\"@id\":\"https:\\\/\\\/folhapopular.info\\\/#website\"},\"primaryImageOfPage\":{\"@id\":\"https:\\\/\\\/folhapopular.info\\\/index.php\\\/2025\\\/11\\\/27\\\/imigrante-recebe-mais-de-r-6-milhoes-para-reconstrucao-via-governo-federal\\\/#primaryimage\"},\"image\":{\"@id\":\"https:\\\/\\\/folhapopular.info\\\/index.php\\\/2025\\\/11\\\/27\\\/imigrante-recebe-mais-de-r-6-milhoes-para-reconstrucao-via-governo-federal\\\/#primaryimage\"},\"thumbnailUrl\":\"https:\\\/\\\/folhapopular.info\\\/wp-content\\\/uploads\\\/2025\\\/11\\\/588353317_18292594522286382_64066811512486939_n.jpg\",\"datePublished\":\"2025-11-27T13:38:24+00:00\",\"dateModified\":\"2025-11-27T13:43:53+00:00\",\"author\":{\"@id\":\"https:\\\/\\\/folhapopular.info\\\/#\\\/schema\\\/person\\\/2814e8a0df7643585a9ca38bc6eb9d4b\"},\"breadcrumb\":{\"@id\":\"https:\\\/\\\/folhapopular.info\\\/index.php\\\/2025\\\/11\\\/27\\\/imigrante-recebe-mais-de-r-6-milhoes-para-reconstrucao-via-governo-federal\\\/#breadcrumb\"},\"inLanguage\":\"pt-BR\",\"potentialAction\":[{\"@type\":\"ReadAction\",\"target\":[\"https:\\\/\\\/folhapopular.info\\\/index.php\\\/2025\\\/11\\\/27\\\/imigrante-recebe-mais-de-r-6-milhoes-para-reconstrucao-via-governo-federal\\\/\"]}]},{\"@type\":\"ImageObject\",\"inLanguage\":\"pt-BR\",\"@id\":\"https:\\\/\\\/folhapopular.info\\\/index.php\\\/2025\\\/11\\\/27\\\/imigrante-recebe-mais-de-r-6-milhoes-para-reconstrucao-via-governo-federal\\\/#primaryimage\",\"url\":\"https:\\\/\\\/folhapopular.info\\\/wp-content\\\/uploads\\\/2025\\\/11\\\/588353317_18292594522286382_64066811512486939_n.jpg\",\"contentUrl\":\"https:\\\/\\\/folhapopular.info\\\/wp-content\\\/uploads\\\/2025\\\/11\\\/588353317_18292594522286382_64066811512486939_n.jpg\",\"width\":853,\"height\":569,\"caption\":\"Cr\u00e9dito: Prefeitura de Imigrante \\\/ Divulga\u00e7\u00e3o\"},{\"@type\":\"BreadcrumbList\",\"@id\":\"https:\\\/\\\/folhapopular.info\\\/index.php\\\/2025\\\/11\\\/27\\\/imigrante-recebe-mais-de-r-6-milhoes-para-reconstrucao-via-governo-federal\\\/#breadcrumb\",\"itemListElement\":[{\"@type\":\"ListItem\",\"position\":1,\"name\":\"In\u00edcio\",\"item\":\"https:\\\/\\\/folhapopular.info\\\/\"},{\"@type\":\"ListItem\",\"position\":2,\"name\":\"Imigrante recebe aporte do governo federal de R$ 6 milh\u00f5es para reconstru\u00e7\u00e3o\"}]},{\"@type\":\"WebSite\",\"@id\":\"https:\\\/\\\/folhapopular.info\\\/#website\",\"url\":\"https:\\\/\\\/folhapopular.info\\\/\",\"name\":\"Folha Popular\",\"description\":\"Onde voc\u00ea tem vez e voz\",\"potentialAction\":[{\"@type\":\"SearchAction\",\"target\":{\"@type\":\"EntryPoint\",\"urlTemplate\":\"https:\\\/\\\/folhapopular.info\\\/?s={search_term_string}\"},\"query-input\":{\"@type\":\"PropertyValueSpecification\",\"valueRequired\":true,\"valueName\":\"search_term_string\"}}],\"inLanguage\":\"pt-BR\"},{\"@type\":\"Person\",\"@id\":\"https:\\\/\\\/folhapopular.info\\\/#\\\/schema\\\/person\\\/2814e8a0df7643585a9ca38bc6eb9d4b\",\"name\":\"Reda\u00e7\u00e3o Folha Popular\",\"image\":{\"@type\":\"ImageObject\",\"inLanguage\":\"pt-BR\",\"@id\":\"https:\\\/\\\/folhapopular.info\\\/wp-content\\\/uploads\\\/2026\\\/04\\\/Folha-1.webp\",\"url\":\"https:\\\/\\\/folhapopular.info\\\/wp-content\\\/uploads\\\/2026\\\/04\\\/Folha-1.webp\",\"contentUrl\":\"https:\\\/\\\/folhapopular.info\\\/wp-content\\\/uploads\\\/2026\\\/04\\\/Folha-1.webp\",\"caption\":\"Reda\u00e7\u00e3o Folha Popular\"},\"url\":\"https:\\\/\\\/folhapopular.info\\\/index.php\\\/author\\\/redacao\\\/\"}]}<\/script>\n<!-- \/ Yoast SEO plugin. -->","yoast_head_json":{"title":"Imigrante recebe aporte do governo federal de R$ 6 milh\u00f5es para reconstru\u00e7\u00e3o - Folha Popular","robots":{"index":"index","follow":"follow","max-snippet":"max-snippet:-1","max-image-preview":"max-image-preview:large","max-video-preview":"max-video-preview:-1"},"canonical":"https:\/\/folhapopular.info\/index.php\/2025\/11\/27\/imigrante-recebe-mais-de-r-6-milhoes-para-reconstrucao-via-governo-federal\/","og_locale":"pt_BR","og_type":"article","og_title":"Imigrante recebe aporte do governo federal de R$ 6 milh\u00f5es para reconstru\u00e7\u00e3o - Folha Popular","og_description":"Nesta quarta-feira (26\/11), em cerim\u00f4nia com a presen\u00e7a do presidente Luiz In\u00e1cio Lula da Silva, foram anunciados aportes para mais de 100 munic\u00edpios do Rio Grande do Sul. Imigrante est\u00e1 entre os munic\u00edpios contemplados. O prefeito Germano Stevens assinou projetos que somam mais de R$ 6 milh\u00f5es em recursos para o munic\u00edpio. As obras incluem:","og_url":"https:\/\/folhapopular.info\/index.php\/2025\/11\/27\/imigrante-recebe-mais-de-r-6-milhoes-para-reconstrucao-via-governo-federal\/","og_site_name":"Folha Popular","article_published_time":"2025-11-27T13:38:24+00:00","article_modified_time":"2025-11-27T13:43:53+00:00","og_image":[{"width":853,"height":569,"url":"http:\/\/folhapopular.info\/wp-content\/uploads\/2025\/11\/588353317_18292594522286382_64066811512486939_n.jpg","type":"image\/jpeg"}],"author":"Reda\u00e7\u00e3o Folha Popular","twitter_card":"summary_large_image","twitter_misc":{"Escrito por":"Reda\u00e7\u00e3o Folha Popular","Est. tempo de leitura":"1 minuto"},"schema":{"@context":"https:\/\/schema.org","@graph":[{"@type":"Article","@id":"https:\/\/folhapopular.info\/index.php\/2025\/11\/27\/imigrante-recebe-mais-de-r-6-milhoes-para-reconstrucao-via-governo-federal\/#article","isPartOf":{"@id":"https:\/\/folhapopular.info\/index.php\/2025\/11\/27\/imigrante-recebe-mais-de-r-6-milhoes-para-reconstrucao-via-governo-federal\/"},"author":{"name":"Reda\u00e7\u00e3o Folha Popular","@id":"https:\/\/folhapopular.info\/#\/schema\/person\/2814e8a0df7643585a9ca38bc6eb9d4b"},"headline":"Imigrante recebe aporte do governo federal de R$ 6 milh\u00f5es para reconstru\u00e7\u00e3o","datePublished":"2025-11-27T13:38:24+00:00","dateModified":"2025-11-27T13:43:53+00:00","mainEntityOfPage":{"@id":"https:\/\/folhapopular.info\/index.php\/2025\/11\/27\/imigrante-recebe-mais-de-r-6-milhoes-para-reconstrucao-via-governo-federal\/"},"wordCount":124,"commentCount":0,"image":{"@id":"https:\/\/folhapopular.info\/index.php\/2025\/11\/27\/imigrante-recebe-mais-de-r-6-milhoes-para-reconstrucao-via-governo-federal\/#primaryimage"},"thumbnailUrl":"https:\/\/folhapopular.info\/wp-content\/uploads\/2025\/11\/588353317_18292594522286382_64066811512486939_n.jpg","keywords":["asfalto","barragem","Governo Federal","Imigrante","Reconstru\u00e7\u00e3o"],"articleSection":["Destaques","Economia"],"inLanguage":"pt-BR","potentialAction":[{"@type":"CommentAction","name":"Comment","target":["https:\/\/folhapopular.info\/index.php\/2025\/11\/27\/imigrante-recebe-mais-de-r-6-milhoes-para-reconstrucao-via-governo-federal\/#respond"]}]},{"@type":"WebPage","@id":"https:\/\/folhapopular.info\/index.php\/2025\/11\/27\/imigrante-recebe-mais-de-r-6-milhoes-para-reconstrucao-via-governo-federal\/","url":"https:\/\/folhapopular.info\/index.php\/2025\/11\/27\/imigrante-recebe-mais-de-r-6-milhoes-para-reconstrucao-via-governo-federal\/","name":"Imigrante recebe aporte do governo federal de R$ 6 milh\u00f5es para reconstru\u00e7\u00e3o - Folha Popular","isPartOf":{"@id":"https:\/\/folhapopular.info\/#website"},"primaryImageOfPage":{"@id":"https:\/\/folhapopular.info\/index.php\/2025\/11\/27\/imigrante-recebe-mais-de-r-6-milhoes-para-reconstrucao-via-governo-federal\/#primaryimage"},"image":{"@id":"https:\/\/folhapopular.info\/index.php\/2025\/11\/27\/imigrante-recebe-mais-de-r-6-milhoes-para-reconstrucao-via-governo-federal\/#primaryimage"},"thumbnailUrl":"https:\/\/folhapopular.info\/wp-content\/uploads\/2025\/11\/588353317_18292594522286382_64066811512486939_n.jpg","datePublished":"2025-11-27T13:38:24+00:00","dateModified":"2025-11-27T13:43:53+00:00","author":{"@id":"https:\/\/folhapopular.info\/#\/schema\/person\/2814e8a0df7643585a9ca38bc6eb9d4b"},"breadcrumb":{"@id":"https:\/\/folhapopular.info\/index.php\/2025\/11\/27\/imigrante-recebe-mais-de-r-6-milhoes-para-reconstrucao-via-governo-federal\/#breadcrumb"},"inLanguage":"pt-BR","potentialAction":[{"@type":"ReadAction","target":["https:\/\/folhapopular.info\/index.php\/2025\/11\/27\/imigrante-recebe-mais-de-r-6-milhoes-para-reconstrucao-via-governo-federal\/"]}]},{"@type":"ImageObject","inLanguage":"pt-BR","@id":"https:\/\/folhapopular.info\/index.php\/2025\/11\/27\/imigrante-recebe-mais-de-r-6-milhoes-para-reconstrucao-via-governo-federal\/#primaryimage","url":"https:\/\/folhapopular.info\/wp-content\/uploads\/2025\/11\/588353317_18292594522286382_64066811512486939_n.jpg","contentUrl":"https:\/\/folhapopular.info\/wp-content\/uploads\/2025\/11\/588353317_18292594522286382_64066811512486939_n.jpg","width":853,"height":569,"caption":"Cr\u00e9dito: Prefeitura de Imigrante \/ Divulga\u00e7\u00e3o"},{"@type":"BreadcrumbList","@id":"https:\/\/folhapopular.info\/index.php\/2025\/11\/27\/imigrante-recebe-mais-de-r-6-milhoes-para-reconstrucao-via-governo-federal\/#breadcrumb","itemListElement":[{"@type":"ListItem","position":1,"name":"In\u00edcio","item":"https:\/\/folhapopular.info\/"},{"@type":"ListItem","position":2,"name":"Imigrante recebe aporte do governo federal de R$ 6 milh\u00f5es para reconstru\u00e7\u00e3o"}]},{"@type":"WebSite","@id":"https:\/\/folhapopular.info\/#website","url":"https:\/\/folhapopular.info\/","name":"Folha Popular","description":"Onde voc\u00ea tem vez e voz","potentialAction":[{"@type":"SearchAction","target":{"@type":"EntryPoint","urlTemplate":"https:\/\/folhapopular.info\/?s={search_term_string}"},"query-input":{"@type":"PropertyValueSpecification","valueRequired":true,"valueName":"search_term_string"}}],"inLanguage":"pt-BR"},{"@type":"Person","@id":"https:\/\/folhapopular.info\/#\/schema\/person\/2814e8a0df7643585a9ca38bc6eb9d4b","name":"Reda\u00e7\u00e3o Folha Popular","image":{"@type":"ImageObject","inLanguage":"pt-BR","@id":"https:\/\/folhapopular.info\/wp-content\/uploads\/2026\/04\/Folha-1.webp","url":"https:\/\/folhapopular.info\/wp-content\/uploads\/2026\/04\/Folha-1.webp","contentUrl":"https:\/\/folhapopular.info\/wp-content\/uploads\/2026\/04\/Folha-1.webp","caption":"Reda\u00e7\u00e3o Folha Popular"},"url":"https:\/\/folhapopular.info\/index.php\/author\/redacao\/"}]}},"jetpack_featured_media_url":"https:\/\/folhapopular.info\/wp-content\/uploads\/2025\/11\/588353317_18292594522286382_64066811512486939_n.jpg","jetpack_sharing_enabled":true,"amp_enabled":true,"_links":{"self":[{"href":"https:\/\/folhapopular.info\/index.php\/wp-json\/wp\/v2\/posts\/199189","targetHints":{"allow":["GET"]}}],"collection":[{"href":"https:\/\/folhapopular.info\/index.php\/wp-json\/wp\/v2\/posts"}],"about":[{"href":"https:\/\/folhapopular.info\/index.php\/wp-json\/wp\/v2\/types\/post"}],"author":[{"embeddable":true,"href":"https:\/\/folhapopular.info\/index.php\/wp-json\/wp\/v2\/users\/8"}],"replies":[{"embeddable":true,"href":"https:\/\/folhapopular.info\/index.php\/wp-json\/wp\/v2\/comments?post=199189"}],"version-history":[{"count":0,"href":"https:\/\/folhapopular.info\/index.php\/wp-json\/wp\/v2\/posts\/199189\/revisions"}],"wp:featuredmedia":[{"embeddable":true,"href":"https:\/\/folhapopular.info\/index.php\/wp-json\/wp\/v2\/media\/199190"}],"wp:attachment":[{"href":"https:\/\/folhapopular.info\/index.php\/wp-json\/wp\/v2\/media?parent=199189"}],"wp:term":[{"taxonomy":"category","embeddable":true,"href":"https:\/\/folhapopular.info\/index.php\/wp-json\/wp\/v2\/categories?post=199189"},{"taxonomy":"post_tag","embeddable":true,"href":"https:\/\/folhapopular.info\/index.php\/wp-json\/wp\/v2\/tags?post=199189"}],"curies":[{"name":"wp","href":"https:\/\/api.w.org\/{rel}","templated":true}]}}