{"id":199220,"date":"2025-11-28T08:11:15","date_gmt":"2025-11-28T11:11:15","guid":{"rendered":"https:\/\/folhapopular.info\/?p=199220"},"modified":"2025-11-28T08:11:17","modified_gmt":"2025-11-28T11:11:17","slug":"reconstrucao-de-colinas-avanca-com-novos-investimentos-federais","status":"publish","type":"post","link":"https:\/\/folhapopular.info\/index.php\/2025\/11\/28\/reconstrucao-de-colinas-avanca-com-novos-investimentos-federais\/","title":{"rendered":"Reconstru\u00e7\u00e3o de Colinas avan\u00e7a com novos investimentos federais"},"content":{"rendered":"\n<p>O prefeito de Colinas, Marcelo Schroer, participou do ato oficial com o presidente Luiz In\u00e1cio Lula da Silva, no qual foram anunciados novos recursos destinados \u00e0 reconstru\u00e7\u00e3o dos munic\u00edpios afetados pelas enchentes no Rio Grande do Sul. O evento reuniu autoridades federais, estaduais e municipais.<\/p>\n\n\n\n<p>Durante o encontro, foi aprovado um novo plano de trabalho para a execu\u00e7\u00e3o de um painel linear com parque naturalizado em Colinas, com \u00e1rea total de 3.055,20 m\u00b2. O projeto ser\u00e1 implantado na Rua Fernando Ferrari, uma das regi\u00f5es mais afetadas pela enchente de 2024. O investimento previsto \u00e9 de R$ 1.298.932,11, recurso essencial para transformar a \u00e1rea e criar um novo espa\u00e7o p\u00fablico de conviv\u00eancia e lazer para as fam\u00edlias.<\/p>\n\n\n\n<p>\u201cA libera\u00e7\u00e3o de recursos e a aprova\u00e7\u00e3o do novo plano de trabalho representam passos decisivos na reconstru\u00e7\u00e3o de Colinas. Nossa comunidade foi profundamente atingida e precisamos garantir investimentos cont\u00ednuos para devolver seguran\u00e7a, dignidade e qualidade de vida \u00e0s fam\u00edlias. Estamos transformando dor em reconstru\u00e7\u00e3o, com muito empenho e uni\u00e3o\u201d, destacou o prefeito Marcelo Schroer.<\/p>\n\n\n\n<p><\/p>\n","protected":false},"excerpt":{"rendered":"<p>O prefeito de Colinas, Marcelo Schroer, participou do ato oficial com o presidente Luiz In\u00e1cio Lula da Silva, no qual foram anunciados novos recursos destinados \u00e0 reconstru\u00e7\u00e3o dos munic\u00edpios afetados pelas enchentes no Rio Grande do Sul. O evento reuniu autoridades federais, estaduais e municipais. Durante o encontro, foi aprovado um novo plano de trabalho [&hellip;]<\/p>\n","protected":false},"author":8,"featured_media":199221,"comment_status":"open","ping_status":"open","sticky":false,"template":"","format":"standard","meta":{"pmpro_default_level":"","_jetpack_memberships_contains_paid_content":false,"footnotes":""},"categories":[2,10991],"tags":[183,1471,4237,10329,327],"class_list":{"0":"post-199220","1":"post","2":"type-post","3":"status-publish","4":"format-standard","5":"has-post-thumbnail","7":"category-featured","8":"category-economia","9":"tag-colinas","10":"tag-investimentos","11":"tag-parque","12":"tag-reconstrucao","13":"tag-recursos","14":"pmpro-has-access"},"yoast_head":"<!-- This site is optimized with the Yoast SEO plugin v27.5 - https:\/\/yoast.com\/product\/yoast-seo-wordpress\/ -->\n<title>Reconstru\u00e7\u00e3o de Colinas avan\u00e7a com novos investimentos federais - Folha Popular<\/title>\n<meta name=\"description\" content=\"Durante o encontro, foi aprovado um novo plano de trabalho para a execu\u00e7\u00e3o de um painel linear com parque naturalizado em Colinas.\" \/>\n<meta name=\"robots\" content=\"index, follow, max-snippet:-1, max-image-preview:large, max-video-preview:-1\" \/>\n<link rel=\"canonical\" href=\"https:\/\/folhapopular.info\/index.php\/2025\/11\/28\/reconstrucao-de-colinas-avanca-com-novos-investimentos-federais\/\" \/>\n<meta property=\"og:locale\" content=\"pt_BR\" \/>\n<meta property=\"og:type\" content=\"article\" \/>\n<meta property=\"og:title\" content=\"Reconstru\u00e7\u00e3o de Colinas avan\u00e7a com novos investimentos federais - Folha Popular\" \/>\n<meta property=\"og:description\" content=\"Durante o encontro, foi aprovado um novo plano de trabalho para a execu\u00e7\u00e3o de um painel linear com parque naturalizado em Colinas.\" \/>\n<meta property=\"og:url\" content=\"https:\/\/folhapopular.info\/index.php\/2025\/11\/28\/reconstrucao-de-colinas-avanca-com-novos-investimentos-federais\/\" \/>\n<meta property=\"og:site_name\" content=\"Folha Popular\" \/>\n<meta property=\"article:published_time\" content=\"2025-11-28T11:11:15+00:00\" \/>\n<meta property=\"article:modified_time\" content=\"2025-11-28T11:11:17+00:00\" \/>\n<meta property=\"og:image\" content=\"http:\/\/folhapopular.info\/wp-content\/uploads\/2025\/11\/WhatsApp-Image-2025-11-27-at-16.01.27.jpeg\" \/>\n\t<meta property=\"og:image:width\" content=\"1600\" \/>\n\t<meta property=\"og:image:height\" content=\"900\" \/>\n\t<meta property=\"og:image:type\" content=\"image\/jpeg\" \/>\n<meta name=\"author\" content=\"Reda\u00e7\u00e3o Folha Popular\" \/>\n<meta name=\"twitter:card\" content=\"summary_large_image\" \/>\n<meta name=\"twitter:label1\" content=\"Escrito por\" \/>\n\t<meta name=\"twitter:data1\" content=\"Reda\u00e7\u00e3o Folha Popular\" \/>\n\t<meta name=\"twitter:label2\" content=\"Est. tempo de leitura\" \/>\n\t<meta name=\"twitter:data2\" content=\"2 minutos\" \/>\n<script type=\"application\/ld+json\" class=\"yoast-schema-graph\">{\"@context\":\"https:\\\/\\\/schema.org\",\"@graph\":[{\"@type\":\"Article\",\"@id\":\"https:\\\/\\\/folhapopular.info\\\/index.php\\\/2025\\\/11\\\/28\\\/reconstrucao-de-colinas-avanca-com-novos-investimentos-federais\\\/#article\",\"isPartOf\":{\"@id\":\"https:\\\/\\\/folhapopular.info\\\/index.php\\\/2025\\\/11\\\/28\\\/reconstrucao-de-colinas-avanca-com-novos-investimentos-federais\\\/\"},\"author\":{\"name\":\"Reda\u00e7\u00e3o Folha Popular\",\"@id\":\"https:\\\/\\\/folhapopular.info\\\/#\\\/schema\\\/person\\\/2814e8a0df7643585a9ca38bc6eb9d4b\"},\"headline\":\"Reconstru\u00e7\u00e3o de Colinas avan\u00e7a com novos investimentos federais\",\"datePublished\":\"2025-11-28T11:11:15+00:00\",\"dateModified\":\"2025-11-28T11:11:17+00:00\",\"mainEntityOfPage\":{\"@id\":\"https:\\\/\\\/folhapopular.info\\\/index.php\\\/2025\\\/11\\\/28\\\/reconstrucao-de-colinas-avanca-com-novos-investimentos-federais\\\/\"},\"wordCount\":192,\"commentCount\":0,\"image\":{\"@id\":\"https:\\\/\\\/folhapopular.info\\\/index.php\\\/2025\\\/11\\\/28\\\/reconstrucao-de-colinas-avanca-com-novos-investimentos-federais\\\/#primaryimage\"},\"thumbnailUrl\":\"https:\\\/\\\/folhapopular.info\\\/wp-content\\\/uploads\\\/2025\\\/11\\\/WhatsApp-Image-2025-11-27-at-16.01.27.jpeg\",\"keywords\":[\"Colinas\",\"Investimentos\",\"Parque\",\"Reconstru\u00e7\u00e3o\",\"Recursos\"],\"articleSection\":[\"Destaques\",\"Economia\"],\"inLanguage\":\"pt-BR\",\"potentialAction\":[{\"@type\":\"CommentAction\",\"name\":\"Comment\",\"target\":[\"https:\\\/\\\/folhapopular.info\\\/index.php\\\/2025\\\/11\\\/28\\\/reconstrucao-de-colinas-avanca-com-novos-investimentos-federais\\\/#respond\"]}]},{\"@type\":\"WebPage\",\"@id\":\"https:\\\/\\\/folhapopular.info\\\/index.php\\\/2025\\\/11\\\/28\\\/reconstrucao-de-colinas-avanca-com-novos-investimentos-federais\\\/\",\"url\":\"https:\\\/\\\/folhapopular.info\\\/index.php\\\/2025\\\/11\\\/28\\\/reconstrucao-de-colinas-avanca-com-novos-investimentos-federais\\\/\",\"name\":\"Reconstru\u00e7\u00e3o de Colinas avan\u00e7a com novos investimentos federais - Folha Popular\",\"isPartOf\":{\"@id\":\"https:\\\/\\\/folhapopular.info\\\/#website\"},\"primaryImageOfPage\":{\"@id\":\"https:\\\/\\\/folhapopular.info\\\/index.php\\\/2025\\\/11\\\/28\\\/reconstrucao-de-colinas-avanca-com-novos-investimentos-federais\\\/#primaryimage\"},\"image\":{\"@id\":\"https:\\\/\\\/folhapopular.info\\\/index.php\\\/2025\\\/11\\\/28\\\/reconstrucao-de-colinas-avanca-com-novos-investimentos-federais\\\/#primaryimage\"},\"thumbnailUrl\":\"https:\\\/\\\/folhapopular.info\\\/wp-content\\\/uploads\\\/2025\\\/11\\\/WhatsApp-Image-2025-11-27-at-16.01.27.jpeg\",\"datePublished\":\"2025-11-28T11:11:15+00:00\",\"dateModified\":\"2025-11-28T11:11:17+00:00\",\"author\":{\"@id\":\"https:\\\/\\\/folhapopular.info\\\/#\\\/schema\\\/person\\\/2814e8a0df7643585a9ca38bc6eb9d4b\"},\"description\":\"Durante o encontro, foi aprovado um novo plano de trabalho para a execu\u00e7\u00e3o de um painel linear com parque naturalizado em Colinas.\",\"breadcrumb\":{\"@id\":\"https:\\\/\\\/folhapopular.info\\\/index.php\\\/2025\\\/11\\\/28\\\/reconstrucao-de-colinas-avanca-com-novos-investimentos-federais\\\/#breadcrumb\"},\"inLanguage\":\"pt-BR\",\"potentialAction\":[{\"@type\":\"ReadAction\",\"target\":[\"https:\\\/\\\/folhapopular.info\\\/index.php\\\/2025\\\/11\\\/28\\\/reconstrucao-de-colinas-avanca-com-novos-investimentos-federais\\\/\"]}]},{\"@type\":\"ImageObject\",\"inLanguage\":\"pt-BR\",\"@id\":\"https:\\\/\\\/folhapopular.info\\\/index.php\\\/2025\\\/11\\\/28\\\/reconstrucao-de-colinas-avanca-com-novos-investimentos-federais\\\/#primaryimage\",\"url\":\"https:\\\/\\\/folhapopular.info\\\/wp-content\\\/uploads\\\/2025\\\/11\\\/WhatsApp-Image-2025-11-27-at-16.01.27.jpeg\",\"contentUrl\":\"https:\\\/\\\/folhapopular.info\\\/wp-content\\\/uploads\\\/2025\\\/11\\\/WhatsApp-Image-2025-11-27-at-16.01.27.jpeg\",\"width\":1600,\"height\":900,\"caption\":\"Cr\u00e9dito: Prefeitura de Colinas \\\/ Divulga\u00e7\u00e3o\"},{\"@type\":\"BreadcrumbList\",\"@id\":\"https:\\\/\\\/folhapopular.info\\\/index.php\\\/2025\\\/11\\\/28\\\/reconstrucao-de-colinas-avanca-com-novos-investimentos-federais\\\/#breadcrumb\",\"itemListElement\":[{\"@type\":\"ListItem\",\"position\":1,\"name\":\"In\u00edcio\",\"item\":\"https:\\\/\\\/folhapopular.info\\\/\"},{\"@type\":\"ListItem\",\"position\":2,\"name\":\"Reconstru\u00e7\u00e3o de Colinas avan\u00e7a com novos investimentos federais\"}]},{\"@type\":\"WebSite\",\"@id\":\"https:\\\/\\\/folhapopular.info\\\/#website\",\"url\":\"https:\\\/\\\/folhapopular.info\\\/\",\"name\":\"Folha Popular\",\"description\":\"Onde voc\u00ea tem vez e voz\",\"potentialAction\":[{\"@type\":\"SearchAction\",\"target\":{\"@type\":\"EntryPoint\",\"urlTemplate\":\"https:\\\/\\\/folhapopular.info\\\/?s={search_term_string}\"},\"query-input\":{\"@type\":\"PropertyValueSpecification\",\"valueRequired\":true,\"valueName\":\"search_term_string\"}}],\"inLanguage\":\"pt-BR\"},{\"@type\":\"Person\",\"@id\":\"https:\\\/\\\/folhapopular.info\\\/#\\\/schema\\\/person\\\/2814e8a0df7643585a9ca38bc6eb9d4b\",\"name\":\"Reda\u00e7\u00e3o Folha Popular\",\"image\":{\"@type\":\"ImageObject\",\"inLanguage\":\"pt-BR\",\"@id\":\"https:\\\/\\\/folhapopular.info\\\/wp-content\\\/uploads\\\/2026\\\/04\\\/Folha-1.webp\",\"url\":\"https:\\\/\\\/folhapopular.info\\\/wp-content\\\/uploads\\\/2026\\\/04\\\/Folha-1.webp\",\"contentUrl\":\"https:\\\/\\\/folhapopular.info\\\/wp-content\\\/uploads\\\/2026\\\/04\\\/Folha-1.webp\",\"caption\":\"Reda\u00e7\u00e3o Folha Popular\"},\"url\":\"https:\\\/\\\/folhapopular.info\\\/index.php\\\/author\\\/redacao\\\/\"}]}<\/script>\n<!-- \/ Yoast SEO plugin. -->","yoast_head_json":{"title":"Reconstru\u00e7\u00e3o de Colinas avan\u00e7a com novos investimentos federais - Folha Popular","description":"Durante o encontro, foi aprovado um novo plano de trabalho para a execu\u00e7\u00e3o de um painel linear com parque naturalizado em Colinas.","robots":{"index":"index","follow":"follow","max-snippet":"max-snippet:-1","max-image-preview":"max-image-preview:large","max-video-preview":"max-video-preview:-1"},"canonical":"https:\/\/folhapopular.info\/index.php\/2025\/11\/28\/reconstrucao-de-colinas-avanca-com-novos-investimentos-federais\/","og_locale":"pt_BR","og_type":"article","og_title":"Reconstru\u00e7\u00e3o de Colinas avan\u00e7a com novos investimentos federais - Folha Popular","og_description":"Durante o encontro, foi aprovado um novo plano de trabalho para a execu\u00e7\u00e3o de um painel linear com parque naturalizado em Colinas.","og_url":"https:\/\/folhapopular.info\/index.php\/2025\/11\/28\/reconstrucao-de-colinas-avanca-com-novos-investimentos-federais\/","og_site_name":"Folha Popular","article_published_time":"2025-11-28T11:11:15+00:00","article_modified_time":"2025-11-28T11:11:17+00:00","og_image":[{"width":1600,"height":900,"url":"http:\/\/folhapopular.info\/wp-content\/uploads\/2025\/11\/WhatsApp-Image-2025-11-27-at-16.01.27.jpeg","type":"image\/jpeg"}],"author":"Reda\u00e7\u00e3o Folha Popular","twitter_card":"summary_large_image","twitter_misc":{"Escrito por":"Reda\u00e7\u00e3o Folha Popular","Est. tempo de leitura":"2 minutos"},"schema":{"@context":"https:\/\/schema.org","@graph":[{"@type":"Article","@id":"https:\/\/folhapopular.info\/index.php\/2025\/11\/28\/reconstrucao-de-colinas-avanca-com-novos-investimentos-federais\/#article","isPartOf":{"@id":"https:\/\/folhapopular.info\/index.php\/2025\/11\/28\/reconstrucao-de-colinas-avanca-com-novos-investimentos-federais\/"},"author":{"name":"Reda\u00e7\u00e3o Folha Popular","@id":"https:\/\/folhapopular.info\/#\/schema\/person\/2814e8a0df7643585a9ca38bc6eb9d4b"},"headline":"Reconstru\u00e7\u00e3o de Colinas avan\u00e7a com novos investimentos federais","datePublished":"2025-11-28T11:11:15+00:00","dateModified":"2025-11-28T11:11:17+00:00","mainEntityOfPage":{"@id":"https:\/\/folhapopular.info\/index.php\/2025\/11\/28\/reconstrucao-de-colinas-avanca-com-novos-investimentos-federais\/"},"wordCount":192,"commentCount":0,"image":{"@id":"https:\/\/folhapopular.info\/index.php\/2025\/11\/28\/reconstrucao-de-colinas-avanca-com-novos-investimentos-federais\/#primaryimage"},"thumbnailUrl":"https:\/\/folhapopular.info\/wp-content\/uploads\/2025\/11\/WhatsApp-Image-2025-11-27-at-16.01.27.jpeg","keywords":["Colinas","Investimentos","Parque","Reconstru\u00e7\u00e3o","Recursos"],"articleSection":["Destaques","Economia"],"inLanguage":"pt-BR","potentialAction":[{"@type":"CommentAction","name":"Comment","target":["https:\/\/folhapopular.info\/index.php\/2025\/11\/28\/reconstrucao-de-colinas-avanca-com-novos-investimentos-federais\/#respond"]}]},{"@type":"WebPage","@id":"https:\/\/folhapopular.info\/index.php\/2025\/11\/28\/reconstrucao-de-colinas-avanca-com-novos-investimentos-federais\/","url":"https:\/\/folhapopular.info\/index.php\/2025\/11\/28\/reconstrucao-de-colinas-avanca-com-novos-investimentos-federais\/","name":"Reconstru\u00e7\u00e3o de Colinas avan\u00e7a com novos investimentos federais - Folha Popular","isPartOf":{"@id":"https:\/\/folhapopular.info\/#website"},"primaryImageOfPage":{"@id":"https:\/\/folhapopular.info\/index.php\/2025\/11\/28\/reconstrucao-de-colinas-avanca-com-novos-investimentos-federais\/#primaryimage"},"image":{"@id":"https:\/\/folhapopular.info\/index.php\/2025\/11\/28\/reconstrucao-de-colinas-avanca-com-novos-investimentos-federais\/#primaryimage"},"thumbnailUrl":"https:\/\/folhapopular.info\/wp-content\/uploads\/2025\/11\/WhatsApp-Image-2025-11-27-at-16.01.27.jpeg","datePublished":"2025-11-28T11:11:15+00:00","dateModified":"2025-11-28T11:11:17+00:00","author":{"@id":"https:\/\/folhapopular.info\/#\/schema\/person\/2814e8a0df7643585a9ca38bc6eb9d4b"},"description":"Durante o encontro, foi aprovado um novo plano de trabalho para a execu\u00e7\u00e3o de um painel linear com parque naturalizado em Colinas.","breadcrumb":{"@id":"https:\/\/folhapopular.info\/index.php\/2025\/11\/28\/reconstrucao-de-colinas-avanca-com-novos-investimentos-federais\/#breadcrumb"},"inLanguage":"pt-BR","potentialAction":[{"@type":"ReadAction","target":["https:\/\/folhapopular.info\/index.php\/2025\/11\/28\/reconstrucao-de-colinas-avanca-com-novos-investimentos-federais\/"]}]},{"@type":"ImageObject","inLanguage":"pt-BR","@id":"https:\/\/folhapopular.info\/index.php\/2025\/11\/28\/reconstrucao-de-colinas-avanca-com-novos-investimentos-federais\/#primaryimage","url":"https:\/\/folhapopular.info\/wp-content\/uploads\/2025\/11\/WhatsApp-Image-2025-11-27-at-16.01.27.jpeg","contentUrl":"https:\/\/folhapopular.info\/wp-content\/uploads\/2025\/11\/WhatsApp-Image-2025-11-27-at-16.01.27.jpeg","width":1600,"height":900,"caption":"Cr\u00e9dito: Prefeitura de Colinas \/ Divulga\u00e7\u00e3o"},{"@type":"BreadcrumbList","@id":"https:\/\/folhapopular.info\/index.php\/2025\/11\/28\/reconstrucao-de-colinas-avanca-com-novos-investimentos-federais\/#breadcrumb","itemListElement":[{"@type":"ListItem","position":1,"name":"In\u00edcio","item":"https:\/\/folhapopular.info\/"},{"@type":"ListItem","position":2,"name":"Reconstru\u00e7\u00e3o de Colinas avan\u00e7a com novos investimentos federais"}]},{"@type":"WebSite","@id":"https:\/\/folhapopular.info\/#website","url":"https:\/\/folhapopular.info\/","name":"Folha Popular","description":"Onde voc\u00ea tem vez e voz","potentialAction":[{"@type":"SearchAction","target":{"@type":"EntryPoint","urlTemplate":"https:\/\/folhapopular.info\/?s={search_term_string}"},"query-input":{"@type":"PropertyValueSpecification","valueRequired":true,"valueName":"search_term_string"}}],"inLanguage":"pt-BR"},{"@type":"Person","@id":"https:\/\/folhapopular.info\/#\/schema\/person\/2814e8a0df7643585a9ca38bc6eb9d4b","name":"Reda\u00e7\u00e3o Folha Popular","image":{"@type":"ImageObject","inLanguage":"pt-BR","@id":"https:\/\/folhapopular.info\/wp-content\/uploads\/2026\/04\/Folha-1.webp","url":"https:\/\/folhapopular.info\/wp-content\/uploads\/2026\/04\/Folha-1.webp","contentUrl":"https:\/\/folhapopular.info\/wp-content\/uploads\/2026\/04\/Folha-1.webp","caption":"Reda\u00e7\u00e3o Folha Popular"},"url":"https:\/\/folhapopular.info\/index.php\/author\/redacao\/"}]}},"jetpack_featured_media_url":"https:\/\/folhapopular.info\/wp-content\/uploads\/2025\/11\/WhatsApp-Image-2025-11-27-at-16.01.27.jpeg","jetpack_sharing_enabled":true,"amp_enabled":true,"_links":{"self":[{"href":"https:\/\/folhapopular.info\/index.php\/wp-json\/wp\/v2\/posts\/199220","targetHints":{"allow":["GET"]}}],"collection":[{"href":"https:\/\/folhapopular.info\/index.php\/wp-json\/wp\/v2\/posts"}],"about":[{"href":"https:\/\/folhapopular.info\/index.php\/wp-json\/wp\/v2\/types\/post"}],"author":[{"embeddable":true,"href":"https:\/\/folhapopular.info\/index.php\/wp-json\/wp\/v2\/users\/8"}],"replies":[{"embeddable":true,"href":"https:\/\/folhapopular.info\/index.php\/wp-json\/wp\/v2\/comments?post=199220"}],"version-history":[{"count":0,"href":"https:\/\/folhapopular.info\/index.php\/wp-json\/wp\/v2\/posts\/199220\/revisions"}],"wp:featuredmedia":[{"embeddable":true,"href":"https:\/\/folhapopular.info\/index.php\/wp-json\/wp\/v2\/media\/199221"}],"wp:attachment":[{"href":"https:\/\/folhapopular.info\/index.php\/wp-json\/wp\/v2\/media?parent=199220"}],"wp:term":[{"taxonomy":"category","embeddable":true,"href":"https:\/\/folhapopular.info\/index.php\/wp-json\/wp\/v2\/categories?post=199220"},{"taxonomy":"post_tag","embeddable":true,"href":"https:\/\/folhapopular.info\/index.php\/wp-json\/wp\/v2\/tags?post=199220"}],"curies":[{"name":"wp","href":"https:\/\/api.w.org\/{rel}","templated":true}]}}