{"id":199255,"date":"2025-11-28T17:11:21","date_gmt":"2025-11-28T20:11:21","guid":{"rendered":"https:\/\/folhapopular.info\/?p=199255"},"modified":"2025-11-28T17:11:24","modified_gmt":"2025-11-28T20:11:24","slug":"sicredi-inaugura-terceira-agencia-na-regiao-de-montes-claros-em-brasilia-de-minas","status":"publish","type":"post","link":"https:\/\/folhapopular.info\/index.php\/2025\/11\/28\/sicredi-inaugura-terceira-agencia-na-regiao-de-montes-claros-em-brasilia-de-minas\/","title":{"rendered":"Sicredi inaugura terceira ag\u00eancia na regi\u00e3o de Montes Claros em Bras\u00edlia de Minas"},"content":{"rendered":"\n<p>Na noite desta quinta-feira (27\/11), a Sicredi Integra\u00e7\u00e3o RS \/ MG inaugurou sua nova ag\u00eancia em Bras\u00edlia de Minas (Av. Bias Fortes, 149 \u2013 Centro), a terceira unidade da cooperativa na regi\u00e3o de Montes Claros. O evento reuniu autoridades, lideran\u00e7as, colaboradores, imprensa e moradores, consolidando mais um avan\u00e7o do projeto de expans\u00e3o em solo mineiro.<\/p>\n\n\n\n<p>Com 341 metros quadrados e uma equipe de cinco colaboradores, a nova ag\u00eancia passa a oferecer solu\u00e7\u00f5es financeiras cooperativas \u00e0 comunidade, com foco em inclus\u00e3o financeira, apoio ao empreendedorismo local e fortalecimento da economia regional.<\/p>\n\n\n\n<p>Gerente da nova ag\u00eancia, Wagner Souza Silva destacou que a chegada do Sicredi ao munic\u00edpio ocorre com grande expectativa e que a cooperativa pretende atuar como parceira da comunidade, promovendo desenvolvimento econ\u00f4mico por meio de um modelo baseado na participa\u00e7\u00e3o, no cr\u00e9dito consciente e no retorno dos resultados aos associados.<\/p>\n\n\n\n<p>Ele ressaltou que o objetivo \u00e9 apoiar fam\u00edlias, produtores rurais e empreendedores, contribuindo para o crescimento sustent\u00e1vel da cidade. Segundo ele, a iniciativa marca a expans\u00e3o e refor\u00e7a o compromisso de construir rela\u00e7\u00f5es pr\u00f3ximas e gerar valor local.<\/p>\n\n\n\n<p>J\u00e1 o Gerente Regional de Desenvolvimento, Guilherme Hennemann, avaliou a expans\u00e3o mineira como altamente positiva. Ele lembrou que, desde 2019, a atua\u00e7\u00e3o da Sicredi Integra\u00e7\u00e3o RS\/MG no estado j\u00e1 impacta mais de 34 mil associados e que a regi\u00e3o de Montes Claros, com 26 munic\u00edpios e mais de 650 mil habitantes, vive um momento de forte crescimento.<\/p>\n\n\n\n<p>Para Hennemann, o bom desempenho da cooperativa se deve tanto \u00e0 gest\u00e3o quanto ao entendimento da comunidade mineira sobre o cooperativismo como instrumento de fomento e transforma\u00e7\u00e3o.<\/p>\n\n\n\n<p><strong>O munic\u00edpio de Bras\u00edlia de Minas<\/strong><\/p>\n\n\n\n<p>Localizado no norte de Minas Gerais e integrante da \u00e1rea de Montes Claros, Bras\u00edlia de Minas possui cerca de 33 mil habitantes, segundo estimativas atualizadas do IBGE. O munic\u00edpio tem a economia baseada principalmente na agropecu\u00e1ria, no com\u00e9rcio, no setor de servi\u00e7os e em pequenas ind\u00fastrias.<\/p>\n\n\n\n<p>Essa caracter\u00edstica faz com que iniciativas de fomento financeiro, como as oferecidas por uma cooperativa de cr\u00e9dito, tenham impacto direto no desenvolvimento local, especialmente no apoio a pequenos empreendedores e no fortalecimento do agroneg\u00f3cio.<\/p>\n","protected":false},"excerpt":{"rendered":"<p>Na noite desta quinta-feira (27\/11), a Sicredi Integra\u00e7\u00e3o RS \/ MG inaugurou sua nova ag\u00eancia em Bras\u00edlia de Minas (Av. Bias Fortes, 149 \u2013 Centro), a terceira unidade da cooperativa na regi\u00e3o de Montes Claros. O evento reuniu autoridades, lideran\u00e7as, colaboradores, imprensa e moradores, consolidando mais um avan\u00e7o do projeto de expans\u00e3o em solo mineiro. [&hellip;]<\/p>\n","protected":false},"author":8,"featured_media":199256,"comment_status":"open","ping_status":"open","sticky":false,"template":"","format":"standard","meta":{"pmpro_default_level":"","_jetpack_memberships_contains_paid_content":false,"footnotes":""},"categories":[10992,10991],"tags":[545,8350,292,20074],"class_list":{"0":"post-199255","1":"post","2":"type-post","3":"status-publish","4":"format-standard","5":"has-post-thumbnail","7":"category-coopop","8":"category-economia","9":"tag-inauguracao","10":"tag-minas-gerais","11":"tag-sicredi","12":"tag-sicredi-integracao-rs-mg-4","13":"pmpro-has-access"},"yoast_head":"<!-- This site is optimized with the Yoast SEO plugin v27.5 - https:\/\/yoast.com\/product\/yoast-seo-wordpress\/ -->\n<title>Sicredi inaugura terceira ag\u00eancia na regi\u00e3o de Montes Claros em Bras\u00edlia de Minas - Folha Popular<\/title>\n<meta name=\"robots\" content=\"index, follow, max-snippet:-1, max-image-preview:large, max-video-preview:-1\" \/>\n<link rel=\"canonical\" href=\"https:\/\/folhapopular.info\/index.php\/2025\/11\/28\/sicredi-inaugura-terceira-agencia-na-regiao-de-montes-claros-em-brasilia-de-minas\/\" \/>\n<meta property=\"og:locale\" content=\"pt_BR\" \/>\n<meta property=\"og:type\" content=\"article\" \/>\n<meta property=\"og:title\" content=\"Sicredi inaugura terceira ag\u00eancia na regi\u00e3o de Montes Claros em Bras\u00edlia de Minas - Folha Popular\" \/>\n<meta property=\"og:description\" content=\"Na noite desta quinta-feira (27\/11), a Sicredi Integra\u00e7\u00e3o RS \/ MG inaugurou sua nova ag\u00eancia em Bras\u00edlia de Minas (Av. Bias Fortes, 149 \u2013 Centro), a terceira unidade da cooperativa na regi\u00e3o de Montes Claros. O evento reuniu autoridades, lideran\u00e7as, colaboradores, imprensa e moradores, consolidando mais um avan\u00e7o do projeto de expans\u00e3o em solo mineiro. [&hellip;]\" \/>\n<meta property=\"og:url\" content=\"https:\/\/folhapopular.info\/index.php\/2025\/11\/28\/sicredi-inaugura-terceira-agencia-na-regiao-de-montes-claros-em-brasilia-de-minas\/\" \/>\n<meta property=\"og:site_name\" content=\"Folha Popular\" \/>\n<meta property=\"article:published_time\" content=\"2025-11-28T20:11:21+00:00\" \/>\n<meta property=\"article:modified_time\" content=\"2025-11-28T20:11:24+00:00\" \/>\n<meta property=\"og:image\" content=\"http:\/\/folhapopular.info\/wp-content\/uploads\/2025\/11\/460141_1183792_fachada_brasA_lia_de_minas.jpg\" \/>\n\t<meta property=\"og:image:width\" content=\"1471\" \/>\n\t<meta property=\"og:image:height\" content=\"1200\" \/>\n\t<meta property=\"og:image:type\" content=\"image\/jpeg\" \/>\n<meta name=\"author\" content=\"Reda\u00e7\u00e3o Folha Popular\" \/>\n<meta name=\"twitter:card\" content=\"summary_large_image\" \/>\n<meta name=\"twitter:label1\" content=\"Escrito por\" \/>\n\t<meta name=\"twitter:data1\" content=\"Reda\u00e7\u00e3o Folha Popular\" \/>\n\t<meta name=\"twitter:label2\" content=\"Est. tempo de leitura\" \/>\n\t<meta name=\"twitter:data2\" content=\"3 minutos\" \/>\n<script type=\"application\/ld+json\" class=\"yoast-schema-graph\">{\"@context\":\"https:\\\/\\\/schema.org\",\"@graph\":[{\"@type\":\"Article\",\"@id\":\"https:\\\/\\\/folhapopular.info\\\/index.php\\\/2025\\\/11\\\/28\\\/sicredi-inaugura-terceira-agencia-na-regiao-de-montes-claros-em-brasilia-de-minas\\\/#article\",\"isPartOf\":{\"@id\":\"https:\\\/\\\/folhapopular.info\\\/index.php\\\/2025\\\/11\\\/28\\\/sicredi-inaugura-terceira-agencia-na-regiao-de-montes-claros-em-brasilia-de-minas\\\/\"},\"author\":{\"name\":\"Reda\u00e7\u00e3o Folha Popular\",\"@id\":\"https:\\\/\\\/folhapopular.info\\\/#\\\/schema\\\/person\\\/2814e8a0df7643585a9ca38bc6eb9d4b\"},\"headline\":\"Sicredi inaugura terceira ag\u00eancia na regi\u00e3o de Montes Claros em Bras\u00edlia de Minas\",\"datePublished\":\"2025-11-28T20:11:21+00:00\",\"dateModified\":\"2025-11-28T20:11:24+00:00\",\"mainEntityOfPage\":{\"@id\":\"https:\\\/\\\/folhapopular.info\\\/index.php\\\/2025\\\/11\\\/28\\\/sicredi-inaugura-terceira-agencia-na-regiao-de-montes-claros-em-brasilia-de-minas\\\/\"},\"wordCount\":391,\"commentCount\":0,\"image\":{\"@id\":\"https:\\\/\\\/folhapopular.info\\\/index.php\\\/2025\\\/11\\\/28\\\/sicredi-inaugura-terceira-agencia-na-regiao-de-montes-claros-em-brasilia-de-minas\\\/#primaryimage\"},\"thumbnailUrl\":\"https:\\\/\\\/folhapopular.info\\\/wp-content\\\/uploads\\\/2025\\\/11\\\/460141_1183792_fachada_brasA_lia_de_minas.jpg\",\"keywords\":[\"Inaugura\u00e7\u00e3o\",\"Minas Gerais\",\"Sicredi\",\"Sicredi Integra\u00e7\u00e3o RS \\\/ MG\"],\"articleSection\":[\"Coopop\",\"Economia\"],\"inLanguage\":\"pt-BR\",\"potentialAction\":[{\"@type\":\"CommentAction\",\"name\":\"Comment\",\"target\":[\"https:\\\/\\\/folhapopular.info\\\/index.php\\\/2025\\\/11\\\/28\\\/sicredi-inaugura-terceira-agencia-na-regiao-de-montes-claros-em-brasilia-de-minas\\\/#respond\"]}]},{\"@type\":\"WebPage\",\"@id\":\"https:\\\/\\\/folhapopular.info\\\/index.php\\\/2025\\\/11\\\/28\\\/sicredi-inaugura-terceira-agencia-na-regiao-de-montes-claros-em-brasilia-de-minas\\\/\",\"url\":\"https:\\\/\\\/folhapopular.info\\\/index.php\\\/2025\\\/11\\\/28\\\/sicredi-inaugura-terceira-agencia-na-regiao-de-montes-claros-em-brasilia-de-minas\\\/\",\"name\":\"Sicredi inaugura terceira ag\u00eancia na regi\u00e3o de Montes Claros em Bras\u00edlia de Minas - Folha Popular\",\"isPartOf\":{\"@id\":\"https:\\\/\\\/folhapopular.info\\\/#website\"},\"primaryImageOfPage\":{\"@id\":\"https:\\\/\\\/folhapopular.info\\\/index.php\\\/2025\\\/11\\\/28\\\/sicredi-inaugura-terceira-agencia-na-regiao-de-montes-claros-em-brasilia-de-minas\\\/#primaryimage\"},\"image\":{\"@id\":\"https:\\\/\\\/folhapopular.info\\\/index.php\\\/2025\\\/11\\\/28\\\/sicredi-inaugura-terceira-agencia-na-regiao-de-montes-claros-em-brasilia-de-minas\\\/#primaryimage\"},\"thumbnailUrl\":\"https:\\\/\\\/folhapopular.info\\\/wp-content\\\/uploads\\\/2025\\\/11\\\/460141_1183792_fachada_brasA_lia_de_minas.jpg\",\"datePublished\":\"2025-11-28T20:11:21+00:00\",\"dateModified\":\"2025-11-28T20:11:24+00:00\",\"author\":{\"@id\":\"https:\\\/\\\/folhapopular.info\\\/#\\\/schema\\\/person\\\/2814e8a0df7643585a9ca38bc6eb9d4b\"},\"breadcrumb\":{\"@id\":\"https:\\\/\\\/folhapopular.info\\\/index.php\\\/2025\\\/11\\\/28\\\/sicredi-inaugura-terceira-agencia-na-regiao-de-montes-claros-em-brasilia-de-minas\\\/#breadcrumb\"},\"inLanguage\":\"pt-BR\",\"potentialAction\":[{\"@type\":\"ReadAction\",\"target\":[\"https:\\\/\\\/folhapopular.info\\\/index.php\\\/2025\\\/11\\\/28\\\/sicredi-inaugura-terceira-agencia-na-regiao-de-montes-claros-em-brasilia-de-minas\\\/\"]}]},{\"@type\":\"ImageObject\",\"inLanguage\":\"pt-BR\",\"@id\":\"https:\\\/\\\/folhapopular.info\\\/index.php\\\/2025\\\/11\\\/28\\\/sicredi-inaugura-terceira-agencia-na-regiao-de-montes-claros-em-brasilia-de-minas\\\/#primaryimage\",\"url\":\"https:\\\/\\\/folhapopular.info\\\/wp-content\\\/uploads\\\/2025\\\/11\\\/460141_1183792_fachada_brasA_lia_de_minas.jpg\",\"contentUrl\":\"https:\\\/\\\/folhapopular.info\\\/wp-content\\\/uploads\\\/2025\\\/11\\\/460141_1183792_fachada_brasA_lia_de_minas.jpg\",\"width\":1471,\"height\":1200,\"caption\":\"Ag\u00eancia tem 341 metros quadrados - Cr\u00e9dito: Filipe Antunes Rocha \\\/ Divulga\u00e7\u00e3o\"},{\"@type\":\"BreadcrumbList\",\"@id\":\"https:\\\/\\\/folhapopular.info\\\/index.php\\\/2025\\\/11\\\/28\\\/sicredi-inaugura-terceira-agencia-na-regiao-de-montes-claros-em-brasilia-de-minas\\\/#breadcrumb\",\"itemListElement\":[{\"@type\":\"ListItem\",\"position\":1,\"name\":\"In\u00edcio\",\"item\":\"https:\\\/\\\/folhapopular.info\\\/\"},{\"@type\":\"ListItem\",\"position\":2,\"name\":\"Sicredi inaugura terceira ag\u00eancia na regi\u00e3o de Montes Claros em Bras\u00edlia de Minas\"}]},{\"@type\":\"WebSite\",\"@id\":\"https:\\\/\\\/folhapopular.info\\\/#website\",\"url\":\"https:\\\/\\\/folhapopular.info\\\/\",\"name\":\"Folha Popular\",\"description\":\"Onde voc\u00ea tem vez e voz\",\"potentialAction\":[{\"@type\":\"SearchAction\",\"target\":{\"@type\":\"EntryPoint\",\"urlTemplate\":\"https:\\\/\\\/folhapopular.info\\\/?s={search_term_string}\"},\"query-input\":{\"@type\":\"PropertyValueSpecification\",\"valueRequired\":true,\"valueName\":\"search_term_string\"}}],\"inLanguage\":\"pt-BR\"},{\"@type\":\"Person\",\"@id\":\"https:\\\/\\\/folhapopular.info\\\/#\\\/schema\\\/person\\\/2814e8a0df7643585a9ca38bc6eb9d4b\",\"name\":\"Reda\u00e7\u00e3o Folha Popular\",\"image\":{\"@type\":\"ImageObject\",\"inLanguage\":\"pt-BR\",\"@id\":\"https:\\\/\\\/folhapopular.info\\\/wp-content\\\/uploads\\\/2026\\\/04\\\/Folha-1.webp\",\"url\":\"https:\\\/\\\/folhapopular.info\\\/wp-content\\\/uploads\\\/2026\\\/04\\\/Folha-1.webp\",\"contentUrl\":\"https:\\\/\\\/folhapopular.info\\\/wp-content\\\/uploads\\\/2026\\\/04\\\/Folha-1.webp\",\"caption\":\"Reda\u00e7\u00e3o Folha Popular\"},\"url\":\"https:\\\/\\\/folhapopular.info\\\/index.php\\\/author\\\/redacao\\\/\"}]}<\/script>\n<!-- \/ Yoast SEO plugin. -->","yoast_head_json":{"title":"Sicredi inaugura terceira ag\u00eancia na regi\u00e3o de Montes Claros em Bras\u00edlia de Minas - Folha Popular","robots":{"index":"index","follow":"follow","max-snippet":"max-snippet:-1","max-image-preview":"max-image-preview:large","max-video-preview":"max-video-preview:-1"},"canonical":"https:\/\/folhapopular.info\/index.php\/2025\/11\/28\/sicredi-inaugura-terceira-agencia-na-regiao-de-montes-claros-em-brasilia-de-minas\/","og_locale":"pt_BR","og_type":"article","og_title":"Sicredi inaugura terceira ag\u00eancia na regi\u00e3o de Montes Claros em Bras\u00edlia de Minas - Folha Popular","og_description":"Na noite desta quinta-feira (27\/11), a Sicredi Integra\u00e7\u00e3o RS \/ MG inaugurou sua nova ag\u00eancia em Bras\u00edlia de Minas (Av. Bias Fortes, 149 \u2013 Centro), a terceira unidade da cooperativa na regi\u00e3o de Montes Claros. O evento reuniu autoridades, lideran\u00e7as, colaboradores, imprensa e moradores, consolidando mais um avan\u00e7o do projeto de expans\u00e3o em solo mineiro. [&hellip;]","og_url":"https:\/\/folhapopular.info\/index.php\/2025\/11\/28\/sicredi-inaugura-terceira-agencia-na-regiao-de-montes-claros-em-brasilia-de-minas\/","og_site_name":"Folha Popular","article_published_time":"2025-11-28T20:11:21+00:00","article_modified_time":"2025-11-28T20:11:24+00:00","og_image":[{"width":1471,"height":1200,"url":"http:\/\/folhapopular.info\/wp-content\/uploads\/2025\/11\/460141_1183792_fachada_brasA_lia_de_minas.jpg","type":"image\/jpeg"}],"author":"Reda\u00e7\u00e3o Folha Popular","twitter_card":"summary_large_image","twitter_misc":{"Escrito por":"Reda\u00e7\u00e3o Folha Popular","Est. tempo de leitura":"3 minutos"},"schema":{"@context":"https:\/\/schema.org","@graph":[{"@type":"Article","@id":"https:\/\/folhapopular.info\/index.php\/2025\/11\/28\/sicredi-inaugura-terceira-agencia-na-regiao-de-montes-claros-em-brasilia-de-minas\/#article","isPartOf":{"@id":"https:\/\/folhapopular.info\/index.php\/2025\/11\/28\/sicredi-inaugura-terceira-agencia-na-regiao-de-montes-claros-em-brasilia-de-minas\/"},"author":{"name":"Reda\u00e7\u00e3o Folha Popular","@id":"https:\/\/folhapopular.info\/#\/schema\/person\/2814e8a0df7643585a9ca38bc6eb9d4b"},"headline":"Sicredi inaugura terceira ag\u00eancia na regi\u00e3o de Montes Claros em Bras\u00edlia de Minas","datePublished":"2025-11-28T20:11:21+00:00","dateModified":"2025-11-28T20:11:24+00:00","mainEntityOfPage":{"@id":"https:\/\/folhapopular.info\/index.php\/2025\/11\/28\/sicredi-inaugura-terceira-agencia-na-regiao-de-montes-claros-em-brasilia-de-minas\/"},"wordCount":391,"commentCount":0,"image":{"@id":"https:\/\/folhapopular.info\/index.php\/2025\/11\/28\/sicredi-inaugura-terceira-agencia-na-regiao-de-montes-claros-em-brasilia-de-minas\/#primaryimage"},"thumbnailUrl":"https:\/\/folhapopular.info\/wp-content\/uploads\/2025\/11\/460141_1183792_fachada_brasA_lia_de_minas.jpg","keywords":["Inaugura\u00e7\u00e3o","Minas Gerais","Sicredi","Sicredi Integra\u00e7\u00e3o RS \/ MG"],"articleSection":["Coopop","Economia"],"inLanguage":"pt-BR","potentialAction":[{"@type":"CommentAction","name":"Comment","target":["https:\/\/folhapopular.info\/index.php\/2025\/11\/28\/sicredi-inaugura-terceira-agencia-na-regiao-de-montes-claros-em-brasilia-de-minas\/#respond"]}]},{"@type":"WebPage","@id":"https:\/\/folhapopular.info\/index.php\/2025\/11\/28\/sicredi-inaugura-terceira-agencia-na-regiao-de-montes-claros-em-brasilia-de-minas\/","url":"https:\/\/folhapopular.info\/index.php\/2025\/11\/28\/sicredi-inaugura-terceira-agencia-na-regiao-de-montes-claros-em-brasilia-de-minas\/","name":"Sicredi inaugura terceira ag\u00eancia na regi\u00e3o de Montes Claros em Bras\u00edlia de Minas - Folha Popular","isPartOf":{"@id":"https:\/\/folhapopular.info\/#website"},"primaryImageOfPage":{"@id":"https:\/\/folhapopular.info\/index.php\/2025\/11\/28\/sicredi-inaugura-terceira-agencia-na-regiao-de-montes-claros-em-brasilia-de-minas\/#primaryimage"},"image":{"@id":"https:\/\/folhapopular.info\/index.php\/2025\/11\/28\/sicredi-inaugura-terceira-agencia-na-regiao-de-montes-claros-em-brasilia-de-minas\/#primaryimage"},"thumbnailUrl":"https:\/\/folhapopular.info\/wp-content\/uploads\/2025\/11\/460141_1183792_fachada_brasA_lia_de_minas.jpg","datePublished":"2025-11-28T20:11:21+00:00","dateModified":"2025-11-28T20:11:24+00:00","author":{"@id":"https:\/\/folhapopular.info\/#\/schema\/person\/2814e8a0df7643585a9ca38bc6eb9d4b"},"breadcrumb":{"@id":"https:\/\/folhapopular.info\/index.php\/2025\/11\/28\/sicredi-inaugura-terceira-agencia-na-regiao-de-montes-claros-em-brasilia-de-minas\/#breadcrumb"},"inLanguage":"pt-BR","potentialAction":[{"@type":"ReadAction","target":["https:\/\/folhapopular.info\/index.php\/2025\/11\/28\/sicredi-inaugura-terceira-agencia-na-regiao-de-montes-claros-em-brasilia-de-minas\/"]}]},{"@type":"ImageObject","inLanguage":"pt-BR","@id":"https:\/\/folhapopular.info\/index.php\/2025\/11\/28\/sicredi-inaugura-terceira-agencia-na-regiao-de-montes-claros-em-brasilia-de-minas\/#primaryimage","url":"https:\/\/folhapopular.info\/wp-content\/uploads\/2025\/11\/460141_1183792_fachada_brasA_lia_de_minas.jpg","contentUrl":"https:\/\/folhapopular.info\/wp-content\/uploads\/2025\/11\/460141_1183792_fachada_brasA_lia_de_minas.jpg","width":1471,"height":1200,"caption":"Ag\u00eancia tem 341 metros quadrados - Cr\u00e9dito: Filipe Antunes Rocha \/ Divulga\u00e7\u00e3o"},{"@type":"BreadcrumbList","@id":"https:\/\/folhapopular.info\/index.php\/2025\/11\/28\/sicredi-inaugura-terceira-agencia-na-regiao-de-montes-claros-em-brasilia-de-minas\/#breadcrumb","itemListElement":[{"@type":"ListItem","position":1,"name":"In\u00edcio","item":"https:\/\/folhapopular.info\/"},{"@type":"ListItem","position":2,"name":"Sicredi inaugura terceira ag\u00eancia na regi\u00e3o de Montes Claros em Bras\u00edlia de Minas"}]},{"@type":"WebSite","@id":"https:\/\/folhapopular.info\/#website","url":"https:\/\/folhapopular.info\/","name":"Folha Popular","description":"Onde voc\u00ea tem vez e voz","potentialAction":[{"@type":"SearchAction","target":{"@type":"EntryPoint","urlTemplate":"https:\/\/folhapopular.info\/?s={search_term_string}"},"query-input":{"@type":"PropertyValueSpecification","valueRequired":true,"valueName":"search_term_string"}}],"inLanguage":"pt-BR"},{"@type":"Person","@id":"https:\/\/folhapopular.info\/#\/schema\/person\/2814e8a0df7643585a9ca38bc6eb9d4b","name":"Reda\u00e7\u00e3o Folha Popular","image":{"@type":"ImageObject","inLanguage":"pt-BR","@id":"https:\/\/folhapopular.info\/wp-content\/uploads\/2026\/04\/Folha-1.webp","url":"https:\/\/folhapopular.info\/wp-content\/uploads\/2026\/04\/Folha-1.webp","contentUrl":"https:\/\/folhapopular.info\/wp-content\/uploads\/2026\/04\/Folha-1.webp","caption":"Reda\u00e7\u00e3o Folha Popular"},"url":"https:\/\/folhapopular.info\/index.php\/author\/redacao\/"}]}},"jetpack_featured_media_url":"https:\/\/folhapopular.info\/wp-content\/uploads\/2025\/11\/460141_1183792_fachada_brasA_lia_de_minas.jpg","jetpack_sharing_enabled":true,"amp_enabled":true,"_links":{"self":[{"href":"https:\/\/folhapopular.info\/index.php\/wp-json\/wp\/v2\/posts\/199255","targetHints":{"allow":["GET"]}}],"collection":[{"href":"https:\/\/folhapopular.info\/index.php\/wp-json\/wp\/v2\/posts"}],"about":[{"href":"https:\/\/folhapopular.info\/index.php\/wp-json\/wp\/v2\/types\/post"}],"author":[{"embeddable":true,"href":"https:\/\/folhapopular.info\/index.php\/wp-json\/wp\/v2\/users\/8"}],"replies":[{"embeddable":true,"href":"https:\/\/folhapopular.info\/index.php\/wp-json\/wp\/v2\/comments?post=199255"}],"version-history":[{"count":0,"href":"https:\/\/folhapopular.info\/index.php\/wp-json\/wp\/v2\/posts\/199255\/revisions"}],"wp:featuredmedia":[{"embeddable":true,"href":"https:\/\/folhapopular.info\/index.php\/wp-json\/wp\/v2\/media\/199256"}],"wp:attachment":[{"href":"https:\/\/folhapopular.info\/index.php\/wp-json\/wp\/v2\/media?parent=199255"}],"wp:term":[{"taxonomy":"category","embeddable":true,"href":"https:\/\/folhapopular.info\/index.php\/wp-json\/wp\/v2\/categories?post=199255"},{"taxonomy":"post_tag","embeddable":true,"href":"https:\/\/folhapopular.info\/index.php\/wp-json\/wp\/v2\/tags?post=199255"}],"curies":[{"name":"wp","href":"https:\/\/api.w.org\/{rel}","templated":true}]}}