{"id":199281,"date":"2025-11-29T10:00:00","date_gmt":"2025-11-29T13:00:00","guid":{"rendered":"https:\/\/folhapopular.info\/?p=199281"},"modified":"2025-11-29T08:03:10","modified_gmt":"2025-11-29T11:03:10","slug":"arroio-do-ouro-traca-novos-rumos-para-recuperacao-ambiental","status":"publish","type":"post","link":"https:\/\/folhapopular.info\/index.php\/2025\/11\/29\/arroio-do-ouro-traca-novos-rumos-para-recuperacao-ambiental\/","title":{"rendered":"Arroio do Ouro tra\u00e7a novos rumos para recupera\u00e7\u00e3o ambiental"},"content":{"rendered":"\n<p>A localidade de Arroio do Ouro, em Estrela, prepara-se para um marco na recupera\u00e7\u00e3o dos danos causados pela crise clim\u00e1tica. No pr\u00f3ximo dia 2 de dezembro, a comunidade se reunir\u00e1 para o encerramento das a\u00e7\u00f5es de 2025 do Plano Recupera Rural RS. O evento, a ser realizado das 8h30 \u00e0s 15h no Sal\u00e3o da Comunidade S\u00e3o Pedro Can\u00edsio, visa celebrar conquistas e, principalmente, definir as diretrizes de trabalho para 2026, fortalecendo o di\u00e1logo entre moradores, gestores p\u00fablicos e institui\u00e7\u00f5es parceiras.<\/p>\n\n\n\n<p>A regi\u00e3o carrega as marcas dos eventos clim\u00e1ticos extremos de 2023 e 2024, que causaram perdas significativas na cobertura vegetal, no solo e na infraestrutura rural. Em resposta, 2025 foi um ano de trabalho intenso para recuperar solos, restaurar a vegeta\u00e7\u00e3o nativa e fortalecer a seguran\u00e7a alimentar das fam\u00edlias agricultoras.<\/p>\n\n\n\n<p>O encontro ser\u00e1 um espa\u00e7o de m\u00e3o dupla com as institui\u00e7\u00f5es, que apresentar\u00e3o resultados tang\u00edveis, e a comunidade, que ter\u00e1 a palavra para expor demandas e expectativas para o pr\u00f3ximo ciclo. O evento ter\u00e1 a presen\u00e7a de um robusto grupo de parceiros, incluindo Emater, Prefeitura de Estrela, Minist\u00e9rio P\u00fablico, Mapa, Sicredi, Instituto Retomada, Yara, Univates, Associa\u00e7\u00e3o de Moradores, Fiocruz e Fapeg.<\/p>\n\n\n\n<h2 class=\"wp-block-heading\"><strong>Diagn\u00f3stico avalia estradas rurais<\/strong><\/h2>\n\n\n\n<p>Enquanto a comunidade planeja seu futuro, o Plano Recupera Rural RS avan\u00e7a em outra frente cr\u00edtica: o diagn\u00f3stico das estradas rurais, severamente afetadas pelas enchentes. Em novembro, equipes t\u00e9cnicas, em parceria com a UFPel, percorreram Sinimbu e Bento Gon\u00e7alves, munic\u00edpios que, assim como Estrela, apresentam particularidades.<\/p>\n\n\n\n<p>Segundo o engenheiro Pl\u00ednio de Freitas, Estrela conta com seixo rolado, um material de excelente desempenho. J\u00e1 Sinimbu e Bento Gon\u00e7alves, embora com solos semelhantes, t\u00eam realidades distintas devido ao relevo. \u201cBento \u00e9 mais montanhoso, o que resultou em mais deslizamentos\u201d, explicou.<\/p>\n\n\n\n<p>A gest\u00e3o da \u00e1gua nas estradas \u00e9 uma preocupa\u00e7\u00e3o central, pois o escoamento inadequado pode causar eros\u00e3o em lavouras de fumo ou comprometer parreirais por excesso de umidade.<\/p>\n\n\n\n<p>Amostras de materiais foram coletadas para an\u00e1lise laboratorial na UFPel. Os resultados guiar\u00e3o a instala\u00e7\u00e3o de unidades demonstrativas e capacita\u00e7\u00f5es para equipes municipais, programadas para 2026. O objetivo \u00e9 qualificar t\u00e9cnicos em sistemas de drenagem e boas pr\u00e1ticas, assegurando vias mais est\u00e1veis que facilitem o escoamento da produ\u00e7\u00e3o e o acesso seguro da popula\u00e7\u00e3o.<\/p>\n\n\n\n<p>As a\u00e7\u00f5es do Plano, uma iniciativa do Mapa em parceria com a Embrapa, buscam construir resili\u00eancia e adapta\u00e7\u00e3o \u00e0s mudan\u00e7as clim\u00e1ticas, visando um futuro mais seguro e sustent\u00e1vel para o rural ga\u00facho.<\/p>\n","protected":false},"excerpt":{"rendered":"<p>A localidade de Arroio do Ouro, em Estrela, prepara-se para um marco na recupera\u00e7\u00e3o dos danos causados pela crise clim\u00e1tica. No pr\u00f3ximo dia 2 de dezembro, a comunidade se reunir\u00e1 para o encerramento das a\u00e7\u00f5es de 2025 do Plano Recupera Rural RS. O evento, a ser realizado das 8h30 \u00e0s 15h no Sal\u00e3o da Comunidade [&hellip;]<\/p>\n","protected":false},"author":772,"featured_media":199282,"comment_status":"open","ping_status":"open","sticky":false,"template":"","format":"standard","meta":{"pmpro_default_level":"","_jetpack_memberships_contains_paid_content":false,"footnotes":""},"categories":[2,14970,3],"tags":[654,8,19892,11027],"class_list":{"0":"post-199281","1":"post","2":"type-post","3":"status-publish","4":"format-standard","5":"has-post-thumbnail","7":"category-featured","8":"category-enchentes","9":"category-geral","10":"tag-arroio-do-ouro","11":"tag-estrela","12":"tag-recupera-rural-rs","13":"tag-rural","14":"pmpro-has-access"},"yoast_head":"<!-- This site is optimized with the Yoast SEO plugin v27.5 - https:\/\/yoast.com\/product\/yoast-seo-wordpress\/ -->\n<title>Arroio do Ouro tra\u00e7a novos rumos para recupera\u00e7\u00e3o ambiental - Folha Popular<\/title>\n<meta name=\"description\" content=\"Balan\u00e7o de um ano de a\u00e7\u00f5es do Plano Recupera Rural RS ocorre no dia 2 de novembro e comunidade planeja pr\u00f3ximas etapas de revitaliza\u00e7\u00e3o.\" \/>\n<meta name=\"robots\" content=\"index, follow, max-snippet:-1, max-image-preview:large, max-video-preview:-1\" \/>\n<link rel=\"canonical\" href=\"https:\/\/folhapopular.info\/index.php\/2025\/11\/29\/arroio-do-ouro-traca-novos-rumos-para-recuperacao-ambiental\/\" \/>\n<meta property=\"og:locale\" content=\"pt_BR\" \/>\n<meta property=\"og:type\" content=\"article\" \/>\n<meta property=\"og:title\" content=\"Arroio do Ouro tra\u00e7a novos rumos para recupera\u00e7\u00e3o ambiental - Folha Popular\" \/>\n<meta property=\"og:description\" content=\"Balan\u00e7o de um ano de a\u00e7\u00f5es do Plano Recupera Rural RS ocorre no dia 2 de novembro e comunidade planeja pr\u00f3ximas etapas de revitaliza\u00e7\u00e3o.\" \/>\n<meta property=\"og:url\" content=\"https:\/\/folhapopular.info\/index.php\/2025\/11\/29\/arroio-do-ouro-traca-novos-rumos-para-recuperacao-ambiental\/\" \/>\n<meta property=\"og:site_name\" content=\"Folha Popular\" \/>\n<meta property=\"article:published_time\" content=\"2025-11-29T13:00:00+00:00\" \/>\n<meta property=\"og:image\" content=\"https:\/\/folhapopular.info\/wp-content\/uploads\/2025\/11\/plano-recupera-rural.jpeg\" \/>\n\t<meta property=\"og:image:width\" content=\"1280\" \/>\n\t<meta property=\"og:image:height\" content=\"720\" \/>\n\t<meta property=\"og:image:type\" content=\"image\/jpeg\" \/>\n<meta name=\"author\" content=\"Anderson Lopes\" \/>\n<meta name=\"twitter:card\" content=\"summary_large_image\" \/>\n<meta name=\"twitter:label1\" content=\"Escrito por\" \/>\n\t<meta name=\"twitter:data1\" content=\"Anderson Lopes\" \/>\n\t<meta name=\"twitter:label2\" content=\"Est. tempo de leitura\" \/>\n\t<meta name=\"twitter:data2\" content=\"3 minutos\" \/>\n<script type=\"application\/ld+json\" class=\"yoast-schema-graph\">{\"@context\":\"https:\\\/\\\/schema.org\",\"@graph\":[{\"@type\":\"Article\",\"@id\":\"https:\\\/\\\/folhapopular.info\\\/index.php\\\/2025\\\/11\\\/29\\\/arroio-do-ouro-traca-novos-rumos-para-recuperacao-ambiental\\\/#article\",\"isPartOf\":{\"@id\":\"https:\\\/\\\/folhapopular.info\\\/index.php\\\/2025\\\/11\\\/29\\\/arroio-do-ouro-traca-novos-rumos-para-recuperacao-ambiental\\\/\"},\"author\":{\"name\":\"Anderson Lopes\",\"@id\":\"https:\\\/\\\/folhapopular.info\\\/#\\\/schema\\\/person\\\/50fd7636116370b67381921e65092a49\"},\"headline\":\"Arroio do Ouro tra\u00e7a novos rumos para recupera\u00e7\u00e3o ambiental\",\"datePublished\":\"2025-11-29T13:00:00+00:00\",\"mainEntityOfPage\":{\"@id\":\"https:\\\/\\\/folhapopular.info\\\/index.php\\\/2025\\\/11\\\/29\\\/arroio-do-ouro-traca-novos-rumos-para-recuperacao-ambiental\\\/\"},\"wordCount\":452,\"commentCount\":0,\"image\":{\"@id\":\"https:\\\/\\\/folhapopular.info\\\/index.php\\\/2025\\\/11\\\/29\\\/arroio-do-ouro-traca-novos-rumos-para-recuperacao-ambiental\\\/#primaryimage\"},\"thumbnailUrl\":\"https:\\\/\\\/folhapopular.info\\\/wp-content\\\/uploads\\\/2025\\\/11\\\/plano-recupera-rural.jpeg\",\"keywords\":[\"Arroio do Ouro\",\"Estrela\",\"Recupera Rural RS\",\"rural\"],\"articleSection\":[\"Destaques\",\"Enchentes\",\"Geral\"],\"inLanguage\":\"pt-BR\",\"potentialAction\":[{\"@type\":\"CommentAction\",\"name\":\"Comment\",\"target\":[\"https:\\\/\\\/folhapopular.info\\\/index.php\\\/2025\\\/11\\\/29\\\/arroio-do-ouro-traca-novos-rumos-para-recuperacao-ambiental\\\/#respond\"]}]},{\"@type\":\"WebPage\",\"@id\":\"https:\\\/\\\/folhapopular.info\\\/index.php\\\/2025\\\/11\\\/29\\\/arroio-do-ouro-traca-novos-rumos-para-recuperacao-ambiental\\\/\",\"url\":\"https:\\\/\\\/folhapopular.info\\\/index.php\\\/2025\\\/11\\\/29\\\/arroio-do-ouro-traca-novos-rumos-para-recuperacao-ambiental\\\/\",\"name\":\"Arroio do Ouro tra\u00e7a novos rumos para recupera\u00e7\u00e3o ambiental - Folha Popular\",\"isPartOf\":{\"@id\":\"https:\\\/\\\/folhapopular.info\\\/#website\"},\"primaryImageOfPage\":{\"@id\":\"https:\\\/\\\/folhapopular.info\\\/index.php\\\/2025\\\/11\\\/29\\\/arroio-do-ouro-traca-novos-rumos-para-recuperacao-ambiental\\\/#primaryimage\"},\"image\":{\"@id\":\"https:\\\/\\\/folhapopular.info\\\/index.php\\\/2025\\\/11\\\/29\\\/arroio-do-ouro-traca-novos-rumos-para-recuperacao-ambiental\\\/#primaryimage\"},\"thumbnailUrl\":\"https:\\\/\\\/folhapopular.info\\\/wp-content\\\/uploads\\\/2025\\\/11\\\/plano-recupera-rural.jpeg\",\"datePublished\":\"2025-11-29T13:00:00+00:00\",\"author\":{\"@id\":\"https:\\\/\\\/folhapopular.info\\\/#\\\/schema\\\/person\\\/50fd7636116370b67381921e65092a49\"},\"description\":\"Balan\u00e7o de um ano de a\u00e7\u00f5es do Plano Recupera Rural RS ocorre no dia 2 de novembro e comunidade planeja pr\u00f3ximas etapas de revitaliza\u00e7\u00e3o.\",\"breadcrumb\":{\"@id\":\"https:\\\/\\\/folhapopular.info\\\/index.php\\\/2025\\\/11\\\/29\\\/arroio-do-ouro-traca-novos-rumos-para-recuperacao-ambiental\\\/#breadcrumb\"},\"inLanguage\":\"pt-BR\",\"potentialAction\":[{\"@type\":\"ReadAction\",\"target\":[\"https:\\\/\\\/folhapopular.info\\\/index.php\\\/2025\\\/11\\\/29\\\/arroio-do-ouro-traca-novos-rumos-para-recuperacao-ambiental\\\/\"]}]},{\"@type\":\"ImageObject\",\"inLanguage\":\"pt-BR\",\"@id\":\"https:\\\/\\\/folhapopular.info\\\/index.php\\\/2025\\\/11\\\/29\\\/arroio-do-ouro-traca-novos-rumos-para-recuperacao-ambiental\\\/#primaryimage\",\"url\":\"https:\\\/\\\/folhapopular.info\\\/wp-content\\\/uploads\\\/2025\\\/11\\\/plano-recupera-rural.jpeg\",\"contentUrl\":\"https:\\\/\\\/folhapopular.info\\\/wp-content\\\/uploads\\\/2025\\\/11\\\/plano-recupera-rural.jpeg\",\"width\":1280,\"height\":720,\"caption\":\"Plano Recupera Rural RS realizou mais uma etapa do diagn\u00f3stico das estradas rurais em munic\u00edpios severamente afetados \\\/ Cr\u00e9dito: Divulga\u00e7\u00e3o\"},{\"@type\":\"BreadcrumbList\",\"@id\":\"https:\\\/\\\/folhapopular.info\\\/index.php\\\/2025\\\/11\\\/29\\\/arroio-do-ouro-traca-novos-rumos-para-recuperacao-ambiental\\\/#breadcrumb\",\"itemListElement\":[{\"@type\":\"ListItem\",\"position\":1,\"name\":\"In\u00edcio\",\"item\":\"https:\\\/\\\/folhapopular.info\\\/\"},{\"@type\":\"ListItem\",\"position\":2,\"name\":\"Arroio do Ouro tra\u00e7a novos rumos para recupera\u00e7\u00e3o ambiental\"}]},{\"@type\":\"WebSite\",\"@id\":\"https:\\\/\\\/folhapopular.info\\\/#website\",\"url\":\"https:\\\/\\\/folhapopular.info\\\/\",\"name\":\"Folha Popular\",\"description\":\"Onde voc\u00ea tem vez e voz\",\"potentialAction\":[{\"@type\":\"SearchAction\",\"target\":{\"@type\":\"EntryPoint\",\"urlTemplate\":\"https:\\\/\\\/folhapopular.info\\\/?s={search_term_string}\"},\"query-input\":{\"@type\":\"PropertyValueSpecification\",\"valueRequired\":true,\"valueName\":\"search_term_string\"}}],\"inLanguage\":\"pt-BR\"},{\"@type\":\"Person\",\"@id\":\"https:\\\/\\\/folhapopular.info\\\/#\\\/schema\\\/person\\\/50fd7636116370b67381921e65092a49\",\"name\":\"Anderson Lopes\",\"image\":{\"@type\":\"ImageObject\",\"inLanguage\":\"pt-BR\",\"@id\":\"https:\\\/\\\/secure.gravatar.com\\\/avatar\\\/030f2f2574ef743bc9016552464e94d04c7e61de505d7089178f340fc50ed8c6?s=96&d=mm&r=g\",\"url\":\"https:\\\/\\\/secure.gravatar.com\\\/avatar\\\/030f2f2574ef743bc9016552464e94d04c7e61de505d7089178f340fc50ed8c6?s=96&d=mm&r=g\",\"contentUrl\":\"https:\\\/\\\/secure.gravatar.com\\\/avatar\\\/030f2f2574ef743bc9016552464e94d04c7e61de505d7089178f340fc50ed8c6?s=96&d=mm&r=g\",\"caption\":\"Anderson Lopes\"},\"url\":\"https:\\\/\\\/folhapopular.info\\\/index.php\\\/author\\\/anderson-lopes\\\/\"}]}<\/script>\n<!-- \/ Yoast SEO plugin. -->","yoast_head_json":{"title":"Arroio do Ouro tra\u00e7a novos rumos para recupera\u00e7\u00e3o ambiental - Folha Popular","description":"Balan\u00e7o de um ano de a\u00e7\u00f5es do Plano Recupera Rural RS ocorre no dia 2 de novembro e comunidade planeja pr\u00f3ximas etapas de revitaliza\u00e7\u00e3o.","robots":{"index":"index","follow":"follow","max-snippet":"max-snippet:-1","max-image-preview":"max-image-preview:large","max-video-preview":"max-video-preview:-1"},"canonical":"https:\/\/folhapopular.info\/index.php\/2025\/11\/29\/arroio-do-ouro-traca-novos-rumos-para-recuperacao-ambiental\/","og_locale":"pt_BR","og_type":"article","og_title":"Arroio do Ouro tra\u00e7a novos rumos para recupera\u00e7\u00e3o ambiental - Folha Popular","og_description":"Balan\u00e7o de um ano de a\u00e7\u00f5es do Plano Recupera Rural RS ocorre no dia 2 de novembro e comunidade planeja pr\u00f3ximas etapas de revitaliza\u00e7\u00e3o.","og_url":"https:\/\/folhapopular.info\/index.php\/2025\/11\/29\/arroio-do-ouro-traca-novos-rumos-para-recuperacao-ambiental\/","og_site_name":"Folha Popular","article_published_time":"2025-11-29T13:00:00+00:00","og_image":[{"width":1280,"height":720,"url":"https:\/\/folhapopular.info\/wp-content\/uploads\/2025\/11\/plano-recupera-rural.jpeg","type":"image\/jpeg"}],"author":"Anderson Lopes","twitter_card":"summary_large_image","twitter_misc":{"Escrito por":"Anderson Lopes","Est. tempo de leitura":"3 minutos"},"schema":{"@context":"https:\/\/schema.org","@graph":[{"@type":"Article","@id":"https:\/\/folhapopular.info\/index.php\/2025\/11\/29\/arroio-do-ouro-traca-novos-rumos-para-recuperacao-ambiental\/#article","isPartOf":{"@id":"https:\/\/folhapopular.info\/index.php\/2025\/11\/29\/arroio-do-ouro-traca-novos-rumos-para-recuperacao-ambiental\/"},"author":{"name":"Anderson Lopes","@id":"https:\/\/folhapopular.info\/#\/schema\/person\/50fd7636116370b67381921e65092a49"},"headline":"Arroio do Ouro tra\u00e7a novos rumos para recupera\u00e7\u00e3o ambiental","datePublished":"2025-11-29T13:00:00+00:00","mainEntityOfPage":{"@id":"https:\/\/folhapopular.info\/index.php\/2025\/11\/29\/arroio-do-ouro-traca-novos-rumos-para-recuperacao-ambiental\/"},"wordCount":452,"commentCount":0,"image":{"@id":"https:\/\/folhapopular.info\/index.php\/2025\/11\/29\/arroio-do-ouro-traca-novos-rumos-para-recuperacao-ambiental\/#primaryimage"},"thumbnailUrl":"https:\/\/folhapopular.info\/wp-content\/uploads\/2025\/11\/plano-recupera-rural.jpeg","keywords":["Arroio do Ouro","Estrela","Recupera Rural RS","rural"],"articleSection":["Destaques","Enchentes","Geral"],"inLanguage":"pt-BR","potentialAction":[{"@type":"CommentAction","name":"Comment","target":["https:\/\/folhapopular.info\/index.php\/2025\/11\/29\/arroio-do-ouro-traca-novos-rumos-para-recuperacao-ambiental\/#respond"]}]},{"@type":"WebPage","@id":"https:\/\/folhapopular.info\/index.php\/2025\/11\/29\/arroio-do-ouro-traca-novos-rumos-para-recuperacao-ambiental\/","url":"https:\/\/folhapopular.info\/index.php\/2025\/11\/29\/arroio-do-ouro-traca-novos-rumos-para-recuperacao-ambiental\/","name":"Arroio do Ouro tra\u00e7a novos rumos para recupera\u00e7\u00e3o ambiental - Folha Popular","isPartOf":{"@id":"https:\/\/folhapopular.info\/#website"},"primaryImageOfPage":{"@id":"https:\/\/folhapopular.info\/index.php\/2025\/11\/29\/arroio-do-ouro-traca-novos-rumos-para-recuperacao-ambiental\/#primaryimage"},"image":{"@id":"https:\/\/folhapopular.info\/index.php\/2025\/11\/29\/arroio-do-ouro-traca-novos-rumos-para-recuperacao-ambiental\/#primaryimage"},"thumbnailUrl":"https:\/\/folhapopular.info\/wp-content\/uploads\/2025\/11\/plano-recupera-rural.jpeg","datePublished":"2025-11-29T13:00:00+00:00","author":{"@id":"https:\/\/folhapopular.info\/#\/schema\/person\/50fd7636116370b67381921e65092a49"},"description":"Balan\u00e7o de um ano de a\u00e7\u00f5es do Plano Recupera Rural RS ocorre no dia 2 de novembro e comunidade planeja pr\u00f3ximas etapas de revitaliza\u00e7\u00e3o.","breadcrumb":{"@id":"https:\/\/folhapopular.info\/index.php\/2025\/11\/29\/arroio-do-ouro-traca-novos-rumos-para-recuperacao-ambiental\/#breadcrumb"},"inLanguage":"pt-BR","potentialAction":[{"@type":"ReadAction","target":["https:\/\/folhapopular.info\/index.php\/2025\/11\/29\/arroio-do-ouro-traca-novos-rumos-para-recuperacao-ambiental\/"]}]},{"@type":"ImageObject","inLanguage":"pt-BR","@id":"https:\/\/folhapopular.info\/index.php\/2025\/11\/29\/arroio-do-ouro-traca-novos-rumos-para-recuperacao-ambiental\/#primaryimage","url":"https:\/\/folhapopular.info\/wp-content\/uploads\/2025\/11\/plano-recupera-rural.jpeg","contentUrl":"https:\/\/folhapopular.info\/wp-content\/uploads\/2025\/11\/plano-recupera-rural.jpeg","width":1280,"height":720,"caption":"Plano Recupera Rural RS realizou mais uma etapa do diagn\u00f3stico das estradas rurais em munic\u00edpios severamente afetados \/ Cr\u00e9dito: Divulga\u00e7\u00e3o"},{"@type":"BreadcrumbList","@id":"https:\/\/folhapopular.info\/index.php\/2025\/11\/29\/arroio-do-ouro-traca-novos-rumos-para-recuperacao-ambiental\/#breadcrumb","itemListElement":[{"@type":"ListItem","position":1,"name":"In\u00edcio","item":"https:\/\/folhapopular.info\/"},{"@type":"ListItem","position":2,"name":"Arroio do Ouro tra\u00e7a novos rumos para recupera\u00e7\u00e3o ambiental"}]},{"@type":"WebSite","@id":"https:\/\/folhapopular.info\/#website","url":"https:\/\/folhapopular.info\/","name":"Folha Popular","description":"Onde voc\u00ea tem vez e voz","potentialAction":[{"@type":"SearchAction","target":{"@type":"EntryPoint","urlTemplate":"https:\/\/folhapopular.info\/?s={search_term_string}"},"query-input":{"@type":"PropertyValueSpecification","valueRequired":true,"valueName":"search_term_string"}}],"inLanguage":"pt-BR"},{"@type":"Person","@id":"https:\/\/folhapopular.info\/#\/schema\/person\/50fd7636116370b67381921e65092a49","name":"Anderson Lopes","image":{"@type":"ImageObject","inLanguage":"pt-BR","@id":"https:\/\/secure.gravatar.com\/avatar\/030f2f2574ef743bc9016552464e94d04c7e61de505d7089178f340fc50ed8c6?s=96&d=mm&r=g","url":"https:\/\/secure.gravatar.com\/avatar\/030f2f2574ef743bc9016552464e94d04c7e61de505d7089178f340fc50ed8c6?s=96&d=mm&r=g","contentUrl":"https:\/\/secure.gravatar.com\/avatar\/030f2f2574ef743bc9016552464e94d04c7e61de505d7089178f340fc50ed8c6?s=96&d=mm&r=g","caption":"Anderson Lopes"},"url":"https:\/\/folhapopular.info\/index.php\/author\/anderson-lopes\/"}]}},"jetpack_featured_media_url":"https:\/\/folhapopular.info\/wp-content\/uploads\/2025\/11\/plano-recupera-rural.jpeg","jetpack_sharing_enabled":true,"amp_enabled":true,"_links":{"self":[{"href":"https:\/\/folhapopular.info\/index.php\/wp-json\/wp\/v2\/posts\/199281","targetHints":{"allow":["GET"]}}],"collection":[{"href":"https:\/\/folhapopular.info\/index.php\/wp-json\/wp\/v2\/posts"}],"about":[{"href":"https:\/\/folhapopular.info\/index.php\/wp-json\/wp\/v2\/types\/post"}],"author":[{"embeddable":true,"href":"https:\/\/folhapopular.info\/index.php\/wp-json\/wp\/v2\/users\/772"}],"replies":[{"embeddable":true,"href":"https:\/\/folhapopular.info\/index.php\/wp-json\/wp\/v2\/comments?post=199281"}],"version-history":[{"count":0,"href":"https:\/\/folhapopular.info\/index.php\/wp-json\/wp\/v2\/posts\/199281\/revisions"}],"wp:featuredmedia":[{"embeddable":true,"href":"https:\/\/folhapopular.info\/index.php\/wp-json\/wp\/v2\/media\/199282"}],"wp:attachment":[{"href":"https:\/\/folhapopular.info\/index.php\/wp-json\/wp\/v2\/media?parent=199281"}],"wp:term":[{"taxonomy":"category","embeddable":true,"href":"https:\/\/folhapopular.info\/index.php\/wp-json\/wp\/v2\/categories?post=199281"},{"taxonomy":"post_tag","embeddable":true,"href":"https:\/\/folhapopular.info\/index.php\/wp-json\/wp\/v2\/tags?post=199281"}],"curies":[{"name":"wp","href":"https:\/\/api.w.org\/{rel}","templated":true}]}}