{"id":199292,"date":"2025-11-29T12:00:00","date_gmt":"2025-11-29T15:00:00","guid":{"rendered":"https:\/\/folhapopular.info\/?p=199292"},"modified":"2025-11-29T11:11:59","modified_gmt":"2025-11-29T14:11:59","slug":"ct-mao-de-pedra-gradua-jovens-no-jiu-jitsu","status":"publish","type":"post","link":"https:\/\/folhapopular.info\/index.php\/2025\/11\/29\/ct-mao-de-pedra-gradua-jovens-no-jiu-jitsu\/","title":{"rendered":"CT M\u00e3o de Pedra gradua jovens no Jiu-Jitsu"},"content":{"rendered":"<p>O Centro de Treinamento (CT) M\u00e3o de Pedra realizou gradua\u00e7\u00e3o no Jiu-Jitsu da turma Kids, na noite da quinta-feira (27\/11), em Teut\u00f4nia. Foram cerca de 50 crian\u00e7as presentes em um dos momentos mais aguardados do calend\u00e1rio de treinos dos jovens atletas. A mudan\u00e7a de grau marca o encerramento de um ciclo de atividades desenvolvidas ao&#8230; <\/p>\n<div class=\"pmpro\">\n<div class=\"pmpro_card pmpro_content_message\">\n<div class=\"pmpro_card_content\">Este conte\u00fado \u00e9 apenas para associados Grupo Popular &#8211; Conte\u00fado Total Anual e Grupo Popular &#8211; Conte\u00fado Total Mensal. <br \/><a href=\"https:\/\/folhapopular.info\/wp-login.php?action=register\">Cadastre-se<\/a><\/div>\n<div class=\"pmpro_card_actions pmpro_font-medium\">J\u00e1 se associou? <a href=\"https:\/\/folhapopular.info\/wp-login.php?redirect_to=https%3A%2F%2Ffolhapopular.info%2Findex.php%2F2025%2F11%2F29%2Fct-mao-de-pedra-gradua-jovens-no-jiu-jitsu%2F\">Acesse aqui<\/a><\/div>\n<\/div>\n<\/div>\n","protected":false},"excerpt":{"rendered":"<p>O Centro de Treinamento (CT) M\u00e3o de Pedra realizou gradua\u00e7\u00e3o no Jiu-Jitsu da turma Kids, na noite da quinta-feira (27\/11), em Teut\u00f4nia. Foram cerca de 50 crian\u00e7as presentes em um dos momentos mais aguardados do calend\u00e1rio de treinos dos jovens atletas. A mudan\u00e7a de grau marca o encerramento de um ciclo de atividades desenvolvidas ao... <\/p>\n<div class=\"pmpro\"><div class=\"pmpro_card pmpro_content_message\"><div class=\"pmpro_card_content\">Este conte\u00fado \u00e9 apenas para associados Grupo Popular - Conte\u00fado Total Anual e Grupo Popular - Conte\u00fado Total Mensal. <br \/><a href=\"https:\/\/folhapopular.info\/wp-login.php?action=register\">Cadastre-se<\/a><\/div><div class=\"pmpro_card_actions pmpro_font-medium\">J\u00e1 se associou? <a href=\"https:\/\/folhapopular.info\/wp-login.php?redirect_to=https%3A%2F%2Ffolhapopular.info%2Findex.php%2F2025%2F11%2F29%2Fct-mao-de-pedra-gradua-jovens-no-jiu-jitsu%2F\">Acesse aqui<\/a><\/div><\/div><\/div>","protected":false},"author":732,"featured_media":199297,"comment_status":"open","ping_status":"open","sticky":false,"template":"","format":"standard","meta":{"pmpro_default_level":"","_jetpack_memberships_contains_paid_content":false,"footnotes":""},"categories":[18195,11078,5990,2,5],"tags":[9681,3207,4358,831,26],"class_list":{"0":"post-199292","1":"post","2":"type-post","3":"status-publish","4":"format-standard","5":"has-post-thumbnail","7":"category-artes-marciais","8":"category-assinantes","9":"category-conteudo-exclusivo","10":"category-featured","11":"category-esportes","12":"tag-artes-marciais","13":"tag-ct-mao-de-pedra","14":"tag-graduacao","15":"tag-jiu-jitsu","16":"tag-teutonia","17":"pmpro-level-required","18":"pmpro-level-2","19":"pmpro-level-4","20":"pmpro-level-5","21":"pmpro-no-access"},"yoast_head":"<!-- This site is optimized with the Yoast SEO plugin v27.4 - https:\/\/yoast.com\/product\/yoast-seo-wordpress\/ -->\n<title>CT M\u00e3o de Pedra gradua jovens no Jiu-Jitsu - Folha Popular<\/title>\n<meta name=\"robots\" content=\"index, follow, max-snippet:-1, max-image-preview:large, max-video-preview:-1\" \/>\n<link rel=\"canonical\" href=\"https:\/\/folhapopular.info\/index.php\/2025\/11\/29\/ct-mao-de-pedra-gradua-jovens-no-jiu-jitsu\/\" \/>\n<meta property=\"og:locale\" content=\"pt_BR\" \/>\n<meta property=\"og:type\" content=\"article\" \/>\n<meta property=\"og:title\" content=\"CT M\u00e3o de Pedra gradua jovens no Jiu-Jitsu - Folha Popular\" \/>\n<meta property=\"og:description\" content=\"O Centro de Treinamento (CT) M\u00e3o de Pedra realizou gradua\u00e7\u00e3o no Jiu-Jitsu da turma Kids, na noite da quinta-feira (27\/11), em Teut\u00f4nia. Foram cerca de 50 crian\u00e7as presentes em um dos momentos mais aguardados do calend\u00e1rio de treinos dos jovens atletas. A mudan\u00e7a de grau marca o encerramento de um ciclo de atividades desenvolvidas ao [&hellip;]\" \/>\n<meta property=\"og:url\" content=\"https:\/\/folhapopular.info\/index.php\/2025\/11\/29\/ct-mao-de-pedra-gradua-jovens-no-jiu-jitsu\/\" \/>\n<meta property=\"og:site_name\" content=\"Folha Popular\" \/>\n<meta property=\"article:author\" content=\"https:\/\/www.facebook.com\/luis.huppes\/\" \/>\n<meta property=\"article:published_time\" content=\"2025-11-29T15:00:00+00:00\" \/>\n<meta property=\"og:image\" content=\"https:\/\/folhapopular.info\/wp-content\/uploads\/2025\/11\/Cerca-de-50-alunos-estiveram-presentes-scaled.jpg\" \/>\n\t<meta property=\"og:image:width\" content=\"2560\" \/>\n\t<meta property=\"og:image:height\" content=\"1920\" \/>\n\t<meta property=\"og:image:type\" content=\"image\/jpeg\" \/>\n<meta name=\"author\" content=\"Luis Augusto Huppes\" \/>\n<meta name=\"twitter:card\" content=\"summary_large_image\" \/>\n<meta name=\"twitter:label1\" content=\"Escrito por\" \/>\n\t<meta name=\"twitter:data1\" content=\"Luis Augusto Huppes\" \/>\n\t<meta name=\"twitter:label2\" content=\"Est. tempo de leitura\" \/>\n\t<meta name=\"twitter:data2\" content=\"5 minutos\" \/>\n<script type=\"application\/ld+json\" class=\"yoast-schema-graph\">{\"@context\":\"https:\\\/\\\/schema.org\",\"@graph\":[{\"@type\":\"Article\",\"@id\":\"https:\\\/\\\/folhapopular.info\\\/index.php\\\/2025\\\/11\\\/29\\\/ct-mao-de-pedra-gradua-jovens-no-jiu-jitsu\\\/#article\",\"isPartOf\":{\"@id\":\"https:\\\/\\\/folhapopular.info\\\/index.php\\\/2025\\\/11\\\/29\\\/ct-mao-de-pedra-gradua-jovens-no-jiu-jitsu\\\/\"},\"author\":{\"name\":\"Luis Augusto Huppes\",\"@id\":\"https:\\\/\\\/folhapopular.info\\\/#\\\/schema\\\/person\\\/e852c327371714676d02e58cf917fd9f\"},\"headline\":\"CT M\u00e3o de Pedra gradua jovens no Jiu-Jitsu\",\"datePublished\":\"2025-11-29T15:00:00+00:00\",\"mainEntityOfPage\":{\"@id\":\"https:\\\/\\\/folhapopular.info\\\/index.php\\\/2025\\\/11\\\/29\\\/ct-mao-de-pedra-gradua-jovens-no-jiu-jitsu\\\/\"},\"wordCount\":647,\"commentCount\":0,\"image\":{\"@id\":\"https:\\\/\\\/folhapopular.info\\\/index.php\\\/2025\\\/11\\\/29\\\/ct-mao-de-pedra-gradua-jovens-no-jiu-jitsu\\\/#primaryimage\"},\"thumbnailUrl\":\"https:\\\/\\\/folhapopular.info\\\/wp-content\\\/uploads\\\/2025\\\/11\\\/Cerca-de-50-alunos-estiveram-presentes-scaled.jpg\",\"keywords\":[\"Artes Marciais\",\"CT M\u00e3o de Pedra\",\"gradua\u00e7\u00e3o\",\"jiu-jitsu\",\"Teut\u00f4nia\"],\"articleSection\":[\"Artes Marciais\",\"Assinantes\",\"Conte\u00fado Exclusivo\",\"Destaques\",\"Esportes\"],\"inLanguage\":\"pt-BR\",\"potentialAction\":[{\"@type\":\"CommentAction\",\"name\":\"Comment\",\"target\":[\"https:\\\/\\\/folhapopular.info\\\/index.php\\\/2025\\\/11\\\/29\\\/ct-mao-de-pedra-gradua-jovens-no-jiu-jitsu\\\/#respond\"]}]},{\"@type\":\"WebPage\",\"@id\":\"https:\\\/\\\/folhapopular.info\\\/index.php\\\/2025\\\/11\\\/29\\\/ct-mao-de-pedra-gradua-jovens-no-jiu-jitsu\\\/\",\"url\":\"https:\\\/\\\/folhapopular.info\\\/index.php\\\/2025\\\/11\\\/29\\\/ct-mao-de-pedra-gradua-jovens-no-jiu-jitsu\\\/\",\"name\":\"CT M\u00e3o de Pedra gradua jovens no Jiu-Jitsu - Folha Popular\",\"isPartOf\":{\"@id\":\"https:\\\/\\\/folhapopular.info\\\/#website\"},\"primaryImageOfPage\":{\"@id\":\"https:\\\/\\\/folhapopular.info\\\/index.php\\\/2025\\\/11\\\/29\\\/ct-mao-de-pedra-gradua-jovens-no-jiu-jitsu\\\/#primaryimage\"},\"image\":{\"@id\":\"https:\\\/\\\/folhapopular.info\\\/index.php\\\/2025\\\/11\\\/29\\\/ct-mao-de-pedra-gradua-jovens-no-jiu-jitsu\\\/#primaryimage\"},\"thumbnailUrl\":\"https:\\\/\\\/folhapopular.info\\\/wp-content\\\/uploads\\\/2025\\\/11\\\/Cerca-de-50-alunos-estiveram-presentes-scaled.jpg\",\"datePublished\":\"2025-11-29T15:00:00+00:00\",\"author\":{\"@id\":\"https:\\\/\\\/folhapopular.info\\\/#\\\/schema\\\/person\\\/e852c327371714676d02e58cf917fd9f\"},\"breadcrumb\":{\"@id\":\"https:\\\/\\\/folhapopular.info\\\/index.php\\\/2025\\\/11\\\/29\\\/ct-mao-de-pedra-gradua-jovens-no-jiu-jitsu\\\/#breadcrumb\"},\"inLanguage\":\"pt-BR\",\"potentialAction\":[{\"@type\":\"ReadAction\",\"target\":[\"https:\\\/\\\/folhapopular.info\\\/index.php\\\/2025\\\/11\\\/29\\\/ct-mao-de-pedra-gradua-jovens-no-jiu-jitsu\\\/\"]}]},{\"@type\":\"ImageObject\",\"inLanguage\":\"pt-BR\",\"@id\":\"https:\\\/\\\/folhapopular.info\\\/index.php\\\/2025\\\/11\\\/29\\\/ct-mao-de-pedra-gradua-jovens-no-jiu-jitsu\\\/#primaryimage\",\"url\":\"https:\\\/\\\/folhapopular.info\\\/wp-content\\\/uploads\\\/2025\\\/11\\\/Cerca-de-50-alunos-estiveram-presentes-scaled.jpg\",\"contentUrl\":\"https:\\\/\\\/folhapopular.info\\\/wp-content\\\/uploads\\\/2025\\\/11\\\/Cerca-de-50-alunos-estiveram-presentes-scaled.jpg\",\"width\":2560,\"height\":1920,\"caption\":\"Cerca de 50 alunos estiveram presentes - Cr\u00e9dito: Luis Augusto Huppes\"},{\"@type\":\"BreadcrumbList\",\"@id\":\"https:\\\/\\\/folhapopular.info\\\/index.php\\\/2025\\\/11\\\/29\\\/ct-mao-de-pedra-gradua-jovens-no-jiu-jitsu\\\/#breadcrumb\",\"itemListElement\":[{\"@type\":\"ListItem\",\"position\":1,\"name\":\"In\u00edcio\",\"item\":\"https:\\\/\\\/folhapopular.info\\\/\"},{\"@type\":\"ListItem\",\"position\":2,\"name\":\"CT M\u00e3o de Pedra gradua jovens no Jiu-Jitsu\"}]},{\"@type\":\"WebSite\",\"@id\":\"https:\\\/\\\/folhapopular.info\\\/#website\",\"url\":\"https:\\\/\\\/folhapopular.info\\\/\",\"name\":\"Folha Popular\",\"description\":\"Onde voc\u00ea tem vez e voz\",\"potentialAction\":[{\"@type\":\"SearchAction\",\"target\":{\"@type\":\"EntryPoint\",\"urlTemplate\":\"https:\\\/\\\/folhapopular.info\\\/?s={search_term_string}\"},\"query-input\":{\"@type\":\"PropertyValueSpecification\",\"valueRequired\":true,\"valueName\":\"search_term_string\"}}],\"inLanguage\":\"pt-BR\"},{\"@type\":\"Person\",\"@id\":\"https:\\\/\\\/folhapopular.info\\\/#\\\/schema\\\/person\\\/e852c327371714676d02e58cf917fd9f\",\"name\":\"Luis Augusto Huppes\",\"image\":{\"@type\":\"ImageObject\",\"inLanguage\":\"pt-BR\",\"@id\":\"https:\\\/\\\/folhapopular.info\\\/wp-content\\\/uploads\\\/2026\\\/04\\\/Luis-Augusto-Huppes-1-1.webp\",\"url\":\"https:\\\/\\\/folhapopular.info\\\/wp-content\\\/uploads\\\/2026\\\/04\\\/Luis-Augusto-Huppes-1-1.webp\",\"contentUrl\":\"https:\\\/\\\/folhapopular.info\\\/wp-content\\\/uploads\\\/2026\\\/04\\\/Luis-Augusto-Huppes-1-1.webp\",\"caption\":\"Luis Augusto Huppes\"},\"sameAs\":[\"https:\\\/\\\/www.facebook.com\\\/luis.huppes\\\/\",\"https:\\\/\\\/www.instagram.com\\\/luis.huppes\\\/\",\"https:\\\/\\\/www.linkedin.com\\\/in\\\/luis-augusto-huppes-2554b52b7\\\/\"],\"url\":\"https:\\\/\\\/folhapopular.info\\\/index.php\\\/author\\\/luis-augusto-huppes\\\/\"}]}<\/script>\n<!-- \/ Yoast SEO plugin. -->","yoast_head_json":{"title":"CT M\u00e3o de Pedra gradua jovens no Jiu-Jitsu - Folha Popular","robots":{"index":"index","follow":"follow","max-snippet":"max-snippet:-1","max-image-preview":"max-image-preview:large","max-video-preview":"max-video-preview:-1"},"canonical":"https:\/\/folhapopular.info\/index.php\/2025\/11\/29\/ct-mao-de-pedra-gradua-jovens-no-jiu-jitsu\/","og_locale":"pt_BR","og_type":"article","og_title":"CT M\u00e3o de Pedra gradua jovens no Jiu-Jitsu - Folha Popular","og_description":"O Centro de Treinamento (CT) M\u00e3o de Pedra realizou gradua\u00e7\u00e3o no Jiu-Jitsu da turma Kids, na noite da quinta-feira (27\/11), em Teut\u00f4nia. Foram cerca de 50 crian\u00e7as presentes em um dos momentos mais aguardados do calend\u00e1rio de treinos dos jovens atletas. A mudan\u00e7a de grau marca o encerramento de um ciclo de atividades desenvolvidas ao [&hellip;]","og_url":"https:\/\/folhapopular.info\/index.php\/2025\/11\/29\/ct-mao-de-pedra-gradua-jovens-no-jiu-jitsu\/","og_site_name":"Folha Popular","article_author":"https:\/\/www.facebook.com\/luis.huppes\/","article_published_time":"2025-11-29T15:00:00+00:00","og_image":[{"width":2560,"height":1920,"url":"https:\/\/folhapopular.info\/wp-content\/uploads\/2025\/11\/Cerca-de-50-alunos-estiveram-presentes-scaled.jpg","type":"image\/jpeg"}],"author":"Luis Augusto Huppes","twitter_card":"summary_large_image","twitter_misc":{"Escrito por":"Luis Augusto Huppes","Est. tempo de leitura":"5 minutos"},"schema":{"@context":"https:\/\/schema.org","@graph":[{"@type":"Article","@id":"https:\/\/folhapopular.info\/index.php\/2025\/11\/29\/ct-mao-de-pedra-gradua-jovens-no-jiu-jitsu\/#article","isPartOf":{"@id":"https:\/\/folhapopular.info\/index.php\/2025\/11\/29\/ct-mao-de-pedra-gradua-jovens-no-jiu-jitsu\/"},"author":{"name":"Luis Augusto Huppes","@id":"https:\/\/folhapopular.info\/#\/schema\/person\/e852c327371714676d02e58cf917fd9f"},"headline":"CT M\u00e3o de Pedra gradua jovens no Jiu-Jitsu","datePublished":"2025-11-29T15:00:00+00:00","mainEntityOfPage":{"@id":"https:\/\/folhapopular.info\/index.php\/2025\/11\/29\/ct-mao-de-pedra-gradua-jovens-no-jiu-jitsu\/"},"wordCount":647,"commentCount":0,"image":{"@id":"https:\/\/folhapopular.info\/index.php\/2025\/11\/29\/ct-mao-de-pedra-gradua-jovens-no-jiu-jitsu\/#primaryimage"},"thumbnailUrl":"https:\/\/folhapopular.info\/wp-content\/uploads\/2025\/11\/Cerca-de-50-alunos-estiveram-presentes-scaled.jpg","keywords":["Artes Marciais","CT M\u00e3o de Pedra","gradua\u00e7\u00e3o","jiu-jitsu","Teut\u00f4nia"],"articleSection":["Artes Marciais","Assinantes","Conte\u00fado Exclusivo","Destaques","Esportes"],"inLanguage":"pt-BR","potentialAction":[{"@type":"CommentAction","name":"Comment","target":["https:\/\/folhapopular.info\/index.php\/2025\/11\/29\/ct-mao-de-pedra-gradua-jovens-no-jiu-jitsu\/#respond"]}]},{"@type":"WebPage","@id":"https:\/\/folhapopular.info\/index.php\/2025\/11\/29\/ct-mao-de-pedra-gradua-jovens-no-jiu-jitsu\/","url":"https:\/\/folhapopular.info\/index.php\/2025\/11\/29\/ct-mao-de-pedra-gradua-jovens-no-jiu-jitsu\/","name":"CT M\u00e3o de Pedra gradua jovens no Jiu-Jitsu - Folha Popular","isPartOf":{"@id":"https:\/\/folhapopular.info\/#website"},"primaryImageOfPage":{"@id":"https:\/\/folhapopular.info\/index.php\/2025\/11\/29\/ct-mao-de-pedra-gradua-jovens-no-jiu-jitsu\/#primaryimage"},"image":{"@id":"https:\/\/folhapopular.info\/index.php\/2025\/11\/29\/ct-mao-de-pedra-gradua-jovens-no-jiu-jitsu\/#primaryimage"},"thumbnailUrl":"https:\/\/folhapopular.info\/wp-content\/uploads\/2025\/11\/Cerca-de-50-alunos-estiveram-presentes-scaled.jpg","datePublished":"2025-11-29T15:00:00+00:00","author":{"@id":"https:\/\/folhapopular.info\/#\/schema\/person\/e852c327371714676d02e58cf917fd9f"},"breadcrumb":{"@id":"https:\/\/folhapopular.info\/index.php\/2025\/11\/29\/ct-mao-de-pedra-gradua-jovens-no-jiu-jitsu\/#breadcrumb"},"inLanguage":"pt-BR","potentialAction":[{"@type":"ReadAction","target":["https:\/\/folhapopular.info\/index.php\/2025\/11\/29\/ct-mao-de-pedra-gradua-jovens-no-jiu-jitsu\/"]}]},{"@type":"ImageObject","inLanguage":"pt-BR","@id":"https:\/\/folhapopular.info\/index.php\/2025\/11\/29\/ct-mao-de-pedra-gradua-jovens-no-jiu-jitsu\/#primaryimage","url":"https:\/\/folhapopular.info\/wp-content\/uploads\/2025\/11\/Cerca-de-50-alunos-estiveram-presentes-scaled.jpg","contentUrl":"https:\/\/folhapopular.info\/wp-content\/uploads\/2025\/11\/Cerca-de-50-alunos-estiveram-presentes-scaled.jpg","width":2560,"height":1920,"caption":"Cerca de 50 alunos estiveram presentes - Cr\u00e9dito: Luis Augusto Huppes"},{"@type":"BreadcrumbList","@id":"https:\/\/folhapopular.info\/index.php\/2025\/11\/29\/ct-mao-de-pedra-gradua-jovens-no-jiu-jitsu\/#breadcrumb","itemListElement":[{"@type":"ListItem","position":1,"name":"In\u00edcio","item":"https:\/\/folhapopular.info\/"},{"@type":"ListItem","position":2,"name":"CT M\u00e3o de Pedra gradua jovens no Jiu-Jitsu"}]},{"@type":"WebSite","@id":"https:\/\/folhapopular.info\/#website","url":"https:\/\/folhapopular.info\/","name":"Folha Popular","description":"Onde voc\u00ea tem vez e voz","potentialAction":[{"@type":"SearchAction","target":{"@type":"EntryPoint","urlTemplate":"https:\/\/folhapopular.info\/?s={search_term_string}"},"query-input":{"@type":"PropertyValueSpecification","valueRequired":true,"valueName":"search_term_string"}}],"inLanguage":"pt-BR"},{"@type":"Person","@id":"https:\/\/folhapopular.info\/#\/schema\/person\/e852c327371714676d02e58cf917fd9f","name":"Luis Augusto Huppes","image":{"@type":"ImageObject","inLanguage":"pt-BR","@id":"https:\/\/folhapopular.info\/wp-content\/uploads\/2026\/04\/Luis-Augusto-Huppes-1-1.webp","url":"https:\/\/folhapopular.info\/wp-content\/uploads\/2026\/04\/Luis-Augusto-Huppes-1-1.webp","contentUrl":"https:\/\/folhapopular.info\/wp-content\/uploads\/2026\/04\/Luis-Augusto-Huppes-1-1.webp","caption":"Luis Augusto Huppes"},"sameAs":["https:\/\/www.facebook.com\/luis.huppes\/","https:\/\/www.instagram.com\/luis.huppes\/","https:\/\/www.linkedin.com\/in\/luis-augusto-huppes-2554b52b7\/"],"url":"https:\/\/folhapopular.info\/index.php\/author\/luis-augusto-huppes\/"}]}},"jetpack_featured_media_url":"https:\/\/folhapopular.info\/wp-content\/uploads\/2025\/11\/Cerca-de-50-alunos-estiveram-presentes-scaled.jpg","jetpack_sharing_enabled":true,"amp_enabled":true,"_links":{"self":[{"href":"https:\/\/folhapopular.info\/index.php\/wp-json\/wp\/v2\/posts\/199292","targetHints":{"allow":["GET"]}}],"collection":[{"href":"https:\/\/folhapopular.info\/index.php\/wp-json\/wp\/v2\/posts"}],"about":[{"href":"https:\/\/folhapopular.info\/index.php\/wp-json\/wp\/v2\/types\/post"}],"author":[{"embeddable":true,"href":"https:\/\/folhapopular.info\/index.php\/wp-json\/wp\/v2\/users\/732"}],"replies":[{"embeddable":true,"href":"https:\/\/folhapopular.info\/index.php\/wp-json\/wp\/v2\/comments?post=199292"}],"version-history":[{"count":0,"href":"https:\/\/folhapopular.info\/index.php\/wp-json\/wp\/v2\/posts\/199292\/revisions"}],"wp:featuredmedia":[{"embeddable":true,"href":"https:\/\/folhapopular.info\/index.php\/wp-json\/wp\/v2\/media\/199297"}],"wp:attachment":[{"href":"https:\/\/folhapopular.info\/index.php\/wp-json\/wp\/v2\/media?parent=199292"}],"wp:term":[{"taxonomy":"category","embeddable":true,"href":"https:\/\/folhapopular.info\/index.php\/wp-json\/wp\/v2\/categories?post=199292"},{"taxonomy":"post_tag","embeddable":true,"href":"https:\/\/folhapopular.info\/index.php\/wp-json\/wp\/v2\/tags?post=199292"}],"curies":[{"name":"wp","href":"https:\/\/api.w.org\/{rel}","templated":true}]}}