{"id":199350,"date":"2025-11-29T16:05:37","date_gmt":"2025-11-29T19:05:37","guid":{"rendered":"https:\/\/folhapopular.info\/?p=199350"},"modified":"2025-11-29T16:05:40","modified_gmt":"2025-11-29T19:05:40","slug":"movimento-pela-vida-tera-mais-de-500-participantes-neste-domingo","status":"publish","type":"post","link":"https:\/\/folhapopular.info\/index.php\/2025\/11\/29\/movimento-pela-vida-tera-mais-de-500-participantes-neste-domingo\/","title":{"rendered":"Movimento Pela vida ter\u00e1 mais de 500 participantes neste domingo"},"content":{"rendered":"\n<p>A Corrida Movimento pela Vida traz seu prop\u00f3sito para a corrida deste domingo (30\/11): unir esporte, solidariedade e comunidade em um \u00fanico evento.<\/p>\n\n\n\n<p>Realizada em Teut\u00f4nia por um grupo de volunt\u00e1rios que decidiu transformar a pr\u00f3pria vontade de ajudar em a\u00e7\u00e3o concreta, a prova re\u00fane corredores, fam\u00edlias e apoiadores em um encontro que valoriza h\u00e1bitos saud\u00e1veis e fortalece la\u00e7os sociais.<\/p>\n\n\n\n<p>Os trajetos oficiais j\u00e1 est\u00e3o dispon\u00edveis no perfil do Movimento Pela Vida no Instagram, e, em breve, ser\u00e1 divulgada tamb\u00e9m a lista completa de inscritos confirmados.<\/p>\n\n\n\n<p>A expectativa \u00e9 de receber um grande p\u00fablico, que deve reunir mais de 515 atletas de diferentes idades nos percursos de 3, 5 e 10 quil\u00f4metros.<\/p>\n\n\n\n<p>O que torna esta corrida especial n\u00e3o \u00e9 o porte do evento, mas o envolvimento das pessoas. A organiza\u00e7\u00e3o \u00e9 totalmente volunt\u00e1ria, como se v\u00ea nas sacolas dos kits, que foram costuradas pelo pr\u00f3prio grupo Movimenta Teut\u00f4nia; os chaveiros que ser\u00e3o entregues como lembran\u00e7a foram produzidos manualmente, e cada kit recebeu frases motivacionais escritas \u00e0 m\u00e3o. Cada detalhe carrega o cuidado e a dedica\u00e7\u00e3o de quem acredita que o esporte tamb\u00e9m \u00e9 uma maneira de fazer o bem.<\/p>\n\n\n\n<p>A estrutura tem apoio t\u00e9cnico profissional na cronometragem, o que deve garantir precis\u00e3o nos resultados, mas a ess\u00eancia do evento segue fundamentada na comunidade. O lucro ser\u00e1 destinado \u00e0 Liga de Combate ao C\u00e2ncer de Teut\u00f4nia, que ter\u00e1 participa\u00e7\u00e3o ativa na entrega de frutas e no suporte geral aos participantes.<\/p>\n\n\n\n<h2 class=\"wp-block-heading\"><strong>Trajeto<\/strong><\/h2>\n\n\n\n<p>A largada est\u00e1 marcada para as 8h, com trajeto principal passando pela Avenida 1 Oeste e pela Rua 2 Leste, al\u00e9m de um fechamento parcial na Av. 1 Leste, pr\u00f3ximo ao Posto Charrua, para a travessia dos corredores.<\/p>\n\n\n\n<p>Para garantir orienta\u00e7\u00e3o e seguran\u00e7a, 20 a 30 volunt\u00e1rios estar\u00e3o distribu\u00eddos ao longo do percurso. A entrega dos kits ocorre hoje, das 14h \u00e0s 18h, e no domingo at\u00e9 as 7h30, no local informado pela organiza\u00e7\u00e3o.<\/p>\n\n\n\n<p>Conforme uma das coordenadoras do Movimenta Teut\u00f4nia, Emily Alana, mesmo considerada uma prova de porte menor, a Corrida Movimento pela Vida carrega um significado enorme para Teut\u00f4nia. \u201cEla nasce do esfor\u00e7o de muita gente, do gesto de cada volunt\u00e1rio e do apoio de patrocinadores e parceiros que acreditaram no projeto desde o in\u00edcio\u201d, afirma.<\/p>\n\n\n\n<p>O momento \u00e9 de uni\u00e3o e incentivo para que mais pessoas se conectem ao esporte e \u00e0 solidariedade. A comunidade se organiza, participa, celebra e transforma a corrida em uma experi\u00eancia que vai al\u00e9m da linha de chegada.<\/p>\n","protected":false},"excerpt":{"rendered":"<p>A Corrida Movimento pela Vida traz seu prop\u00f3sito para a corrida deste domingo (30\/11): unir esporte, solidariedade e comunidade em um \u00fanico evento. Realizada em Teut\u00f4nia por um grupo de volunt\u00e1rios que decidiu transformar a pr\u00f3pria vontade de ajudar em a\u00e7\u00e3o concreta, a prova re\u00fane corredores, fam\u00edlias e apoiadores em um encontro que valoriza h\u00e1bitos [&hellip;]<\/p>\n","protected":false},"author":732,"featured_media":199351,"comment_status":"open","ping_status":"open","sticky":false,"template":"","format":"standard","meta":{"pmpro_default_level":"","_jetpack_memberships_contains_paid_content":false,"footnotes":""},"categories":[16747,5],"tags":[80,17982,20086,26],"class_list":{"0":"post-199350","1":"post","2":"type-post","3":"status-publish","4":"format-standard","5":"has-post-thumbnail","7":"category-atletismo","8":"category-esportes","9":"tag-atletismo","10":"tag-movimenta-teutonia","11":"tag-movimento-pela-vida","12":"tag-teutonia","13":"pmpro-has-access"},"yoast_head":"<!-- This site is optimized with the Yoast SEO plugin v27.5 - https:\/\/yoast.com\/product\/yoast-seo-wordpress\/ -->\n<title>Movimento Pela vida ter\u00e1 mais de 500 participantes neste domingo - Folha Popular<\/title>\n<meta name=\"robots\" content=\"index, follow, max-snippet:-1, max-image-preview:large, max-video-preview:-1\" \/>\n<link rel=\"canonical\" href=\"https:\/\/folhapopular.info\/index.php\/2025\/11\/29\/movimento-pela-vida-tera-mais-de-500-participantes-neste-domingo\/\" \/>\n<meta property=\"og:locale\" content=\"pt_BR\" \/>\n<meta property=\"og:type\" content=\"article\" \/>\n<meta property=\"og:title\" content=\"Movimento Pela vida ter\u00e1 mais de 500 participantes neste domingo - Folha Popular\" \/>\n<meta property=\"og:description\" content=\"A Corrida Movimento pela Vida traz seu prop\u00f3sito para a corrida deste domingo (30\/11): unir esporte, solidariedade e comunidade em um \u00fanico evento. Realizada em Teut\u00f4nia por um grupo de volunt\u00e1rios que decidiu transformar a pr\u00f3pria vontade de ajudar em a\u00e7\u00e3o concreta, a prova re\u00fane corredores, fam\u00edlias e apoiadores em um encontro que valoriza h\u00e1bitos [&hellip;]\" \/>\n<meta property=\"og:url\" content=\"https:\/\/folhapopular.info\/index.php\/2025\/11\/29\/movimento-pela-vida-tera-mais-de-500-participantes-neste-domingo\/\" \/>\n<meta property=\"og:site_name\" content=\"Folha Popular\" \/>\n<meta property=\"article:author\" content=\"https:\/\/www.facebook.com\/luis.huppes\/\" \/>\n<meta property=\"article:published_time\" content=\"2025-11-29T19:05:37+00:00\" \/>\n<meta property=\"article:modified_time\" content=\"2025-11-29T19:05:40+00:00\" \/>\n<meta property=\"og:image\" content=\"http:\/\/folhapopular.info\/wp-content\/uploads\/2025\/11\/589261927_17882159844420520_5099445182257025998_n.jpg\" \/>\n\t<meta property=\"og:image:width\" content=\"640\" \/>\n\t<meta property=\"og:image:height\" content=\"529\" \/>\n\t<meta property=\"og:image:type\" content=\"image\/jpeg\" \/>\n<meta name=\"author\" content=\"Luis Augusto Huppes\" \/>\n<meta name=\"twitter:card\" content=\"summary_large_image\" \/>\n<meta name=\"twitter:label1\" content=\"Escrito por\" \/>\n\t<meta name=\"twitter:data1\" content=\"Luis Augusto Huppes\" \/>\n\t<meta name=\"twitter:label2\" content=\"Est. tempo de leitura\" \/>\n\t<meta name=\"twitter:data2\" content=\"3 minutos\" \/>\n<script type=\"application\/ld+json\" class=\"yoast-schema-graph\">{\"@context\":\"https:\\\/\\\/schema.org\",\"@graph\":[{\"@type\":\"Article\",\"@id\":\"https:\\\/\\\/folhapopular.info\\\/index.php\\\/2025\\\/11\\\/29\\\/movimento-pela-vida-tera-mais-de-500-participantes-neste-domingo\\\/#article\",\"isPartOf\":{\"@id\":\"https:\\\/\\\/folhapopular.info\\\/index.php\\\/2025\\\/11\\\/29\\\/movimento-pela-vida-tera-mais-de-500-participantes-neste-domingo\\\/\"},\"author\":{\"name\":\"Luis Augusto Huppes\",\"@id\":\"https:\\\/\\\/folhapopular.info\\\/#\\\/schema\\\/person\\\/e852c327371714676d02e58cf917fd9f\"},\"headline\":\"Movimento Pela vida ter\u00e1 mais de 500 participantes neste domingo\",\"datePublished\":\"2025-11-29T19:05:37+00:00\",\"dateModified\":\"2025-11-29T19:05:40+00:00\",\"mainEntityOfPage\":{\"@id\":\"https:\\\/\\\/folhapopular.info\\\/index.php\\\/2025\\\/11\\\/29\\\/movimento-pela-vida-tera-mais-de-500-participantes-neste-domingo\\\/\"},\"wordCount\":445,\"commentCount\":0,\"image\":{\"@id\":\"https:\\\/\\\/folhapopular.info\\\/index.php\\\/2025\\\/11\\\/29\\\/movimento-pela-vida-tera-mais-de-500-participantes-neste-domingo\\\/#primaryimage\"},\"thumbnailUrl\":\"https:\\\/\\\/folhapopular.info\\\/wp-content\\\/uploads\\\/2025\\\/11\\\/589261927_17882159844420520_5099445182257025998_n.jpg\",\"keywords\":[\"Atletismo\",\"Movimenta Teut\u00f4nia\",\"Movimento pela Vida\",\"Teut\u00f4nia\"],\"articleSection\":[\"Atletismo\",\"Esportes\"],\"inLanguage\":\"pt-BR\",\"potentialAction\":[{\"@type\":\"CommentAction\",\"name\":\"Comment\",\"target\":[\"https:\\\/\\\/folhapopular.info\\\/index.php\\\/2025\\\/11\\\/29\\\/movimento-pela-vida-tera-mais-de-500-participantes-neste-domingo\\\/#respond\"]}]},{\"@type\":\"WebPage\",\"@id\":\"https:\\\/\\\/folhapopular.info\\\/index.php\\\/2025\\\/11\\\/29\\\/movimento-pela-vida-tera-mais-de-500-participantes-neste-domingo\\\/\",\"url\":\"https:\\\/\\\/folhapopular.info\\\/index.php\\\/2025\\\/11\\\/29\\\/movimento-pela-vida-tera-mais-de-500-participantes-neste-domingo\\\/\",\"name\":\"Movimento Pela vida ter\u00e1 mais de 500 participantes neste domingo - Folha Popular\",\"isPartOf\":{\"@id\":\"https:\\\/\\\/folhapopular.info\\\/#website\"},\"primaryImageOfPage\":{\"@id\":\"https:\\\/\\\/folhapopular.info\\\/index.php\\\/2025\\\/11\\\/29\\\/movimento-pela-vida-tera-mais-de-500-participantes-neste-domingo\\\/#primaryimage\"},\"image\":{\"@id\":\"https:\\\/\\\/folhapopular.info\\\/index.php\\\/2025\\\/11\\\/29\\\/movimento-pela-vida-tera-mais-de-500-participantes-neste-domingo\\\/#primaryimage\"},\"thumbnailUrl\":\"https:\\\/\\\/folhapopular.info\\\/wp-content\\\/uploads\\\/2025\\\/11\\\/589261927_17882159844420520_5099445182257025998_n.jpg\",\"datePublished\":\"2025-11-29T19:05:37+00:00\",\"dateModified\":\"2025-11-29T19:05:40+00:00\",\"author\":{\"@id\":\"https:\\\/\\\/folhapopular.info\\\/#\\\/schema\\\/person\\\/e852c327371714676d02e58cf917fd9f\"},\"breadcrumb\":{\"@id\":\"https:\\\/\\\/folhapopular.info\\\/index.php\\\/2025\\\/11\\\/29\\\/movimento-pela-vida-tera-mais-de-500-participantes-neste-domingo\\\/#breadcrumb\"},\"inLanguage\":\"pt-BR\",\"potentialAction\":[{\"@type\":\"ReadAction\",\"target\":[\"https:\\\/\\\/folhapopular.info\\\/index.php\\\/2025\\\/11\\\/29\\\/movimento-pela-vida-tera-mais-de-500-participantes-neste-domingo\\\/\"]}]},{\"@type\":\"ImageObject\",\"inLanguage\":\"pt-BR\",\"@id\":\"https:\\\/\\\/folhapopular.info\\\/index.php\\\/2025\\\/11\\\/29\\\/movimento-pela-vida-tera-mais-de-500-participantes-neste-domingo\\\/#primaryimage\",\"url\":\"https:\\\/\\\/folhapopular.info\\\/wp-content\\\/uploads\\\/2025\\\/11\\\/589261927_17882159844420520_5099445182257025998_n.jpg\",\"contentUrl\":\"https:\\\/\\\/folhapopular.info\\\/wp-content\\\/uploads\\\/2025\\\/11\\\/589261927_17882159844420520_5099445182257025998_n.jpg\",\"width\":640,\"height\":529,\"caption\":\"Corrida ser\u00e1 neste domingo - Cr\u00e9dito: Divulga\u00e7\u00e3o\"},{\"@type\":\"BreadcrumbList\",\"@id\":\"https:\\\/\\\/folhapopular.info\\\/index.php\\\/2025\\\/11\\\/29\\\/movimento-pela-vida-tera-mais-de-500-participantes-neste-domingo\\\/#breadcrumb\",\"itemListElement\":[{\"@type\":\"ListItem\",\"position\":1,\"name\":\"In\u00edcio\",\"item\":\"https:\\\/\\\/folhapopular.info\\\/\"},{\"@type\":\"ListItem\",\"position\":2,\"name\":\"Movimento Pela vida ter\u00e1 mais de 500 participantes neste domingo\"}]},{\"@type\":\"WebSite\",\"@id\":\"https:\\\/\\\/folhapopular.info\\\/#website\",\"url\":\"https:\\\/\\\/folhapopular.info\\\/\",\"name\":\"Folha Popular\",\"description\":\"Onde voc\u00ea tem vez e voz\",\"potentialAction\":[{\"@type\":\"SearchAction\",\"target\":{\"@type\":\"EntryPoint\",\"urlTemplate\":\"https:\\\/\\\/folhapopular.info\\\/?s={search_term_string}\"},\"query-input\":{\"@type\":\"PropertyValueSpecification\",\"valueRequired\":true,\"valueName\":\"search_term_string\"}}],\"inLanguage\":\"pt-BR\"},{\"@type\":\"Person\",\"@id\":\"https:\\\/\\\/folhapopular.info\\\/#\\\/schema\\\/person\\\/e852c327371714676d02e58cf917fd9f\",\"name\":\"Luis Augusto Huppes\",\"image\":{\"@type\":\"ImageObject\",\"inLanguage\":\"pt-BR\",\"@id\":\"https:\\\/\\\/folhapopular.info\\\/wp-content\\\/uploads\\\/2026\\\/04\\\/Luis-Augusto-Huppes-1-1.webp\",\"url\":\"https:\\\/\\\/folhapopular.info\\\/wp-content\\\/uploads\\\/2026\\\/04\\\/Luis-Augusto-Huppes-1-1.webp\",\"contentUrl\":\"https:\\\/\\\/folhapopular.info\\\/wp-content\\\/uploads\\\/2026\\\/04\\\/Luis-Augusto-Huppes-1-1.webp\",\"caption\":\"Luis Augusto Huppes\"},\"sameAs\":[\"https:\\\/\\\/www.facebook.com\\\/luis.huppes\\\/\",\"https:\\\/\\\/www.instagram.com\\\/luis.huppes\\\/\",\"https:\\\/\\\/www.linkedin.com\\\/in\\\/luis-augusto-huppes-2554b52b7\\\/\"],\"url\":\"https:\\\/\\\/folhapopular.info\\\/index.php\\\/author\\\/luis-augusto-huppes\\\/\"}]}<\/script>\n<!-- \/ Yoast SEO plugin. -->","yoast_head_json":{"title":"Movimento Pela vida ter\u00e1 mais de 500 participantes neste domingo - Folha Popular","robots":{"index":"index","follow":"follow","max-snippet":"max-snippet:-1","max-image-preview":"max-image-preview:large","max-video-preview":"max-video-preview:-1"},"canonical":"https:\/\/folhapopular.info\/index.php\/2025\/11\/29\/movimento-pela-vida-tera-mais-de-500-participantes-neste-domingo\/","og_locale":"pt_BR","og_type":"article","og_title":"Movimento Pela vida ter\u00e1 mais de 500 participantes neste domingo - Folha Popular","og_description":"A Corrida Movimento pela Vida traz seu prop\u00f3sito para a corrida deste domingo (30\/11): unir esporte, solidariedade e comunidade em um \u00fanico evento. Realizada em Teut\u00f4nia por um grupo de volunt\u00e1rios que decidiu transformar a pr\u00f3pria vontade de ajudar em a\u00e7\u00e3o concreta, a prova re\u00fane corredores, fam\u00edlias e apoiadores em um encontro que valoriza h\u00e1bitos [&hellip;]","og_url":"https:\/\/folhapopular.info\/index.php\/2025\/11\/29\/movimento-pela-vida-tera-mais-de-500-participantes-neste-domingo\/","og_site_name":"Folha Popular","article_author":"https:\/\/www.facebook.com\/luis.huppes\/","article_published_time":"2025-11-29T19:05:37+00:00","article_modified_time":"2025-11-29T19:05:40+00:00","og_image":[{"width":640,"height":529,"url":"http:\/\/folhapopular.info\/wp-content\/uploads\/2025\/11\/589261927_17882159844420520_5099445182257025998_n.jpg","type":"image\/jpeg"}],"author":"Luis Augusto Huppes","twitter_card":"summary_large_image","twitter_misc":{"Escrito por":"Luis Augusto Huppes","Est. tempo de leitura":"3 minutos"},"schema":{"@context":"https:\/\/schema.org","@graph":[{"@type":"Article","@id":"https:\/\/folhapopular.info\/index.php\/2025\/11\/29\/movimento-pela-vida-tera-mais-de-500-participantes-neste-domingo\/#article","isPartOf":{"@id":"https:\/\/folhapopular.info\/index.php\/2025\/11\/29\/movimento-pela-vida-tera-mais-de-500-participantes-neste-domingo\/"},"author":{"name":"Luis Augusto Huppes","@id":"https:\/\/folhapopular.info\/#\/schema\/person\/e852c327371714676d02e58cf917fd9f"},"headline":"Movimento Pela vida ter\u00e1 mais de 500 participantes neste domingo","datePublished":"2025-11-29T19:05:37+00:00","dateModified":"2025-11-29T19:05:40+00:00","mainEntityOfPage":{"@id":"https:\/\/folhapopular.info\/index.php\/2025\/11\/29\/movimento-pela-vida-tera-mais-de-500-participantes-neste-domingo\/"},"wordCount":445,"commentCount":0,"image":{"@id":"https:\/\/folhapopular.info\/index.php\/2025\/11\/29\/movimento-pela-vida-tera-mais-de-500-participantes-neste-domingo\/#primaryimage"},"thumbnailUrl":"https:\/\/folhapopular.info\/wp-content\/uploads\/2025\/11\/589261927_17882159844420520_5099445182257025998_n.jpg","keywords":["Atletismo","Movimenta Teut\u00f4nia","Movimento pela Vida","Teut\u00f4nia"],"articleSection":["Atletismo","Esportes"],"inLanguage":"pt-BR","potentialAction":[{"@type":"CommentAction","name":"Comment","target":["https:\/\/folhapopular.info\/index.php\/2025\/11\/29\/movimento-pela-vida-tera-mais-de-500-participantes-neste-domingo\/#respond"]}]},{"@type":"WebPage","@id":"https:\/\/folhapopular.info\/index.php\/2025\/11\/29\/movimento-pela-vida-tera-mais-de-500-participantes-neste-domingo\/","url":"https:\/\/folhapopular.info\/index.php\/2025\/11\/29\/movimento-pela-vida-tera-mais-de-500-participantes-neste-domingo\/","name":"Movimento Pela vida ter\u00e1 mais de 500 participantes neste domingo - Folha Popular","isPartOf":{"@id":"https:\/\/folhapopular.info\/#website"},"primaryImageOfPage":{"@id":"https:\/\/folhapopular.info\/index.php\/2025\/11\/29\/movimento-pela-vida-tera-mais-de-500-participantes-neste-domingo\/#primaryimage"},"image":{"@id":"https:\/\/folhapopular.info\/index.php\/2025\/11\/29\/movimento-pela-vida-tera-mais-de-500-participantes-neste-domingo\/#primaryimage"},"thumbnailUrl":"https:\/\/folhapopular.info\/wp-content\/uploads\/2025\/11\/589261927_17882159844420520_5099445182257025998_n.jpg","datePublished":"2025-11-29T19:05:37+00:00","dateModified":"2025-11-29T19:05:40+00:00","author":{"@id":"https:\/\/folhapopular.info\/#\/schema\/person\/e852c327371714676d02e58cf917fd9f"},"breadcrumb":{"@id":"https:\/\/folhapopular.info\/index.php\/2025\/11\/29\/movimento-pela-vida-tera-mais-de-500-participantes-neste-domingo\/#breadcrumb"},"inLanguage":"pt-BR","potentialAction":[{"@type":"ReadAction","target":["https:\/\/folhapopular.info\/index.php\/2025\/11\/29\/movimento-pela-vida-tera-mais-de-500-participantes-neste-domingo\/"]}]},{"@type":"ImageObject","inLanguage":"pt-BR","@id":"https:\/\/folhapopular.info\/index.php\/2025\/11\/29\/movimento-pela-vida-tera-mais-de-500-participantes-neste-domingo\/#primaryimage","url":"https:\/\/folhapopular.info\/wp-content\/uploads\/2025\/11\/589261927_17882159844420520_5099445182257025998_n.jpg","contentUrl":"https:\/\/folhapopular.info\/wp-content\/uploads\/2025\/11\/589261927_17882159844420520_5099445182257025998_n.jpg","width":640,"height":529,"caption":"Corrida ser\u00e1 neste domingo - Cr\u00e9dito: Divulga\u00e7\u00e3o"},{"@type":"BreadcrumbList","@id":"https:\/\/folhapopular.info\/index.php\/2025\/11\/29\/movimento-pela-vida-tera-mais-de-500-participantes-neste-domingo\/#breadcrumb","itemListElement":[{"@type":"ListItem","position":1,"name":"In\u00edcio","item":"https:\/\/folhapopular.info\/"},{"@type":"ListItem","position":2,"name":"Movimento Pela vida ter\u00e1 mais de 500 participantes neste domingo"}]},{"@type":"WebSite","@id":"https:\/\/folhapopular.info\/#website","url":"https:\/\/folhapopular.info\/","name":"Folha Popular","description":"Onde voc\u00ea tem vez e voz","potentialAction":[{"@type":"SearchAction","target":{"@type":"EntryPoint","urlTemplate":"https:\/\/folhapopular.info\/?s={search_term_string}"},"query-input":{"@type":"PropertyValueSpecification","valueRequired":true,"valueName":"search_term_string"}}],"inLanguage":"pt-BR"},{"@type":"Person","@id":"https:\/\/folhapopular.info\/#\/schema\/person\/e852c327371714676d02e58cf917fd9f","name":"Luis Augusto Huppes","image":{"@type":"ImageObject","inLanguage":"pt-BR","@id":"https:\/\/folhapopular.info\/wp-content\/uploads\/2026\/04\/Luis-Augusto-Huppes-1-1.webp","url":"https:\/\/folhapopular.info\/wp-content\/uploads\/2026\/04\/Luis-Augusto-Huppes-1-1.webp","contentUrl":"https:\/\/folhapopular.info\/wp-content\/uploads\/2026\/04\/Luis-Augusto-Huppes-1-1.webp","caption":"Luis Augusto Huppes"},"sameAs":["https:\/\/www.facebook.com\/luis.huppes\/","https:\/\/www.instagram.com\/luis.huppes\/","https:\/\/www.linkedin.com\/in\/luis-augusto-huppes-2554b52b7\/"],"url":"https:\/\/folhapopular.info\/index.php\/author\/luis-augusto-huppes\/"}]}},"jetpack_featured_media_url":"https:\/\/folhapopular.info\/wp-content\/uploads\/2025\/11\/589261927_17882159844420520_5099445182257025998_n.jpg","jetpack_sharing_enabled":true,"amp_enabled":true,"_links":{"self":[{"href":"https:\/\/folhapopular.info\/index.php\/wp-json\/wp\/v2\/posts\/199350","targetHints":{"allow":["GET"]}}],"collection":[{"href":"https:\/\/folhapopular.info\/index.php\/wp-json\/wp\/v2\/posts"}],"about":[{"href":"https:\/\/folhapopular.info\/index.php\/wp-json\/wp\/v2\/types\/post"}],"author":[{"embeddable":true,"href":"https:\/\/folhapopular.info\/index.php\/wp-json\/wp\/v2\/users\/732"}],"replies":[{"embeddable":true,"href":"https:\/\/folhapopular.info\/index.php\/wp-json\/wp\/v2\/comments?post=199350"}],"version-history":[{"count":0,"href":"https:\/\/folhapopular.info\/index.php\/wp-json\/wp\/v2\/posts\/199350\/revisions"}],"wp:featuredmedia":[{"embeddable":true,"href":"https:\/\/folhapopular.info\/index.php\/wp-json\/wp\/v2\/media\/199351"}],"wp:attachment":[{"href":"https:\/\/folhapopular.info\/index.php\/wp-json\/wp\/v2\/media?parent=199350"}],"wp:term":[{"taxonomy":"category","embeddable":true,"href":"https:\/\/folhapopular.info\/index.php\/wp-json\/wp\/v2\/categories?post=199350"},{"taxonomy":"post_tag","embeddable":true,"href":"https:\/\/folhapopular.info\/index.php\/wp-json\/wp\/v2\/tags?post=199350"}],"curies":[{"name":"wp","href":"https:\/\/api.w.org\/{rel}","templated":true}]}}