{"id":199364,"date":"2025-11-30T16:05:59","date_gmt":"2025-11-30T19:05:59","guid":{"rendered":"https:\/\/folhapopular.info\/?p=199364"},"modified":"2025-11-30T16:11:45","modified_gmt":"2025-11-30T19:11:45","slug":"1a-corrida-movimento-pela-vida-celebra-a-saude-e-a-solidariedade-com-mais-de-500-participantes-em-teutonia","status":"publish","type":"post","link":"https:\/\/folhapopular.info\/index.php\/2025\/11\/30\/1a-corrida-movimento-pela-vida-celebra-a-saude-e-a-solidariedade-com-mais-de-500-participantes-em-teutonia\/","title":{"rendered":"1\u00aa Corrida Movimento pela Vida celebra a sa\u00fade e a solidariedade com mais de 500 participantes em Teut\u00f4nia"},"content":{"rendered":"\n<p>Realizada pelo Movimenta Teut\u00f4nia, a 1\u00aa Corrida <a href=\"https:\/\/www.instagram.com\/corridamovimentopelavida\/\" target=\"_blank\" rel=\"noreferrer noopener\">Movimento pela Vida<\/a> foi um sucesso. O evento ocorreu na manh\u00e3 deste domingo (30\/11) com sa\u00edda e chegada no Pavilh\u00e3o Multiuso da prefeitura, no Centro Administrativo, em Teut\u00f4nia. <\/p>\n\n\n\n<p>Mais de 500 inscritos &#8211; sendo 115 crian\u00e7as &#8211; participaram das provas de corrida e caminhada. O prop\u00f3sito era um s\u00f3: <a href=\"https:\/\/www.instagram.com\/movimenta.teutonia\/\" target=\"_blank\" rel=\"noreferrer noopener\">em benef\u00edcio \u00e0 Liga de Combate ao C\u00e2ncer de Teut\u00f4nia<\/a>.<\/p>\n\n\n\n<p>&#8220;Por tabela&#8221;, ganharam tamb\u00e9m aqueles que receber\u00e3o t\u00eanis doados e as crian\u00e7as que ser\u00e3o favorecidas pelo Caminh\u00e3o Iluminado, dos Bombeiros Volunt\u00e1rios. <\/p>\n\n\n\n<p>&#8220;Hoje n\u00e3o estamos apenas aqui em mais uma largada. Estamos por um prop\u00f3sito maior. Cada passo que daremos vai al\u00e9m deste momento. Hoje corremos por algu\u00e9m, corremos com algu\u00e9m no pensamento. Corremos porque a vida de outra pessoa importa, e n\u00f3s estamos aqui fazendo a diferen\u00e7a&#8221;, citou um dos organizadores, Gabriel R\u00fcbenich.<\/p>\n\n\n\n<h2 class=\"wp-block-heading\">Resultados<\/h2>\n\n\n\n<p>Na corrida 3 quil\u00f4metros, o p\u00f3dio ficou com Matheus Bloemker Carvalho (1\u00ba lugar), do Col\u00e9gio Teut\u00f4nia, Landro Amaral (2\u00ba lugar) e Luis Carlos da Silva (3\u00ba lugar), que representou o Team Guepardos. <\/p>\n\n\n\n<p>Na corrida 5 quil\u00f4metros, Gustavo Schneider Rothmund fez o 1\u00ba lugar, tamb\u00e9m pelo Col\u00e9gio Teut\u00f4nia, enquanto Alcemar da Silva (\u00c1rea Fitness) e C\u00e1ssio Henrique Portz (Portz) arremataram o 2\u00ba e 3\u00ba lugares.  <\/p>\n\n\n\n<p>Na corrida 10 quil\u00f4metros, Luiz Henrique Lerner (\u00c1rea Fitness) tirou o 1\u00ba lugar, seguido de Rafael Morbach (Carolina Morbach Quiropraxia) e Jhonatan Reinheimer. <\/p>\n\n\n\n<p>Na caminhada 3 quil\u00f4metros, Luc\u00e9lia Beatris de Lima Soares arrematou o 1\u00ba lugar, Marilene Soares o 2\u00ba e Cleiton Rafael Artus (Focus Contabilidade) o 3\u00ba.<\/p>\n\n\n\n<p>Confira a tabela com as informa\u00e7\u00f5es completas <a href=\"https:\/\/resultados.vqvcorridas.com.br\/?f=resultados\/2025\/nov\/movimento_pela_vida_teutonia.clax\" target=\"_blank\" rel=\"noreferrer noopener\">aqui<\/a>.<\/p>\n\n\n\n<div class=\"wp-block-jetpack-slideshow aligncenter\" data-effect=\"slide\" style=\"--aspect-ratio:calc(2560 \/ 1711)\"><div class=\"wp-block-jetpack-slideshow_container swiper\"><ul class=\"wp-block-jetpack-slideshow_swiper-wrapper swiper-wrapper\"><li class=\"wp-block-jetpack-slideshow_slide swiper-slide\"><figure><img loading=\"lazy\" decoding=\"async\" width=\"2560\" height=\"1711\" alt=\"\" class=\"wp-block-jetpack-slideshow_image wp-image-199374\" data-id=\"199374\" data-aspect-ratio=\"2560 \/ 1711\" src=\"https:\/\/folhapopular.info\/wp-content\/uploads\/2025\/11\/DSC_0057-scaled.jpg\" srcset=\"https:\/\/folhapopular.info\/wp-content\/uploads\/2025\/11\/DSC_0057-scaled.jpg 2560w, https:\/\/folhapopular.info\/wp-content\/uploads\/2025\/11\/DSC_0057-300x201.jpg 300w, https:\/\/folhapopular.info\/wp-content\/uploads\/2025\/11\/DSC_0057-1024x684.jpg 1024w, https:\/\/folhapopular.info\/wp-content\/uploads\/2025\/11\/DSC_0057-768x513.jpg 768w, https:\/\/folhapopular.info\/wp-content\/uploads\/2025\/11\/DSC_0057-1536x1027.jpg 1536w, https:\/\/folhapopular.info\/wp-content\/uploads\/2025\/11\/DSC_0057-2048x1369.jpg 2048w, https:\/\/folhapopular.info\/wp-content\/uploads\/2025\/11\/DSC_0057-628x420.jpg 628w, https:\/\/folhapopular.info\/wp-content\/uploads\/2025\/11\/DSC_0057-696x465.jpg 696w, https:\/\/folhapopular.info\/wp-content\/uploads\/2025\/11\/DSC_0057-1068x714.jpg 1068w, https:\/\/folhapopular.info\/wp-content\/uploads\/2025\/11\/DSC_0057-1920x1283.jpg 1920w\" sizes=\"(max-width: 2560px) 100vw, 2560px\" \/><figcaption class=\"wp-block-jetpack-slideshow_caption gallery-caption\">Percurso kids teve mais de 100 inscritos. Cr\u00e9dito: Camille Lenz da Silva<\/figcaption><\/figure><\/li><li class=\"wp-block-jetpack-slideshow_slide swiper-slide\"><figure><img loading=\"lazy\" decoding=\"async\" width=\"2560\" height=\"1711\" alt=\"\" class=\"wp-block-jetpack-slideshow_image wp-image-199378\" data-id=\"199378\" data-aspect-ratio=\"2560 \/ 1711\" src=\"https:\/\/folhapopular.info\/wp-content\/uploads\/2025\/11\/DSC_0811-scaled.jpg\" srcset=\"https:\/\/folhapopular.info\/wp-content\/uploads\/2025\/11\/DSC_0811-scaled.jpg 2560w, https:\/\/folhapopular.info\/wp-content\/uploads\/2025\/11\/DSC_0811-300x201.jpg 300w, https:\/\/folhapopular.info\/wp-content\/uploads\/2025\/11\/DSC_0811-1024x684.jpg 1024w, https:\/\/folhapopular.info\/wp-content\/uploads\/2025\/11\/DSC_0811-768x513.jpg 768w, https:\/\/folhapopular.info\/wp-content\/uploads\/2025\/11\/DSC_0811-1536x1027.jpg 1536w, https:\/\/folhapopular.info\/wp-content\/uploads\/2025\/11\/DSC_0811-2048x1369.jpg 2048w, https:\/\/folhapopular.info\/wp-content\/uploads\/2025\/11\/DSC_0811-628x420.jpg 628w, https:\/\/folhapopular.info\/wp-content\/uploads\/2025\/11\/DSC_0811-696x465.jpg 696w, https:\/\/folhapopular.info\/wp-content\/uploads\/2025\/11\/DSC_0811-1068x714.jpg 1068w, https:\/\/folhapopular.info\/wp-content\/uploads\/2025\/11\/DSC_0811-1920x1283.jpg 1920w\" sizes=\"(max-width: 2560px) 100vw, 2560px\" \/><figcaption class=\"wp-block-jetpack-slideshow_caption gallery-caption\">Dezenas de pessoas incentivaram familiares e amigos. Cr\u00e9dito: Camille Lenz da Silva<\/figcaption><\/figure><\/li><li class=\"wp-block-jetpack-slideshow_slide swiper-slide\"><figure><img loading=\"lazy\" decoding=\"async\" width=\"2560\" height=\"1711\" alt=\"\" class=\"wp-block-jetpack-slideshow_image wp-image-199379\" data-id=\"199379\" data-aspect-ratio=\"2560 \/ 1711\" src=\"https:\/\/folhapopular.info\/wp-content\/uploads\/2025\/11\/DSC_0827-scaled.jpg\" srcset=\"https:\/\/folhapopular.info\/wp-content\/uploads\/2025\/11\/DSC_0827-scaled.jpg 2560w, https:\/\/folhapopular.info\/wp-content\/uploads\/2025\/11\/DSC_0827-300x201.jpg 300w, https:\/\/folhapopular.info\/wp-content\/uploads\/2025\/11\/DSC_0827-1024x684.jpg 1024w, https:\/\/folhapopular.info\/wp-content\/uploads\/2025\/11\/DSC_0827-768x513.jpg 768w, https:\/\/folhapopular.info\/wp-content\/uploads\/2025\/11\/DSC_0827-1536x1027.jpg 1536w, https:\/\/folhapopular.info\/wp-content\/uploads\/2025\/11\/DSC_0827-2048x1369.jpg 2048w, https:\/\/folhapopular.info\/wp-content\/uploads\/2025\/11\/DSC_0827-628x420.jpg 628w, https:\/\/folhapopular.info\/wp-content\/uploads\/2025\/11\/DSC_0827-696x465.jpg 696w, https:\/\/folhapopular.info\/wp-content\/uploads\/2025\/11\/DSC_0827-1068x714.jpg 1068w, https:\/\/folhapopular.info\/wp-content\/uploads\/2025\/11\/DSC_0827-1920x1283.jpg 1920w\" sizes=\"(max-width: 2560px) 100vw, 2560px\" \/><figcaption class=\"wp-block-jetpack-slideshow_caption gallery-caption\">Largada de 5 e 10 quil\u00f4metros ocorreram juntas. Cr\u00e9dito: Camille Lenz da Silva<\/figcaption><\/figure><\/li><li class=\"wp-block-jetpack-slideshow_slide swiper-slide\"><figure><img loading=\"lazy\" decoding=\"async\" width=\"1711\" height=\"2560\" alt=\"\" class=\"wp-block-jetpack-slideshow_image wp-image-199381\" data-id=\"199381\" data-aspect-ratio=\"1711 \/ 2560\" src=\"https:\/\/folhapopular.info\/wp-content\/uploads\/2025\/11\/DSC_0991-scaled.jpg\" srcset=\"https:\/\/folhapopular.info\/wp-content\/uploads\/2025\/11\/DSC_0991-scaled.jpg 1711w, https:\/\/folhapopular.info\/wp-content\/uploads\/2025\/11\/DSC_0991-201x300.jpg 201w, https:\/\/folhapopular.info\/wp-content\/uploads\/2025\/11\/DSC_0991-684x1024.jpg 684w, https:\/\/folhapopular.info\/wp-content\/uploads\/2025\/11\/DSC_0991-768x1149.jpg 768w, https:\/\/folhapopular.info\/wp-content\/uploads\/2025\/11\/DSC_0991-1027x1536.jpg 1027w, https:\/\/folhapopular.info\/wp-content\/uploads\/2025\/11\/DSC_0991-1369x2048.jpg 1369w, https:\/\/folhapopular.info\/wp-content\/uploads\/2025\/11\/DSC_0991-281x420.jpg 281w, https:\/\/folhapopular.info\/wp-content\/uploads\/2025\/11\/DSC_0991-696x1041.jpg 696w, https:\/\/folhapopular.info\/wp-content\/uploads\/2025\/11\/DSC_0991-1068x1598.jpg 1068w, https:\/\/folhapopular.info\/wp-content\/uploads\/2025\/11\/DSC_0991-1920x2872.jpg 1920w\" sizes=\"(max-width: 1711px) 100vw, 1711px\" \/><figcaption class=\"wp-block-jetpack-slideshow_caption gallery-caption\">Corredor com bandeira do Rio Grande do Sul chamou a aten\u00e7\u00e3o. Cr\u00e9dito: Camille Lenz da Silva<\/figcaption><\/figure><\/li><li class=\"wp-block-jetpack-slideshow_slide swiper-slide\"><figure><img loading=\"lazy\" decoding=\"async\" width=\"2560\" height=\"1711\" alt=\"\" class=\"wp-block-jetpack-slideshow_image wp-image-199382\" data-id=\"199382\" data-aspect-ratio=\"2560 \/ 1711\" src=\"https:\/\/folhapopular.info\/wp-content\/uploads\/2025\/11\/DSC_0896-scaled.jpg\" srcset=\"https:\/\/folhapopular.info\/wp-content\/uploads\/2025\/11\/DSC_0896-scaled.jpg 2560w, https:\/\/folhapopular.info\/wp-content\/uploads\/2025\/11\/DSC_0896-300x201.jpg 300w, https:\/\/folhapopular.info\/wp-content\/uploads\/2025\/11\/DSC_0896-1024x684.jpg 1024w, https:\/\/folhapopular.info\/wp-content\/uploads\/2025\/11\/DSC_0896-768x513.jpg 768w, https:\/\/folhapopular.info\/wp-content\/uploads\/2025\/11\/DSC_0896-1536x1027.jpg 1536w, https:\/\/folhapopular.info\/wp-content\/uploads\/2025\/11\/DSC_0896-2048x1369.jpg 2048w, https:\/\/folhapopular.info\/wp-content\/uploads\/2025\/11\/DSC_0896-628x420.jpg 628w, https:\/\/folhapopular.info\/wp-content\/uploads\/2025\/11\/DSC_0896-696x465.jpg 696w, https:\/\/folhapopular.info\/wp-content\/uploads\/2025\/11\/DSC_0896-1068x714.jpg 1068w, https:\/\/folhapopular.info\/wp-content\/uploads\/2025\/11\/DSC_0896-1920x1283.jpg 1920w\" sizes=\"(max-width: 2560px) 100vw, 2560px\" \/><figcaption class=\"wp-block-jetpack-slideshow_caption gallery-caption\">Medalhas foram entregues com muita alegria pelos colaboradores. Cr\u00e9dito: Camille Lenz da Silva<\/figcaption><\/figure><\/li><li class=\"wp-block-jetpack-slideshow_slide swiper-slide\"><figure><img loading=\"lazy\" decoding=\"async\" width=\"2560\" height=\"1711\" alt=\"\" class=\"wp-block-jetpack-slideshow_image wp-image-199383\" data-id=\"199383\" data-aspect-ratio=\"2560 \/ 1711\" src=\"https:\/\/folhapopular.info\/wp-content\/uploads\/2025\/11\/DSC_0948-scaled.jpg\" srcset=\"https:\/\/folhapopular.info\/wp-content\/uploads\/2025\/11\/DSC_0948-scaled.jpg 2560w, https:\/\/folhapopular.info\/wp-content\/uploads\/2025\/11\/DSC_0948-300x201.jpg 300w, https:\/\/folhapopular.info\/wp-content\/uploads\/2025\/11\/DSC_0948-1024x684.jpg 1024w, https:\/\/folhapopular.info\/wp-content\/uploads\/2025\/11\/DSC_0948-768x513.jpg 768w, https:\/\/folhapopular.info\/wp-content\/uploads\/2025\/11\/DSC_0948-1536x1027.jpg 1536w, https:\/\/folhapopular.info\/wp-content\/uploads\/2025\/11\/DSC_0948-2048x1369.jpg 2048w, https:\/\/folhapopular.info\/wp-content\/uploads\/2025\/11\/DSC_0948-628x420.jpg 628w, https:\/\/folhapopular.info\/wp-content\/uploads\/2025\/11\/DSC_0948-696x465.jpg 696w, https:\/\/folhapopular.info\/wp-content\/uploads\/2025\/11\/DSC_0948-1068x714.jpg 1068w, https:\/\/folhapopular.info\/wp-content\/uploads\/2025\/11\/DSC_0948-1920x1283.jpg 1920w\" sizes=\"(max-width: 2560px) 100vw, 2560px\" \/><figcaption class=\"wp-block-jetpack-slideshow_caption gallery-caption\">Trajeto foi de supera\u00e7\u00e3o para muitos. Cr\u00e9dito: Camille Lenz da Silva<\/figcaption><\/figure><\/li><li class=\"wp-block-jetpack-slideshow_slide swiper-slide\"><figure><img loading=\"lazy\" decoding=\"async\" width=\"2560\" height=\"1711\" alt=\"\" class=\"wp-block-jetpack-slideshow_image wp-image-199384\" data-id=\"199384\" data-aspect-ratio=\"2560 \/ 1711\" src=\"https:\/\/folhapopular.info\/wp-content\/uploads\/2025\/11\/DSC_0815-scaled.jpg\" srcset=\"https:\/\/folhapopular.info\/wp-content\/uploads\/2025\/11\/DSC_0815-scaled.jpg 2560w, https:\/\/folhapopular.info\/wp-content\/uploads\/2025\/11\/DSC_0815-300x201.jpg 300w, https:\/\/folhapopular.info\/wp-content\/uploads\/2025\/11\/DSC_0815-1024x684.jpg 1024w, https:\/\/folhapopular.info\/wp-content\/uploads\/2025\/11\/DSC_0815-768x513.jpg 768w, https:\/\/folhapopular.info\/wp-content\/uploads\/2025\/11\/DSC_0815-1536x1027.jpg 1536w, https:\/\/folhapopular.info\/wp-content\/uploads\/2025\/11\/DSC_0815-2048x1369.jpg 2048w, https:\/\/folhapopular.info\/wp-content\/uploads\/2025\/11\/DSC_0815-628x420.jpg 628w, https:\/\/folhapopular.info\/wp-content\/uploads\/2025\/11\/DSC_0815-696x465.jpg 696w, https:\/\/folhapopular.info\/wp-content\/uploads\/2025\/11\/DSC_0815-1068x714.jpg 1068w, https:\/\/folhapopular.info\/wp-content\/uploads\/2025\/11\/DSC_0815-1920x1283.jpg 1920w\" sizes=\"(max-width: 2560px) 100vw, 2560px\" \/><figcaption class=\"wp-block-jetpack-slideshow_caption gallery-caption\">Antes da corrida, incentivado o abra\u00e7o e amor ao pr\u00f3ximo. Cr\u00e9dito: Camille Lenz da Silva<\/figcaption><\/figure><\/li><li class=\"wp-block-jetpack-slideshow_slide swiper-slide\"><figure><img loading=\"lazy\" decoding=\"async\" width=\"1440\" height=\"1440\" alt=\"\" class=\"wp-block-jetpack-slideshow_image wp-image-199389\" data-id=\"199389\" data-aspect-ratio=\"1440 \/ 1440\" src=\"https:\/\/folhapopular.info\/wp-content\/uploads\/2025\/11\/590429637_17873220333536803_4943011951722168047_n.jpg\" srcset=\"https:\/\/folhapopular.info\/wp-content\/uploads\/2025\/11\/590429637_17873220333536803_4943011951722168047_n.jpg 1440w, https:\/\/folhapopular.info\/wp-content\/uploads\/2025\/11\/590429637_17873220333536803_4943011951722168047_n-300x300.jpg 300w, https:\/\/folhapopular.info\/wp-content\/uploads\/2025\/11\/590429637_17873220333536803_4943011951722168047_n-1024x1024.jpg 1024w, https:\/\/folhapopular.info\/wp-content\/uploads\/2025\/11\/590429637_17873220333536803_4943011951722168047_n-150x150.jpg 150w, https:\/\/folhapopular.info\/wp-content\/uploads\/2025\/11\/590429637_17873220333536803_4943011951722168047_n-768x768.jpg 768w, https:\/\/folhapopular.info\/wp-content\/uploads\/2025\/11\/590429637_17873220333536803_4943011951722168047_n-420x420.jpg 420w, https:\/\/folhapopular.info\/wp-content\/uploads\/2025\/11\/590429637_17873220333536803_4943011951722168047_n-696x696.jpg 696w, https:\/\/folhapopular.info\/wp-content\/uploads\/2025\/11\/590429637_17873220333536803_4943011951722168047_n-1068x1068.jpg 1068w\" sizes=\"(max-width: 1440px) 100vw, 1440px\" \/><figcaption class=\"wp-block-jetpack-slideshow_caption gallery-caption\">Time do Movimenta Teut\u00f4nia foi o respons\u00e1vel pela organiza\u00e7\u00e3o do evento. Cr\u00e9dito: Divulga\u00e7\u00e3o<\/figcaption><\/figure><\/li><\/ul><a class=\"wp-block-jetpack-slideshow_button-prev swiper-button-prev swiper-button-white\" role=\"button\"><\/a><a class=\"wp-block-jetpack-slideshow_button-next swiper-button-next swiper-button-white\" role=\"button\"><\/a><a aria-label=\"Pause Slideshow\" class=\"wp-block-jetpack-slideshow_button-pause\" role=\"button\"><\/a><div class=\"wp-block-jetpack-slideshow_pagination swiper-pagination swiper-pagination-white\"><\/div><\/div><\/div>\n","protected":false},"excerpt":{"rendered":"<p>Realizada pelo Movimenta Teut\u00f4nia, a 1\u00aa Corrida Movimento pela Vida foi um sucesso. O evento ocorreu na manh\u00e3 deste domingo (30\/11) com sa\u00edda e chegada no Pavilh\u00e3o Multiuso da prefeitura, no Centro Administrativo, em Teut\u00f4nia. Mais de 500 inscritos &#8211; sendo 115 crian\u00e7as &#8211; participaram das provas de corrida e caminhada. O prop\u00f3sito era um [&hellip;]<\/p>\n","protected":false},"author":639,"featured_media":199375,"comment_status":"open","ping_status":"open","sticky":false,"template":"","format":"standard","meta":{"pmpro_default_level":"","_jetpack_memberships_contains_paid_content":false,"footnotes":""},"categories":[16747,2,5],"tags":[2323,20089,12377,17982,315,26],"class_list":{"0":"post-199364","1":"post","2":"type-post","3":"status-publish","4":"format-standard","5":"has-post-thumbnail","7":"category-atletismo","8":"category-featured","9":"category-esportes","10":"tag-corrida","11":"tag-corrida-movimento-pela-vida","12":"tag-liga-feminina-de-combate-ao-cancer-de-teutonia","13":"tag-movimenta-teutonia","14":"tag-regiao","15":"tag-teutonia","16":"pmpro-has-access"},"yoast_head":"<!-- This site is optimized with the Yoast SEO plugin v27.5 - https:\/\/yoast.com\/product\/yoast-seo-wordpress\/ -->\n<title>1\u00aa Corrida Movimento pela Vida celebra a sa\u00fade e a solidariedade com mais de 500 participantes em Teut\u00f4nia - Folha Popular<\/title>\n<meta name=\"description\" content=\"Evento foi realizado na manh\u00e3 deste domingo (30\/11) no Centro Administrativo com corridas, caminhada e percurso para crian\u00e7as.\" \/>\n<meta name=\"robots\" content=\"index, follow, max-snippet:-1, max-image-preview:large, max-video-preview:-1\" \/>\n<link rel=\"canonical\" href=\"https:\/\/folhapopular.info\/index.php\/2025\/11\/30\/1a-corrida-movimento-pela-vida-celebra-a-saude-e-a-solidariedade-com-mais-de-500-participantes-em-teutonia\/\" \/>\n<meta property=\"og:locale\" content=\"pt_BR\" \/>\n<meta property=\"og:type\" content=\"article\" \/>\n<meta property=\"og:title\" content=\"1\u00aa Corrida Movimento pela Vida celebra a sa\u00fade e a solidariedade com mais de 500 participantes em Teut\u00f4nia - Folha Popular\" \/>\n<meta property=\"og:description\" content=\"Evento foi realizado na manh\u00e3 deste domingo (30\/11) no Centro Administrativo com corridas, caminhada e percurso para crian\u00e7as.\" \/>\n<meta property=\"og:url\" content=\"https:\/\/folhapopular.info\/index.php\/2025\/11\/30\/1a-corrida-movimento-pela-vida-celebra-a-saude-e-a-solidariedade-com-mais-de-500-participantes-em-teutonia\/\" \/>\n<meta property=\"og:site_name\" content=\"Folha Popular\" \/>\n<meta property=\"article:published_time\" content=\"2025-11-30T19:05:59+00:00\" \/>\n<meta property=\"article:modified_time\" content=\"2025-11-30T19:11:45+00:00\" \/>\n<meta property=\"og:image\" content=\"http:\/\/folhapopular.info\/wp-content\/uploads\/2025\/11\/DSC_0844-scaled.jpg\" \/>\n\t<meta property=\"og:image:width\" content=\"2560\" \/>\n\t<meta property=\"og:image:height\" content=\"1711\" \/>\n\t<meta property=\"og:image:type\" content=\"image\/jpeg\" \/>\n<meta name=\"author\" content=\"Camille Lenz da Silva\" \/>\n<meta name=\"twitter:card\" content=\"summary_large_image\" \/>\n<meta name=\"twitter:label1\" content=\"Escrito por\" \/>\n\t<meta name=\"twitter:data1\" content=\"Camille Lenz da Silva\" \/>\n\t<meta name=\"twitter:label2\" content=\"Est. tempo de leitura\" \/>\n\t<meta name=\"twitter:data2\" content=\"4 minutos\" \/>\n<script type=\"application\/ld+json\" class=\"yoast-schema-graph\">{\"@context\":\"https:\\\/\\\/schema.org\",\"@graph\":[{\"@type\":\"Article\",\"@id\":\"https:\\\/\\\/folhapopular.info\\\/index.php\\\/2025\\\/11\\\/30\\\/1a-corrida-movimento-pela-vida-celebra-a-saude-e-a-solidariedade-com-mais-de-500-participantes-em-teutonia\\\/#article\",\"isPartOf\":{\"@id\":\"https:\\\/\\\/folhapopular.info\\\/index.php\\\/2025\\\/11\\\/30\\\/1a-corrida-movimento-pela-vida-celebra-a-saude-e-a-solidariedade-com-mais-de-500-participantes-em-teutonia\\\/\"},\"author\":{\"name\":\"Camille Lenz da Silva\",\"@id\":\"https:\\\/\\\/folhapopular.info\\\/#\\\/schema\\\/person\\\/f0b811f932ef2505faf473ffaef49df5\"},\"headline\":\"1\u00aa Corrida Movimento pela Vida celebra a sa\u00fade e a solidariedade com mais de 500 participantes em Teut\u00f4nia\",\"datePublished\":\"2025-11-30T19:05:59+00:00\",\"dateModified\":\"2025-11-30T19:11:45+00:00\",\"mainEntityOfPage\":{\"@id\":\"https:\\\/\\\/folhapopular.info\\\/index.php\\\/2025\\\/11\\\/30\\\/1a-corrida-movimento-pela-vida-celebra-a-saude-e-a-solidariedade-com-mais-de-500-participantes-em-teutonia\\\/\"},\"wordCount\":415,\"commentCount\":0,\"image\":{\"@id\":\"https:\\\/\\\/folhapopular.info\\\/index.php\\\/2025\\\/11\\\/30\\\/1a-corrida-movimento-pela-vida-celebra-a-saude-e-a-solidariedade-com-mais-de-500-participantes-em-teutonia\\\/#primaryimage\"},\"thumbnailUrl\":\"https:\\\/\\\/folhapopular.info\\\/wp-content\\\/uploads\\\/2025\\\/11\\\/DSC_0844-scaled.jpg\",\"keywords\":[\"Corrida\",\"Corrida Movimento pela Vida\",\"liga feminina de combate ao c\u00e2ncer de teut\u00f4nia\",\"Movimenta Teut\u00f4nia\",\"Regi\u00e3o\",\"Teut\u00f4nia\"],\"articleSection\":[\"Atletismo\",\"Destaques\",\"Esportes\"],\"inLanguage\":\"pt-BR\",\"potentialAction\":[{\"@type\":\"CommentAction\",\"name\":\"Comment\",\"target\":[\"https:\\\/\\\/folhapopular.info\\\/index.php\\\/2025\\\/11\\\/30\\\/1a-corrida-movimento-pela-vida-celebra-a-saude-e-a-solidariedade-com-mais-de-500-participantes-em-teutonia\\\/#respond\"]}]},{\"@type\":\"WebPage\",\"@id\":\"https:\\\/\\\/folhapopular.info\\\/index.php\\\/2025\\\/11\\\/30\\\/1a-corrida-movimento-pela-vida-celebra-a-saude-e-a-solidariedade-com-mais-de-500-participantes-em-teutonia\\\/\",\"url\":\"https:\\\/\\\/folhapopular.info\\\/index.php\\\/2025\\\/11\\\/30\\\/1a-corrida-movimento-pela-vida-celebra-a-saude-e-a-solidariedade-com-mais-de-500-participantes-em-teutonia\\\/\",\"name\":\"1\u00aa Corrida Movimento pela Vida celebra a sa\u00fade e a solidariedade com mais de 500 participantes em Teut\u00f4nia - Folha Popular\",\"isPartOf\":{\"@id\":\"https:\\\/\\\/folhapopular.info\\\/#website\"},\"primaryImageOfPage\":{\"@id\":\"https:\\\/\\\/folhapopular.info\\\/index.php\\\/2025\\\/11\\\/30\\\/1a-corrida-movimento-pela-vida-celebra-a-saude-e-a-solidariedade-com-mais-de-500-participantes-em-teutonia\\\/#primaryimage\"},\"image\":{\"@id\":\"https:\\\/\\\/folhapopular.info\\\/index.php\\\/2025\\\/11\\\/30\\\/1a-corrida-movimento-pela-vida-celebra-a-saude-e-a-solidariedade-com-mais-de-500-participantes-em-teutonia\\\/#primaryimage\"},\"thumbnailUrl\":\"https:\\\/\\\/folhapopular.info\\\/wp-content\\\/uploads\\\/2025\\\/11\\\/DSC_0844-scaled.jpg\",\"datePublished\":\"2025-11-30T19:05:59+00:00\",\"dateModified\":\"2025-11-30T19:11:45+00:00\",\"author\":{\"@id\":\"https:\\\/\\\/folhapopular.info\\\/#\\\/schema\\\/person\\\/f0b811f932ef2505faf473ffaef49df5\"},\"description\":\"Evento foi realizado na manh\u00e3 deste domingo (30\\\/11) no Centro Administrativo com corridas, caminhada e percurso para crian\u00e7as.\",\"breadcrumb\":{\"@id\":\"https:\\\/\\\/folhapopular.info\\\/index.php\\\/2025\\\/11\\\/30\\\/1a-corrida-movimento-pela-vida-celebra-a-saude-e-a-solidariedade-com-mais-de-500-participantes-em-teutonia\\\/#breadcrumb\"},\"inLanguage\":\"pt-BR\",\"potentialAction\":[{\"@type\":\"ReadAction\",\"target\":[\"https:\\\/\\\/folhapopular.info\\\/index.php\\\/2025\\\/11\\\/30\\\/1a-corrida-movimento-pela-vida-celebra-a-saude-e-a-solidariedade-com-mais-de-500-participantes-em-teutonia\\\/\"]}]},{\"@type\":\"ImageObject\",\"inLanguage\":\"pt-BR\",\"@id\":\"https:\\\/\\\/folhapopular.info\\\/index.php\\\/2025\\\/11\\\/30\\\/1a-corrida-movimento-pela-vida-celebra-a-saude-e-a-solidariedade-com-mais-de-500-participantes-em-teutonia\\\/#primaryimage\",\"url\":\"https:\\\/\\\/folhapopular.info\\\/wp-content\\\/uploads\\\/2025\\\/11\\\/DSC_0844-scaled.jpg\",\"contentUrl\":\"https:\\\/\\\/folhapopular.info\\\/wp-content\\\/uploads\\\/2025\\\/11\\\/DSC_0844-scaled.jpg\",\"width\":2560,\"height\":1711,\"caption\":\"Atividade em prol da Liga Feminina de Combate ao C\u00e2ncer reuniu mais de 500 pessoas. Cr\u00e9dito: Camille Lenz da Silva\"},{\"@type\":\"BreadcrumbList\",\"@id\":\"https:\\\/\\\/folhapopular.info\\\/index.php\\\/2025\\\/11\\\/30\\\/1a-corrida-movimento-pela-vida-celebra-a-saude-e-a-solidariedade-com-mais-de-500-participantes-em-teutonia\\\/#breadcrumb\",\"itemListElement\":[{\"@type\":\"ListItem\",\"position\":1,\"name\":\"In\u00edcio\",\"item\":\"https:\\\/\\\/folhapopular.info\\\/\"},{\"@type\":\"ListItem\",\"position\":2,\"name\":\"1\u00aa Corrida Movimento pela Vida celebra a sa\u00fade e a solidariedade com mais de 500 participantes em Teut\u00f4nia\"}]},{\"@type\":\"WebSite\",\"@id\":\"https:\\\/\\\/folhapopular.info\\\/#website\",\"url\":\"https:\\\/\\\/folhapopular.info\\\/\",\"name\":\"Folha Popular\",\"description\":\"Onde voc\u00ea tem vez e voz\",\"potentialAction\":[{\"@type\":\"SearchAction\",\"target\":{\"@type\":\"EntryPoint\",\"urlTemplate\":\"https:\\\/\\\/folhapopular.info\\\/?s={search_term_string}\"},\"query-input\":{\"@type\":\"PropertyValueSpecification\",\"valueRequired\":true,\"valueName\":\"search_term_string\"}}],\"inLanguage\":\"pt-BR\"},{\"@type\":\"Person\",\"@id\":\"https:\\\/\\\/folhapopular.info\\\/#\\\/schema\\\/person\\\/f0b811f932ef2505faf473ffaef49df5\",\"name\":\"Camille Lenz da Silva\",\"image\":{\"@type\":\"ImageObject\",\"inLanguage\":\"pt-BR\",\"@id\":\"https:\\\/\\\/secure.gravatar.com\\\/avatar\\\/50be826d73ca259ec0e0a88a407f5de800c576c46cfdc57e50ef28551e216fff?s=96&d=mm&r=g\",\"url\":\"https:\\\/\\\/secure.gravatar.com\\\/avatar\\\/50be826d73ca259ec0e0a88a407f5de800c576c46cfdc57e50ef28551e216fff?s=96&d=mm&r=g\",\"contentUrl\":\"https:\\\/\\\/secure.gravatar.com\\\/avatar\\\/50be826d73ca259ec0e0a88a407f5de800c576c46cfdc57e50ef28551e216fff?s=96&d=mm&r=g\",\"caption\":\"Camille Lenz da Silva\"},\"url\":\"https:\\\/\\\/folhapopular.info\\\/index.php\\\/author\\\/camillelenzgmail-com\\\/\"}]}<\/script>\n<!-- \/ Yoast SEO plugin. -->","yoast_head_json":{"title":"1\u00aa Corrida Movimento pela Vida celebra a sa\u00fade e a solidariedade com mais de 500 participantes em Teut\u00f4nia - Folha Popular","description":"Evento foi realizado na manh\u00e3 deste domingo (30\/11) no Centro Administrativo com corridas, caminhada e percurso para crian\u00e7as.","robots":{"index":"index","follow":"follow","max-snippet":"max-snippet:-1","max-image-preview":"max-image-preview:large","max-video-preview":"max-video-preview:-1"},"canonical":"https:\/\/folhapopular.info\/index.php\/2025\/11\/30\/1a-corrida-movimento-pela-vida-celebra-a-saude-e-a-solidariedade-com-mais-de-500-participantes-em-teutonia\/","og_locale":"pt_BR","og_type":"article","og_title":"1\u00aa Corrida Movimento pela Vida celebra a sa\u00fade e a solidariedade com mais de 500 participantes em Teut\u00f4nia - Folha Popular","og_description":"Evento foi realizado na manh\u00e3 deste domingo (30\/11) no Centro Administrativo com corridas, caminhada e percurso para crian\u00e7as.","og_url":"https:\/\/folhapopular.info\/index.php\/2025\/11\/30\/1a-corrida-movimento-pela-vida-celebra-a-saude-e-a-solidariedade-com-mais-de-500-participantes-em-teutonia\/","og_site_name":"Folha Popular","article_published_time":"2025-11-30T19:05:59+00:00","article_modified_time":"2025-11-30T19:11:45+00:00","og_image":[{"width":2560,"height":1711,"url":"http:\/\/folhapopular.info\/wp-content\/uploads\/2025\/11\/DSC_0844-scaled.jpg","type":"image\/jpeg"}],"author":"Camille Lenz da Silva","twitter_card":"summary_large_image","twitter_misc":{"Escrito por":"Camille Lenz da Silva","Est. tempo de leitura":"4 minutos"},"schema":{"@context":"https:\/\/schema.org","@graph":[{"@type":"Article","@id":"https:\/\/folhapopular.info\/index.php\/2025\/11\/30\/1a-corrida-movimento-pela-vida-celebra-a-saude-e-a-solidariedade-com-mais-de-500-participantes-em-teutonia\/#article","isPartOf":{"@id":"https:\/\/folhapopular.info\/index.php\/2025\/11\/30\/1a-corrida-movimento-pela-vida-celebra-a-saude-e-a-solidariedade-com-mais-de-500-participantes-em-teutonia\/"},"author":{"name":"Camille Lenz da Silva","@id":"https:\/\/folhapopular.info\/#\/schema\/person\/f0b811f932ef2505faf473ffaef49df5"},"headline":"1\u00aa Corrida Movimento pela Vida celebra a sa\u00fade e a solidariedade com mais de 500 participantes em Teut\u00f4nia","datePublished":"2025-11-30T19:05:59+00:00","dateModified":"2025-11-30T19:11:45+00:00","mainEntityOfPage":{"@id":"https:\/\/folhapopular.info\/index.php\/2025\/11\/30\/1a-corrida-movimento-pela-vida-celebra-a-saude-e-a-solidariedade-com-mais-de-500-participantes-em-teutonia\/"},"wordCount":415,"commentCount":0,"image":{"@id":"https:\/\/folhapopular.info\/index.php\/2025\/11\/30\/1a-corrida-movimento-pela-vida-celebra-a-saude-e-a-solidariedade-com-mais-de-500-participantes-em-teutonia\/#primaryimage"},"thumbnailUrl":"https:\/\/folhapopular.info\/wp-content\/uploads\/2025\/11\/DSC_0844-scaled.jpg","keywords":["Corrida","Corrida Movimento pela Vida","liga feminina de combate ao c\u00e2ncer de teut\u00f4nia","Movimenta Teut\u00f4nia","Regi\u00e3o","Teut\u00f4nia"],"articleSection":["Atletismo","Destaques","Esportes"],"inLanguage":"pt-BR","potentialAction":[{"@type":"CommentAction","name":"Comment","target":["https:\/\/folhapopular.info\/index.php\/2025\/11\/30\/1a-corrida-movimento-pela-vida-celebra-a-saude-e-a-solidariedade-com-mais-de-500-participantes-em-teutonia\/#respond"]}]},{"@type":"WebPage","@id":"https:\/\/folhapopular.info\/index.php\/2025\/11\/30\/1a-corrida-movimento-pela-vida-celebra-a-saude-e-a-solidariedade-com-mais-de-500-participantes-em-teutonia\/","url":"https:\/\/folhapopular.info\/index.php\/2025\/11\/30\/1a-corrida-movimento-pela-vida-celebra-a-saude-e-a-solidariedade-com-mais-de-500-participantes-em-teutonia\/","name":"1\u00aa Corrida Movimento pela Vida celebra a sa\u00fade e a solidariedade com mais de 500 participantes em Teut\u00f4nia - Folha Popular","isPartOf":{"@id":"https:\/\/folhapopular.info\/#website"},"primaryImageOfPage":{"@id":"https:\/\/folhapopular.info\/index.php\/2025\/11\/30\/1a-corrida-movimento-pela-vida-celebra-a-saude-e-a-solidariedade-com-mais-de-500-participantes-em-teutonia\/#primaryimage"},"image":{"@id":"https:\/\/folhapopular.info\/index.php\/2025\/11\/30\/1a-corrida-movimento-pela-vida-celebra-a-saude-e-a-solidariedade-com-mais-de-500-participantes-em-teutonia\/#primaryimage"},"thumbnailUrl":"https:\/\/folhapopular.info\/wp-content\/uploads\/2025\/11\/DSC_0844-scaled.jpg","datePublished":"2025-11-30T19:05:59+00:00","dateModified":"2025-11-30T19:11:45+00:00","author":{"@id":"https:\/\/folhapopular.info\/#\/schema\/person\/f0b811f932ef2505faf473ffaef49df5"},"description":"Evento foi realizado na manh\u00e3 deste domingo (30\/11) no Centro Administrativo com corridas, caminhada e percurso para crian\u00e7as.","breadcrumb":{"@id":"https:\/\/folhapopular.info\/index.php\/2025\/11\/30\/1a-corrida-movimento-pela-vida-celebra-a-saude-e-a-solidariedade-com-mais-de-500-participantes-em-teutonia\/#breadcrumb"},"inLanguage":"pt-BR","potentialAction":[{"@type":"ReadAction","target":["https:\/\/folhapopular.info\/index.php\/2025\/11\/30\/1a-corrida-movimento-pela-vida-celebra-a-saude-e-a-solidariedade-com-mais-de-500-participantes-em-teutonia\/"]}]},{"@type":"ImageObject","inLanguage":"pt-BR","@id":"https:\/\/folhapopular.info\/index.php\/2025\/11\/30\/1a-corrida-movimento-pela-vida-celebra-a-saude-e-a-solidariedade-com-mais-de-500-participantes-em-teutonia\/#primaryimage","url":"https:\/\/folhapopular.info\/wp-content\/uploads\/2025\/11\/DSC_0844-scaled.jpg","contentUrl":"https:\/\/folhapopular.info\/wp-content\/uploads\/2025\/11\/DSC_0844-scaled.jpg","width":2560,"height":1711,"caption":"Atividade em prol da Liga Feminina de Combate ao C\u00e2ncer reuniu mais de 500 pessoas. Cr\u00e9dito: Camille Lenz da Silva"},{"@type":"BreadcrumbList","@id":"https:\/\/folhapopular.info\/index.php\/2025\/11\/30\/1a-corrida-movimento-pela-vida-celebra-a-saude-e-a-solidariedade-com-mais-de-500-participantes-em-teutonia\/#breadcrumb","itemListElement":[{"@type":"ListItem","position":1,"name":"In\u00edcio","item":"https:\/\/folhapopular.info\/"},{"@type":"ListItem","position":2,"name":"1\u00aa Corrida Movimento pela Vida celebra a sa\u00fade e a solidariedade com mais de 500 participantes em Teut\u00f4nia"}]},{"@type":"WebSite","@id":"https:\/\/folhapopular.info\/#website","url":"https:\/\/folhapopular.info\/","name":"Folha Popular","description":"Onde voc\u00ea tem vez e voz","potentialAction":[{"@type":"SearchAction","target":{"@type":"EntryPoint","urlTemplate":"https:\/\/folhapopular.info\/?s={search_term_string}"},"query-input":{"@type":"PropertyValueSpecification","valueRequired":true,"valueName":"search_term_string"}}],"inLanguage":"pt-BR"},{"@type":"Person","@id":"https:\/\/folhapopular.info\/#\/schema\/person\/f0b811f932ef2505faf473ffaef49df5","name":"Camille Lenz da Silva","image":{"@type":"ImageObject","inLanguage":"pt-BR","@id":"https:\/\/secure.gravatar.com\/avatar\/50be826d73ca259ec0e0a88a407f5de800c576c46cfdc57e50ef28551e216fff?s=96&d=mm&r=g","url":"https:\/\/secure.gravatar.com\/avatar\/50be826d73ca259ec0e0a88a407f5de800c576c46cfdc57e50ef28551e216fff?s=96&d=mm&r=g","contentUrl":"https:\/\/secure.gravatar.com\/avatar\/50be826d73ca259ec0e0a88a407f5de800c576c46cfdc57e50ef28551e216fff?s=96&d=mm&r=g","caption":"Camille Lenz da Silva"},"url":"https:\/\/folhapopular.info\/index.php\/author\/camillelenzgmail-com\/"}]}},"jetpack_featured_media_url":"https:\/\/folhapopular.info\/wp-content\/uploads\/2025\/11\/DSC_0844-scaled.jpg","jetpack_sharing_enabled":true,"amp_enabled":true,"_links":{"self":[{"href":"https:\/\/folhapopular.info\/index.php\/wp-json\/wp\/v2\/posts\/199364","targetHints":{"allow":["GET"]}}],"collection":[{"href":"https:\/\/folhapopular.info\/index.php\/wp-json\/wp\/v2\/posts"}],"about":[{"href":"https:\/\/folhapopular.info\/index.php\/wp-json\/wp\/v2\/types\/post"}],"author":[{"embeddable":true,"href":"https:\/\/folhapopular.info\/index.php\/wp-json\/wp\/v2\/users\/639"}],"replies":[{"embeddable":true,"href":"https:\/\/folhapopular.info\/index.php\/wp-json\/wp\/v2\/comments?post=199364"}],"version-history":[{"count":0,"href":"https:\/\/folhapopular.info\/index.php\/wp-json\/wp\/v2\/posts\/199364\/revisions"}],"wp:featuredmedia":[{"embeddable":true,"href":"https:\/\/folhapopular.info\/index.php\/wp-json\/wp\/v2\/media\/199375"}],"wp:attachment":[{"href":"https:\/\/folhapopular.info\/index.php\/wp-json\/wp\/v2\/media?parent=199364"}],"wp:term":[{"taxonomy":"category","embeddable":true,"href":"https:\/\/folhapopular.info\/index.php\/wp-json\/wp\/v2\/categories?post=199364"},{"taxonomy":"post_tag","embeddable":true,"href":"https:\/\/folhapopular.info\/index.php\/wp-json\/wp\/v2\/tags?post=199364"}],"curies":[{"name":"wp","href":"https:\/\/api.w.org\/{rel}","templated":true}]}}