{"id":199388,"date":"2025-11-30T16:55:13","date_gmt":"2025-11-30T19:55:13","guid":{"rendered":"https:\/\/folhapopular.info\/?p=199388"},"modified":"2025-11-30T16:55:16","modified_gmt":"2025-11-30T19:55:16","slug":"brasil-e-juventude-we-finalistas-dos-aspirantes-da-serie-a-da-aslivata","status":"publish","type":"post","link":"https:\/\/folhapopular.info\/index.php\/2025\/11\/30\/brasil-e-juventude-we-finalistas-dos-aspirantes-da-serie-a-da-aslivata\/","title":{"rendered":"Brasil e Juventude-We finalistas dos Aspirantes da S\u00e9rie A da Aslivata"},"content":{"rendered":"\n<p>A categoria Aspirantes da <a href=\"https:\/\/folhapopular.info\/index.php\/2025\/11\/29\/jogos-do-domingo-definem-finalistas-da-serie-a-do-regional\/\">S\u00e9rie A<\/a> do Campeonato <a href=\"https:\/\/folhapopular.info\/index.php\/2025\/11\/30\/empates-marcam-jogos-de-ida-das-finais-dos-veteranos-e-master-da-aslivata\/\">Regional<\/a> Certel Sicredi 2025 da Aslivata apurou seus finalistas na tarde deste domingo (30\/11), com jogos realizados em Nova Br\u00e9scia e Teut\u00f4nia.<\/p>\n\n\n\n<p>Os resultados da tarde deram as vagas para Juventude de Westf\u00e1lia e Brasil de Marques de Souza, que disputam o t\u00edtulo da competi\u00e7\u00e3o.<\/p>\n\n\n\n<p>No Est\u00e1dio Belvedere, em Nova Br\u00e9scia, Juventude de Westf\u00e1lia e Sete de Setembro de Arroio do Meio se encontraram ap\u00f3s o empate em 1 a 1 da partida de ida.<\/p>\n\n\n\n<p>Na volta, mais um resultado igual, desta vez sem bolas na rede. O 0 a 0 for\u00e7ou a disputa por penalidades e, assim como nas quartasde final, o Juventude teve o brilho do goleiro Emanuel.<\/p>\n\n\n\n<p>O arqueiro segurou duas cobran\u00e7as do time de Arroio do Meio e garantiu a classifica\u00e7\u00e3o para a Berlim, que j\u00e1 <a href=\"https:\/\/folhapopular.info\/index.php\/2025\/11\/23\/equilibrio-marca-jogos-de-ida-das-semifinais-dos-aspirantes-na-serie-a-do-regional\/\">havia eliminado o Imigrante<\/a> &#8211; tamb\u00e9m em Nova Br\u00e9scia.<\/p>\n\n\n\n<p>Em Teut\u00f4nia, no Campo do Canabarrense, o Brasil conquistou a vaga ap\u00f3s vencer Juventude mais uma vez por 1 a 0.<\/p>\n\n\n\n<p>O gol do jogo foi marcado por Mocellin, que aproveitou levantamento e balan\u00e7ou as redes aos 17min do segundo tempo. Placar final: 1 a 0.<\/p>\n\n\n\n<p>Com os resultados, Juventude de Westf\u00e1lia e Brasil aguardam pela defini\u00e7\u00e3o dos Titulares para saber onde e quando jogam as partidas das decis\u00f5es.<\/p>\n\n\n\n<figure class=\"wp-block-table is-style-stripes\"><table class=\"has-light-green-cyan-to-vivid-green-cyan-gradient-background has-background\"><tbody><tr><td colspan=\"6\"><strong>S\u00e9rie A &#8211; Aspirantes<\/strong><\/td><\/tr><tr><td><strong>Data<\/strong><\/td><td><strong>Local<\/strong><\/td><td><\/td><td><strong>Resultado<\/strong><\/td><td><\/td><td><strong>P\u00ean<\/strong><\/td><\/tr><tr><td>30\/11<\/td><td>Nova Br\u00e9scia<\/td><td>Sete de Setembro<\/td><td>0x0<\/td><td><strong>Juventude-We<\/strong><\/td><td>2&#215;4<\/td><\/tr><tr><td>30\/11<\/td><td>Teut\u00f4nia<\/td><td>Juventude-Guap<\/td><td>0x1<\/td><td><strong>Brasil<\/strong><\/td><td><\/td><\/tr><\/tbody><\/table><\/figure>\n\n\n\n<figure class=\"wp-block-table is-style-stripes\"><table class=\"has-light-green-cyan-to-vivid-green-cyan-gradient-background has-background\"><tbody><tr><td colspan=\"12\"><strong>Classifica\u00e7\u00e3o<\/strong><\/td><\/tr><tr><td><strong>POS.<\/strong><\/td><td><\/td><td><strong>EQUIPES<\/strong><\/td><td><strong>PG<\/strong><\/td><td><strong>J<\/strong><\/td><td><strong>V<\/strong><\/td><td><strong>E<\/strong><\/td><td><strong>D<\/strong><\/td><td><strong>GP<\/strong><\/td><td><strong>GS<\/strong><\/td><td><strong>SG<\/strong><\/td><td><strong>%<\/strong><\/td><\/tr><tr><td>1\u00ba<\/td><td><\/td><td><strong>Brasil<\/strong><\/td><td>25<\/td><td>12<\/td><td>7<\/td><td>4<\/td><td>1<\/td><td>21<\/td><td>11<\/td><td>10<\/td><td>69<\/td><\/tr><tr><td>2\u00ba<\/td><td><\/td><td>Sete de Setembro<\/td><td>22<\/td><td>12<\/td><td>6<\/td><td>4<\/td><td>2<\/td><td>16<\/td><td>10<\/td><td>6<\/td><td>61<\/td><\/tr><tr><td>3\u00ba<\/td><td><\/td><td>Juventude-Guap<\/td><td>19<\/td><td>12<\/td><td>5<\/td><td>4<\/td><td>3<\/td><td>17<\/td><td>10<\/td><td>7<\/td><td>53<\/td><\/tr><tr><td>4\u00ba<\/td><td><\/td><td><strong>Juventude-We<\/strong><\/td><td>18<\/td><td>12<\/td><td>4<\/td><td>6<\/td><td>2<\/td><td>17<\/td><td>11<\/td><td>6<\/td><td>50<\/td><\/tr><\/tbody><\/table><\/figure>\n\n\n\n<h2 class=\"wp-block-heading\"><strong>Craques:<\/strong><\/h2>\n\n\n\n<figure class=\"wp-block-gallery has-nested-images columns-default is-cropped wp-block-gallery-1 is-layout-flex wp-block-gallery-is-layout-flex\">\n<figure class=\"wp-block-image size-large\"><img loading=\"lazy\" decoding=\"async\" width=\"768\" height=\"1024\" data-id=\"199398\" src=\"https:\/\/folhapopular.info\/wp-content\/uploads\/2025\/11\/WhatsApp-Image-2025-11-30-at-16.15.25-768x1024.jpeg\" alt=\"\" class=\"wp-image-199398\" srcset=\"https:\/\/folhapopular.info\/wp-content\/uploads\/2025\/11\/WhatsApp-Image-2025-11-30-at-16.15.25-768x1024.jpeg 768w, https:\/\/folhapopular.info\/wp-content\/uploads\/2025\/11\/WhatsApp-Image-2025-11-30-at-16.15.25-225x300.jpeg 225w, https:\/\/folhapopular.info\/wp-content\/uploads\/2025\/11\/WhatsApp-Image-2025-11-30-at-16.15.25-1152x1536.jpeg 1152w, https:\/\/folhapopular.info\/wp-content\/uploads\/2025\/11\/WhatsApp-Image-2025-11-30-at-16.15.25-315x420.jpeg 315w, https:\/\/folhapopular.info\/wp-content\/uploads\/2025\/11\/WhatsApp-Image-2025-11-30-at-16.15.25-696x928.jpeg 696w, https:\/\/folhapopular.info\/wp-content\/uploads\/2025\/11\/WhatsApp-Image-2025-11-30-at-16.15.25-1068x1424.jpeg 1068w, https:\/\/folhapopular.info\/wp-content\/uploads\/2025\/11\/WhatsApp-Image-2025-11-30-at-16.15.25.jpeg 1200w\" sizes=\"auto, (max-width: 768px) 100vw, 768px\" \/><figcaption class=\"wp-element-caption\">Emanuel, do Juventude-We<br>Cr\u00e9dito: Bianca Let\u00edcia Fristcher \/ Especial FP<\/figcaption><\/figure>\n\n\n\n<figure class=\"wp-block-image size-large\"><img loading=\"lazy\" decoding=\"async\" width=\"768\" height=\"1024\" data-id=\"199400\" src=\"https:\/\/folhapopular.info\/wp-content\/uploads\/2025\/11\/WhatsApp-Image-2025-11-30-at-16.03.09-1-768x1024.jpeg\" alt=\"\" class=\"wp-image-199400\" srcset=\"https:\/\/folhapopular.info\/wp-content\/uploads\/2025\/11\/WhatsApp-Image-2025-11-30-at-16.03.09-1-768x1024.jpeg 768w, https:\/\/folhapopular.info\/wp-content\/uploads\/2025\/11\/WhatsApp-Image-2025-11-30-at-16.03.09-1-225x300.jpeg 225w, https:\/\/folhapopular.info\/wp-content\/uploads\/2025\/11\/WhatsApp-Image-2025-11-30-at-16.03.09-1-1152x1536.jpeg 1152w, https:\/\/folhapopular.info\/wp-content\/uploads\/2025\/11\/WhatsApp-Image-2025-11-30-at-16.03.09-1-315x420.jpeg 315w, https:\/\/folhapopular.info\/wp-content\/uploads\/2025\/11\/WhatsApp-Image-2025-11-30-at-16.03.09-1-696x928.jpeg 696w, https:\/\/folhapopular.info\/wp-content\/uploads\/2025\/11\/WhatsApp-Image-2025-11-30-at-16.03.09-1-1068x1424.jpeg 1068w, https:\/\/folhapopular.info\/wp-content\/uploads\/2025\/11\/WhatsApp-Image-2025-11-30-at-16.03.09-1.jpeg 1200w\" sizes=\"auto, (max-width: 768px) 100vw, 768px\" \/><figcaption class=\"wp-element-caption\">Mocelim, do Brasil<br>Cr\u00e9dito: Gabriel dos Santos Theiesn \/ Especial FP<\/figcaption><\/figure>\n<\/figure>\n\n\n\n<h2 class=\"wp-block-heading\"><strong>Assista:<\/strong><\/h2>\n\n\n\n<figure class=\"wp-block-embed is-type-video is-provider-youtube wp-block-embed-youtube wp-embed-aspect-4-3 wp-has-aspect-ratio\"><div class=\"wp-block-embed__wrapper\">\n<iframe loading=\"lazy\" title=\"CANABARRENSE x TAQUARIENSE | REGIONAL CERTEL \/ SICREDI 2025 - SEMIFINAL - VOLTA\" width=\"696\" height=\"522\" src=\"https:\/\/www.youtube.com\/embed\/h_su7kfVDDQ?feature=oembed\" frameborder=\"0\" allow=\"accelerometer; autoplay; clipboard-write; encrypted-media; gyroscope; picture-in-picture; web-share\" referrerpolicy=\"strict-origin-when-cross-origin\" allowfullscreen><\/iframe>\n<\/div><\/figure>\n\n\n\n<figure class=\"wp-block-embed is-type-video is-provider-youtube wp-block-embed-youtube wp-embed-aspect-4-3 wp-has-aspect-ratio\"><div class=\"wp-block-embed__wrapper\">\n<iframe loading=\"lazy\" title=\"TIRADENTES x PO\u00c7O DAS ANTAS | REGIONAL CERTEL \/ SICREDI 2025 - SEMIFINAL - VOLTA\" width=\"696\" height=\"522\" src=\"https:\/\/www.youtube.com\/embed\/8xXkgtMflOs?feature=oembed\" frameborder=\"0\" allow=\"accelerometer; autoplay; clipboard-write; encrypted-media; gyroscope; picture-in-picture; web-share\" referrerpolicy=\"strict-origin-when-cross-origin\" allowfullscreen><\/iframe>\n<\/div><\/figure>\n\n\n\n<h2 class=\"wp-block-heading\"><strong>Fase anterior:<\/strong><\/h2>\n\n\n\n<figure class=\"wp-block-embed is-type-wp-embed is-provider-folha-popular wp-block-embed-folha-popular\"><div class=\"wp-block-embed__wrapper\">\n<blockquote class=\"wp-embedded-content\" data-secret=\"aAdJjlawDd\"><a href=\"https:\/\/folhapopular.info\/index.php\/2025\/11\/23\/equilibrio-marca-jogos-de-ida-das-semifinais-dos-aspirantes-na-serie-a-do-regional\/\">Equil\u00edbrio marca jogos de ida das semifinais dos Aspirantes na S\u00e9rie A do Regional<\/a><\/blockquote><iframe loading=\"lazy\" class=\"wp-embedded-content\" sandbox=\"allow-scripts\" security=\"restricted\" style=\"position: absolute; visibility: hidden;\" title=\"&#8220;Equil\u00edbrio marca jogos de ida das semifinais dos Aspirantes na S\u00e9rie A do Regional&#8221; &#8212; Folha Popular\" src=\"https:\/\/folhapopular.info\/index.php\/2025\/11\/23\/equilibrio-marca-jogos-de-ida-das-semifinais-dos-aspirantes-na-serie-a-do-regional\/embed\/#?secret=oZJEhqFvgH#?secret=aAdJjlawDd\" data-secret=\"aAdJjlawDd\" width=\"600\" height=\"338\" frameborder=\"0\" marginwidth=\"0\" marginheight=\"0\" scrolling=\"no\"><\/iframe>\n<\/div><\/figure>\n\n\n\n<p><\/p>\n","protected":false},"excerpt":{"rendered":"<p>A categoria Aspirantes da S\u00e9rie A do Campeonato Regional Certel Sicredi 2025 da Aslivata apurou seus finalistas na tarde deste domingo (30\/11), com jogos realizados em Nova Br\u00e9scia e Teut\u00f4nia. Os resultados da tarde deram as vagas para Juventude de Westf\u00e1lia e Brasil de Marques de Souza, que disputam o t\u00edtulo da competi\u00e7\u00e3o. No Est\u00e1dio [&hellip;]<\/p>\n","protected":false},"author":732,"featured_media":199391,"comment_status":"open","ping_status":"open","sticky":false,"template":"","format":"standard","meta":{"pmpro_default_level":"","_jetpack_memberships_contains_paid_content":false,"footnotes":""},"categories":[18696,5,240,288],"tags":[360,19320,147,994,9507,4884],"class_list":{"0":"post-199388","1":"post","2":"type-post","3":"status-publish","4":"format-standard","5":"has-post-thumbnail","7":"category-campeonato-regional-2025","8":"category-esportes","9":"category-futebol-amador","10":"category-regional-da-aslivata","11":"tag-aspirantes","12":"tag-campeonato-regional-certel-sicredi","13":"tag-futebol-amador","14":"tag-regional-aslivata","15":"tag-regional-certel-sicredi","16":"tag-serie-a","17":"pmpro-has-access"},"yoast_head":"<!-- This site is optimized with the Yoast SEO plugin v27.5 - https:\/\/yoast.com\/product\/yoast-seo-wordpress\/ -->\n<title>Brasil e Juventude-We finalistas dos Aspirantes da S\u00e9rie A da Aslivata - Folha Popular<\/title>\n<meta name=\"description\" content=\"Partidas das semifinais foram realizadas na tarde deste domingo e definiram os finalistas em Nova Br\u00e9scia e Teut\u00f4nia\" \/>\n<meta name=\"robots\" content=\"index, follow, max-snippet:-1, max-image-preview:large, max-video-preview:-1\" \/>\n<link rel=\"canonical\" href=\"https:\/\/folhapopular.info\/index.php\/2025\/11\/30\/brasil-e-juventude-we-finalistas-dos-aspirantes-da-serie-a-da-aslivata\/\" \/>\n<meta property=\"og:locale\" content=\"pt_BR\" \/>\n<meta property=\"og:type\" content=\"article\" \/>\n<meta property=\"og:title\" content=\"Brasil e Juventude-We finalistas dos Aspirantes da S\u00e9rie A da Aslivata - Folha Popular\" \/>\n<meta property=\"og:description\" content=\"Partidas das semifinais foram realizadas na tarde deste domingo e definiram os finalistas em Nova Br\u00e9scia e Teut\u00f4nia\" \/>\n<meta property=\"og:url\" content=\"https:\/\/folhapopular.info\/index.php\/2025\/11\/30\/brasil-e-juventude-we-finalistas-dos-aspirantes-da-serie-a-da-aslivata\/\" \/>\n<meta property=\"og:site_name\" content=\"Folha Popular\" \/>\n<meta property=\"article:author\" content=\"https:\/\/www.facebook.com\/luis.huppes\/\" \/>\n<meta property=\"article:published_time\" content=\"2025-11-30T19:55:13+00:00\" \/>\n<meta property=\"article:modified_time\" content=\"2025-11-30T19:55:16+00:00\" \/>\n<meta property=\"og:image\" content=\"http:\/\/folhapopular.info\/wp-content\/uploads\/2025\/11\/DSC0447-1024x681.png\" \/>\n\t<meta property=\"og:image:width\" content=\"1024\" \/>\n\t<meta property=\"og:image:height\" content=\"681\" \/>\n\t<meta property=\"og:image:type\" content=\"image\/png\" \/>\n<meta name=\"author\" content=\"Luis Augusto Huppes\" \/>\n<meta name=\"twitter:card\" content=\"summary_large_image\" \/>\n<meta name=\"twitter:label1\" content=\"Escrito por\" \/>\n\t<meta name=\"twitter:data1\" content=\"Luis Augusto Huppes\" \/>\n\t<meta name=\"twitter:label2\" content=\"Est. tempo de leitura\" \/>\n\t<meta name=\"twitter:data2\" content=\"3 minutos\" \/>\n<script type=\"application\/ld+json\" class=\"yoast-schema-graph\">{\"@context\":\"https:\\\/\\\/schema.org\",\"@graph\":[{\"@type\":\"Article\",\"@id\":\"https:\\\/\\\/folhapopular.info\\\/index.php\\\/2025\\\/11\\\/30\\\/brasil-e-juventude-we-finalistas-dos-aspirantes-da-serie-a-da-aslivata\\\/#article\",\"isPartOf\":{\"@id\":\"https:\\\/\\\/folhapopular.info\\\/index.php\\\/2025\\\/11\\\/30\\\/brasil-e-juventude-we-finalistas-dos-aspirantes-da-serie-a-da-aslivata\\\/\"},\"author\":{\"name\":\"Luis Augusto Huppes\",\"@id\":\"https:\\\/\\\/folhapopular.info\\\/#\\\/schema\\\/person\\\/e852c327371714676d02e58cf917fd9f\"},\"headline\":\"Brasil e Juventude-We finalistas dos Aspirantes da S\u00e9rie A da Aslivata\",\"datePublished\":\"2025-11-30T19:55:13+00:00\",\"dateModified\":\"2025-11-30T19:55:16+00:00\",\"mainEntityOfPage\":{\"@id\":\"https:\\\/\\\/folhapopular.info\\\/index.php\\\/2025\\\/11\\\/30\\\/brasil-e-juventude-we-finalistas-dos-aspirantes-da-serie-a-da-aslivata\\\/\"},\"wordCount\":321,\"commentCount\":0,\"image\":{\"@id\":\"https:\\\/\\\/folhapopular.info\\\/index.php\\\/2025\\\/11\\\/30\\\/brasil-e-juventude-we-finalistas-dos-aspirantes-da-serie-a-da-aslivata\\\/#primaryimage\"},\"thumbnailUrl\":\"https:\\\/\\\/folhapopular.info\\\/wp-content\\\/uploads\\\/2025\\\/11\\\/DSC0447-scaled.png\",\"keywords\":[\"Aspirantes\",\"Campeonato Regional Certel Sicredi\",\"futebol amador\",\"Regional Aslivata\",\"Regional Certel Sicredi\",\"S\u00e9rie A\"],\"articleSection\":[\"Campeonato Regional 2025\",\"Esportes\",\"Futebol Amador\",\"Regional da Aslivata\"],\"inLanguage\":\"pt-BR\",\"potentialAction\":[{\"@type\":\"CommentAction\",\"name\":\"Comment\",\"target\":[\"https:\\\/\\\/folhapopular.info\\\/index.php\\\/2025\\\/11\\\/30\\\/brasil-e-juventude-we-finalistas-dos-aspirantes-da-serie-a-da-aslivata\\\/#respond\"]}]},{\"@type\":\"WebPage\",\"@id\":\"https:\\\/\\\/folhapopular.info\\\/index.php\\\/2025\\\/11\\\/30\\\/brasil-e-juventude-we-finalistas-dos-aspirantes-da-serie-a-da-aslivata\\\/\",\"url\":\"https:\\\/\\\/folhapopular.info\\\/index.php\\\/2025\\\/11\\\/30\\\/brasil-e-juventude-we-finalistas-dos-aspirantes-da-serie-a-da-aslivata\\\/\",\"name\":\"Brasil e Juventude-We finalistas dos Aspirantes da S\u00e9rie A da Aslivata - Folha Popular\",\"isPartOf\":{\"@id\":\"https:\\\/\\\/folhapopular.info\\\/#website\"},\"primaryImageOfPage\":{\"@id\":\"https:\\\/\\\/folhapopular.info\\\/index.php\\\/2025\\\/11\\\/30\\\/brasil-e-juventude-we-finalistas-dos-aspirantes-da-serie-a-da-aslivata\\\/#primaryimage\"},\"image\":{\"@id\":\"https:\\\/\\\/folhapopular.info\\\/index.php\\\/2025\\\/11\\\/30\\\/brasil-e-juventude-we-finalistas-dos-aspirantes-da-serie-a-da-aslivata\\\/#primaryimage\"},\"thumbnailUrl\":\"https:\\\/\\\/folhapopular.info\\\/wp-content\\\/uploads\\\/2025\\\/11\\\/DSC0447-scaled.png\",\"datePublished\":\"2025-11-30T19:55:13+00:00\",\"dateModified\":\"2025-11-30T19:55:16+00:00\",\"author\":{\"@id\":\"https:\\\/\\\/folhapopular.info\\\/#\\\/schema\\\/person\\\/e852c327371714676d02e58cf917fd9f\"},\"description\":\"Partidas das semifinais foram realizadas na tarde deste domingo e definiram os finalistas em Nova Br\u00e9scia e Teut\u00f4nia\",\"breadcrumb\":{\"@id\":\"https:\\\/\\\/folhapopular.info\\\/index.php\\\/2025\\\/11\\\/30\\\/brasil-e-juventude-we-finalistas-dos-aspirantes-da-serie-a-da-aslivata\\\/#breadcrumb\"},\"inLanguage\":\"pt-BR\",\"potentialAction\":[{\"@type\":\"ReadAction\",\"target\":[\"https:\\\/\\\/folhapopular.info\\\/index.php\\\/2025\\\/11\\\/30\\\/brasil-e-juventude-we-finalistas-dos-aspirantes-da-serie-a-da-aslivata\\\/\"]}]},{\"@type\":\"ImageObject\",\"inLanguage\":\"pt-BR\",\"@id\":\"https:\\\/\\\/folhapopular.info\\\/index.php\\\/2025\\\/11\\\/30\\\/brasil-e-juventude-we-finalistas-dos-aspirantes-da-serie-a-da-aslivata\\\/#primaryimage\",\"url\":\"https:\\\/\\\/folhapopular.info\\\/wp-content\\\/uploads\\\/2025\\\/11\\\/DSC0447-scaled.png\",\"contentUrl\":\"https:\\\/\\\/folhapopular.info\\\/wp-content\\\/uploads\\\/2025\\\/11\\\/DSC0447-scaled.png\",\"width\":2560,\"height\":1702,\"caption\":\"Brasil avan\u00e7ou sobre o Juventude de Guapor\u00e9 - Cr\u00e9dito: Gabriel dos Santos Theiesn \\\/ Especial FP\"},{\"@type\":\"BreadcrumbList\",\"@id\":\"https:\\\/\\\/folhapopular.info\\\/index.php\\\/2025\\\/11\\\/30\\\/brasil-e-juventude-we-finalistas-dos-aspirantes-da-serie-a-da-aslivata\\\/#breadcrumb\",\"itemListElement\":[{\"@type\":\"ListItem\",\"position\":1,\"name\":\"In\u00edcio\",\"item\":\"https:\\\/\\\/folhapopular.info\\\/\"},{\"@type\":\"ListItem\",\"position\":2,\"name\":\"Brasil e Juventude-We finalistas dos Aspirantes da S\u00e9rie A da Aslivata\"}]},{\"@type\":\"WebSite\",\"@id\":\"https:\\\/\\\/folhapopular.info\\\/#website\",\"url\":\"https:\\\/\\\/folhapopular.info\\\/\",\"name\":\"Folha Popular\",\"description\":\"Onde voc\u00ea tem vez e voz\",\"potentialAction\":[{\"@type\":\"SearchAction\",\"target\":{\"@type\":\"EntryPoint\",\"urlTemplate\":\"https:\\\/\\\/folhapopular.info\\\/?s={search_term_string}\"},\"query-input\":{\"@type\":\"PropertyValueSpecification\",\"valueRequired\":true,\"valueName\":\"search_term_string\"}}],\"inLanguage\":\"pt-BR\"},{\"@type\":\"Person\",\"@id\":\"https:\\\/\\\/folhapopular.info\\\/#\\\/schema\\\/person\\\/e852c327371714676d02e58cf917fd9f\",\"name\":\"Luis Augusto Huppes\",\"image\":{\"@type\":\"ImageObject\",\"inLanguage\":\"pt-BR\",\"@id\":\"https:\\\/\\\/folhapopular.info\\\/wp-content\\\/uploads\\\/2026\\\/04\\\/Luis-Augusto-Huppes-1-1.webp\",\"url\":\"https:\\\/\\\/folhapopular.info\\\/wp-content\\\/uploads\\\/2026\\\/04\\\/Luis-Augusto-Huppes-1-1.webp\",\"contentUrl\":\"https:\\\/\\\/folhapopular.info\\\/wp-content\\\/uploads\\\/2026\\\/04\\\/Luis-Augusto-Huppes-1-1.webp\",\"caption\":\"Luis Augusto Huppes\"},\"sameAs\":[\"https:\\\/\\\/www.facebook.com\\\/luis.huppes\\\/\",\"https:\\\/\\\/www.instagram.com\\\/luis.huppes\\\/\",\"https:\\\/\\\/www.linkedin.com\\\/in\\\/luis-augusto-huppes-2554b52b7\\\/\"],\"url\":\"https:\\\/\\\/folhapopular.info\\\/index.php\\\/author\\\/luis-augusto-huppes\\\/\"}]}<\/script>\n<!-- \/ Yoast SEO plugin. -->","yoast_head_json":{"title":"Brasil e Juventude-We finalistas dos Aspirantes da S\u00e9rie A da Aslivata - Folha Popular","description":"Partidas das semifinais foram realizadas na tarde deste domingo e definiram os finalistas em Nova Br\u00e9scia e Teut\u00f4nia","robots":{"index":"index","follow":"follow","max-snippet":"max-snippet:-1","max-image-preview":"max-image-preview:large","max-video-preview":"max-video-preview:-1"},"canonical":"https:\/\/folhapopular.info\/index.php\/2025\/11\/30\/brasil-e-juventude-we-finalistas-dos-aspirantes-da-serie-a-da-aslivata\/","og_locale":"pt_BR","og_type":"article","og_title":"Brasil e Juventude-We finalistas dos Aspirantes da S\u00e9rie A da Aslivata - Folha Popular","og_description":"Partidas das semifinais foram realizadas na tarde deste domingo e definiram os finalistas em Nova Br\u00e9scia e Teut\u00f4nia","og_url":"https:\/\/folhapopular.info\/index.php\/2025\/11\/30\/brasil-e-juventude-we-finalistas-dos-aspirantes-da-serie-a-da-aslivata\/","og_site_name":"Folha Popular","article_author":"https:\/\/www.facebook.com\/luis.huppes\/","article_published_time":"2025-11-30T19:55:13+00:00","article_modified_time":"2025-11-30T19:55:16+00:00","og_image":[{"width":1024,"height":681,"url":"http:\/\/folhapopular.info\/wp-content\/uploads\/2025\/11\/DSC0447-1024x681.png","type":"image\/png"}],"author":"Luis Augusto Huppes","twitter_card":"summary_large_image","twitter_misc":{"Escrito por":"Luis Augusto Huppes","Est. tempo de leitura":"3 minutos"},"schema":{"@context":"https:\/\/schema.org","@graph":[{"@type":"Article","@id":"https:\/\/folhapopular.info\/index.php\/2025\/11\/30\/brasil-e-juventude-we-finalistas-dos-aspirantes-da-serie-a-da-aslivata\/#article","isPartOf":{"@id":"https:\/\/folhapopular.info\/index.php\/2025\/11\/30\/brasil-e-juventude-we-finalistas-dos-aspirantes-da-serie-a-da-aslivata\/"},"author":{"name":"Luis Augusto Huppes","@id":"https:\/\/folhapopular.info\/#\/schema\/person\/e852c327371714676d02e58cf917fd9f"},"headline":"Brasil e Juventude-We finalistas dos Aspirantes da S\u00e9rie A da Aslivata","datePublished":"2025-11-30T19:55:13+00:00","dateModified":"2025-11-30T19:55:16+00:00","mainEntityOfPage":{"@id":"https:\/\/folhapopular.info\/index.php\/2025\/11\/30\/brasil-e-juventude-we-finalistas-dos-aspirantes-da-serie-a-da-aslivata\/"},"wordCount":321,"commentCount":0,"image":{"@id":"https:\/\/folhapopular.info\/index.php\/2025\/11\/30\/brasil-e-juventude-we-finalistas-dos-aspirantes-da-serie-a-da-aslivata\/#primaryimage"},"thumbnailUrl":"https:\/\/folhapopular.info\/wp-content\/uploads\/2025\/11\/DSC0447-scaled.png","keywords":["Aspirantes","Campeonato Regional Certel Sicredi","futebol amador","Regional Aslivata","Regional Certel Sicredi","S\u00e9rie A"],"articleSection":["Campeonato Regional 2025","Esportes","Futebol Amador","Regional da Aslivata"],"inLanguage":"pt-BR","potentialAction":[{"@type":"CommentAction","name":"Comment","target":["https:\/\/folhapopular.info\/index.php\/2025\/11\/30\/brasil-e-juventude-we-finalistas-dos-aspirantes-da-serie-a-da-aslivata\/#respond"]}]},{"@type":"WebPage","@id":"https:\/\/folhapopular.info\/index.php\/2025\/11\/30\/brasil-e-juventude-we-finalistas-dos-aspirantes-da-serie-a-da-aslivata\/","url":"https:\/\/folhapopular.info\/index.php\/2025\/11\/30\/brasil-e-juventude-we-finalistas-dos-aspirantes-da-serie-a-da-aslivata\/","name":"Brasil e Juventude-We finalistas dos Aspirantes da S\u00e9rie A da Aslivata - Folha Popular","isPartOf":{"@id":"https:\/\/folhapopular.info\/#website"},"primaryImageOfPage":{"@id":"https:\/\/folhapopular.info\/index.php\/2025\/11\/30\/brasil-e-juventude-we-finalistas-dos-aspirantes-da-serie-a-da-aslivata\/#primaryimage"},"image":{"@id":"https:\/\/folhapopular.info\/index.php\/2025\/11\/30\/brasil-e-juventude-we-finalistas-dos-aspirantes-da-serie-a-da-aslivata\/#primaryimage"},"thumbnailUrl":"https:\/\/folhapopular.info\/wp-content\/uploads\/2025\/11\/DSC0447-scaled.png","datePublished":"2025-11-30T19:55:13+00:00","dateModified":"2025-11-30T19:55:16+00:00","author":{"@id":"https:\/\/folhapopular.info\/#\/schema\/person\/e852c327371714676d02e58cf917fd9f"},"description":"Partidas das semifinais foram realizadas na tarde deste domingo e definiram os finalistas em Nova Br\u00e9scia e Teut\u00f4nia","breadcrumb":{"@id":"https:\/\/folhapopular.info\/index.php\/2025\/11\/30\/brasil-e-juventude-we-finalistas-dos-aspirantes-da-serie-a-da-aslivata\/#breadcrumb"},"inLanguage":"pt-BR","potentialAction":[{"@type":"ReadAction","target":["https:\/\/folhapopular.info\/index.php\/2025\/11\/30\/brasil-e-juventude-we-finalistas-dos-aspirantes-da-serie-a-da-aslivata\/"]}]},{"@type":"ImageObject","inLanguage":"pt-BR","@id":"https:\/\/folhapopular.info\/index.php\/2025\/11\/30\/brasil-e-juventude-we-finalistas-dos-aspirantes-da-serie-a-da-aslivata\/#primaryimage","url":"https:\/\/folhapopular.info\/wp-content\/uploads\/2025\/11\/DSC0447-scaled.png","contentUrl":"https:\/\/folhapopular.info\/wp-content\/uploads\/2025\/11\/DSC0447-scaled.png","width":2560,"height":1702,"caption":"Brasil avan\u00e7ou sobre o Juventude de Guapor\u00e9 - Cr\u00e9dito: Gabriel dos Santos Theiesn \/ Especial FP"},{"@type":"BreadcrumbList","@id":"https:\/\/folhapopular.info\/index.php\/2025\/11\/30\/brasil-e-juventude-we-finalistas-dos-aspirantes-da-serie-a-da-aslivata\/#breadcrumb","itemListElement":[{"@type":"ListItem","position":1,"name":"In\u00edcio","item":"https:\/\/folhapopular.info\/"},{"@type":"ListItem","position":2,"name":"Brasil e Juventude-We finalistas dos Aspirantes da S\u00e9rie A da Aslivata"}]},{"@type":"WebSite","@id":"https:\/\/folhapopular.info\/#website","url":"https:\/\/folhapopular.info\/","name":"Folha Popular","description":"Onde voc\u00ea tem vez e voz","potentialAction":[{"@type":"SearchAction","target":{"@type":"EntryPoint","urlTemplate":"https:\/\/folhapopular.info\/?s={search_term_string}"},"query-input":{"@type":"PropertyValueSpecification","valueRequired":true,"valueName":"search_term_string"}}],"inLanguage":"pt-BR"},{"@type":"Person","@id":"https:\/\/folhapopular.info\/#\/schema\/person\/e852c327371714676d02e58cf917fd9f","name":"Luis Augusto Huppes","image":{"@type":"ImageObject","inLanguage":"pt-BR","@id":"https:\/\/folhapopular.info\/wp-content\/uploads\/2026\/04\/Luis-Augusto-Huppes-1-1.webp","url":"https:\/\/folhapopular.info\/wp-content\/uploads\/2026\/04\/Luis-Augusto-Huppes-1-1.webp","contentUrl":"https:\/\/folhapopular.info\/wp-content\/uploads\/2026\/04\/Luis-Augusto-Huppes-1-1.webp","caption":"Luis Augusto Huppes"},"sameAs":["https:\/\/www.facebook.com\/luis.huppes\/","https:\/\/www.instagram.com\/luis.huppes\/","https:\/\/www.linkedin.com\/in\/luis-augusto-huppes-2554b52b7\/"],"url":"https:\/\/folhapopular.info\/index.php\/author\/luis-augusto-huppes\/"}]}},"jetpack_featured_media_url":"https:\/\/folhapopular.info\/wp-content\/uploads\/2025\/11\/DSC0447-scaled.png","jetpack_sharing_enabled":true,"amp_enabled":true,"_links":{"self":[{"href":"https:\/\/folhapopular.info\/index.php\/wp-json\/wp\/v2\/posts\/199388","targetHints":{"allow":["GET"]}}],"collection":[{"href":"https:\/\/folhapopular.info\/index.php\/wp-json\/wp\/v2\/posts"}],"about":[{"href":"https:\/\/folhapopular.info\/index.php\/wp-json\/wp\/v2\/types\/post"}],"author":[{"embeddable":true,"href":"https:\/\/folhapopular.info\/index.php\/wp-json\/wp\/v2\/users\/732"}],"replies":[{"embeddable":true,"href":"https:\/\/folhapopular.info\/index.php\/wp-json\/wp\/v2\/comments?post=199388"}],"version-history":[{"count":0,"href":"https:\/\/folhapopular.info\/index.php\/wp-json\/wp\/v2\/posts\/199388\/revisions"}],"wp:featuredmedia":[{"embeddable":true,"href":"https:\/\/folhapopular.info\/index.php\/wp-json\/wp\/v2\/media\/199391"}],"wp:attachment":[{"href":"https:\/\/folhapopular.info\/index.php\/wp-json\/wp\/v2\/media?parent=199388"}],"wp:term":[{"taxonomy":"category","embeddable":true,"href":"https:\/\/folhapopular.info\/index.php\/wp-json\/wp\/v2\/categories?post=199388"},{"taxonomy":"post_tag","embeddable":true,"href":"https:\/\/folhapopular.info\/index.php\/wp-json\/wp\/v2\/tags?post=199388"}],"curies":[{"name":"wp","href":"https:\/\/api.w.org\/{rel}","templated":true}]}}