{"id":199404,"date":"2025-11-30T19:31:37","date_gmt":"2025-11-30T22:31:37","guid":{"rendered":"https:\/\/folhapopular.info\/?p=199404"},"modified":"2025-12-01T22:33:27","modified_gmt":"2025-12-02T01:33:27","slug":"taquariense-e-poco-das-antas-classificam-para-as-finais-do-regional-apos-muita-emocao","status":"publish","type":"post","link":"https:\/\/folhapopular.info\/index.php\/2025\/11\/30\/taquariense-e-poco-das-antas-classificam-para-as-finais-do-regional-apos-muita-emocao\/","title":{"rendered":"Taquariense e Po\u00e7o das Antas classificam para as finais do Regional ap\u00f3s muita emo\u00e7\u00e3o"},"content":{"rendered":"\n<p>Com muita vibra\u00e7\u00e3o, intensidade e emo\u00e7\u00e3o Taquariense e Po\u00e7o das Antas garantiram lugares nas finais da categoria Titulares da S\u00e9rie A do <a href=\"https:\/\/folhapopular.info\/index.php\/2025\/11\/29\/jogos-do-domingo-definem-finalistas-da-serie-a-do-regional\/\">Regional<\/a> Certel Sicredi 2025 da Aslivata. Dois dos times com menores investimentos da competi\u00e7\u00e3o surpreenderam fora de casa e buscaram as vagas nas penalidades.<\/p>\n\n\n\n<p>As partidas foram realizadas nos munic\u00edpios de Nova Br\u00e9scia e Teut\u00f4nia e classificaram os visitantes para a final\u00edssima do campeonato, que come\u00e7a a ser disputada no dia 14 de dezembro.<\/p>\n\n\n\n<p>No Bairro Canabarro, o duelo foi quente e tenso, as duas equipes travavam forte disputa na faixa central do gramado. O clima esquentou aos 43min da primeira etapa, quando Foga\u00e7a e Guina se envolveram em confus\u00e3o e foram expulsos.<\/p>\n\n\n\n<p>Cada equipe teve um jogador a menos, o que mudou os rumos da segunda etapa. Aos 34min33seg, Rodrigo recebeu na pequena \u00e1rea e finalizou forte para abrir o marcador.<\/p>\n\n\n\n<p>Poucos minutos depois, aos 39min42, Pipe arrancou pelo flanco esquerdo de campo e lan\u00e7ou Theylor. O artilheiro do Taquariense na S\u00e9rie A tirou Dhomini da jogada e bateu forte para ampliar a vantagem e decretar a disputa por penalidades.<\/p>\n\n\n\n<p>Na marca da cal, quem levou a melhor foi o atual vice-campe\u00e3o, que aproveitou quatro das cinco cobran\u00e7as, triunfou pelo placar de 4 a 2 e est\u00e1 na final pelo segundo ano consecutivo.<\/p>\n\n\n\n<p>Pelo jogo de Nova Br\u00e9scia, no Est\u00e1dio Belvedere, o Tiradentes administrava sua vit\u00f3ria que iniciou desde os 7min42seg da primeira etapa. Jo\u00e3o Moura fintou tr\u00eas defensores de Po\u00e7o e bateu forte para abrir o marcador.<\/p>\n\n\n\n<p>A partida melhorou na segunda etapa, as duas equipes seguiam no ataque e o Po\u00e7o das Antas cresceu. Ap\u00f3s diversas chances, Po\u00e7o teve cobran\u00e7a de falta do lado direito ofensivo. Para a bola foi o capit\u00e3o Capela, que finalizou com efeito para empatar o jogo. O chute de perna esquerda, aos 30min45seg, levou a disputa para os p\u00eanaltis.<\/p>\n\n\n\n<p>Nas cobran\u00e7as, o goleiro Mateus Farezin defendeu duas cobran\u00e7as e classificou Po\u00e7o, que converteu tr\u00eas das quatro batidas. O 3 a 2 deu a vaga in\u00e9dita e fez com que Po\u00e7o continuasse a fazer hist\u00f3ria no Regional deste ano.<\/p>\n\n\n\n<p>Agora, os dois times se enfrentam para o primeiro jogo no dia 14 de dezembro, em Po\u00e7o das Antas, e a defini\u00e7\u00e3o do campe\u00e3o ser\u00e1 no dia 21, no Est\u00e1dio Marques da Cunha &#8211; Taquari.<\/p>\n\n\n\n<p>Como adiantado pelo Grupo Popular, a data da final foi alterada em virtude da coincid\u00eancia de jogos em territ\u00f3rio po\u00e7oantense, tendo em vista a volta da decis\u00e3o da S\u00e9rie B, na casa do 11 Amigos.<\/p>\n\n\n\n<figure class=\"wp-block-table is-style-stripes\"><table class=\"has-light-green-cyan-to-vivid-green-cyan-gradient-background has-background\"><tbody><tr><td colspan=\"6\"><strong>S\u00e9rie A &#8211; TITULARES<\/strong><\/td><\/tr><tr><td><strong>Data<\/strong><\/td><td><strong>Local<\/strong><\/td><td><\/td><td><strong>Resultado<\/strong><\/td><td><\/td><td><strong>P\u00ean<\/strong><\/td><\/tr><tr><td>30\/11<\/td><td>Nova Br\u00e9scia<\/td><td>Tiradentes<\/td><td>1&#215;1<\/td><td>Po\u00e7o das Antas<\/td><td>2&#215;3<\/td><\/tr><tr><td>30\/11<\/td><td>Teut\u00f4nia<\/td><td>Canabarrense<\/td><td>0x2<\/td><td>Taquariense<\/td><td>2&#215;4<\/td><\/tr><\/tbody><\/table><\/figure>\n\n\n\n<figure class=\"wp-block-table is-style-stripes\"><table class=\"has-light-green-cyan-to-vivid-green-cyan-gradient-background has-background\"><tbody><tr><td colspan=\"11\"><strong>Ranking TITULARES &#8211; S\u00e9rie A<\/strong><\/td><\/tr><tr><td><strong>Pos.<\/strong><\/td><td><strong>Equipes<\/strong><\/td><td><strong>PG<\/strong><\/td><td><strong>J<\/strong><\/td><td><strong>V<\/strong><\/td><td><strong>E<\/strong><\/td><td><strong>D<\/strong><\/td><td><strong>GP<\/strong><\/td><td><strong>GC<\/strong><\/td><td><strong>SG<\/strong><\/td><td><strong>%<\/strong><\/td><\/tr><tr><td>1\u00ba<\/td><td>Canabarrense<\/td><td>28<\/td><td>12<\/td><td>9<\/td><td>1<\/td><td>2<\/td><td>19<\/td><td>7<\/td><td>12<\/td><td>78<\/td><\/tr><tr><td>2\u00ba<\/td><td>Tiradentes<\/td><td>28<\/td><td>12<\/td><td>8<\/td><td>4<\/td><td>0<\/td><td>23<\/td><td>8<\/td><td>15<\/td><td>78<\/td><\/tr><tr><td>3\u00ba<\/td><td><strong>Taquariense<\/strong><\/td><td>23<\/td><td>12<\/td><td>7<\/td><td>2<\/td><td>3<\/td><td>22<\/td><td>16<\/td><td>6<\/td><td>64<\/td><\/tr><tr><td>4\u00ba<\/td><td><strong>Po\u00e7o das Antas<\/strong><\/td><td>20<\/td><td>12<\/td><td>5<\/td><td>5<\/td><td>2<\/td><td>24<\/td><td>16<\/td><td>8<\/td><td>56<\/td><\/tr><\/tbody><\/table><\/figure>\n\n\n\n<h2 class=\"wp-block-heading\"><strong>Craques:<\/strong><\/h2>\n\n\n\n<figure class=\"wp-block-gallery has-nested-images columns-default is-cropped wp-block-gallery-1 is-layout-flex wp-block-gallery-is-layout-flex\">\n<figure class=\"wp-block-image size-large\"><img loading=\"lazy\" decoding=\"async\" width=\"768\" height=\"1024\" data-id=\"199421\" src=\"https:\/\/folhapopular.info\/wp-content\/uploads\/2025\/11\/WhatsApp-Image-2025-11-30-at-18.39.42-768x1024.jpeg\" alt=\"\" class=\"wp-image-199421\" srcset=\"https:\/\/folhapopular.info\/wp-content\/uploads\/2025\/11\/WhatsApp-Image-2025-11-30-at-18.39.42-768x1024.jpeg 768w, https:\/\/folhapopular.info\/wp-content\/uploads\/2025\/11\/WhatsApp-Image-2025-11-30-at-18.39.42-225x300.jpeg 225w, https:\/\/folhapopular.info\/wp-content\/uploads\/2025\/11\/WhatsApp-Image-2025-11-30-at-18.39.42-1152x1536.jpeg 1152w, https:\/\/folhapopular.info\/wp-content\/uploads\/2025\/11\/WhatsApp-Image-2025-11-30-at-18.39.42-315x420.jpeg 315w, https:\/\/folhapopular.info\/wp-content\/uploads\/2025\/11\/WhatsApp-Image-2025-11-30-at-18.39.42-696x928.jpeg 696w, https:\/\/folhapopular.info\/wp-content\/uploads\/2025\/11\/WhatsApp-Image-2025-11-30-at-18.39.42-1068x1424.jpeg 1068w, https:\/\/folhapopular.info\/wp-content\/uploads\/2025\/11\/WhatsApp-Image-2025-11-30-at-18.39.42.jpeg 1200w\" sizes=\"auto, (max-width: 768px) 100vw, 768px\" \/><figcaption class=\"wp-element-caption\">Mateus Farezin, do Po\u00e7o das Antas<br>Cr\u00e9dito: Bianca Let\u00edcia Fristcher \/ Especial FP<\/figcaption><\/figure>\n\n\n\n<figure class=\"wp-block-image size-large\"><img loading=\"lazy\" decoding=\"async\" width=\"768\" height=\"1024\" data-id=\"199420\" src=\"https:\/\/folhapopular.info\/wp-content\/uploads\/2025\/11\/WhatsApp-Image-2025-11-30-at-18.30.57-768x1024.jpeg\" alt=\"\" class=\"wp-image-199420\" srcset=\"https:\/\/folhapopular.info\/wp-content\/uploads\/2025\/11\/WhatsApp-Image-2025-11-30-at-18.30.57-768x1024.jpeg 768w, https:\/\/folhapopular.info\/wp-content\/uploads\/2025\/11\/WhatsApp-Image-2025-11-30-at-18.30.57-225x300.jpeg 225w, https:\/\/folhapopular.info\/wp-content\/uploads\/2025\/11\/WhatsApp-Image-2025-11-30-at-18.30.57-1152x1536.jpeg 1152w, https:\/\/folhapopular.info\/wp-content\/uploads\/2025\/11\/WhatsApp-Image-2025-11-30-at-18.30.57-315x420.jpeg 315w, https:\/\/folhapopular.info\/wp-content\/uploads\/2025\/11\/WhatsApp-Image-2025-11-30-at-18.30.57-696x928.jpeg 696w, https:\/\/folhapopular.info\/wp-content\/uploads\/2025\/11\/WhatsApp-Image-2025-11-30-at-18.30.57-1068x1424.jpeg 1068w, https:\/\/folhapopular.info\/wp-content\/uploads\/2025\/11\/WhatsApp-Image-2025-11-30-at-18.30.57.jpeg 1200w\" sizes=\"auto, (max-width: 768px) 100vw, 768px\" \/><figcaption class=\"wp-element-caption\">Theylor, do Taquariense<br>Cr\u00e9dito: Gabriel dos Santos Theiesn \/ Especial FP<\/figcaption><\/figure>\n<\/figure>\n\n\n\n<h2 class=\"wp-block-heading\"><strong>Assista:<\/strong><\/h2>\n\n\n\n<figure class=\"wp-block-embed is-type-video is-provider-youtube wp-block-embed-youtube wp-embed-aspect-16-9 wp-has-aspect-ratio\"><div class=\"wp-block-embed__wrapper\">\n<div class=\"youtube-embed\" data-video_id=\"8xXkgtMflOs\"><iframe loading=\"lazy\" title=\"TIRADENTES x PO\u00c7O DAS ANTAS | REGIONAL CERTEL \/ SICREDI 2025 - SEMIFINAL - VOLTA\" width=\"696\" height=\"392\" src=\"https:\/\/www.youtube.com\/embed\/8xXkgtMflOs?feature=oembed&#038;enablejsapi=1\" frameborder=\"0\" allow=\"accelerometer; autoplay; clipboard-write; encrypted-media; gyroscope; picture-in-picture; web-share\" referrerpolicy=\"strict-origin-when-cross-origin\" allowfullscreen><\/iframe><\/div>\n<\/div><\/figure>\n\n\n\n<figure class=\"wp-block-embed is-type-video is-provider-youtube wp-block-embed-youtube wp-embed-aspect-4-3 wp-has-aspect-ratio\"><div class=\"wp-block-embed__wrapper\">\n<iframe loading=\"lazy\" title=\"CANABARRENSE x TAQUARIENSE | REGIONAL CERTEL \/ SICREDI 2025 - SEMIFINAL - VOLTA\" width=\"696\" height=\"392\" src=\"https:\/\/www.youtube.com\/embed\/h_su7kfVDDQ?feature=oembed\" frameborder=\"0\" allow=\"accelerometer; autoplay; clipboard-write; encrypted-media; gyroscope; picture-in-picture; web-share\" referrerpolicy=\"strict-origin-when-cross-origin\" allowfullscreen><\/iframe>\n<\/div><\/figure>\n\n\n\n<h2 class=\"wp-block-heading\"><strong>Aspirantes:<\/strong><\/h2>\n\n\n\n<figure class=\"wp-block-embed is-type-wp-embed is-provider-folha-popular wp-block-embed-folha-popular\"><div class=\"wp-block-embed__wrapper\">\n<blockquote class=\"wp-embedded-content\" data-secret=\"sf0IHtmGa7\"><a href=\"https:\/\/folhapopular.info\/index.php\/2025\/11\/30\/brasil-e-juventude-we-finalistas-dos-aspirantes-da-serie-a-da-aslivata\/\">Brasil e Juventude-We finalistas dos Aspirantes da S\u00e9rie A da Aslivata<\/a><\/blockquote><iframe loading=\"lazy\" class=\"wp-embedded-content\" sandbox=\"allow-scripts\" security=\"restricted\" style=\"position: absolute; visibility: hidden;\" title=\"&#8220;Brasil e Juventude-We finalistas dos Aspirantes da S\u00e9rie A da Aslivata&#8221; &#8212; Folha Popular\" src=\"https:\/\/folhapopular.info\/index.php\/2025\/11\/30\/brasil-e-juventude-we-finalistas-dos-aspirantes-da-serie-a-da-aslivata\/embed\/#?secret=zoG4vFAfOp#?secret=sf0IHtmGa7\" data-secret=\"sf0IHtmGa7\" width=\"600\" height=\"338\" frameborder=\"0\" marginwidth=\"0\" marginheight=\"0\" scrolling=\"no\"><\/iframe>\n<\/div><\/figure>\n\n\n\n<h2 class=\"wp-block-heading\"><strong>Jogos de ida:<\/strong><\/h2>\n\n\n\n<figure class=\"wp-block-embed is-type-wp-embed is-provider-folha-popular wp-block-embed-folha-popular\"><div class=\"wp-block-embed__wrapper\">\n<blockquote class=\"wp-embedded-content\" data-secret=\"SRxkOebCwX\"><a href=\"https:\/\/folhapopular.info\/index.php\/2025\/11\/23\/tiradentes-busca-empate-no-fim-e-canabarrense-larga-na-frente-pelas-semifinais-dos-titulares-da-serie-a\/\">Tiradentes busca empate no fim e Canabarrense larga na frente pelas semifinais dos Titulares da S\u00e9rie A<\/a><\/blockquote><iframe loading=\"lazy\" class=\"wp-embedded-content\" sandbox=\"allow-scripts\" security=\"restricted\" style=\"position: absolute; visibility: hidden;\" title=\"&#8220;Tiradentes busca empate no fim e Canabarrense larga na frente pelas semifinais dos Titulares da S\u00e9rie A&#8221; &#8212; Folha Popular\" src=\"https:\/\/folhapopular.info\/index.php\/2025\/11\/23\/tiradentes-busca-empate-no-fim-e-canabarrense-larga-na-frente-pelas-semifinais-dos-titulares-da-serie-a\/embed\/#?secret=sQNiQOxD49#?secret=SRxkOebCwX\" data-secret=\"SRxkOebCwX\" width=\"600\" height=\"338\" frameborder=\"0\" marginwidth=\"0\" marginheight=\"0\" scrolling=\"no\"><\/iframe>\n<\/div><\/figure>\n","protected":false},"excerpt":{"rendered":"<p>Com muita vibra\u00e7\u00e3o, intensidade e emo\u00e7\u00e3o Taquariense e Po\u00e7o das Antas garantiram lugares nas finais da categoria Titulares da S\u00e9rie A do Regional Certel Sicredi 2025 da Aslivata. Dois dos times com menores investimentos da competi\u00e7\u00e3o surpreenderam fora de casa e buscaram as vagas nas penalidades. As partidas foram realizadas nos munic\u00edpios de Nova Br\u00e9scia [&hellip;]<\/p>\n","protected":false},"author":732,"featured_media":199410,"comment_status":"open","ping_status":"open","sticky":false,"template":"","format":"standard","meta":{"pmpro_default_level":"","_jetpack_memberships_contains_paid_content":false,"footnotes":""},"categories":[18696,5,240,288],"tags":[19320,147,994,9507,4884],"class_list":{"0":"post-199404","1":"post","2":"type-post","3":"status-publish","4":"format-standard","5":"has-post-thumbnail","7":"category-campeonato-regional-2025","8":"category-esportes","9":"category-futebol-amador","10":"category-regional-da-aslivata","11":"tag-campeonato-regional-certel-sicredi","12":"tag-futebol-amador","13":"tag-regional-aslivata","14":"tag-regional-certel-sicredi","15":"tag-serie-a","16":"pmpro-has-access"},"yoast_head":"<!-- This site is optimized with the Yoast SEO plugin v27.5 - https:\/\/yoast.com\/product\/yoast-seo-wordpress\/ -->\n<title>Taquariense e Po\u00e7o das Antas classificam para as finais do Regional ap\u00f3s muita emo\u00e7\u00e3o - Folha Popular<\/title>\n<meta name=\"description\" content=\"Po\u00e7o das Antas chega em sua final in\u00e9dita, Taquariense alcan\u00e7a a segunda decis\u00e3o consecutiva no Regional da Aslivata\" \/>\n<meta name=\"robots\" content=\"index, follow, max-snippet:-1, max-image-preview:large, max-video-preview:-1\" \/>\n<link rel=\"canonical\" href=\"https:\/\/folhapopular.info\/index.php\/2025\/11\/30\/taquariense-e-poco-das-antas-classificam-para-as-finais-do-regional-apos-muita-emocao\/\" \/>\n<meta property=\"og:locale\" content=\"pt_BR\" \/>\n<meta property=\"og:type\" content=\"article\" \/>\n<meta property=\"og:title\" content=\"Taquariense e Po\u00e7o das Antas classificam para as finais do Regional ap\u00f3s muita emo\u00e7\u00e3o - Folha Popular\" \/>\n<meta property=\"og:description\" content=\"Po\u00e7o das Antas chega em sua final in\u00e9dita, Taquariense alcan\u00e7a a segunda decis\u00e3o consecutiva no Regional da Aslivata\" \/>\n<meta property=\"og:url\" content=\"https:\/\/folhapopular.info\/index.php\/2025\/11\/30\/taquariense-e-poco-das-antas-classificam-para-as-finais-do-regional-apos-muita-emocao\/\" \/>\n<meta property=\"og:site_name\" content=\"Folha Popular\" \/>\n<meta property=\"article:author\" content=\"https:\/\/www.facebook.com\/luis.huppes\/\" \/>\n<meta property=\"article:published_time\" content=\"2025-11-30T22:31:37+00:00\" \/>\n<meta property=\"article:modified_time\" content=\"2025-12-02T01:33:27+00:00\" \/>\n<meta property=\"og:image\" content=\"http:\/\/folhapopular.info\/wp-content\/uploads\/2025\/11\/Futebol-1024x576.png\" \/>\n\t<meta property=\"og:image:width\" content=\"1024\" \/>\n\t<meta property=\"og:image:height\" content=\"576\" \/>\n\t<meta property=\"og:image:type\" content=\"image\/png\" \/>\n<meta name=\"author\" content=\"Luis Augusto Huppes\" \/>\n<meta name=\"twitter:card\" content=\"summary_large_image\" \/>\n<meta name=\"twitter:label1\" content=\"Escrito por\" \/>\n\t<meta name=\"twitter:data1\" content=\"Luis Augusto Huppes\" \/>\n\t<meta name=\"twitter:label2\" content=\"Est. tempo de leitura\" \/>\n\t<meta name=\"twitter:data2\" content=\"4 minutos\" \/>\n<script type=\"application\/ld+json\" class=\"yoast-schema-graph\">{\"@context\":\"https:\\\/\\\/schema.org\",\"@graph\":[{\"@type\":\"Article\",\"@id\":\"https:\\\/\\\/folhapopular.info\\\/index.php\\\/2025\\\/11\\\/30\\\/taquariense-e-poco-das-antas-classificam-para-as-finais-do-regional-apos-muita-emocao\\\/#article\",\"isPartOf\":{\"@id\":\"https:\\\/\\\/folhapopular.info\\\/index.php\\\/2025\\\/11\\\/30\\\/taquariense-e-poco-das-antas-classificam-para-as-finais-do-regional-apos-muita-emocao\\\/\"},\"author\":{\"name\":\"Luis Augusto Huppes\",\"@id\":\"https:\\\/\\\/folhapopular.info\\\/#\\\/schema\\\/person\\\/e852c327371714676d02e58cf917fd9f\"},\"headline\":\"Taquariense e Po\u00e7o das Antas classificam para as finais do Regional ap\u00f3s muita emo\u00e7\u00e3o\",\"datePublished\":\"2025-11-30T22:31:37+00:00\",\"dateModified\":\"2025-12-02T01:33:27+00:00\",\"mainEntityOfPage\":{\"@id\":\"https:\\\/\\\/folhapopular.info\\\/index.php\\\/2025\\\/11\\\/30\\\/taquariense-e-poco-das-antas-classificam-para-as-finais-do-regional-apos-muita-emocao\\\/\"},\"wordCount\":577,\"commentCount\":0,\"image\":{\"@id\":\"https:\\\/\\\/folhapopular.info\\\/index.php\\\/2025\\\/11\\\/30\\\/taquariense-e-poco-das-antas-classificam-para-as-finais-do-regional-apos-muita-emocao\\\/#primaryimage\"},\"thumbnailUrl\":\"https:\\\/\\\/folhapopular.info\\\/wp-content\\\/uploads\\\/2025\\\/11\\\/Futebol.png\",\"keywords\":[\"Campeonato Regional Certel Sicredi\",\"futebol amador\",\"Regional Aslivata\",\"Regional Certel Sicredi\",\"S\u00e9rie A\"],\"articleSection\":[\"Campeonato Regional 2025\",\"Esportes\",\"Futebol Amador\",\"Regional da Aslivata\"],\"inLanguage\":\"pt-BR\",\"potentialAction\":[{\"@type\":\"CommentAction\",\"name\":\"Comment\",\"target\":[\"https:\\\/\\\/folhapopular.info\\\/index.php\\\/2025\\\/11\\\/30\\\/taquariense-e-poco-das-antas-classificam-para-as-finais-do-regional-apos-muita-emocao\\\/#respond\"]}]},{\"@type\":\"WebPage\",\"@id\":\"https:\\\/\\\/folhapopular.info\\\/index.php\\\/2025\\\/11\\\/30\\\/taquariense-e-poco-das-antas-classificam-para-as-finais-do-regional-apos-muita-emocao\\\/\",\"url\":\"https:\\\/\\\/folhapopular.info\\\/index.php\\\/2025\\\/11\\\/30\\\/taquariense-e-poco-das-antas-classificam-para-as-finais-do-regional-apos-muita-emocao\\\/\",\"name\":\"Taquariense e Po\u00e7o das Antas classificam para as finais do Regional ap\u00f3s muita emo\u00e7\u00e3o - Folha Popular\",\"isPartOf\":{\"@id\":\"https:\\\/\\\/folhapopular.info\\\/#website\"},\"primaryImageOfPage\":{\"@id\":\"https:\\\/\\\/folhapopular.info\\\/index.php\\\/2025\\\/11\\\/30\\\/taquariense-e-poco-das-antas-classificam-para-as-finais-do-regional-apos-muita-emocao\\\/#primaryimage\"},\"image\":{\"@id\":\"https:\\\/\\\/folhapopular.info\\\/index.php\\\/2025\\\/11\\\/30\\\/taquariense-e-poco-das-antas-classificam-para-as-finais-do-regional-apos-muita-emocao\\\/#primaryimage\"},\"thumbnailUrl\":\"https:\\\/\\\/folhapopular.info\\\/wp-content\\\/uploads\\\/2025\\\/11\\\/Futebol.png\",\"datePublished\":\"2025-11-30T22:31:37+00:00\",\"dateModified\":\"2025-12-02T01:33:27+00:00\",\"author\":{\"@id\":\"https:\\\/\\\/folhapopular.info\\\/#\\\/schema\\\/person\\\/e852c327371714676d02e58cf917fd9f\"},\"description\":\"Po\u00e7o das Antas chega em sua final in\u00e9dita, Taquariense alcan\u00e7a a segunda decis\u00e3o consecutiva no Regional da Aslivata\",\"breadcrumb\":{\"@id\":\"https:\\\/\\\/folhapopular.info\\\/index.php\\\/2025\\\/11\\\/30\\\/taquariense-e-poco-das-antas-classificam-para-as-finais-do-regional-apos-muita-emocao\\\/#breadcrumb\"},\"inLanguage\":\"pt-BR\",\"potentialAction\":[{\"@type\":\"ReadAction\",\"target\":[\"https:\\\/\\\/folhapopular.info\\\/index.php\\\/2025\\\/11\\\/30\\\/taquariense-e-poco-das-antas-classificam-para-as-finais-do-regional-apos-muita-emocao\\\/\"]}]},{\"@type\":\"ImageObject\",\"inLanguage\":\"pt-BR\",\"@id\":\"https:\\\/\\\/folhapopular.info\\\/index.php\\\/2025\\\/11\\\/30\\\/taquariense-e-poco-das-antas-classificam-para-as-finais-do-regional-apos-muita-emocao\\\/#primaryimage\",\"url\":\"https:\\\/\\\/folhapopular.info\\\/wp-content\\\/uploads\\\/2025\\\/11\\\/Futebol.png\",\"contentUrl\":\"https:\\\/\\\/folhapopular.info\\\/wp-content\\\/uploads\\\/2025\\\/11\\\/Futebol.png\",\"width\":1920,\"height\":1080,\"caption\":\"Equipes se classificaram fora de casa - Cr\u00e9dito: (CIMA) Bianca Let\u00edcia Fritscher \\\/ Especial FP - (BAIXO) Cr\u00e9dito: Gabriel dos Santos Theiesn \\\/ Especial FP\"},{\"@type\":\"BreadcrumbList\",\"@id\":\"https:\\\/\\\/folhapopular.info\\\/index.php\\\/2025\\\/11\\\/30\\\/taquariense-e-poco-das-antas-classificam-para-as-finais-do-regional-apos-muita-emocao\\\/#breadcrumb\",\"itemListElement\":[{\"@type\":\"ListItem\",\"position\":1,\"name\":\"In\u00edcio\",\"item\":\"https:\\\/\\\/folhapopular.info\\\/\"},{\"@type\":\"ListItem\",\"position\":2,\"name\":\"Taquariense e Po\u00e7o das Antas classificam para as finais do Regional ap\u00f3s muita emo\u00e7\u00e3o\"}]},{\"@type\":\"WebSite\",\"@id\":\"https:\\\/\\\/folhapopular.info\\\/#website\",\"url\":\"https:\\\/\\\/folhapopular.info\\\/\",\"name\":\"Folha Popular\",\"description\":\"Onde voc\u00ea tem vez e voz\",\"potentialAction\":[{\"@type\":\"SearchAction\",\"target\":{\"@type\":\"EntryPoint\",\"urlTemplate\":\"https:\\\/\\\/folhapopular.info\\\/?s={search_term_string}\"},\"query-input\":{\"@type\":\"PropertyValueSpecification\",\"valueRequired\":true,\"valueName\":\"search_term_string\"}}],\"inLanguage\":\"pt-BR\"},{\"@type\":\"Person\",\"@id\":\"https:\\\/\\\/folhapopular.info\\\/#\\\/schema\\\/person\\\/e852c327371714676d02e58cf917fd9f\",\"name\":\"Luis Augusto Huppes\",\"image\":{\"@type\":\"ImageObject\",\"inLanguage\":\"pt-BR\",\"@id\":\"https:\\\/\\\/folhapopular.info\\\/wp-content\\\/uploads\\\/2026\\\/04\\\/Luis-Augusto-Huppes-1-1.webp\",\"url\":\"https:\\\/\\\/folhapopular.info\\\/wp-content\\\/uploads\\\/2026\\\/04\\\/Luis-Augusto-Huppes-1-1.webp\",\"contentUrl\":\"https:\\\/\\\/folhapopular.info\\\/wp-content\\\/uploads\\\/2026\\\/04\\\/Luis-Augusto-Huppes-1-1.webp\",\"caption\":\"Luis Augusto Huppes\"},\"sameAs\":[\"https:\\\/\\\/www.facebook.com\\\/luis.huppes\\\/\",\"https:\\\/\\\/www.instagram.com\\\/luis.huppes\\\/\",\"https:\\\/\\\/www.linkedin.com\\\/in\\\/luis-augusto-huppes-2554b52b7\\\/\"],\"url\":\"https:\\\/\\\/folhapopular.info\\\/index.php\\\/author\\\/luis-augusto-huppes\\\/\"}]}<\/script>\n<!-- \/ Yoast SEO plugin. -->","yoast_head_json":{"title":"Taquariense e Po\u00e7o das Antas classificam para as finais do Regional ap\u00f3s muita emo\u00e7\u00e3o - Folha Popular","description":"Po\u00e7o das Antas chega em sua final in\u00e9dita, Taquariense alcan\u00e7a a segunda decis\u00e3o consecutiva no Regional da Aslivata","robots":{"index":"index","follow":"follow","max-snippet":"max-snippet:-1","max-image-preview":"max-image-preview:large","max-video-preview":"max-video-preview:-1"},"canonical":"https:\/\/folhapopular.info\/index.php\/2025\/11\/30\/taquariense-e-poco-das-antas-classificam-para-as-finais-do-regional-apos-muita-emocao\/","og_locale":"pt_BR","og_type":"article","og_title":"Taquariense e Po\u00e7o das Antas classificam para as finais do Regional ap\u00f3s muita emo\u00e7\u00e3o - Folha Popular","og_description":"Po\u00e7o das Antas chega em sua final in\u00e9dita, Taquariense alcan\u00e7a a segunda decis\u00e3o consecutiva no Regional da Aslivata","og_url":"https:\/\/folhapopular.info\/index.php\/2025\/11\/30\/taquariense-e-poco-das-antas-classificam-para-as-finais-do-regional-apos-muita-emocao\/","og_site_name":"Folha Popular","article_author":"https:\/\/www.facebook.com\/luis.huppes\/","article_published_time":"2025-11-30T22:31:37+00:00","article_modified_time":"2025-12-02T01:33:27+00:00","og_image":[{"width":1024,"height":576,"url":"http:\/\/folhapopular.info\/wp-content\/uploads\/2025\/11\/Futebol-1024x576.png","type":"image\/png"}],"author":"Luis Augusto Huppes","twitter_card":"summary_large_image","twitter_misc":{"Escrito por":"Luis Augusto Huppes","Est. tempo de leitura":"4 minutos"},"schema":{"@context":"https:\/\/schema.org","@graph":[{"@type":"Article","@id":"https:\/\/folhapopular.info\/index.php\/2025\/11\/30\/taquariense-e-poco-das-antas-classificam-para-as-finais-do-regional-apos-muita-emocao\/#article","isPartOf":{"@id":"https:\/\/folhapopular.info\/index.php\/2025\/11\/30\/taquariense-e-poco-das-antas-classificam-para-as-finais-do-regional-apos-muita-emocao\/"},"author":{"name":"Luis Augusto Huppes","@id":"https:\/\/folhapopular.info\/#\/schema\/person\/e852c327371714676d02e58cf917fd9f"},"headline":"Taquariense e Po\u00e7o das Antas classificam para as finais do Regional ap\u00f3s muita emo\u00e7\u00e3o","datePublished":"2025-11-30T22:31:37+00:00","dateModified":"2025-12-02T01:33:27+00:00","mainEntityOfPage":{"@id":"https:\/\/folhapopular.info\/index.php\/2025\/11\/30\/taquariense-e-poco-das-antas-classificam-para-as-finais-do-regional-apos-muita-emocao\/"},"wordCount":577,"commentCount":0,"image":{"@id":"https:\/\/folhapopular.info\/index.php\/2025\/11\/30\/taquariense-e-poco-das-antas-classificam-para-as-finais-do-regional-apos-muita-emocao\/#primaryimage"},"thumbnailUrl":"https:\/\/folhapopular.info\/wp-content\/uploads\/2025\/11\/Futebol.png","keywords":["Campeonato Regional Certel Sicredi","futebol amador","Regional Aslivata","Regional Certel Sicredi","S\u00e9rie A"],"articleSection":["Campeonato Regional 2025","Esportes","Futebol Amador","Regional da Aslivata"],"inLanguage":"pt-BR","potentialAction":[{"@type":"CommentAction","name":"Comment","target":["https:\/\/folhapopular.info\/index.php\/2025\/11\/30\/taquariense-e-poco-das-antas-classificam-para-as-finais-do-regional-apos-muita-emocao\/#respond"]}]},{"@type":"WebPage","@id":"https:\/\/folhapopular.info\/index.php\/2025\/11\/30\/taquariense-e-poco-das-antas-classificam-para-as-finais-do-regional-apos-muita-emocao\/","url":"https:\/\/folhapopular.info\/index.php\/2025\/11\/30\/taquariense-e-poco-das-antas-classificam-para-as-finais-do-regional-apos-muita-emocao\/","name":"Taquariense e Po\u00e7o das Antas classificam para as finais do Regional ap\u00f3s muita emo\u00e7\u00e3o - Folha Popular","isPartOf":{"@id":"https:\/\/folhapopular.info\/#website"},"primaryImageOfPage":{"@id":"https:\/\/folhapopular.info\/index.php\/2025\/11\/30\/taquariense-e-poco-das-antas-classificam-para-as-finais-do-regional-apos-muita-emocao\/#primaryimage"},"image":{"@id":"https:\/\/folhapopular.info\/index.php\/2025\/11\/30\/taquariense-e-poco-das-antas-classificam-para-as-finais-do-regional-apos-muita-emocao\/#primaryimage"},"thumbnailUrl":"https:\/\/folhapopular.info\/wp-content\/uploads\/2025\/11\/Futebol.png","datePublished":"2025-11-30T22:31:37+00:00","dateModified":"2025-12-02T01:33:27+00:00","author":{"@id":"https:\/\/folhapopular.info\/#\/schema\/person\/e852c327371714676d02e58cf917fd9f"},"description":"Po\u00e7o das Antas chega em sua final in\u00e9dita, Taquariense alcan\u00e7a a segunda decis\u00e3o consecutiva no Regional da Aslivata","breadcrumb":{"@id":"https:\/\/folhapopular.info\/index.php\/2025\/11\/30\/taquariense-e-poco-das-antas-classificam-para-as-finais-do-regional-apos-muita-emocao\/#breadcrumb"},"inLanguage":"pt-BR","potentialAction":[{"@type":"ReadAction","target":["https:\/\/folhapopular.info\/index.php\/2025\/11\/30\/taquariense-e-poco-das-antas-classificam-para-as-finais-do-regional-apos-muita-emocao\/"]}]},{"@type":"ImageObject","inLanguage":"pt-BR","@id":"https:\/\/folhapopular.info\/index.php\/2025\/11\/30\/taquariense-e-poco-das-antas-classificam-para-as-finais-do-regional-apos-muita-emocao\/#primaryimage","url":"https:\/\/folhapopular.info\/wp-content\/uploads\/2025\/11\/Futebol.png","contentUrl":"https:\/\/folhapopular.info\/wp-content\/uploads\/2025\/11\/Futebol.png","width":1920,"height":1080,"caption":"Equipes se classificaram fora de casa - Cr\u00e9dito: (CIMA) Bianca Let\u00edcia Fritscher \/ Especial FP - (BAIXO) Cr\u00e9dito: Gabriel dos Santos Theiesn \/ Especial FP"},{"@type":"BreadcrumbList","@id":"https:\/\/folhapopular.info\/index.php\/2025\/11\/30\/taquariense-e-poco-das-antas-classificam-para-as-finais-do-regional-apos-muita-emocao\/#breadcrumb","itemListElement":[{"@type":"ListItem","position":1,"name":"In\u00edcio","item":"https:\/\/folhapopular.info\/"},{"@type":"ListItem","position":2,"name":"Taquariense e Po\u00e7o das Antas classificam para as finais do Regional ap\u00f3s muita emo\u00e7\u00e3o"}]},{"@type":"WebSite","@id":"https:\/\/folhapopular.info\/#website","url":"https:\/\/folhapopular.info\/","name":"Folha Popular","description":"Onde voc\u00ea tem vez e voz","potentialAction":[{"@type":"SearchAction","target":{"@type":"EntryPoint","urlTemplate":"https:\/\/folhapopular.info\/?s={search_term_string}"},"query-input":{"@type":"PropertyValueSpecification","valueRequired":true,"valueName":"search_term_string"}}],"inLanguage":"pt-BR"},{"@type":"Person","@id":"https:\/\/folhapopular.info\/#\/schema\/person\/e852c327371714676d02e58cf917fd9f","name":"Luis Augusto Huppes","image":{"@type":"ImageObject","inLanguage":"pt-BR","@id":"https:\/\/folhapopular.info\/wp-content\/uploads\/2026\/04\/Luis-Augusto-Huppes-1-1.webp","url":"https:\/\/folhapopular.info\/wp-content\/uploads\/2026\/04\/Luis-Augusto-Huppes-1-1.webp","contentUrl":"https:\/\/folhapopular.info\/wp-content\/uploads\/2026\/04\/Luis-Augusto-Huppes-1-1.webp","caption":"Luis Augusto Huppes"},"sameAs":["https:\/\/www.facebook.com\/luis.huppes\/","https:\/\/www.instagram.com\/luis.huppes\/","https:\/\/www.linkedin.com\/in\/luis-augusto-huppes-2554b52b7\/"],"url":"https:\/\/folhapopular.info\/index.php\/author\/luis-augusto-huppes\/"}]}},"jetpack_featured_media_url":"https:\/\/folhapopular.info\/wp-content\/uploads\/2025\/11\/Futebol.png","jetpack_sharing_enabled":true,"amp_enabled":true,"_links":{"self":[{"href":"https:\/\/folhapopular.info\/index.php\/wp-json\/wp\/v2\/posts\/199404","targetHints":{"allow":["GET"]}}],"collection":[{"href":"https:\/\/folhapopular.info\/index.php\/wp-json\/wp\/v2\/posts"}],"about":[{"href":"https:\/\/folhapopular.info\/index.php\/wp-json\/wp\/v2\/types\/post"}],"author":[{"embeddable":true,"href":"https:\/\/folhapopular.info\/index.php\/wp-json\/wp\/v2\/users\/732"}],"replies":[{"embeddable":true,"href":"https:\/\/folhapopular.info\/index.php\/wp-json\/wp\/v2\/comments?post=199404"}],"version-history":[{"count":0,"href":"https:\/\/folhapopular.info\/index.php\/wp-json\/wp\/v2\/posts\/199404\/revisions"}],"wp:featuredmedia":[{"embeddable":true,"href":"https:\/\/folhapopular.info\/index.php\/wp-json\/wp\/v2\/media\/199410"}],"wp:attachment":[{"href":"https:\/\/folhapopular.info\/index.php\/wp-json\/wp\/v2\/media?parent=199404"}],"wp:term":[{"taxonomy":"category","embeddable":true,"href":"https:\/\/folhapopular.info\/index.php\/wp-json\/wp\/v2\/categories?post=199404"},{"taxonomy":"post_tag","embeddable":true,"href":"https:\/\/folhapopular.info\/index.php\/wp-json\/wp\/v2\/tags?post=199404"}],"curies":[{"name":"wp","href":"https:\/\/api.w.org\/{rel}","templated":true}]}}