{"id":199408,"date":"2025-11-30T16:50:00","date_gmt":"2025-11-30T19:50:00","guid":{"rendered":"https:\/\/folhapopular.info\/?p=199408"},"modified":"2025-12-01T10:15:54","modified_gmt":"2025-12-01T13:15:54","slug":"emocao-e-oportunidades-marcam-a-celebracao-do-15-anos-dos-sonhos","status":"publish","type":"post","link":"https:\/\/folhapopular.info\/index.php\/2025\/11\/30\/emocao-e-oportunidades-marcam-a-celebracao-do-15-anos-dos-sonhos\/","title":{"rendered":"Emo\u00e7\u00e3o e oportunidades marcam celebra\u00e7\u00e3o do 15 Anos dos Sonhos em Teut\u00f4nia"},"content":{"rendered":"\n<p>O ponto alto do projeto 15 Anos dos Sonhos, o baile das debutantes, ocorreu nesta sexta-feira (28\/11) no Clube Teutoniense, no Bairro Teut\u00f4nia. A celebra\u00e7\u00e3o marcou o encerramento da 7\u00aa edi\u00e7\u00e3o do projeto do Rotaract Club Teut\u00f4nia, que busca oferecer uma festa de 15 anos gratuita a adolescentes selecionadas por meio de cartinhas. As escolhidas foram Ellen Delis Rohr, Ana J\u00falia Rex Klein e Isadora Fernanda Freire de Oliveira. <\/p>\n\n\n\n<p>Ao longo do ano, as jovens participaram de diferentes atividades formativas, como aulas de dan\u00e7a, pr\u00e1ticas de jiu-jitsu, encontros de conviv\u00eancia e demais a\u00e7\u00f5es. Durante a cerim\u00f4nia, elas receberam surpresas, an\u00e9is, buqu\u00eas e oportunidades de estudo.<\/p>\n\n\n\n<div class=\"wp-block-jetpack-slideshow aligncenter\" data-effect=\"slide\" style=\"--aspect-ratio:calc(696 \/ 522)\"><div class=\"wp-block-jetpack-slideshow_container swiper\"><ul class=\"wp-block-jetpack-slideshow_swiper-wrapper swiper-wrapper\"><li class=\"wp-block-jetpack-slideshow_slide swiper-slide\"><figure><img loading=\"lazy\" decoding=\"async\" width=\"1024\" height=\"768\" alt=\"15 Anos dos Sonhos\" class=\"wp-block-jetpack-slideshow_image wp-image-199451\" data-id=\"199451\" data-aspect-ratio=\"696 \/ 522\" src=\"https:\/\/folhapopular.info\/wp-content\/uploads\/2025\/11\/WhatsApp-Image-2025-12-01-at-10.11.01-2-1024x768.jpeg\" srcset=\"https:\/\/folhapopular.info\/wp-content\/uploads\/2025\/11\/WhatsApp-Image-2025-12-01-at-10.11.01-2-1024x768.jpeg 1024w, https:\/\/folhapopular.info\/wp-content\/uploads\/2025\/11\/WhatsApp-Image-2025-12-01-at-10.11.01-2-300x225.jpeg 300w, https:\/\/folhapopular.info\/wp-content\/uploads\/2025\/11\/WhatsApp-Image-2025-12-01-at-10.11.01-2-768x576.jpeg 768w, https:\/\/folhapopular.info\/wp-content\/uploads\/2025\/11\/WhatsApp-Image-2025-12-01-at-10.11.01-2-560x420.jpeg 560w, https:\/\/folhapopular.info\/wp-content\/uploads\/2025\/11\/WhatsApp-Image-2025-12-01-at-10.11.01-2-80x60.jpeg 80w, https:\/\/folhapopular.info\/wp-content\/uploads\/2025\/11\/WhatsApp-Image-2025-12-01-at-10.11.01-2-696x522.jpeg 696w, https:\/\/folhapopular.info\/wp-content\/uploads\/2025\/11\/WhatsApp-Image-2025-12-01-at-10.11.01-2-1068x801.jpeg 1068w, https:\/\/folhapopular.info\/wp-content\/uploads\/2025\/11\/WhatsApp-Image-2025-12-01-at-10.11.01-2.jpeg 1280w\" sizes=\"(max-width: 1024px) 100vw, 1024px\" \/><figcaption class=\"wp-block-jetpack-slideshow_caption gallery-caption\">Cr\u00e9dito: Let\u00edcia Echer<\/figcaption><\/figure><\/li><li class=\"wp-block-jetpack-slideshow_slide swiper-slide\"><figure><img loading=\"lazy\" decoding=\"async\" width=\"768\" height=\"1024\" alt=\"15 Anos dos Sonhos\" class=\"wp-block-jetpack-slideshow_image wp-image-199452\" data-id=\"199452\" data-aspect-ratio=\"696 \/ 928\" src=\"https:\/\/folhapopular.info\/wp-content\/uploads\/2025\/11\/WhatsApp-Image-2025-12-01-at-10.11.01-1-768x1024.jpeg\" srcset=\"https:\/\/folhapopular.info\/wp-content\/uploads\/2025\/11\/WhatsApp-Image-2025-12-01-at-10.11.01-1-768x1024.jpeg 768w, https:\/\/folhapopular.info\/wp-content\/uploads\/2025\/11\/WhatsApp-Image-2025-12-01-at-10.11.01-1-225x300.jpeg 225w, https:\/\/folhapopular.info\/wp-content\/uploads\/2025\/11\/WhatsApp-Image-2025-12-01-at-10.11.01-1-315x420.jpeg 315w, https:\/\/folhapopular.info\/wp-content\/uploads\/2025\/11\/WhatsApp-Image-2025-12-01-at-10.11.01-1-696x928.jpeg 696w, https:\/\/folhapopular.info\/wp-content\/uploads\/2025\/11\/WhatsApp-Image-2025-12-01-at-10.11.01-1.jpeg 960w\" sizes=\"(max-width: 768px) 100vw, 768px\" \/><figcaption class=\"wp-block-jetpack-slideshow_caption gallery-caption\">Cr\u00e9dito: Let\u00edcia Echer<\/figcaption><\/figure><\/li><li class=\"wp-block-jetpack-slideshow_slide swiper-slide\"><figure><img loading=\"lazy\" decoding=\"async\" width=\"768\" height=\"1024\" alt=\"15 Anos dos Sonhos\" class=\"wp-block-jetpack-slideshow_image wp-image-199450\" data-id=\"199450\" data-aspect-ratio=\"696 \/ 928\" src=\"https:\/\/folhapopular.info\/wp-content\/uploads\/2025\/11\/WhatsApp-Image-2025-12-01-at-10.11.01-768x1024.jpeg\" srcset=\"https:\/\/folhapopular.info\/wp-content\/uploads\/2025\/11\/WhatsApp-Image-2025-12-01-at-10.11.01-768x1024.jpeg 768w, https:\/\/folhapopular.info\/wp-content\/uploads\/2025\/11\/WhatsApp-Image-2025-12-01-at-10.11.01-225x300.jpeg 225w, https:\/\/folhapopular.info\/wp-content\/uploads\/2025\/11\/WhatsApp-Image-2025-12-01-at-10.11.01-315x420.jpeg 315w, https:\/\/folhapopular.info\/wp-content\/uploads\/2025\/11\/WhatsApp-Image-2025-12-01-at-10.11.01-696x928.jpeg 696w, https:\/\/folhapopular.info\/wp-content\/uploads\/2025\/11\/WhatsApp-Image-2025-12-01-at-10.11.01.jpeg 960w\" sizes=\"(max-width: 768px) 100vw, 768px\" \/><figcaption class=\"wp-block-jetpack-slideshow_caption gallery-caption\">Cr\u00e9dito: Let\u00edcia Echer<\/figcaption><\/figure><\/li><\/ul><a class=\"wp-block-jetpack-slideshow_button-prev swiper-button-prev swiper-button-white\" role=\"button\"><\/a><a class=\"wp-block-jetpack-slideshow_button-next swiper-button-next swiper-button-white\" role=\"button\"><\/a><a aria-label=\"Pause Slideshow\" class=\"wp-block-jetpack-slideshow_button-pause\" role=\"button\"><\/a><div class=\"wp-block-jetpack-slideshow_pagination swiper-pagination swiper-pagination-white\"><\/div><\/div><\/div>\n\n\n\n<p>Ellen Rohr relatou que as participantes se tornaram &#8220;irm\u00e3s&#8221;. J\u00e1 Ana J\u00falia Klein e Isadora Freire destacaram a grandiosidade da celebra\u00e7\u00e3o e os momentos vividos.<\/p>\n\n\n\n<p>O presidente do Rotaract Club Teut\u00f4nia, Matheus Prates, descreveu a edi\u00e7\u00e3o deste ano como um momento especialmente simb\u00f3lico para o clube. O trabalho exige meses de dedica\u00e7\u00e3o, organiza\u00e7\u00e3o e esfor\u00e7o coletivo, mas, ele destacou que tudo vale a pena quando a noite da festa finalmente chega e as debutantes entram no sal\u00e3o.<\/p>\n\n\n\n<p>Prates refor\u00e7ou o desejo de que o n\u00famero de contempladas cres\u00e7a nas pr\u00f3ximas edi\u00e7\u00f5es. &#8220;Espero que n\u00f3s possamos contemplar mais meninas nos pr\u00f3ximos anos. Deixamos muitas meninas excelentes de fora do projeto por quest\u00f5es financeiras e de log\u00edstica tamb\u00e9m. Espero que o projeto n\u00e3o morra nunca, que cres\u00e7a, que a gente consiga mais patroc\u00ednios, mais parceiros&#8221;, disse.<\/p>\n\n\n\n<p>A presidente do Rotary Club de Teut\u00f4nia tamb\u00e9m deixou uma mensagem \u00e0s debutantes, ressaltando que o projeto vai al\u00e9m da celebra\u00e7\u00e3o. &#8220;Cada uma de voc\u00eas tem voz, tem brilho e merece respeito. Ao longo deste projeto, voc\u00eas viveram momentos n\u00e3o apenas de festa, mas tamb\u00e9m de aprendizado, de autoconhecimento, de crescimento e de muita responsabilidade&#8221;, afirma.<\/p>\n\n\n\n<div class=\"wp-block-jetpack-slideshow aligncenter\" data-effect=\"slide\" style=\"--aspect-ratio:calc(696 \/ 928)\"><div class=\"wp-block-jetpack-slideshow_container swiper\"><ul class=\"wp-block-jetpack-slideshow_swiper-wrapper swiper-wrapper\"><li class=\"wp-block-jetpack-slideshow_slide swiper-slide\"><figure><img loading=\"lazy\" decoding=\"async\" width=\"768\" height=\"1024\" alt=\"\" class=\"wp-block-jetpack-slideshow_image wp-image-199414\" data-id=\"199414\" data-aspect-ratio=\"696 \/ 928\" src=\"https:\/\/folhapopular.info\/wp-content\/uploads\/2025\/11\/WhatsApp-Image-2025-11-30-at-19.15.34-768x1024.jpeg\" srcset=\"https:\/\/folhapopular.info\/wp-content\/uploads\/2025\/11\/WhatsApp-Image-2025-11-30-at-19.15.34-768x1024.jpeg 768w, https:\/\/folhapopular.info\/wp-content\/uploads\/2025\/11\/WhatsApp-Image-2025-11-30-at-19.15.34-225x300.jpeg 225w, https:\/\/folhapopular.info\/wp-content\/uploads\/2025\/11\/WhatsApp-Image-2025-11-30-at-19.15.34-315x420.jpeg 315w, https:\/\/folhapopular.info\/wp-content\/uploads\/2025\/11\/WhatsApp-Image-2025-11-30-at-19.15.34-696x928.jpeg 696w, https:\/\/folhapopular.info\/wp-content\/uploads\/2025\/11\/WhatsApp-Image-2025-11-30-at-19.15.34.jpeg 960w\" sizes=\"(max-width: 768px) 100vw, 768px\" \/><figcaption class=\"wp-block-jetpack-slideshow_caption gallery-caption\">Cr\u00e9dito: Gabriely Hartmann Mallmann<\/figcaption><\/figure><\/li><li class=\"wp-block-jetpack-slideshow_slide swiper-slide\"><figure><img loading=\"lazy\" decoding=\"async\" width=\"1024\" height=\"768\" alt=\"\" class=\"wp-block-jetpack-slideshow_image wp-image-199415\" data-id=\"199415\" data-aspect-ratio=\"696 \/ 522\" src=\"https:\/\/folhapopular.info\/wp-content\/uploads\/2025\/11\/WhatsApp-Image-2025-11-30-at-18.55.13-1024x768.jpeg\" srcset=\"https:\/\/folhapopular.info\/wp-content\/uploads\/2025\/11\/WhatsApp-Image-2025-11-30-at-18.55.13-1024x768.jpeg 1024w, https:\/\/folhapopular.info\/wp-content\/uploads\/2025\/11\/WhatsApp-Image-2025-11-30-at-18.55.13-300x225.jpeg 300w, https:\/\/folhapopular.info\/wp-content\/uploads\/2025\/11\/WhatsApp-Image-2025-11-30-at-18.55.13-768x576.jpeg 768w, https:\/\/folhapopular.info\/wp-content\/uploads\/2025\/11\/WhatsApp-Image-2025-11-30-at-18.55.13-560x420.jpeg 560w, https:\/\/folhapopular.info\/wp-content\/uploads\/2025\/11\/WhatsApp-Image-2025-11-30-at-18.55.13-80x60.jpeg 80w, https:\/\/folhapopular.info\/wp-content\/uploads\/2025\/11\/WhatsApp-Image-2025-11-30-at-18.55.13-696x522.jpeg 696w, https:\/\/folhapopular.info\/wp-content\/uploads\/2025\/11\/WhatsApp-Image-2025-11-30-at-18.55.13-1068x801.jpeg 1068w, https:\/\/folhapopular.info\/wp-content\/uploads\/2025\/11\/WhatsApp-Image-2025-11-30-at-18.55.13.jpeg 1280w\" sizes=\"(max-width: 1024px) 100vw, 1024px\" \/><figcaption class=\"wp-block-jetpack-slideshow_caption gallery-caption\">Cr\u00e9dito: Gabriely Hartmann Mallmann<\/figcaption><\/figure><\/li><\/ul><a class=\"wp-block-jetpack-slideshow_button-prev swiper-button-prev swiper-button-white\" role=\"button\"><\/a><a class=\"wp-block-jetpack-slideshow_button-next swiper-button-next swiper-button-white\" role=\"button\"><\/a><a aria-label=\"Pause Slideshow\" class=\"wp-block-jetpack-slideshow_button-pause\" role=\"button\"><\/a><div class=\"wp-block-jetpack-slideshow_pagination swiper-pagination swiper-pagination-white\"><\/div><\/div><\/div>\n\n\n\n<p><br><\/p>\n","protected":false},"excerpt":{"rendered":"<p>O ponto alto do projeto 15 Anos dos Sonhos, o baile das debutantes, ocorreu nesta sexta-feira (28\/11) no Clube Teutoniense, no Bairro Teut\u00f4nia. A celebra\u00e7\u00e3o marcou o encerramento da 7\u00aa edi\u00e7\u00e3o do projeto do Rotaract Club Teut\u00f4nia, que busca oferecer uma festa de 15 anos gratuita a adolescentes selecionadas por meio de cartinhas. As escolhidas [&hellip;]<\/p>\n","protected":false},"author":673,"featured_media":199412,"comment_status":"open","ping_status":"open","sticky":false,"template":"","format":"standard","meta":{"pmpro_default_level":"","_jetpack_memberships_contains_paid_content":false,"footnotes":""},"categories":[2,6],"tags":[17197,17232,6265],"class_list":{"0":"post-199408","1":"post","2":"type-post","3":"status-publish","4":"format-standard","5":"has-post-thumbnail","7":"category-featured","8":"category-inclusive","9":"tag-15-anos-dos-sonhos","10":"tag-rotaract-club","11":"tag-rotaract-club-teutonia","12":"pmpro-has-access"},"yoast_head":"<!-- This site is optimized with the Yoast SEO plugin v27.5 - https:\/\/yoast.com\/product\/yoast-seo-wordpress\/ -->\n<title>Emo\u00e7\u00e3o e oportunidades marcam celebra\u00e7\u00e3o do 15 Anos dos Sonhos em Teut\u00f4nia - Folha Popular<\/title>\n<meta name=\"description\" content=\"As escolhidas foram Ellen Delis Rohr, Ana J\u00falia Rex Klein e Isadora Fernanda Freire de Oliveira.\" \/>\n<meta name=\"robots\" content=\"index, follow, max-snippet:-1, max-image-preview:large, max-video-preview:-1\" \/>\n<link rel=\"canonical\" href=\"https:\/\/folhapopular.info\/index.php\/2025\/11\/30\/emocao-e-oportunidades-marcam-a-celebracao-do-15-anos-dos-sonhos\/\" \/>\n<meta property=\"og:locale\" content=\"pt_BR\" \/>\n<meta property=\"og:type\" content=\"article\" \/>\n<meta property=\"og:title\" content=\"Emo\u00e7\u00e3o e oportunidades marcam celebra\u00e7\u00e3o do 15 Anos dos Sonhos em Teut\u00f4nia - Folha Popular\" \/>\n<meta property=\"og:description\" content=\"As escolhidas foram Ellen Delis Rohr, Ana J\u00falia Rex Klein e Isadora Fernanda Freire de Oliveira.\" \/>\n<meta property=\"og:url\" content=\"https:\/\/folhapopular.info\/index.php\/2025\/11\/30\/emocao-e-oportunidades-marcam-a-celebracao-do-15-anos-dos-sonhos\/\" \/>\n<meta property=\"og:site_name\" content=\"Folha Popular\" \/>\n<meta property=\"article:published_time\" content=\"2025-11-30T19:50:00+00:00\" \/>\n<meta property=\"article:modified_time\" content=\"2025-12-01T13:15:54+00:00\" \/>\n<meta property=\"og:image\" content=\"http:\/\/folhapopular.info\/wp-content\/uploads\/2025\/11\/WhatsApp-Image-2025-11-30-at-18.56.10.jpeg\" \/>\n\t<meta property=\"og:image:width\" content=\"1280\" \/>\n\t<meta property=\"og:image:height\" content=\"960\" \/>\n\t<meta property=\"og:image:type\" content=\"image\/jpeg\" \/>\n<meta name=\"author\" content=\"Let\u00edcia Echer\" \/>\n<meta name=\"twitter:card\" content=\"summary_large_image\" \/>\n<meta name=\"twitter:label1\" content=\"Escrito por\" \/>\n\t<meta name=\"twitter:data1\" content=\"Let\u00edcia Echer\" \/>\n\t<meta name=\"twitter:label2\" content=\"Est. tempo de leitura\" \/>\n\t<meta name=\"twitter:data2\" content=\"3 minutos\" \/>\n<script type=\"application\/ld+json\" class=\"yoast-schema-graph\">{\"@context\":\"https:\\\/\\\/schema.org\",\"@graph\":[{\"@type\":\"Article\",\"@id\":\"https:\\\/\\\/folhapopular.info\\\/index.php\\\/2025\\\/11\\\/30\\\/emocao-e-oportunidades-marcam-a-celebracao-do-15-anos-dos-sonhos\\\/#article\",\"isPartOf\":{\"@id\":\"https:\\\/\\\/folhapopular.info\\\/index.php\\\/2025\\\/11\\\/30\\\/emocao-e-oportunidades-marcam-a-celebracao-do-15-anos-dos-sonhos\\\/\"},\"author\":{\"name\":\"Let\u00edcia Echer\",\"@id\":\"https:\\\/\\\/folhapopular.info\\\/#\\\/schema\\\/person\\\/52b95b9c1c41ec0e826e7518183d0cc0\"},\"headline\":\"Emo\u00e7\u00e3o e oportunidades marcam celebra\u00e7\u00e3o do 15 Anos dos Sonhos em Teut\u00f4nia\",\"datePublished\":\"2025-11-30T19:50:00+00:00\",\"dateModified\":\"2025-12-01T13:15:54+00:00\",\"mainEntityOfPage\":{\"@id\":\"https:\\\/\\\/folhapopular.info\\\/index.php\\\/2025\\\/11\\\/30\\\/emocao-e-oportunidades-marcam-a-celebracao-do-15-anos-dos-sonhos\\\/\"},\"wordCount\":373,\"commentCount\":0,\"image\":{\"@id\":\"https:\\\/\\\/folhapopular.info\\\/index.php\\\/2025\\\/11\\\/30\\\/emocao-e-oportunidades-marcam-a-celebracao-do-15-anos-dos-sonhos\\\/#primaryimage\"},\"thumbnailUrl\":\"https:\\\/\\\/folhapopular.info\\\/wp-content\\\/uploads\\\/2025\\\/11\\\/WhatsApp-Image-2025-11-30-at-18.56.10.jpeg\",\"keywords\":[\"15 Anos dos Sonhos\",\"Rotaract Club\",\"Rotaract Club Teut\u00f4nia\"],\"articleSection\":[\"Destaques\",\"Inclusive\"],\"inLanguage\":\"pt-BR\",\"potentialAction\":[{\"@type\":\"CommentAction\",\"name\":\"Comment\",\"target\":[\"https:\\\/\\\/folhapopular.info\\\/index.php\\\/2025\\\/11\\\/30\\\/emocao-e-oportunidades-marcam-a-celebracao-do-15-anos-dos-sonhos\\\/#respond\"]}]},{\"@type\":\"WebPage\",\"@id\":\"https:\\\/\\\/folhapopular.info\\\/index.php\\\/2025\\\/11\\\/30\\\/emocao-e-oportunidades-marcam-a-celebracao-do-15-anos-dos-sonhos\\\/\",\"url\":\"https:\\\/\\\/folhapopular.info\\\/index.php\\\/2025\\\/11\\\/30\\\/emocao-e-oportunidades-marcam-a-celebracao-do-15-anos-dos-sonhos\\\/\",\"name\":\"Emo\u00e7\u00e3o e oportunidades marcam celebra\u00e7\u00e3o do 15 Anos dos Sonhos em Teut\u00f4nia - Folha Popular\",\"isPartOf\":{\"@id\":\"https:\\\/\\\/folhapopular.info\\\/#website\"},\"primaryImageOfPage\":{\"@id\":\"https:\\\/\\\/folhapopular.info\\\/index.php\\\/2025\\\/11\\\/30\\\/emocao-e-oportunidades-marcam-a-celebracao-do-15-anos-dos-sonhos\\\/#primaryimage\"},\"image\":{\"@id\":\"https:\\\/\\\/folhapopular.info\\\/index.php\\\/2025\\\/11\\\/30\\\/emocao-e-oportunidades-marcam-a-celebracao-do-15-anos-dos-sonhos\\\/#primaryimage\"},\"thumbnailUrl\":\"https:\\\/\\\/folhapopular.info\\\/wp-content\\\/uploads\\\/2025\\\/11\\\/WhatsApp-Image-2025-11-30-at-18.56.10.jpeg\",\"datePublished\":\"2025-11-30T19:50:00+00:00\",\"dateModified\":\"2025-12-01T13:15:54+00:00\",\"author\":{\"@id\":\"https:\\\/\\\/folhapopular.info\\\/#\\\/schema\\\/person\\\/52b95b9c1c41ec0e826e7518183d0cc0\"},\"description\":\"As escolhidas foram Ellen Delis Rohr, Ana J\u00falia Rex Klein e Isadora Fernanda Freire de Oliveira.\",\"breadcrumb\":{\"@id\":\"https:\\\/\\\/folhapopular.info\\\/index.php\\\/2025\\\/11\\\/30\\\/emocao-e-oportunidades-marcam-a-celebracao-do-15-anos-dos-sonhos\\\/#breadcrumb\"},\"inLanguage\":\"pt-BR\",\"potentialAction\":[{\"@type\":\"ReadAction\",\"target\":[\"https:\\\/\\\/folhapopular.info\\\/index.php\\\/2025\\\/11\\\/30\\\/emocao-e-oportunidades-marcam-a-celebracao-do-15-anos-dos-sonhos\\\/\"]}]},{\"@type\":\"ImageObject\",\"inLanguage\":\"pt-BR\",\"@id\":\"https:\\\/\\\/folhapopular.info\\\/index.php\\\/2025\\\/11\\\/30\\\/emocao-e-oportunidades-marcam-a-celebracao-do-15-anos-dos-sonhos\\\/#primaryimage\",\"url\":\"https:\\\/\\\/folhapopular.info\\\/wp-content\\\/uploads\\\/2025\\\/11\\\/WhatsApp-Image-2025-11-30-at-18.56.10.jpeg\",\"contentUrl\":\"https:\\\/\\\/folhapopular.info\\\/wp-content\\\/uploads\\\/2025\\\/11\\\/WhatsApp-Image-2025-11-30-at-18.56.10.jpeg\",\"width\":1280,\"height\":960,\"caption\":\"Cr\u00e9dito: Gabriely Hartmann Mallmann\"},{\"@type\":\"BreadcrumbList\",\"@id\":\"https:\\\/\\\/folhapopular.info\\\/index.php\\\/2025\\\/11\\\/30\\\/emocao-e-oportunidades-marcam-a-celebracao-do-15-anos-dos-sonhos\\\/#breadcrumb\",\"itemListElement\":[{\"@type\":\"ListItem\",\"position\":1,\"name\":\"In\u00edcio\",\"item\":\"https:\\\/\\\/folhapopular.info\\\/\"},{\"@type\":\"ListItem\",\"position\":2,\"name\":\"Emo\u00e7\u00e3o e oportunidades marcam celebra\u00e7\u00e3o do 15 Anos dos Sonhos em Teut\u00f4nia\"}]},{\"@type\":\"WebSite\",\"@id\":\"https:\\\/\\\/folhapopular.info\\\/#website\",\"url\":\"https:\\\/\\\/folhapopular.info\\\/\",\"name\":\"Folha Popular\",\"description\":\"Onde voc\u00ea tem vez e voz\",\"potentialAction\":[{\"@type\":\"SearchAction\",\"target\":{\"@type\":\"EntryPoint\",\"urlTemplate\":\"https:\\\/\\\/folhapopular.info\\\/?s={search_term_string}\"},\"query-input\":{\"@type\":\"PropertyValueSpecification\",\"valueRequired\":true,\"valueName\":\"search_term_string\"}}],\"inLanguage\":\"pt-BR\"},{\"@type\":\"Person\",\"@id\":\"https:\\\/\\\/folhapopular.info\\\/#\\\/schema\\\/person\\\/52b95b9c1c41ec0e826e7518183d0cc0\",\"name\":\"Let\u00edcia Echer\",\"image\":{\"@type\":\"ImageObject\",\"inLanguage\":\"pt-BR\",\"@id\":\"https:\\\/\\\/secure.gravatar.com\\\/avatar\\\/303201b45d8f4e048c95808925ff8953fa7ebc0e52cb5b3af1fc9e3d52c95645?s=96&d=mm&r=g\",\"url\":\"https:\\\/\\\/secure.gravatar.com\\\/avatar\\\/303201b45d8f4e048c95808925ff8953fa7ebc0e52cb5b3af1fc9e3d52c95645?s=96&d=mm&r=g\",\"contentUrl\":\"https:\\\/\\\/secure.gravatar.com\\\/avatar\\\/303201b45d8f4e048c95808925ff8953fa7ebc0e52cb5b3af1fc9e3d52c95645?s=96&d=mm&r=g\",\"caption\":\"Let\u00edcia Echer\"},\"url\":\"https:\\\/\\\/folhapopular.info\\\/index.php\\\/author\\\/leticiaecher04gmail-com\\\/\"}]}<\/script>\n<!-- \/ Yoast SEO plugin. -->","yoast_head_json":{"title":"Emo\u00e7\u00e3o e oportunidades marcam celebra\u00e7\u00e3o do 15 Anos dos Sonhos em Teut\u00f4nia - Folha Popular","description":"As escolhidas foram Ellen Delis Rohr, Ana J\u00falia Rex Klein e Isadora Fernanda Freire de Oliveira.","robots":{"index":"index","follow":"follow","max-snippet":"max-snippet:-1","max-image-preview":"max-image-preview:large","max-video-preview":"max-video-preview:-1"},"canonical":"https:\/\/folhapopular.info\/index.php\/2025\/11\/30\/emocao-e-oportunidades-marcam-a-celebracao-do-15-anos-dos-sonhos\/","og_locale":"pt_BR","og_type":"article","og_title":"Emo\u00e7\u00e3o e oportunidades marcam celebra\u00e7\u00e3o do 15 Anos dos Sonhos em Teut\u00f4nia - Folha Popular","og_description":"As escolhidas foram Ellen Delis Rohr, Ana J\u00falia Rex Klein e Isadora Fernanda Freire de Oliveira.","og_url":"https:\/\/folhapopular.info\/index.php\/2025\/11\/30\/emocao-e-oportunidades-marcam-a-celebracao-do-15-anos-dos-sonhos\/","og_site_name":"Folha Popular","article_published_time":"2025-11-30T19:50:00+00:00","article_modified_time":"2025-12-01T13:15:54+00:00","og_image":[{"width":1280,"height":960,"url":"http:\/\/folhapopular.info\/wp-content\/uploads\/2025\/11\/WhatsApp-Image-2025-11-30-at-18.56.10.jpeg","type":"image\/jpeg"}],"author":"Let\u00edcia Echer","twitter_card":"summary_large_image","twitter_misc":{"Escrito por":"Let\u00edcia Echer","Est. tempo de leitura":"3 minutos"},"schema":{"@context":"https:\/\/schema.org","@graph":[{"@type":"Article","@id":"https:\/\/folhapopular.info\/index.php\/2025\/11\/30\/emocao-e-oportunidades-marcam-a-celebracao-do-15-anos-dos-sonhos\/#article","isPartOf":{"@id":"https:\/\/folhapopular.info\/index.php\/2025\/11\/30\/emocao-e-oportunidades-marcam-a-celebracao-do-15-anos-dos-sonhos\/"},"author":{"name":"Let\u00edcia Echer","@id":"https:\/\/folhapopular.info\/#\/schema\/person\/52b95b9c1c41ec0e826e7518183d0cc0"},"headline":"Emo\u00e7\u00e3o e oportunidades marcam celebra\u00e7\u00e3o do 15 Anos dos Sonhos em Teut\u00f4nia","datePublished":"2025-11-30T19:50:00+00:00","dateModified":"2025-12-01T13:15:54+00:00","mainEntityOfPage":{"@id":"https:\/\/folhapopular.info\/index.php\/2025\/11\/30\/emocao-e-oportunidades-marcam-a-celebracao-do-15-anos-dos-sonhos\/"},"wordCount":373,"commentCount":0,"image":{"@id":"https:\/\/folhapopular.info\/index.php\/2025\/11\/30\/emocao-e-oportunidades-marcam-a-celebracao-do-15-anos-dos-sonhos\/#primaryimage"},"thumbnailUrl":"https:\/\/folhapopular.info\/wp-content\/uploads\/2025\/11\/WhatsApp-Image-2025-11-30-at-18.56.10.jpeg","keywords":["15 Anos dos Sonhos","Rotaract Club","Rotaract Club Teut\u00f4nia"],"articleSection":["Destaques","Inclusive"],"inLanguage":"pt-BR","potentialAction":[{"@type":"CommentAction","name":"Comment","target":["https:\/\/folhapopular.info\/index.php\/2025\/11\/30\/emocao-e-oportunidades-marcam-a-celebracao-do-15-anos-dos-sonhos\/#respond"]}]},{"@type":"WebPage","@id":"https:\/\/folhapopular.info\/index.php\/2025\/11\/30\/emocao-e-oportunidades-marcam-a-celebracao-do-15-anos-dos-sonhos\/","url":"https:\/\/folhapopular.info\/index.php\/2025\/11\/30\/emocao-e-oportunidades-marcam-a-celebracao-do-15-anos-dos-sonhos\/","name":"Emo\u00e7\u00e3o e oportunidades marcam celebra\u00e7\u00e3o do 15 Anos dos Sonhos em Teut\u00f4nia - Folha Popular","isPartOf":{"@id":"https:\/\/folhapopular.info\/#website"},"primaryImageOfPage":{"@id":"https:\/\/folhapopular.info\/index.php\/2025\/11\/30\/emocao-e-oportunidades-marcam-a-celebracao-do-15-anos-dos-sonhos\/#primaryimage"},"image":{"@id":"https:\/\/folhapopular.info\/index.php\/2025\/11\/30\/emocao-e-oportunidades-marcam-a-celebracao-do-15-anos-dos-sonhos\/#primaryimage"},"thumbnailUrl":"https:\/\/folhapopular.info\/wp-content\/uploads\/2025\/11\/WhatsApp-Image-2025-11-30-at-18.56.10.jpeg","datePublished":"2025-11-30T19:50:00+00:00","dateModified":"2025-12-01T13:15:54+00:00","author":{"@id":"https:\/\/folhapopular.info\/#\/schema\/person\/52b95b9c1c41ec0e826e7518183d0cc0"},"description":"As escolhidas foram Ellen Delis Rohr, Ana J\u00falia Rex Klein e Isadora Fernanda Freire de Oliveira.","breadcrumb":{"@id":"https:\/\/folhapopular.info\/index.php\/2025\/11\/30\/emocao-e-oportunidades-marcam-a-celebracao-do-15-anos-dos-sonhos\/#breadcrumb"},"inLanguage":"pt-BR","potentialAction":[{"@type":"ReadAction","target":["https:\/\/folhapopular.info\/index.php\/2025\/11\/30\/emocao-e-oportunidades-marcam-a-celebracao-do-15-anos-dos-sonhos\/"]}]},{"@type":"ImageObject","inLanguage":"pt-BR","@id":"https:\/\/folhapopular.info\/index.php\/2025\/11\/30\/emocao-e-oportunidades-marcam-a-celebracao-do-15-anos-dos-sonhos\/#primaryimage","url":"https:\/\/folhapopular.info\/wp-content\/uploads\/2025\/11\/WhatsApp-Image-2025-11-30-at-18.56.10.jpeg","contentUrl":"https:\/\/folhapopular.info\/wp-content\/uploads\/2025\/11\/WhatsApp-Image-2025-11-30-at-18.56.10.jpeg","width":1280,"height":960,"caption":"Cr\u00e9dito: Gabriely Hartmann Mallmann"},{"@type":"BreadcrumbList","@id":"https:\/\/folhapopular.info\/index.php\/2025\/11\/30\/emocao-e-oportunidades-marcam-a-celebracao-do-15-anos-dos-sonhos\/#breadcrumb","itemListElement":[{"@type":"ListItem","position":1,"name":"In\u00edcio","item":"https:\/\/folhapopular.info\/"},{"@type":"ListItem","position":2,"name":"Emo\u00e7\u00e3o e oportunidades marcam celebra\u00e7\u00e3o do 15 Anos dos Sonhos em Teut\u00f4nia"}]},{"@type":"WebSite","@id":"https:\/\/folhapopular.info\/#website","url":"https:\/\/folhapopular.info\/","name":"Folha Popular","description":"Onde voc\u00ea tem vez e voz","potentialAction":[{"@type":"SearchAction","target":{"@type":"EntryPoint","urlTemplate":"https:\/\/folhapopular.info\/?s={search_term_string}"},"query-input":{"@type":"PropertyValueSpecification","valueRequired":true,"valueName":"search_term_string"}}],"inLanguage":"pt-BR"},{"@type":"Person","@id":"https:\/\/folhapopular.info\/#\/schema\/person\/52b95b9c1c41ec0e826e7518183d0cc0","name":"Let\u00edcia Echer","image":{"@type":"ImageObject","inLanguage":"pt-BR","@id":"https:\/\/secure.gravatar.com\/avatar\/303201b45d8f4e048c95808925ff8953fa7ebc0e52cb5b3af1fc9e3d52c95645?s=96&d=mm&r=g","url":"https:\/\/secure.gravatar.com\/avatar\/303201b45d8f4e048c95808925ff8953fa7ebc0e52cb5b3af1fc9e3d52c95645?s=96&d=mm&r=g","contentUrl":"https:\/\/secure.gravatar.com\/avatar\/303201b45d8f4e048c95808925ff8953fa7ebc0e52cb5b3af1fc9e3d52c95645?s=96&d=mm&r=g","caption":"Let\u00edcia Echer"},"url":"https:\/\/folhapopular.info\/index.php\/author\/leticiaecher04gmail-com\/"}]}},"jetpack_featured_media_url":"https:\/\/folhapopular.info\/wp-content\/uploads\/2025\/11\/WhatsApp-Image-2025-11-30-at-18.56.10.jpeg","jetpack_sharing_enabled":true,"amp_enabled":true,"_links":{"self":[{"href":"https:\/\/folhapopular.info\/index.php\/wp-json\/wp\/v2\/posts\/199408","targetHints":{"allow":["GET"]}}],"collection":[{"href":"https:\/\/folhapopular.info\/index.php\/wp-json\/wp\/v2\/posts"}],"about":[{"href":"https:\/\/folhapopular.info\/index.php\/wp-json\/wp\/v2\/types\/post"}],"author":[{"embeddable":true,"href":"https:\/\/folhapopular.info\/index.php\/wp-json\/wp\/v2\/users\/673"}],"replies":[{"embeddable":true,"href":"https:\/\/folhapopular.info\/index.php\/wp-json\/wp\/v2\/comments?post=199408"}],"version-history":[{"count":0,"href":"https:\/\/folhapopular.info\/index.php\/wp-json\/wp\/v2\/posts\/199408\/revisions"}],"wp:featuredmedia":[{"embeddable":true,"href":"https:\/\/folhapopular.info\/index.php\/wp-json\/wp\/v2\/media\/199412"}],"wp:attachment":[{"href":"https:\/\/folhapopular.info\/index.php\/wp-json\/wp\/v2\/media?parent=199408"}],"wp:term":[{"taxonomy":"category","embeddable":true,"href":"https:\/\/folhapopular.info\/index.php\/wp-json\/wp\/v2\/categories?post=199408"},{"taxonomy":"post_tag","embeddable":true,"href":"https:\/\/folhapopular.info\/index.php\/wp-json\/wp\/v2\/tags?post=199408"}],"curies":[{"name":"wp","href":"https:\/\/api.w.org\/{rel}","templated":true}]}}