{"id":199481,"date":"2025-12-01T14:26:56","date_gmt":"2025-12-01T17:26:56","guid":{"rendered":"https:\/\/folhapopular.info\/?p=199481"},"modified":"2025-12-01T15:04:06","modified_gmt":"2025-12-01T18:04:06","slug":"rota-do-sol-tera-conjunto-mais-complexo-de-obras","status":"publish","type":"post","link":"https:\/\/folhapopular.info\/index.php\/2025\/12\/01\/rota-do-sol-tera-conjunto-mais-complexo-de-obras\/","title":{"rendered":"Rota do Sol ter\u00e1 conjunto mais complexo de obras"},"content":{"rendered":"<p>A RSC-453 (Rota do Sol) come\u00e7a em Ven\u00e2ncio Aires &#8211; a partir do entroncamento com a RSC-287 &#8211; passa pela Serra Ga\u00facha e finaliza no Litoral. No trecho entre Ven\u00e2ncio e Garibaldi, vai passar por um conjunto relevante de interven\u00e7\u00f5es previstas no bloco 2 de concess\u00f5es do governo do Estado, conforme explana o Programa de&#8230; <\/p>\n<div class=\"pmpro\">\n<div class=\"pmpro_card pmpro_content_message\">\n<div class=\"pmpro_card_content\">Este conte\u00fado \u00e9 apenas para associados Grupo Popular &#8211; Conte\u00fado Total Anual e Grupo Popular &#8211; Conte\u00fado Total Mensal. <br \/><a href=\"https:\/\/folhapopular.info\/wp-login.php?action=register\">Cadastre-se<\/a><\/div>\n<div class=\"pmpro_card_actions pmpro_font-medium\">J\u00e1 se associou? <a href=\"https:\/\/folhapopular.info\/wp-login.php?redirect_to=https%3A%2F%2Ffolhapopular.info%2Findex.php%2F2025%2F12%2F01%2Frota-do-sol-tera-conjunto-mais-complexo-de-obras%2F\">Acesse aqui<\/a><\/div>\n<\/div>\n<\/div>\n","protected":false},"excerpt":{"rendered":"<p>A RSC-453 (Rota do Sol) come\u00e7a em Ven\u00e2ncio Aires &#8211; a partir do entroncamento com a RSC-287 &#8211; passa pela Serra Ga\u00facha e finaliza no Litoral. No trecho entre Ven\u00e2ncio e Garibaldi, vai passar por um conjunto relevante de interven\u00e7\u00f5es previstas no bloco 2 de concess\u00f5es do governo do Estado, conforme explana o Programa de... <\/p>\n<div class=\"pmpro\"><div class=\"pmpro_card pmpro_content_message\"><div class=\"pmpro_card_content\">Este conte\u00fado \u00e9 apenas para associados Grupo Popular - Conte\u00fado Total Anual e Grupo Popular - Conte\u00fado Total Mensal. <br \/><a href=\"https:\/\/folhapopular.info\/wp-login.php?action=register\">Cadastre-se<\/a><\/div><div class=\"pmpro_card_actions pmpro_font-medium\">J\u00e1 se associou? <a href=\"https:\/\/folhapopular.info\/wp-login.php?redirect_to=https%3A%2F%2Ffolhapopular.info%2Findex.php%2F2025%2F12%2F01%2Frota-do-sol-tera-conjunto-mais-complexo-de-obras%2F\">Acesse aqui<\/a><\/div><\/div><\/div>","protected":false},"author":7,"featured_media":199484,"comment_status":"open","ping_status":"open","sticky":false,"template":"","format":"standard","meta":{"pmpro_default_level":"","_jetpack_memberships_contains_paid_content":false,"footnotes":""},"categories":[11078,20100,20098,5990],"tags":[17091,878,2811,774,709,156],"class_list":{"0":"post-199481","1":"post","2":"type-post","3":"status-publish","4":"format-standard","5":"has-post-thumbnail","7":"category-assinantes","8":"category-bloco-2-rsc-453","9":"category-cadernos-especiais","10":"category-conteudo-exclusivo","11":"tag-bloco-2","12":"tag-governo-do-estado","13":"tag-rodovias","14":"tag-rota-do-sol","15":"tag-rsc-453","16":"tag-vale-do-taquari","17":"pmpro-level-required","18":"pmpro-level-2","19":"pmpro-level-4","20":"pmpro-level-5","21":"pmpro-no-access"},"yoast_head":"<!-- This site is optimized with the Yoast SEO plugin v27.4 - https:\/\/yoast.com\/product\/yoast-seo-wordpress\/ -->\n<title>Rota do Sol ter\u00e1 conjunto mais complexo de obras - Folha Popular<\/title>\n<meta name=\"robots\" content=\"index, follow, max-snippet:-1, max-image-preview:large, max-video-preview:-1\" \/>\n<link rel=\"canonical\" href=\"https:\/\/folhapopular.info\/index.php\/2025\/12\/01\/rota-do-sol-tera-conjunto-mais-complexo-de-obras\/\" \/>\n<meta property=\"og:locale\" content=\"pt_BR\" \/>\n<meta property=\"og:type\" content=\"article\" \/>\n<meta property=\"og:title\" content=\"Rota do Sol ter\u00e1 conjunto mais complexo de obras - Folha Popular\" \/>\n<meta property=\"og:description\" content=\"A RSC-453 (Rota do Sol) come\u00e7a em Ven\u00e2ncio Aires &#8211; a partir do entroncamento com a RSC-287 &#8211; passa pela Serra Ga\u00facha e finaliza no Litoral. No trecho entre Ven\u00e2ncio e Garibaldi, vai passar por um conjunto relevante de interven\u00e7\u00f5es previstas no bloco 2 de concess\u00f5es do governo do Estado, conforme explana o Programa de [&hellip;]\" \/>\n<meta property=\"og:url\" content=\"https:\/\/folhapopular.info\/index.php\/2025\/12\/01\/rota-do-sol-tera-conjunto-mais-complexo-de-obras\/\" \/>\n<meta property=\"og:site_name\" content=\"Folha Popular\" \/>\n<meta property=\"article:published_time\" content=\"2025-12-01T17:26:56+00:00\" \/>\n<meta property=\"article:modified_time\" content=\"2025-12-01T18:04:06+00:00\" \/>\n<meta property=\"og:image\" content=\"http:\/\/folhapopular.info\/wp-content\/uploads\/2025\/12\/MAPA-CENTRAL-ROTA-DO-SOL_FOLHA_POPULAR_1.jpg\" \/>\n\t<meta property=\"og:image:width\" content=\"2505\" \/>\n\t<meta property=\"og:image:height\" content=\"1017\" \/>\n\t<meta property=\"og:image:type\" content=\"image\/jpeg\" \/>\n<meta name=\"author\" content=\"Lucas Leandro Brune\" \/>\n<meta name=\"twitter:card\" content=\"summary_large_image\" \/>\n<meta name=\"twitter:label1\" content=\"Escrito por\" \/>\n\t<meta name=\"twitter:data1\" content=\"Lucas Leandro Brune\" \/>\n\t<meta name=\"twitter:label2\" content=\"Est. tempo de leitura\" \/>\n\t<meta name=\"twitter:data2\" content=\"6 minutos\" \/>\n<script type=\"application\/ld+json\" class=\"yoast-schema-graph\">{\"@context\":\"https:\\\/\\\/schema.org\",\"@graph\":[{\"@type\":\"Article\",\"@id\":\"https:\\\/\\\/folhapopular.info\\\/index.php\\\/2025\\\/12\\\/01\\\/rota-do-sol-tera-conjunto-mais-complexo-de-obras\\\/#article\",\"isPartOf\":{\"@id\":\"https:\\\/\\\/folhapopular.info\\\/index.php\\\/2025\\\/12\\\/01\\\/rota-do-sol-tera-conjunto-mais-complexo-de-obras\\\/\"},\"author\":{\"name\":\"Lucas Leandro Brune\",\"@id\":\"https:\\\/\\\/folhapopular.info\\\/#\\\/schema\\\/person\\\/533a15f60cd49e81ab3a90b4ca33cb36\"},\"headline\":\"Rota do Sol ter\u00e1 conjunto mais complexo de obras\",\"datePublished\":\"2025-12-01T17:26:56+00:00\",\"dateModified\":\"2025-12-01T18:04:06+00:00\",\"mainEntityOfPage\":{\"@id\":\"https:\\\/\\\/folhapopular.info\\\/index.php\\\/2025\\\/12\\\/01\\\/rota-do-sol-tera-conjunto-mais-complexo-de-obras\\\/\"},\"wordCount\":995,\"commentCount\":0,\"image\":{\"@id\":\"https:\\\/\\\/folhapopular.info\\\/index.php\\\/2025\\\/12\\\/01\\\/rota-do-sol-tera-conjunto-mais-complexo-de-obras\\\/#primaryimage\"},\"thumbnailUrl\":\"https:\\\/\\\/folhapopular.info\\\/wp-content\\\/uploads\\\/2025\\\/12\\\/MAPA-CENTRAL-ROTA-DO-SOL_FOLHA_POPULAR_1.jpg\",\"keywords\":[\"Bloco 2\",\"Governo do Estado\",\"rodovias\",\"Rota do Sol\",\"RSC-453\",\"Vale do Taquari\"],\"articleSection\":[\"Assinantes\",\"Bloco 2: RSC-453\",\"Cadernos Especiais\",\"Conte\u00fado Exclusivo\"],\"inLanguage\":\"pt-BR\",\"potentialAction\":[{\"@type\":\"CommentAction\",\"name\":\"Comment\",\"target\":[\"https:\\\/\\\/folhapopular.info\\\/index.php\\\/2025\\\/12\\\/01\\\/rota-do-sol-tera-conjunto-mais-complexo-de-obras\\\/#respond\"]}]},{\"@type\":\"WebPage\",\"@id\":\"https:\\\/\\\/folhapopular.info\\\/index.php\\\/2025\\\/12\\\/01\\\/rota-do-sol-tera-conjunto-mais-complexo-de-obras\\\/\",\"url\":\"https:\\\/\\\/folhapopular.info\\\/index.php\\\/2025\\\/12\\\/01\\\/rota-do-sol-tera-conjunto-mais-complexo-de-obras\\\/\",\"name\":\"Rota do Sol ter\u00e1 conjunto mais complexo de obras - Folha Popular\",\"isPartOf\":{\"@id\":\"https:\\\/\\\/folhapopular.info\\\/#website\"},\"primaryImageOfPage\":{\"@id\":\"https:\\\/\\\/folhapopular.info\\\/index.php\\\/2025\\\/12\\\/01\\\/rota-do-sol-tera-conjunto-mais-complexo-de-obras\\\/#primaryimage\"},\"image\":{\"@id\":\"https:\\\/\\\/folhapopular.info\\\/index.php\\\/2025\\\/12\\\/01\\\/rota-do-sol-tera-conjunto-mais-complexo-de-obras\\\/#primaryimage\"},\"thumbnailUrl\":\"https:\\\/\\\/folhapopular.info\\\/wp-content\\\/uploads\\\/2025\\\/12\\\/MAPA-CENTRAL-ROTA-DO-SOL_FOLHA_POPULAR_1.jpg\",\"datePublished\":\"2025-12-01T17:26:56+00:00\",\"dateModified\":\"2025-12-01T18:04:06+00:00\",\"author\":{\"@id\":\"https:\\\/\\\/folhapopular.info\\\/#\\\/schema\\\/person\\\/533a15f60cd49e81ab3a90b4ca33cb36\"},\"breadcrumb\":{\"@id\":\"https:\\\/\\\/folhapopular.info\\\/index.php\\\/2025\\\/12\\\/01\\\/rota-do-sol-tera-conjunto-mais-complexo-de-obras\\\/#breadcrumb\"},\"inLanguage\":\"pt-BR\",\"potentialAction\":[{\"@type\":\"ReadAction\",\"target\":[\"https:\\\/\\\/folhapopular.info\\\/index.php\\\/2025\\\/12\\\/01\\\/rota-do-sol-tera-conjunto-mais-complexo-de-obras\\\/\"]}]},{\"@type\":\"ImageObject\",\"inLanguage\":\"pt-BR\",\"@id\":\"https:\\\/\\\/folhapopular.info\\\/index.php\\\/2025\\\/12\\\/01\\\/rota-do-sol-tera-conjunto-mais-complexo-de-obras\\\/#primaryimage\",\"url\":\"https:\\\/\\\/folhapopular.info\\\/wp-content\\\/uploads\\\/2025\\\/12\\\/MAPA-CENTRAL-ROTA-DO-SOL_FOLHA_POPULAR_1.jpg\",\"contentUrl\":\"https:\\\/\\\/folhapopular.info\\\/wp-content\\\/uploads\\\/2025\\\/12\\\/MAPA-CENTRAL-ROTA-DO-SOL_FOLHA_POPULAR_1.jpg\",\"width\":2505,\"height\":1017,\"caption\":\"Cr\u00e9dito: Gustavo Tomazi \\\/ Folha Popular\"},{\"@type\":\"BreadcrumbList\",\"@id\":\"https:\\\/\\\/folhapopular.info\\\/index.php\\\/2025\\\/12\\\/01\\\/rota-do-sol-tera-conjunto-mais-complexo-de-obras\\\/#breadcrumb\",\"itemListElement\":[{\"@type\":\"ListItem\",\"position\":1,\"name\":\"In\u00edcio\",\"item\":\"https:\\\/\\\/folhapopular.info\\\/\"},{\"@type\":\"ListItem\",\"position\":2,\"name\":\"Rota do Sol ter\u00e1 conjunto mais complexo de obras\"}]},{\"@type\":\"WebSite\",\"@id\":\"https:\\\/\\\/folhapopular.info\\\/#website\",\"url\":\"https:\\\/\\\/folhapopular.info\\\/\",\"name\":\"Folha Popular\",\"description\":\"Onde voc\u00ea tem vez e voz\",\"potentialAction\":[{\"@type\":\"SearchAction\",\"target\":{\"@type\":\"EntryPoint\",\"urlTemplate\":\"https:\\\/\\\/folhapopular.info\\\/?s={search_term_string}\"},\"query-input\":{\"@type\":\"PropertyValueSpecification\",\"valueRequired\":true,\"valueName\":\"search_term_string\"}}],\"inLanguage\":\"pt-BR\"},{\"@type\":\"Person\",\"@id\":\"https:\\\/\\\/folhapopular.info\\\/#\\\/schema\\\/person\\\/533a15f60cd49e81ab3a90b4ca33cb36\",\"name\":\"Lucas Leandro Brune\",\"image\":{\"@type\":\"ImageObject\",\"inLanguage\":\"pt-BR\",\"@id\":\"https:\\\/\\\/folhapopular.info\\\/wp-content\\\/uploads\\\/2026\\\/04\\\/LUCAS-1-1.webp\",\"url\":\"https:\\\/\\\/folhapopular.info\\\/wp-content\\\/uploads\\\/2026\\\/04\\\/LUCAS-1-1.webp\",\"contentUrl\":\"https:\\\/\\\/folhapopular.info\\\/wp-content\\\/uploads\\\/2026\\\/04\\\/LUCAS-1-1.webp\",\"caption\":\"Lucas Leandro Brune\"},\"description\":\"Jornalista Profissional Diplomado MTB\\\/RS 14.333\",\"url\":\"https:\\\/\\\/folhapopular.info\\\/index.php\\\/author\\\/lucas-brune\\\/\"}]}<\/script>\n<!-- \/ Yoast SEO plugin. -->","yoast_head_json":{"title":"Rota do Sol ter\u00e1 conjunto mais complexo de obras - Folha Popular","robots":{"index":"index","follow":"follow","max-snippet":"max-snippet:-1","max-image-preview":"max-image-preview:large","max-video-preview":"max-video-preview:-1"},"canonical":"https:\/\/folhapopular.info\/index.php\/2025\/12\/01\/rota-do-sol-tera-conjunto-mais-complexo-de-obras\/","og_locale":"pt_BR","og_type":"article","og_title":"Rota do Sol ter\u00e1 conjunto mais complexo de obras - Folha Popular","og_description":"A RSC-453 (Rota do Sol) come\u00e7a em Ven\u00e2ncio Aires &#8211; a partir do entroncamento com a RSC-287 &#8211; passa pela Serra Ga\u00facha e finaliza no Litoral. No trecho entre Ven\u00e2ncio e Garibaldi, vai passar por um conjunto relevante de interven\u00e7\u00f5es previstas no bloco 2 de concess\u00f5es do governo do Estado, conforme explana o Programa de [&hellip;]","og_url":"https:\/\/folhapopular.info\/index.php\/2025\/12\/01\/rota-do-sol-tera-conjunto-mais-complexo-de-obras\/","og_site_name":"Folha Popular","article_published_time":"2025-12-01T17:26:56+00:00","article_modified_time":"2025-12-01T18:04:06+00:00","og_image":[{"width":2505,"height":1017,"url":"http:\/\/folhapopular.info\/wp-content\/uploads\/2025\/12\/MAPA-CENTRAL-ROTA-DO-SOL_FOLHA_POPULAR_1.jpg","type":"image\/jpeg"}],"author":"Lucas Leandro Brune","twitter_card":"summary_large_image","twitter_misc":{"Escrito por":"Lucas Leandro Brune","Est. tempo de leitura":"6 minutos"},"schema":{"@context":"https:\/\/schema.org","@graph":[{"@type":"Article","@id":"https:\/\/folhapopular.info\/index.php\/2025\/12\/01\/rota-do-sol-tera-conjunto-mais-complexo-de-obras\/#article","isPartOf":{"@id":"https:\/\/folhapopular.info\/index.php\/2025\/12\/01\/rota-do-sol-tera-conjunto-mais-complexo-de-obras\/"},"author":{"name":"Lucas Leandro Brune","@id":"https:\/\/folhapopular.info\/#\/schema\/person\/533a15f60cd49e81ab3a90b4ca33cb36"},"headline":"Rota do Sol ter\u00e1 conjunto mais complexo de obras","datePublished":"2025-12-01T17:26:56+00:00","dateModified":"2025-12-01T18:04:06+00:00","mainEntityOfPage":{"@id":"https:\/\/folhapopular.info\/index.php\/2025\/12\/01\/rota-do-sol-tera-conjunto-mais-complexo-de-obras\/"},"wordCount":995,"commentCount":0,"image":{"@id":"https:\/\/folhapopular.info\/index.php\/2025\/12\/01\/rota-do-sol-tera-conjunto-mais-complexo-de-obras\/#primaryimage"},"thumbnailUrl":"https:\/\/folhapopular.info\/wp-content\/uploads\/2025\/12\/MAPA-CENTRAL-ROTA-DO-SOL_FOLHA_POPULAR_1.jpg","keywords":["Bloco 2","Governo do Estado","rodovias","Rota do Sol","RSC-453","Vale do Taquari"],"articleSection":["Assinantes","Bloco 2: RSC-453","Cadernos Especiais","Conte\u00fado Exclusivo"],"inLanguage":"pt-BR","potentialAction":[{"@type":"CommentAction","name":"Comment","target":["https:\/\/folhapopular.info\/index.php\/2025\/12\/01\/rota-do-sol-tera-conjunto-mais-complexo-de-obras\/#respond"]}]},{"@type":"WebPage","@id":"https:\/\/folhapopular.info\/index.php\/2025\/12\/01\/rota-do-sol-tera-conjunto-mais-complexo-de-obras\/","url":"https:\/\/folhapopular.info\/index.php\/2025\/12\/01\/rota-do-sol-tera-conjunto-mais-complexo-de-obras\/","name":"Rota do Sol ter\u00e1 conjunto mais complexo de obras - Folha Popular","isPartOf":{"@id":"https:\/\/folhapopular.info\/#website"},"primaryImageOfPage":{"@id":"https:\/\/folhapopular.info\/index.php\/2025\/12\/01\/rota-do-sol-tera-conjunto-mais-complexo-de-obras\/#primaryimage"},"image":{"@id":"https:\/\/folhapopular.info\/index.php\/2025\/12\/01\/rota-do-sol-tera-conjunto-mais-complexo-de-obras\/#primaryimage"},"thumbnailUrl":"https:\/\/folhapopular.info\/wp-content\/uploads\/2025\/12\/MAPA-CENTRAL-ROTA-DO-SOL_FOLHA_POPULAR_1.jpg","datePublished":"2025-12-01T17:26:56+00:00","dateModified":"2025-12-01T18:04:06+00:00","author":{"@id":"https:\/\/folhapopular.info\/#\/schema\/person\/533a15f60cd49e81ab3a90b4ca33cb36"},"breadcrumb":{"@id":"https:\/\/folhapopular.info\/index.php\/2025\/12\/01\/rota-do-sol-tera-conjunto-mais-complexo-de-obras\/#breadcrumb"},"inLanguage":"pt-BR","potentialAction":[{"@type":"ReadAction","target":["https:\/\/folhapopular.info\/index.php\/2025\/12\/01\/rota-do-sol-tera-conjunto-mais-complexo-de-obras\/"]}]},{"@type":"ImageObject","inLanguage":"pt-BR","@id":"https:\/\/folhapopular.info\/index.php\/2025\/12\/01\/rota-do-sol-tera-conjunto-mais-complexo-de-obras\/#primaryimage","url":"https:\/\/folhapopular.info\/wp-content\/uploads\/2025\/12\/MAPA-CENTRAL-ROTA-DO-SOL_FOLHA_POPULAR_1.jpg","contentUrl":"https:\/\/folhapopular.info\/wp-content\/uploads\/2025\/12\/MAPA-CENTRAL-ROTA-DO-SOL_FOLHA_POPULAR_1.jpg","width":2505,"height":1017,"caption":"Cr\u00e9dito: Gustavo Tomazi \/ Folha Popular"},{"@type":"BreadcrumbList","@id":"https:\/\/folhapopular.info\/index.php\/2025\/12\/01\/rota-do-sol-tera-conjunto-mais-complexo-de-obras\/#breadcrumb","itemListElement":[{"@type":"ListItem","position":1,"name":"In\u00edcio","item":"https:\/\/folhapopular.info\/"},{"@type":"ListItem","position":2,"name":"Rota do Sol ter\u00e1 conjunto mais complexo de obras"}]},{"@type":"WebSite","@id":"https:\/\/folhapopular.info\/#website","url":"https:\/\/folhapopular.info\/","name":"Folha Popular","description":"Onde voc\u00ea tem vez e voz","potentialAction":[{"@type":"SearchAction","target":{"@type":"EntryPoint","urlTemplate":"https:\/\/folhapopular.info\/?s={search_term_string}"},"query-input":{"@type":"PropertyValueSpecification","valueRequired":true,"valueName":"search_term_string"}}],"inLanguage":"pt-BR"},{"@type":"Person","@id":"https:\/\/folhapopular.info\/#\/schema\/person\/533a15f60cd49e81ab3a90b4ca33cb36","name":"Lucas Leandro Brune","image":{"@type":"ImageObject","inLanguage":"pt-BR","@id":"https:\/\/folhapopular.info\/wp-content\/uploads\/2026\/04\/LUCAS-1-1.webp","url":"https:\/\/folhapopular.info\/wp-content\/uploads\/2026\/04\/LUCAS-1-1.webp","contentUrl":"https:\/\/folhapopular.info\/wp-content\/uploads\/2026\/04\/LUCAS-1-1.webp","caption":"Lucas Leandro Brune"},"description":"Jornalista Profissional Diplomado MTB\/RS 14.333","url":"https:\/\/folhapopular.info\/index.php\/author\/lucas-brune\/"}]}},"jetpack_featured_media_url":"https:\/\/folhapopular.info\/wp-content\/uploads\/2025\/12\/MAPA-CENTRAL-ROTA-DO-SOL_FOLHA_POPULAR_1.jpg","jetpack_sharing_enabled":true,"amp_enabled":true,"_links":{"self":[{"href":"https:\/\/folhapopular.info\/index.php\/wp-json\/wp\/v2\/posts\/199481","targetHints":{"allow":["GET"]}}],"collection":[{"href":"https:\/\/folhapopular.info\/index.php\/wp-json\/wp\/v2\/posts"}],"about":[{"href":"https:\/\/folhapopular.info\/index.php\/wp-json\/wp\/v2\/types\/post"}],"author":[{"embeddable":true,"href":"https:\/\/folhapopular.info\/index.php\/wp-json\/wp\/v2\/users\/7"}],"replies":[{"embeddable":true,"href":"https:\/\/folhapopular.info\/index.php\/wp-json\/wp\/v2\/comments?post=199481"}],"version-history":[{"count":0,"href":"https:\/\/folhapopular.info\/index.php\/wp-json\/wp\/v2\/posts\/199481\/revisions"}],"wp:featuredmedia":[{"embeddable":true,"href":"https:\/\/folhapopular.info\/index.php\/wp-json\/wp\/v2\/media\/199484"}],"wp:attachment":[{"href":"https:\/\/folhapopular.info\/index.php\/wp-json\/wp\/v2\/media?parent=199481"}],"wp:term":[{"taxonomy":"category","embeddable":true,"href":"https:\/\/folhapopular.info\/index.php\/wp-json\/wp\/v2\/categories?post=199481"},{"taxonomy":"post_tag","embeddable":true,"href":"https:\/\/folhapopular.info\/index.php\/wp-json\/wp\/v2\/tags?post=199481"}],"curies":[{"name":"wp","href":"https:\/\/api.w.org\/{rel}","templated":true}]}}