{"id":199499,"date":"2025-12-01T14:58:44","date_gmt":"2025-12-01T17:58:44","guid":{"rendered":"https:\/\/folhapopular.info\/?p=199499"},"modified":"2025-12-01T15:01:28","modified_gmt":"2025-12-01T18:01:28","slug":"via-lactea-passara-por-transformacao-apos-40-anos","status":"publish","type":"post","link":"https:\/\/folhapopular.info\/index.php\/2025\/12\/01\/via-lactea-passara-por-transformacao-apos-40-anos\/","title":{"rendered":"Via L\u00e1ctea passar\u00e1 por transforma\u00e7\u00e3o ap\u00f3s 40 anos"},"content":{"rendered":"<p>A ERS-128 (Via L\u00e1ctea) ter\u00e1 um dos pacotes mais concentrados de obras dentro do novo programa de concess\u00f5es. Com pouco mais de 16 quil\u00f4metros entre Fazenda Vilanova (BR-386) e Teut\u00f4nia (RSC-453 &#8211; Rota do Sol), o tra\u00e7ado receber\u00e1 interven\u00e7\u00f5es que aumentam a capacidade, ampliam a seguran\u00e7a e reorganizam o fluxo urbano dos trechos mais adensados&#8230;. <\/p>\n<div class=\"pmpro\">\n<div class=\"pmpro_card pmpro_content_message\">\n<div class=\"pmpro_card_content\">Este conte\u00fado \u00e9 apenas para associados Grupo Popular &#8211; Conte\u00fado Total Anual e Grupo Popular &#8211; Conte\u00fado Total Mensal. <br \/><a href=\"https:\/\/folhapopular.info\/wp-login.php?action=register\">Cadastre-se<\/a><\/div>\n<div class=\"pmpro_card_actions pmpro_font-medium\">J\u00e1 se associou? <a href=\"https:\/\/folhapopular.info\/wp-login.php?redirect_to=https%3A%2F%2Ffolhapopular.info%2Findex.php%2F2025%2F12%2F01%2Fvia-lactea-passara-por-transformacao-apos-40-anos%2F\">Acesse aqui<\/a><\/div>\n<\/div>\n<\/div>\n","protected":false},"excerpt":{"rendered":"<p>A ERS-128 (Via L\u00e1ctea) ter\u00e1 um dos pacotes mais concentrados de obras dentro do novo programa de concess\u00f5es. Com pouco mais de 16 quil\u00f4metros entre Fazenda Vilanova (BR-386) e Teut\u00f4nia (RSC-453 &#8211; Rota do Sol), o tra\u00e7ado receber\u00e1 interven\u00e7\u00f5es que aumentam a capacidade, ampliam a seguran\u00e7a e reorganizam o fluxo urbano dos trechos mais adensados.... <\/p>\n<div class=\"pmpro\"><div class=\"pmpro_card pmpro_content_message\"><div class=\"pmpro_card_content\">Este conte\u00fado \u00e9 apenas para associados Grupo Popular - Conte\u00fado Total Anual e Grupo Popular - Conte\u00fado Total Mensal. <br \/><a href=\"https:\/\/folhapopular.info\/wp-login.php?action=register\">Cadastre-se<\/a><\/div><div class=\"pmpro_card_actions pmpro_font-medium\">J\u00e1 se associou? <a href=\"https:\/\/folhapopular.info\/wp-login.php?redirect_to=https%3A%2F%2Ffolhapopular.info%2Findex.php%2F2025%2F12%2F01%2Fvia-lactea-passara-por-transformacao-apos-40-anos%2F\">Acesse aqui<\/a><\/div><\/div><\/div>","protected":false},"author":7,"featured_media":199501,"comment_status":"open","ping_status":"open","sticky":false,"template":"","format":"standard","meta":{"pmpro_default_level":"","_jetpack_memberships_contains_paid_content":false,"footnotes":""},"categories":[11078,20101,20098],"tags":[17091,359,801,2811,26,358],"class_list":{"0":"post-199499","1":"post","2":"type-post","3":"status-publish","4":"format-standard","5":"has-post-thumbnail","7":"category-assinantes","8":"category-bloco-2-ers-128","9":"category-cadernos-especiais","10":"tag-bloco-2","11":"tag-ers-128","12":"tag-fazenda-vilanova","13":"tag-rodovias","14":"tag-teutonia","15":"tag-via-lactea","16":"pmpro-level-required","17":"pmpro-level-2","18":"pmpro-level-4","19":"pmpro-level-5","20":"pmpro-no-access"},"yoast_head":"<!-- This site is optimized with the Yoast SEO plugin v27.4 - https:\/\/yoast.com\/product\/yoast-seo-wordpress\/ -->\n<title>Via L\u00e1ctea passar\u00e1 por transforma\u00e7\u00e3o ap\u00f3s 40 anos - Folha Popular<\/title>\n<meta name=\"robots\" content=\"index, follow, max-snippet:-1, max-image-preview:large, max-video-preview:-1\" \/>\n<link rel=\"canonical\" href=\"https:\/\/folhapopular.info\/index.php\/2025\/12\/01\/via-lactea-passara-por-transformacao-apos-40-anos\/\" \/>\n<meta property=\"og:locale\" content=\"pt_BR\" \/>\n<meta property=\"og:type\" content=\"article\" \/>\n<meta property=\"og:title\" content=\"Via L\u00e1ctea passar\u00e1 por transforma\u00e7\u00e3o ap\u00f3s 40 anos - Folha Popular\" \/>\n<meta property=\"og:description\" content=\"A ERS-128 (Via L\u00e1ctea) ter\u00e1 um dos pacotes mais concentrados de obras dentro do novo programa de concess\u00f5es. Com pouco mais de 16 quil\u00f4metros entre Fazenda Vilanova (BR-386) e Teut\u00f4nia (RSC-453 &#8211; Rota do Sol), o tra\u00e7ado receber\u00e1 interven\u00e7\u00f5es que aumentam a capacidade, ampliam a seguran\u00e7a e reorganizam o fluxo urbano dos trechos mais adensados. [&hellip;]\" \/>\n<meta property=\"og:url\" content=\"https:\/\/folhapopular.info\/index.php\/2025\/12\/01\/via-lactea-passara-por-transformacao-apos-40-anos\/\" \/>\n<meta property=\"og:site_name\" content=\"Folha Popular\" \/>\n<meta property=\"article:published_time\" content=\"2025-12-01T17:58:44+00:00\" \/>\n<meta property=\"article:modified_time\" content=\"2025-12-01T18:01:28+00:00\" \/>\n<meta property=\"og:image\" content=\"http:\/\/folhapopular.info\/wp-content\/uploads\/2025\/12\/MAPA-CENTRAL-VIA-LACTEA_FOLHA_POPULAR_1.jpg\" \/>\n\t<meta property=\"og:image:width\" content=\"2499\" \/>\n\t<meta property=\"og:image:height\" content=\"1014\" \/>\n\t<meta property=\"og:image:type\" content=\"image\/jpeg\" \/>\n<meta name=\"author\" content=\"Lucas Leandro Brune\" \/>\n<meta name=\"twitter:card\" content=\"summary_large_image\" \/>\n<meta name=\"twitter:label1\" content=\"Escrito por\" \/>\n\t<meta name=\"twitter:data1\" content=\"Lucas Leandro Brune\" \/>\n\t<meta name=\"twitter:label2\" content=\"Est. tempo de leitura\" \/>\n\t<meta name=\"twitter:data2\" content=\"4 minutos\" \/>\n<script type=\"application\/ld+json\" class=\"yoast-schema-graph\">{\"@context\":\"https:\\\/\\\/schema.org\",\"@graph\":[{\"@type\":\"Article\",\"@id\":\"https:\\\/\\\/folhapopular.info\\\/index.php\\\/2025\\\/12\\\/01\\\/via-lactea-passara-por-transformacao-apos-40-anos\\\/#article\",\"isPartOf\":{\"@id\":\"https:\\\/\\\/folhapopular.info\\\/index.php\\\/2025\\\/12\\\/01\\\/via-lactea-passara-por-transformacao-apos-40-anos\\\/\"},\"author\":{\"name\":\"Lucas Leandro Brune\",\"@id\":\"https:\\\/\\\/folhapopular.info\\\/#\\\/schema\\\/person\\\/533a15f60cd49e81ab3a90b4ca33cb36\"},\"headline\":\"Via L\u00e1ctea passar\u00e1 por transforma\u00e7\u00e3o ap\u00f3s 40 anos\",\"datePublished\":\"2025-12-01T17:58:44+00:00\",\"dateModified\":\"2025-12-01T18:01:28+00:00\",\"mainEntityOfPage\":{\"@id\":\"https:\\\/\\\/folhapopular.info\\\/index.php\\\/2025\\\/12\\\/01\\\/via-lactea-passara-por-transformacao-apos-40-anos\\\/\"},\"wordCount\":671,\"commentCount\":0,\"image\":{\"@id\":\"https:\\\/\\\/folhapopular.info\\\/index.php\\\/2025\\\/12\\\/01\\\/via-lactea-passara-por-transformacao-apos-40-anos\\\/#primaryimage\"},\"thumbnailUrl\":\"https:\\\/\\\/folhapopular.info\\\/wp-content\\\/uploads\\\/2025\\\/12\\\/MAPA-CENTRAL-VIA-LACTEA_FOLHA_POPULAR_1.jpg\",\"keywords\":[\"Bloco 2\",\"ERS-128\",\"Fazenda Vilanova\",\"rodovias\",\"Teut\u00f4nia\",\"Via L\u00e1ctea\"],\"articleSection\":[\"Assinantes\",\"Bloco 2: ERS-128\",\"Cadernos Especiais\"],\"inLanguage\":\"pt-BR\",\"potentialAction\":[{\"@type\":\"CommentAction\",\"name\":\"Comment\",\"target\":[\"https:\\\/\\\/folhapopular.info\\\/index.php\\\/2025\\\/12\\\/01\\\/via-lactea-passara-por-transformacao-apos-40-anos\\\/#respond\"]}]},{\"@type\":\"WebPage\",\"@id\":\"https:\\\/\\\/folhapopular.info\\\/index.php\\\/2025\\\/12\\\/01\\\/via-lactea-passara-por-transformacao-apos-40-anos\\\/\",\"url\":\"https:\\\/\\\/folhapopular.info\\\/index.php\\\/2025\\\/12\\\/01\\\/via-lactea-passara-por-transformacao-apos-40-anos\\\/\",\"name\":\"Via L\u00e1ctea passar\u00e1 por transforma\u00e7\u00e3o ap\u00f3s 40 anos - Folha Popular\",\"isPartOf\":{\"@id\":\"https:\\\/\\\/folhapopular.info\\\/#website\"},\"primaryImageOfPage\":{\"@id\":\"https:\\\/\\\/folhapopular.info\\\/index.php\\\/2025\\\/12\\\/01\\\/via-lactea-passara-por-transformacao-apos-40-anos\\\/#primaryimage\"},\"image\":{\"@id\":\"https:\\\/\\\/folhapopular.info\\\/index.php\\\/2025\\\/12\\\/01\\\/via-lactea-passara-por-transformacao-apos-40-anos\\\/#primaryimage\"},\"thumbnailUrl\":\"https:\\\/\\\/folhapopular.info\\\/wp-content\\\/uploads\\\/2025\\\/12\\\/MAPA-CENTRAL-VIA-LACTEA_FOLHA_POPULAR_1.jpg\",\"datePublished\":\"2025-12-01T17:58:44+00:00\",\"dateModified\":\"2025-12-01T18:01:28+00:00\",\"author\":{\"@id\":\"https:\\\/\\\/folhapopular.info\\\/#\\\/schema\\\/person\\\/533a15f60cd49e81ab3a90b4ca33cb36\"},\"breadcrumb\":{\"@id\":\"https:\\\/\\\/folhapopular.info\\\/index.php\\\/2025\\\/12\\\/01\\\/via-lactea-passara-por-transformacao-apos-40-anos\\\/#breadcrumb\"},\"inLanguage\":\"pt-BR\",\"potentialAction\":[{\"@type\":\"ReadAction\",\"target\":[\"https:\\\/\\\/folhapopular.info\\\/index.php\\\/2025\\\/12\\\/01\\\/via-lactea-passara-por-transformacao-apos-40-anos\\\/\"]}]},{\"@type\":\"ImageObject\",\"inLanguage\":\"pt-BR\",\"@id\":\"https:\\\/\\\/folhapopular.info\\\/index.php\\\/2025\\\/12\\\/01\\\/via-lactea-passara-por-transformacao-apos-40-anos\\\/#primaryimage\",\"url\":\"https:\\\/\\\/folhapopular.info\\\/wp-content\\\/uploads\\\/2025\\\/12\\\/MAPA-CENTRAL-VIA-LACTEA_FOLHA_POPULAR_1.jpg\",\"contentUrl\":\"https:\\\/\\\/folhapopular.info\\\/wp-content\\\/uploads\\\/2025\\\/12\\\/MAPA-CENTRAL-VIA-LACTEA_FOLHA_POPULAR_1.jpg\",\"width\":2499,\"height\":1014},{\"@type\":\"BreadcrumbList\",\"@id\":\"https:\\\/\\\/folhapopular.info\\\/index.php\\\/2025\\\/12\\\/01\\\/via-lactea-passara-por-transformacao-apos-40-anos\\\/#breadcrumb\",\"itemListElement\":[{\"@type\":\"ListItem\",\"position\":1,\"name\":\"In\u00edcio\",\"item\":\"https:\\\/\\\/folhapopular.info\\\/\"},{\"@type\":\"ListItem\",\"position\":2,\"name\":\"Via L\u00e1ctea passar\u00e1 por transforma\u00e7\u00e3o ap\u00f3s 40 anos\"}]},{\"@type\":\"WebSite\",\"@id\":\"https:\\\/\\\/folhapopular.info\\\/#website\",\"url\":\"https:\\\/\\\/folhapopular.info\\\/\",\"name\":\"Folha Popular\",\"description\":\"Onde voc\u00ea tem vez e voz\",\"potentialAction\":[{\"@type\":\"SearchAction\",\"target\":{\"@type\":\"EntryPoint\",\"urlTemplate\":\"https:\\\/\\\/folhapopular.info\\\/?s={search_term_string}\"},\"query-input\":{\"@type\":\"PropertyValueSpecification\",\"valueRequired\":true,\"valueName\":\"search_term_string\"}}],\"inLanguage\":\"pt-BR\"},{\"@type\":\"Person\",\"@id\":\"https:\\\/\\\/folhapopular.info\\\/#\\\/schema\\\/person\\\/533a15f60cd49e81ab3a90b4ca33cb36\",\"name\":\"Lucas Leandro Brune\",\"image\":{\"@type\":\"ImageObject\",\"inLanguage\":\"pt-BR\",\"@id\":\"https:\\\/\\\/folhapopular.info\\\/wp-content\\\/uploads\\\/2026\\\/04\\\/LUCAS-1-1.webp\",\"url\":\"https:\\\/\\\/folhapopular.info\\\/wp-content\\\/uploads\\\/2026\\\/04\\\/LUCAS-1-1.webp\",\"contentUrl\":\"https:\\\/\\\/folhapopular.info\\\/wp-content\\\/uploads\\\/2026\\\/04\\\/LUCAS-1-1.webp\",\"caption\":\"Lucas Leandro Brune\"},\"description\":\"Jornalista Profissional Diplomado MTB\\\/RS 14.333\",\"url\":\"https:\\\/\\\/folhapopular.info\\\/index.php\\\/author\\\/lucas-brune\\\/\"}]}<\/script>\n<!-- \/ Yoast SEO plugin. -->","yoast_head_json":{"title":"Via L\u00e1ctea passar\u00e1 por transforma\u00e7\u00e3o ap\u00f3s 40 anos - Folha Popular","robots":{"index":"index","follow":"follow","max-snippet":"max-snippet:-1","max-image-preview":"max-image-preview:large","max-video-preview":"max-video-preview:-1"},"canonical":"https:\/\/folhapopular.info\/index.php\/2025\/12\/01\/via-lactea-passara-por-transformacao-apos-40-anos\/","og_locale":"pt_BR","og_type":"article","og_title":"Via L\u00e1ctea passar\u00e1 por transforma\u00e7\u00e3o ap\u00f3s 40 anos - Folha Popular","og_description":"A ERS-128 (Via L\u00e1ctea) ter\u00e1 um dos pacotes mais concentrados de obras dentro do novo programa de concess\u00f5es. Com pouco mais de 16 quil\u00f4metros entre Fazenda Vilanova (BR-386) e Teut\u00f4nia (RSC-453 &#8211; Rota do Sol), o tra\u00e7ado receber\u00e1 interven\u00e7\u00f5es que aumentam a capacidade, ampliam a seguran\u00e7a e reorganizam o fluxo urbano dos trechos mais adensados. [&hellip;]","og_url":"https:\/\/folhapopular.info\/index.php\/2025\/12\/01\/via-lactea-passara-por-transformacao-apos-40-anos\/","og_site_name":"Folha Popular","article_published_time":"2025-12-01T17:58:44+00:00","article_modified_time":"2025-12-01T18:01:28+00:00","og_image":[{"width":2499,"height":1014,"url":"http:\/\/folhapopular.info\/wp-content\/uploads\/2025\/12\/MAPA-CENTRAL-VIA-LACTEA_FOLHA_POPULAR_1.jpg","type":"image\/jpeg"}],"author":"Lucas Leandro Brune","twitter_card":"summary_large_image","twitter_misc":{"Escrito por":"Lucas Leandro Brune","Est. tempo de leitura":"4 minutos"},"schema":{"@context":"https:\/\/schema.org","@graph":[{"@type":"Article","@id":"https:\/\/folhapopular.info\/index.php\/2025\/12\/01\/via-lactea-passara-por-transformacao-apos-40-anos\/#article","isPartOf":{"@id":"https:\/\/folhapopular.info\/index.php\/2025\/12\/01\/via-lactea-passara-por-transformacao-apos-40-anos\/"},"author":{"name":"Lucas Leandro Brune","@id":"https:\/\/folhapopular.info\/#\/schema\/person\/533a15f60cd49e81ab3a90b4ca33cb36"},"headline":"Via L\u00e1ctea passar\u00e1 por transforma\u00e7\u00e3o ap\u00f3s 40 anos","datePublished":"2025-12-01T17:58:44+00:00","dateModified":"2025-12-01T18:01:28+00:00","mainEntityOfPage":{"@id":"https:\/\/folhapopular.info\/index.php\/2025\/12\/01\/via-lactea-passara-por-transformacao-apos-40-anos\/"},"wordCount":671,"commentCount":0,"image":{"@id":"https:\/\/folhapopular.info\/index.php\/2025\/12\/01\/via-lactea-passara-por-transformacao-apos-40-anos\/#primaryimage"},"thumbnailUrl":"https:\/\/folhapopular.info\/wp-content\/uploads\/2025\/12\/MAPA-CENTRAL-VIA-LACTEA_FOLHA_POPULAR_1.jpg","keywords":["Bloco 2","ERS-128","Fazenda Vilanova","rodovias","Teut\u00f4nia","Via L\u00e1ctea"],"articleSection":["Assinantes","Bloco 2: ERS-128","Cadernos Especiais"],"inLanguage":"pt-BR","potentialAction":[{"@type":"CommentAction","name":"Comment","target":["https:\/\/folhapopular.info\/index.php\/2025\/12\/01\/via-lactea-passara-por-transformacao-apos-40-anos\/#respond"]}]},{"@type":"WebPage","@id":"https:\/\/folhapopular.info\/index.php\/2025\/12\/01\/via-lactea-passara-por-transformacao-apos-40-anos\/","url":"https:\/\/folhapopular.info\/index.php\/2025\/12\/01\/via-lactea-passara-por-transformacao-apos-40-anos\/","name":"Via L\u00e1ctea passar\u00e1 por transforma\u00e7\u00e3o ap\u00f3s 40 anos - Folha Popular","isPartOf":{"@id":"https:\/\/folhapopular.info\/#website"},"primaryImageOfPage":{"@id":"https:\/\/folhapopular.info\/index.php\/2025\/12\/01\/via-lactea-passara-por-transformacao-apos-40-anos\/#primaryimage"},"image":{"@id":"https:\/\/folhapopular.info\/index.php\/2025\/12\/01\/via-lactea-passara-por-transformacao-apos-40-anos\/#primaryimage"},"thumbnailUrl":"https:\/\/folhapopular.info\/wp-content\/uploads\/2025\/12\/MAPA-CENTRAL-VIA-LACTEA_FOLHA_POPULAR_1.jpg","datePublished":"2025-12-01T17:58:44+00:00","dateModified":"2025-12-01T18:01:28+00:00","author":{"@id":"https:\/\/folhapopular.info\/#\/schema\/person\/533a15f60cd49e81ab3a90b4ca33cb36"},"breadcrumb":{"@id":"https:\/\/folhapopular.info\/index.php\/2025\/12\/01\/via-lactea-passara-por-transformacao-apos-40-anos\/#breadcrumb"},"inLanguage":"pt-BR","potentialAction":[{"@type":"ReadAction","target":["https:\/\/folhapopular.info\/index.php\/2025\/12\/01\/via-lactea-passara-por-transformacao-apos-40-anos\/"]}]},{"@type":"ImageObject","inLanguage":"pt-BR","@id":"https:\/\/folhapopular.info\/index.php\/2025\/12\/01\/via-lactea-passara-por-transformacao-apos-40-anos\/#primaryimage","url":"https:\/\/folhapopular.info\/wp-content\/uploads\/2025\/12\/MAPA-CENTRAL-VIA-LACTEA_FOLHA_POPULAR_1.jpg","contentUrl":"https:\/\/folhapopular.info\/wp-content\/uploads\/2025\/12\/MAPA-CENTRAL-VIA-LACTEA_FOLHA_POPULAR_1.jpg","width":2499,"height":1014},{"@type":"BreadcrumbList","@id":"https:\/\/folhapopular.info\/index.php\/2025\/12\/01\/via-lactea-passara-por-transformacao-apos-40-anos\/#breadcrumb","itemListElement":[{"@type":"ListItem","position":1,"name":"In\u00edcio","item":"https:\/\/folhapopular.info\/"},{"@type":"ListItem","position":2,"name":"Via L\u00e1ctea passar\u00e1 por transforma\u00e7\u00e3o ap\u00f3s 40 anos"}]},{"@type":"WebSite","@id":"https:\/\/folhapopular.info\/#website","url":"https:\/\/folhapopular.info\/","name":"Folha Popular","description":"Onde voc\u00ea tem vez e voz","potentialAction":[{"@type":"SearchAction","target":{"@type":"EntryPoint","urlTemplate":"https:\/\/folhapopular.info\/?s={search_term_string}"},"query-input":{"@type":"PropertyValueSpecification","valueRequired":true,"valueName":"search_term_string"}}],"inLanguage":"pt-BR"},{"@type":"Person","@id":"https:\/\/folhapopular.info\/#\/schema\/person\/533a15f60cd49e81ab3a90b4ca33cb36","name":"Lucas Leandro Brune","image":{"@type":"ImageObject","inLanguage":"pt-BR","@id":"https:\/\/folhapopular.info\/wp-content\/uploads\/2026\/04\/LUCAS-1-1.webp","url":"https:\/\/folhapopular.info\/wp-content\/uploads\/2026\/04\/LUCAS-1-1.webp","contentUrl":"https:\/\/folhapopular.info\/wp-content\/uploads\/2026\/04\/LUCAS-1-1.webp","caption":"Lucas Leandro Brune"},"description":"Jornalista Profissional Diplomado MTB\/RS 14.333","url":"https:\/\/folhapopular.info\/index.php\/author\/lucas-brune\/"}]}},"jetpack_featured_media_url":"https:\/\/folhapopular.info\/wp-content\/uploads\/2025\/12\/MAPA-CENTRAL-VIA-LACTEA_FOLHA_POPULAR_1.jpg","jetpack_sharing_enabled":true,"amp_enabled":true,"_links":{"self":[{"href":"https:\/\/folhapopular.info\/index.php\/wp-json\/wp\/v2\/posts\/199499","targetHints":{"allow":["GET"]}}],"collection":[{"href":"https:\/\/folhapopular.info\/index.php\/wp-json\/wp\/v2\/posts"}],"about":[{"href":"https:\/\/folhapopular.info\/index.php\/wp-json\/wp\/v2\/types\/post"}],"author":[{"embeddable":true,"href":"https:\/\/folhapopular.info\/index.php\/wp-json\/wp\/v2\/users\/7"}],"replies":[{"embeddable":true,"href":"https:\/\/folhapopular.info\/index.php\/wp-json\/wp\/v2\/comments?post=199499"}],"version-history":[{"count":0,"href":"https:\/\/folhapopular.info\/index.php\/wp-json\/wp\/v2\/posts\/199499\/revisions"}],"wp:featuredmedia":[{"embeddable":true,"href":"https:\/\/folhapopular.info\/index.php\/wp-json\/wp\/v2\/media\/199501"}],"wp:attachment":[{"href":"https:\/\/folhapopular.info\/index.php\/wp-json\/wp\/v2\/media?parent=199499"}],"wp:term":[{"taxonomy":"category","embeddable":true,"href":"https:\/\/folhapopular.info\/index.php\/wp-json\/wp\/v2\/categories?post=199499"},{"taxonomy":"post_tag","embeddable":true,"href":"https:\/\/folhapopular.info\/index.php\/wp-json\/wp\/v2\/tags?post=199499"}],"curies":[{"name":"wp","href":"https:\/\/api.w.org\/{rel}","templated":true}]}}