{"id":199511,"date":"2025-12-01T16:05:36","date_gmt":"2025-12-01T19:05:36","guid":{"rendered":"https:\/\/folhapopular.info\/?p=199511"},"modified":"2025-12-01T16:05:40","modified_gmt":"2025-12-01T19:05:40","slug":"acendimento-da-decoracao-natalina-da-praca-de-languiru-sera-nesta-segunda-feira","status":"publish","type":"post","link":"https:\/\/folhapopular.info\/index.php\/2025\/12\/01\/acendimento-da-decoracao-natalina-da-praca-de-languiru-sera-nesta-segunda-feira\/","title":{"rendered":"Acendimento da decora\u00e7\u00e3o natalina da Pra\u00e7a de Languiru ser\u00e1 nesta segunda-feira"},"content":{"rendered":"\n<p>Teut\u00f4nia ter\u00e1 mais um lugar para relembrar o esp\u00edrito natalino. A Pra\u00e7a Municipal Augusto Michel, localizada no Bairro Languiru, est\u00e1 sendo decorada por uma uni\u00e3o que fortalece a cidade: a parceria entre Inovar Neg\u00f3cios Imobili\u00e1rios, Mais Engenharia e a Administra\u00e7\u00e3o Municipal.<\/p>\n\n\n\n<p>A iniciativa nasce como uma Parceria P\u00fablico-Privada (PPP) que une prop\u00f3sito, cuidado e responsabilidade compartilhada. A Prefeitura de Teut\u00f4nia realizou a limpeza completa do espa\u00e7o, revitalizou brinquedos, pintou estruturas e preparou toda a \u00e1rea para receber a popula\u00e7\u00e3o com mais conforto e seguran\u00e7a.<\/p>\n\n\n\n<p>A partir desse movimento, Inovar e Mais Engenharia assumem o projeto de decora\u00e7\u00e3o natalina da pra\u00e7a, somando esfor\u00e7os para criar um ambiente acolhedor e vibrante.<\/p>\n\n\n\n<p>O espa\u00e7o deve receber ilumina\u00e7\u00e3o e decora\u00e7\u00e3o natalina pensadas para resgatar mem\u00f3rias afetivas, celebrar a uni\u00e3o das fam\u00edlias e reacender o clima festivo no cora\u00e7\u00e3o do bairro. A abertura oficial da ilumina\u00e7\u00e3o ocorre na noite desta segunda-feira (1\u00ba\/12).<\/p>\n\n\n\n<p>Esse movimento de manuten\u00e7\u00e3o e melhorias culmina no evento Natal que Conecta, que ser\u00e1 realizado gratuitamente no dia 20 de dezembro, com o prop\u00f3sito de reunir fam\u00edlias, promover momentos de conviv\u00eancia e refor\u00e7ar o esp\u00edrito natalino que inspira toda essa a\u00e7\u00e3o conjunta. Mais informa\u00e7\u00f5es e atra\u00e7\u00f5es ser\u00e3o divulgadas em breve.<\/p>\n","protected":false},"excerpt":{"rendered":"<p>Teut\u00f4nia ter\u00e1 mais um lugar para relembrar o esp\u00edrito natalino. A Pra\u00e7a Municipal Augusto Michel, localizada no Bairro Languiru, est\u00e1 sendo decorada por uma uni\u00e3o que fortalece a cidade: a parceria entre Inovar Neg\u00f3cios Imobili\u00e1rios, Mais Engenharia e a Administra\u00e7\u00e3o Municipal. A iniciativa nasce como uma Parceria P\u00fablico-Privada (PPP) que une prop\u00f3sito, cuidado e responsabilidade [&hellip;]<\/p>\n","protected":false},"author":8,"featured_media":199512,"comment_status":"open","ping_status":"open","sticky":false,"template":"","format":"standard","meta":{"pmpro_default_level":"","_jetpack_memberships_contains_paid_content":false,"footnotes":""},"categories":[2,6],"tags":[217,1155,1154,20105,26],"class_list":{"0":"post-199511","1":"post","2":"type-post","3":"status-publish","4":"format-standard","5":"has-post-thumbnail","7":"category-featured","8":"category-inclusive","9":"tag-bairro-languiru","10":"tag-decoracao","11":"tag-natal","12":"tag-praca-de-languiru","13":"tag-teutonia","14":"pmpro-has-access"},"yoast_head":"<!-- This site is optimized with the Yoast SEO plugin v27.5 - https:\/\/yoast.com\/product\/yoast-seo-wordpress\/ -->\n<title>Acendimento da decora\u00e7\u00e3o natalina da Pra\u00e7a de Languiru ser\u00e1 nesta segunda-feira - Folha Popular<\/title>\n<meta name=\"robots\" content=\"index, follow, max-snippet:-1, max-image-preview:large, max-video-preview:-1\" \/>\n<link rel=\"canonical\" href=\"https:\/\/folhapopular.info\/index.php\/2025\/12\/01\/acendimento-da-decoracao-natalina-da-praca-de-languiru-sera-nesta-segunda-feira\/\" \/>\n<meta property=\"og:locale\" content=\"pt_BR\" \/>\n<meta property=\"og:type\" content=\"article\" \/>\n<meta property=\"og:title\" content=\"Acendimento da decora\u00e7\u00e3o natalina da Pra\u00e7a de Languiru ser\u00e1 nesta segunda-feira - Folha Popular\" \/>\n<meta property=\"og:description\" content=\"Teut\u00f4nia ter\u00e1 mais um lugar para relembrar o esp\u00edrito natalino. A Pra\u00e7a Municipal Augusto Michel, localizada no Bairro Languiru, est\u00e1 sendo decorada por uma uni\u00e3o que fortalece a cidade: a parceria entre Inovar Neg\u00f3cios Imobili\u00e1rios, Mais Engenharia e a Administra\u00e7\u00e3o Municipal. A iniciativa nasce como uma Parceria P\u00fablico-Privada (PPP) que une prop\u00f3sito, cuidado e responsabilidade [&hellip;]\" \/>\n<meta property=\"og:url\" content=\"https:\/\/folhapopular.info\/index.php\/2025\/12\/01\/acendimento-da-decoracao-natalina-da-praca-de-languiru-sera-nesta-segunda-feira\/\" \/>\n<meta property=\"og:site_name\" content=\"Folha Popular\" \/>\n<meta property=\"article:published_time\" content=\"2025-12-01T19:05:36+00:00\" \/>\n<meta property=\"article:modified_time\" content=\"2025-12-01T19:05:40+00:00\" \/>\n<meta property=\"og:image\" content=\"http:\/\/folhapopular.info\/wp-content\/uploads\/2025\/12\/IMG_2479-scaled.jpg\" \/>\n\t<meta property=\"og:image:width\" content=\"2560\" \/>\n\t<meta property=\"og:image:height\" content=\"1920\" \/>\n\t<meta property=\"og:image:type\" content=\"image\/jpeg\" \/>\n<meta name=\"author\" content=\"Reda\u00e7\u00e3o Folha Popular\" \/>\n<meta name=\"twitter:card\" content=\"summary_large_image\" \/>\n<meta name=\"twitter:label1\" content=\"Escrito por\" \/>\n\t<meta name=\"twitter:data1\" content=\"Reda\u00e7\u00e3o Folha Popular\" \/>\n\t<meta name=\"twitter:label2\" content=\"Est. tempo de leitura\" \/>\n\t<meta name=\"twitter:data2\" content=\"2 minutos\" \/>\n<script type=\"application\/ld+json\" class=\"yoast-schema-graph\">{\"@context\":\"https:\\\/\\\/schema.org\",\"@graph\":[{\"@type\":\"Article\",\"@id\":\"https:\\\/\\\/folhapopular.info\\\/index.php\\\/2025\\\/12\\\/01\\\/acendimento-da-decoracao-natalina-da-praca-de-languiru-sera-nesta-segunda-feira\\\/#article\",\"isPartOf\":{\"@id\":\"https:\\\/\\\/folhapopular.info\\\/index.php\\\/2025\\\/12\\\/01\\\/acendimento-da-decoracao-natalina-da-praca-de-languiru-sera-nesta-segunda-feira\\\/\"},\"author\":{\"name\":\"Reda\u00e7\u00e3o Folha Popular\",\"@id\":\"https:\\\/\\\/folhapopular.info\\\/#\\\/schema\\\/person\\\/2814e8a0df7643585a9ca38bc6eb9d4b\"},\"headline\":\"Acendimento da decora\u00e7\u00e3o natalina da Pra\u00e7a de Languiru ser\u00e1 nesta segunda-feira\",\"datePublished\":\"2025-12-01T19:05:36+00:00\",\"dateModified\":\"2025-12-01T19:05:40+00:00\",\"mainEntityOfPage\":{\"@id\":\"https:\\\/\\\/folhapopular.info\\\/index.php\\\/2025\\\/12\\\/01\\\/acendimento-da-decoracao-natalina-da-praca-de-languiru-sera-nesta-segunda-feira\\\/\"},\"wordCount\":242,\"commentCount\":0,\"image\":{\"@id\":\"https:\\\/\\\/folhapopular.info\\\/index.php\\\/2025\\\/12\\\/01\\\/acendimento-da-decoracao-natalina-da-praca-de-languiru-sera-nesta-segunda-feira\\\/#primaryimage\"},\"thumbnailUrl\":\"https:\\\/\\\/folhapopular.info\\\/wp-content\\\/uploads\\\/2025\\\/12\\\/IMG_2479-scaled.jpg\",\"keywords\":[\"Bairro Languiru\",\"Decora\u00e7\u00e3o\",\"Natal\",\"Pra\u00e7a de Languiru\",\"Teut\u00f4nia\"],\"articleSection\":[\"Destaques\",\"Inclusive\"],\"inLanguage\":\"pt-BR\",\"potentialAction\":[{\"@type\":\"CommentAction\",\"name\":\"Comment\",\"target\":[\"https:\\\/\\\/folhapopular.info\\\/index.php\\\/2025\\\/12\\\/01\\\/acendimento-da-decoracao-natalina-da-praca-de-languiru-sera-nesta-segunda-feira\\\/#respond\"]}]},{\"@type\":\"WebPage\",\"@id\":\"https:\\\/\\\/folhapopular.info\\\/index.php\\\/2025\\\/12\\\/01\\\/acendimento-da-decoracao-natalina-da-praca-de-languiru-sera-nesta-segunda-feira\\\/\",\"url\":\"https:\\\/\\\/folhapopular.info\\\/index.php\\\/2025\\\/12\\\/01\\\/acendimento-da-decoracao-natalina-da-praca-de-languiru-sera-nesta-segunda-feira\\\/\",\"name\":\"Acendimento da decora\u00e7\u00e3o natalina da Pra\u00e7a de Languiru ser\u00e1 nesta segunda-feira - Folha Popular\",\"isPartOf\":{\"@id\":\"https:\\\/\\\/folhapopular.info\\\/#website\"},\"primaryImageOfPage\":{\"@id\":\"https:\\\/\\\/folhapopular.info\\\/index.php\\\/2025\\\/12\\\/01\\\/acendimento-da-decoracao-natalina-da-praca-de-languiru-sera-nesta-segunda-feira\\\/#primaryimage\"},\"image\":{\"@id\":\"https:\\\/\\\/folhapopular.info\\\/index.php\\\/2025\\\/12\\\/01\\\/acendimento-da-decoracao-natalina-da-praca-de-languiru-sera-nesta-segunda-feira\\\/#primaryimage\"},\"thumbnailUrl\":\"https:\\\/\\\/folhapopular.info\\\/wp-content\\\/uploads\\\/2025\\\/12\\\/IMG_2479-scaled.jpg\",\"datePublished\":\"2025-12-01T19:05:36+00:00\",\"dateModified\":\"2025-12-01T19:05:40+00:00\",\"author\":{\"@id\":\"https:\\\/\\\/folhapopular.info\\\/#\\\/schema\\\/person\\\/2814e8a0df7643585a9ca38bc6eb9d4b\"},\"breadcrumb\":{\"@id\":\"https:\\\/\\\/folhapopular.info\\\/index.php\\\/2025\\\/12\\\/01\\\/acendimento-da-decoracao-natalina-da-praca-de-languiru-sera-nesta-segunda-feira\\\/#breadcrumb\"},\"inLanguage\":\"pt-BR\",\"potentialAction\":[{\"@type\":\"ReadAction\",\"target\":[\"https:\\\/\\\/folhapopular.info\\\/index.php\\\/2025\\\/12\\\/01\\\/acendimento-da-decoracao-natalina-da-praca-de-languiru-sera-nesta-segunda-feira\\\/\"]}]},{\"@type\":\"ImageObject\",\"inLanguage\":\"pt-BR\",\"@id\":\"https:\\\/\\\/folhapopular.info\\\/index.php\\\/2025\\\/12\\\/01\\\/acendimento-da-decoracao-natalina-da-praca-de-languiru-sera-nesta-segunda-feira\\\/#primaryimage\",\"url\":\"https:\\\/\\\/folhapopular.info\\\/wp-content\\\/uploads\\\/2025\\\/12\\\/IMG_2479-scaled.jpg\",\"contentUrl\":\"https:\\\/\\\/folhapopular.info\\\/wp-content\\\/uploads\\\/2025\\\/12\\\/IMG_2479-scaled.jpg\",\"width\":2560,\"height\":1920,\"caption\":\"Grasieli Nabinger \\\/ Divulga\u00e7\u00e3o\"},{\"@type\":\"BreadcrumbList\",\"@id\":\"https:\\\/\\\/folhapopular.info\\\/index.php\\\/2025\\\/12\\\/01\\\/acendimento-da-decoracao-natalina-da-praca-de-languiru-sera-nesta-segunda-feira\\\/#breadcrumb\",\"itemListElement\":[{\"@type\":\"ListItem\",\"position\":1,\"name\":\"In\u00edcio\",\"item\":\"https:\\\/\\\/folhapopular.info\\\/\"},{\"@type\":\"ListItem\",\"position\":2,\"name\":\"Acendimento da decora\u00e7\u00e3o natalina da Pra\u00e7a de Languiru ser\u00e1 nesta segunda-feira\"}]},{\"@type\":\"WebSite\",\"@id\":\"https:\\\/\\\/folhapopular.info\\\/#website\",\"url\":\"https:\\\/\\\/folhapopular.info\\\/\",\"name\":\"Folha Popular\",\"description\":\"Onde voc\u00ea tem vez e voz\",\"potentialAction\":[{\"@type\":\"SearchAction\",\"target\":{\"@type\":\"EntryPoint\",\"urlTemplate\":\"https:\\\/\\\/folhapopular.info\\\/?s={search_term_string}\"},\"query-input\":{\"@type\":\"PropertyValueSpecification\",\"valueRequired\":true,\"valueName\":\"search_term_string\"}}],\"inLanguage\":\"pt-BR\"},{\"@type\":\"Person\",\"@id\":\"https:\\\/\\\/folhapopular.info\\\/#\\\/schema\\\/person\\\/2814e8a0df7643585a9ca38bc6eb9d4b\",\"name\":\"Reda\u00e7\u00e3o Folha Popular\",\"image\":{\"@type\":\"ImageObject\",\"inLanguage\":\"pt-BR\",\"@id\":\"https:\\\/\\\/folhapopular.info\\\/wp-content\\\/uploads\\\/2026\\\/04\\\/Folha-1.webp\",\"url\":\"https:\\\/\\\/folhapopular.info\\\/wp-content\\\/uploads\\\/2026\\\/04\\\/Folha-1.webp\",\"contentUrl\":\"https:\\\/\\\/folhapopular.info\\\/wp-content\\\/uploads\\\/2026\\\/04\\\/Folha-1.webp\",\"caption\":\"Reda\u00e7\u00e3o Folha Popular\"},\"url\":\"https:\\\/\\\/folhapopular.info\\\/index.php\\\/author\\\/redacao\\\/\"}]}<\/script>\n<!-- \/ Yoast SEO plugin. -->","yoast_head_json":{"title":"Acendimento da decora\u00e7\u00e3o natalina da Pra\u00e7a de Languiru ser\u00e1 nesta segunda-feira - Folha Popular","robots":{"index":"index","follow":"follow","max-snippet":"max-snippet:-1","max-image-preview":"max-image-preview:large","max-video-preview":"max-video-preview:-1"},"canonical":"https:\/\/folhapopular.info\/index.php\/2025\/12\/01\/acendimento-da-decoracao-natalina-da-praca-de-languiru-sera-nesta-segunda-feira\/","og_locale":"pt_BR","og_type":"article","og_title":"Acendimento da decora\u00e7\u00e3o natalina da Pra\u00e7a de Languiru ser\u00e1 nesta segunda-feira - Folha Popular","og_description":"Teut\u00f4nia ter\u00e1 mais um lugar para relembrar o esp\u00edrito natalino. A Pra\u00e7a Municipal Augusto Michel, localizada no Bairro Languiru, est\u00e1 sendo decorada por uma uni\u00e3o que fortalece a cidade: a parceria entre Inovar Neg\u00f3cios Imobili\u00e1rios, Mais Engenharia e a Administra\u00e7\u00e3o Municipal. A iniciativa nasce como uma Parceria P\u00fablico-Privada (PPP) que une prop\u00f3sito, cuidado e responsabilidade [&hellip;]","og_url":"https:\/\/folhapopular.info\/index.php\/2025\/12\/01\/acendimento-da-decoracao-natalina-da-praca-de-languiru-sera-nesta-segunda-feira\/","og_site_name":"Folha Popular","article_published_time":"2025-12-01T19:05:36+00:00","article_modified_time":"2025-12-01T19:05:40+00:00","og_image":[{"width":2560,"height":1920,"url":"http:\/\/folhapopular.info\/wp-content\/uploads\/2025\/12\/IMG_2479-scaled.jpg","type":"image\/jpeg"}],"author":"Reda\u00e7\u00e3o Folha Popular","twitter_card":"summary_large_image","twitter_misc":{"Escrito por":"Reda\u00e7\u00e3o Folha Popular","Est. tempo de leitura":"2 minutos"},"schema":{"@context":"https:\/\/schema.org","@graph":[{"@type":"Article","@id":"https:\/\/folhapopular.info\/index.php\/2025\/12\/01\/acendimento-da-decoracao-natalina-da-praca-de-languiru-sera-nesta-segunda-feira\/#article","isPartOf":{"@id":"https:\/\/folhapopular.info\/index.php\/2025\/12\/01\/acendimento-da-decoracao-natalina-da-praca-de-languiru-sera-nesta-segunda-feira\/"},"author":{"name":"Reda\u00e7\u00e3o Folha Popular","@id":"https:\/\/folhapopular.info\/#\/schema\/person\/2814e8a0df7643585a9ca38bc6eb9d4b"},"headline":"Acendimento da decora\u00e7\u00e3o natalina da Pra\u00e7a de Languiru ser\u00e1 nesta segunda-feira","datePublished":"2025-12-01T19:05:36+00:00","dateModified":"2025-12-01T19:05:40+00:00","mainEntityOfPage":{"@id":"https:\/\/folhapopular.info\/index.php\/2025\/12\/01\/acendimento-da-decoracao-natalina-da-praca-de-languiru-sera-nesta-segunda-feira\/"},"wordCount":242,"commentCount":0,"image":{"@id":"https:\/\/folhapopular.info\/index.php\/2025\/12\/01\/acendimento-da-decoracao-natalina-da-praca-de-languiru-sera-nesta-segunda-feira\/#primaryimage"},"thumbnailUrl":"https:\/\/folhapopular.info\/wp-content\/uploads\/2025\/12\/IMG_2479-scaled.jpg","keywords":["Bairro Languiru","Decora\u00e7\u00e3o","Natal","Pra\u00e7a de Languiru","Teut\u00f4nia"],"articleSection":["Destaques","Inclusive"],"inLanguage":"pt-BR","potentialAction":[{"@type":"CommentAction","name":"Comment","target":["https:\/\/folhapopular.info\/index.php\/2025\/12\/01\/acendimento-da-decoracao-natalina-da-praca-de-languiru-sera-nesta-segunda-feira\/#respond"]}]},{"@type":"WebPage","@id":"https:\/\/folhapopular.info\/index.php\/2025\/12\/01\/acendimento-da-decoracao-natalina-da-praca-de-languiru-sera-nesta-segunda-feira\/","url":"https:\/\/folhapopular.info\/index.php\/2025\/12\/01\/acendimento-da-decoracao-natalina-da-praca-de-languiru-sera-nesta-segunda-feira\/","name":"Acendimento da decora\u00e7\u00e3o natalina da Pra\u00e7a de Languiru ser\u00e1 nesta segunda-feira - Folha Popular","isPartOf":{"@id":"https:\/\/folhapopular.info\/#website"},"primaryImageOfPage":{"@id":"https:\/\/folhapopular.info\/index.php\/2025\/12\/01\/acendimento-da-decoracao-natalina-da-praca-de-languiru-sera-nesta-segunda-feira\/#primaryimage"},"image":{"@id":"https:\/\/folhapopular.info\/index.php\/2025\/12\/01\/acendimento-da-decoracao-natalina-da-praca-de-languiru-sera-nesta-segunda-feira\/#primaryimage"},"thumbnailUrl":"https:\/\/folhapopular.info\/wp-content\/uploads\/2025\/12\/IMG_2479-scaled.jpg","datePublished":"2025-12-01T19:05:36+00:00","dateModified":"2025-12-01T19:05:40+00:00","author":{"@id":"https:\/\/folhapopular.info\/#\/schema\/person\/2814e8a0df7643585a9ca38bc6eb9d4b"},"breadcrumb":{"@id":"https:\/\/folhapopular.info\/index.php\/2025\/12\/01\/acendimento-da-decoracao-natalina-da-praca-de-languiru-sera-nesta-segunda-feira\/#breadcrumb"},"inLanguage":"pt-BR","potentialAction":[{"@type":"ReadAction","target":["https:\/\/folhapopular.info\/index.php\/2025\/12\/01\/acendimento-da-decoracao-natalina-da-praca-de-languiru-sera-nesta-segunda-feira\/"]}]},{"@type":"ImageObject","inLanguage":"pt-BR","@id":"https:\/\/folhapopular.info\/index.php\/2025\/12\/01\/acendimento-da-decoracao-natalina-da-praca-de-languiru-sera-nesta-segunda-feira\/#primaryimage","url":"https:\/\/folhapopular.info\/wp-content\/uploads\/2025\/12\/IMG_2479-scaled.jpg","contentUrl":"https:\/\/folhapopular.info\/wp-content\/uploads\/2025\/12\/IMG_2479-scaled.jpg","width":2560,"height":1920,"caption":"Grasieli Nabinger \/ Divulga\u00e7\u00e3o"},{"@type":"BreadcrumbList","@id":"https:\/\/folhapopular.info\/index.php\/2025\/12\/01\/acendimento-da-decoracao-natalina-da-praca-de-languiru-sera-nesta-segunda-feira\/#breadcrumb","itemListElement":[{"@type":"ListItem","position":1,"name":"In\u00edcio","item":"https:\/\/folhapopular.info\/"},{"@type":"ListItem","position":2,"name":"Acendimento da decora\u00e7\u00e3o natalina da Pra\u00e7a de Languiru ser\u00e1 nesta segunda-feira"}]},{"@type":"WebSite","@id":"https:\/\/folhapopular.info\/#website","url":"https:\/\/folhapopular.info\/","name":"Folha Popular","description":"Onde voc\u00ea tem vez e voz","potentialAction":[{"@type":"SearchAction","target":{"@type":"EntryPoint","urlTemplate":"https:\/\/folhapopular.info\/?s={search_term_string}"},"query-input":{"@type":"PropertyValueSpecification","valueRequired":true,"valueName":"search_term_string"}}],"inLanguage":"pt-BR"},{"@type":"Person","@id":"https:\/\/folhapopular.info\/#\/schema\/person\/2814e8a0df7643585a9ca38bc6eb9d4b","name":"Reda\u00e7\u00e3o Folha Popular","image":{"@type":"ImageObject","inLanguage":"pt-BR","@id":"https:\/\/folhapopular.info\/wp-content\/uploads\/2026\/04\/Folha-1.webp","url":"https:\/\/folhapopular.info\/wp-content\/uploads\/2026\/04\/Folha-1.webp","contentUrl":"https:\/\/folhapopular.info\/wp-content\/uploads\/2026\/04\/Folha-1.webp","caption":"Reda\u00e7\u00e3o Folha Popular"},"url":"https:\/\/folhapopular.info\/index.php\/author\/redacao\/"}]}},"jetpack_featured_media_url":"https:\/\/folhapopular.info\/wp-content\/uploads\/2025\/12\/IMG_2479-scaled.jpg","jetpack_sharing_enabled":true,"amp_enabled":true,"_links":{"self":[{"href":"https:\/\/folhapopular.info\/index.php\/wp-json\/wp\/v2\/posts\/199511","targetHints":{"allow":["GET"]}}],"collection":[{"href":"https:\/\/folhapopular.info\/index.php\/wp-json\/wp\/v2\/posts"}],"about":[{"href":"https:\/\/folhapopular.info\/index.php\/wp-json\/wp\/v2\/types\/post"}],"author":[{"embeddable":true,"href":"https:\/\/folhapopular.info\/index.php\/wp-json\/wp\/v2\/users\/8"}],"replies":[{"embeddable":true,"href":"https:\/\/folhapopular.info\/index.php\/wp-json\/wp\/v2\/comments?post=199511"}],"version-history":[{"count":0,"href":"https:\/\/folhapopular.info\/index.php\/wp-json\/wp\/v2\/posts\/199511\/revisions"}],"wp:featuredmedia":[{"embeddable":true,"href":"https:\/\/folhapopular.info\/index.php\/wp-json\/wp\/v2\/media\/199512"}],"wp:attachment":[{"href":"https:\/\/folhapopular.info\/index.php\/wp-json\/wp\/v2\/media?parent=199511"}],"wp:term":[{"taxonomy":"category","embeddable":true,"href":"https:\/\/folhapopular.info\/index.php\/wp-json\/wp\/v2\/categories?post=199511"},{"taxonomy":"post_tag","embeddable":true,"href":"https:\/\/folhapopular.info\/index.php\/wp-json\/wp\/v2\/tags?post=199511"}],"curies":[{"name":"wp","href":"https:\/\/api.w.org\/{rel}","templated":true}]}}