{"id":199557,"date":"2025-12-02T12:00:00","date_gmt":"2025-12-02T15:00:00","guid":{"rendered":"https:\/\/folhapopular.info\/?p=199557"},"modified":"2025-12-02T10:48:42","modified_gmt":"2025-12-02T13:48:42","slug":"7a-jornada-tecnica-do-setor-alimenticio-reune-inovacao-conhecimento-e-negocios-em-lajeado","status":"publish","type":"post","link":"https:\/\/folhapopular.info\/index.php\/2025\/12\/02\/7a-jornada-tecnica-do-setor-alimenticio-reune-inovacao-conhecimento-e-negocios-em-lajeado\/","title":{"rendered":"7\u00aa Jornada T\u00e9cnica do Setor Aliment\u00edcio re\u00fane inova\u00e7\u00e3o, conhecimento e neg\u00f3cios em Lajeado"},"content":{"rendered":"\n<p>A 7\u00aa Jornada T\u00e9cnica do Setor Aliment\u00edcio, considerada o maior evento da \u00e1rea de alimentos e bebidas do Sul do Brasil, ser\u00e1 realizada de 12 a 14 de maio de 2026, no CTC Lajeado. Promovida pela Associa\u00e7\u00e3o Comercial e Industrial de Lajeado (Acil), a programa\u00e7\u00e3o vai reunir profissionais, empres\u00e1rios e especialistas de toda a cadeia produtiva para tr\u00eas dias de conte\u00fado, inova\u00e7\u00e3o e oportunidades de neg\u00f3cios.<\/p>\n\n\n\n<p>O Sal\u00e3o do Expositor j\u00e1 tem mais de 85% dos espa\u00e7os reservados por empresas nacionais e multinacionais. O espa\u00e7o ser\u00e1 palco para a apresenta\u00e7\u00e3o de inova\u00e7\u00f5es, marcas e fornecedores, favorecendo o fortalecimento de parcerias e a amplia\u00e7\u00e3o de neg\u00f3cios.<\/p>\n\n\n\n<p>Al\u00e9m da exposi\u00e7\u00e3o, a programa\u00e7\u00e3o t\u00e9cnica inclui o 22\u00ba Workshop em Alimentos, o 4\u00ba Semin\u00e1rio de Qualidade e Seguran\u00e7a em Alimentos, o 3\u00ba Semin\u00e1rio de Inova\u00e7\u00e3o, e o 3\u00ba Semin\u00e1rio de L\u00e1cteos.<\/p>\n\n\n\n<p>A cerim\u00f4nia de abertura, na noite de 12 de maio, ter\u00e1 palestra de Bia N\u00f3brega, especialista em potencializa\u00e7\u00e3o de pessoas e neg\u00f3cios, sobre \u201cO papel cada vez mais relevante das habilidades socioemocionais no ambiente corporativo do futuro\u201d. A apresenta\u00e7\u00e3o vai abordar compet\u00eancias essenciais para profissionais se destacarem em um mercado em constante transforma\u00e7\u00e3o.<\/p>\n\n\n\n<p>As inscri\u00e7\u00f5es para a programa\u00e7\u00e3o ser\u00e3o abertas no in\u00edcio de 2026. Informa\u00e7\u00f5es e contatos podem ser obtidos pelo telefone\/WhatsApp (51) 3011-6900 ou pelo e-mail <a>eventos@acilajeado.org.br<\/a>.<\/p>\n","protected":false},"excerpt":{"rendered":"<p>A 7\u00aa Jornada T\u00e9cnica do Setor Aliment\u00edcio, considerada o maior evento da \u00e1rea de alimentos e bebidas do Sul do Brasil, ser\u00e1 realizada de 12 a 14 de maio de 2026, no CTC Lajeado. Promovida pela Associa\u00e7\u00e3o Comercial e Industrial de Lajeado (Acil), a programa\u00e7\u00e3o vai reunir profissionais, empres\u00e1rios e especialistas de toda a cadeia [&hellip;]<\/p>\n","protected":false},"author":8,"featured_media":199558,"comment_status":"open","ping_status":"open","sticky":false,"template":"","format":"standard","meta":{"pmpro_default_level":"","_jetpack_memberships_contains_paid_content":false,"footnotes":""},"categories":[2,10991,12473],"tags":[214,18163,20111,27],"class_list":{"0":"post-199557","1":"post","2":"type-post","3":"status-publish","4":"format-standard","5":"has-post-thumbnail","7":"category-featured","8":"category-economia","9":"category-negocios","10":"tag-acil","11":"tag-ctc-lajeado","12":"tag-joranada-tecnica-do-setor-alimenticio","13":"tag-lajeado","14":"pmpro-has-access"},"yoast_head":"<!-- This site is optimized with the Yoast SEO plugin v27.5 - https:\/\/yoast.com\/product\/yoast-seo-wordpress\/ -->\n<title>7\u00aa Jornada T\u00e9cnica do Setor Aliment\u00edcio re\u00fane inova\u00e7\u00e3o, conhecimento e neg\u00f3cios em Lajeado - Folha Popular<\/title>\n<meta name=\"robots\" content=\"index, follow, max-snippet:-1, max-image-preview:large, max-video-preview:-1\" \/>\n<link rel=\"canonical\" href=\"https:\/\/folhapopular.info\/index.php\/2025\/12\/02\/7a-jornada-tecnica-do-setor-alimenticio-reune-inovacao-conhecimento-e-negocios-em-lajeado\/\" \/>\n<meta property=\"og:locale\" content=\"pt_BR\" \/>\n<meta property=\"og:type\" content=\"article\" \/>\n<meta property=\"og:title\" content=\"7\u00aa Jornada T\u00e9cnica do Setor Aliment\u00edcio re\u00fane inova\u00e7\u00e3o, conhecimento e neg\u00f3cios em Lajeado - Folha Popular\" \/>\n<meta property=\"og:description\" content=\"A 7\u00aa Jornada T\u00e9cnica do Setor Aliment\u00edcio, considerada o maior evento da \u00e1rea de alimentos e bebidas do Sul do Brasil, ser\u00e1 realizada de 12 a 14 de maio de 2026, no CTC Lajeado. Promovida pela Associa\u00e7\u00e3o Comercial e Industrial de Lajeado (Acil), a programa\u00e7\u00e3o vai reunir profissionais, empres\u00e1rios e especialistas de toda a cadeia [&hellip;]\" \/>\n<meta property=\"og:url\" content=\"https:\/\/folhapopular.info\/index.php\/2025\/12\/02\/7a-jornada-tecnica-do-setor-alimenticio-reune-inovacao-conhecimento-e-negocios-em-lajeado\/\" \/>\n<meta property=\"og:site_name\" content=\"Folha Popular\" \/>\n<meta property=\"article:published_time\" content=\"2025-12-02T15:00:00+00:00\" \/>\n<meta property=\"og:image\" content=\"https:\/\/folhapopular.info\/wp-content\/uploads\/2025\/12\/460227_1184372_dsc_0021-scaled.jpg\" \/>\n\t<meta property=\"og:image:width\" content=\"2560\" \/>\n\t<meta property=\"og:image:height\" content=\"1707\" \/>\n\t<meta property=\"og:image:type\" content=\"image\/jpeg\" \/>\n<meta name=\"author\" content=\"Reda\u00e7\u00e3o Folha Popular\" \/>\n<meta name=\"twitter:card\" content=\"summary_large_image\" \/>\n<meta name=\"twitter:label1\" content=\"Escrito por\" \/>\n\t<meta name=\"twitter:data1\" content=\"Reda\u00e7\u00e3o Folha Popular\" \/>\n\t<meta name=\"twitter:label2\" content=\"Est. tempo de leitura\" \/>\n\t<meta name=\"twitter:data2\" content=\"2 minutos\" \/>\n<script type=\"application\/ld+json\" class=\"yoast-schema-graph\">{\"@context\":\"https:\\\/\\\/schema.org\",\"@graph\":[{\"@type\":\"Article\",\"@id\":\"https:\\\/\\\/folhapopular.info\\\/index.php\\\/2025\\\/12\\\/02\\\/7a-jornada-tecnica-do-setor-alimenticio-reune-inovacao-conhecimento-e-negocios-em-lajeado\\\/#article\",\"isPartOf\":{\"@id\":\"https:\\\/\\\/folhapopular.info\\\/index.php\\\/2025\\\/12\\\/02\\\/7a-jornada-tecnica-do-setor-alimenticio-reune-inovacao-conhecimento-e-negocios-em-lajeado\\\/\"},\"author\":{\"name\":\"Reda\u00e7\u00e3o Folha Popular\",\"@id\":\"https:\\\/\\\/folhapopular.info\\\/#\\\/schema\\\/person\\\/2814e8a0df7643585a9ca38bc6eb9d4b\"},\"headline\":\"7\u00aa Jornada T\u00e9cnica do Setor Aliment\u00edcio re\u00fane inova\u00e7\u00e3o, conhecimento e neg\u00f3cios em Lajeado\",\"datePublished\":\"2025-12-02T15:00:00+00:00\",\"mainEntityOfPage\":{\"@id\":\"https:\\\/\\\/folhapopular.info\\\/index.php\\\/2025\\\/12\\\/02\\\/7a-jornada-tecnica-do-setor-alimenticio-reune-inovacao-conhecimento-e-negocios-em-lajeado\\\/\"},\"wordCount\":262,\"commentCount\":0,\"image\":{\"@id\":\"https:\\\/\\\/folhapopular.info\\\/index.php\\\/2025\\\/12\\\/02\\\/7a-jornada-tecnica-do-setor-alimenticio-reune-inovacao-conhecimento-e-negocios-em-lajeado\\\/#primaryimage\"},\"thumbnailUrl\":\"https:\\\/\\\/folhapopular.info\\\/wp-content\\\/uploads\\\/2025\\\/12\\\/460227_1184372_dsc_0021-scaled.jpg\",\"keywords\":[\"Acil\",\"CTC Lajeado\",\"Joranada T\u00e9cnica do Setor Aliment\u00edcio\",\"Lajeado\"],\"articleSection\":[\"Destaques\",\"Economia\",\"Neg\u00f3cios\"],\"inLanguage\":\"pt-BR\",\"potentialAction\":[{\"@type\":\"CommentAction\",\"name\":\"Comment\",\"target\":[\"https:\\\/\\\/folhapopular.info\\\/index.php\\\/2025\\\/12\\\/02\\\/7a-jornada-tecnica-do-setor-alimenticio-reune-inovacao-conhecimento-e-negocios-em-lajeado\\\/#respond\"]}]},{\"@type\":\"WebPage\",\"@id\":\"https:\\\/\\\/folhapopular.info\\\/index.php\\\/2025\\\/12\\\/02\\\/7a-jornada-tecnica-do-setor-alimenticio-reune-inovacao-conhecimento-e-negocios-em-lajeado\\\/\",\"url\":\"https:\\\/\\\/folhapopular.info\\\/index.php\\\/2025\\\/12\\\/02\\\/7a-jornada-tecnica-do-setor-alimenticio-reune-inovacao-conhecimento-e-negocios-em-lajeado\\\/\",\"name\":\"7\u00aa Jornada T\u00e9cnica do Setor Aliment\u00edcio re\u00fane inova\u00e7\u00e3o, conhecimento e neg\u00f3cios em Lajeado - Folha Popular\",\"isPartOf\":{\"@id\":\"https:\\\/\\\/folhapopular.info\\\/#website\"},\"primaryImageOfPage\":{\"@id\":\"https:\\\/\\\/folhapopular.info\\\/index.php\\\/2025\\\/12\\\/02\\\/7a-jornada-tecnica-do-setor-alimenticio-reune-inovacao-conhecimento-e-negocios-em-lajeado\\\/#primaryimage\"},\"image\":{\"@id\":\"https:\\\/\\\/folhapopular.info\\\/index.php\\\/2025\\\/12\\\/02\\\/7a-jornada-tecnica-do-setor-alimenticio-reune-inovacao-conhecimento-e-negocios-em-lajeado\\\/#primaryimage\"},\"thumbnailUrl\":\"https:\\\/\\\/folhapopular.info\\\/wp-content\\\/uploads\\\/2025\\\/12\\\/460227_1184372_dsc_0021-scaled.jpg\",\"datePublished\":\"2025-12-02T15:00:00+00:00\",\"author\":{\"@id\":\"https:\\\/\\\/folhapopular.info\\\/#\\\/schema\\\/person\\\/2814e8a0df7643585a9ca38bc6eb9d4b\"},\"breadcrumb\":{\"@id\":\"https:\\\/\\\/folhapopular.info\\\/index.php\\\/2025\\\/12\\\/02\\\/7a-jornada-tecnica-do-setor-alimenticio-reune-inovacao-conhecimento-e-negocios-em-lajeado\\\/#breadcrumb\"},\"inLanguage\":\"pt-BR\",\"potentialAction\":[{\"@type\":\"ReadAction\",\"target\":[\"https:\\\/\\\/folhapopular.info\\\/index.php\\\/2025\\\/12\\\/02\\\/7a-jornada-tecnica-do-setor-alimenticio-reune-inovacao-conhecimento-e-negocios-em-lajeado\\\/\"]}]},{\"@type\":\"ImageObject\",\"inLanguage\":\"pt-BR\",\"@id\":\"https:\\\/\\\/folhapopular.info\\\/index.php\\\/2025\\\/12\\\/02\\\/7a-jornada-tecnica-do-setor-alimenticio-reune-inovacao-conhecimento-e-negocios-em-lajeado\\\/#primaryimage\",\"url\":\"https:\\\/\\\/folhapopular.info\\\/wp-content\\\/uploads\\\/2025\\\/12\\\/460227_1184372_dsc_0021-scaled.jpg\",\"contentUrl\":\"https:\\\/\\\/folhapopular.info\\\/wp-content\\\/uploads\\\/2025\\\/12\\\/460227_1184372_dsc_0021-scaled.jpg\",\"width\":2560,\"height\":1707,\"caption\":\"Cr\u00e9dito: Arquivo \\\/ Acil\"},{\"@type\":\"BreadcrumbList\",\"@id\":\"https:\\\/\\\/folhapopular.info\\\/index.php\\\/2025\\\/12\\\/02\\\/7a-jornada-tecnica-do-setor-alimenticio-reune-inovacao-conhecimento-e-negocios-em-lajeado\\\/#breadcrumb\",\"itemListElement\":[{\"@type\":\"ListItem\",\"position\":1,\"name\":\"In\u00edcio\",\"item\":\"https:\\\/\\\/folhapopular.info\\\/\"},{\"@type\":\"ListItem\",\"position\":2,\"name\":\"7\u00aa Jornada T\u00e9cnica do Setor Aliment\u00edcio re\u00fane inova\u00e7\u00e3o, conhecimento e neg\u00f3cios em Lajeado\"}]},{\"@type\":\"WebSite\",\"@id\":\"https:\\\/\\\/folhapopular.info\\\/#website\",\"url\":\"https:\\\/\\\/folhapopular.info\\\/\",\"name\":\"Folha Popular\",\"description\":\"Onde voc\u00ea tem vez e voz\",\"potentialAction\":[{\"@type\":\"SearchAction\",\"target\":{\"@type\":\"EntryPoint\",\"urlTemplate\":\"https:\\\/\\\/folhapopular.info\\\/?s={search_term_string}\"},\"query-input\":{\"@type\":\"PropertyValueSpecification\",\"valueRequired\":true,\"valueName\":\"search_term_string\"}}],\"inLanguage\":\"pt-BR\"},{\"@type\":\"Person\",\"@id\":\"https:\\\/\\\/folhapopular.info\\\/#\\\/schema\\\/person\\\/2814e8a0df7643585a9ca38bc6eb9d4b\",\"name\":\"Reda\u00e7\u00e3o Folha Popular\",\"image\":{\"@type\":\"ImageObject\",\"inLanguage\":\"pt-BR\",\"@id\":\"https:\\\/\\\/folhapopular.info\\\/wp-content\\\/uploads\\\/2026\\\/04\\\/Folha-1.webp\",\"url\":\"https:\\\/\\\/folhapopular.info\\\/wp-content\\\/uploads\\\/2026\\\/04\\\/Folha-1.webp\",\"contentUrl\":\"https:\\\/\\\/folhapopular.info\\\/wp-content\\\/uploads\\\/2026\\\/04\\\/Folha-1.webp\",\"caption\":\"Reda\u00e7\u00e3o Folha Popular\"},\"url\":\"https:\\\/\\\/folhapopular.info\\\/index.php\\\/author\\\/redacao\\\/\"}]}<\/script>\n<!-- \/ Yoast SEO plugin. -->","yoast_head_json":{"title":"7\u00aa Jornada T\u00e9cnica do Setor Aliment\u00edcio re\u00fane inova\u00e7\u00e3o, conhecimento e neg\u00f3cios em Lajeado - Folha Popular","robots":{"index":"index","follow":"follow","max-snippet":"max-snippet:-1","max-image-preview":"max-image-preview:large","max-video-preview":"max-video-preview:-1"},"canonical":"https:\/\/folhapopular.info\/index.php\/2025\/12\/02\/7a-jornada-tecnica-do-setor-alimenticio-reune-inovacao-conhecimento-e-negocios-em-lajeado\/","og_locale":"pt_BR","og_type":"article","og_title":"7\u00aa Jornada T\u00e9cnica do Setor Aliment\u00edcio re\u00fane inova\u00e7\u00e3o, conhecimento e neg\u00f3cios em Lajeado - Folha Popular","og_description":"A 7\u00aa Jornada T\u00e9cnica do Setor Aliment\u00edcio, considerada o maior evento da \u00e1rea de alimentos e bebidas do Sul do Brasil, ser\u00e1 realizada de 12 a 14 de maio de 2026, no CTC Lajeado. Promovida pela Associa\u00e7\u00e3o Comercial e Industrial de Lajeado (Acil), a programa\u00e7\u00e3o vai reunir profissionais, empres\u00e1rios e especialistas de toda a cadeia [&hellip;]","og_url":"https:\/\/folhapopular.info\/index.php\/2025\/12\/02\/7a-jornada-tecnica-do-setor-alimenticio-reune-inovacao-conhecimento-e-negocios-em-lajeado\/","og_site_name":"Folha Popular","article_published_time":"2025-12-02T15:00:00+00:00","og_image":[{"width":2560,"height":1707,"url":"https:\/\/folhapopular.info\/wp-content\/uploads\/2025\/12\/460227_1184372_dsc_0021-scaled.jpg","type":"image\/jpeg"}],"author":"Reda\u00e7\u00e3o Folha Popular","twitter_card":"summary_large_image","twitter_misc":{"Escrito por":"Reda\u00e7\u00e3o Folha Popular","Est. tempo de leitura":"2 minutos"},"schema":{"@context":"https:\/\/schema.org","@graph":[{"@type":"Article","@id":"https:\/\/folhapopular.info\/index.php\/2025\/12\/02\/7a-jornada-tecnica-do-setor-alimenticio-reune-inovacao-conhecimento-e-negocios-em-lajeado\/#article","isPartOf":{"@id":"https:\/\/folhapopular.info\/index.php\/2025\/12\/02\/7a-jornada-tecnica-do-setor-alimenticio-reune-inovacao-conhecimento-e-negocios-em-lajeado\/"},"author":{"name":"Reda\u00e7\u00e3o Folha Popular","@id":"https:\/\/folhapopular.info\/#\/schema\/person\/2814e8a0df7643585a9ca38bc6eb9d4b"},"headline":"7\u00aa Jornada T\u00e9cnica do Setor Aliment\u00edcio re\u00fane inova\u00e7\u00e3o, conhecimento e neg\u00f3cios em Lajeado","datePublished":"2025-12-02T15:00:00+00:00","mainEntityOfPage":{"@id":"https:\/\/folhapopular.info\/index.php\/2025\/12\/02\/7a-jornada-tecnica-do-setor-alimenticio-reune-inovacao-conhecimento-e-negocios-em-lajeado\/"},"wordCount":262,"commentCount":0,"image":{"@id":"https:\/\/folhapopular.info\/index.php\/2025\/12\/02\/7a-jornada-tecnica-do-setor-alimenticio-reune-inovacao-conhecimento-e-negocios-em-lajeado\/#primaryimage"},"thumbnailUrl":"https:\/\/folhapopular.info\/wp-content\/uploads\/2025\/12\/460227_1184372_dsc_0021-scaled.jpg","keywords":["Acil","CTC Lajeado","Joranada T\u00e9cnica do Setor Aliment\u00edcio","Lajeado"],"articleSection":["Destaques","Economia","Neg\u00f3cios"],"inLanguage":"pt-BR","potentialAction":[{"@type":"CommentAction","name":"Comment","target":["https:\/\/folhapopular.info\/index.php\/2025\/12\/02\/7a-jornada-tecnica-do-setor-alimenticio-reune-inovacao-conhecimento-e-negocios-em-lajeado\/#respond"]}]},{"@type":"WebPage","@id":"https:\/\/folhapopular.info\/index.php\/2025\/12\/02\/7a-jornada-tecnica-do-setor-alimenticio-reune-inovacao-conhecimento-e-negocios-em-lajeado\/","url":"https:\/\/folhapopular.info\/index.php\/2025\/12\/02\/7a-jornada-tecnica-do-setor-alimenticio-reune-inovacao-conhecimento-e-negocios-em-lajeado\/","name":"7\u00aa Jornada T\u00e9cnica do Setor Aliment\u00edcio re\u00fane inova\u00e7\u00e3o, conhecimento e neg\u00f3cios em Lajeado - Folha Popular","isPartOf":{"@id":"https:\/\/folhapopular.info\/#website"},"primaryImageOfPage":{"@id":"https:\/\/folhapopular.info\/index.php\/2025\/12\/02\/7a-jornada-tecnica-do-setor-alimenticio-reune-inovacao-conhecimento-e-negocios-em-lajeado\/#primaryimage"},"image":{"@id":"https:\/\/folhapopular.info\/index.php\/2025\/12\/02\/7a-jornada-tecnica-do-setor-alimenticio-reune-inovacao-conhecimento-e-negocios-em-lajeado\/#primaryimage"},"thumbnailUrl":"https:\/\/folhapopular.info\/wp-content\/uploads\/2025\/12\/460227_1184372_dsc_0021-scaled.jpg","datePublished":"2025-12-02T15:00:00+00:00","author":{"@id":"https:\/\/folhapopular.info\/#\/schema\/person\/2814e8a0df7643585a9ca38bc6eb9d4b"},"breadcrumb":{"@id":"https:\/\/folhapopular.info\/index.php\/2025\/12\/02\/7a-jornada-tecnica-do-setor-alimenticio-reune-inovacao-conhecimento-e-negocios-em-lajeado\/#breadcrumb"},"inLanguage":"pt-BR","potentialAction":[{"@type":"ReadAction","target":["https:\/\/folhapopular.info\/index.php\/2025\/12\/02\/7a-jornada-tecnica-do-setor-alimenticio-reune-inovacao-conhecimento-e-negocios-em-lajeado\/"]}]},{"@type":"ImageObject","inLanguage":"pt-BR","@id":"https:\/\/folhapopular.info\/index.php\/2025\/12\/02\/7a-jornada-tecnica-do-setor-alimenticio-reune-inovacao-conhecimento-e-negocios-em-lajeado\/#primaryimage","url":"https:\/\/folhapopular.info\/wp-content\/uploads\/2025\/12\/460227_1184372_dsc_0021-scaled.jpg","contentUrl":"https:\/\/folhapopular.info\/wp-content\/uploads\/2025\/12\/460227_1184372_dsc_0021-scaled.jpg","width":2560,"height":1707,"caption":"Cr\u00e9dito: Arquivo \/ Acil"},{"@type":"BreadcrumbList","@id":"https:\/\/folhapopular.info\/index.php\/2025\/12\/02\/7a-jornada-tecnica-do-setor-alimenticio-reune-inovacao-conhecimento-e-negocios-em-lajeado\/#breadcrumb","itemListElement":[{"@type":"ListItem","position":1,"name":"In\u00edcio","item":"https:\/\/folhapopular.info\/"},{"@type":"ListItem","position":2,"name":"7\u00aa Jornada T\u00e9cnica do Setor Aliment\u00edcio re\u00fane inova\u00e7\u00e3o, conhecimento e neg\u00f3cios em Lajeado"}]},{"@type":"WebSite","@id":"https:\/\/folhapopular.info\/#website","url":"https:\/\/folhapopular.info\/","name":"Folha Popular","description":"Onde voc\u00ea tem vez e voz","potentialAction":[{"@type":"SearchAction","target":{"@type":"EntryPoint","urlTemplate":"https:\/\/folhapopular.info\/?s={search_term_string}"},"query-input":{"@type":"PropertyValueSpecification","valueRequired":true,"valueName":"search_term_string"}}],"inLanguage":"pt-BR"},{"@type":"Person","@id":"https:\/\/folhapopular.info\/#\/schema\/person\/2814e8a0df7643585a9ca38bc6eb9d4b","name":"Reda\u00e7\u00e3o Folha Popular","image":{"@type":"ImageObject","inLanguage":"pt-BR","@id":"https:\/\/folhapopular.info\/wp-content\/uploads\/2026\/04\/Folha-1.webp","url":"https:\/\/folhapopular.info\/wp-content\/uploads\/2026\/04\/Folha-1.webp","contentUrl":"https:\/\/folhapopular.info\/wp-content\/uploads\/2026\/04\/Folha-1.webp","caption":"Reda\u00e7\u00e3o Folha Popular"},"url":"https:\/\/folhapopular.info\/index.php\/author\/redacao\/"}]}},"jetpack_featured_media_url":"https:\/\/folhapopular.info\/wp-content\/uploads\/2025\/12\/460227_1184372_dsc_0021-scaled.jpg","jetpack_sharing_enabled":true,"amp_enabled":true,"_links":{"self":[{"href":"https:\/\/folhapopular.info\/index.php\/wp-json\/wp\/v2\/posts\/199557","targetHints":{"allow":["GET"]}}],"collection":[{"href":"https:\/\/folhapopular.info\/index.php\/wp-json\/wp\/v2\/posts"}],"about":[{"href":"https:\/\/folhapopular.info\/index.php\/wp-json\/wp\/v2\/types\/post"}],"author":[{"embeddable":true,"href":"https:\/\/folhapopular.info\/index.php\/wp-json\/wp\/v2\/users\/8"}],"replies":[{"embeddable":true,"href":"https:\/\/folhapopular.info\/index.php\/wp-json\/wp\/v2\/comments?post=199557"}],"version-history":[{"count":0,"href":"https:\/\/folhapopular.info\/index.php\/wp-json\/wp\/v2\/posts\/199557\/revisions"}],"wp:featuredmedia":[{"embeddable":true,"href":"https:\/\/folhapopular.info\/index.php\/wp-json\/wp\/v2\/media\/199558"}],"wp:attachment":[{"href":"https:\/\/folhapopular.info\/index.php\/wp-json\/wp\/v2\/media?parent=199557"}],"wp:term":[{"taxonomy":"category","embeddable":true,"href":"https:\/\/folhapopular.info\/index.php\/wp-json\/wp\/v2\/categories?post=199557"},{"taxonomy":"post_tag","embeddable":true,"href":"https:\/\/folhapopular.info\/index.php\/wp-json\/wp\/v2\/tags?post=199557"}],"curies":[{"name":"wp","href":"https:\/\/api.w.org\/{rel}","templated":true}]}}