{"id":199609,"date":"2025-12-03T08:40:02","date_gmt":"2025-12-03T11:40:02","guid":{"rendered":"https:\/\/folhapopular.info\/?p=199609"},"modified":"2025-12-03T08:40:09","modified_gmt":"2025-12-03T11:40:09","slug":"prefeitos-da-amsol-avaliam-impactos-dos-ajustes-no-regime-de-previdencia","status":"publish","type":"post","link":"https:\/\/folhapopular.info\/index.php\/2025\/12\/03\/prefeitos-da-amsol-avaliam-impactos-dos-ajustes-no-regime-de-previdencia\/","title":{"rendered":"Prefeitos da Amsol avaliam impactos dos ajustes no Regime de Previd\u00eancia"},"content":{"rendered":"<p>A Associa\u00e7\u00e3o dos Munic\u00edpios do Sol Nascente (Amsol) realizou a assembleia de encerramento de atividades no fim da tarde e in\u00edcio da noite de sexta-feira (28\/11), no espa\u00e7o Freeland, em Imigrante. Os oito prefeitos participaram de videoconfer\u00eancia com o presidente da Confedera\u00e7\u00e3o Nacional dos Munic\u00edpios (CNM), Paulo Ziulkoski, para falar sobre o Fundo do Regime&#8230; <\/p>\n<div class=\"pmpro\">\n<div class=\"pmpro_card pmpro_content_message\">\n<div class=\"pmpro_card_content\">Este conte\u00fado \u00e9 apenas para associados Grupo Popular &#8211; Conte\u00fado Total Anual e Grupo Popular &#8211; Conte\u00fado Total Mensal. <br \/><a href=\"https:\/\/folhapopular.info\/wp-login.php?action=register\">Cadastre-se<\/a><\/div>\n<div class=\"pmpro_card_actions pmpro_font-medium\">J\u00e1 se associou? <a href=\"https:\/\/folhapopular.info\/wp-login.php?redirect_to=https%3A%2F%2Ffolhapopular.info%2Findex.php%2F2025%2F12%2F03%2Fprefeitos-da-amsol-avaliam-impactos-dos-ajustes-no-regime-de-previdencia%2F\">Acesse aqui<\/a><\/div>\n<\/div>\n<\/div>\n","protected":false},"excerpt":{"rendered":"<p>A Associa\u00e7\u00e3o dos Munic\u00edpios do Sol Nascente (Amsol) realizou a assembleia de encerramento de atividades no fim da tarde e in\u00edcio da noite de sexta-feira (28\/11), no espa\u00e7o Freeland, em Imigrante. Os oito prefeitos participaram de videoconfer\u00eancia com o presidente da Confedera\u00e7\u00e3o Nacional dos Munic\u00edpios (CNM), Paulo Ziulkoski, para falar sobre o Fundo do Regime... <\/p>\n<div class=\"pmpro\"><div class=\"pmpro_card pmpro_content_message\"><div class=\"pmpro_card_content\">Este conte\u00fado \u00e9 apenas para associados Grupo Popular - Conte\u00fado Total Anual e Grupo Popular - Conte\u00fado Total Mensal. <br \/><a href=\"https:\/\/folhapopular.info\/wp-login.php?action=register\">Cadastre-se<\/a><\/div><div class=\"pmpro_card_actions pmpro_font-medium\">J\u00e1 se associou? <a href=\"https:\/\/folhapopular.info\/wp-login.php?redirect_to=https%3A%2F%2Ffolhapopular.info%2Findex.php%2F2025%2F12%2F03%2Fprefeitos-da-amsol-avaliam-impactos-dos-ajustes-no-regime-de-previdencia%2F\">Acesse aqui<\/a><\/div><\/div><\/div>","protected":false},"author":7,"featured_media":199610,"comment_status":"open","ping_status":"open","sticky":false,"template":"","format":"standard","meta":{"pmpro_default_level":"","_jetpack_memberships_contains_paid_content":false,"footnotes":""},"categories":[11078,10985],"tags":[18545,1404,15429,183,12947,801,34,46,40,2829,20119,9917,26,25],"class_list":{"0":"post-199609","1":"post","2":"type-post","3":"status-publish","4":"format-standard","5":"has-post-thumbnail","7":"category-assinantes","8":"category-politica","9":"tag-amsol","10":"tag-boa-vista-do-sul","11":"tag-cnm","12":"tag-colinas","13":"tag-confederacao-nacional-dos-municipios","14":"tag-fazenda-vilanova","15":"tag-imigrante","16":"tag-paverama","17":"tag-poco-das-antas","18":"tag-prefeitos","19":"tag-regime-proprio","20":"tag-rpps","21":"tag-teutonia","22":"tag-westfalia","23":"pmpro-level-required","24":"pmpro-level-2","25":"pmpro-level-4","26":"pmpro-level-5","27":"pmpro-no-access"},"yoast_head":"<!-- This site is optimized with the Yoast SEO plugin v27.4 - https:\/\/yoast.com\/product\/yoast-seo-wordpress\/ -->\n<title>Prefeitos da Amsol avaliam impactos dos ajustes no Regime de Previd\u00eancia - Folha Popular<\/title>\n<meta name=\"robots\" content=\"index, follow, max-snippet:-1, max-image-preview:large, max-video-preview:-1\" \/>\n<link rel=\"canonical\" href=\"https:\/\/folhapopular.info\/index.php\/2025\/12\/03\/prefeitos-da-amsol-avaliam-impactos-dos-ajustes-no-regime-de-previdencia\/\" \/>\n<meta property=\"og:locale\" content=\"pt_BR\" \/>\n<meta property=\"og:type\" content=\"article\" \/>\n<meta property=\"og:title\" content=\"Prefeitos da Amsol avaliam impactos dos ajustes no Regime de Previd\u00eancia - Folha Popular\" \/>\n<meta property=\"og:description\" content=\"A Associa\u00e7\u00e3o dos Munic\u00edpios do Sol Nascente (Amsol) realizou a assembleia de encerramento de atividades no fim da tarde e in\u00edcio da noite de sexta-feira (28\/11), no espa\u00e7o Freeland, em Imigrante. Os oito prefeitos participaram de videoconfer\u00eancia com o presidente da Confedera\u00e7\u00e3o Nacional dos Munic\u00edpios (CNM), Paulo Ziulkoski, para falar sobre o Fundo do Regime [&hellip;]\" \/>\n<meta property=\"og:url\" content=\"https:\/\/folhapopular.info\/index.php\/2025\/12\/03\/prefeitos-da-amsol-avaliam-impactos-dos-ajustes-no-regime-de-previdencia\/\" \/>\n<meta property=\"og:site_name\" content=\"Folha Popular\" \/>\n<meta property=\"article:published_time\" content=\"2025-12-03T11:40:02+00:00\" \/>\n<meta property=\"article:modified_time\" content=\"2025-12-03T11:40:09+00:00\" \/>\n<meta property=\"og:image\" content=\"http:\/\/folhapopular.info\/wp-content\/uploads\/2025\/12\/IMG_2128-scaled.jpeg\" \/>\n\t<meta property=\"og:image:width\" content=\"2560\" \/>\n\t<meta property=\"og:image:height\" content=\"1920\" \/>\n\t<meta property=\"og:image:type\" content=\"image\/jpeg\" \/>\n<meta name=\"author\" content=\"Lucas Leandro Brune\" \/>\n<meta name=\"twitter:card\" content=\"summary_large_image\" \/>\n<meta name=\"twitter:label1\" content=\"Escrito por\" \/>\n\t<meta name=\"twitter:data1\" content=\"Lucas Leandro Brune\" \/>\n\t<meta name=\"twitter:label2\" content=\"Est. tempo de leitura\" \/>\n\t<meta name=\"twitter:data2\" content=\"2 minutos\" \/>\n<script type=\"application\/ld+json\" class=\"yoast-schema-graph\">{\"@context\":\"https:\\\/\\\/schema.org\",\"@graph\":[{\"@type\":\"Article\",\"@id\":\"https:\\\/\\\/folhapopular.info\\\/index.php\\\/2025\\\/12\\\/03\\\/prefeitos-da-amsol-avaliam-impactos-dos-ajustes-no-regime-de-previdencia\\\/#article\",\"isPartOf\":{\"@id\":\"https:\\\/\\\/folhapopular.info\\\/index.php\\\/2025\\\/12\\\/03\\\/prefeitos-da-amsol-avaliam-impactos-dos-ajustes-no-regime-de-previdencia\\\/\"},\"author\":{\"name\":\"Lucas Leandro Brune\",\"@id\":\"https:\\\/\\\/folhapopular.info\\\/#\\\/schema\\\/person\\\/533a15f60cd49e81ab3a90b4ca33cb36\"},\"headline\":\"Prefeitos da Amsol avaliam impactos dos ajustes no Regime de Previd\u00eancia\",\"datePublished\":\"2025-12-03T11:40:02+00:00\",\"dateModified\":\"2025-12-03T11:40:09+00:00\",\"mainEntityOfPage\":{\"@id\":\"https:\\\/\\\/folhapopular.info\\\/index.php\\\/2025\\\/12\\\/03\\\/prefeitos-da-amsol-avaliam-impactos-dos-ajustes-no-regime-de-previdencia\\\/\"},\"wordCount\":282,\"commentCount\":0,\"image\":{\"@id\":\"https:\\\/\\\/folhapopular.info\\\/index.php\\\/2025\\\/12\\\/03\\\/prefeitos-da-amsol-avaliam-impactos-dos-ajustes-no-regime-de-previdencia\\\/#primaryimage\"},\"thumbnailUrl\":\"https:\\\/\\\/folhapopular.info\\\/wp-content\\\/uploads\\\/2025\\\/12\\\/IMG_2128-scaled.jpeg\",\"keywords\":[\"Amsol\",\"Boa Vista do Sul\",\"CNM\",\"Colinas\",\"Confedera\u00e7\u00e3o Nacional dos Munic\u00edpios\",\"Fazenda Vilanova\",\"Imigrante\",\"Paverama\",\"Po\u00e7o das Antas\",\"prefeitos\",\"Regime Pr\u00f3prio\",\"RPPS\",\"Teut\u00f4nia\",\"Westf\u00e1lia\"],\"articleSection\":[\"Assinantes\",\"Pol\u00edtica\"],\"inLanguage\":\"pt-BR\",\"potentialAction\":[{\"@type\":\"CommentAction\",\"name\":\"Comment\",\"target\":[\"https:\\\/\\\/folhapopular.info\\\/index.php\\\/2025\\\/12\\\/03\\\/prefeitos-da-amsol-avaliam-impactos-dos-ajustes-no-regime-de-previdencia\\\/#respond\"]}]},{\"@type\":\"WebPage\",\"@id\":\"https:\\\/\\\/folhapopular.info\\\/index.php\\\/2025\\\/12\\\/03\\\/prefeitos-da-amsol-avaliam-impactos-dos-ajustes-no-regime-de-previdencia\\\/\",\"url\":\"https:\\\/\\\/folhapopular.info\\\/index.php\\\/2025\\\/12\\\/03\\\/prefeitos-da-amsol-avaliam-impactos-dos-ajustes-no-regime-de-previdencia\\\/\",\"name\":\"Prefeitos da Amsol avaliam impactos dos ajustes no Regime de Previd\u00eancia - Folha Popular\",\"isPartOf\":{\"@id\":\"https:\\\/\\\/folhapopular.info\\\/#website\"},\"primaryImageOfPage\":{\"@id\":\"https:\\\/\\\/folhapopular.info\\\/index.php\\\/2025\\\/12\\\/03\\\/prefeitos-da-amsol-avaliam-impactos-dos-ajustes-no-regime-de-previdencia\\\/#primaryimage\"},\"image\":{\"@id\":\"https:\\\/\\\/folhapopular.info\\\/index.php\\\/2025\\\/12\\\/03\\\/prefeitos-da-amsol-avaliam-impactos-dos-ajustes-no-regime-de-previdencia\\\/#primaryimage\"},\"thumbnailUrl\":\"https:\\\/\\\/folhapopular.info\\\/wp-content\\\/uploads\\\/2025\\\/12\\\/IMG_2128-scaled.jpeg\",\"datePublished\":\"2025-12-03T11:40:02+00:00\",\"dateModified\":\"2025-12-03T11:40:09+00:00\",\"author\":{\"@id\":\"https:\\\/\\\/folhapopular.info\\\/#\\\/schema\\\/person\\\/533a15f60cd49e81ab3a90b4ca33cb36\"},\"breadcrumb\":{\"@id\":\"https:\\\/\\\/folhapopular.info\\\/index.php\\\/2025\\\/12\\\/03\\\/prefeitos-da-amsol-avaliam-impactos-dos-ajustes-no-regime-de-previdencia\\\/#breadcrumb\"},\"inLanguage\":\"pt-BR\",\"potentialAction\":[{\"@type\":\"ReadAction\",\"target\":[\"https:\\\/\\\/folhapopular.info\\\/index.php\\\/2025\\\/12\\\/03\\\/prefeitos-da-amsol-avaliam-impactos-dos-ajustes-no-regime-de-previdencia\\\/\"]}]},{\"@type\":\"ImageObject\",\"inLanguage\":\"pt-BR\",\"@id\":\"https:\\\/\\\/folhapopular.info\\\/index.php\\\/2025\\\/12\\\/03\\\/prefeitos-da-amsol-avaliam-impactos-dos-ajustes-no-regime-de-previdencia\\\/#primaryimage\",\"url\":\"https:\\\/\\\/folhapopular.info\\\/wp-content\\\/uploads\\\/2025\\\/12\\\/IMG_2128-scaled.jpeg\",\"contentUrl\":\"https:\\\/\\\/folhapopular.info\\\/wp-content\\\/uploads\\\/2025\\\/12\\\/IMG_2128-scaled.jpeg\",\"width\":2560,\"height\":1920,\"caption\":\"Prefeitos tiveram videoconfere\u0302ncia com representantes da CNM. Cr\u00e9dito: Lucas Leandro Brune\"},{\"@type\":\"BreadcrumbList\",\"@id\":\"https:\\\/\\\/folhapopular.info\\\/index.php\\\/2025\\\/12\\\/03\\\/prefeitos-da-amsol-avaliam-impactos-dos-ajustes-no-regime-de-previdencia\\\/#breadcrumb\",\"itemListElement\":[{\"@type\":\"ListItem\",\"position\":1,\"name\":\"In\u00edcio\",\"item\":\"https:\\\/\\\/folhapopular.info\\\/\"},{\"@type\":\"ListItem\",\"position\":2,\"name\":\"Prefeitos da Amsol avaliam impactos dos ajustes no Regime de Previd\u00eancia\"}]},{\"@type\":\"WebSite\",\"@id\":\"https:\\\/\\\/folhapopular.info\\\/#website\",\"url\":\"https:\\\/\\\/folhapopular.info\\\/\",\"name\":\"Folha Popular\",\"description\":\"Onde voc\u00ea tem vez e voz\",\"potentialAction\":[{\"@type\":\"SearchAction\",\"target\":{\"@type\":\"EntryPoint\",\"urlTemplate\":\"https:\\\/\\\/folhapopular.info\\\/?s={search_term_string}\"},\"query-input\":{\"@type\":\"PropertyValueSpecification\",\"valueRequired\":true,\"valueName\":\"search_term_string\"}}],\"inLanguage\":\"pt-BR\"},{\"@type\":\"Person\",\"@id\":\"https:\\\/\\\/folhapopular.info\\\/#\\\/schema\\\/person\\\/533a15f60cd49e81ab3a90b4ca33cb36\",\"name\":\"Lucas Leandro Brune\",\"image\":{\"@type\":\"ImageObject\",\"inLanguage\":\"pt-BR\",\"@id\":\"https:\\\/\\\/folhapopular.info\\\/wp-content\\\/uploads\\\/2026\\\/04\\\/LUCAS-1-1.webp\",\"url\":\"https:\\\/\\\/folhapopular.info\\\/wp-content\\\/uploads\\\/2026\\\/04\\\/LUCAS-1-1.webp\",\"contentUrl\":\"https:\\\/\\\/folhapopular.info\\\/wp-content\\\/uploads\\\/2026\\\/04\\\/LUCAS-1-1.webp\",\"caption\":\"Lucas Leandro Brune\"},\"description\":\"Jornalista Profissional Diplomado MTB\\\/RS 14.333\",\"url\":\"https:\\\/\\\/folhapopular.info\\\/index.php\\\/author\\\/lucas-brune\\\/\"}]}<\/script>\n<!-- \/ Yoast SEO plugin. -->","yoast_head_json":{"title":"Prefeitos da Amsol avaliam impactos dos ajustes no Regime de Previd\u00eancia - Folha Popular","robots":{"index":"index","follow":"follow","max-snippet":"max-snippet:-1","max-image-preview":"max-image-preview:large","max-video-preview":"max-video-preview:-1"},"canonical":"https:\/\/folhapopular.info\/index.php\/2025\/12\/03\/prefeitos-da-amsol-avaliam-impactos-dos-ajustes-no-regime-de-previdencia\/","og_locale":"pt_BR","og_type":"article","og_title":"Prefeitos da Amsol avaliam impactos dos ajustes no Regime de Previd\u00eancia - Folha Popular","og_description":"A Associa\u00e7\u00e3o dos Munic\u00edpios do Sol Nascente (Amsol) realizou a assembleia de encerramento de atividades no fim da tarde e in\u00edcio da noite de sexta-feira (28\/11), no espa\u00e7o Freeland, em Imigrante. Os oito prefeitos participaram de videoconfer\u00eancia com o presidente da Confedera\u00e7\u00e3o Nacional dos Munic\u00edpios (CNM), Paulo Ziulkoski, para falar sobre o Fundo do Regime [&hellip;]","og_url":"https:\/\/folhapopular.info\/index.php\/2025\/12\/03\/prefeitos-da-amsol-avaliam-impactos-dos-ajustes-no-regime-de-previdencia\/","og_site_name":"Folha Popular","article_published_time":"2025-12-03T11:40:02+00:00","article_modified_time":"2025-12-03T11:40:09+00:00","og_image":[{"width":2560,"height":1920,"url":"http:\/\/folhapopular.info\/wp-content\/uploads\/2025\/12\/IMG_2128-scaled.jpeg","type":"image\/jpeg"}],"author":"Lucas Leandro Brune","twitter_card":"summary_large_image","twitter_misc":{"Escrito por":"Lucas Leandro Brune","Est. tempo de leitura":"2 minutos"},"schema":{"@context":"https:\/\/schema.org","@graph":[{"@type":"Article","@id":"https:\/\/folhapopular.info\/index.php\/2025\/12\/03\/prefeitos-da-amsol-avaliam-impactos-dos-ajustes-no-regime-de-previdencia\/#article","isPartOf":{"@id":"https:\/\/folhapopular.info\/index.php\/2025\/12\/03\/prefeitos-da-amsol-avaliam-impactos-dos-ajustes-no-regime-de-previdencia\/"},"author":{"name":"Lucas Leandro Brune","@id":"https:\/\/folhapopular.info\/#\/schema\/person\/533a15f60cd49e81ab3a90b4ca33cb36"},"headline":"Prefeitos da Amsol avaliam impactos dos ajustes no Regime de Previd\u00eancia","datePublished":"2025-12-03T11:40:02+00:00","dateModified":"2025-12-03T11:40:09+00:00","mainEntityOfPage":{"@id":"https:\/\/folhapopular.info\/index.php\/2025\/12\/03\/prefeitos-da-amsol-avaliam-impactos-dos-ajustes-no-regime-de-previdencia\/"},"wordCount":282,"commentCount":0,"image":{"@id":"https:\/\/folhapopular.info\/index.php\/2025\/12\/03\/prefeitos-da-amsol-avaliam-impactos-dos-ajustes-no-regime-de-previdencia\/#primaryimage"},"thumbnailUrl":"https:\/\/folhapopular.info\/wp-content\/uploads\/2025\/12\/IMG_2128-scaled.jpeg","keywords":["Amsol","Boa Vista do Sul","CNM","Colinas","Confedera\u00e7\u00e3o Nacional dos Munic\u00edpios","Fazenda Vilanova","Imigrante","Paverama","Po\u00e7o das Antas","prefeitos","Regime Pr\u00f3prio","RPPS","Teut\u00f4nia","Westf\u00e1lia"],"articleSection":["Assinantes","Pol\u00edtica"],"inLanguage":"pt-BR","potentialAction":[{"@type":"CommentAction","name":"Comment","target":["https:\/\/folhapopular.info\/index.php\/2025\/12\/03\/prefeitos-da-amsol-avaliam-impactos-dos-ajustes-no-regime-de-previdencia\/#respond"]}]},{"@type":"WebPage","@id":"https:\/\/folhapopular.info\/index.php\/2025\/12\/03\/prefeitos-da-amsol-avaliam-impactos-dos-ajustes-no-regime-de-previdencia\/","url":"https:\/\/folhapopular.info\/index.php\/2025\/12\/03\/prefeitos-da-amsol-avaliam-impactos-dos-ajustes-no-regime-de-previdencia\/","name":"Prefeitos da Amsol avaliam impactos dos ajustes no Regime de Previd\u00eancia - Folha Popular","isPartOf":{"@id":"https:\/\/folhapopular.info\/#website"},"primaryImageOfPage":{"@id":"https:\/\/folhapopular.info\/index.php\/2025\/12\/03\/prefeitos-da-amsol-avaliam-impactos-dos-ajustes-no-regime-de-previdencia\/#primaryimage"},"image":{"@id":"https:\/\/folhapopular.info\/index.php\/2025\/12\/03\/prefeitos-da-amsol-avaliam-impactos-dos-ajustes-no-regime-de-previdencia\/#primaryimage"},"thumbnailUrl":"https:\/\/folhapopular.info\/wp-content\/uploads\/2025\/12\/IMG_2128-scaled.jpeg","datePublished":"2025-12-03T11:40:02+00:00","dateModified":"2025-12-03T11:40:09+00:00","author":{"@id":"https:\/\/folhapopular.info\/#\/schema\/person\/533a15f60cd49e81ab3a90b4ca33cb36"},"breadcrumb":{"@id":"https:\/\/folhapopular.info\/index.php\/2025\/12\/03\/prefeitos-da-amsol-avaliam-impactos-dos-ajustes-no-regime-de-previdencia\/#breadcrumb"},"inLanguage":"pt-BR","potentialAction":[{"@type":"ReadAction","target":["https:\/\/folhapopular.info\/index.php\/2025\/12\/03\/prefeitos-da-amsol-avaliam-impactos-dos-ajustes-no-regime-de-previdencia\/"]}]},{"@type":"ImageObject","inLanguage":"pt-BR","@id":"https:\/\/folhapopular.info\/index.php\/2025\/12\/03\/prefeitos-da-amsol-avaliam-impactos-dos-ajustes-no-regime-de-previdencia\/#primaryimage","url":"https:\/\/folhapopular.info\/wp-content\/uploads\/2025\/12\/IMG_2128-scaled.jpeg","contentUrl":"https:\/\/folhapopular.info\/wp-content\/uploads\/2025\/12\/IMG_2128-scaled.jpeg","width":2560,"height":1920,"caption":"Prefeitos tiveram videoconfere\u0302ncia com representantes da CNM. Cr\u00e9dito: Lucas Leandro Brune"},{"@type":"BreadcrumbList","@id":"https:\/\/folhapopular.info\/index.php\/2025\/12\/03\/prefeitos-da-amsol-avaliam-impactos-dos-ajustes-no-regime-de-previdencia\/#breadcrumb","itemListElement":[{"@type":"ListItem","position":1,"name":"In\u00edcio","item":"https:\/\/folhapopular.info\/"},{"@type":"ListItem","position":2,"name":"Prefeitos da Amsol avaliam impactos dos ajustes no Regime de Previd\u00eancia"}]},{"@type":"WebSite","@id":"https:\/\/folhapopular.info\/#website","url":"https:\/\/folhapopular.info\/","name":"Folha Popular","description":"Onde voc\u00ea tem vez e voz","potentialAction":[{"@type":"SearchAction","target":{"@type":"EntryPoint","urlTemplate":"https:\/\/folhapopular.info\/?s={search_term_string}"},"query-input":{"@type":"PropertyValueSpecification","valueRequired":true,"valueName":"search_term_string"}}],"inLanguage":"pt-BR"},{"@type":"Person","@id":"https:\/\/folhapopular.info\/#\/schema\/person\/533a15f60cd49e81ab3a90b4ca33cb36","name":"Lucas Leandro Brune","image":{"@type":"ImageObject","inLanguage":"pt-BR","@id":"https:\/\/folhapopular.info\/wp-content\/uploads\/2026\/04\/LUCAS-1-1.webp","url":"https:\/\/folhapopular.info\/wp-content\/uploads\/2026\/04\/LUCAS-1-1.webp","contentUrl":"https:\/\/folhapopular.info\/wp-content\/uploads\/2026\/04\/LUCAS-1-1.webp","caption":"Lucas Leandro Brune"},"description":"Jornalista Profissional Diplomado MTB\/RS 14.333","url":"https:\/\/folhapopular.info\/index.php\/author\/lucas-brune\/"}]}},"jetpack_featured_media_url":"https:\/\/folhapopular.info\/wp-content\/uploads\/2025\/12\/IMG_2128-scaled.jpeg","jetpack_sharing_enabled":true,"amp_enabled":true,"_links":{"self":[{"href":"https:\/\/folhapopular.info\/index.php\/wp-json\/wp\/v2\/posts\/199609","targetHints":{"allow":["GET"]}}],"collection":[{"href":"https:\/\/folhapopular.info\/index.php\/wp-json\/wp\/v2\/posts"}],"about":[{"href":"https:\/\/folhapopular.info\/index.php\/wp-json\/wp\/v2\/types\/post"}],"author":[{"embeddable":true,"href":"https:\/\/folhapopular.info\/index.php\/wp-json\/wp\/v2\/users\/7"}],"replies":[{"embeddable":true,"href":"https:\/\/folhapopular.info\/index.php\/wp-json\/wp\/v2\/comments?post=199609"}],"version-history":[{"count":0,"href":"https:\/\/folhapopular.info\/index.php\/wp-json\/wp\/v2\/posts\/199609\/revisions"}],"wp:featuredmedia":[{"embeddable":true,"href":"https:\/\/folhapopular.info\/index.php\/wp-json\/wp\/v2\/media\/199610"}],"wp:attachment":[{"href":"https:\/\/folhapopular.info\/index.php\/wp-json\/wp\/v2\/media?parent=199609"}],"wp:term":[{"taxonomy":"category","embeddable":true,"href":"https:\/\/folhapopular.info\/index.php\/wp-json\/wp\/v2\/categories?post=199609"},{"taxonomy":"post_tag","embeddable":true,"href":"https:\/\/folhapopular.info\/index.php\/wp-json\/wp\/v2\/tags?post=199609"}],"curies":[{"name":"wp","href":"https:\/\/api.w.org\/{rel}","templated":true}]}}