{"id":199830,"date":"2025-12-05T10:09:10","date_gmt":"2025-12-05T13:09:10","guid":{"rendered":"https:\/\/folhapopular.info\/?p=199830"},"modified":"2025-12-05T13:50:37","modified_gmt":"2025-12-05T16:50:37","slug":"assinado-contrato-da-ponte-dos-vales","status":"publish","type":"post","link":"https:\/\/folhapopular.info\/index.php\/2025\/12\/05\/assinado-contrato-da-ponte-dos-vales\/","title":{"rendered":"Assinado contrato da Ponte dos Vales"},"content":{"rendered":"\n<p>Obra vai ligar Cruzeiro do Sul a Estrela e desafogar o tr\u00e1fego da BR-386, principalmente na ponte sobre o Rio Taquari, contrato foi firmado nesta quinta-feira, segundo o presidente da CIC-VT \u00c2ngelo Fontana.<\/p>\n\n\n\n<p>A esperada assinatura do contrato para a execu\u00e7\u00e3o da Ponte dos Vales ocorreu nesta sexta-feira, conforme confirmou o presidente da C\u00e2mara de Ind\u00fastria, Com\u00e9rcio e Servi\u00e7os do Vale do Taquari (CIC-VT), Angelo Fontana. A informa\u00e7\u00e3o foi dada ap\u00f3s uma semana de mobiliza\u00e7\u00e3o das entidades da regi\u00e3o, preocupadas com os prazos para utiliza\u00e7\u00e3o dos recursos do Fundo do Plano Rio Grande (FunRig).<\/p>\n\n\n\n<p>A confirma\u00e7\u00e3o do andamento final do processo ocorreu ap\u00f3s reuni\u00f5es realizadas ao longo da semana com o governo do estado. Na quarta-feira, durante o an\u00fancio de um pacote de obras de resili\u00eancia para o Vale do Taquari, as entidades cobraram a formaliza\u00e7\u00e3o do contrato da ponte.<\/p>\n\n\n\n<p>&#8220;O governador esteve a\u00ed na regi\u00e3o apresentando an\u00e1lise t\u00e9cnica das op\u00e7\u00f5es que tinham sido levantadas e viabilizando ent\u00e3o a Ponte dos Vales&#8221;, explicou Fontana. Ele detalhou que todas as etapas anteriores, incluindo a aprova\u00e7\u00e3o no Tribunal de Contas e a escolha do cons\u00f3rcio executor, j\u00e1 foram superadas.<\/p>\n\n\n\n<p>O cons\u00f3rcio vencedor, formado por empresas ga\u00fachas, apresentou uma proposta que gerou uma economia de aproximadamente R$ 74 milh\u00f5es em rela\u00e7\u00e3o \u00e0 expectativa inicial de custo do governo. &#8220;Ou seja, uma ponte mais econ\u00f4mica&#8221;, destacou o presidente da CIC-VT.<\/p>\n\n\n\n<p>O principal entrave era o tempo, devido ao prazo para aplica\u00e7\u00e3o dos recursos do FunRig que est\u00e1 se esgotando. No entanto, as gest\u00f5es junto ao governo surtiram efeito. &#8220;A gente teve na quarta-feira a garantia de que a ponte realmente est\u00e1 OK e que o governador estaria liberando naquele mesmo dia o processo para andar e chegar ao dia de hoje, que \u00e9 sexta-feira, e termos esse contrato assinado. Ent\u00e3o, essa \u00e9 a grande not\u00edcia&#8221;, comemorou Fontana.<\/p>\n\n\n\n<p><strong>Import\u00e2ncia estrat\u00e9gica da obra<\/strong><\/p>\n\n\n\n<p>Mais do que uma liga\u00e7\u00e3o entre dois munic\u00edpios, a Ponte dos Vales \u00e9 vista como uma obra de impacto regional e estadual. &#8220;Ela \u00e9 uma ponte alternativa, ela \u00e9 uma ponte que vai desafogar o tr\u00e2nsito de quem vem do lado de Ven\u00e2ncio Aires, do pr\u00f3prio Cruzeiro do Sul, de Brochier e n\u00f3s tamb\u00e9m vamos ter uma alternativa de mobilidade para qualquer eventualidade que a gente tenha na BR-386, principalmente no trecho entre Lajeado e Estrela&#8221;, explicou Angelo Fontana.<\/p>\n\n\n\n<p>A nova liga\u00e7\u00e3o deve melhorar significativamente o escoamento da produ\u00e7\u00e3o e a fluidez do tr\u00e1fego, conectando tamb\u00e9m o fluxo que vem da Serra Ga\u00facha e de regi\u00f5es produtoras de gr\u00e3os.<\/p>\n\n\n\n<p>Questionado se a assinatura sairia de fato nesta sexta, Fontana foi enf\u00e1tico: &#8220;A garantia que se tem \u00e9 de que o governador mandou esse processo para a frente, n\u00e9? Ele est\u00e1 andando. E hoje n\u00f3s ter\u00edamos a assinatura&#8221;.<\/p>\n\n\n\n<p>A expectativa agora \u00e9 que, com a formaliza\u00e7\u00e3o do contrato, as obras da Ponte dos Vales possam ser iniciadas em breve, trazendo al\u00edvio para o tr\u00e2nsito e desenvolvimentopara toda a regi\u00e3o do Vale do Taquari.<\/p>\n","protected":false},"excerpt":{"rendered":"<p>Obra vai ligar Cruzeiro do Sul a Estrela e desafogar o tr\u00e1fego da BR-386, principalmente na ponte sobre o Rio Taquari, contrato foi firmado nesta quinta-feira, segundo o presidente da CIC-VT \u00c2ngelo Fontana. A esperada assinatura do contrato para a execu\u00e7\u00e3o da Ponte dos Vales ocorreu nesta sexta-feira, conforme confirmou o presidente da C\u00e2mara de [&hellip;]<\/p>\n","protected":false},"author":772,"featured_media":197272,"comment_status":"open","ping_status":"open","sticky":false,"template":"","format":"standard","meta":{"pmpro_default_level":"","_jetpack_memberships_contains_paid_content":false,"footnotes":""},"categories":[2,3],"tags":[8,1755,19388],"class_list":{"0":"post-199830","1":"post","2":"type-post","3":"status-publish","4":"format-standard","5":"has-post-thumbnail","7":"category-featured","8":"category-geral","9":"tag-estrela","10":"tag-obra","11":"tag-ponte-dos-vales","12":"pmpro-has-access"},"yoast_head":"<!-- This site is optimized with the Yoast SEO plugin v27.5 - https:\/\/yoast.com\/product\/yoast-seo-wordpress\/ -->\n<title>Assinado contrato da Ponte dos Vales - Folha Popular<\/title>\n<meta name=\"robots\" content=\"index, follow, max-snippet:-1, max-image-preview:large, max-video-preview:-1\" \/>\n<link rel=\"canonical\" href=\"https:\/\/folhapopular.info\/index.php\/2025\/12\/05\/assinado-contrato-da-ponte-dos-vales\/\" \/>\n<meta property=\"og:locale\" content=\"pt_BR\" \/>\n<meta property=\"og:type\" content=\"article\" \/>\n<meta property=\"og:title\" content=\"Assinado contrato da Ponte dos Vales - Folha Popular\" \/>\n<meta property=\"og:description\" content=\"Obra vai ligar Cruzeiro do Sul a Estrela e desafogar o tr\u00e1fego da BR-386, principalmente na ponte sobre o Rio Taquari, contrato foi firmado nesta quinta-feira, segundo o presidente da CIC-VT \u00c2ngelo Fontana. A esperada assinatura do contrato para a execu\u00e7\u00e3o da Ponte dos Vales ocorreu nesta sexta-feira, conforme confirmou o presidente da C\u00e2mara de [&hellip;]\" \/>\n<meta property=\"og:url\" content=\"https:\/\/folhapopular.info\/index.php\/2025\/12\/05\/assinado-contrato-da-ponte-dos-vales\/\" \/>\n<meta property=\"og:site_name\" content=\"Folha Popular\" \/>\n<meta property=\"article:published_time\" content=\"2025-12-05T13:09:10+00:00\" \/>\n<meta property=\"article:modified_time\" content=\"2025-12-05T16:50:37+00:00\" \/>\n<meta property=\"og:image\" content=\"http:\/\/folhapopular.info\/wp-content\/uploads\/2025\/10\/2022_11_11_PORTO-DE-ESTRELA_Maciel-Fischer_DIV-scaled.jpg\" \/>\n\t<meta property=\"og:image:width\" content=\"2560\" \/>\n\t<meta property=\"og:image:height\" content=\"1638\" \/>\n\t<meta property=\"og:image:type\" content=\"image\/jpeg\" \/>\n<meta name=\"author\" content=\"Anderson Lopes\" \/>\n<meta name=\"twitter:card\" content=\"summary_large_image\" \/>\n<meta name=\"twitter:label1\" content=\"Escrito por\" \/>\n\t<meta name=\"twitter:data1\" content=\"Anderson Lopes\" \/>\n\t<meta name=\"twitter:label2\" content=\"Est. tempo de leitura\" \/>\n\t<meta name=\"twitter:data2\" content=\"3 minutos\" \/>\n<script type=\"application\/ld+json\" class=\"yoast-schema-graph\">{\"@context\":\"https:\\\/\\\/schema.org\",\"@graph\":[{\"@type\":\"Article\",\"@id\":\"https:\\\/\\\/folhapopular.info\\\/index.php\\\/2025\\\/12\\\/05\\\/assinado-contrato-da-ponte-dos-vales\\\/#article\",\"isPartOf\":{\"@id\":\"https:\\\/\\\/folhapopular.info\\\/index.php\\\/2025\\\/12\\\/05\\\/assinado-contrato-da-ponte-dos-vales\\\/\"},\"author\":{\"name\":\"Anderson Lopes\",\"@id\":\"https:\\\/\\\/folhapopular.info\\\/#\\\/schema\\\/person\\\/50fd7636116370b67381921e65092a49\"},\"headline\":\"Assinado contrato da Ponte dos Vales\",\"datePublished\":\"2025-12-05T13:09:10+00:00\",\"dateModified\":\"2025-12-05T16:50:37+00:00\",\"mainEntityOfPage\":{\"@id\":\"https:\\\/\\\/folhapopular.info\\\/index.php\\\/2025\\\/12\\\/05\\\/assinado-contrato-da-ponte-dos-vales\\\/\"},\"wordCount\":542,\"commentCount\":0,\"image\":{\"@id\":\"https:\\\/\\\/folhapopular.info\\\/index.php\\\/2025\\\/12\\\/05\\\/assinado-contrato-da-ponte-dos-vales\\\/#primaryimage\"},\"thumbnailUrl\":\"https:\\\/\\\/folhapopular.info\\\/wp-content\\\/uploads\\\/2025\\\/10\\\/2022_11_11_PORTO-DE-ESTRELA_Maciel-Fischer_DIV-scaled.jpg\",\"keywords\":[\"Estrela\",\"obra\",\"Ponte dos Vales\"],\"articleSection\":[\"Destaques\",\"Geral\"],\"inLanguage\":\"pt-BR\",\"potentialAction\":[{\"@type\":\"CommentAction\",\"name\":\"Comment\",\"target\":[\"https:\\\/\\\/folhapopular.info\\\/index.php\\\/2025\\\/12\\\/05\\\/assinado-contrato-da-ponte-dos-vales\\\/#respond\"]}]},{\"@type\":\"WebPage\",\"@id\":\"https:\\\/\\\/folhapopular.info\\\/index.php\\\/2025\\\/12\\\/05\\\/assinado-contrato-da-ponte-dos-vales\\\/\",\"url\":\"https:\\\/\\\/folhapopular.info\\\/index.php\\\/2025\\\/12\\\/05\\\/assinado-contrato-da-ponte-dos-vales\\\/\",\"name\":\"Assinado contrato da Ponte dos Vales - Folha Popular\",\"isPartOf\":{\"@id\":\"https:\\\/\\\/folhapopular.info\\\/#website\"},\"primaryImageOfPage\":{\"@id\":\"https:\\\/\\\/folhapopular.info\\\/index.php\\\/2025\\\/12\\\/05\\\/assinado-contrato-da-ponte-dos-vales\\\/#primaryimage\"},\"image\":{\"@id\":\"https:\\\/\\\/folhapopular.info\\\/index.php\\\/2025\\\/12\\\/05\\\/assinado-contrato-da-ponte-dos-vales\\\/#primaryimage\"},\"thumbnailUrl\":\"https:\\\/\\\/folhapopular.info\\\/wp-content\\\/uploads\\\/2025\\\/10\\\/2022_11_11_PORTO-DE-ESTRELA_Maciel-Fischer_DIV-scaled.jpg\",\"datePublished\":\"2025-12-05T13:09:10+00:00\",\"dateModified\":\"2025-12-05T16:50:37+00:00\",\"author\":{\"@id\":\"https:\\\/\\\/folhapopular.info\\\/#\\\/schema\\\/person\\\/50fd7636116370b67381921e65092a49\"},\"breadcrumb\":{\"@id\":\"https:\\\/\\\/folhapopular.info\\\/index.php\\\/2025\\\/12\\\/05\\\/assinado-contrato-da-ponte-dos-vales\\\/#breadcrumb\"},\"inLanguage\":\"pt-BR\",\"potentialAction\":[{\"@type\":\"ReadAction\",\"target\":[\"https:\\\/\\\/folhapopular.info\\\/index.php\\\/2025\\\/12\\\/05\\\/assinado-contrato-da-ponte-dos-vales\\\/\"]}]},{\"@type\":\"ImageObject\",\"inLanguage\":\"pt-BR\",\"@id\":\"https:\\\/\\\/folhapopular.info\\\/index.php\\\/2025\\\/12\\\/05\\\/assinado-contrato-da-ponte-dos-vales\\\/#primaryimage\",\"url\":\"https:\\\/\\\/folhapopular.info\\\/wp-content\\\/uploads\\\/2025\\\/10\\\/2022_11_11_PORTO-DE-ESTRELA_Maciel-Fischer_DIV-scaled.jpg\",\"contentUrl\":\"https:\\\/\\\/folhapopular.info\\\/wp-content\\\/uploads\\\/2025\\\/10\\\/2022_11_11_PORTO-DE-ESTRELA_Maciel-Fischer_DIV-scaled.jpg\",\"width\":2560,\"height\":1638,\"caption\":\"Al\u00e9m da Ponte dos Vales e demais obras rodovi\u00e1rias, reativa\u00e7\u00e3o da hidrovia e da ferrovia e melhorias no Aer\u00f3dromo de Estrela tamb\u00e9m fazem parte das reivindica\u00e7\u00f5es \\\/ Cr\u00e9dito: Maciel Fischer - Divulga\u00e7\u00e3o\"},{\"@type\":\"BreadcrumbList\",\"@id\":\"https:\\\/\\\/folhapopular.info\\\/index.php\\\/2025\\\/12\\\/05\\\/assinado-contrato-da-ponte-dos-vales\\\/#breadcrumb\",\"itemListElement\":[{\"@type\":\"ListItem\",\"position\":1,\"name\":\"In\u00edcio\",\"item\":\"https:\\\/\\\/folhapopular.info\\\/\"},{\"@type\":\"ListItem\",\"position\":2,\"name\":\"Assinado contrato da Ponte dos Vales\"}]},{\"@type\":\"WebSite\",\"@id\":\"https:\\\/\\\/folhapopular.info\\\/#website\",\"url\":\"https:\\\/\\\/folhapopular.info\\\/\",\"name\":\"Folha Popular\",\"description\":\"Onde voc\u00ea tem vez e voz\",\"potentialAction\":[{\"@type\":\"SearchAction\",\"target\":{\"@type\":\"EntryPoint\",\"urlTemplate\":\"https:\\\/\\\/folhapopular.info\\\/?s={search_term_string}\"},\"query-input\":{\"@type\":\"PropertyValueSpecification\",\"valueRequired\":true,\"valueName\":\"search_term_string\"}}],\"inLanguage\":\"pt-BR\"},{\"@type\":\"Person\",\"@id\":\"https:\\\/\\\/folhapopular.info\\\/#\\\/schema\\\/person\\\/50fd7636116370b67381921e65092a49\",\"name\":\"Anderson Lopes\",\"image\":{\"@type\":\"ImageObject\",\"inLanguage\":\"pt-BR\",\"@id\":\"https:\\\/\\\/secure.gravatar.com\\\/avatar\\\/030f2f2574ef743bc9016552464e94d04c7e61de505d7089178f340fc50ed8c6?s=96&d=mm&r=g\",\"url\":\"https:\\\/\\\/secure.gravatar.com\\\/avatar\\\/030f2f2574ef743bc9016552464e94d04c7e61de505d7089178f340fc50ed8c6?s=96&d=mm&r=g\",\"contentUrl\":\"https:\\\/\\\/secure.gravatar.com\\\/avatar\\\/030f2f2574ef743bc9016552464e94d04c7e61de505d7089178f340fc50ed8c6?s=96&d=mm&r=g\",\"caption\":\"Anderson Lopes\"},\"url\":\"https:\\\/\\\/folhapopular.info\\\/index.php\\\/author\\\/anderson-lopes\\\/\"}]}<\/script>\n<!-- \/ Yoast SEO plugin. -->","yoast_head_json":{"title":"Assinado contrato da Ponte dos Vales - Folha Popular","robots":{"index":"index","follow":"follow","max-snippet":"max-snippet:-1","max-image-preview":"max-image-preview:large","max-video-preview":"max-video-preview:-1"},"canonical":"https:\/\/folhapopular.info\/index.php\/2025\/12\/05\/assinado-contrato-da-ponte-dos-vales\/","og_locale":"pt_BR","og_type":"article","og_title":"Assinado contrato da Ponte dos Vales - Folha Popular","og_description":"Obra vai ligar Cruzeiro do Sul a Estrela e desafogar o tr\u00e1fego da BR-386, principalmente na ponte sobre o Rio Taquari, contrato foi firmado nesta quinta-feira, segundo o presidente da CIC-VT \u00c2ngelo Fontana. A esperada assinatura do contrato para a execu\u00e7\u00e3o da Ponte dos Vales ocorreu nesta sexta-feira, conforme confirmou o presidente da C\u00e2mara de [&hellip;]","og_url":"https:\/\/folhapopular.info\/index.php\/2025\/12\/05\/assinado-contrato-da-ponte-dos-vales\/","og_site_name":"Folha Popular","article_published_time":"2025-12-05T13:09:10+00:00","article_modified_time":"2025-12-05T16:50:37+00:00","og_image":[{"width":2560,"height":1638,"url":"http:\/\/folhapopular.info\/wp-content\/uploads\/2025\/10\/2022_11_11_PORTO-DE-ESTRELA_Maciel-Fischer_DIV-scaled.jpg","type":"image\/jpeg"}],"author":"Anderson Lopes","twitter_card":"summary_large_image","twitter_misc":{"Escrito por":"Anderson Lopes","Est. tempo de leitura":"3 minutos"},"schema":{"@context":"https:\/\/schema.org","@graph":[{"@type":"Article","@id":"https:\/\/folhapopular.info\/index.php\/2025\/12\/05\/assinado-contrato-da-ponte-dos-vales\/#article","isPartOf":{"@id":"https:\/\/folhapopular.info\/index.php\/2025\/12\/05\/assinado-contrato-da-ponte-dos-vales\/"},"author":{"name":"Anderson Lopes","@id":"https:\/\/folhapopular.info\/#\/schema\/person\/50fd7636116370b67381921e65092a49"},"headline":"Assinado contrato da Ponte dos Vales","datePublished":"2025-12-05T13:09:10+00:00","dateModified":"2025-12-05T16:50:37+00:00","mainEntityOfPage":{"@id":"https:\/\/folhapopular.info\/index.php\/2025\/12\/05\/assinado-contrato-da-ponte-dos-vales\/"},"wordCount":542,"commentCount":0,"image":{"@id":"https:\/\/folhapopular.info\/index.php\/2025\/12\/05\/assinado-contrato-da-ponte-dos-vales\/#primaryimage"},"thumbnailUrl":"https:\/\/folhapopular.info\/wp-content\/uploads\/2025\/10\/2022_11_11_PORTO-DE-ESTRELA_Maciel-Fischer_DIV-scaled.jpg","keywords":["Estrela","obra","Ponte dos Vales"],"articleSection":["Destaques","Geral"],"inLanguage":"pt-BR","potentialAction":[{"@type":"CommentAction","name":"Comment","target":["https:\/\/folhapopular.info\/index.php\/2025\/12\/05\/assinado-contrato-da-ponte-dos-vales\/#respond"]}]},{"@type":"WebPage","@id":"https:\/\/folhapopular.info\/index.php\/2025\/12\/05\/assinado-contrato-da-ponte-dos-vales\/","url":"https:\/\/folhapopular.info\/index.php\/2025\/12\/05\/assinado-contrato-da-ponte-dos-vales\/","name":"Assinado contrato da Ponte dos Vales - Folha Popular","isPartOf":{"@id":"https:\/\/folhapopular.info\/#website"},"primaryImageOfPage":{"@id":"https:\/\/folhapopular.info\/index.php\/2025\/12\/05\/assinado-contrato-da-ponte-dos-vales\/#primaryimage"},"image":{"@id":"https:\/\/folhapopular.info\/index.php\/2025\/12\/05\/assinado-contrato-da-ponte-dos-vales\/#primaryimage"},"thumbnailUrl":"https:\/\/folhapopular.info\/wp-content\/uploads\/2025\/10\/2022_11_11_PORTO-DE-ESTRELA_Maciel-Fischer_DIV-scaled.jpg","datePublished":"2025-12-05T13:09:10+00:00","dateModified":"2025-12-05T16:50:37+00:00","author":{"@id":"https:\/\/folhapopular.info\/#\/schema\/person\/50fd7636116370b67381921e65092a49"},"breadcrumb":{"@id":"https:\/\/folhapopular.info\/index.php\/2025\/12\/05\/assinado-contrato-da-ponte-dos-vales\/#breadcrumb"},"inLanguage":"pt-BR","potentialAction":[{"@type":"ReadAction","target":["https:\/\/folhapopular.info\/index.php\/2025\/12\/05\/assinado-contrato-da-ponte-dos-vales\/"]}]},{"@type":"ImageObject","inLanguage":"pt-BR","@id":"https:\/\/folhapopular.info\/index.php\/2025\/12\/05\/assinado-contrato-da-ponte-dos-vales\/#primaryimage","url":"https:\/\/folhapopular.info\/wp-content\/uploads\/2025\/10\/2022_11_11_PORTO-DE-ESTRELA_Maciel-Fischer_DIV-scaled.jpg","contentUrl":"https:\/\/folhapopular.info\/wp-content\/uploads\/2025\/10\/2022_11_11_PORTO-DE-ESTRELA_Maciel-Fischer_DIV-scaled.jpg","width":2560,"height":1638,"caption":"Al\u00e9m da Ponte dos Vales e demais obras rodovi\u00e1rias, reativa\u00e7\u00e3o da hidrovia e da ferrovia e melhorias no Aer\u00f3dromo de Estrela tamb\u00e9m fazem parte das reivindica\u00e7\u00f5es \/ Cr\u00e9dito: Maciel Fischer - Divulga\u00e7\u00e3o"},{"@type":"BreadcrumbList","@id":"https:\/\/folhapopular.info\/index.php\/2025\/12\/05\/assinado-contrato-da-ponte-dos-vales\/#breadcrumb","itemListElement":[{"@type":"ListItem","position":1,"name":"In\u00edcio","item":"https:\/\/folhapopular.info\/"},{"@type":"ListItem","position":2,"name":"Assinado contrato da Ponte dos Vales"}]},{"@type":"WebSite","@id":"https:\/\/folhapopular.info\/#website","url":"https:\/\/folhapopular.info\/","name":"Folha Popular","description":"Onde voc\u00ea tem vez e voz","potentialAction":[{"@type":"SearchAction","target":{"@type":"EntryPoint","urlTemplate":"https:\/\/folhapopular.info\/?s={search_term_string}"},"query-input":{"@type":"PropertyValueSpecification","valueRequired":true,"valueName":"search_term_string"}}],"inLanguage":"pt-BR"},{"@type":"Person","@id":"https:\/\/folhapopular.info\/#\/schema\/person\/50fd7636116370b67381921e65092a49","name":"Anderson Lopes","image":{"@type":"ImageObject","inLanguage":"pt-BR","@id":"https:\/\/secure.gravatar.com\/avatar\/030f2f2574ef743bc9016552464e94d04c7e61de505d7089178f340fc50ed8c6?s=96&d=mm&r=g","url":"https:\/\/secure.gravatar.com\/avatar\/030f2f2574ef743bc9016552464e94d04c7e61de505d7089178f340fc50ed8c6?s=96&d=mm&r=g","contentUrl":"https:\/\/secure.gravatar.com\/avatar\/030f2f2574ef743bc9016552464e94d04c7e61de505d7089178f340fc50ed8c6?s=96&d=mm&r=g","caption":"Anderson Lopes"},"url":"https:\/\/folhapopular.info\/index.php\/author\/anderson-lopes\/"}]}},"jetpack_featured_media_url":"https:\/\/folhapopular.info\/wp-content\/uploads\/2025\/10\/2022_11_11_PORTO-DE-ESTRELA_Maciel-Fischer_DIV-scaled.jpg","jetpack_sharing_enabled":true,"amp_enabled":true,"_links":{"self":[{"href":"https:\/\/folhapopular.info\/index.php\/wp-json\/wp\/v2\/posts\/199830","targetHints":{"allow":["GET"]}}],"collection":[{"href":"https:\/\/folhapopular.info\/index.php\/wp-json\/wp\/v2\/posts"}],"about":[{"href":"https:\/\/folhapopular.info\/index.php\/wp-json\/wp\/v2\/types\/post"}],"author":[{"embeddable":true,"href":"https:\/\/folhapopular.info\/index.php\/wp-json\/wp\/v2\/users\/772"}],"replies":[{"embeddable":true,"href":"https:\/\/folhapopular.info\/index.php\/wp-json\/wp\/v2\/comments?post=199830"}],"version-history":[{"count":0,"href":"https:\/\/folhapopular.info\/index.php\/wp-json\/wp\/v2\/posts\/199830\/revisions"}],"wp:featuredmedia":[{"embeddable":true,"href":"https:\/\/folhapopular.info\/index.php\/wp-json\/wp\/v2\/media\/197272"}],"wp:attachment":[{"href":"https:\/\/folhapopular.info\/index.php\/wp-json\/wp\/v2\/media?parent=199830"}],"wp:term":[{"taxonomy":"category","embeddable":true,"href":"https:\/\/folhapopular.info\/index.php\/wp-json\/wp\/v2\/categories?post=199830"},{"taxonomy":"post_tag","embeddable":true,"href":"https:\/\/folhapopular.info\/index.php\/wp-json\/wp\/v2\/tags?post=199830"}],"curies":[{"name":"wp","href":"https:\/\/api.w.org\/{rel}","templated":true}]}}