{"id":199869,"date":"2025-12-06T07:48:28","date_gmt":"2025-12-06T10:48:28","guid":{"rendered":"https:\/\/folhapopular.info\/?p=199869"},"modified":"2025-12-06T07:48:31","modified_gmt":"2025-12-06T10:48:31","slug":"juventus-sela-campanha-historica-na-noligafi","status":"publish","type":"post","link":"https:\/\/folhapopular.info\/index.php\/2025\/12\/06\/juventus-sela-campanha-historica-na-noligafi\/","title":{"rendered":"Juventus sela campanha hist\u00f3rica na Noligafi"},"content":{"rendered":"\n<p>A Aerc Juventus completou mais uma etapa importante na temporada, ao chegar \u00e0 semifinal do Gauch\u00e3o Noligafi &#8211; Elite com duas categorias.<\/p>\n\n\n\n<p>Na Sub-10, a equipe enfrentou o Internacional e acabou superada por 3 a 0. Apesar da derrota, o grupo fecha a competi\u00e7\u00e3o na 4\u00aa coloca\u00e7\u00e3o geral, atr\u00e1s apenas da dupla Gre-Nal e do Juventude.<\/p>\n\n\n\n<p>O resultado sintetiza a consist\u00eancia constru\u00edda ao longo do ano e coloca a Juventus entre os projetos mais competitivos do estado, principalmente por ser uma escola de futebol do interior, que atua em um cen\u00e1rio dominado por estruturas profissionais de grande porte.<\/p>\n\n\n\n<p>Na Sub-11, a trajet\u00f3ria tamb\u00e9m foi de alto n\u00edvel. A equipe encarou o Gr\u00eamio na semifinal e perdeu pelo placar de 3 a 0. Assim, encerrou o campeonato na 3\u00aa posi\u00e7\u00e3o. A realidade de ficar atr\u00e1s apenas dos dois maiores clubes do Rio Grande do Sul em uma competi\u00e7\u00e3o reconhecidamente exigente refor\u00e7a o avan\u00e7o t\u00e9cnico e coletivo do grupo.<\/p>\n\n\n\n<p>As duas classifica\u00e7\u00f5es simult\u00e2neas entre os melhores do estado n\u00e3o s\u00e3o um epis\u00f3dio isolado. Representam o reflexo de um trabalho cont\u00ednuo, estruturado e comprometido com o desenvolvimento dos atletas.<\/p>\n\n\n\n<p>Entre estaduais, regionais e fases decisivas em diferentes competi\u00e7\u00f5es, a Juventus se mant\u00e9m em posi\u00e7\u00e3o de destaque ao longo da temporada e acumula campanhas que demonstram evolu\u00e7\u00e3o e solidez.<\/p>\n\n\n\n<p>Estar, ao mesmo tempo, entre os maiores do estado em duas categorias da Elite \u00e9 um feito que exige valoriza\u00e7\u00e3o e revela o est\u00e1gio de matura\u00e7\u00e3o do projeto.<\/p>\n\n\n\n<p>O clube amplia sua presen\u00e7a no cen\u00e1rio estadual e se firma como refer\u00eancia na forma\u00e7\u00e3o de base. As campanhas refor\u00e7am que a Juventus compete em alto n\u00edvel, com metodologias claras, organiza\u00e7\u00e3o e um ambiente que favorece o crescimento pessoal e esportivo dos jovens.<\/p>\n\n\n\n<p>Para atletas, familiares, comiss\u00e3o t\u00e9cnica e comunidade, o resultado tem dimens\u00e3o hist\u00f3rica: \u00e9 grande, muito grande, e se traduz em orgulho pelo caminho constru\u00eddo.<\/p>\n\n\n\n<figure class=\"wp-block-gallery has-nested-images columns-default is-cropped wp-block-gallery-1 is-layout-flex wp-block-gallery-is-layout-flex\">\n<figure class=\"wp-block-image size-large\"><img loading=\"lazy\" decoding=\"async\" width=\"1024\" height=\"657\" data-id=\"199871\" src=\"https:\/\/folhapopular.info\/wp-content\/uploads\/2025\/12\/WhatsApp-Image-2025-12-05-at-18.56.22-e1765017747298-1024x657.jpeg\" alt=\"\" class=\"wp-image-199871\" srcset=\"https:\/\/folhapopular.info\/wp-content\/uploads\/2025\/12\/WhatsApp-Image-2025-12-05-at-18.56.22-e1765017747298-1024x657.jpeg 1024w, https:\/\/folhapopular.info\/wp-content\/uploads\/2025\/12\/WhatsApp-Image-2025-12-05-at-18.56.22-e1765017747298-300x192.jpeg 300w, https:\/\/folhapopular.info\/wp-content\/uploads\/2025\/12\/WhatsApp-Image-2025-12-05-at-18.56.22-e1765017747298-768x493.jpeg 768w, https:\/\/folhapopular.info\/wp-content\/uploads\/2025\/12\/WhatsApp-Image-2025-12-05-at-18.56.22-e1765017747298-655x420.jpeg 655w, https:\/\/folhapopular.info\/wp-content\/uploads\/2025\/12\/WhatsApp-Image-2025-12-05-at-18.56.22-e1765017747298-696x447.jpeg 696w, https:\/\/folhapopular.info\/wp-content\/uploads\/2025\/12\/WhatsApp-Image-2025-12-05-at-18.56.22-e1765017747298-1068x685.jpeg 1068w, https:\/\/folhapopular.info\/wp-content\/uploads\/2025\/12\/WhatsApp-Image-2025-12-05-at-18.56.22-e1765017747298.jpeg 1278w\" sizes=\"auto, (max-width: 1024px) 100vw, 1024px\" \/><figcaption class=\"wp-element-caption\">Sub-10 ficou na 4\u00aa posi\u00e7\u00e3o<br>Cr\u00e9dito: Divulga\u00e7\u00e3o<\/figcaption><\/figure>\n<\/figure>\n\n\n\n<h2 class=\"wp-block-heading\"><strong>Saiba mais<\/strong><\/h2>\n\n\n\n<figure class=\"wp-block-embed is-type-wp-embed is-provider-folha-popular wp-block-embed-folha-popular\"><div class=\"wp-block-embed__wrapper\">\n<blockquote class=\"wp-embedded-content\" data-secret=\"gjW3w2HB0F\"><a href=\"https:\/\/folhapopular.info\/index.php\/2025\/11\/19\/juventus-entre-os-quatro-melhores-do-estado-na-noligafi\/\">Juventus entre os quatro melhores do estado na Noligafi<\/a><\/blockquote><iframe loading=\"lazy\" class=\"wp-embedded-content\" sandbox=\"allow-scripts\" security=\"restricted\" style=\"position: absolute; visibility: hidden;\" title=\"&#8220;Juventus entre os quatro melhores do estado na Noligafi&#8221; &#8212; Folha Popular\" src=\"https:\/\/folhapopular.info\/index.php\/2025\/11\/19\/juventus-entre-os-quatro-melhores-do-estado-na-noligafi\/embed\/#?secret=FupZhbyfxR#?secret=gjW3w2HB0F\" data-secret=\"gjW3w2HB0F\" width=\"600\" height=\"338\" frameborder=\"0\" marginwidth=\"0\" marginheight=\"0\" scrolling=\"no\"><\/iframe>\n<\/div><\/figure>\n","protected":false},"excerpt":{"rendered":"<p>A Aerc Juventus completou mais uma etapa importante na temporada, ao chegar \u00e0 semifinal do Gauch\u00e3o Noligafi &#8211; Elite com duas categorias. Na Sub-10, a equipe enfrentou o Internacional e acabou superada por 3 a 0. Apesar da derrota, o grupo fecha a competi\u00e7\u00e3o na 4\u00aa coloca\u00e7\u00e3o geral, atr\u00e1s apenas da dupla Gre-Nal e do [&hellip;]<\/p>\n","protected":false},"author":732,"featured_media":199870,"comment_status":"open","ping_status":"open","sticky":false,"template":"","format":"standard","meta":{"pmpro_default_level":"","_jetpack_memberships_contains_paid_content":false,"footnotes":""},"categories":[5,240,2243],"tags":[2000,498,399,13322,26],"class_list":{"0":"post-199869","1":"post","2":"type-post","3":"status-publish","4":"format-standard","5":"has-post-thumbnail","7":"category-esportes","8":"category-futebol-amador","9":"category-futebol-profissional","10":"tag-categoria-de-base","11":"tag-futebol","12":"tag-juventus","13":"tag-noligafi","14":"tag-teutonia","15":"pmpro-has-access"},"yoast_head":"<!-- This site is optimized with the Yoast SEO plugin v27.5 - https:\/\/yoast.com\/product\/yoast-seo-wordpress\/ -->\n<title>Juventus sela campanha hist\u00f3rica na Noligafi - Folha Popular<\/title>\n<meta name=\"robots\" content=\"index, follow, max-snippet:-1, max-image-preview:large, max-video-preview:-1\" \/>\n<link rel=\"canonical\" href=\"https:\/\/folhapopular.info\/index.php\/2025\/12\/06\/juventus-sela-campanha-historica-na-noligafi\/\" \/>\n<meta property=\"og:locale\" content=\"pt_BR\" \/>\n<meta property=\"og:type\" content=\"article\" \/>\n<meta property=\"og:title\" content=\"Juventus sela campanha hist\u00f3rica na Noligafi - Folha Popular\" \/>\n<meta property=\"og:description\" content=\"A Aerc Juventus completou mais uma etapa importante na temporada, ao chegar \u00e0 semifinal do Gauch\u00e3o Noligafi &#8211; Elite com duas categorias. Na Sub-10, a equipe enfrentou o Internacional e acabou superada por 3 a 0. Apesar da derrota, o grupo fecha a competi\u00e7\u00e3o na 4\u00aa coloca\u00e7\u00e3o geral, atr\u00e1s apenas da dupla Gre-Nal e do [&hellip;]\" \/>\n<meta property=\"og:url\" content=\"https:\/\/folhapopular.info\/index.php\/2025\/12\/06\/juventus-sela-campanha-historica-na-noligafi\/\" \/>\n<meta property=\"og:site_name\" content=\"Folha Popular\" \/>\n<meta property=\"article:author\" content=\"https:\/\/www.facebook.com\/luis.huppes\/\" \/>\n<meta property=\"article:published_time\" content=\"2025-12-06T10:48:28+00:00\" \/>\n<meta property=\"article:modified_time\" content=\"2025-12-06T10:48:31+00:00\" \/>\n<meta property=\"og:image\" content=\"http:\/\/folhapopular.info\/wp-content\/uploads\/2025\/12\/WhatsApp-Image-2025-12-05-at-18.56.21.jpeg\" \/>\n\t<meta property=\"og:image:width\" content=\"1280\" \/>\n\t<meta property=\"og:image:height\" content=\"856\" \/>\n\t<meta property=\"og:image:type\" content=\"image\/jpeg\" \/>\n<meta name=\"author\" content=\"Luis Augusto Huppes\" \/>\n<meta name=\"twitter:card\" content=\"summary_large_image\" \/>\n<meta name=\"twitter:label1\" content=\"Escrito por\" \/>\n\t<meta name=\"twitter:data1\" content=\"Luis Augusto Huppes\" \/>\n\t<meta name=\"twitter:label2\" content=\"Est. tempo de leitura\" \/>\n\t<meta name=\"twitter:data2\" content=\"3 minutos\" \/>\n<script type=\"application\/ld+json\" class=\"yoast-schema-graph\">{\"@context\":\"https:\\\/\\\/schema.org\",\"@graph\":[{\"@type\":\"Article\",\"@id\":\"https:\\\/\\\/folhapopular.info\\\/index.php\\\/2025\\\/12\\\/06\\\/juventus-sela-campanha-historica-na-noligafi\\\/#article\",\"isPartOf\":{\"@id\":\"https:\\\/\\\/folhapopular.info\\\/index.php\\\/2025\\\/12\\\/06\\\/juventus-sela-campanha-historica-na-noligafi\\\/\"},\"author\":{\"name\":\"Luis Augusto Huppes\",\"@id\":\"https:\\\/\\\/folhapopular.info\\\/#\\\/schema\\\/person\\\/e852c327371714676d02e58cf917fd9f\"},\"headline\":\"Juventus sela campanha hist\u00f3rica na Noligafi\",\"datePublished\":\"2025-12-06T10:48:28+00:00\",\"dateModified\":\"2025-12-06T10:48:31+00:00\",\"mainEntityOfPage\":{\"@id\":\"https:\\\/\\\/folhapopular.info\\\/index.php\\\/2025\\\/12\\\/06\\\/juventus-sela-campanha-historica-na-noligafi\\\/\"},\"wordCount\":366,\"commentCount\":0,\"image\":{\"@id\":\"https:\\\/\\\/folhapopular.info\\\/index.php\\\/2025\\\/12\\\/06\\\/juventus-sela-campanha-historica-na-noligafi\\\/#primaryimage\"},\"thumbnailUrl\":\"https:\\\/\\\/folhapopular.info\\\/wp-content\\\/uploads\\\/2025\\\/12\\\/WhatsApp-Image-2025-12-05-at-18.56.21.jpeg\",\"keywords\":[\"categoria de base\",\"Futebol\",\"Juventus\",\"Noligafi\",\"Teut\u00f4nia\"],\"articleSection\":[\"Esportes\",\"Futebol Amador\",\"Futebol Profissional\"],\"inLanguage\":\"pt-BR\",\"potentialAction\":[{\"@type\":\"CommentAction\",\"name\":\"Comment\",\"target\":[\"https:\\\/\\\/folhapopular.info\\\/index.php\\\/2025\\\/12\\\/06\\\/juventus-sela-campanha-historica-na-noligafi\\\/#respond\"]}]},{\"@type\":\"WebPage\",\"@id\":\"https:\\\/\\\/folhapopular.info\\\/index.php\\\/2025\\\/12\\\/06\\\/juventus-sela-campanha-historica-na-noligafi\\\/\",\"url\":\"https:\\\/\\\/folhapopular.info\\\/index.php\\\/2025\\\/12\\\/06\\\/juventus-sela-campanha-historica-na-noligafi\\\/\",\"name\":\"Juventus sela campanha hist\u00f3rica na Noligafi - Folha Popular\",\"isPartOf\":{\"@id\":\"https:\\\/\\\/folhapopular.info\\\/#website\"},\"primaryImageOfPage\":{\"@id\":\"https:\\\/\\\/folhapopular.info\\\/index.php\\\/2025\\\/12\\\/06\\\/juventus-sela-campanha-historica-na-noligafi\\\/#primaryimage\"},\"image\":{\"@id\":\"https:\\\/\\\/folhapopular.info\\\/index.php\\\/2025\\\/12\\\/06\\\/juventus-sela-campanha-historica-na-noligafi\\\/#primaryimage\"},\"thumbnailUrl\":\"https:\\\/\\\/folhapopular.info\\\/wp-content\\\/uploads\\\/2025\\\/12\\\/WhatsApp-Image-2025-12-05-at-18.56.21.jpeg\",\"datePublished\":\"2025-12-06T10:48:28+00:00\",\"dateModified\":\"2025-12-06T10:48:31+00:00\",\"author\":{\"@id\":\"https:\\\/\\\/folhapopular.info\\\/#\\\/schema\\\/person\\\/e852c327371714676d02e58cf917fd9f\"},\"breadcrumb\":{\"@id\":\"https:\\\/\\\/folhapopular.info\\\/index.php\\\/2025\\\/12\\\/06\\\/juventus-sela-campanha-historica-na-noligafi\\\/#breadcrumb\"},\"inLanguage\":\"pt-BR\",\"potentialAction\":[{\"@type\":\"ReadAction\",\"target\":[\"https:\\\/\\\/folhapopular.info\\\/index.php\\\/2025\\\/12\\\/06\\\/juventus-sela-campanha-historica-na-noligafi\\\/\"]}]},{\"@type\":\"ImageObject\",\"inLanguage\":\"pt-BR\",\"@id\":\"https:\\\/\\\/folhapopular.info\\\/index.php\\\/2025\\\/12\\\/06\\\/juventus-sela-campanha-historica-na-noligafi\\\/#primaryimage\",\"url\":\"https:\\\/\\\/folhapopular.info\\\/wp-content\\\/uploads\\\/2025\\\/12\\\/WhatsApp-Image-2025-12-05-at-18.56.21.jpeg\",\"contentUrl\":\"https:\\\/\\\/folhapopular.info\\\/wp-content\\\/uploads\\\/2025\\\/12\\\/WhatsApp-Image-2025-12-05-at-18.56.21.jpeg\",\"width\":1280,\"height\":856,\"caption\":\"Sub-11 garantiu 3\u00ba lugar - Cr\u00e9dito: Divulga\u00e7\u00e3o\"},{\"@type\":\"BreadcrumbList\",\"@id\":\"https:\\\/\\\/folhapopular.info\\\/index.php\\\/2025\\\/12\\\/06\\\/juventus-sela-campanha-historica-na-noligafi\\\/#breadcrumb\",\"itemListElement\":[{\"@type\":\"ListItem\",\"position\":1,\"name\":\"In\u00edcio\",\"item\":\"https:\\\/\\\/folhapopular.info\\\/\"},{\"@type\":\"ListItem\",\"position\":2,\"name\":\"Juventus sela campanha hist\u00f3rica na Noligafi\"}]},{\"@type\":\"WebSite\",\"@id\":\"https:\\\/\\\/folhapopular.info\\\/#website\",\"url\":\"https:\\\/\\\/folhapopular.info\\\/\",\"name\":\"Folha Popular\",\"description\":\"Onde voc\u00ea tem vez e voz\",\"potentialAction\":[{\"@type\":\"SearchAction\",\"target\":{\"@type\":\"EntryPoint\",\"urlTemplate\":\"https:\\\/\\\/folhapopular.info\\\/?s={search_term_string}\"},\"query-input\":{\"@type\":\"PropertyValueSpecification\",\"valueRequired\":true,\"valueName\":\"search_term_string\"}}],\"inLanguage\":\"pt-BR\"},{\"@type\":\"Person\",\"@id\":\"https:\\\/\\\/folhapopular.info\\\/#\\\/schema\\\/person\\\/e852c327371714676d02e58cf917fd9f\",\"name\":\"Luis Augusto Huppes\",\"image\":{\"@type\":\"ImageObject\",\"inLanguage\":\"pt-BR\",\"@id\":\"https:\\\/\\\/folhapopular.info\\\/wp-content\\\/uploads\\\/2026\\\/04\\\/Luis-Augusto-Huppes-1-1.webp\",\"url\":\"https:\\\/\\\/folhapopular.info\\\/wp-content\\\/uploads\\\/2026\\\/04\\\/Luis-Augusto-Huppes-1-1.webp\",\"contentUrl\":\"https:\\\/\\\/folhapopular.info\\\/wp-content\\\/uploads\\\/2026\\\/04\\\/Luis-Augusto-Huppes-1-1.webp\",\"caption\":\"Luis Augusto Huppes\"},\"sameAs\":[\"https:\\\/\\\/www.facebook.com\\\/luis.huppes\\\/\",\"https:\\\/\\\/www.instagram.com\\\/luis.huppes\\\/\",\"https:\\\/\\\/www.linkedin.com\\\/in\\\/luis-augusto-huppes-2554b52b7\\\/\"],\"url\":\"https:\\\/\\\/folhapopular.info\\\/index.php\\\/author\\\/luis-augusto-huppes\\\/\"}]}<\/script>\n<!-- \/ Yoast SEO plugin. -->","yoast_head_json":{"title":"Juventus sela campanha hist\u00f3rica na Noligafi - Folha Popular","robots":{"index":"index","follow":"follow","max-snippet":"max-snippet:-1","max-image-preview":"max-image-preview:large","max-video-preview":"max-video-preview:-1"},"canonical":"https:\/\/folhapopular.info\/index.php\/2025\/12\/06\/juventus-sela-campanha-historica-na-noligafi\/","og_locale":"pt_BR","og_type":"article","og_title":"Juventus sela campanha hist\u00f3rica na Noligafi - Folha Popular","og_description":"A Aerc Juventus completou mais uma etapa importante na temporada, ao chegar \u00e0 semifinal do Gauch\u00e3o Noligafi &#8211; Elite com duas categorias. Na Sub-10, a equipe enfrentou o Internacional e acabou superada por 3 a 0. Apesar da derrota, o grupo fecha a competi\u00e7\u00e3o na 4\u00aa coloca\u00e7\u00e3o geral, atr\u00e1s apenas da dupla Gre-Nal e do [&hellip;]","og_url":"https:\/\/folhapopular.info\/index.php\/2025\/12\/06\/juventus-sela-campanha-historica-na-noligafi\/","og_site_name":"Folha Popular","article_author":"https:\/\/www.facebook.com\/luis.huppes\/","article_published_time":"2025-12-06T10:48:28+00:00","article_modified_time":"2025-12-06T10:48:31+00:00","og_image":[{"width":1280,"height":856,"url":"http:\/\/folhapopular.info\/wp-content\/uploads\/2025\/12\/WhatsApp-Image-2025-12-05-at-18.56.21.jpeg","type":"image\/jpeg"}],"author":"Luis Augusto Huppes","twitter_card":"summary_large_image","twitter_misc":{"Escrito por":"Luis Augusto Huppes","Est. tempo de leitura":"3 minutos"},"schema":{"@context":"https:\/\/schema.org","@graph":[{"@type":"Article","@id":"https:\/\/folhapopular.info\/index.php\/2025\/12\/06\/juventus-sela-campanha-historica-na-noligafi\/#article","isPartOf":{"@id":"https:\/\/folhapopular.info\/index.php\/2025\/12\/06\/juventus-sela-campanha-historica-na-noligafi\/"},"author":{"name":"Luis Augusto Huppes","@id":"https:\/\/folhapopular.info\/#\/schema\/person\/e852c327371714676d02e58cf917fd9f"},"headline":"Juventus sela campanha hist\u00f3rica na Noligafi","datePublished":"2025-12-06T10:48:28+00:00","dateModified":"2025-12-06T10:48:31+00:00","mainEntityOfPage":{"@id":"https:\/\/folhapopular.info\/index.php\/2025\/12\/06\/juventus-sela-campanha-historica-na-noligafi\/"},"wordCount":366,"commentCount":0,"image":{"@id":"https:\/\/folhapopular.info\/index.php\/2025\/12\/06\/juventus-sela-campanha-historica-na-noligafi\/#primaryimage"},"thumbnailUrl":"https:\/\/folhapopular.info\/wp-content\/uploads\/2025\/12\/WhatsApp-Image-2025-12-05-at-18.56.21.jpeg","keywords":["categoria de base","Futebol","Juventus","Noligafi","Teut\u00f4nia"],"articleSection":["Esportes","Futebol Amador","Futebol Profissional"],"inLanguage":"pt-BR","potentialAction":[{"@type":"CommentAction","name":"Comment","target":["https:\/\/folhapopular.info\/index.php\/2025\/12\/06\/juventus-sela-campanha-historica-na-noligafi\/#respond"]}]},{"@type":"WebPage","@id":"https:\/\/folhapopular.info\/index.php\/2025\/12\/06\/juventus-sela-campanha-historica-na-noligafi\/","url":"https:\/\/folhapopular.info\/index.php\/2025\/12\/06\/juventus-sela-campanha-historica-na-noligafi\/","name":"Juventus sela campanha hist\u00f3rica na Noligafi - Folha Popular","isPartOf":{"@id":"https:\/\/folhapopular.info\/#website"},"primaryImageOfPage":{"@id":"https:\/\/folhapopular.info\/index.php\/2025\/12\/06\/juventus-sela-campanha-historica-na-noligafi\/#primaryimage"},"image":{"@id":"https:\/\/folhapopular.info\/index.php\/2025\/12\/06\/juventus-sela-campanha-historica-na-noligafi\/#primaryimage"},"thumbnailUrl":"https:\/\/folhapopular.info\/wp-content\/uploads\/2025\/12\/WhatsApp-Image-2025-12-05-at-18.56.21.jpeg","datePublished":"2025-12-06T10:48:28+00:00","dateModified":"2025-12-06T10:48:31+00:00","author":{"@id":"https:\/\/folhapopular.info\/#\/schema\/person\/e852c327371714676d02e58cf917fd9f"},"breadcrumb":{"@id":"https:\/\/folhapopular.info\/index.php\/2025\/12\/06\/juventus-sela-campanha-historica-na-noligafi\/#breadcrumb"},"inLanguage":"pt-BR","potentialAction":[{"@type":"ReadAction","target":["https:\/\/folhapopular.info\/index.php\/2025\/12\/06\/juventus-sela-campanha-historica-na-noligafi\/"]}]},{"@type":"ImageObject","inLanguage":"pt-BR","@id":"https:\/\/folhapopular.info\/index.php\/2025\/12\/06\/juventus-sela-campanha-historica-na-noligafi\/#primaryimage","url":"https:\/\/folhapopular.info\/wp-content\/uploads\/2025\/12\/WhatsApp-Image-2025-12-05-at-18.56.21.jpeg","contentUrl":"https:\/\/folhapopular.info\/wp-content\/uploads\/2025\/12\/WhatsApp-Image-2025-12-05-at-18.56.21.jpeg","width":1280,"height":856,"caption":"Sub-11 garantiu 3\u00ba lugar - Cr\u00e9dito: Divulga\u00e7\u00e3o"},{"@type":"BreadcrumbList","@id":"https:\/\/folhapopular.info\/index.php\/2025\/12\/06\/juventus-sela-campanha-historica-na-noligafi\/#breadcrumb","itemListElement":[{"@type":"ListItem","position":1,"name":"In\u00edcio","item":"https:\/\/folhapopular.info\/"},{"@type":"ListItem","position":2,"name":"Juventus sela campanha hist\u00f3rica na Noligafi"}]},{"@type":"WebSite","@id":"https:\/\/folhapopular.info\/#website","url":"https:\/\/folhapopular.info\/","name":"Folha Popular","description":"Onde voc\u00ea tem vez e voz","potentialAction":[{"@type":"SearchAction","target":{"@type":"EntryPoint","urlTemplate":"https:\/\/folhapopular.info\/?s={search_term_string}"},"query-input":{"@type":"PropertyValueSpecification","valueRequired":true,"valueName":"search_term_string"}}],"inLanguage":"pt-BR"},{"@type":"Person","@id":"https:\/\/folhapopular.info\/#\/schema\/person\/e852c327371714676d02e58cf917fd9f","name":"Luis Augusto Huppes","image":{"@type":"ImageObject","inLanguage":"pt-BR","@id":"https:\/\/folhapopular.info\/wp-content\/uploads\/2026\/04\/Luis-Augusto-Huppes-1-1.webp","url":"https:\/\/folhapopular.info\/wp-content\/uploads\/2026\/04\/Luis-Augusto-Huppes-1-1.webp","contentUrl":"https:\/\/folhapopular.info\/wp-content\/uploads\/2026\/04\/Luis-Augusto-Huppes-1-1.webp","caption":"Luis Augusto Huppes"},"sameAs":["https:\/\/www.facebook.com\/luis.huppes\/","https:\/\/www.instagram.com\/luis.huppes\/","https:\/\/www.linkedin.com\/in\/luis-augusto-huppes-2554b52b7\/"],"url":"https:\/\/folhapopular.info\/index.php\/author\/luis-augusto-huppes\/"}]}},"jetpack_featured_media_url":"https:\/\/folhapopular.info\/wp-content\/uploads\/2025\/12\/WhatsApp-Image-2025-12-05-at-18.56.21.jpeg","jetpack_sharing_enabled":true,"amp_enabled":true,"_links":{"self":[{"href":"https:\/\/folhapopular.info\/index.php\/wp-json\/wp\/v2\/posts\/199869","targetHints":{"allow":["GET"]}}],"collection":[{"href":"https:\/\/folhapopular.info\/index.php\/wp-json\/wp\/v2\/posts"}],"about":[{"href":"https:\/\/folhapopular.info\/index.php\/wp-json\/wp\/v2\/types\/post"}],"author":[{"embeddable":true,"href":"https:\/\/folhapopular.info\/index.php\/wp-json\/wp\/v2\/users\/732"}],"replies":[{"embeddable":true,"href":"https:\/\/folhapopular.info\/index.php\/wp-json\/wp\/v2\/comments?post=199869"}],"version-history":[{"count":0,"href":"https:\/\/folhapopular.info\/index.php\/wp-json\/wp\/v2\/posts\/199869\/revisions"}],"wp:featuredmedia":[{"embeddable":true,"href":"https:\/\/folhapopular.info\/index.php\/wp-json\/wp\/v2\/media\/199870"}],"wp:attachment":[{"href":"https:\/\/folhapopular.info\/index.php\/wp-json\/wp\/v2\/media?parent=199869"}],"wp:term":[{"taxonomy":"category","embeddable":true,"href":"https:\/\/folhapopular.info\/index.php\/wp-json\/wp\/v2\/categories?post=199869"},{"taxonomy":"post_tag","embeddable":true,"href":"https:\/\/folhapopular.info\/index.php\/wp-json\/wp\/v2\/tags?post=199869"}],"curies":[{"name":"wp","href":"https:\/\/api.w.org\/{rel}","templated":true}]}}