{"id":199884,"date":"2025-12-06T07:56:03","date_gmt":"2025-12-06T10:56:03","guid":{"rendered":"https:\/\/folhapopular.info\/?p=199884"},"modified":"2025-12-06T07:56:06","modified_gmt":"2025-12-06T10:56:06","slug":"reuniao-da-acat-deve-definir-rumos-do-amador-em-2026","status":"publish","type":"post","link":"https:\/\/folhapopular.info\/index.php\/2025\/12\/06\/reuniao-da-acat-deve-definir-rumos-do-amador-em-2026\/","title":{"rendered":"Reuni\u00e3o da Acat deve definir rumos do amador em 2026"},"content":{"rendered":"<p>A Associa\u00e7\u00e3o de Clubes Amadores de Teut\u00f4nia (Acat) realiza a primeira reuni\u00e3o preparat\u00f3ria para a temporada 2026 na pr\u00f3xima segunda-feira (8\/12). O encontro reunir\u00e1 as nove equipes convidadas &#8211; as oito que disputaram a edi\u00e7\u00e3o passada do Intermunicipal, al\u00e9m do Flamengo de Westf\u00e1lia, que j\u00e1 confirmou presen\u00e7a. O evento ser\u00e1 no Hotel e Restaurante Uni\u00e3o&#8230;. <\/p>\n<div class=\"pmpro\">\n<div class=\"pmpro_card pmpro_content_message\">\n<div class=\"pmpro_card_content\">Este conte\u00fado \u00e9 apenas para associados Grupo Popular &#8211; Conte\u00fado Total Anual e Grupo Popular &#8211; Conte\u00fado Total Mensal. <br \/><a href=\"https:\/\/folhapopular.info\/wp-login.php?action=register\">Cadastre-se<\/a><\/div>\n<div class=\"pmpro_card_actions pmpro_font-medium\">J\u00e1 se associou? <a href=\"https:\/\/folhapopular.info\/wp-login.php?redirect_to=https%3A%2F%2Ffolhapopular.info%2Findex.php%2F2025%2F12%2F06%2Freuniao-da-acat-deve-definir-rumos-do-amador-em-2026%2F\">Acesse aqui<\/a><\/div>\n<\/div>\n<\/div>\n","protected":false},"excerpt":{"rendered":"<p>A Associa\u00e7\u00e3o de Clubes Amadores de Teut\u00f4nia (Acat) realiza a primeira reuni\u00e3o preparat\u00f3ria para a temporada 2026 na pr\u00f3xima segunda-feira (8\/12). O encontro reunir\u00e1 as nove equipes convidadas &#8211; as oito que disputaram a edi\u00e7\u00e3o passada do Intermunicipal, al\u00e9m do Flamengo de Westf\u00e1lia, que j\u00e1 confirmou presen\u00e7a. O evento ser\u00e1 no Hotel e Restaurante Uni\u00e3o.... <\/p>\n<div class=\"pmpro\"><div class=\"pmpro_card pmpro_content_message\"><div class=\"pmpro_card_content\">Este conte\u00fado \u00e9 apenas para associados Grupo Popular - Conte\u00fado Total Anual e Grupo Popular - Conte\u00fado Total Mensal. <br \/><a href=\"https:\/\/folhapopular.info\/wp-login.php?action=register\">Cadastre-se<\/a><\/div><div class=\"pmpro_card_actions pmpro_font-medium\">J\u00e1 se associou? <a href=\"https:\/\/folhapopular.info\/wp-login.php?redirect_to=https%3A%2F%2Ffolhapopular.info%2Findex.php%2F2025%2F12%2F06%2Freuniao-da-acat-deve-definir-rumos-do-amador-em-2026%2F\">Acesse aqui<\/a><\/div><\/div><\/div>","protected":false},"author":732,"featured_media":199886,"comment_status":"open","ping_status":"open","sticky":false,"template":"","format":"standard","meta":{"pmpro_default_level":"","_jetpack_memberships_contains_paid_content":false,"footnotes":""},"categories":[11078,5990,5,240,19840],"tags":[5268,147,19837,19838,3693],"class_list":{"0":"post-199884","1":"post","2":"type-post","3":"status-publish","4":"format-standard","5":"has-post-thumbnail","7":"category-assinantes","8":"category-conteudo-exclusivo","9":"category-esportes","10":"category-futebol-amador","11":"category-intermunicipal-2026","12":"tag-acat","13":"tag-futebol-amador","14":"tag-intermunicipal-2026","15":"tag-pivi","16":"tag-reuniao","17":"pmpro-level-required","18":"pmpro-level-2","19":"pmpro-level-4","20":"pmpro-level-5","21":"pmpro-no-access"},"yoast_head":"<!-- This site is optimized with the Yoast SEO plugin v27.5 - https:\/\/yoast.com\/product\/yoast-seo-wordpress\/ -->\n<title>Reuni\u00e3o da Acat deve definir rumos do amador em 2026 - Folha Popular<\/title>\n<meta name=\"robots\" content=\"index, follow, max-snippet:-1, max-image-preview:large, max-video-preview:-1\" \/>\n<link rel=\"canonical\" href=\"https:\/\/folhapopular.info\/index.php\/2025\/12\/06\/reuniao-da-acat-deve-definir-rumos-do-amador-em-2026\/\" \/>\n<meta property=\"og:locale\" content=\"pt_BR\" \/>\n<meta property=\"og:type\" content=\"article\" \/>\n<meta property=\"og:title\" content=\"Reuni\u00e3o da Acat deve definir rumos do amador em 2026 - Folha Popular\" \/>\n<meta property=\"og:description\" content=\"A Associa\u00e7\u00e3o de Clubes Amadores de Teut\u00f4nia (Acat) realiza a primeira reuni\u00e3o preparat\u00f3ria para a temporada 2026 na pr\u00f3xima segunda-feira (8\/12). O encontro reunir\u00e1 as nove equipes convidadas &#8211; as oito que disputaram a edi\u00e7\u00e3o passada do Intermunicipal, al\u00e9m do Flamengo de Westf\u00e1lia, que j\u00e1 confirmou presen\u00e7a. O evento ser\u00e1 no Hotel e Restaurante Uni\u00e3o. [&hellip;]\" \/>\n<meta property=\"og:url\" content=\"https:\/\/folhapopular.info\/index.php\/2025\/12\/06\/reuniao-da-acat-deve-definir-rumos-do-amador-em-2026\/\" \/>\n<meta property=\"og:site_name\" content=\"Folha Popular\" \/>\n<meta property=\"article:author\" content=\"https:\/\/www.facebook.com\/luis.huppes\/\" \/>\n<meta property=\"article:published_time\" content=\"2025-12-06T10:56:03+00:00\" \/>\n<meta property=\"article:modified_time\" content=\"2025-12-06T10:56:06+00:00\" \/>\n<meta property=\"og:image\" content=\"http:\/\/folhapopular.info\/wp-content\/uploads\/2025\/12\/WhatsApp-Image-2025-12-05-at-18.55.55.jpeg\" \/>\n\t<meta property=\"og:image:width\" content=\"1280\" \/>\n\t<meta property=\"og:image:height\" content=\"960\" \/>\n\t<meta property=\"og:image:type\" content=\"image\/jpeg\" \/>\n<meta name=\"author\" content=\"Luis Augusto Huppes\" \/>\n<meta name=\"twitter:card\" content=\"summary_large_image\" \/>\n<meta name=\"twitter:label1\" content=\"Escrito por\" \/>\n\t<meta name=\"twitter:data1\" content=\"Luis Augusto Huppes\" \/>\n\t<meta name=\"twitter:label2\" content=\"Est. tempo de leitura\" \/>\n\t<meta name=\"twitter:data2\" content=\"3 minutos\" \/>\n<script type=\"application\/ld+json\" class=\"yoast-schema-graph\">{\"@context\":\"https:\\\/\\\/schema.org\",\"@graph\":[{\"@type\":\"Article\",\"@id\":\"https:\\\/\\\/folhapopular.info\\\/index.php\\\/2025\\\/12\\\/06\\\/reuniao-da-acat-deve-definir-rumos-do-amador-em-2026\\\/#article\",\"isPartOf\":{\"@id\":\"https:\\\/\\\/folhapopular.info\\\/index.php\\\/2025\\\/12\\\/06\\\/reuniao-da-acat-deve-definir-rumos-do-amador-em-2026\\\/\"},\"author\":{\"name\":\"Luis Augusto Huppes\",\"@id\":\"https:\\\/\\\/folhapopular.info\\\/#\\\/schema\\\/person\\\/e852c327371714676d02e58cf917fd9f\"},\"headline\":\"Reuni\u00e3o da Acat deve definir rumos do amador em 2026\",\"datePublished\":\"2025-12-06T10:56:03+00:00\",\"dateModified\":\"2025-12-06T10:56:06+00:00\",\"mainEntityOfPage\":{\"@id\":\"https:\\\/\\\/folhapopular.info\\\/index.php\\\/2025\\\/12\\\/06\\\/reuniao-da-acat-deve-definir-rumos-do-amador-em-2026\\\/\"},\"wordCount\":567,\"commentCount\":0,\"image\":{\"@id\":\"https:\\\/\\\/folhapopular.info\\\/index.php\\\/2025\\\/12\\\/06\\\/reuniao-da-acat-deve-definir-rumos-do-amador-em-2026\\\/#primaryimage\"},\"thumbnailUrl\":\"https:\\\/\\\/folhapopular.info\\\/wp-content\\\/uploads\\\/2025\\\/12\\\/WhatsApp-Image-2025-12-05-at-18.55.55.jpeg\",\"keywords\":[\"Acat\",\"futebol amador\",\"Intermunicipal 2026\",\"PIvi\",\"reuni\u00e3o\"],\"articleSection\":[\"Assinantes\",\"Conte\u00fado Exclusivo\",\"Esportes\",\"Futebol Amador\",\"Intermunicipal 2026\"],\"inLanguage\":\"pt-BR\",\"potentialAction\":[{\"@type\":\"CommentAction\",\"name\":\"Comment\",\"target\":[\"https:\\\/\\\/folhapopular.info\\\/index.php\\\/2025\\\/12\\\/06\\\/reuniao-da-acat-deve-definir-rumos-do-amador-em-2026\\\/#respond\"]}]},{\"@type\":\"WebPage\",\"@id\":\"https:\\\/\\\/folhapopular.info\\\/index.php\\\/2025\\\/12\\\/06\\\/reuniao-da-acat-deve-definir-rumos-do-amador-em-2026\\\/\",\"url\":\"https:\\\/\\\/folhapopular.info\\\/index.php\\\/2025\\\/12\\\/06\\\/reuniao-da-acat-deve-definir-rumos-do-amador-em-2026\\\/\",\"name\":\"Reuni\u00e3o da Acat deve definir rumos do amador em 2026 - Folha Popular\",\"isPartOf\":{\"@id\":\"https:\\\/\\\/folhapopular.info\\\/#website\"},\"primaryImageOfPage\":{\"@id\":\"https:\\\/\\\/folhapopular.info\\\/index.php\\\/2025\\\/12\\\/06\\\/reuniao-da-acat-deve-definir-rumos-do-amador-em-2026\\\/#primaryimage\"},\"image\":{\"@id\":\"https:\\\/\\\/folhapopular.info\\\/index.php\\\/2025\\\/12\\\/06\\\/reuniao-da-acat-deve-definir-rumos-do-amador-em-2026\\\/#primaryimage\"},\"thumbnailUrl\":\"https:\\\/\\\/folhapopular.info\\\/wp-content\\\/uploads\\\/2025\\\/12\\\/WhatsApp-Image-2025-12-05-at-18.55.55.jpeg\",\"datePublished\":\"2025-12-06T10:56:03+00:00\",\"dateModified\":\"2025-12-06T10:56:06+00:00\",\"author\":{\"@id\":\"https:\\\/\\\/folhapopular.info\\\/#\\\/schema\\\/person\\\/e852c327371714676d02e58cf917fd9f\"},\"breadcrumb\":{\"@id\":\"https:\\\/\\\/folhapopular.info\\\/index.php\\\/2025\\\/12\\\/06\\\/reuniao-da-acat-deve-definir-rumos-do-amador-em-2026\\\/#breadcrumb\"},\"inLanguage\":\"pt-BR\",\"potentialAction\":[{\"@type\":\"ReadAction\",\"target\":[\"https:\\\/\\\/folhapopular.info\\\/index.php\\\/2025\\\/12\\\/06\\\/reuniao-da-acat-deve-definir-rumos-do-amador-em-2026\\\/\"]}]},{\"@type\":\"ImageObject\",\"inLanguage\":\"pt-BR\",\"@id\":\"https:\\\/\\\/folhapopular.info\\\/index.php\\\/2025\\\/12\\\/06\\\/reuniao-da-acat-deve-definir-rumos-do-amador-em-2026\\\/#primaryimage\",\"url\":\"https:\\\/\\\/folhapopular.info\\\/wp-content\\\/uploads\\\/2025\\\/12\\\/WhatsApp-Image-2025-12-05-at-18.55.55.jpeg\",\"contentUrl\":\"https:\\\/\\\/folhapopular.info\\\/wp-content\\\/uploads\\\/2025\\\/12\\\/WhatsApp-Image-2025-12-05-at-18.55.55.jpeg\",\"width\":1280,\"height\":960,\"caption\":\"Jair Roberto Welter participou do Bola na Trave da quarta-feira (3\\\/12) - Cr\u00e9dito: Luis Augusto Huppes\"},{\"@type\":\"BreadcrumbList\",\"@id\":\"https:\\\/\\\/folhapopular.info\\\/index.php\\\/2025\\\/12\\\/06\\\/reuniao-da-acat-deve-definir-rumos-do-amador-em-2026\\\/#breadcrumb\",\"itemListElement\":[{\"@type\":\"ListItem\",\"position\":1,\"name\":\"In\u00edcio\",\"item\":\"https:\\\/\\\/folhapopular.info\\\/\"},{\"@type\":\"ListItem\",\"position\":2,\"name\":\"Reuni\u00e3o da Acat deve definir rumos do amador em 2026\"}]},{\"@type\":\"WebSite\",\"@id\":\"https:\\\/\\\/folhapopular.info\\\/#website\",\"url\":\"https:\\\/\\\/folhapopular.info\\\/\",\"name\":\"Folha Popular\",\"description\":\"Onde voc\u00ea tem vez e voz\",\"potentialAction\":[{\"@type\":\"SearchAction\",\"target\":{\"@type\":\"EntryPoint\",\"urlTemplate\":\"https:\\\/\\\/folhapopular.info\\\/?s={search_term_string}\"},\"query-input\":{\"@type\":\"PropertyValueSpecification\",\"valueRequired\":true,\"valueName\":\"search_term_string\"}}],\"inLanguage\":\"pt-BR\"},{\"@type\":\"Person\",\"@id\":\"https:\\\/\\\/folhapopular.info\\\/#\\\/schema\\\/person\\\/e852c327371714676d02e58cf917fd9f\",\"name\":\"Luis Augusto Huppes\",\"image\":{\"@type\":\"ImageObject\",\"inLanguage\":\"pt-BR\",\"@id\":\"https:\\\/\\\/folhapopular.info\\\/wp-content\\\/uploads\\\/2026\\\/04\\\/Luis-Augusto-Huppes-1-1.webp\",\"url\":\"https:\\\/\\\/folhapopular.info\\\/wp-content\\\/uploads\\\/2026\\\/04\\\/Luis-Augusto-Huppes-1-1.webp\",\"contentUrl\":\"https:\\\/\\\/folhapopular.info\\\/wp-content\\\/uploads\\\/2026\\\/04\\\/Luis-Augusto-Huppes-1-1.webp\",\"caption\":\"Luis Augusto Huppes\"},\"sameAs\":[\"https:\\\/\\\/www.facebook.com\\\/luis.huppes\\\/\",\"https:\\\/\\\/www.instagram.com\\\/luis.huppes\\\/\",\"https:\\\/\\\/www.linkedin.com\\\/in\\\/luis-augusto-huppes-2554b52b7\\\/\"],\"url\":\"https:\\\/\\\/folhapopular.info\\\/index.php\\\/author\\\/luis-augusto-huppes\\\/\"}]}<\/script>\n<!-- \/ Yoast SEO plugin. -->","yoast_head_json":{"title":"Reuni\u00e3o da Acat deve definir rumos do amador em 2026 - Folha Popular","robots":{"index":"index","follow":"follow","max-snippet":"max-snippet:-1","max-image-preview":"max-image-preview:large","max-video-preview":"max-video-preview:-1"},"canonical":"https:\/\/folhapopular.info\/index.php\/2025\/12\/06\/reuniao-da-acat-deve-definir-rumos-do-amador-em-2026\/","og_locale":"pt_BR","og_type":"article","og_title":"Reuni\u00e3o da Acat deve definir rumos do amador em 2026 - Folha Popular","og_description":"A Associa\u00e7\u00e3o de Clubes Amadores de Teut\u00f4nia (Acat) realiza a primeira reuni\u00e3o preparat\u00f3ria para a temporada 2026 na pr\u00f3xima segunda-feira (8\/12). O encontro reunir\u00e1 as nove equipes convidadas &#8211; as oito que disputaram a edi\u00e7\u00e3o passada do Intermunicipal, al\u00e9m do Flamengo de Westf\u00e1lia, que j\u00e1 confirmou presen\u00e7a. O evento ser\u00e1 no Hotel e Restaurante Uni\u00e3o. [&hellip;]","og_url":"https:\/\/folhapopular.info\/index.php\/2025\/12\/06\/reuniao-da-acat-deve-definir-rumos-do-amador-em-2026\/","og_site_name":"Folha Popular","article_author":"https:\/\/www.facebook.com\/luis.huppes\/","article_published_time":"2025-12-06T10:56:03+00:00","article_modified_time":"2025-12-06T10:56:06+00:00","og_image":[{"width":1280,"height":960,"url":"http:\/\/folhapopular.info\/wp-content\/uploads\/2025\/12\/WhatsApp-Image-2025-12-05-at-18.55.55.jpeg","type":"image\/jpeg"}],"author":"Luis Augusto Huppes","twitter_card":"summary_large_image","twitter_misc":{"Escrito por":"Luis Augusto Huppes","Est. tempo de leitura":"3 minutos"},"schema":{"@context":"https:\/\/schema.org","@graph":[{"@type":"Article","@id":"https:\/\/folhapopular.info\/index.php\/2025\/12\/06\/reuniao-da-acat-deve-definir-rumos-do-amador-em-2026\/#article","isPartOf":{"@id":"https:\/\/folhapopular.info\/index.php\/2025\/12\/06\/reuniao-da-acat-deve-definir-rumos-do-amador-em-2026\/"},"author":{"name":"Luis Augusto Huppes","@id":"https:\/\/folhapopular.info\/#\/schema\/person\/e852c327371714676d02e58cf917fd9f"},"headline":"Reuni\u00e3o da Acat deve definir rumos do amador em 2026","datePublished":"2025-12-06T10:56:03+00:00","dateModified":"2025-12-06T10:56:06+00:00","mainEntityOfPage":{"@id":"https:\/\/folhapopular.info\/index.php\/2025\/12\/06\/reuniao-da-acat-deve-definir-rumos-do-amador-em-2026\/"},"wordCount":567,"commentCount":0,"image":{"@id":"https:\/\/folhapopular.info\/index.php\/2025\/12\/06\/reuniao-da-acat-deve-definir-rumos-do-amador-em-2026\/#primaryimage"},"thumbnailUrl":"https:\/\/folhapopular.info\/wp-content\/uploads\/2025\/12\/WhatsApp-Image-2025-12-05-at-18.55.55.jpeg","keywords":["Acat","futebol amador","Intermunicipal 2026","PIvi","reuni\u00e3o"],"articleSection":["Assinantes","Conte\u00fado Exclusivo","Esportes","Futebol Amador","Intermunicipal 2026"],"inLanguage":"pt-BR","potentialAction":[{"@type":"CommentAction","name":"Comment","target":["https:\/\/folhapopular.info\/index.php\/2025\/12\/06\/reuniao-da-acat-deve-definir-rumos-do-amador-em-2026\/#respond"]}]},{"@type":"WebPage","@id":"https:\/\/folhapopular.info\/index.php\/2025\/12\/06\/reuniao-da-acat-deve-definir-rumos-do-amador-em-2026\/","url":"https:\/\/folhapopular.info\/index.php\/2025\/12\/06\/reuniao-da-acat-deve-definir-rumos-do-amador-em-2026\/","name":"Reuni\u00e3o da Acat deve definir rumos do amador em 2026 - Folha Popular","isPartOf":{"@id":"https:\/\/folhapopular.info\/#website"},"primaryImageOfPage":{"@id":"https:\/\/folhapopular.info\/index.php\/2025\/12\/06\/reuniao-da-acat-deve-definir-rumos-do-amador-em-2026\/#primaryimage"},"image":{"@id":"https:\/\/folhapopular.info\/index.php\/2025\/12\/06\/reuniao-da-acat-deve-definir-rumos-do-amador-em-2026\/#primaryimage"},"thumbnailUrl":"https:\/\/folhapopular.info\/wp-content\/uploads\/2025\/12\/WhatsApp-Image-2025-12-05-at-18.55.55.jpeg","datePublished":"2025-12-06T10:56:03+00:00","dateModified":"2025-12-06T10:56:06+00:00","author":{"@id":"https:\/\/folhapopular.info\/#\/schema\/person\/e852c327371714676d02e58cf917fd9f"},"breadcrumb":{"@id":"https:\/\/folhapopular.info\/index.php\/2025\/12\/06\/reuniao-da-acat-deve-definir-rumos-do-amador-em-2026\/#breadcrumb"},"inLanguage":"pt-BR","potentialAction":[{"@type":"ReadAction","target":["https:\/\/folhapopular.info\/index.php\/2025\/12\/06\/reuniao-da-acat-deve-definir-rumos-do-amador-em-2026\/"]}]},{"@type":"ImageObject","inLanguage":"pt-BR","@id":"https:\/\/folhapopular.info\/index.php\/2025\/12\/06\/reuniao-da-acat-deve-definir-rumos-do-amador-em-2026\/#primaryimage","url":"https:\/\/folhapopular.info\/wp-content\/uploads\/2025\/12\/WhatsApp-Image-2025-12-05-at-18.55.55.jpeg","contentUrl":"https:\/\/folhapopular.info\/wp-content\/uploads\/2025\/12\/WhatsApp-Image-2025-12-05-at-18.55.55.jpeg","width":1280,"height":960,"caption":"Jair Roberto Welter participou do Bola na Trave da quarta-feira (3\/12) - Cr\u00e9dito: Luis Augusto Huppes"},{"@type":"BreadcrumbList","@id":"https:\/\/folhapopular.info\/index.php\/2025\/12\/06\/reuniao-da-acat-deve-definir-rumos-do-amador-em-2026\/#breadcrumb","itemListElement":[{"@type":"ListItem","position":1,"name":"In\u00edcio","item":"https:\/\/folhapopular.info\/"},{"@type":"ListItem","position":2,"name":"Reuni\u00e3o da Acat deve definir rumos do amador em 2026"}]},{"@type":"WebSite","@id":"https:\/\/folhapopular.info\/#website","url":"https:\/\/folhapopular.info\/","name":"Folha Popular","description":"Onde voc\u00ea tem vez e voz","potentialAction":[{"@type":"SearchAction","target":{"@type":"EntryPoint","urlTemplate":"https:\/\/folhapopular.info\/?s={search_term_string}"},"query-input":{"@type":"PropertyValueSpecification","valueRequired":true,"valueName":"search_term_string"}}],"inLanguage":"pt-BR"},{"@type":"Person","@id":"https:\/\/folhapopular.info\/#\/schema\/person\/e852c327371714676d02e58cf917fd9f","name":"Luis Augusto Huppes","image":{"@type":"ImageObject","inLanguage":"pt-BR","@id":"https:\/\/folhapopular.info\/wp-content\/uploads\/2026\/04\/Luis-Augusto-Huppes-1-1.webp","url":"https:\/\/folhapopular.info\/wp-content\/uploads\/2026\/04\/Luis-Augusto-Huppes-1-1.webp","contentUrl":"https:\/\/folhapopular.info\/wp-content\/uploads\/2026\/04\/Luis-Augusto-Huppes-1-1.webp","caption":"Luis Augusto Huppes"},"sameAs":["https:\/\/www.facebook.com\/luis.huppes\/","https:\/\/www.instagram.com\/luis.huppes\/","https:\/\/www.linkedin.com\/in\/luis-augusto-huppes-2554b52b7\/"],"url":"https:\/\/folhapopular.info\/index.php\/author\/luis-augusto-huppes\/"}]}},"jetpack_featured_media_url":"https:\/\/folhapopular.info\/wp-content\/uploads\/2025\/12\/WhatsApp-Image-2025-12-05-at-18.55.55.jpeg","jetpack_sharing_enabled":true,"amp_enabled":true,"_links":{"self":[{"href":"https:\/\/folhapopular.info\/index.php\/wp-json\/wp\/v2\/posts\/199884","targetHints":{"allow":["GET"]}}],"collection":[{"href":"https:\/\/folhapopular.info\/index.php\/wp-json\/wp\/v2\/posts"}],"about":[{"href":"https:\/\/folhapopular.info\/index.php\/wp-json\/wp\/v2\/types\/post"}],"author":[{"embeddable":true,"href":"https:\/\/folhapopular.info\/index.php\/wp-json\/wp\/v2\/users\/732"}],"replies":[{"embeddable":true,"href":"https:\/\/folhapopular.info\/index.php\/wp-json\/wp\/v2\/comments?post=199884"}],"version-history":[{"count":0,"href":"https:\/\/folhapopular.info\/index.php\/wp-json\/wp\/v2\/posts\/199884\/revisions"}],"wp:featuredmedia":[{"embeddable":true,"href":"https:\/\/folhapopular.info\/index.php\/wp-json\/wp\/v2\/media\/199886"}],"wp:attachment":[{"href":"https:\/\/folhapopular.info\/index.php\/wp-json\/wp\/v2\/media?parent=199884"}],"wp:term":[{"taxonomy":"category","embeddable":true,"href":"https:\/\/folhapopular.info\/index.php\/wp-json\/wp\/v2\/categories?post=199884"},{"taxonomy":"post_tag","embeddable":true,"href":"https:\/\/folhapopular.info\/index.php\/wp-json\/wp\/v2\/tags?post=199884"}],"curies":[{"name":"wp","href":"https:\/\/api.w.org\/{rel}","templated":true}]}}