{"id":199952,"date":"2025-12-07T12:43:17","date_gmt":"2025-12-07T15:43:17","guid":{"rendered":"https:\/\/folhapopular.info\/?p=199952"},"modified":"2025-12-07T12:44:32","modified_gmt":"2025-12-07T15:44:32","slug":"a-1a-gincana-natal-do-povo-solidario-chega-a-final-com-o-sentimento-de-missao-cumprida-alem-da-competicao-saudavel-o-legado-mais-valioso-esta-na-mobilizacao-coletiva-que-movimentou-familias-empresa","status":"publish","type":"post","link":"https:\/\/folhapopular.info\/index.php\/2025\/12\/07\/a-1a-gincana-natal-do-povo-solidario-chega-a-final-com-o-sentimento-de-missao-cumprida-alem-da-competicao-saudavel-o-legado-mais-valioso-esta-na-mobilizacao-coletiva-que-movimentou-familias-empresa\/","title":{"rendered":"Gincana Natal do Povo refor\u00e7a uni\u00e3o comunit\u00e1ria na grande final"},"content":{"rendered":"\n<p>Teut\u00f4nia vive um domingo (7\/12) especial com a grande final da 1\u00aa Gincana Natal do Povo Solid\u00e1rio , promovida pelo Grupo Popular de Comunica\u00e7\u00e3o. As quatro equipes, Cooperativa Languiru, Rotary\/Rotaract, Col\u00e9gio Teut\u00f4nia e CTG Lenda das Coxilhas, se uniram no Pavilh\u00e3o Multiuso ap\u00f3s semanas de mobiliza\u00e7\u00e3o intensa, arrecada\u00e7\u00f5es, tarefas criativas e a\u00e7\u00f5es que envolveram centenas de pessoas. Diversas tarefas j\u00e1 foram conclu\u00eddas, movimentando toda a comunidade.<\/p>\n\n\n\n<h4 class=\"wp-block-heading\"><strong>Entidades celebram o apoio e destacam impacto social<\/strong><\/h4>\n\n\n\n<p>A Pastora Cristiane explica que a Horta Comunit\u00e1ria recebe as cestas em um per\u00edodo de grande necessidade.<br>\u201cO estoque estava zerado. A horta n\u00e3o d\u00e1 conta de toda a demanda, e as cestas complementam o trabalho que fazemos. No fim do ano, com as crian\u00e7as em casa, o consumo aumenta ainda mais\u201d, destacou.<\/p>\n\n\n\n<p>A presidente Margrit Grave destaca a import\u00e2ncia da arrecada\u00e7\u00e3o de tampinhas e lacres.<br>\u201cAs tampinhas ajudam a salvar vidas. Elas viram recursos para suplementos, medicamentos e cestas b\u00e1sicas. O empenho das equipes impressionou\u201d, afirmou.<\/p>\n\n\n\n<p>A diretora C\u00e2ndida Costa lembrou que a escola atua na identifica\u00e7\u00e3o das fam\u00edlias em maior vulnerabilidade:<br>\u201cAs cestas n\u00e3o ficam na escola. Elas v\u00e3o direto para quem mais precisa, especialmente agora, quando as crian\u00e7as passam mais tempo em casa.\u201d<\/p>\n\n\n\n<h4 class=\"wp-block-heading\"><strong>Desafios, uni\u00e3o e supera\u00e7\u00e3o nas tarefas<\/strong><\/h4>\n\n\n\n<p>As l\u00edderes Tain\u00e1 Goldmeyer e Maiara Driemeyer explicam que a equipe da Cooperativa Languirureuniu integrantes de cinco cidades.<br>\u201cMesmo com tudo isso, a gente se uniu muito. Cada tarefa entregue foi um motivo de orgulho\u201d, afirmaram. Na equipe, estiveram participantes de Estrela e Westf\u00e1lia tamb\u00e9m.<\/p>\n\n\n\n<p>O l\u00edder da quipe do Rotaract, um dos tr\u00eas da equipe do Rotary Teut\u00eenia, Denner Correia lembra que o grupo j\u00e1 havia realizado grande campanha anterior de tampinhas, o que tornou a nova coleta mais desafiadora. \u201cArrecadar de novo foi complicado, mas a equipe se dedicou. Tivemos mais de 70 pessoas envolvidas ao longo das tarefas\u201d, contou.<\/p>\n\n\n\n<p> Daniel Grahl no comando da equipe do Col\u00e9gio Teut\u00f4nia destaca que a tarefa mais trabalhosa foi a coleta de tampinhas e lacres.<br>\u201cFoi intenso, mas uniu alunos, pais, professores e toda a comunidade. Ficamos muito orgulhosos em participar\u201d, afirmou.<\/p>\n\n\n\n<p>O CTG Lenda das Coxilhas, liderado por Diana Margarete Schuster, buscou apoio em outros CTGs para cumprir as metas.<br>\u201cA arrecada\u00e7\u00e3o de tampinhas e garrafas pet foi a mais dif\u00edcil, mas nos mobilizamos em la\u00e7os e eventos e conseguimos cumprir tudo\u201d, relatou.<\/p>\n\n\n\n<h4 class=\"wp-block-heading\"><strong>Resultados parciais das tarefas de arrecada\u00e7\u00e3o<\/strong><\/h4>\n\n\n\n<p>As equipes entregaram na manh\u00e3 deste domingo os itens referentes \u00e0s tarefas de bolachas compradas e tampinhas pl\u00e1sticas, que pontuam diretamente na avalia\u00e7\u00e3o final.<\/p>\n\n\n\n<h5 class=\"wp-block-heading\"><strong>Tampinhas pl\u00e1sticas entregues (em kg)<\/strong><\/h5>\n\n\n\n<ul class=\"wp-block-list\">\n<li>Col\u00e9gio Teut\u00f4nia: 163,8<\/li>\n\n\n\n<li>CTG Lenda das Coxilhas: 124,7<\/li>\n\n\n\n<li>Rotary\/Rotaract: 46,1<\/li>\n\n\n\n<li><strong>Cooperativa Languiru: 27,5<\/strong><\/li>\n<\/ul>\n\n\n\n<h5 class=\"wp-block-heading\"><strong>Bolachas industrializadas entregues (em gramas)<\/strong><\/h5>\n\n\n\n<ul class=\"wp-block-list\">\n<li>Cooperativa Languiru: 3.950 g<\/li>\n\n\n\n<li>Col\u00e9gio Teut\u00f4nia: 1.500 g<\/li>\n\n\n\n<li>CTG Lenda das Coxilhas: 2.450 g<\/li>\n\n\n\n<li>Rotary\/Rotaract: n\u00e3o apresentou entrega<\/li>\n<\/ul>\n\n\n\n<h4 class=\"wp-block-heading\"><strong>Solidariedade que vira tradi\u00e7\u00e3o<\/strong><\/h4>\n\n\n\n<p>A 1\u00aa Gincana Natal do Povo Solid\u00e1rio chega \u00e0 final com o sentimento de miss\u00e3o cumprida. Al\u00e9m da competi\u00e7\u00e3o saud\u00e1vel, o legado mais valioso est\u00e1 na mobiliza\u00e7\u00e3o coletiva que movimentou fam\u00edlias, empresas, estudantes e volunt\u00e1rios em torno do bem comum.<\/p>\n\n\n\n<p>A noite reserva o an\u00fancio da equipe campe\u00e3. <\/p>\n\n\n\n<figure class=\"wp-block-gallery has-nested-images columns-default is-cropped wp-block-gallery-1 is-layout-flex wp-block-gallery-is-layout-flex\">\n<figure class=\"wp-block-image size-large\"><img loading=\"lazy\" decoding=\"async\" width=\"1024\" height=\"768\" data-id=\"199954\" src=\"https:\/\/folhapopular.info\/wp-content\/uploads\/2025\/12\/Equipe-Coop-Languiru_Anderson-Lopess-1024x768.jpeg\" alt=\"\" class=\"wp-image-199954\" srcset=\"https:\/\/folhapopular.info\/wp-content\/uploads\/2025\/12\/Equipe-Coop-Languiru_Anderson-Lopess-1024x768.jpeg 1024w, https:\/\/folhapopular.info\/wp-content\/uploads\/2025\/12\/Equipe-Coop-Languiru_Anderson-Lopess-300x225.jpeg 300w, https:\/\/folhapopular.info\/wp-content\/uploads\/2025\/12\/Equipe-Coop-Languiru_Anderson-Lopess-768x576.jpeg 768w, https:\/\/folhapopular.info\/wp-content\/uploads\/2025\/12\/Equipe-Coop-Languiru_Anderson-Lopess-560x420.jpeg 560w, https:\/\/folhapopular.info\/wp-content\/uploads\/2025\/12\/Equipe-Coop-Languiru_Anderson-Lopess-80x60.jpeg 80w, https:\/\/folhapopular.info\/wp-content\/uploads\/2025\/12\/Equipe-Coop-Languiru_Anderson-Lopess-696x522.jpeg 696w, https:\/\/folhapopular.info\/wp-content\/uploads\/2025\/12\/Equipe-Coop-Languiru_Anderson-Lopess-1068x801.jpeg 1068w, https:\/\/folhapopular.info\/wp-content\/uploads\/2025\/12\/Equipe-Coop-Languiru_Anderson-Lopess.jpeg 1280w\" sizes=\"auto, (max-width: 1024px) 100vw, 1024px\" \/><\/figure>\n\n\n\n<figure class=\"wp-block-image size-large\"><img loading=\"lazy\" decoding=\"async\" width=\"1024\" height=\"768\" data-id=\"199955\" src=\"https:\/\/folhapopular.info\/wp-content\/uploads\/2025\/12\/Equipe-Colegio-Teutonia_Anderson-Lopes-1024x768.jpeg\" alt=\"\" class=\"wp-image-199955\" srcset=\"https:\/\/folhapopular.info\/wp-content\/uploads\/2025\/12\/Equipe-Colegio-Teutonia_Anderson-Lopes-1024x768.jpeg 1024w, https:\/\/folhapopular.info\/wp-content\/uploads\/2025\/12\/Equipe-Colegio-Teutonia_Anderson-Lopes-300x225.jpeg 300w, https:\/\/folhapopular.info\/wp-content\/uploads\/2025\/12\/Equipe-Colegio-Teutonia_Anderson-Lopes-768x576.jpeg 768w, https:\/\/folhapopular.info\/wp-content\/uploads\/2025\/12\/Equipe-Colegio-Teutonia_Anderson-Lopes-1536x1152.jpeg 1536w, https:\/\/folhapopular.info\/wp-content\/uploads\/2025\/12\/Equipe-Colegio-Teutonia_Anderson-Lopes-2048x1536.jpeg 2048w, https:\/\/folhapopular.info\/wp-content\/uploads\/2025\/12\/Equipe-Colegio-Teutonia_Anderson-Lopes-560x420.jpeg 560w, https:\/\/folhapopular.info\/wp-content\/uploads\/2025\/12\/Equipe-Colegio-Teutonia_Anderson-Lopes-80x60.jpeg 80w, https:\/\/folhapopular.info\/wp-content\/uploads\/2025\/12\/Equipe-Colegio-Teutonia_Anderson-Lopes-696x522.jpeg 696w, https:\/\/folhapopular.info\/wp-content\/uploads\/2025\/12\/Equipe-Colegio-Teutonia_Anderson-Lopes-1068x801.jpeg 1068w, https:\/\/folhapopular.info\/wp-content\/uploads\/2025\/12\/Equipe-Colegio-Teutonia_Anderson-Lopes-1920x1440.jpeg 1920w\" sizes=\"auto, (max-width: 1024px) 100vw, 1024px\" \/><\/figure>\n\n\n\n<figure class=\"wp-block-image size-large\"><img loading=\"lazy\" decoding=\"async\" width=\"1024\" height=\"768\" data-id=\"199956\" src=\"https:\/\/folhapopular.info\/wp-content\/uploads\/2025\/12\/Equipe-Rotary-em-Acao_Anderson-Lopes-1024x768.jpeg\" alt=\"\" class=\"wp-image-199956\" srcset=\"https:\/\/folhapopular.info\/wp-content\/uploads\/2025\/12\/Equipe-Rotary-em-Acao_Anderson-Lopes-1024x768.jpeg 1024w, https:\/\/folhapopular.info\/wp-content\/uploads\/2025\/12\/Equipe-Rotary-em-Acao_Anderson-Lopes-300x225.jpeg 300w, https:\/\/folhapopular.info\/wp-content\/uploads\/2025\/12\/Equipe-Rotary-em-Acao_Anderson-Lopes-768x576.jpeg 768w, https:\/\/folhapopular.info\/wp-content\/uploads\/2025\/12\/Equipe-Rotary-em-Acao_Anderson-Lopes-1536x1152.jpeg 1536w, https:\/\/folhapopular.info\/wp-content\/uploads\/2025\/12\/Equipe-Rotary-em-Acao_Anderson-Lopes-2048x1536.jpeg 2048w, https:\/\/folhapopular.info\/wp-content\/uploads\/2025\/12\/Equipe-Rotary-em-Acao_Anderson-Lopes-560x420.jpeg 560w, https:\/\/folhapopular.info\/wp-content\/uploads\/2025\/12\/Equipe-Rotary-em-Acao_Anderson-Lopes-80x60.jpeg 80w, https:\/\/folhapopular.info\/wp-content\/uploads\/2025\/12\/Equipe-Rotary-em-Acao_Anderson-Lopes-696x522.jpeg 696w, https:\/\/folhapopular.info\/wp-content\/uploads\/2025\/12\/Equipe-Rotary-em-Acao_Anderson-Lopes-1068x801.jpeg 1068w, https:\/\/folhapopular.info\/wp-content\/uploads\/2025\/12\/Equipe-Rotary-em-Acao_Anderson-Lopes-1920x1440.jpeg 1920w\" sizes=\"auto, (max-width: 1024px) 100vw, 1024px\" \/><\/figure>\n\n\n\n<figure class=\"wp-block-image size-large\"><img loading=\"lazy\" decoding=\"async\" width=\"1024\" height=\"768\" data-id=\"199957\" src=\"https:\/\/folhapopular.info\/wp-content\/uploads\/2025\/12\/Equipe-Lenda-das-Coxilhas_Anderson-Lopes-1024x768.jpeg\" alt=\"\" class=\"wp-image-199957\" srcset=\"https:\/\/folhapopular.info\/wp-content\/uploads\/2025\/12\/Equipe-Lenda-das-Coxilhas_Anderson-Lopes-1024x768.jpeg 1024w, https:\/\/folhapopular.info\/wp-content\/uploads\/2025\/12\/Equipe-Lenda-das-Coxilhas_Anderson-Lopes-300x225.jpeg 300w, https:\/\/folhapopular.info\/wp-content\/uploads\/2025\/12\/Equipe-Lenda-das-Coxilhas_Anderson-Lopes-768x576.jpeg 768w, https:\/\/folhapopular.info\/wp-content\/uploads\/2025\/12\/Equipe-Lenda-das-Coxilhas_Anderson-Lopes-1536x1152.jpeg 1536w, https:\/\/folhapopular.info\/wp-content\/uploads\/2025\/12\/Equipe-Lenda-das-Coxilhas_Anderson-Lopes-2048x1536.jpeg 2048w, https:\/\/folhapopular.info\/wp-content\/uploads\/2025\/12\/Equipe-Lenda-das-Coxilhas_Anderson-Lopes-560x420.jpeg 560w, https:\/\/folhapopular.info\/wp-content\/uploads\/2025\/12\/Equipe-Lenda-das-Coxilhas_Anderson-Lopes-80x60.jpeg 80w, https:\/\/folhapopular.info\/wp-content\/uploads\/2025\/12\/Equipe-Lenda-das-Coxilhas_Anderson-Lopes-696x522.jpeg 696w, https:\/\/folhapopular.info\/wp-content\/uploads\/2025\/12\/Equipe-Lenda-das-Coxilhas_Anderson-Lopes-1068x801.jpeg 1068w, https:\/\/folhapopular.info\/wp-content\/uploads\/2025\/12\/Equipe-Lenda-das-Coxilhas_Anderson-Lopes-1920x1440.jpeg 1920w\" sizes=\"auto, (max-width: 1024px) 100vw, 1024px\" \/><\/figure>\n<\/figure>\n","protected":false},"excerpt":{"rendered":"<p>Teut\u00f4nia vive um domingo (7\/12) especial com a grande final da 1\u00aa Gincana Natal do Povo Solid\u00e1rio , promovida pelo Grupo Popular de Comunica\u00e7\u00e3o. As quatro equipes, Cooperativa Languiru, Rotary\/Rotaract, Col\u00e9gio Teut\u00f4nia e CTG Lenda das Coxilhas, se uniram no Pavilh\u00e3o Multiuso ap\u00f3s semanas de mobiliza\u00e7\u00e3o intensa, arrecada\u00e7\u00f5es, tarefas criativas e a\u00e7\u00f5es que envolveram centenas [&hellip;]<\/p>\n","protected":false},"author":707,"featured_media":199953,"comment_status":"open","ping_status":"open","sticky":false,"template":"","format":"standard","meta":{"pmpro_default_level":"","_jetpack_memberships_contains_paid_content":false,"footnotes":""},"categories":[2,6,12657],"tags":[131,20163,1782,406,1487,275,48,26],"class_list":{"0":"post-199952","1":"post","2":"type-post","3":"status-publish","4":"format-standard","5":"has-post-thumbnail","7":"category-featured","8":"category-inclusive","9":"category-solidariedade","10":"tag-colegio-teutonia","11":"tag-ctg-lenda-das-coxilhas","12":"tag-grupo-popular","13":"tag-languiru","14":"tag-natal-do-povo","15":"tag-rotaract","16":"tag-solidariedade","17":"tag-teutonia","18":"pmpro-has-access"},"yoast_head":"<!-- This site is optimized with the Yoast SEO plugin v27.4 - https:\/\/yoast.com\/product\/yoast-seo-wordpress\/ -->\n<title>Gincana Natal do Povo refor\u00e7a uni\u00e3o comunit\u00e1ria na grande final - Folha Popular<\/title>\n<meta name=\"description\" content=\"A 1\u00aa Gincana Natal do Povo Solid\u00e1rio chega \u00e0 final com o sentimento de miss\u00e3o cumprida. Al\u00e9m da competi\u00e7\u00e3o saud\u00e1vel, o legado mais valioso est\u00e1 na mobiliza\u00e7\u00e3o coletiva que movimentou fam\u00edlias, empresas, estudantes e volunt\u00e1rios em torno do bem comum.A noite reserva o an\u00fancio da equipe campe\u00e3.\" \/>\n<meta name=\"robots\" content=\"index, follow, max-snippet:-1, max-image-preview:large, max-video-preview:-1\" \/>\n<link rel=\"canonical\" href=\"https:\/\/folhapopular.info\/index.php\/2025\/12\/07\/a-1a-gincana-natal-do-povo-solidario-chega-a-final-com-o-sentimento-de-missao-cumprida-alem-da-competicao-saudavel-o-legado-mais-valioso-esta-na-mobilizacao-coletiva-que-movimentou-familias-empresa\/\" \/>\n<meta property=\"og:locale\" content=\"pt_BR\" \/>\n<meta property=\"og:type\" content=\"article\" \/>\n<meta property=\"og:title\" content=\"Gincana Natal do Povo refor\u00e7a uni\u00e3o comunit\u00e1ria na grande final - Folha Popular\" \/>\n<meta property=\"og:description\" content=\"A 1\u00aa Gincana Natal do Povo Solid\u00e1rio chega \u00e0 final com o sentimento de miss\u00e3o cumprida. Al\u00e9m da competi\u00e7\u00e3o saud\u00e1vel, o legado mais valioso est\u00e1 na mobiliza\u00e7\u00e3o coletiva que movimentou fam\u00edlias, empresas, estudantes e volunt\u00e1rios em torno do bem comum.A noite reserva o an\u00fancio da equipe campe\u00e3.\" \/>\n<meta property=\"og:url\" content=\"https:\/\/folhapopular.info\/index.php\/2025\/12\/07\/a-1a-gincana-natal-do-povo-solidario-chega-a-final-com-o-sentimento-de-missao-cumprida-alem-da-competicao-saudavel-o-legado-mais-valioso-esta-na-mobilizacao-coletiva-que-movimentou-familias-empresa\/\" \/>\n<meta property=\"og:site_name\" content=\"Folha Popular\" \/>\n<meta property=\"article:published_time\" content=\"2025-12-07T15:43:17+00:00\" \/>\n<meta property=\"article:modified_time\" content=\"2025-12-07T15:44:32+00:00\" \/>\n<meta property=\"og:image\" content=\"http:\/\/folhapopular.info\/wp-content\/uploads\/2025\/12\/WhatsApp-Image-2025-12-07-at-12.09.58.jpeg\" \/>\n\t<meta property=\"og:image:width\" content=\"1600\" \/>\n\t<meta property=\"og:image:height\" content=\"846\" \/>\n\t<meta property=\"og:image:type\" content=\"image\/jpeg\" \/>\n<meta name=\"author\" content=\"Ariana de Oliveira\" \/>\n<meta name=\"twitter:card\" content=\"summary_large_image\" \/>\n<meta name=\"twitter:label1\" content=\"Escrito por\" \/>\n\t<meta name=\"twitter:data1\" content=\"Ariana de Oliveira\" \/>\n\t<meta name=\"twitter:label2\" content=\"Est. tempo de leitura\" \/>\n\t<meta name=\"twitter:data2\" content=\"4 minutos\" \/>\n<script type=\"application\/ld+json\" class=\"yoast-schema-graph\">{\"@context\":\"https:\\\/\\\/schema.org\",\"@graph\":[{\"@type\":\"Article\",\"@id\":\"https:\\\/\\\/folhapopular.info\\\/index.php\\\/2025\\\/12\\\/07\\\/a-1a-gincana-natal-do-povo-solidario-chega-a-final-com-o-sentimento-de-missao-cumprida-alem-da-competicao-saudavel-o-legado-mais-valioso-esta-na-mobilizacao-coletiva-que-movimentou-familias-empresa\\\/#article\",\"isPartOf\":{\"@id\":\"https:\\\/\\\/folhapopular.info\\\/index.php\\\/2025\\\/12\\\/07\\\/a-1a-gincana-natal-do-povo-solidario-chega-a-final-com-o-sentimento-de-missao-cumprida-alem-da-competicao-saudavel-o-legado-mais-valioso-esta-na-mobilizacao-coletiva-que-movimentou-familias-empresa\\\/\"},\"author\":{\"name\":\"Ariana de Oliveira\",\"@id\":\"https:\\\/\\\/folhapopular.info\\\/#\\\/schema\\\/person\\\/e80d332e33633a6164933af03d7ee1b2\"},\"headline\":\"Gincana Natal do Povo refor\u00e7a uni\u00e3o comunit\u00e1ria na grande final\",\"datePublished\":\"2025-12-07T15:43:17+00:00\",\"dateModified\":\"2025-12-07T15:44:32+00:00\",\"mainEntityOfPage\":{\"@id\":\"https:\\\/\\\/folhapopular.info\\\/index.php\\\/2025\\\/12\\\/07\\\/a-1a-gincana-natal-do-povo-solidario-chega-a-final-com-o-sentimento-de-missao-cumprida-alem-da-competicao-saudavel-o-legado-mais-valioso-esta-na-mobilizacao-coletiva-que-movimentou-familias-empresa\\\/\"},\"wordCount\":571,\"commentCount\":0,\"image\":{\"@id\":\"https:\\\/\\\/folhapopular.info\\\/index.php\\\/2025\\\/12\\\/07\\\/a-1a-gincana-natal-do-povo-solidario-chega-a-final-com-o-sentimento-de-missao-cumprida-alem-da-competicao-saudavel-o-legado-mais-valioso-esta-na-mobilizacao-coletiva-que-movimentou-familias-empresa\\\/#primaryimage\"},\"thumbnailUrl\":\"https:\\\/\\\/folhapopular.info\\\/wp-content\\\/uploads\\\/2025\\\/12\\\/WhatsApp-Image-2025-12-07-at-12.09.58.jpeg\",\"keywords\":[\"Col\u00e9gio Teut\u00f4nia\",\"CTG Lenda das Coxilhas\",\"Grupo Popular\",\"Languiru\",\"Natal do Povo\",\"Rotaract\",\"Solidariedade\",\"Teut\u00f4nia\"],\"articleSection\":[\"Destaques\",\"Inclusive\",\"Solidariedade\"],\"inLanguage\":\"pt-BR\",\"potentialAction\":[{\"@type\":\"CommentAction\",\"name\":\"Comment\",\"target\":[\"https:\\\/\\\/folhapopular.info\\\/index.php\\\/2025\\\/12\\\/07\\\/a-1a-gincana-natal-do-povo-solidario-chega-a-final-com-o-sentimento-de-missao-cumprida-alem-da-competicao-saudavel-o-legado-mais-valioso-esta-na-mobilizacao-coletiva-que-movimentou-familias-empresa\\\/#respond\"]}]},{\"@type\":\"WebPage\",\"@id\":\"https:\\\/\\\/folhapopular.info\\\/index.php\\\/2025\\\/12\\\/07\\\/a-1a-gincana-natal-do-povo-solidario-chega-a-final-com-o-sentimento-de-missao-cumprida-alem-da-competicao-saudavel-o-legado-mais-valioso-esta-na-mobilizacao-coletiva-que-movimentou-familias-empresa\\\/\",\"url\":\"https:\\\/\\\/folhapopular.info\\\/index.php\\\/2025\\\/12\\\/07\\\/a-1a-gincana-natal-do-povo-solidario-chega-a-final-com-o-sentimento-de-missao-cumprida-alem-da-competicao-saudavel-o-legado-mais-valioso-esta-na-mobilizacao-coletiva-que-movimentou-familias-empresa\\\/\",\"name\":\"Gincana Natal do Povo refor\u00e7a uni\u00e3o comunit\u00e1ria na grande final - Folha Popular\",\"isPartOf\":{\"@id\":\"https:\\\/\\\/folhapopular.info\\\/#website\"},\"primaryImageOfPage\":{\"@id\":\"https:\\\/\\\/folhapopular.info\\\/index.php\\\/2025\\\/12\\\/07\\\/a-1a-gincana-natal-do-povo-solidario-chega-a-final-com-o-sentimento-de-missao-cumprida-alem-da-competicao-saudavel-o-legado-mais-valioso-esta-na-mobilizacao-coletiva-que-movimentou-familias-empresa\\\/#primaryimage\"},\"image\":{\"@id\":\"https:\\\/\\\/folhapopular.info\\\/index.php\\\/2025\\\/12\\\/07\\\/a-1a-gincana-natal-do-povo-solidario-chega-a-final-com-o-sentimento-de-missao-cumprida-alem-da-competicao-saudavel-o-legado-mais-valioso-esta-na-mobilizacao-coletiva-que-movimentou-familias-empresa\\\/#primaryimage\"},\"thumbnailUrl\":\"https:\\\/\\\/folhapopular.info\\\/wp-content\\\/uploads\\\/2025\\\/12\\\/WhatsApp-Image-2025-12-07-at-12.09.58.jpeg\",\"datePublished\":\"2025-12-07T15:43:17+00:00\",\"dateModified\":\"2025-12-07T15:44:32+00:00\",\"author\":{\"@id\":\"https:\\\/\\\/folhapopular.info\\\/#\\\/schema\\\/person\\\/e80d332e33633a6164933af03d7ee1b2\"},\"description\":\"A 1\u00aa Gincana Natal do Povo Solid\u00e1rio chega \u00e0 final com o sentimento de miss\u00e3o cumprida. Al\u00e9m da competi\u00e7\u00e3o saud\u00e1vel, o legado mais valioso est\u00e1 na mobiliza\u00e7\u00e3o coletiva que movimentou fam\u00edlias, empresas, estudantes e volunt\u00e1rios em torno do bem comum.A noite reserva o an\u00fancio da equipe campe\u00e3.\",\"breadcrumb\":{\"@id\":\"https:\\\/\\\/folhapopular.info\\\/index.php\\\/2025\\\/12\\\/07\\\/a-1a-gincana-natal-do-povo-solidario-chega-a-final-com-o-sentimento-de-missao-cumprida-alem-da-competicao-saudavel-o-legado-mais-valioso-esta-na-mobilizacao-coletiva-que-movimentou-familias-empresa\\\/#breadcrumb\"},\"inLanguage\":\"pt-BR\",\"potentialAction\":[{\"@type\":\"ReadAction\",\"target\":[\"https:\\\/\\\/folhapopular.info\\\/index.php\\\/2025\\\/12\\\/07\\\/a-1a-gincana-natal-do-povo-solidario-chega-a-final-com-o-sentimento-de-missao-cumprida-alem-da-competicao-saudavel-o-legado-mais-valioso-esta-na-mobilizacao-coletiva-que-movimentou-familias-empresa\\\/\"]}]},{\"@type\":\"ImageObject\",\"inLanguage\":\"pt-BR\",\"@id\":\"https:\\\/\\\/folhapopular.info\\\/index.php\\\/2025\\\/12\\\/07\\\/a-1a-gincana-natal-do-povo-solidario-chega-a-final-com-o-sentimento-de-missao-cumprida-alem-da-competicao-saudavel-o-legado-mais-valioso-esta-na-mobilizacao-coletiva-que-movimentou-familias-empresa\\\/#primaryimage\",\"url\":\"https:\\\/\\\/folhapopular.info\\\/wp-content\\\/uploads\\\/2025\\\/12\\\/WhatsApp-Image-2025-12-07-at-12.09.58.jpeg\",\"contentUrl\":\"https:\\\/\\\/folhapopular.info\\\/wp-content\\\/uploads\\\/2025\\\/12\\\/WhatsApp-Image-2025-12-07-at-12.09.58.jpeg\",\"width\":1600,\"height\":846,\"caption\":\"Cr\u00e9dito: Anderson Lopes\"},{\"@type\":\"BreadcrumbList\",\"@id\":\"https:\\\/\\\/folhapopular.info\\\/index.php\\\/2025\\\/12\\\/07\\\/a-1a-gincana-natal-do-povo-solidario-chega-a-final-com-o-sentimento-de-missao-cumprida-alem-da-competicao-saudavel-o-legado-mais-valioso-esta-na-mobilizacao-coletiva-que-movimentou-familias-empresa\\\/#breadcrumb\",\"itemListElement\":[{\"@type\":\"ListItem\",\"position\":1,\"name\":\"In\u00edcio\",\"item\":\"https:\\\/\\\/folhapopular.info\\\/\"},{\"@type\":\"ListItem\",\"position\":2,\"name\":\"Gincana Natal do Povo refor\u00e7a uni\u00e3o comunit\u00e1ria na grande final\"}]},{\"@type\":\"WebSite\",\"@id\":\"https:\\\/\\\/folhapopular.info\\\/#website\",\"url\":\"https:\\\/\\\/folhapopular.info\\\/\",\"name\":\"Folha Popular\",\"description\":\"Onde voc\u00ea tem vez e voz\",\"potentialAction\":[{\"@type\":\"SearchAction\",\"target\":{\"@type\":\"EntryPoint\",\"urlTemplate\":\"https:\\\/\\\/folhapopular.info\\\/?s={search_term_string}\"},\"query-input\":{\"@type\":\"PropertyValueSpecification\",\"valueRequired\":true,\"valueName\":\"search_term_string\"}}],\"inLanguage\":\"pt-BR\"},{\"@type\":\"Person\",\"@id\":\"https:\\\/\\\/folhapopular.info\\\/#\\\/schema\\\/person\\\/e80d332e33633a6164933af03d7ee1b2\",\"name\":\"Ariana de Oliveira\",\"image\":{\"@type\":\"ImageObject\",\"inLanguage\":\"pt-BR\",\"@id\":\"https:\\\/\\\/secure.gravatar.com\\\/avatar\\\/f41f85ba276460e0a04f6d5aca07e53f273efeee7e662d9ef431432a18216f59?s=96&d=mm&r=g\",\"url\":\"https:\\\/\\\/secure.gravatar.com\\\/avatar\\\/f41f85ba276460e0a04f6d5aca07e53f273efeee7e662d9ef431432a18216f59?s=96&d=mm&r=g\",\"contentUrl\":\"https:\\\/\\\/secure.gravatar.com\\\/avatar\\\/f41f85ba276460e0a04f6d5aca07e53f273efeee7e662d9ef431432a18216f59?s=96&d=mm&r=g\",\"caption\":\"Ariana de Oliveira\"},\"url\":\"https:\\\/\\\/folhapopular.info\\\/index.php\\\/author\\\/ariana-deoliveiragmail-com\\\/\"}]}<\/script>\n<!-- \/ Yoast SEO plugin. -->","yoast_head_json":{"title":"Gincana Natal do Povo refor\u00e7a uni\u00e3o comunit\u00e1ria na grande final - Folha Popular","description":"A 1\u00aa Gincana Natal do Povo Solid\u00e1rio chega \u00e0 final com o sentimento de miss\u00e3o cumprida. Al\u00e9m da competi\u00e7\u00e3o saud\u00e1vel, o legado mais valioso est\u00e1 na mobiliza\u00e7\u00e3o coletiva que movimentou fam\u00edlias, empresas, estudantes e volunt\u00e1rios em torno do bem comum.A noite reserva o an\u00fancio da equipe campe\u00e3.","robots":{"index":"index","follow":"follow","max-snippet":"max-snippet:-1","max-image-preview":"max-image-preview:large","max-video-preview":"max-video-preview:-1"},"canonical":"https:\/\/folhapopular.info\/index.php\/2025\/12\/07\/a-1a-gincana-natal-do-povo-solidario-chega-a-final-com-o-sentimento-de-missao-cumprida-alem-da-competicao-saudavel-o-legado-mais-valioso-esta-na-mobilizacao-coletiva-que-movimentou-familias-empresa\/","og_locale":"pt_BR","og_type":"article","og_title":"Gincana Natal do Povo refor\u00e7a uni\u00e3o comunit\u00e1ria na grande final - Folha Popular","og_description":"A 1\u00aa Gincana Natal do Povo Solid\u00e1rio chega \u00e0 final com o sentimento de miss\u00e3o cumprida. Al\u00e9m da competi\u00e7\u00e3o saud\u00e1vel, o legado mais valioso est\u00e1 na mobiliza\u00e7\u00e3o coletiva que movimentou fam\u00edlias, empresas, estudantes e volunt\u00e1rios em torno do bem comum.A noite reserva o an\u00fancio da equipe campe\u00e3.","og_url":"https:\/\/folhapopular.info\/index.php\/2025\/12\/07\/a-1a-gincana-natal-do-povo-solidario-chega-a-final-com-o-sentimento-de-missao-cumprida-alem-da-competicao-saudavel-o-legado-mais-valioso-esta-na-mobilizacao-coletiva-que-movimentou-familias-empresa\/","og_site_name":"Folha Popular","article_published_time":"2025-12-07T15:43:17+00:00","article_modified_time":"2025-12-07T15:44:32+00:00","og_image":[{"width":1600,"height":846,"url":"http:\/\/folhapopular.info\/wp-content\/uploads\/2025\/12\/WhatsApp-Image-2025-12-07-at-12.09.58.jpeg","type":"image\/jpeg"}],"author":"Ariana de Oliveira","twitter_card":"summary_large_image","twitter_misc":{"Escrito por":"Ariana de Oliveira","Est. tempo de leitura":"4 minutos"},"schema":{"@context":"https:\/\/schema.org","@graph":[{"@type":"Article","@id":"https:\/\/folhapopular.info\/index.php\/2025\/12\/07\/a-1a-gincana-natal-do-povo-solidario-chega-a-final-com-o-sentimento-de-missao-cumprida-alem-da-competicao-saudavel-o-legado-mais-valioso-esta-na-mobilizacao-coletiva-que-movimentou-familias-empresa\/#article","isPartOf":{"@id":"https:\/\/folhapopular.info\/index.php\/2025\/12\/07\/a-1a-gincana-natal-do-povo-solidario-chega-a-final-com-o-sentimento-de-missao-cumprida-alem-da-competicao-saudavel-o-legado-mais-valioso-esta-na-mobilizacao-coletiva-que-movimentou-familias-empresa\/"},"author":{"name":"Ariana de Oliveira","@id":"https:\/\/folhapopular.info\/#\/schema\/person\/e80d332e33633a6164933af03d7ee1b2"},"headline":"Gincana Natal do Povo refor\u00e7a uni\u00e3o comunit\u00e1ria na grande final","datePublished":"2025-12-07T15:43:17+00:00","dateModified":"2025-12-07T15:44:32+00:00","mainEntityOfPage":{"@id":"https:\/\/folhapopular.info\/index.php\/2025\/12\/07\/a-1a-gincana-natal-do-povo-solidario-chega-a-final-com-o-sentimento-de-missao-cumprida-alem-da-competicao-saudavel-o-legado-mais-valioso-esta-na-mobilizacao-coletiva-que-movimentou-familias-empresa\/"},"wordCount":571,"commentCount":0,"image":{"@id":"https:\/\/folhapopular.info\/index.php\/2025\/12\/07\/a-1a-gincana-natal-do-povo-solidario-chega-a-final-com-o-sentimento-de-missao-cumprida-alem-da-competicao-saudavel-o-legado-mais-valioso-esta-na-mobilizacao-coletiva-que-movimentou-familias-empresa\/#primaryimage"},"thumbnailUrl":"https:\/\/folhapopular.info\/wp-content\/uploads\/2025\/12\/WhatsApp-Image-2025-12-07-at-12.09.58.jpeg","keywords":["Col\u00e9gio Teut\u00f4nia","CTG Lenda das Coxilhas","Grupo Popular","Languiru","Natal do Povo","Rotaract","Solidariedade","Teut\u00f4nia"],"articleSection":["Destaques","Inclusive","Solidariedade"],"inLanguage":"pt-BR","potentialAction":[{"@type":"CommentAction","name":"Comment","target":["https:\/\/folhapopular.info\/index.php\/2025\/12\/07\/a-1a-gincana-natal-do-povo-solidario-chega-a-final-com-o-sentimento-de-missao-cumprida-alem-da-competicao-saudavel-o-legado-mais-valioso-esta-na-mobilizacao-coletiva-que-movimentou-familias-empresa\/#respond"]}]},{"@type":"WebPage","@id":"https:\/\/folhapopular.info\/index.php\/2025\/12\/07\/a-1a-gincana-natal-do-povo-solidario-chega-a-final-com-o-sentimento-de-missao-cumprida-alem-da-competicao-saudavel-o-legado-mais-valioso-esta-na-mobilizacao-coletiva-que-movimentou-familias-empresa\/","url":"https:\/\/folhapopular.info\/index.php\/2025\/12\/07\/a-1a-gincana-natal-do-povo-solidario-chega-a-final-com-o-sentimento-de-missao-cumprida-alem-da-competicao-saudavel-o-legado-mais-valioso-esta-na-mobilizacao-coletiva-que-movimentou-familias-empresa\/","name":"Gincana Natal do Povo refor\u00e7a uni\u00e3o comunit\u00e1ria na grande final - Folha Popular","isPartOf":{"@id":"https:\/\/folhapopular.info\/#website"},"primaryImageOfPage":{"@id":"https:\/\/folhapopular.info\/index.php\/2025\/12\/07\/a-1a-gincana-natal-do-povo-solidario-chega-a-final-com-o-sentimento-de-missao-cumprida-alem-da-competicao-saudavel-o-legado-mais-valioso-esta-na-mobilizacao-coletiva-que-movimentou-familias-empresa\/#primaryimage"},"image":{"@id":"https:\/\/folhapopular.info\/index.php\/2025\/12\/07\/a-1a-gincana-natal-do-povo-solidario-chega-a-final-com-o-sentimento-de-missao-cumprida-alem-da-competicao-saudavel-o-legado-mais-valioso-esta-na-mobilizacao-coletiva-que-movimentou-familias-empresa\/#primaryimage"},"thumbnailUrl":"https:\/\/folhapopular.info\/wp-content\/uploads\/2025\/12\/WhatsApp-Image-2025-12-07-at-12.09.58.jpeg","datePublished":"2025-12-07T15:43:17+00:00","dateModified":"2025-12-07T15:44:32+00:00","author":{"@id":"https:\/\/folhapopular.info\/#\/schema\/person\/e80d332e33633a6164933af03d7ee1b2"},"description":"A 1\u00aa Gincana Natal do Povo Solid\u00e1rio chega \u00e0 final com o sentimento de miss\u00e3o cumprida. Al\u00e9m da competi\u00e7\u00e3o saud\u00e1vel, o legado mais valioso est\u00e1 na mobiliza\u00e7\u00e3o coletiva que movimentou fam\u00edlias, empresas, estudantes e volunt\u00e1rios em torno do bem comum.A noite reserva o an\u00fancio da equipe campe\u00e3.","breadcrumb":{"@id":"https:\/\/folhapopular.info\/index.php\/2025\/12\/07\/a-1a-gincana-natal-do-povo-solidario-chega-a-final-com-o-sentimento-de-missao-cumprida-alem-da-competicao-saudavel-o-legado-mais-valioso-esta-na-mobilizacao-coletiva-que-movimentou-familias-empresa\/#breadcrumb"},"inLanguage":"pt-BR","potentialAction":[{"@type":"ReadAction","target":["https:\/\/folhapopular.info\/index.php\/2025\/12\/07\/a-1a-gincana-natal-do-povo-solidario-chega-a-final-com-o-sentimento-de-missao-cumprida-alem-da-competicao-saudavel-o-legado-mais-valioso-esta-na-mobilizacao-coletiva-que-movimentou-familias-empresa\/"]}]},{"@type":"ImageObject","inLanguage":"pt-BR","@id":"https:\/\/folhapopular.info\/index.php\/2025\/12\/07\/a-1a-gincana-natal-do-povo-solidario-chega-a-final-com-o-sentimento-de-missao-cumprida-alem-da-competicao-saudavel-o-legado-mais-valioso-esta-na-mobilizacao-coletiva-que-movimentou-familias-empresa\/#primaryimage","url":"https:\/\/folhapopular.info\/wp-content\/uploads\/2025\/12\/WhatsApp-Image-2025-12-07-at-12.09.58.jpeg","contentUrl":"https:\/\/folhapopular.info\/wp-content\/uploads\/2025\/12\/WhatsApp-Image-2025-12-07-at-12.09.58.jpeg","width":1600,"height":846,"caption":"Cr\u00e9dito: Anderson Lopes"},{"@type":"BreadcrumbList","@id":"https:\/\/folhapopular.info\/index.php\/2025\/12\/07\/a-1a-gincana-natal-do-povo-solidario-chega-a-final-com-o-sentimento-de-missao-cumprida-alem-da-competicao-saudavel-o-legado-mais-valioso-esta-na-mobilizacao-coletiva-que-movimentou-familias-empresa\/#breadcrumb","itemListElement":[{"@type":"ListItem","position":1,"name":"In\u00edcio","item":"https:\/\/folhapopular.info\/"},{"@type":"ListItem","position":2,"name":"Gincana Natal do Povo refor\u00e7a uni\u00e3o comunit\u00e1ria na grande final"}]},{"@type":"WebSite","@id":"https:\/\/folhapopular.info\/#website","url":"https:\/\/folhapopular.info\/","name":"Folha Popular","description":"Onde voc\u00ea tem vez e voz","potentialAction":[{"@type":"SearchAction","target":{"@type":"EntryPoint","urlTemplate":"https:\/\/folhapopular.info\/?s={search_term_string}"},"query-input":{"@type":"PropertyValueSpecification","valueRequired":true,"valueName":"search_term_string"}}],"inLanguage":"pt-BR"},{"@type":"Person","@id":"https:\/\/folhapopular.info\/#\/schema\/person\/e80d332e33633a6164933af03d7ee1b2","name":"Ariana de Oliveira","image":{"@type":"ImageObject","inLanguage":"pt-BR","@id":"https:\/\/secure.gravatar.com\/avatar\/f41f85ba276460e0a04f6d5aca07e53f273efeee7e662d9ef431432a18216f59?s=96&d=mm&r=g","url":"https:\/\/secure.gravatar.com\/avatar\/f41f85ba276460e0a04f6d5aca07e53f273efeee7e662d9ef431432a18216f59?s=96&d=mm&r=g","contentUrl":"https:\/\/secure.gravatar.com\/avatar\/f41f85ba276460e0a04f6d5aca07e53f273efeee7e662d9ef431432a18216f59?s=96&d=mm&r=g","caption":"Ariana de Oliveira"},"url":"https:\/\/folhapopular.info\/index.php\/author\/ariana-deoliveiragmail-com\/"}]}},"jetpack_featured_media_url":"https:\/\/folhapopular.info\/wp-content\/uploads\/2025\/12\/WhatsApp-Image-2025-12-07-at-12.09.58.jpeg","jetpack_sharing_enabled":true,"amp_enabled":true,"_links":{"self":[{"href":"https:\/\/folhapopular.info\/index.php\/wp-json\/wp\/v2\/posts\/199952","targetHints":{"allow":["GET"]}}],"collection":[{"href":"https:\/\/folhapopular.info\/index.php\/wp-json\/wp\/v2\/posts"}],"about":[{"href":"https:\/\/folhapopular.info\/index.php\/wp-json\/wp\/v2\/types\/post"}],"author":[{"embeddable":true,"href":"https:\/\/folhapopular.info\/index.php\/wp-json\/wp\/v2\/users\/707"}],"replies":[{"embeddable":true,"href":"https:\/\/folhapopular.info\/index.php\/wp-json\/wp\/v2\/comments?post=199952"}],"version-history":[{"count":0,"href":"https:\/\/folhapopular.info\/index.php\/wp-json\/wp\/v2\/posts\/199952\/revisions"}],"wp:featuredmedia":[{"embeddable":true,"href":"https:\/\/folhapopular.info\/index.php\/wp-json\/wp\/v2\/media\/199953"}],"wp:attachment":[{"href":"https:\/\/folhapopular.info\/index.php\/wp-json\/wp\/v2\/media?parent=199952"}],"wp:term":[{"taxonomy":"category","embeddable":true,"href":"https:\/\/folhapopular.info\/index.php\/wp-json\/wp\/v2\/categories?post=199952"},{"taxonomy":"post_tag","embeddable":true,"href":"https:\/\/folhapopular.info\/index.php\/wp-json\/wp\/v2\/tags?post=199952"}],"curies":[{"name":"wp","href":"https:\/\/api.w.org\/{rel}","templated":true}]}}