{"id":199961,"date":"2025-12-07T18:38:28","date_gmt":"2025-12-07T21:38:28","guid":{"rendered":"https:\/\/folhapopular.info\/?p=199961"},"modified":"2025-12-07T18:38:31","modified_gmt":"2025-12-07T21:38:31","slug":"delfinense-campeao-dos-aspirantes-da-serie-b-do-regional","status":"publish","type":"post","link":"https:\/\/folhapopular.info\/index.php\/2025\/12\/07\/delfinense-campeao-dos-aspirantes-da-serie-b-do-regional\/","title":{"rendered":"Delfinense campe\u00e3o dos Aspirantes da S\u00e9rie B do Regional"},"content":{"rendered":"\n<p>Os Aspirantes da S\u00e9rie B do Campeonato Regional Certel Sicredi da Aslivata 2025 apuraram o campe\u00e3o do \u00f3timo jogo realizado neste domingo (7\/12), em Boa Vista, Po\u00e7o das Antas. CMD Mu\u00e7um e Delfinsense se encontraram no Campo do 11 Amigos ap\u00f3s empate em 0 a 0 na partida de ida, no Distrito de Delfina &#8211; Estrela.<\/p>\n\n\n\n<p>O CMD Mu\u00e7um apostava na bola a\u00e9rea e na sa\u00edda de jogo trabalhada, enquanto o Delfinense aproveitava de arrancadas pelos lados e em jogadas de contragolpe.<\/p>\n\n\n\n<p>Com 30min da primeira etapa, Kainan recuperou a bola contra a defesa do time de Mu\u00e7um, cortou para a perna esquerda e bateu na sa\u00edda de Leonardo para abrir o marcador: 1 a 0.<\/p>\n\n\n\n<p>No segundo tempo, o CMD Mu\u00e7um se recuperou e igualou o placar com Henrique. A jogada de bola a\u00e9rea foi ensaiada e sobrou nos p\u00e9s do camisa 7, que finalizou de primeira para empatar o jogo. O 1 a 1 for\u00e7ou a disputa por penalidades.<\/p>\n\n\n\n<p>Nas cobran\u00e7as da marca da cal, as batidas estavam perfeitas at\u00e9 quando Jo\u00e3o Henrique brilhou na meta dos estrelenses. A defesa na \u00fanica finaliza\u00e7\u00e3o sem tanta for\u00e7a garantiu o t\u00edtulo da S\u00e9rie B ao Delfinense.<\/p>\n\n\n\n<figure class=\"wp-block-embed is-type-video is-provider-youtube wp-block-embed-youtube wp-embed-aspect-4-3 wp-has-aspect-ratio\"><div class=\"wp-block-embed__wrapper\">\n<iframe loading=\"lazy\" title=\"11 AMIGOS x DELFINENSE | REGIONAL CERTEL \/ SICREDI 2025 - 2\u00aa FINAL S\u00c9RIE B\" width=\"696\" height=\"522\" src=\"https:\/\/www.youtube.com\/embed\/OMe_oMql5Gc?feature=oembed\" frameborder=\"0\" allow=\"accelerometer; autoplay; clipboard-write; encrypted-media; gyroscope; picture-in-picture; web-share\" referrerpolicy=\"strict-origin-when-cross-origin\" allowfullscreen><\/iframe>\n<\/div><\/figure>\n","protected":false},"excerpt":{"rendered":"<p>Os Aspirantes da S\u00e9rie B do Campeonato Regional Certel Sicredi da Aslivata 2025 apuraram o campe\u00e3o do \u00f3timo jogo realizado neste domingo (7\/12), em Boa Vista, Po\u00e7o das Antas. CMD Mu\u00e7um e Delfinsense se encontraram no Campo do 11 Amigos ap\u00f3s empate em 0 a 0 na partida de ida, no Distrito de Delfina &#8211; [&hellip;]<\/p>\n","protected":false},"author":732,"featured_media":199962,"comment_status":"open","ping_status":"open","sticky":false,"template":"","format":"standard","meta":{"pmpro_default_level":"","_jetpack_memberships_contains_paid_content":false,"footnotes":""},"categories":[18696,5,240,288],"tags":[290,360,147,994,9507],"class_list":{"0":"post-199961","1":"post","2":"type-post","3":"status-publish","4":"format-standard","5":"has-post-thumbnail","7":"category-campeonato-regional-2025","8":"category-esportes","9":"category-futebol-amador","10":"category-regional-da-aslivata","11":"tag-aslivata","12":"tag-aspirantes","13":"tag-futebol-amador","14":"tag-regional-aslivata","15":"tag-regional-certel-sicredi","16":"pmpro-has-access"},"yoast_head":"<!-- This site is optimized with the Yoast SEO plugin v27.5 - https:\/\/yoast.com\/product\/yoast-seo-wordpress\/ -->\n<title>Delfinense campe\u00e3o dos Aspirantes da S\u00e9rie B do Regional - Folha Popular<\/title>\n<meta name=\"robots\" content=\"index, follow, max-snippet:-1, max-image-preview:large, max-video-preview:-1\" \/>\n<link rel=\"canonical\" href=\"https:\/\/folhapopular.info\/index.php\/2025\/12\/07\/delfinense-campeao-dos-aspirantes-da-serie-b-do-regional\/\" \/>\n<meta property=\"og:locale\" content=\"pt_BR\" \/>\n<meta property=\"og:type\" content=\"article\" \/>\n<meta property=\"og:title\" content=\"Delfinense campe\u00e3o dos Aspirantes da S\u00e9rie B do Regional - Folha Popular\" \/>\n<meta property=\"og:description\" content=\"Os Aspirantes da S\u00e9rie B do Campeonato Regional Certel Sicredi da Aslivata 2025 apuraram o campe\u00e3o do \u00f3timo jogo realizado neste domingo (7\/12), em Boa Vista, Po\u00e7o das Antas. CMD Mu\u00e7um e Delfinsense se encontraram no Campo do 11 Amigos ap\u00f3s empate em 0 a 0 na partida de ida, no Distrito de Delfina &#8211; [&hellip;]\" \/>\n<meta property=\"og:url\" content=\"https:\/\/folhapopular.info\/index.php\/2025\/12\/07\/delfinense-campeao-dos-aspirantes-da-serie-b-do-regional\/\" \/>\n<meta property=\"og:site_name\" content=\"Folha Popular\" \/>\n<meta property=\"article:author\" content=\"https:\/\/www.facebook.com\/luis.huppes\/\" \/>\n<meta property=\"article:published_time\" content=\"2025-12-07T21:38:28+00:00\" \/>\n<meta property=\"article:modified_time\" content=\"2025-12-07T21:38:31+00:00\" \/>\n<meta property=\"og:image\" content=\"http:\/\/folhapopular.info\/wp-content\/uploads\/2025\/12\/DSC_0698-scaled.jpg\" \/>\n\t<meta property=\"og:image:width\" content=\"2560\" \/>\n\t<meta property=\"og:image:height\" content=\"1711\" \/>\n\t<meta property=\"og:image:type\" content=\"image\/jpeg\" \/>\n<meta name=\"author\" content=\"Luis Augusto Huppes\" \/>\n<meta name=\"twitter:card\" content=\"summary_large_image\" \/>\n<meta name=\"twitter:label1\" content=\"Escrito por\" \/>\n\t<meta name=\"twitter:data1\" content=\"Luis Augusto Huppes\" \/>\n\t<meta name=\"twitter:label2\" content=\"Est. tempo de leitura\" \/>\n\t<meta name=\"twitter:data2\" content=\"2 minutos\" \/>\n<script type=\"application\/ld+json\" class=\"yoast-schema-graph\">{\"@context\":\"https:\\\/\\\/schema.org\",\"@graph\":[{\"@type\":\"Article\",\"@id\":\"https:\\\/\\\/folhapopular.info\\\/index.php\\\/2025\\\/12\\\/07\\\/delfinense-campeao-dos-aspirantes-da-serie-b-do-regional\\\/#article\",\"isPartOf\":{\"@id\":\"https:\\\/\\\/folhapopular.info\\\/index.php\\\/2025\\\/12\\\/07\\\/delfinense-campeao-dos-aspirantes-da-serie-b-do-regional\\\/\"},\"author\":{\"name\":\"Luis Augusto Huppes\",\"@id\":\"https:\\\/\\\/folhapopular.info\\\/#\\\/schema\\\/person\\\/e852c327371714676d02e58cf917fd9f\"},\"headline\":\"Delfinense campe\u00e3o dos Aspirantes da S\u00e9rie B do Regional\",\"datePublished\":\"2025-12-07T21:38:28+00:00\",\"dateModified\":\"2025-12-07T21:38:31+00:00\",\"mainEntityOfPage\":{\"@id\":\"https:\\\/\\\/folhapopular.info\\\/index.php\\\/2025\\\/12\\\/07\\\/delfinense-campeao-dos-aspirantes-da-serie-b-do-regional\\\/\"},\"wordCount\":223,\"commentCount\":0,\"image\":{\"@id\":\"https:\\\/\\\/folhapopular.info\\\/index.php\\\/2025\\\/12\\\/07\\\/delfinense-campeao-dos-aspirantes-da-serie-b-do-regional\\\/#primaryimage\"},\"thumbnailUrl\":\"https:\\\/\\\/folhapopular.info\\\/wp-content\\\/uploads\\\/2025\\\/12\\\/DSC_0698-scaled.jpg\",\"keywords\":[\"Aslivata\",\"Aspirantes\",\"futebol amador\",\"Regional Aslivata\",\"Regional Certel Sicredi\"],\"articleSection\":[\"Campeonato Regional 2025\",\"Esportes\",\"Futebol Amador\",\"Regional da Aslivata\"],\"inLanguage\":\"pt-BR\",\"potentialAction\":[{\"@type\":\"CommentAction\",\"name\":\"Comment\",\"target\":[\"https:\\\/\\\/folhapopular.info\\\/index.php\\\/2025\\\/12\\\/07\\\/delfinense-campeao-dos-aspirantes-da-serie-b-do-regional\\\/#respond\"]}]},{\"@type\":\"WebPage\",\"@id\":\"https:\\\/\\\/folhapopular.info\\\/index.php\\\/2025\\\/12\\\/07\\\/delfinense-campeao-dos-aspirantes-da-serie-b-do-regional\\\/\",\"url\":\"https:\\\/\\\/folhapopular.info\\\/index.php\\\/2025\\\/12\\\/07\\\/delfinense-campeao-dos-aspirantes-da-serie-b-do-regional\\\/\",\"name\":\"Delfinense campe\u00e3o dos Aspirantes da S\u00e9rie B do Regional - Folha Popular\",\"isPartOf\":{\"@id\":\"https:\\\/\\\/folhapopular.info\\\/#website\"},\"primaryImageOfPage\":{\"@id\":\"https:\\\/\\\/folhapopular.info\\\/index.php\\\/2025\\\/12\\\/07\\\/delfinense-campeao-dos-aspirantes-da-serie-b-do-regional\\\/#primaryimage\"},\"image\":{\"@id\":\"https:\\\/\\\/folhapopular.info\\\/index.php\\\/2025\\\/12\\\/07\\\/delfinense-campeao-dos-aspirantes-da-serie-b-do-regional\\\/#primaryimage\"},\"thumbnailUrl\":\"https:\\\/\\\/folhapopular.info\\\/wp-content\\\/uploads\\\/2025\\\/12\\\/DSC_0698-scaled.jpg\",\"datePublished\":\"2025-12-07T21:38:28+00:00\",\"dateModified\":\"2025-12-07T21:38:31+00:00\",\"author\":{\"@id\":\"https:\\\/\\\/folhapopular.info\\\/#\\\/schema\\\/person\\\/e852c327371714676d02e58cf917fd9f\"},\"breadcrumb\":{\"@id\":\"https:\\\/\\\/folhapopular.info\\\/index.php\\\/2025\\\/12\\\/07\\\/delfinense-campeao-dos-aspirantes-da-serie-b-do-regional\\\/#breadcrumb\"},\"inLanguage\":\"pt-BR\",\"potentialAction\":[{\"@type\":\"ReadAction\",\"target\":[\"https:\\\/\\\/folhapopular.info\\\/index.php\\\/2025\\\/12\\\/07\\\/delfinense-campeao-dos-aspirantes-da-serie-b-do-regional\\\/\"]}]},{\"@type\":\"ImageObject\",\"inLanguage\":\"pt-BR\",\"@id\":\"https:\\\/\\\/folhapopular.info\\\/index.php\\\/2025\\\/12\\\/07\\\/delfinense-campeao-dos-aspirantes-da-serie-b-do-regional\\\/#primaryimage\",\"url\":\"https:\\\/\\\/folhapopular.info\\\/wp-content\\\/uploads\\\/2025\\\/12\\\/DSC_0698-scaled.jpg\",\"contentUrl\":\"https:\\\/\\\/folhapopular.info\\\/wp-content\\\/uploads\\\/2025\\\/12\\\/DSC_0698-scaled.jpg\",\"width\":2560,\"height\":1711,\"caption\":\"Festejos ficaram para Estrela, em Po\u00e7o das Antas - Cr\u00e9dito: Camille Lenz da Silva\"},{\"@type\":\"BreadcrumbList\",\"@id\":\"https:\\\/\\\/folhapopular.info\\\/index.php\\\/2025\\\/12\\\/07\\\/delfinense-campeao-dos-aspirantes-da-serie-b-do-regional\\\/#breadcrumb\",\"itemListElement\":[{\"@type\":\"ListItem\",\"position\":1,\"name\":\"In\u00edcio\",\"item\":\"https:\\\/\\\/folhapopular.info\\\/\"},{\"@type\":\"ListItem\",\"position\":2,\"name\":\"Delfinense campe\u00e3o dos Aspirantes da S\u00e9rie B do Regional\"}]},{\"@type\":\"WebSite\",\"@id\":\"https:\\\/\\\/folhapopular.info\\\/#website\",\"url\":\"https:\\\/\\\/folhapopular.info\\\/\",\"name\":\"Folha Popular\",\"description\":\"Onde voc\u00ea tem vez e voz\",\"potentialAction\":[{\"@type\":\"SearchAction\",\"target\":{\"@type\":\"EntryPoint\",\"urlTemplate\":\"https:\\\/\\\/folhapopular.info\\\/?s={search_term_string}\"},\"query-input\":{\"@type\":\"PropertyValueSpecification\",\"valueRequired\":true,\"valueName\":\"search_term_string\"}}],\"inLanguage\":\"pt-BR\"},{\"@type\":\"Person\",\"@id\":\"https:\\\/\\\/folhapopular.info\\\/#\\\/schema\\\/person\\\/e852c327371714676d02e58cf917fd9f\",\"name\":\"Luis Augusto Huppes\",\"image\":{\"@type\":\"ImageObject\",\"inLanguage\":\"pt-BR\",\"@id\":\"https:\\\/\\\/folhapopular.info\\\/wp-content\\\/uploads\\\/2026\\\/04\\\/Luis-Augusto-Huppes-1-1.webp\",\"url\":\"https:\\\/\\\/folhapopular.info\\\/wp-content\\\/uploads\\\/2026\\\/04\\\/Luis-Augusto-Huppes-1-1.webp\",\"contentUrl\":\"https:\\\/\\\/folhapopular.info\\\/wp-content\\\/uploads\\\/2026\\\/04\\\/Luis-Augusto-Huppes-1-1.webp\",\"caption\":\"Luis Augusto Huppes\"},\"sameAs\":[\"https:\\\/\\\/www.facebook.com\\\/luis.huppes\\\/\",\"https:\\\/\\\/www.instagram.com\\\/luis.huppes\\\/\",\"https:\\\/\\\/www.linkedin.com\\\/in\\\/luis-augusto-huppes-2554b52b7\\\/\"],\"url\":\"https:\\\/\\\/folhapopular.info\\\/index.php\\\/author\\\/luis-augusto-huppes\\\/\"}]}<\/script>\n<!-- \/ Yoast SEO plugin. -->","yoast_head_json":{"title":"Delfinense campe\u00e3o dos Aspirantes da S\u00e9rie B do Regional - Folha Popular","robots":{"index":"index","follow":"follow","max-snippet":"max-snippet:-1","max-image-preview":"max-image-preview:large","max-video-preview":"max-video-preview:-1"},"canonical":"https:\/\/folhapopular.info\/index.php\/2025\/12\/07\/delfinense-campeao-dos-aspirantes-da-serie-b-do-regional\/","og_locale":"pt_BR","og_type":"article","og_title":"Delfinense campe\u00e3o dos Aspirantes da S\u00e9rie B do Regional - Folha Popular","og_description":"Os Aspirantes da S\u00e9rie B do Campeonato Regional Certel Sicredi da Aslivata 2025 apuraram o campe\u00e3o do \u00f3timo jogo realizado neste domingo (7\/12), em Boa Vista, Po\u00e7o das Antas. CMD Mu\u00e7um e Delfinsense se encontraram no Campo do 11 Amigos ap\u00f3s empate em 0 a 0 na partida de ida, no Distrito de Delfina &#8211; [&hellip;]","og_url":"https:\/\/folhapopular.info\/index.php\/2025\/12\/07\/delfinense-campeao-dos-aspirantes-da-serie-b-do-regional\/","og_site_name":"Folha Popular","article_author":"https:\/\/www.facebook.com\/luis.huppes\/","article_published_time":"2025-12-07T21:38:28+00:00","article_modified_time":"2025-12-07T21:38:31+00:00","og_image":[{"width":2560,"height":1711,"url":"http:\/\/folhapopular.info\/wp-content\/uploads\/2025\/12\/DSC_0698-scaled.jpg","type":"image\/jpeg"}],"author":"Luis Augusto Huppes","twitter_card":"summary_large_image","twitter_misc":{"Escrito por":"Luis Augusto Huppes","Est. tempo de leitura":"2 minutos"},"schema":{"@context":"https:\/\/schema.org","@graph":[{"@type":"Article","@id":"https:\/\/folhapopular.info\/index.php\/2025\/12\/07\/delfinense-campeao-dos-aspirantes-da-serie-b-do-regional\/#article","isPartOf":{"@id":"https:\/\/folhapopular.info\/index.php\/2025\/12\/07\/delfinense-campeao-dos-aspirantes-da-serie-b-do-regional\/"},"author":{"name":"Luis Augusto Huppes","@id":"https:\/\/folhapopular.info\/#\/schema\/person\/e852c327371714676d02e58cf917fd9f"},"headline":"Delfinense campe\u00e3o dos Aspirantes da S\u00e9rie B do Regional","datePublished":"2025-12-07T21:38:28+00:00","dateModified":"2025-12-07T21:38:31+00:00","mainEntityOfPage":{"@id":"https:\/\/folhapopular.info\/index.php\/2025\/12\/07\/delfinense-campeao-dos-aspirantes-da-serie-b-do-regional\/"},"wordCount":223,"commentCount":0,"image":{"@id":"https:\/\/folhapopular.info\/index.php\/2025\/12\/07\/delfinense-campeao-dos-aspirantes-da-serie-b-do-regional\/#primaryimage"},"thumbnailUrl":"https:\/\/folhapopular.info\/wp-content\/uploads\/2025\/12\/DSC_0698-scaled.jpg","keywords":["Aslivata","Aspirantes","futebol amador","Regional Aslivata","Regional Certel Sicredi"],"articleSection":["Campeonato Regional 2025","Esportes","Futebol Amador","Regional da Aslivata"],"inLanguage":"pt-BR","potentialAction":[{"@type":"CommentAction","name":"Comment","target":["https:\/\/folhapopular.info\/index.php\/2025\/12\/07\/delfinense-campeao-dos-aspirantes-da-serie-b-do-regional\/#respond"]}]},{"@type":"WebPage","@id":"https:\/\/folhapopular.info\/index.php\/2025\/12\/07\/delfinense-campeao-dos-aspirantes-da-serie-b-do-regional\/","url":"https:\/\/folhapopular.info\/index.php\/2025\/12\/07\/delfinense-campeao-dos-aspirantes-da-serie-b-do-regional\/","name":"Delfinense campe\u00e3o dos Aspirantes da S\u00e9rie B do Regional - Folha Popular","isPartOf":{"@id":"https:\/\/folhapopular.info\/#website"},"primaryImageOfPage":{"@id":"https:\/\/folhapopular.info\/index.php\/2025\/12\/07\/delfinense-campeao-dos-aspirantes-da-serie-b-do-regional\/#primaryimage"},"image":{"@id":"https:\/\/folhapopular.info\/index.php\/2025\/12\/07\/delfinense-campeao-dos-aspirantes-da-serie-b-do-regional\/#primaryimage"},"thumbnailUrl":"https:\/\/folhapopular.info\/wp-content\/uploads\/2025\/12\/DSC_0698-scaled.jpg","datePublished":"2025-12-07T21:38:28+00:00","dateModified":"2025-12-07T21:38:31+00:00","author":{"@id":"https:\/\/folhapopular.info\/#\/schema\/person\/e852c327371714676d02e58cf917fd9f"},"breadcrumb":{"@id":"https:\/\/folhapopular.info\/index.php\/2025\/12\/07\/delfinense-campeao-dos-aspirantes-da-serie-b-do-regional\/#breadcrumb"},"inLanguage":"pt-BR","potentialAction":[{"@type":"ReadAction","target":["https:\/\/folhapopular.info\/index.php\/2025\/12\/07\/delfinense-campeao-dos-aspirantes-da-serie-b-do-regional\/"]}]},{"@type":"ImageObject","inLanguage":"pt-BR","@id":"https:\/\/folhapopular.info\/index.php\/2025\/12\/07\/delfinense-campeao-dos-aspirantes-da-serie-b-do-regional\/#primaryimage","url":"https:\/\/folhapopular.info\/wp-content\/uploads\/2025\/12\/DSC_0698-scaled.jpg","contentUrl":"https:\/\/folhapopular.info\/wp-content\/uploads\/2025\/12\/DSC_0698-scaled.jpg","width":2560,"height":1711,"caption":"Festejos ficaram para Estrela, em Po\u00e7o das Antas - Cr\u00e9dito: Camille Lenz da Silva"},{"@type":"BreadcrumbList","@id":"https:\/\/folhapopular.info\/index.php\/2025\/12\/07\/delfinense-campeao-dos-aspirantes-da-serie-b-do-regional\/#breadcrumb","itemListElement":[{"@type":"ListItem","position":1,"name":"In\u00edcio","item":"https:\/\/folhapopular.info\/"},{"@type":"ListItem","position":2,"name":"Delfinense campe\u00e3o dos Aspirantes da S\u00e9rie B do Regional"}]},{"@type":"WebSite","@id":"https:\/\/folhapopular.info\/#website","url":"https:\/\/folhapopular.info\/","name":"Folha Popular","description":"Onde voc\u00ea tem vez e voz","potentialAction":[{"@type":"SearchAction","target":{"@type":"EntryPoint","urlTemplate":"https:\/\/folhapopular.info\/?s={search_term_string}"},"query-input":{"@type":"PropertyValueSpecification","valueRequired":true,"valueName":"search_term_string"}}],"inLanguage":"pt-BR"},{"@type":"Person","@id":"https:\/\/folhapopular.info\/#\/schema\/person\/e852c327371714676d02e58cf917fd9f","name":"Luis Augusto Huppes","image":{"@type":"ImageObject","inLanguage":"pt-BR","@id":"https:\/\/folhapopular.info\/wp-content\/uploads\/2026\/04\/Luis-Augusto-Huppes-1-1.webp","url":"https:\/\/folhapopular.info\/wp-content\/uploads\/2026\/04\/Luis-Augusto-Huppes-1-1.webp","contentUrl":"https:\/\/folhapopular.info\/wp-content\/uploads\/2026\/04\/Luis-Augusto-Huppes-1-1.webp","caption":"Luis Augusto Huppes"},"sameAs":["https:\/\/www.facebook.com\/luis.huppes\/","https:\/\/www.instagram.com\/luis.huppes\/","https:\/\/www.linkedin.com\/in\/luis-augusto-huppes-2554b52b7\/"],"url":"https:\/\/folhapopular.info\/index.php\/author\/luis-augusto-huppes\/"}]}},"jetpack_featured_media_url":"https:\/\/folhapopular.info\/wp-content\/uploads\/2025\/12\/DSC_0698-scaled.jpg","jetpack_sharing_enabled":true,"amp_enabled":true,"_links":{"self":[{"href":"https:\/\/folhapopular.info\/index.php\/wp-json\/wp\/v2\/posts\/199961","targetHints":{"allow":["GET"]}}],"collection":[{"href":"https:\/\/folhapopular.info\/index.php\/wp-json\/wp\/v2\/posts"}],"about":[{"href":"https:\/\/folhapopular.info\/index.php\/wp-json\/wp\/v2\/types\/post"}],"author":[{"embeddable":true,"href":"https:\/\/folhapopular.info\/index.php\/wp-json\/wp\/v2\/users\/732"}],"replies":[{"embeddable":true,"href":"https:\/\/folhapopular.info\/index.php\/wp-json\/wp\/v2\/comments?post=199961"}],"version-history":[{"count":0,"href":"https:\/\/folhapopular.info\/index.php\/wp-json\/wp\/v2\/posts\/199961\/revisions"}],"wp:featuredmedia":[{"embeddable":true,"href":"https:\/\/folhapopular.info\/index.php\/wp-json\/wp\/v2\/media\/199962"}],"wp:attachment":[{"href":"https:\/\/folhapopular.info\/index.php\/wp-json\/wp\/v2\/media?parent=199961"}],"wp:term":[{"taxonomy":"category","embeddable":true,"href":"https:\/\/folhapopular.info\/index.php\/wp-json\/wp\/v2\/categories?post=199961"},{"taxonomy":"post_tag","embeddable":true,"href":"https:\/\/folhapopular.info\/index.php\/wp-json\/wp\/v2\/tags?post=199961"}],"curies":[{"name":"wp","href":"https:\/\/api.w.org\/{rel}","templated":true}]}}