{"id":199978,"date":"2025-12-08T08:04:21","date_gmt":"2025-12-08T11:04:21","guid":{"rendered":"https:\/\/folhapopular.info\/?p=199978"},"modified":"2025-12-08T08:04:24","modified_gmt":"2025-12-08T11:04:24","slug":"professor-elio-dahmer-falece-aos-85-anos","status":"publish","type":"post","link":"https:\/\/folhapopular.info\/index.php\/2025\/12\/08\/professor-elio-dahmer-falece-aos-85-anos\/","title":{"rendered":"Professor \u00c9lio Dahmer falece aos 85 anos"},"content":{"rendered":"\n<p>Faleceu na noite deste domingo (7\/12) o professor \u00c9lio Dahmer, aos 85 anos. Nascido em Linha Frank, ent\u00e3o localidade de Estrela, Dahmer foi professor de Hist\u00f3ria e tem dois livros publicados. O historiador teve grande influ\u00eancia na regi\u00e3o:<\/p>\n\n\n\n<p>Foi o primeiro secret\u00e1rio de Educa\u00e7\u00e3o e Cultura de Westf\u00e1lia, durante o governo de Alcido Lindemann;<\/p>\n\n\n\n<p>Durante 12 anos (1954 a 1965), foi atleta do Ga\u00facho Gutebol Clube, do Bairro Teut\u00f4nia. Tamb\u00e9m foi 4 anos presidente do Flamengo Futebol Clube, de Linha Schmidt;<\/p>\n\n\n\n<p>Ainda, foi s\u00f3cio-fundador (1969), atleta e presidente da Sociedade Esportiva Bandeirantes, de Linha Frank;<\/p>\n\n\n\n<p>Foi membro Conselho Consultivo da Cooperativa Languiru;<\/p>\n\n\n\n<p>Em 1960, ingressou no Magist\u00e9rio p\u00fablico como professor da Prefeitura Municipal de Estrela. Atuou como diretor e professor na Escola Municipal Bandeirantes de Linha Frank, cargo que ocupou durante 28 anos;<\/p>\n\n\n\n<p>Tamb\u00e9m atuou como diretor e professor na Escola Particular Santos Dumont, mantida pela Sociedade Escolar Picada Schmidt, ent\u00e3o munic\u00edpio de Estrela; da Escola Particular de Primeiro Grau Evang\u00e9lica Linha Schmidt, mantida pela Sociedade Escolar Picada Schmidt; da Escola Estadual Gomes Freire de Andrade, de Teut\u00f4nia; e da Escola Particular de Primeiro Grau Evang\u00e9lica Linha Schmidt, de Vila Schmidt;<\/p>\n\n\n\n<p>Foi s\u00f3cio-fundador e secret\u00e1rio da Sociedade de \u00c1gua de Linha Frank; <\/p>\n\n\n\n<p>Atuou como diretor do museu hist\u00f3rico e geogr\u00e1fico Henrique Uebel, de Teut\u00f4nia, foi tesoureiro do Centro Cultural 25 de Julho e funcion\u00e1rio respons\u00e1vel por dados biogr\u00e1ficos e pesquisas do Centro de Apoio a Pesquisas e Encontros de Fam\u00edlia (Capef), com sede no Centro Administrativo da Prefeitura Municipal de Teut\u00f4nia.<\/p>\n\n\n\n<p>Casado com Dalila Ruhrwirm (em mem\u00f3ria), \u00c9lio deixa quatro filhos: Neiva Teresinha, Luis Adalberto, Paulo Gilberto (em mem\u00f3ria) e Edson Ricardo &#8211; presidente da Cooperativa Agroindustrial S\u00e3o Jac\u00f3 (Cooperagri).<\/p>\n","protected":false},"excerpt":{"rendered":"<p>Faleceu na noite deste domingo (7\/12) o professor \u00c9lio Dahmer, aos 85 anos. Nascido em Linha Frank, ent\u00e3o localidade de Estrela, Dahmer foi professor de Hist\u00f3ria e tem dois livros publicados. O historiador teve grande influ\u00eancia na regi\u00e3o: Foi o primeiro secret\u00e1rio de Educa\u00e7\u00e3o e Cultura de Westf\u00e1lia, durante o governo de Alcido Lindemann; Durante [&hellip;]<\/p>\n","protected":false},"author":8,"featured_media":199979,"comment_status":"open","ping_status":"open","sticky":false,"template":"","format":"standard","meta":{"pmpro_default_level":"","_jetpack_memberships_contains_paid_content":false,"footnotes":""},"categories":[2,11024],"tags":[20165,6053],"class_list":{"0":"post-199978","1":"post","2":"type-post","3":"status-publish","4":"format-standard","5":"has-post-thumbnail","7":"category-featured","8":"category-obituario","9":"tag-elio-dahmer","10":"tag-falecimento","11":"pmpro-has-access"},"yoast_head":"<!-- This site is optimized with the Yoast SEO plugin v27.4 - https:\/\/yoast.com\/product\/yoast-seo-wordpress\/ -->\n<title>Professor \u00c9lio Dahmer falece aos 85 anos - Folha Popular<\/title>\n<meta name=\"robots\" content=\"index, follow, max-snippet:-1, max-image-preview:large, max-video-preview:-1\" \/>\n<link rel=\"canonical\" href=\"https:\/\/folhapopular.info\/index.php\/2025\/12\/08\/professor-elio-dahmer-falece-aos-85-anos\/\" \/>\n<meta property=\"og:locale\" content=\"pt_BR\" \/>\n<meta property=\"og:type\" content=\"article\" \/>\n<meta property=\"og:title\" content=\"Professor \u00c9lio Dahmer falece aos 85 anos - Folha Popular\" \/>\n<meta property=\"og:description\" content=\"Faleceu na noite deste domingo (7\/12) o professor \u00c9lio Dahmer, aos 85 anos. Nascido em Linha Frank, ent\u00e3o localidade de Estrela, Dahmer foi professor de Hist\u00f3ria e tem dois livros publicados. O historiador teve grande influ\u00eancia na regi\u00e3o: Foi o primeiro secret\u00e1rio de Educa\u00e7\u00e3o e Cultura de Westf\u00e1lia, durante o governo de Alcido Lindemann; Durante [&hellip;]\" \/>\n<meta property=\"og:url\" content=\"https:\/\/folhapopular.info\/index.php\/2025\/12\/08\/professor-elio-dahmer-falece-aos-85-anos\/\" \/>\n<meta property=\"og:site_name\" content=\"Folha Popular\" \/>\n<meta property=\"article:published_time\" content=\"2025-12-08T11:04:21+00:00\" \/>\n<meta property=\"article:modified_time\" content=\"2025-12-08T11:04:24+00:00\" \/>\n<meta property=\"og:image\" content=\"http:\/\/folhapopular.info\/wp-content\/uploads\/2025\/12\/elio-dahmer.png\" \/>\n\t<meta property=\"og:image:width\" content=\"335\" \/>\n\t<meta property=\"og:image:height\" content=\"310\" \/>\n\t<meta property=\"og:image:type\" content=\"image\/png\" \/>\n<meta name=\"author\" content=\"Reda\u00e7\u00e3o Folha Popular\" \/>\n<meta name=\"twitter:card\" content=\"summary_large_image\" \/>\n<meta name=\"twitter:label1\" content=\"Escrito por\" \/>\n\t<meta name=\"twitter:data1\" content=\"Reda\u00e7\u00e3o Folha Popular\" \/>\n\t<meta name=\"twitter:label2\" content=\"Est. tempo de leitura\" \/>\n\t<meta name=\"twitter:data2\" content=\"2 minutos\" \/>\n<script type=\"application\/ld+json\" class=\"yoast-schema-graph\">{\"@context\":\"https:\\\/\\\/schema.org\",\"@graph\":[{\"@type\":\"Article\",\"@id\":\"https:\\\/\\\/folhapopular.info\\\/index.php\\\/2025\\\/12\\\/08\\\/professor-elio-dahmer-falece-aos-85-anos\\\/#article\",\"isPartOf\":{\"@id\":\"https:\\\/\\\/folhapopular.info\\\/index.php\\\/2025\\\/12\\\/08\\\/professor-elio-dahmer-falece-aos-85-anos\\\/\"},\"author\":{\"name\":\"Reda\u00e7\u00e3o Folha Popular\",\"@id\":\"https:\\\/\\\/folhapopular.info\\\/#\\\/schema\\\/person\\\/2814e8a0df7643585a9ca38bc6eb9d4b\"},\"headline\":\"Professor \u00c9lio Dahmer falece aos 85 anos\",\"datePublished\":\"2025-12-08T11:04:21+00:00\",\"dateModified\":\"2025-12-08T11:04:24+00:00\",\"mainEntityOfPage\":{\"@id\":\"https:\\\/\\\/folhapopular.info\\\/index.php\\\/2025\\\/12\\\/08\\\/professor-elio-dahmer-falece-aos-85-anos\\\/\"},\"wordCount\":308,\"commentCount\":0,\"image\":{\"@id\":\"https:\\\/\\\/folhapopular.info\\\/index.php\\\/2025\\\/12\\\/08\\\/professor-elio-dahmer-falece-aos-85-anos\\\/#primaryimage\"},\"thumbnailUrl\":\"https:\\\/\\\/folhapopular.info\\\/wp-content\\\/uploads\\\/2025\\\/12\\\/elio-dahmer.png\",\"keywords\":[\"\u00c9lio Dahmer\",\"Falecimento\"],\"articleSection\":[\"Destaques\",\"Obitu\u00e1rio\"],\"inLanguage\":\"pt-BR\",\"potentialAction\":[{\"@type\":\"CommentAction\",\"name\":\"Comment\",\"target\":[\"https:\\\/\\\/folhapopular.info\\\/index.php\\\/2025\\\/12\\\/08\\\/professor-elio-dahmer-falece-aos-85-anos\\\/#respond\"]}]},{\"@type\":\"WebPage\",\"@id\":\"https:\\\/\\\/folhapopular.info\\\/index.php\\\/2025\\\/12\\\/08\\\/professor-elio-dahmer-falece-aos-85-anos\\\/\",\"url\":\"https:\\\/\\\/folhapopular.info\\\/index.php\\\/2025\\\/12\\\/08\\\/professor-elio-dahmer-falece-aos-85-anos\\\/\",\"name\":\"Professor \u00c9lio Dahmer falece aos 85 anos - Folha Popular\",\"isPartOf\":{\"@id\":\"https:\\\/\\\/folhapopular.info\\\/#website\"},\"primaryImageOfPage\":{\"@id\":\"https:\\\/\\\/folhapopular.info\\\/index.php\\\/2025\\\/12\\\/08\\\/professor-elio-dahmer-falece-aos-85-anos\\\/#primaryimage\"},\"image\":{\"@id\":\"https:\\\/\\\/folhapopular.info\\\/index.php\\\/2025\\\/12\\\/08\\\/professor-elio-dahmer-falece-aos-85-anos\\\/#primaryimage\"},\"thumbnailUrl\":\"https:\\\/\\\/folhapopular.info\\\/wp-content\\\/uploads\\\/2025\\\/12\\\/elio-dahmer.png\",\"datePublished\":\"2025-12-08T11:04:21+00:00\",\"dateModified\":\"2025-12-08T11:04:24+00:00\",\"author\":{\"@id\":\"https:\\\/\\\/folhapopular.info\\\/#\\\/schema\\\/person\\\/2814e8a0df7643585a9ca38bc6eb9d4b\"},\"breadcrumb\":{\"@id\":\"https:\\\/\\\/folhapopular.info\\\/index.php\\\/2025\\\/12\\\/08\\\/professor-elio-dahmer-falece-aos-85-anos\\\/#breadcrumb\"},\"inLanguage\":\"pt-BR\",\"potentialAction\":[{\"@type\":\"ReadAction\",\"target\":[\"https:\\\/\\\/folhapopular.info\\\/index.php\\\/2025\\\/12\\\/08\\\/professor-elio-dahmer-falece-aos-85-anos\\\/\"]}]},{\"@type\":\"ImageObject\",\"inLanguage\":\"pt-BR\",\"@id\":\"https:\\\/\\\/folhapopular.info\\\/index.php\\\/2025\\\/12\\\/08\\\/professor-elio-dahmer-falece-aos-85-anos\\\/#primaryimage\",\"url\":\"https:\\\/\\\/folhapopular.info\\\/wp-content\\\/uploads\\\/2025\\\/12\\\/elio-dahmer.png\",\"contentUrl\":\"https:\\\/\\\/folhapopular.info\\\/wp-content\\\/uploads\\\/2025\\\/12\\\/elio-dahmer.png\",\"width\":335,\"height\":310,\"caption\":\"Cr\u00e9dito: Reprodu\u00e7\u00e3o \\\/ Prefeitura de Westf\u00e1lia\"},{\"@type\":\"BreadcrumbList\",\"@id\":\"https:\\\/\\\/folhapopular.info\\\/index.php\\\/2025\\\/12\\\/08\\\/professor-elio-dahmer-falece-aos-85-anos\\\/#breadcrumb\",\"itemListElement\":[{\"@type\":\"ListItem\",\"position\":1,\"name\":\"In\u00edcio\",\"item\":\"https:\\\/\\\/folhapopular.info\\\/\"},{\"@type\":\"ListItem\",\"position\":2,\"name\":\"Professor \u00c9lio Dahmer falece aos 85 anos\"}]},{\"@type\":\"WebSite\",\"@id\":\"https:\\\/\\\/folhapopular.info\\\/#website\",\"url\":\"https:\\\/\\\/folhapopular.info\\\/\",\"name\":\"Folha Popular\",\"description\":\"Onde voc\u00ea tem vez e voz\",\"potentialAction\":[{\"@type\":\"SearchAction\",\"target\":{\"@type\":\"EntryPoint\",\"urlTemplate\":\"https:\\\/\\\/folhapopular.info\\\/?s={search_term_string}\"},\"query-input\":{\"@type\":\"PropertyValueSpecification\",\"valueRequired\":true,\"valueName\":\"search_term_string\"}}],\"inLanguage\":\"pt-BR\"},{\"@type\":\"Person\",\"@id\":\"https:\\\/\\\/folhapopular.info\\\/#\\\/schema\\\/person\\\/2814e8a0df7643585a9ca38bc6eb9d4b\",\"name\":\"Reda\u00e7\u00e3o Folha Popular\",\"image\":{\"@type\":\"ImageObject\",\"inLanguage\":\"pt-BR\",\"@id\":\"https:\\\/\\\/folhapopular.info\\\/wp-content\\\/uploads\\\/2026\\\/04\\\/Folha-1.webp\",\"url\":\"https:\\\/\\\/folhapopular.info\\\/wp-content\\\/uploads\\\/2026\\\/04\\\/Folha-1.webp\",\"contentUrl\":\"https:\\\/\\\/folhapopular.info\\\/wp-content\\\/uploads\\\/2026\\\/04\\\/Folha-1.webp\",\"caption\":\"Reda\u00e7\u00e3o Folha Popular\"},\"url\":\"https:\\\/\\\/folhapopular.info\\\/index.php\\\/author\\\/redacao\\\/\"}]}<\/script>\n<!-- \/ Yoast SEO plugin. -->","yoast_head_json":{"title":"Professor \u00c9lio Dahmer falece aos 85 anos - Folha Popular","robots":{"index":"index","follow":"follow","max-snippet":"max-snippet:-1","max-image-preview":"max-image-preview:large","max-video-preview":"max-video-preview:-1"},"canonical":"https:\/\/folhapopular.info\/index.php\/2025\/12\/08\/professor-elio-dahmer-falece-aos-85-anos\/","og_locale":"pt_BR","og_type":"article","og_title":"Professor \u00c9lio Dahmer falece aos 85 anos - Folha Popular","og_description":"Faleceu na noite deste domingo (7\/12) o professor \u00c9lio Dahmer, aos 85 anos. Nascido em Linha Frank, ent\u00e3o localidade de Estrela, Dahmer foi professor de Hist\u00f3ria e tem dois livros publicados. O historiador teve grande influ\u00eancia na regi\u00e3o: Foi o primeiro secret\u00e1rio de Educa\u00e7\u00e3o e Cultura de Westf\u00e1lia, durante o governo de Alcido Lindemann; Durante [&hellip;]","og_url":"https:\/\/folhapopular.info\/index.php\/2025\/12\/08\/professor-elio-dahmer-falece-aos-85-anos\/","og_site_name":"Folha Popular","article_published_time":"2025-12-08T11:04:21+00:00","article_modified_time":"2025-12-08T11:04:24+00:00","og_image":[{"width":335,"height":310,"url":"http:\/\/folhapopular.info\/wp-content\/uploads\/2025\/12\/elio-dahmer.png","type":"image\/png"}],"author":"Reda\u00e7\u00e3o Folha Popular","twitter_card":"summary_large_image","twitter_misc":{"Escrito por":"Reda\u00e7\u00e3o Folha Popular","Est. tempo de leitura":"2 minutos"},"schema":{"@context":"https:\/\/schema.org","@graph":[{"@type":"Article","@id":"https:\/\/folhapopular.info\/index.php\/2025\/12\/08\/professor-elio-dahmer-falece-aos-85-anos\/#article","isPartOf":{"@id":"https:\/\/folhapopular.info\/index.php\/2025\/12\/08\/professor-elio-dahmer-falece-aos-85-anos\/"},"author":{"name":"Reda\u00e7\u00e3o Folha Popular","@id":"https:\/\/folhapopular.info\/#\/schema\/person\/2814e8a0df7643585a9ca38bc6eb9d4b"},"headline":"Professor \u00c9lio Dahmer falece aos 85 anos","datePublished":"2025-12-08T11:04:21+00:00","dateModified":"2025-12-08T11:04:24+00:00","mainEntityOfPage":{"@id":"https:\/\/folhapopular.info\/index.php\/2025\/12\/08\/professor-elio-dahmer-falece-aos-85-anos\/"},"wordCount":308,"commentCount":0,"image":{"@id":"https:\/\/folhapopular.info\/index.php\/2025\/12\/08\/professor-elio-dahmer-falece-aos-85-anos\/#primaryimage"},"thumbnailUrl":"https:\/\/folhapopular.info\/wp-content\/uploads\/2025\/12\/elio-dahmer.png","keywords":["\u00c9lio Dahmer","Falecimento"],"articleSection":["Destaques","Obitu\u00e1rio"],"inLanguage":"pt-BR","potentialAction":[{"@type":"CommentAction","name":"Comment","target":["https:\/\/folhapopular.info\/index.php\/2025\/12\/08\/professor-elio-dahmer-falece-aos-85-anos\/#respond"]}]},{"@type":"WebPage","@id":"https:\/\/folhapopular.info\/index.php\/2025\/12\/08\/professor-elio-dahmer-falece-aos-85-anos\/","url":"https:\/\/folhapopular.info\/index.php\/2025\/12\/08\/professor-elio-dahmer-falece-aos-85-anos\/","name":"Professor \u00c9lio Dahmer falece aos 85 anos - Folha Popular","isPartOf":{"@id":"https:\/\/folhapopular.info\/#website"},"primaryImageOfPage":{"@id":"https:\/\/folhapopular.info\/index.php\/2025\/12\/08\/professor-elio-dahmer-falece-aos-85-anos\/#primaryimage"},"image":{"@id":"https:\/\/folhapopular.info\/index.php\/2025\/12\/08\/professor-elio-dahmer-falece-aos-85-anos\/#primaryimage"},"thumbnailUrl":"https:\/\/folhapopular.info\/wp-content\/uploads\/2025\/12\/elio-dahmer.png","datePublished":"2025-12-08T11:04:21+00:00","dateModified":"2025-12-08T11:04:24+00:00","author":{"@id":"https:\/\/folhapopular.info\/#\/schema\/person\/2814e8a0df7643585a9ca38bc6eb9d4b"},"breadcrumb":{"@id":"https:\/\/folhapopular.info\/index.php\/2025\/12\/08\/professor-elio-dahmer-falece-aos-85-anos\/#breadcrumb"},"inLanguage":"pt-BR","potentialAction":[{"@type":"ReadAction","target":["https:\/\/folhapopular.info\/index.php\/2025\/12\/08\/professor-elio-dahmer-falece-aos-85-anos\/"]}]},{"@type":"ImageObject","inLanguage":"pt-BR","@id":"https:\/\/folhapopular.info\/index.php\/2025\/12\/08\/professor-elio-dahmer-falece-aos-85-anos\/#primaryimage","url":"https:\/\/folhapopular.info\/wp-content\/uploads\/2025\/12\/elio-dahmer.png","contentUrl":"https:\/\/folhapopular.info\/wp-content\/uploads\/2025\/12\/elio-dahmer.png","width":335,"height":310,"caption":"Cr\u00e9dito: Reprodu\u00e7\u00e3o \/ Prefeitura de Westf\u00e1lia"},{"@type":"BreadcrumbList","@id":"https:\/\/folhapopular.info\/index.php\/2025\/12\/08\/professor-elio-dahmer-falece-aos-85-anos\/#breadcrumb","itemListElement":[{"@type":"ListItem","position":1,"name":"In\u00edcio","item":"https:\/\/folhapopular.info\/"},{"@type":"ListItem","position":2,"name":"Professor \u00c9lio Dahmer falece aos 85 anos"}]},{"@type":"WebSite","@id":"https:\/\/folhapopular.info\/#website","url":"https:\/\/folhapopular.info\/","name":"Folha Popular","description":"Onde voc\u00ea tem vez e voz","potentialAction":[{"@type":"SearchAction","target":{"@type":"EntryPoint","urlTemplate":"https:\/\/folhapopular.info\/?s={search_term_string}"},"query-input":{"@type":"PropertyValueSpecification","valueRequired":true,"valueName":"search_term_string"}}],"inLanguage":"pt-BR"},{"@type":"Person","@id":"https:\/\/folhapopular.info\/#\/schema\/person\/2814e8a0df7643585a9ca38bc6eb9d4b","name":"Reda\u00e7\u00e3o Folha Popular","image":{"@type":"ImageObject","inLanguage":"pt-BR","@id":"https:\/\/folhapopular.info\/wp-content\/uploads\/2026\/04\/Folha-1.webp","url":"https:\/\/folhapopular.info\/wp-content\/uploads\/2026\/04\/Folha-1.webp","contentUrl":"https:\/\/folhapopular.info\/wp-content\/uploads\/2026\/04\/Folha-1.webp","caption":"Reda\u00e7\u00e3o Folha Popular"},"url":"https:\/\/folhapopular.info\/index.php\/author\/redacao\/"}]}},"jetpack_featured_media_url":"https:\/\/folhapopular.info\/wp-content\/uploads\/2025\/12\/elio-dahmer.png","jetpack_sharing_enabled":true,"amp_enabled":true,"_links":{"self":[{"href":"https:\/\/folhapopular.info\/index.php\/wp-json\/wp\/v2\/posts\/199978","targetHints":{"allow":["GET"]}}],"collection":[{"href":"https:\/\/folhapopular.info\/index.php\/wp-json\/wp\/v2\/posts"}],"about":[{"href":"https:\/\/folhapopular.info\/index.php\/wp-json\/wp\/v2\/types\/post"}],"author":[{"embeddable":true,"href":"https:\/\/folhapopular.info\/index.php\/wp-json\/wp\/v2\/users\/8"}],"replies":[{"embeddable":true,"href":"https:\/\/folhapopular.info\/index.php\/wp-json\/wp\/v2\/comments?post=199978"}],"version-history":[{"count":0,"href":"https:\/\/folhapopular.info\/index.php\/wp-json\/wp\/v2\/posts\/199978\/revisions"}],"wp:featuredmedia":[{"embeddable":true,"href":"https:\/\/folhapopular.info\/index.php\/wp-json\/wp\/v2\/media\/199979"}],"wp:attachment":[{"href":"https:\/\/folhapopular.info\/index.php\/wp-json\/wp\/v2\/media?parent=199978"}],"wp:term":[{"taxonomy":"category","embeddable":true,"href":"https:\/\/folhapopular.info\/index.php\/wp-json\/wp\/v2\/categories?post=199978"},{"taxonomy":"post_tag","embeddable":true,"href":"https:\/\/folhapopular.info\/index.php\/wp-json\/wp\/v2\/tags?post=199978"}],"curies":[{"name":"wp","href":"https:\/\/api.w.org\/{rel}","templated":true}]}}