{"id":200083,"date":"2025-12-10T16:00:00","date_gmt":"2025-12-10T19:00:00","guid":{"rendered":"https:\/\/folhapopular.info\/?p=200083"},"modified":"2025-12-09T20:45:53","modified_gmt":"2025-12-09T23:45:53","slug":"apae-teutonia-reune-mais-de-200-usuarios-familias-e-profissionais-para-celebrar-a-magia-do-natal","status":"publish","type":"post","link":"https:\/\/folhapopular.info\/index.php\/2025\/12\/10\/apae-teutonia-reune-mais-de-200-usuarios-familias-e-profissionais-para-celebrar-a-magia-do-natal\/","title":{"rendered":"Apae Teut\u00f4nia re\u00fane mais de 200 usu\u00e1rios, fam\u00edlias e profissionais para celebrar a magia do Natal"},"content":{"rendered":"\n<p>\u00c0 espera do Papai Noel, crian\u00e7as e fam\u00edlias usu\u00e1rias da Associa\u00e7\u00e3o de Pais e Amigos dos Excepcionais (Apae) de Teut\u00f4nia se reuniram na sexta-feira (5\/12) para celebrar a Festa de Natal da institui\u00e7\u00e3o. Realizado no Gin\u00e1sio da Comunidade Cat\u00f3lica Cristo Rei, no Bairro Languiru, o evento teve apresenta\u00e7\u00f5es tem\u00e1ticas, com usu\u00e1rios de diversas idades.<\/p>\n\n\n\n<p>Ana Carolina Klein, coordenadora pedag\u00f3gica da Apae, conta que a festa foi realizada pela primeira vez na Comunidade Cat\u00f3lica. \u201cTivemos uma noite muito linda, com a participa\u00e7\u00e3o da maioria das fam\u00edlias da escola. A festa \u00e9 organizada principalmente pela equipe pedag\u00f3gica, que se empenha n\u00e3o s\u00f3 na organiza\u00e7\u00e3o, mas tamb\u00e9m nas apresenta\u00e7\u00f5es da noite\u201d, conta.<\/p>\n\n\n\n<p>A primeira apresenta\u00e7\u00e3o foi \u201cO Nascimento do Menino Jesus\u201d, interpretada por alunos da escola e do AEE do turno da manh\u00e3. Com caracteriza\u00e7\u00f5es especiais, o cen\u00e1rio produzido pelos alunos representou um momento marcante para o Natal. O t\u00e9rmino da primeira atividade envolveu o canto coral, que animou as fam\u00edlias.<\/p>\n\n\n\n<p>Logo em seguida, houve a pe\u00e7a \u201cA Correria do Final de Ano\u201d, interpretada pelos alunos da Escola e do AEE do turno da tarde. A apresenta\u00e7\u00e3o representou os sentimentos ruins que se acumulam no fim de ano e como \u00e9 poss\u00edvel lidar com eles de uma forma melhor.<\/p>\n\n\n\n<p>A encena\u00e7\u00e3o final representou um laborat\u00f3rio de sonhos em clima de Natal. \u201cA F\u00e1brica dos Sonhos da Apae\u201d foi apresentada pelos alunos das turmas da Assist\u00eancia.<\/p>\n\n\n\n<p>A noite foi encerrada com um grande coral envolvendo todos os presentes.<\/p>\n\n\n\n<p>Em entrevista, Raquel Brackmann, presidente da Apae, expressa gratid\u00e3o por esse ano. \u201cMais uma vez n\u00f3s superamos nossas expectativas enquanto equipe, pessoas que atendemos e a\u00e7\u00f5es realizadas ao longo do ano. Quando estamos reunidos em uma noite como hoje, na nossa Festa de Natal, e vemos um n\u00famero t\u00e3o grande de pessoas, acredito que alcan\u00e7amos nossos objetivos\u201d, finaliza.<\/p>\n\n\n\n<figure class=\"wp-block-gallery has-nested-images columns-default is-cropped wp-block-gallery-1 is-layout-flex wp-block-gallery-is-layout-flex\">\n<figure class=\"wp-block-image size-large\"><img loading=\"lazy\" decoding=\"async\" width=\"1024\" height=\"768\" data-id=\"200084\" src=\"https:\/\/folhapopular.info\/wp-content\/uploads\/2025\/12\/A-troca-de-sentimentos-foi-promovida-em-uma-dinamica-onde-o-negativo-era-descartado-permitindo-novas-emocoes-1024x768.jpg\" alt=\"\" class=\"wp-image-200084\" srcset=\"https:\/\/folhapopular.info\/wp-content\/uploads\/2025\/12\/A-troca-de-sentimentos-foi-promovida-em-uma-dinamica-onde-o-negativo-era-descartado-permitindo-novas-emocoes-1024x768.jpg 1024w, https:\/\/folhapopular.info\/wp-content\/uploads\/2025\/12\/A-troca-de-sentimentos-foi-promovida-em-uma-dinamica-onde-o-negativo-era-descartado-permitindo-novas-emocoes-300x225.jpg 300w, https:\/\/folhapopular.info\/wp-content\/uploads\/2025\/12\/A-troca-de-sentimentos-foi-promovida-em-uma-dinamica-onde-o-negativo-era-descartado-permitindo-novas-emocoes-768x576.jpg 768w, https:\/\/folhapopular.info\/wp-content\/uploads\/2025\/12\/A-troca-de-sentimentos-foi-promovida-em-uma-dinamica-onde-o-negativo-era-descartado-permitindo-novas-emocoes-1536x1152.jpg 1536w, https:\/\/folhapopular.info\/wp-content\/uploads\/2025\/12\/A-troca-de-sentimentos-foi-promovida-em-uma-dinamica-onde-o-negativo-era-descartado-permitindo-novas-emocoes-2048x1536.jpg 2048w, https:\/\/folhapopular.info\/wp-content\/uploads\/2025\/12\/A-troca-de-sentimentos-foi-promovida-em-uma-dinamica-onde-o-negativo-era-descartado-permitindo-novas-emocoes-560x420.jpg 560w, https:\/\/folhapopular.info\/wp-content\/uploads\/2025\/12\/A-troca-de-sentimentos-foi-promovida-em-uma-dinamica-onde-o-negativo-era-descartado-permitindo-novas-emocoes-80x60.jpg 80w, https:\/\/folhapopular.info\/wp-content\/uploads\/2025\/12\/A-troca-de-sentimentos-foi-promovida-em-uma-dinamica-onde-o-negativo-era-descartado-permitindo-novas-emocoes-696x522.jpg 696w, https:\/\/folhapopular.info\/wp-content\/uploads\/2025\/12\/A-troca-de-sentimentos-foi-promovida-em-uma-dinamica-onde-o-negativo-era-descartado-permitindo-novas-emocoes-1068x801.jpg 1068w, https:\/\/folhapopular.info\/wp-content\/uploads\/2025\/12\/A-troca-de-sentimentos-foi-promovida-em-uma-dinamica-onde-o-negativo-era-descartado-permitindo-novas-emocoes-1920x1440.jpg 1920w\" sizes=\"auto, (max-width: 1024px) 100vw, 1024px\" \/><figcaption class=\"wp-element-caption\">A troca de sentimentos foi promovida em uma din\u00e2mica onde o negativo era descartado, permitindo novas emo\u00e7\u00f5es<\/figcaption><\/figure>\n\n\n\n<figure class=\"wp-block-image size-large\"><img loading=\"lazy\" decoding=\"async\" width=\"1024\" height=\"768\" data-id=\"200086\" src=\"https:\/\/folhapopular.info\/wp-content\/uploads\/2025\/12\/Primeira-encenacao-representou-o-nascimento-de-Jesus-lembrado-como-simbolo-de-amor-1024x768.jpg\" alt=\"\" class=\"wp-image-200086\" srcset=\"https:\/\/folhapopular.info\/wp-content\/uploads\/2025\/12\/Primeira-encenacao-representou-o-nascimento-de-Jesus-lembrado-como-simbolo-de-amor-1024x768.jpg 1024w, https:\/\/folhapopular.info\/wp-content\/uploads\/2025\/12\/Primeira-encenacao-representou-o-nascimento-de-Jesus-lembrado-como-simbolo-de-amor-300x225.jpg 300w, https:\/\/folhapopular.info\/wp-content\/uploads\/2025\/12\/Primeira-encenacao-representou-o-nascimento-de-Jesus-lembrado-como-simbolo-de-amor-768x576.jpg 768w, https:\/\/folhapopular.info\/wp-content\/uploads\/2025\/12\/Primeira-encenacao-representou-o-nascimento-de-Jesus-lembrado-como-simbolo-de-amor-1536x1152.jpg 1536w, https:\/\/folhapopular.info\/wp-content\/uploads\/2025\/12\/Primeira-encenacao-representou-o-nascimento-de-Jesus-lembrado-como-simbolo-de-amor-2048x1536.jpg 2048w, https:\/\/folhapopular.info\/wp-content\/uploads\/2025\/12\/Primeira-encenacao-representou-o-nascimento-de-Jesus-lembrado-como-simbolo-de-amor-560x420.jpg 560w, https:\/\/folhapopular.info\/wp-content\/uploads\/2025\/12\/Primeira-encenacao-representou-o-nascimento-de-Jesus-lembrado-como-simbolo-de-amor-80x60.jpg 80w, https:\/\/folhapopular.info\/wp-content\/uploads\/2025\/12\/Primeira-encenacao-representou-o-nascimento-de-Jesus-lembrado-como-simbolo-de-amor-696x522.jpg 696w, https:\/\/folhapopular.info\/wp-content\/uploads\/2025\/12\/Primeira-encenacao-representou-o-nascimento-de-Jesus-lembrado-como-simbolo-de-amor-1068x801.jpg 1068w, https:\/\/folhapopular.info\/wp-content\/uploads\/2025\/12\/Primeira-encenacao-representou-o-nascimento-de-Jesus-lembrado-como-simbolo-de-amor-1920x1440.jpg 1920w\" sizes=\"auto, (max-width: 1024px) 100vw, 1024px\" \/><figcaption class=\"wp-element-caption\">Primeira encena\u00e7\u00e3o representou o nascimento de Jesus,<br>lembrado como s\u00edmbolo de amor<\/figcaption><\/figure>\n<figcaption class=\"blocks-gallery-caption wp-element-caption\">Cr\u00e9dito: Gabriely Hartmann Mallmann<\/figcaption><\/figure>\n","protected":false},"excerpt":{"rendered":"<p>\u00c0 espera do Papai Noel, crian\u00e7as e fam\u00edlias usu\u00e1rias da Associa\u00e7\u00e3o de Pais e Amigos dos Excepcionais (Apae) de Teut\u00f4nia se reuniram na sexta-feira (5\/12) para celebrar a Festa de Natal da institui\u00e7\u00e3o. Realizado no Gin\u00e1sio da Comunidade Cat\u00f3lica Cristo Rei, no Bairro Languiru, o evento teve apresenta\u00e7\u00f5es tem\u00e1ticas, com usu\u00e1rios de diversas idades. Ana [&hellip;]<\/p>\n","protected":false},"author":773,"featured_media":200085,"comment_status":"open","ping_status":"open","sticky":false,"template":"","format":"standard","meta":{"pmpro_default_level":"","_jetpack_memberships_contains_paid_content":false,"footnotes":""},"categories":[6],"tags":[887,20178,26],"class_list":{"0":"post-200083","1":"post","2":"type-post","3":"status-publish","4":"format-standard","5":"has-post-thumbnail","7":"category-inclusive","8":"tag-apae","9":"tag-apae-teuonia","10":"tag-teutonia","11":"pmpro-has-access"},"yoast_head":"<!-- This site is optimized with the Yoast SEO plugin v27.5 - https:\/\/yoast.com\/product\/yoast-seo-wordpress\/ -->\n<title>Apae Teut\u00f4nia re\u00fane mais de 200 usu\u00e1rios, fam\u00edlias e profissionais para celebrar a magia do Natal - Folha Popular<\/title>\n<meta name=\"robots\" content=\"index, follow, max-snippet:-1, max-image-preview:large, max-video-preview:-1\" \/>\n<link rel=\"canonical\" href=\"https:\/\/folhapopular.info\/index.php\/2025\/12\/10\/apae-teutonia-reune-mais-de-200-usuarios-familias-e-profissionais-para-celebrar-a-magia-do-natal\/\" \/>\n<meta property=\"og:locale\" content=\"pt_BR\" \/>\n<meta property=\"og:type\" content=\"article\" \/>\n<meta property=\"og:title\" content=\"Apae Teut\u00f4nia re\u00fane mais de 200 usu\u00e1rios, fam\u00edlias e profissionais para celebrar a magia do Natal - Folha Popular\" \/>\n<meta property=\"og:description\" content=\"\u00c0 espera do Papai Noel, crian\u00e7as e fam\u00edlias usu\u00e1rias da Associa\u00e7\u00e3o de Pais e Amigos dos Excepcionais (Apae) de Teut\u00f4nia se reuniram na sexta-feira (5\/12) para celebrar a Festa de Natal da institui\u00e7\u00e3o. Realizado no Gin\u00e1sio da Comunidade Cat\u00f3lica Cristo Rei, no Bairro Languiru, o evento teve apresenta\u00e7\u00f5es tem\u00e1ticas, com usu\u00e1rios de diversas idades. Ana [&hellip;]\" \/>\n<meta property=\"og:url\" content=\"https:\/\/folhapopular.info\/index.php\/2025\/12\/10\/apae-teutonia-reune-mais-de-200-usuarios-familias-e-profissionais-para-celebrar-a-magia-do-natal\/\" \/>\n<meta property=\"og:site_name\" content=\"Folha Popular\" \/>\n<meta property=\"article:published_time\" content=\"2025-12-10T19:00:00+00:00\" \/>\n<meta property=\"og:image\" content=\"https:\/\/folhapopular.info\/wp-content\/uploads\/2025\/12\/Laboratorio-de-Sonhos-finalizou-a-noite-mostrando-a-verdadeira-magia-do-Natal-scaled.jpg\" \/>\n\t<meta property=\"og:image:width\" content=\"2560\" \/>\n\t<meta property=\"og:image:height\" content=\"1920\" \/>\n\t<meta property=\"og:image:type\" content=\"image\/jpeg\" \/>\n<meta name=\"author\" content=\"Gabriely Hartmann Mallmann\" \/>\n<meta name=\"twitter:card\" content=\"summary_large_image\" \/>\n<meta name=\"twitter:label1\" content=\"Escrito por\" \/>\n\t<meta name=\"twitter:data1\" content=\"Gabriely Hartmann Mallmann\" \/>\n\t<meta name=\"twitter:label2\" content=\"Est. tempo de leitura\" \/>\n\t<meta name=\"twitter:data2\" content=\"3 minutos\" \/>\n<script type=\"application\/ld+json\" class=\"yoast-schema-graph\">{\"@context\":\"https:\\\/\\\/schema.org\",\"@graph\":[{\"@type\":\"Article\",\"@id\":\"https:\\\/\\\/folhapopular.info\\\/index.php\\\/2025\\\/12\\\/10\\\/apae-teutonia-reune-mais-de-200-usuarios-familias-e-profissionais-para-celebrar-a-magia-do-natal\\\/#article\",\"isPartOf\":{\"@id\":\"https:\\\/\\\/folhapopular.info\\\/index.php\\\/2025\\\/12\\\/10\\\/apae-teutonia-reune-mais-de-200-usuarios-familias-e-profissionais-para-celebrar-a-magia-do-natal\\\/\"},\"author\":{\"name\":\"Gabriely Hartmann Mallmann\",\"@id\":\"https:\\\/\\\/folhapopular.info\\\/#\\\/schema\\\/person\\\/41b3bb1ecf6e33e81cbab2c29b178754\"},\"headline\":\"Apae Teut\u00f4nia re\u00fane mais de 200 usu\u00e1rios, fam\u00edlias e profissionais para celebrar a magia do Natal\",\"datePublished\":\"2025-12-10T19:00:00+00:00\",\"mainEntityOfPage\":{\"@id\":\"https:\\\/\\\/folhapopular.info\\\/index.php\\\/2025\\\/12\\\/10\\\/apae-teutonia-reune-mais-de-200-usuarios-familias-e-profissionais-para-celebrar-a-magia-do-natal\\\/\"},\"wordCount\":393,\"commentCount\":0,\"image\":{\"@id\":\"https:\\\/\\\/folhapopular.info\\\/index.php\\\/2025\\\/12\\\/10\\\/apae-teutonia-reune-mais-de-200-usuarios-familias-e-profissionais-para-celebrar-a-magia-do-natal\\\/#primaryimage\"},\"thumbnailUrl\":\"https:\\\/\\\/folhapopular.info\\\/wp-content\\\/uploads\\\/2025\\\/12\\\/Laboratorio-de-Sonhos-finalizou-a-noite-mostrando-a-verdadeira-magia-do-Natal-scaled.jpg\",\"keywords\":[\"Apae\",\"Apae Teu\u00f4nia\",\"Teut\u00f4nia\"],\"articleSection\":[\"Inclusive\"],\"inLanguage\":\"pt-BR\",\"potentialAction\":[{\"@type\":\"CommentAction\",\"name\":\"Comment\",\"target\":[\"https:\\\/\\\/folhapopular.info\\\/index.php\\\/2025\\\/12\\\/10\\\/apae-teutonia-reune-mais-de-200-usuarios-familias-e-profissionais-para-celebrar-a-magia-do-natal\\\/#respond\"]}]},{\"@type\":\"WebPage\",\"@id\":\"https:\\\/\\\/folhapopular.info\\\/index.php\\\/2025\\\/12\\\/10\\\/apae-teutonia-reune-mais-de-200-usuarios-familias-e-profissionais-para-celebrar-a-magia-do-natal\\\/\",\"url\":\"https:\\\/\\\/folhapopular.info\\\/index.php\\\/2025\\\/12\\\/10\\\/apae-teutonia-reune-mais-de-200-usuarios-familias-e-profissionais-para-celebrar-a-magia-do-natal\\\/\",\"name\":\"Apae Teut\u00f4nia re\u00fane mais de 200 usu\u00e1rios, fam\u00edlias e profissionais para celebrar a magia do Natal - Folha Popular\",\"isPartOf\":{\"@id\":\"https:\\\/\\\/folhapopular.info\\\/#website\"},\"primaryImageOfPage\":{\"@id\":\"https:\\\/\\\/folhapopular.info\\\/index.php\\\/2025\\\/12\\\/10\\\/apae-teutonia-reune-mais-de-200-usuarios-familias-e-profissionais-para-celebrar-a-magia-do-natal\\\/#primaryimage\"},\"image\":{\"@id\":\"https:\\\/\\\/folhapopular.info\\\/index.php\\\/2025\\\/12\\\/10\\\/apae-teutonia-reune-mais-de-200-usuarios-familias-e-profissionais-para-celebrar-a-magia-do-natal\\\/#primaryimage\"},\"thumbnailUrl\":\"https:\\\/\\\/folhapopular.info\\\/wp-content\\\/uploads\\\/2025\\\/12\\\/Laboratorio-de-Sonhos-finalizou-a-noite-mostrando-a-verdadeira-magia-do-Natal-scaled.jpg\",\"datePublished\":\"2025-12-10T19:00:00+00:00\",\"author\":{\"@id\":\"https:\\\/\\\/folhapopular.info\\\/#\\\/schema\\\/person\\\/41b3bb1ecf6e33e81cbab2c29b178754\"},\"breadcrumb\":{\"@id\":\"https:\\\/\\\/folhapopular.info\\\/index.php\\\/2025\\\/12\\\/10\\\/apae-teutonia-reune-mais-de-200-usuarios-familias-e-profissionais-para-celebrar-a-magia-do-natal\\\/#breadcrumb\"},\"inLanguage\":\"pt-BR\",\"potentialAction\":[{\"@type\":\"ReadAction\",\"target\":[\"https:\\\/\\\/folhapopular.info\\\/index.php\\\/2025\\\/12\\\/10\\\/apae-teutonia-reune-mais-de-200-usuarios-familias-e-profissionais-para-celebrar-a-magia-do-natal\\\/\"]}]},{\"@type\":\"ImageObject\",\"inLanguage\":\"pt-BR\",\"@id\":\"https:\\\/\\\/folhapopular.info\\\/index.php\\\/2025\\\/12\\\/10\\\/apae-teutonia-reune-mais-de-200-usuarios-familias-e-profissionais-para-celebrar-a-magia-do-natal\\\/#primaryimage\",\"url\":\"https:\\\/\\\/folhapopular.info\\\/wp-content\\\/uploads\\\/2025\\\/12\\\/Laboratorio-de-Sonhos-finalizou-a-noite-mostrando-a-verdadeira-magia-do-Natal-scaled.jpg\",\"contentUrl\":\"https:\\\/\\\/folhapopular.info\\\/wp-content\\\/uploads\\\/2025\\\/12\\\/Laboratorio-de-Sonhos-finalizou-a-noite-mostrando-a-verdadeira-magia-do-Natal-scaled.jpg\",\"width\":2560,\"height\":1920,\"caption\":\"Laborat\u00f3rio de Sonhos finalizou a noite, mostrando a verdadeira magia do Natal - Cr\u00e9dito: Gabriely Hartmann Mallmann\"},{\"@type\":\"BreadcrumbList\",\"@id\":\"https:\\\/\\\/folhapopular.info\\\/index.php\\\/2025\\\/12\\\/10\\\/apae-teutonia-reune-mais-de-200-usuarios-familias-e-profissionais-para-celebrar-a-magia-do-natal\\\/#breadcrumb\",\"itemListElement\":[{\"@type\":\"ListItem\",\"position\":1,\"name\":\"In\u00edcio\",\"item\":\"https:\\\/\\\/folhapopular.info\\\/\"},{\"@type\":\"ListItem\",\"position\":2,\"name\":\"Apae Teut\u00f4nia re\u00fane mais de 200 usu\u00e1rios, fam\u00edlias e profissionais para celebrar a magia do Natal\"}]},{\"@type\":\"WebSite\",\"@id\":\"https:\\\/\\\/folhapopular.info\\\/#website\",\"url\":\"https:\\\/\\\/folhapopular.info\\\/\",\"name\":\"Folha Popular\",\"description\":\"Onde voc\u00ea tem vez e voz\",\"potentialAction\":[{\"@type\":\"SearchAction\",\"target\":{\"@type\":\"EntryPoint\",\"urlTemplate\":\"https:\\\/\\\/folhapopular.info\\\/?s={search_term_string}\"},\"query-input\":{\"@type\":\"PropertyValueSpecification\",\"valueRequired\":true,\"valueName\":\"search_term_string\"}}],\"inLanguage\":\"pt-BR\"},{\"@type\":\"Person\",\"@id\":\"https:\\\/\\\/folhapopular.info\\\/#\\\/schema\\\/person\\\/41b3bb1ecf6e33e81cbab2c29b178754\",\"name\":\"Gabriely Hartmann Mallmann\",\"image\":{\"@type\":\"ImageObject\",\"inLanguage\":\"pt-BR\",\"@id\":\"https:\\\/\\\/secure.gravatar.com\\\/avatar\\\/92999d30b0cc9bf49e6aa3c07c592bb06855a37dcfbdc7bbe6567a4637e999ce?s=96&d=mm&r=g\",\"url\":\"https:\\\/\\\/secure.gravatar.com\\\/avatar\\\/92999d30b0cc9bf49e6aa3c07c592bb06855a37dcfbdc7bbe6567a4637e999ce?s=96&d=mm&r=g\",\"contentUrl\":\"https:\\\/\\\/secure.gravatar.com\\\/avatar\\\/92999d30b0cc9bf49e6aa3c07c592bb06855a37dcfbdc7bbe6567a4637e999ce?s=96&d=mm&r=g\",\"caption\":\"Gabriely Hartmann Mallmann\"},\"url\":\"https:\\\/\\\/folhapopular.info\\\/index.php\\\/author\\\/gabriely-hartmann-mallmann\\\/\"}]}<\/script>\n<!-- \/ Yoast SEO plugin. -->","yoast_head_json":{"title":"Apae Teut\u00f4nia re\u00fane mais de 200 usu\u00e1rios, fam\u00edlias e profissionais para celebrar a magia do Natal - Folha Popular","robots":{"index":"index","follow":"follow","max-snippet":"max-snippet:-1","max-image-preview":"max-image-preview:large","max-video-preview":"max-video-preview:-1"},"canonical":"https:\/\/folhapopular.info\/index.php\/2025\/12\/10\/apae-teutonia-reune-mais-de-200-usuarios-familias-e-profissionais-para-celebrar-a-magia-do-natal\/","og_locale":"pt_BR","og_type":"article","og_title":"Apae Teut\u00f4nia re\u00fane mais de 200 usu\u00e1rios, fam\u00edlias e profissionais para celebrar a magia do Natal - Folha Popular","og_description":"\u00c0 espera do Papai Noel, crian\u00e7as e fam\u00edlias usu\u00e1rias da Associa\u00e7\u00e3o de Pais e Amigos dos Excepcionais (Apae) de Teut\u00f4nia se reuniram na sexta-feira (5\/12) para celebrar a Festa de Natal da institui\u00e7\u00e3o. Realizado no Gin\u00e1sio da Comunidade Cat\u00f3lica Cristo Rei, no Bairro Languiru, o evento teve apresenta\u00e7\u00f5es tem\u00e1ticas, com usu\u00e1rios de diversas idades. Ana [&hellip;]","og_url":"https:\/\/folhapopular.info\/index.php\/2025\/12\/10\/apae-teutonia-reune-mais-de-200-usuarios-familias-e-profissionais-para-celebrar-a-magia-do-natal\/","og_site_name":"Folha Popular","article_published_time":"2025-12-10T19:00:00+00:00","og_image":[{"width":2560,"height":1920,"url":"https:\/\/folhapopular.info\/wp-content\/uploads\/2025\/12\/Laboratorio-de-Sonhos-finalizou-a-noite-mostrando-a-verdadeira-magia-do-Natal-scaled.jpg","type":"image\/jpeg"}],"author":"Gabriely Hartmann Mallmann","twitter_card":"summary_large_image","twitter_misc":{"Escrito por":"Gabriely Hartmann Mallmann","Est. tempo de leitura":"3 minutos"},"schema":{"@context":"https:\/\/schema.org","@graph":[{"@type":"Article","@id":"https:\/\/folhapopular.info\/index.php\/2025\/12\/10\/apae-teutonia-reune-mais-de-200-usuarios-familias-e-profissionais-para-celebrar-a-magia-do-natal\/#article","isPartOf":{"@id":"https:\/\/folhapopular.info\/index.php\/2025\/12\/10\/apae-teutonia-reune-mais-de-200-usuarios-familias-e-profissionais-para-celebrar-a-magia-do-natal\/"},"author":{"name":"Gabriely Hartmann Mallmann","@id":"https:\/\/folhapopular.info\/#\/schema\/person\/41b3bb1ecf6e33e81cbab2c29b178754"},"headline":"Apae Teut\u00f4nia re\u00fane mais de 200 usu\u00e1rios, fam\u00edlias e profissionais para celebrar a magia do Natal","datePublished":"2025-12-10T19:00:00+00:00","mainEntityOfPage":{"@id":"https:\/\/folhapopular.info\/index.php\/2025\/12\/10\/apae-teutonia-reune-mais-de-200-usuarios-familias-e-profissionais-para-celebrar-a-magia-do-natal\/"},"wordCount":393,"commentCount":0,"image":{"@id":"https:\/\/folhapopular.info\/index.php\/2025\/12\/10\/apae-teutonia-reune-mais-de-200-usuarios-familias-e-profissionais-para-celebrar-a-magia-do-natal\/#primaryimage"},"thumbnailUrl":"https:\/\/folhapopular.info\/wp-content\/uploads\/2025\/12\/Laboratorio-de-Sonhos-finalizou-a-noite-mostrando-a-verdadeira-magia-do-Natal-scaled.jpg","keywords":["Apae","Apae Teu\u00f4nia","Teut\u00f4nia"],"articleSection":["Inclusive"],"inLanguage":"pt-BR","potentialAction":[{"@type":"CommentAction","name":"Comment","target":["https:\/\/folhapopular.info\/index.php\/2025\/12\/10\/apae-teutonia-reune-mais-de-200-usuarios-familias-e-profissionais-para-celebrar-a-magia-do-natal\/#respond"]}]},{"@type":"WebPage","@id":"https:\/\/folhapopular.info\/index.php\/2025\/12\/10\/apae-teutonia-reune-mais-de-200-usuarios-familias-e-profissionais-para-celebrar-a-magia-do-natal\/","url":"https:\/\/folhapopular.info\/index.php\/2025\/12\/10\/apae-teutonia-reune-mais-de-200-usuarios-familias-e-profissionais-para-celebrar-a-magia-do-natal\/","name":"Apae Teut\u00f4nia re\u00fane mais de 200 usu\u00e1rios, fam\u00edlias e profissionais para celebrar a magia do Natal - Folha Popular","isPartOf":{"@id":"https:\/\/folhapopular.info\/#website"},"primaryImageOfPage":{"@id":"https:\/\/folhapopular.info\/index.php\/2025\/12\/10\/apae-teutonia-reune-mais-de-200-usuarios-familias-e-profissionais-para-celebrar-a-magia-do-natal\/#primaryimage"},"image":{"@id":"https:\/\/folhapopular.info\/index.php\/2025\/12\/10\/apae-teutonia-reune-mais-de-200-usuarios-familias-e-profissionais-para-celebrar-a-magia-do-natal\/#primaryimage"},"thumbnailUrl":"https:\/\/folhapopular.info\/wp-content\/uploads\/2025\/12\/Laboratorio-de-Sonhos-finalizou-a-noite-mostrando-a-verdadeira-magia-do-Natal-scaled.jpg","datePublished":"2025-12-10T19:00:00+00:00","author":{"@id":"https:\/\/folhapopular.info\/#\/schema\/person\/41b3bb1ecf6e33e81cbab2c29b178754"},"breadcrumb":{"@id":"https:\/\/folhapopular.info\/index.php\/2025\/12\/10\/apae-teutonia-reune-mais-de-200-usuarios-familias-e-profissionais-para-celebrar-a-magia-do-natal\/#breadcrumb"},"inLanguage":"pt-BR","potentialAction":[{"@type":"ReadAction","target":["https:\/\/folhapopular.info\/index.php\/2025\/12\/10\/apae-teutonia-reune-mais-de-200-usuarios-familias-e-profissionais-para-celebrar-a-magia-do-natal\/"]}]},{"@type":"ImageObject","inLanguage":"pt-BR","@id":"https:\/\/folhapopular.info\/index.php\/2025\/12\/10\/apae-teutonia-reune-mais-de-200-usuarios-familias-e-profissionais-para-celebrar-a-magia-do-natal\/#primaryimage","url":"https:\/\/folhapopular.info\/wp-content\/uploads\/2025\/12\/Laboratorio-de-Sonhos-finalizou-a-noite-mostrando-a-verdadeira-magia-do-Natal-scaled.jpg","contentUrl":"https:\/\/folhapopular.info\/wp-content\/uploads\/2025\/12\/Laboratorio-de-Sonhos-finalizou-a-noite-mostrando-a-verdadeira-magia-do-Natal-scaled.jpg","width":2560,"height":1920,"caption":"Laborat\u00f3rio de Sonhos finalizou a noite, mostrando a verdadeira magia do Natal - Cr\u00e9dito: Gabriely Hartmann Mallmann"},{"@type":"BreadcrumbList","@id":"https:\/\/folhapopular.info\/index.php\/2025\/12\/10\/apae-teutonia-reune-mais-de-200-usuarios-familias-e-profissionais-para-celebrar-a-magia-do-natal\/#breadcrumb","itemListElement":[{"@type":"ListItem","position":1,"name":"In\u00edcio","item":"https:\/\/folhapopular.info\/"},{"@type":"ListItem","position":2,"name":"Apae Teut\u00f4nia re\u00fane mais de 200 usu\u00e1rios, fam\u00edlias e profissionais para celebrar a magia do Natal"}]},{"@type":"WebSite","@id":"https:\/\/folhapopular.info\/#website","url":"https:\/\/folhapopular.info\/","name":"Folha Popular","description":"Onde voc\u00ea tem vez e voz","potentialAction":[{"@type":"SearchAction","target":{"@type":"EntryPoint","urlTemplate":"https:\/\/folhapopular.info\/?s={search_term_string}"},"query-input":{"@type":"PropertyValueSpecification","valueRequired":true,"valueName":"search_term_string"}}],"inLanguage":"pt-BR"},{"@type":"Person","@id":"https:\/\/folhapopular.info\/#\/schema\/person\/41b3bb1ecf6e33e81cbab2c29b178754","name":"Gabriely Hartmann Mallmann","image":{"@type":"ImageObject","inLanguage":"pt-BR","@id":"https:\/\/secure.gravatar.com\/avatar\/92999d30b0cc9bf49e6aa3c07c592bb06855a37dcfbdc7bbe6567a4637e999ce?s=96&d=mm&r=g","url":"https:\/\/secure.gravatar.com\/avatar\/92999d30b0cc9bf49e6aa3c07c592bb06855a37dcfbdc7bbe6567a4637e999ce?s=96&d=mm&r=g","contentUrl":"https:\/\/secure.gravatar.com\/avatar\/92999d30b0cc9bf49e6aa3c07c592bb06855a37dcfbdc7bbe6567a4637e999ce?s=96&d=mm&r=g","caption":"Gabriely Hartmann Mallmann"},"url":"https:\/\/folhapopular.info\/index.php\/author\/gabriely-hartmann-mallmann\/"}]}},"jetpack_featured_media_url":"https:\/\/folhapopular.info\/wp-content\/uploads\/2025\/12\/Laboratorio-de-Sonhos-finalizou-a-noite-mostrando-a-verdadeira-magia-do-Natal-scaled.jpg","jetpack_sharing_enabled":true,"amp_enabled":true,"_links":{"self":[{"href":"https:\/\/folhapopular.info\/index.php\/wp-json\/wp\/v2\/posts\/200083","targetHints":{"allow":["GET"]}}],"collection":[{"href":"https:\/\/folhapopular.info\/index.php\/wp-json\/wp\/v2\/posts"}],"about":[{"href":"https:\/\/folhapopular.info\/index.php\/wp-json\/wp\/v2\/types\/post"}],"author":[{"embeddable":true,"href":"https:\/\/folhapopular.info\/index.php\/wp-json\/wp\/v2\/users\/773"}],"replies":[{"embeddable":true,"href":"https:\/\/folhapopular.info\/index.php\/wp-json\/wp\/v2\/comments?post=200083"}],"version-history":[{"count":0,"href":"https:\/\/folhapopular.info\/index.php\/wp-json\/wp\/v2\/posts\/200083\/revisions"}],"wp:featuredmedia":[{"embeddable":true,"href":"https:\/\/folhapopular.info\/index.php\/wp-json\/wp\/v2\/media\/200085"}],"wp:attachment":[{"href":"https:\/\/folhapopular.info\/index.php\/wp-json\/wp\/v2\/media?parent=200083"}],"wp:term":[{"taxonomy":"category","embeddable":true,"href":"https:\/\/folhapopular.info\/index.php\/wp-json\/wp\/v2\/categories?post=200083"},{"taxonomy":"post_tag","embeddable":true,"href":"https:\/\/folhapopular.info\/index.php\/wp-json\/wp\/v2\/tags?post=200083"}],"curies":[{"name":"wp","href":"https:\/\/api.w.org\/{rel}","templated":true}]}}