{"id":200089,"date":"2025-12-09T22:15:43","date_gmt":"2025-12-10T01:15:43","guid":{"rendered":"https:\/\/folhapopular.info\/?p=200089"},"modified":"2025-12-09T22:15:46","modified_gmt":"2025-12-10T01:15:46","slug":"bm-prende-homem-por-furto-de-200-metros-de-cabos-em-venancio-aires","status":"publish","type":"post","link":"https:\/\/folhapopular.info\/index.php\/2025\/12\/09\/bm-prende-homem-por-furto-de-200-metros-de-cabos-em-venancio-aires\/","title":{"rendered":"BM prende homem por furto de 200 metros de cabos em Ven\u00e2ncio Aires"},"content":{"rendered":"\n<p>A Brigada Militar prendeu, na manh\u00e3 desta ter\u00e7a-feira (9\/12), um homem suspeito de furtar cabos de energia em Ven\u00e2ncio Aires. A a\u00e7\u00e3o ocorreu ap\u00f3s moradores denunciarem que um indiv\u00edduo estaria cortando fios instalados em postes, utilizando uma faca.<\/p>\n\n\n\n<p>Ao chegarem ao local informado, os policiais localizaram o suspeito pr\u00f3ximo a cabos que j\u00e1 haviam sido seccionados. Quando percebeu a aproxima\u00e7\u00e3o da viatura, o homem tentou fugir, mas foi alcan\u00e7ado e detido pela guarni\u00e7\u00e3o. Durante a revista, os policiais encontraram uma faca que teria sido usada na pr\u00e1tica do crime.<\/p>\n\n\n\n<p>Cerca de 200 metros de cabos j\u00e1 haviam sido retirados e foram apreendidos. O suspeito recebeu voz de pris\u00e3o e foi conduzido \u00e0 Delegacia de Pol\u00edcia para os procedimentos legais.<\/p>\n","protected":false},"excerpt":{"rendered":"<p>A Brigada Militar prendeu, na manh\u00e3 desta ter\u00e7a-feira (9\/12), um homem suspeito de furtar cabos de energia em Ven\u00e2ncio Aires. A a\u00e7\u00e3o ocorreu ap\u00f3s moradores denunciarem que um indiv\u00edduo estaria cortando fios instalados em postes, utilizando uma faca. Ao chegarem ao local informado, os policiais localizaram o suspeito pr\u00f3ximo a cabos que j\u00e1 haviam sido [&hellip;]<\/p>\n","protected":false},"author":8,"featured_media":200090,"comment_status":"open","ping_status":"open","sticky":false,"template":"","format":"standard","meta":{"pmpro_default_level":"","_jetpack_memberships_contains_paid_content":false,"footnotes":""},"categories":[10982,7],"tags":[8230,71,107,708],"class_list":{"0":"post-200089","1":"post","2":"type-post","3":"status-publish","4":"format-standard","5":"has-post-thumbnail","7":"category-policia","8":"category-seguranca","9":"tag-cabos","10":"tag-furto","11":"tag-prisao","12":"tag-venancio-aires","13":"pmpro-has-access"},"yoast_head":"<!-- This site is optimized with the Yoast SEO plugin v27.5 - https:\/\/yoast.com\/product\/yoast-seo-wordpress\/ -->\n<title>BM prende homem por furto de 200 metros de cabos em Ven\u00e2ncio Aires - Folha Popular<\/title>\n<meta name=\"robots\" content=\"index, follow, max-snippet:-1, max-image-preview:large, max-video-preview:-1\" \/>\n<link rel=\"canonical\" href=\"https:\/\/folhapopular.info\/index.php\/2025\/12\/09\/bm-prende-homem-por-furto-de-200-metros-de-cabos-em-venancio-aires\/\" \/>\n<meta property=\"og:locale\" content=\"pt_BR\" \/>\n<meta property=\"og:type\" content=\"article\" \/>\n<meta property=\"og:title\" content=\"BM prende homem por furto de 200 metros de cabos em Ven\u00e2ncio Aires - Folha Popular\" \/>\n<meta property=\"og:description\" content=\"A Brigada Militar prendeu, na manh\u00e3 desta ter\u00e7a-feira (9\/12), um homem suspeito de furtar cabos de energia em Ven\u00e2ncio Aires. A a\u00e7\u00e3o ocorreu ap\u00f3s moradores denunciarem que um indiv\u00edduo estaria cortando fios instalados em postes, utilizando uma faca. Ao chegarem ao local informado, os policiais localizaram o suspeito pr\u00f3ximo a cabos que j\u00e1 haviam sido [&hellip;]\" \/>\n<meta property=\"og:url\" content=\"https:\/\/folhapopular.info\/index.php\/2025\/12\/09\/bm-prende-homem-por-furto-de-200-metros-de-cabos-em-venancio-aires\/\" \/>\n<meta property=\"og:site_name\" content=\"Folha Popular\" \/>\n<meta property=\"article:published_time\" content=\"2025-12-10T01:15:43+00:00\" \/>\n<meta property=\"article:modified_time\" content=\"2025-12-10T01:15:46+00:00\" \/>\n<meta property=\"og:image\" content=\"http:\/\/folhapopular.info\/wp-content\/uploads\/2025\/12\/WhatsApp-Image-2025-12-09-at-22.13.44.jpeg\" \/>\n\t<meta property=\"og:image:width\" content=\"1087\" \/>\n\t<meta property=\"og:image:height\" content=\"749\" \/>\n\t<meta property=\"og:image:type\" content=\"image\/jpeg\" \/>\n<meta name=\"author\" content=\"Reda\u00e7\u00e3o Folha Popular\" \/>\n<meta name=\"twitter:card\" content=\"summary_large_image\" \/>\n<meta name=\"twitter:label1\" content=\"Escrito por\" \/>\n\t<meta name=\"twitter:data1\" content=\"Reda\u00e7\u00e3o Folha Popular\" \/>\n\t<meta name=\"twitter:label2\" content=\"Est. tempo de leitura\" \/>\n\t<meta name=\"twitter:data2\" content=\"1 minuto\" \/>\n<script type=\"application\/ld+json\" class=\"yoast-schema-graph\">{\"@context\":\"https:\\\/\\\/schema.org\",\"@graph\":[{\"@type\":\"Article\",\"@id\":\"https:\\\/\\\/folhapopular.info\\\/index.php\\\/2025\\\/12\\\/09\\\/bm-prende-homem-por-furto-de-200-metros-de-cabos-em-venancio-aires\\\/#article\",\"isPartOf\":{\"@id\":\"https:\\\/\\\/folhapopular.info\\\/index.php\\\/2025\\\/12\\\/09\\\/bm-prende-homem-por-furto-de-200-metros-de-cabos-em-venancio-aires\\\/\"},\"author\":{\"name\":\"Reda\u00e7\u00e3o Folha Popular\",\"@id\":\"https:\\\/\\\/folhapopular.info\\\/#\\\/schema\\\/person\\\/2814e8a0df7643585a9ca38bc6eb9d4b\"},\"headline\":\"BM prende homem por furto de 200 metros de cabos em Ven\u00e2ncio Aires\",\"datePublished\":\"2025-12-10T01:15:43+00:00\",\"dateModified\":\"2025-12-10T01:15:46+00:00\",\"mainEntityOfPage\":{\"@id\":\"https:\\\/\\\/folhapopular.info\\\/index.php\\\/2025\\\/12\\\/09\\\/bm-prende-homem-por-furto-de-200-metros-de-cabos-em-venancio-aires\\\/\"},\"wordCount\":141,\"commentCount\":0,\"image\":{\"@id\":\"https:\\\/\\\/folhapopular.info\\\/index.php\\\/2025\\\/12\\\/09\\\/bm-prende-homem-por-furto-de-200-metros-de-cabos-em-venancio-aires\\\/#primaryimage\"},\"thumbnailUrl\":\"https:\\\/\\\/folhapopular.info\\\/wp-content\\\/uploads\\\/2025\\\/12\\\/WhatsApp-Image-2025-12-09-at-22.13.44.jpeg\",\"keywords\":[\"cabos\",\"furto\",\"Pris\u00e3o\",\"Ven\u00e2ncio Aires\"],\"articleSection\":[\"Pol\u00edcia\",\"Seguran\u00e7a\"],\"inLanguage\":\"pt-BR\",\"potentialAction\":[{\"@type\":\"CommentAction\",\"name\":\"Comment\",\"target\":[\"https:\\\/\\\/folhapopular.info\\\/index.php\\\/2025\\\/12\\\/09\\\/bm-prende-homem-por-furto-de-200-metros-de-cabos-em-venancio-aires\\\/#respond\"]}]},{\"@type\":\"WebPage\",\"@id\":\"https:\\\/\\\/folhapopular.info\\\/index.php\\\/2025\\\/12\\\/09\\\/bm-prende-homem-por-furto-de-200-metros-de-cabos-em-venancio-aires\\\/\",\"url\":\"https:\\\/\\\/folhapopular.info\\\/index.php\\\/2025\\\/12\\\/09\\\/bm-prende-homem-por-furto-de-200-metros-de-cabos-em-venancio-aires\\\/\",\"name\":\"BM prende homem por furto de 200 metros de cabos em Ven\u00e2ncio Aires - Folha Popular\",\"isPartOf\":{\"@id\":\"https:\\\/\\\/folhapopular.info\\\/#website\"},\"primaryImageOfPage\":{\"@id\":\"https:\\\/\\\/folhapopular.info\\\/index.php\\\/2025\\\/12\\\/09\\\/bm-prende-homem-por-furto-de-200-metros-de-cabos-em-venancio-aires\\\/#primaryimage\"},\"image\":{\"@id\":\"https:\\\/\\\/folhapopular.info\\\/index.php\\\/2025\\\/12\\\/09\\\/bm-prende-homem-por-furto-de-200-metros-de-cabos-em-venancio-aires\\\/#primaryimage\"},\"thumbnailUrl\":\"https:\\\/\\\/folhapopular.info\\\/wp-content\\\/uploads\\\/2025\\\/12\\\/WhatsApp-Image-2025-12-09-at-22.13.44.jpeg\",\"datePublished\":\"2025-12-10T01:15:43+00:00\",\"dateModified\":\"2025-12-10T01:15:46+00:00\",\"author\":{\"@id\":\"https:\\\/\\\/folhapopular.info\\\/#\\\/schema\\\/person\\\/2814e8a0df7643585a9ca38bc6eb9d4b\"},\"breadcrumb\":{\"@id\":\"https:\\\/\\\/folhapopular.info\\\/index.php\\\/2025\\\/12\\\/09\\\/bm-prende-homem-por-furto-de-200-metros-de-cabos-em-venancio-aires\\\/#breadcrumb\"},\"inLanguage\":\"pt-BR\",\"potentialAction\":[{\"@type\":\"ReadAction\",\"target\":[\"https:\\\/\\\/folhapopular.info\\\/index.php\\\/2025\\\/12\\\/09\\\/bm-prende-homem-por-furto-de-200-metros-de-cabos-em-venancio-aires\\\/\"]}]},{\"@type\":\"ImageObject\",\"inLanguage\":\"pt-BR\",\"@id\":\"https:\\\/\\\/folhapopular.info\\\/index.php\\\/2025\\\/12\\\/09\\\/bm-prende-homem-por-furto-de-200-metros-de-cabos-em-venancio-aires\\\/#primaryimage\",\"url\":\"https:\\\/\\\/folhapopular.info\\\/wp-content\\\/uploads\\\/2025\\\/12\\\/WhatsApp-Image-2025-12-09-at-22.13.44.jpeg\",\"contentUrl\":\"https:\\\/\\\/folhapopular.info\\\/wp-content\\\/uploads\\\/2025\\\/12\\\/WhatsApp-Image-2025-12-09-at-22.13.44.jpeg\",\"width\":1087,\"height\":749},{\"@type\":\"BreadcrumbList\",\"@id\":\"https:\\\/\\\/folhapopular.info\\\/index.php\\\/2025\\\/12\\\/09\\\/bm-prende-homem-por-furto-de-200-metros-de-cabos-em-venancio-aires\\\/#breadcrumb\",\"itemListElement\":[{\"@type\":\"ListItem\",\"position\":1,\"name\":\"In\u00edcio\",\"item\":\"https:\\\/\\\/folhapopular.info\\\/\"},{\"@type\":\"ListItem\",\"position\":2,\"name\":\"BM prende homem por furto de 200 metros de cabos em Ven\u00e2ncio Aires\"}]},{\"@type\":\"WebSite\",\"@id\":\"https:\\\/\\\/folhapopular.info\\\/#website\",\"url\":\"https:\\\/\\\/folhapopular.info\\\/\",\"name\":\"Folha Popular\",\"description\":\"Onde voc\u00ea tem vez e voz\",\"potentialAction\":[{\"@type\":\"SearchAction\",\"target\":{\"@type\":\"EntryPoint\",\"urlTemplate\":\"https:\\\/\\\/folhapopular.info\\\/?s={search_term_string}\"},\"query-input\":{\"@type\":\"PropertyValueSpecification\",\"valueRequired\":true,\"valueName\":\"search_term_string\"}}],\"inLanguage\":\"pt-BR\"},{\"@type\":\"Person\",\"@id\":\"https:\\\/\\\/folhapopular.info\\\/#\\\/schema\\\/person\\\/2814e8a0df7643585a9ca38bc6eb9d4b\",\"name\":\"Reda\u00e7\u00e3o Folha Popular\",\"image\":{\"@type\":\"ImageObject\",\"inLanguage\":\"pt-BR\",\"@id\":\"https:\\\/\\\/folhapopular.info\\\/wp-content\\\/uploads\\\/2026\\\/04\\\/Folha-1.webp\",\"url\":\"https:\\\/\\\/folhapopular.info\\\/wp-content\\\/uploads\\\/2026\\\/04\\\/Folha-1.webp\",\"contentUrl\":\"https:\\\/\\\/folhapopular.info\\\/wp-content\\\/uploads\\\/2026\\\/04\\\/Folha-1.webp\",\"caption\":\"Reda\u00e7\u00e3o Folha Popular\"},\"url\":\"https:\\\/\\\/folhapopular.info\\\/index.php\\\/author\\\/redacao\\\/\"}]}<\/script>\n<!-- \/ Yoast SEO plugin. -->","yoast_head_json":{"title":"BM prende homem por furto de 200 metros de cabos em Ven\u00e2ncio Aires - Folha Popular","robots":{"index":"index","follow":"follow","max-snippet":"max-snippet:-1","max-image-preview":"max-image-preview:large","max-video-preview":"max-video-preview:-1"},"canonical":"https:\/\/folhapopular.info\/index.php\/2025\/12\/09\/bm-prende-homem-por-furto-de-200-metros-de-cabos-em-venancio-aires\/","og_locale":"pt_BR","og_type":"article","og_title":"BM prende homem por furto de 200 metros de cabos em Ven\u00e2ncio Aires - Folha Popular","og_description":"A Brigada Militar prendeu, na manh\u00e3 desta ter\u00e7a-feira (9\/12), um homem suspeito de furtar cabos de energia em Ven\u00e2ncio Aires. A a\u00e7\u00e3o ocorreu ap\u00f3s moradores denunciarem que um indiv\u00edduo estaria cortando fios instalados em postes, utilizando uma faca. Ao chegarem ao local informado, os policiais localizaram o suspeito pr\u00f3ximo a cabos que j\u00e1 haviam sido [&hellip;]","og_url":"https:\/\/folhapopular.info\/index.php\/2025\/12\/09\/bm-prende-homem-por-furto-de-200-metros-de-cabos-em-venancio-aires\/","og_site_name":"Folha Popular","article_published_time":"2025-12-10T01:15:43+00:00","article_modified_time":"2025-12-10T01:15:46+00:00","og_image":[{"width":1087,"height":749,"url":"http:\/\/folhapopular.info\/wp-content\/uploads\/2025\/12\/WhatsApp-Image-2025-12-09-at-22.13.44.jpeg","type":"image\/jpeg"}],"author":"Reda\u00e7\u00e3o Folha Popular","twitter_card":"summary_large_image","twitter_misc":{"Escrito por":"Reda\u00e7\u00e3o Folha Popular","Est. tempo de leitura":"1 minuto"},"schema":{"@context":"https:\/\/schema.org","@graph":[{"@type":"Article","@id":"https:\/\/folhapopular.info\/index.php\/2025\/12\/09\/bm-prende-homem-por-furto-de-200-metros-de-cabos-em-venancio-aires\/#article","isPartOf":{"@id":"https:\/\/folhapopular.info\/index.php\/2025\/12\/09\/bm-prende-homem-por-furto-de-200-metros-de-cabos-em-venancio-aires\/"},"author":{"name":"Reda\u00e7\u00e3o Folha Popular","@id":"https:\/\/folhapopular.info\/#\/schema\/person\/2814e8a0df7643585a9ca38bc6eb9d4b"},"headline":"BM prende homem por furto de 200 metros de cabos em Ven\u00e2ncio Aires","datePublished":"2025-12-10T01:15:43+00:00","dateModified":"2025-12-10T01:15:46+00:00","mainEntityOfPage":{"@id":"https:\/\/folhapopular.info\/index.php\/2025\/12\/09\/bm-prende-homem-por-furto-de-200-metros-de-cabos-em-venancio-aires\/"},"wordCount":141,"commentCount":0,"image":{"@id":"https:\/\/folhapopular.info\/index.php\/2025\/12\/09\/bm-prende-homem-por-furto-de-200-metros-de-cabos-em-venancio-aires\/#primaryimage"},"thumbnailUrl":"https:\/\/folhapopular.info\/wp-content\/uploads\/2025\/12\/WhatsApp-Image-2025-12-09-at-22.13.44.jpeg","keywords":["cabos","furto","Pris\u00e3o","Ven\u00e2ncio Aires"],"articleSection":["Pol\u00edcia","Seguran\u00e7a"],"inLanguage":"pt-BR","potentialAction":[{"@type":"CommentAction","name":"Comment","target":["https:\/\/folhapopular.info\/index.php\/2025\/12\/09\/bm-prende-homem-por-furto-de-200-metros-de-cabos-em-venancio-aires\/#respond"]}]},{"@type":"WebPage","@id":"https:\/\/folhapopular.info\/index.php\/2025\/12\/09\/bm-prende-homem-por-furto-de-200-metros-de-cabos-em-venancio-aires\/","url":"https:\/\/folhapopular.info\/index.php\/2025\/12\/09\/bm-prende-homem-por-furto-de-200-metros-de-cabos-em-venancio-aires\/","name":"BM prende homem por furto de 200 metros de cabos em Ven\u00e2ncio Aires - Folha Popular","isPartOf":{"@id":"https:\/\/folhapopular.info\/#website"},"primaryImageOfPage":{"@id":"https:\/\/folhapopular.info\/index.php\/2025\/12\/09\/bm-prende-homem-por-furto-de-200-metros-de-cabos-em-venancio-aires\/#primaryimage"},"image":{"@id":"https:\/\/folhapopular.info\/index.php\/2025\/12\/09\/bm-prende-homem-por-furto-de-200-metros-de-cabos-em-venancio-aires\/#primaryimage"},"thumbnailUrl":"https:\/\/folhapopular.info\/wp-content\/uploads\/2025\/12\/WhatsApp-Image-2025-12-09-at-22.13.44.jpeg","datePublished":"2025-12-10T01:15:43+00:00","dateModified":"2025-12-10T01:15:46+00:00","author":{"@id":"https:\/\/folhapopular.info\/#\/schema\/person\/2814e8a0df7643585a9ca38bc6eb9d4b"},"breadcrumb":{"@id":"https:\/\/folhapopular.info\/index.php\/2025\/12\/09\/bm-prende-homem-por-furto-de-200-metros-de-cabos-em-venancio-aires\/#breadcrumb"},"inLanguage":"pt-BR","potentialAction":[{"@type":"ReadAction","target":["https:\/\/folhapopular.info\/index.php\/2025\/12\/09\/bm-prende-homem-por-furto-de-200-metros-de-cabos-em-venancio-aires\/"]}]},{"@type":"ImageObject","inLanguage":"pt-BR","@id":"https:\/\/folhapopular.info\/index.php\/2025\/12\/09\/bm-prende-homem-por-furto-de-200-metros-de-cabos-em-venancio-aires\/#primaryimage","url":"https:\/\/folhapopular.info\/wp-content\/uploads\/2025\/12\/WhatsApp-Image-2025-12-09-at-22.13.44.jpeg","contentUrl":"https:\/\/folhapopular.info\/wp-content\/uploads\/2025\/12\/WhatsApp-Image-2025-12-09-at-22.13.44.jpeg","width":1087,"height":749},{"@type":"BreadcrumbList","@id":"https:\/\/folhapopular.info\/index.php\/2025\/12\/09\/bm-prende-homem-por-furto-de-200-metros-de-cabos-em-venancio-aires\/#breadcrumb","itemListElement":[{"@type":"ListItem","position":1,"name":"In\u00edcio","item":"https:\/\/folhapopular.info\/"},{"@type":"ListItem","position":2,"name":"BM prende homem por furto de 200 metros de cabos em Ven\u00e2ncio Aires"}]},{"@type":"WebSite","@id":"https:\/\/folhapopular.info\/#website","url":"https:\/\/folhapopular.info\/","name":"Folha Popular","description":"Onde voc\u00ea tem vez e voz","potentialAction":[{"@type":"SearchAction","target":{"@type":"EntryPoint","urlTemplate":"https:\/\/folhapopular.info\/?s={search_term_string}"},"query-input":{"@type":"PropertyValueSpecification","valueRequired":true,"valueName":"search_term_string"}}],"inLanguage":"pt-BR"},{"@type":"Person","@id":"https:\/\/folhapopular.info\/#\/schema\/person\/2814e8a0df7643585a9ca38bc6eb9d4b","name":"Reda\u00e7\u00e3o Folha Popular","image":{"@type":"ImageObject","inLanguage":"pt-BR","@id":"https:\/\/folhapopular.info\/wp-content\/uploads\/2026\/04\/Folha-1.webp","url":"https:\/\/folhapopular.info\/wp-content\/uploads\/2026\/04\/Folha-1.webp","contentUrl":"https:\/\/folhapopular.info\/wp-content\/uploads\/2026\/04\/Folha-1.webp","caption":"Reda\u00e7\u00e3o Folha Popular"},"url":"https:\/\/folhapopular.info\/index.php\/author\/redacao\/"}]}},"jetpack_featured_media_url":"https:\/\/folhapopular.info\/wp-content\/uploads\/2025\/12\/WhatsApp-Image-2025-12-09-at-22.13.44.jpeg","jetpack_sharing_enabled":true,"amp_enabled":true,"_links":{"self":[{"href":"https:\/\/folhapopular.info\/index.php\/wp-json\/wp\/v2\/posts\/200089","targetHints":{"allow":["GET"]}}],"collection":[{"href":"https:\/\/folhapopular.info\/index.php\/wp-json\/wp\/v2\/posts"}],"about":[{"href":"https:\/\/folhapopular.info\/index.php\/wp-json\/wp\/v2\/types\/post"}],"author":[{"embeddable":true,"href":"https:\/\/folhapopular.info\/index.php\/wp-json\/wp\/v2\/users\/8"}],"replies":[{"embeddable":true,"href":"https:\/\/folhapopular.info\/index.php\/wp-json\/wp\/v2\/comments?post=200089"}],"version-history":[{"count":0,"href":"https:\/\/folhapopular.info\/index.php\/wp-json\/wp\/v2\/posts\/200089\/revisions"}],"wp:featuredmedia":[{"embeddable":true,"href":"https:\/\/folhapopular.info\/index.php\/wp-json\/wp\/v2\/media\/200090"}],"wp:attachment":[{"href":"https:\/\/folhapopular.info\/index.php\/wp-json\/wp\/v2\/media?parent=200089"}],"wp:term":[{"taxonomy":"category","embeddable":true,"href":"https:\/\/folhapopular.info\/index.php\/wp-json\/wp\/v2\/categories?post=200089"},{"taxonomy":"post_tag","embeddable":true,"href":"https:\/\/folhapopular.info\/index.php\/wp-json\/wp\/v2\/tags?post=200089"}],"curies":[{"name":"wp","href":"https:\/\/api.w.org\/{rel}","templated":true}]}}