{"id":200209,"date":"2025-12-11T11:00:00","date_gmt":"2025-12-11T14:00:00","guid":{"rendered":"https:\/\/folhapopular.info\/?p=200209"},"modified":"2025-12-11T08:57:20","modified_gmt":"2025-12-11T11:57:20","slug":"administracao-municipal-de-imigrante-inicia-a-2a-pesquisa-de-opiniao-publica","status":"publish","type":"post","link":"https:\/\/folhapopular.info\/index.php\/2025\/12\/11\/administracao-municipal-de-imigrante-inicia-a-2a-pesquisa-de-opiniao-publica\/","title":{"rendered":"Administra\u00e7\u00e3o Municipal de Imigrante inicia a 2\u00aa Pesquisa de Opini\u00e3o P\u00fablica"},"content":{"rendered":"\n<p>A Administra\u00e7\u00e3o Municipal de Imigrante inicia a segunda etapa da Pesquisa de Opini\u00e3o P\u00fablica a partir desta quinta-feira (11\/12), dando sequ\u00eancia ao levantamento realizado no primeiro semestre. A coleta ser\u00e1 conduzida pela equipe do Instituto de Estudos e Pesquisas Inova\u00e7\u00e3o, que possui mais de duas d\u00e9cadas de experi\u00eancia e tamb\u00e9m executou a primeira pesquisa de 2025.<\/p>\n\n\n\n<p>Os pesquisadores percorrer\u00e3o diferentes pontos do munic\u00edpio para ouvir a popula\u00e7\u00e3o. A participa\u00e7\u00e3o \u00e9 totalmente sigilosa, sem qualquer identifica\u00e7\u00e3o dos entrevistados, para que cada morador possa contribuir livremente com sugest\u00f5es, cr\u00edticas e elogios.<\/p>\n\n\n\n<p>Queremos que cada cidad\u00e3o se sinta \u00e0 vontade para participar, trazendo sua ideia, sua cr\u00edtica ou seu elogio. Essa escuta \u00e9 fundamental para darmos sequ\u00eancia ao nosso trabalho. Muitas sugest\u00f5es da pesquisa anterior j\u00e1 foram aplicadas, e queremos seguir corrigindo nossos erros e tornando nossas a\u00e7\u00f5es cada vez mais assertivas com a colabora\u00e7\u00e3o da comunidade\u201d, destacou o prefeito Germano Stevens. <br><\/p>\n","protected":false},"excerpt":{"rendered":"<p>A Administra\u00e7\u00e3o Municipal de Imigrante inicia a segunda etapa da Pesquisa de Opini\u00e3o P\u00fablica a partir desta quinta-feira (11\/12), dando sequ\u00eancia ao levantamento realizado no primeiro semestre. A coleta ser\u00e1 conduzida pela equipe do Instituto de Estudos e Pesquisas Inova\u00e7\u00e3o, que possui mais de duas d\u00e9cadas de experi\u00eancia e tamb\u00e9m executou a primeira pesquisa de [&hellip;]<\/p>\n","protected":false},"author":8,"featured_media":195445,"comment_status":"open","ping_status":"open","sticky":false,"template":"","format":"standard","meta":{"pmpro_default_level":"","_jetpack_memberships_contains_paid_content":false,"footnotes":""},"categories":[2,3,11091],"tags":[34,20189,1595],"class_list":{"0":"post-200209","1":"post","2":"type-post","3":"status-publish","4":"format-standard","5":"has-post-thumbnail","7":"category-featured","8":"category-geral","9":"category-servicos","10":"tag-imigrante","11":"tag-opiniao-publica","12":"tag-pesquisa","13":"pmpro-has-access"},"yoast_head":"<!-- This site is optimized with the Yoast SEO plugin v27.5 - https:\/\/yoast.com\/product\/yoast-seo-wordpress\/ -->\n<title>Administra\u00e7\u00e3o Municipal de Imigrante inicia a 2\u00aa Pesquisa de Opini\u00e3o P\u00fablica - Folha Popular<\/title>\n<meta name=\"robots\" content=\"index, follow, max-snippet:-1, max-image-preview:large, max-video-preview:-1\" \/>\n<link rel=\"canonical\" href=\"https:\/\/folhapopular.info\/index.php\/2025\/12\/11\/administracao-municipal-de-imigrante-inicia-a-2a-pesquisa-de-opiniao-publica\/\" \/>\n<meta property=\"og:locale\" content=\"pt_BR\" \/>\n<meta property=\"og:type\" content=\"article\" \/>\n<meta property=\"og:title\" content=\"Administra\u00e7\u00e3o Municipal de Imigrante inicia a 2\u00aa Pesquisa de Opini\u00e3o P\u00fablica - Folha Popular\" \/>\n<meta property=\"og:description\" content=\"A Administra\u00e7\u00e3o Municipal de Imigrante inicia a segunda etapa da Pesquisa de Opini\u00e3o P\u00fablica a partir desta quinta-feira (11\/12), dando sequ\u00eancia ao levantamento realizado no primeiro semestre. A coleta ser\u00e1 conduzida pela equipe do Instituto de Estudos e Pesquisas Inova\u00e7\u00e3o, que possui mais de duas d\u00e9cadas de experi\u00eancia e tamb\u00e9m executou a primeira pesquisa de [&hellip;]\" \/>\n<meta property=\"og:url\" content=\"https:\/\/folhapopular.info\/index.php\/2025\/12\/11\/administracao-municipal-de-imigrante-inicia-a-2a-pesquisa-de-opiniao-publica\/\" \/>\n<meta property=\"og:site_name\" content=\"Folha Popular\" \/>\n<meta property=\"article:published_time\" content=\"2025-12-11T14:00:00+00:00\" \/>\n<meta property=\"og:image\" content=\"https:\/\/folhapopular.info\/wp-content\/uploads\/2025\/10\/Prefeito-promete-avaliacoes-periodicas-ate-o-fim-da-gestao-1024x704.jpeg\" \/>\n\t<meta property=\"og:image:width\" content=\"1024\" \/>\n\t<meta property=\"og:image:height\" content=\"704\" \/>\n\t<meta property=\"og:image:type\" content=\"image\/jpeg\" \/>\n<meta name=\"author\" content=\"Reda\u00e7\u00e3o Folha Popular\" \/>\n<meta name=\"twitter:card\" content=\"summary_large_image\" \/>\n<meta name=\"twitter:label1\" content=\"Escrito por\" \/>\n\t<meta name=\"twitter:data1\" content=\"Reda\u00e7\u00e3o Folha Popular\" \/>\n\t<meta name=\"twitter:label2\" content=\"Est. tempo de leitura\" \/>\n\t<meta name=\"twitter:data2\" content=\"2 minutos\" \/>\n<script type=\"application\/ld+json\" class=\"yoast-schema-graph\">{\"@context\":\"https:\\\/\\\/schema.org\",\"@graph\":[{\"@type\":\"Article\",\"@id\":\"https:\\\/\\\/folhapopular.info\\\/index.php\\\/2025\\\/12\\\/11\\\/administracao-municipal-de-imigrante-inicia-a-2a-pesquisa-de-opiniao-publica\\\/#article\",\"isPartOf\":{\"@id\":\"https:\\\/\\\/folhapopular.info\\\/index.php\\\/2025\\\/12\\\/11\\\/administracao-municipal-de-imigrante-inicia-a-2a-pesquisa-de-opiniao-publica\\\/\"},\"author\":{\"name\":\"Reda\u00e7\u00e3o Folha Popular\",\"@id\":\"https:\\\/\\\/folhapopular.info\\\/#\\\/schema\\\/person\\\/2814e8a0df7643585a9ca38bc6eb9d4b\"},\"headline\":\"Administra\u00e7\u00e3o Municipal de Imigrante inicia a 2\u00aa Pesquisa de Opini\u00e3o P\u00fablica\",\"datePublished\":\"2025-12-11T14:00:00+00:00\",\"mainEntityOfPage\":{\"@id\":\"https:\\\/\\\/folhapopular.info\\\/index.php\\\/2025\\\/12\\\/11\\\/administracao-municipal-de-imigrante-inicia-a-2a-pesquisa-de-opiniao-publica\\\/\"},\"wordCount\":178,\"commentCount\":0,\"image\":{\"@id\":\"https:\\\/\\\/folhapopular.info\\\/index.php\\\/2025\\\/12\\\/11\\\/administracao-municipal-de-imigrante-inicia-a-2a-pesquisa-de-opiniao-publica\\\/#primaryimage\"},\"thumbnailUrl\":\"https:\\\/\\\/folhapopular.info\\\/wp-content\\\/uploads\\\/2025\\\/10\\\/Prefeito-promete-avaliacoes-periodicas-ate-o-fim-da-gestao.jpeg\",\"keywords\":[\"Imigrante\",\"Opini\u00e3o P\u00fablica\",\"Pesquisa\"],\"articleSection\":[\"Destaques\",\"Geral\",\"Servi\u00e7os\"],\"inLanguage\":\"pt-BR\",\"potentialAction\":[{\"@type\":\"CommentAction\",\"name\":\"Comment\",\"target\":[\"https:\\\/\\\/folhapopular.info\\\/index.php\\\/2025\\\/12\\\/11\\\/administracao-municipal-de-imigrante-inicia-a-2a-pesquisa-de-opiniao-publica\\\/#respond\"]}]},{\"@type\":\"WebPage\",\"@id\":\"https:\\\/\\\/folhapopular.info\\\/index.php\\\/2025\\\/12\\\/11\\\/administracao-municipal-de-imigrante-inicia-a-2a-pesquisa-de-opiniao-publica\\\/\",\"url\":\"https:\\\/\\\/folhapopular.info\\\/index.php\\\/2025\\\/12\\\/11\\\/administracao-municipal-de-imigrante-inicia-a-2a-pesquisa-de-opiniao-publica\\\/\",\"name\":\"Administra\u00e7\u00e3o Municipal de Imigrante inicia a 2\u00aa Pesquisa de Opini\u00e3o P\u00fablica - Folha Popular\",\"isPartOf\":{\"@id\":\"https:\\\/\\\/folhapopular.info\\\/#website\"},\"primaryImageOfPage\":{\"@id\":\"https:\\\/\\\/folhapopular.info\\\/index.php\\\/2025\\\/12\\\/11\\\/administracao-municipal-de-imigrante-inicia-a-2a-pesquisa-de-opiniao-publica\\\/#primaryimage\"},\"image\":{\"@id\":\"https:\\\/\\\/folhapopular.info\\\/index.php\\\/2025\\\/12\\\/11\\\/administracao-municipal-de-imigrante-inicia-a-2a-pesquisa-de-opiniao-publica\\\/#primaryimage\"},\"thumbnailUrl\":\"https:\\\/\\\/folhapopular.info\\\/wp-content\\\/uploads\\\/2025\\\/10\\\/Prefeito-promete-avaliacoes-periodicas-ate-o-fim-da-gestao.jpeg\",\"datePublished\":\"2025-12-11T14:00:00+00:00\",\"author\":{\"@id\":\"https:\\\/\\\/folhapopular.info\\\/#\\\/schema\\\/person\\\/2814e8a0df7643585a9ca38bc6eb9d4b\"},\"breadcrumb\":{\"@id\":\"https:\\\/\\\/folhapopular.info\\\/index.php\\\/2025\\\/12\\\/11\\\/administracao-municipal-de-imigrante-inicia-a-2a-pesquisa-de-opiniao-publica\\\/#breadcrumb\"},\"inLanguage\":\"pt-BR\",\"potentialAction\":[{\"@type\":\"ReadAction\",\"target\":[\"https:\\\/\\\/folhapopular.info\\\/index.php\\\/2025\\\/12\\\/11\\\/administracao-municipal-de-imigrante-inicia-a-2a-pesquisa-de-opiniao-publica\\\/\"]}]},{\"@type\":\"ImageObject\",\"inLanguage\":\"pt-BR\",\"@id\":\"https:\\\/\\\/folhapopular.info\\\/index.php\\\/2025\\\/12\\\/11\\\/administracao-municipal-de-imigrante-inicia-a-2a-pesquisa-de-opiniao-publica\\\/#primaryimage\",\"url\":\"https:\\\/\\\/folhapopular.info\\\/wp-content\\\/uploads\\\/2025\\\/10\\\/Prefeito-promete-avaliacoes-periodicas-ate-o-fim-da-gestao.jpeg\",\"contentUrl\":\"https:\\\/\\\/folhapopular.info\\\/wp-content\\\/uploads\\\/2025\\\/10\\\/Prefeito-promete-avaliacoes-periodicas-ate-o-fim-da-gestao.jpeg\",\"width\":2560,\"height\":1760,\"caption\":\"Prefeito promete avalia\u00e7\u00f5es peri\u00f3dicas at\u00e9 o fim da gest\u00e3o \\\/ Cr\u00e9dito: Prefeitura de Imigrante - Divulga\u00e7\u00e3o\"},{\"@type\":\"BreadcrumbList\",\"@id\":\"https:\\\/\\\/folhapopular.info\\\/index.php\\\/2025\\\/12\\\/11\\\/administracao-municipal-de-imigrante-inicia-a-2a-pesquisa-de-opiniao-publica\\\/#breadcrumb\",\"itemListElement\":[{\"@type\":\"ListItem\",\"position\":1,\"name\":\"In\u00edcio\",\"item\":\"https:\\\/\\\/folhapopular.info\\\/\"},{\"@type\":\"ListItem\",\"position\":2,\"name\":\"Administra\u00e7\u00e3o Municipal de Imigrante inicia a 2\u00aa Pesquisa de Opini\u00e3o P\u00fablica\"}]},{\"@type\":\"WebSite\",\"@id\":\"https:\\\/\\\/folhapopular.info\\\/#website\",\"url\":\"https:\\\/\\\/folhapopular.info\\\/\",\"name\":\"Folha Popular\",\"description\":\"Onde voc\u00ea tem vez e voz\",\"potentialAction\":[{\"@type\":\"SearchAction\",\"target\":{\"@type\":\"EntryPoint\",\"urlTemplate\":\"https:\\\/\\\/folhapopular.info\\\/?s={search_term_string}\"},\"query-input\":{\"@type\":\"PropertyValueSpecification\",\"valueRequired\":true,\"valueName\":\"search_term_string\"}}],\"inLanguage\":\"pt-BR\"},{\"@type\":\"Person\",\"@id\":\"https:\\\/\\\/folhapopular.info\\\/#\\\/schema\\\/person\\\/2814e8a0df7643585a9ca38bc6eb9d4b\",\"name\":\"Reda\u00e7\u00e3o Folha Popular\",\"image\":{\"@type\":\"ImageObject\",\"inLanguage\":\"pt-BR\",\"@id\":\"https:\\\/\\\/folhapopular.info\\\/wp-content\\\/uploads\\\/2026\\\/04\\\/Folha-1.webp\",\"url\":\"https:\\\/\\\/folhapopular.info\\\/wp-content\\\/uploads\\\/2026\\\/04\\\/Folha-1.webp\",\"contentUrl\":\"https:\\\/\\\/folhapopular.info\\\/wp-content\\\/uploads\\\/2026\\\/04\\\/Folha-1.webp\",\"caption\":\"Reda\u00e7\u00e3o Folha Popular\"},\"url\":\"https:\\\/\\\/folhapopular.info\\\/index.php\\\/author\\\/redacao\\\/\"}]}<\/script>\n<!-- \/ Yoast SEO plugin. -->","yoast_head_json":{"title":"Administra\u00e7\u00e3o Municipal de Imigrante inicia a 2\u00aa Pesquisa de Opini\u00e3o P\u00fablica - Folha Popular","robots":{"index":"index","follow":"follow","max-snippet":"max-snippet:-1","max-image-preview":"max-image-preview:large","max-video-preview":"max-video-preview:-1"},"canonical":"https:\/\/folhapopular.info\/index.php\/2025\/12\/11\/administracao-municipal-de-imigrante-inicia-a-2a-pesquisa-de-opiniao-publica\/","og_locale":"pt_BR","og_type":"article","og_title":"Administra\u00e7\u00e3o Municipal de Imigrante inicia a 2\u00aa Pesquisa de Opini\u00e3o P\u00fablica - Folha Popular","og_description":"A Administra\u00e7\u00e3o Municipal de Imigrante inicia a segunda etapa da Pesquisa de Opini\u00e3o P\u00fablica a partir desta quinta-feira (11\/12), dando sequ\u00eancia ao levantamento realizado no primeiro semestre. A coleta ser\u00e1 conduzida pela equipe do Instituto de Estudos e Pesquisas Inova\u00e7\u00e3o, que possui mais de duas d\u00e9cadas de experi\u00eancia e tamb\u00e9m executou a primeira pesquisa de [&hellip;]","og_url":"https:\/\/folhapopular.info\/index.php\/2025\/12\/11\/administracao-municipal-de-imigrante-inicia-a-2a-pesquisa-de-opiniao-publica\/","og_site_name":"Folha Popular","article_published_time":"2025-12-11T14:00:00+00:00","og_image":[{"width":1024,"height":704,"url":"https:\/\/folhapopular.info\/wp-content\/uploads\/2025\/10\/Prefeito-promete-avaliacoes-periodicas-ate-o-fim-da-gestao-1024x704.jpeg","type":"image\/jpeg"}],"author":"Reda\u00e7\u00e3o Folha Popular","twitter_card":"summary_large_image","twitter_misc":{"Escrito por":"Reda\u00e7\u00e3o Folha Popular","Est. tempo de leitura":"2 minutos"},"schema":{"@context":"https:\/\/schema.org","@graph":[{"@type":"Article","@id":"https:\/\/folhapopular.info\/index.php\/2025\/12\/11\/administracao-municipal-de-imigrante-inicia-a-2a-pesquisa-de-opiniao-publica\/#article","isPartOf":{"@id":"https:\/\/folhapopular.info\/index.php\/2025\/12\/11\/administracao-municipal-de-imigrante-inicia-a-2a-pesquisa-de-opiniao-publica\/"},"author":{"name":"Reda\u00e7\u00e3o Folha Popular","@id":"https:\/\/folhapopular.info\/#\/schema\/person\/2814e8a0df7643585a9ca38bc6eb9d4b"},"headline":"Administra\u00e7\u00e3o Municipal de Imigrante inicia a 2\u00aa Pesquisa de Opini\u00e3o P\u00fablica","datePublished":"2025-12-11T14:00:00+00:00","mainEntityOfPage":{"@id":"https:\/\/folhapopular.info\/index.php\/2025\/12\/11\/administracao-municipal-de-imigrante-inicia-a-2a-pesquisa-de-opiniao-publica\/"},"wordCount":178,"commentCount":0,"image":{"@id":"https:\/\/folhapopular.info\/index.php\/2025\/12\/11\/administracao-municipal-de-imigrante-inicia-a-2a-pesquisa-de-opiniao-publica\/#primaryimage"},"thumbnailUrl":"https:\/\/folhapopular.info\/wp-content\/uploads\/2025\/10\/Prefeito-promete-avaliacoes-periodicas-ate-o-fim-da-gestao.jpeg","keywords":["Imigrante","Opini\u00e3o P\u00fablica","Pesquisa"],"articleSection":["Destaques","Geral","Servi\u00e7os"],"inLanguage":"pt-BR","potentialAction":[{"@type":"CommentAction","name":"Comment","target":["https:\/\/folhapopular.info\/index.php\/2025\/12\/11\/administracao-municipal-de-imigrante-inicia-a-2a-pesquisa-de-opiniao-publica\/#respond"]}]},{"@type":"WebPage","@id":"https:\/\/folhapopular.info\/index.php\/2025\/12\/11\/administracao-municipal-de-imigrante-inicia-a-2a-pesquisa-de-opiniao-publica\/","url":"https:\/\/folhapopular.info\/index.php\/2025\/12\/11\/administracao-municipal-de-imigrante-inicia-a-2a-pesquisa-de-opiniao-publica\/","name":"Administra\u00e7\u00e3o Municipal de Imigrante inicia a 2\u00aa Pesquisa de Opini\u00e3o P\u00fablica - Folha Popular","isPartOf":{"@id":"https:\/\/folhapopular.info\/#website"},"primaryImageOfPage":{"@id":"https:\/\/folhapopular.info\/index.php\/2025\/12\/11\/administracao-municipal-de-imigrante-inicia-a-2a-pesquisa-de-opiniao-publica\/#primaryimage"},"image":{"@id":"https:\/\/folhapopular.info\/index.php\/2025\/12\/11\/administracao-municipal-de-imigrante-inicia-a-2a-pesquisa-de-opiniao-publica\/#primaryimage"},"thumbnailUrl":"https:\/\/folhapopular.info\/wp-content\/uploads\/2025\/10\/Prefeito-promete-avaliacoes-periodicas-ate-o-fim-da-gestao.jpeg","datePublished":"2025-12-11T14:00:00+00:00","author":{"@id":"https:\/\/folhapopular.info\/#\/schema\/person\/2814e8a0df7643585a9ca38bc6eb9d4b"},"breadcrumb":{"@id":"https:\/\/folhapopular.info\/index.php\/2025\/12\/11\/administracao-municipal-de-imigrante-inicia-a-2a-pesquisa-de-opiniao-publica\/#breadcrumb"},"inLanguage":"pt-BR","potentialAction":[{"@type":"ReadAction","target":["https:\/\/folhapopular.info\/index.php\/2025\/12\/11\/administracao-municipal-de-imigrante-inicia-a-2a-pesquisa-de-opiniao-publica\/"]}]},{"@type":"ImageObject","inLanguage":"pt-BR","@id":"https:\/\/folhapopular.info\/index.php\/2025\/12\/11\/administracao-municipal-de-imigrante-inicia-a-2a-pesquisa-de-opiniao-publica\/#primaryimage","url":"https:\/\/folhapopular.info\/wp-content\/uploads\/2025\/10\/Prefeito-promete-avaliacoes-periodicas-ate-o-fim-da-gestao.jpeg","contentUrl":"https:\/\/folhapopular.info\/wp-content\/uploads\/2025\/10\/Prefeito-promete-avaliacoes-periodicas-ate-o-fim-da-gestao.jpeg","width":2560,"height":1760,"caption":"Prefeito promete avalia\u00e7\u00f5es peri\u00f3dicas at\u00e9 o fim da gest\u00e3o \/ Cr\u00e9dito: Prefeitura de Imigrante - Divulga\u00e7\u00e3o"},{"@type":"BreadcrumbList","@id":"https:\/\/folhapopular.info\/index.php\/2025\/12\/11\/administracao-municipal-de-imigrante-inicia-a-2a-pesquisa-de-opiniao-publica\/#breadcrumb","itemListElement":[{"@type":"ListItem","position":1,"name":"In\u00edcio","item":"https:\/\/folhapopular.info\/"},{"@type":"ListItem","position":2,"name":"Administra\u00e7\u00e3o Municipal de Imigrante inicia a 2\u00aa Pesquisa de Opini\u00e3o P\u00fablica"}]},{"@type":"WebSite","@id":"https:\/\/folhapopular.info\/#website","url":"https:\/\/folhapopular.info\/","name":"Folha Popular","description":"Onde voc\u00ea tem vez e voz","potentialAction":[{"@type":"SearchAction","target":{"@type":"EntryPoint","urlTemplate":"https:\/\/folhapopular.info\/?s={search_term_string}"},"query-input":{"@type":"PropertyValueSpecification","valueRequired":true,"valueName":"search_term_string"}}],"inLanguage":"pt-BR"},{"@type":"Person","@id":"https:\/\/folhapopular.info\/#\/schema\/person\/2814e8a0df7643585a9ca38bc6eb9d4b","name":"Reda\u00e7\u00e3o Folha Popular","image":{"@type":"ImageObject","inLanguage":"pt-BR","@id":"https:\/\/folhapopular.info\/wp-content\/uploads\/2026\/04\/Folha-1.webp","url":"https:\/\/folhapopular.info\/wp-content\/uploads\/2026\/04\/Folha-1.webp","contentUrl":"https:\/\/folhapopular.info\/wp-content\/uploads\/2026\/04\/Folha-1.webp","caption":"Reda\u00e7\u00e3o Folha Popular"},"url":"https:\/\/folhapopular.info\/index.php\/author\/redacao\/"}]}},"jetpack_featured_media_url":"https:\/\/folhapopular.info\/wp-content\/uploads\/2025\/10\/Prefeito-promete-avaliacoes-periodicas-ate-o-fim-da-gestao.jpeg","jetpack_sharing_enabled":true,"amp_enabled":true,"_links":{"self":[{"href":"https:\/\/folhapopular.info\/index.php\/wp-json\/wp\/v2\/posts\/200209","targetHints":{"allow":["GET"]}}],"collection":[{"href":"https:\/\/folhapopular.info\/index.php\/wp-json\/wp\/v2\/posts"}],"about":[{"href":"https:\/\/folhapopular.info\/index.php\/wp-json\/wp\/v2\/types\/post"}],"author":[{"embeddable":true,"href":"https:\/\/folhapopular.info\/index.php\/wp-json\/wp\/v2\/users\/8"}],"replies":[{"embeddable":true,"href":"https:\/\/folhapopular.info\/index.php\/wp-json\/wp\/v2\/comments?post=200209"}],"version-history":[{"count":0,"href":"https:\/\/folhapopular.info\/index.php\/wp-json\/wp\/v2\/posts\/200209\/revisions"}],"wp:featuredmedia":[{"embeddable":true,"href":"https:\/\/folhapopular.info\/index.php\/wp-json\/wp\/v2\/media\/195445"}],"wp:attachment":[{"href":"https:\/\/folhapopular.info\/index.php\/wp-json\/wp\/v2\/media?parent=200209"}],"wp:term":[{"taxonomy":"category","embeddable":true,"href":"https:\/\/folhapopular.info\/index.php\/wp-json\/wp\/v2\/categories?post=200209"},{"taxonomy":"post_tag","embeddable":true,"href":"https:\/\/folhapopular.info\/index.php\/wp-json\/wp\/v2\/tags?post=200209"}],"curies":[{"name":"wp","href":"https:\/\/api.w.org\/{rel}","templated":true}]}}