{"id":200284,"date":"2025-12-12T12:00:00","date_gmt":"2025-12-12T15:00:00","guid":{"rendered":"https:\/\/folhapopular.info\/?p=200284"},"modified":"2025-12-12T11:20:00","modified_gmt":"2025-12-12T14:20:00","slug":"ctg-rincao-das-coxilhas-realiza-oitava-cavalgada-solidaria-em-teutonia","status":"publish","type":"post","link":"https:\/\/folhapopular.info\/index.php\/2025\/12\/12\/ctg-rincao-das-coxilhas-realiza-oitava-cavalgada-solidaria-em-teutonia\/","title":{"rendered":"CTG Rinc\u00e3o das Coxilhas realiza oitava cavalgada solid\u00e1ria em Teut\u00f4nia"},"content":{"rendered":"\n<p>O CTG Rinc\u00e3o das Coxilhas promove uma mobiliza\u00e7\u00e3o solid\u00e1ria que deve movimentar as ruas do munic\u00edpio neste s\u00e1bado (13\/12). A iniciativa, intitulada \u201cCavaleiros pelo Bem\u201d, reunir\u00e1 tradicionalistas montados a cavalo em um percurso pelas principais ruas dos bairros Alesgut e Languiru para arrecadar doa\u00e7\u00f5es destinadas a fam\u00edlias em situa\u00e7\u00e3o de vulnerabilidade social.<\/p>\n\n\n\n<p>Segundo o capataz campeiro do CTG, Daniel Guillante, a iniciativa nasceu inspirada em outras a\u00e7\u00f5es semelhantes no Estado. \u201cN\u00f3s nos motivamos em 2018, quando ocorreu pela primeira vez no Rio Grande do Sul a Cavalgada do Bem. A partir disso, conversamos sobre trazer algo semelhante para a nossa cidade. Na \u00e9poca unimos a campeira, apresentamos a ideia \u00e0 patronagem, que apoiou de imediato. Desde ent\u00e3o realizamos todos os anos essa cavalgada solid\u00e1ria\u201d, destaca.<\/p>\n\n\n\n<h2 class=\"wp-block-heading\"><strong>Programa\u00e7\u00e3o<\/strong><\/h2>\n\n\n\n<p>A programa\u00e7\u00e3o ser\u00e1 concentrada na manh\u00e3 do dia 13, priorizando o bem-estar dos cavaleiros, que iniciam o trajeto \u00e0s 8h. Durante o percurso, ser\u00e3o recolhidos alimentos n\u00e3o perec\u00edveis, produtos de limpeza e itens de higiene pessoal. A a\u00e7\u00e3o contar\u00e1 ainda com a presen\u00e7a especial do Papai Noel, que acompanhar\u00e1 a cavalgada e ajudar\u00e1 a levar mais alegria \u00e0s crian\u00e7as ao longo do caminho. Durante o trajeto, os cavaleiros ir\u00e3o recolher alimentos n\u00e3o perec\u00edveis, produtos de limpeza e itens de higiene pessoal. <\/p>\n\n\n\n<p>Al\u00e9m da coleta itinerante, integrantes do CTG tamb\u00e9m estar\u00e3o coletando as arrecada\u00e7\u00f5es nos seguintes mercados: Superzart (Alesgut), Esquin\u00e3o (Alesgut), Mercado e A\u00e7ougue Alesgut, WD Supermercados (Languiru), Passarela (Languiru). E para quem preferir, tamb\u00e9m tem a op\u00e7\u00e3o de fazer a entrega dos donativos diretamente na sede do CTG.<\/p>\n\n\n\n<p>A a\u00e7\u00e3o contar\u00e1 ainda com a presen\u00e7a especial do Papai Noel, que acompanhar\u00e1 a cavalgada garantindo a alegria das crian\u00e7as da comunidade. <\/p>\n\n\n\n<h2 class=\"wp-block-heading\"><strong>Uma corrente do bem que se fortalece a cada ano<\/strong><\/h2>\n\n\n\n<p>A campanha destaca a import\u00e2ncia da participa\u00e7\u00e3o da comunidade. \u201cCada gesto faz diferen\u00e7a\u201d, refor\u00e7a o grupo, que convida os moradores a prepararem suas doa\u00e7\u00f5es e colaborarem com a causa. Com o envolvimento de volunt\u00e1rios, cavaleiros e apoiadores, a a\u00e7\u00e3o promete unir tradi\u00e7\u00e3o, esp\u00edrito comunit\u00e1rio e solidariedade em um mesmo movimento, levando ajuda a quem mais precisa e demonstrando a for\u00e7a da cultura ga\u00facha quando se trata de mobiliza\u00e7\u00e3o social. <\/p>\n\n\n\n<p>De acordo com a organiza\u00e7\u00e3o, toda a arrecada\u00e7\u00e3o ser\u00e1 destinada a fam\u00edlias carentes, refor\u00e7ando o compromisso da entidade com a\u00e7\u00f5es comunit\u00e1rias que promovam apoio, solidariedade e esperan\u00e7a. A ideia \u00e9 fortalecer a corrente do bem que j\u00e1 marca a atua\u00e7\u00e3o do CTG em projetos sociais ao longo do ano.<\/p>\n\n\n\n<h2 class=\"wp-block-heading\"><strong>Confira a entrevista completa:<\/strong><\/h2>\n\n\n\n<figure class=\"wp-block-embed is-type-video is-provider-youtube wp-block-embed-youtube wp-embed-aspect-16-9 wp-has-aspect-ratio\"><div class=\"wp-block-embed__wrapper\">\n<div class=\"youtube-embed\" data-video_id=\"\"><iframe loading=\"lazy\" title=\"CTG Rinc\u00e3o das Coxilhas realiza cavalgada solid\u00e1ria\" width=\"696\" height=\"392\" src=\"https:\/\/www.youtube.com\/embed\/d37kK7qLgEA?feature=oembed&#038;enablejsapi=1\" frameborder=\"0\" allow=\"accelerometer; autoplay; clipboard-write; encrypted-media; gyroscope; picture-in-picture; web-share\" referrerpolicy=\"strict-origin-when-cross-origin\" allowfullscreen><\/iframe><\/div>\n<\/div><\/figure>\n","protected":false},"excerpt":{"rendered":"<p>O CTG Rinc\u00e3o das Coxilhas promove uma mobiliza\u00e7\u00e3o solid\u00e1ria que deve movimentar as ruas do munic\u00edpio neste s\u00e1bado (13\/12). A iniciativa, intitulada \u201cCavaleiros pelo Bem\u201d, reunir\u00e1 tradicionalistas montados a cavalo em um percurso pelas principais ruas dos bairros Alesgut e Languiru para arrecadar doa\u00e7\u00f5es destinadas a fam\u00edlias em situa\u00e7\u00e3o de vulnerabilidade social. Segundo o capataz [&hellip;]<\/p>\n","protected":false},"author":782,"featured_media":200288,"comment_status":"open","ping_status":"open","sticky":false,"template":"","format":"standard","meta":{"pmpro_default_level":"","_jetpack_memberships_contains_paid_content":false,"footnotes":""},"categories":[10996,2,6,12657],"tags":[20202,20201,7001,26],"class_list":{"0":"post-200284","1":"post","2":"type-post","3":"status-publish","4":"format-standard","5":"has-post-thumbnail","7":"category-cultura","8":"category-featured","9":"category-inclusive","10":"category-solidariedade","11":"tag-cavaleiros-pelo-bem","12":"tag-cavalgada-solidaria","13":"tag-ctg-rincao-das-coxilhas","14":"tag-teutonia","15":"pmpro-has-access"},"yoast_head":"<!-- This site is optimized with the Yoast SEO plugin v27.5 - https:\/\/yoast.com\/product\/yoast-seo-wordpress\/ -->\n<title>CTG Rinc\u00e3o das Coxilhas realiza oitava cavalgada solid\u00e1ria em Teut\u00f4nia - Folha Popular<\/title>\n<meta name=\"description\" content=\"Durante o trajeto, os cavaleiros ir\u00e3o recolher alimentos n\u00e3o perec\u00edveis, produtos de limpeza e itens de higiene pessoal.\" \/>\n<meta name=\"robots\" content=\"index, follow, max-snippet:-1, max-image-preview:large, max-video-preview:-1\" \/>\n<link rel=\"canonical\" href=\"https:\/\/folhapopular.info\/index.php\/2025\/12\/12\/ctg-rincao-das-coxilhas-realiza-oitava-cavalgada-solidaria-em-teutonia\/\" \/>\n<meta property=\"og:locale\" content=\"pt_BR\" \/>\n<meta property=\"og:type\" content=\"article\" \/>\n<meta property=\"og:title\" content=\"CTG Rinc\u00e3o das Coxilhas realiza oitava cavalgada solid\u00e1ria em Teut\u00f4nia - Folha Popular\" \/>\n<meta property=\"og:description\" content=\"Durante o trajeto, os cavaleiros ir\u00e3o recolher alimentos n\u00e3o perec\u00edveis, produtos de limpeza e itens de higiene pessoal.\" \/>\n<meta property=\"og:url\" content=\"https:\/\/folhapopular.info\/index.php\/2025\/12\/12\/ctg-rincao-das-coxilhas-realiza-oitava-cavalgada-solidaria-em-teutonia\/\" \/>\n<meta property=\"og:site_name\" content=\"Folha Popular\" \/>\n<meta property=\"article:published_time\" content=\"2025-12-12T15:00:00+00:00\" \/>\n<meta property=\"og:image\" content=\"https:\/\/folhapopular.info\/wp-content\/uploads\/2025\/12\/WhatsApp-Image-2025-12-12-at-07.44.44.jpeg\" \/>\n\t<meta property=\"og:image:width\" content=\"1200\" \/>\n\t<meta property=\"og:image:height\" content=\"1600\" \/>\n\t<meta property=\"og:image:type\" content=\"image\/jpeg\" \/>\n<meta name=\"author\" content=\"Rafaela Zappaz\" \/>\n<meta name=\"twitter:card\" content=\"summary_large_image\" \/>\n<meta name=\"twitter:label1\" content=\"Escrito por\" \/>\n\t<meta name=\"twitter:data1\" content=\"Rafaela Zappaz\" \/>\n\t<meta name=\"twitter:label2\" content=\"Est. tempo de leitura\" \/>\n\t<meta name=\"twitter:data2\" content=\"3 minutos\" \/>\n<script type=\"application\/ld+json\" class=\"yoast-schema-graph\">{\"@context\":\"https:\\\/\\\/schema.org\",\"@graph\":[{\"@type\":\"Article\",\"@id\":\"https:\\\/\\\/folhapopular.info\\\/index.php\\\/2025\\\/12\\\/12\\\/ctg-rincao-das-coxilhas-realiza-oitava-cavalgada-solidaria-em-teutonia\\\/#article\",\"isPartOf\":{\"@id\":\"https:\\\/\\\/folhapopular.info\\\/index.php\\\/2025\\\/12\\\/12\\\/ctg-rincao-das-coxilhas-realiza-oitava-cavalgada-solidaria-em-teutonia\\\/\"},\"author\":{\"name\":\"Rafaela Zappaz\",\"@id\":\"https:\\\/\\\/folhapopular.info\\\/#\\\/schema\\\/person\\\/87aa1d7488478bf03a40dc0a852db19d\"},\"headline\":\"CTG Rinc\u00e3o das Coxilhas realiza oitava cavalgada solid\u00e1ria em Teut\u00f4nia\",\"datePublished\":\"2025-12-12T15:00:00+00:00\",\"mainEntityOfPage\":{\"@id\":\"https:\\\/\\\/folhapopular.info\\\/index.php\\\/2025\\\/12\\\/12\\\/ctg-rincao-das-coxilhas-realiza-oitava-cavalgada-solidaria-em-teutonia\\\/\"},\"wordCount\":483,\"commentCount\":0,\"image\":{\"@id\":\"https:\\\/\\\/folhapopular.info\\\/index.php\\\/2025\\\/12\\\/12\\\/ctg-rincao-das-coxilhas-realiza-oitava-cavalgada-solidaria-em-teutonia\\\/#primaryimage\"},\"thumbnailUrl\":\"https:\\\/\\\/folhapopular.info\\\/wp-content\\\/uploads\\\/2025\\\/12\\\/WhatsApp-Image-2025-12-12-at-07.44.44.jpeg\",\"keywords\":[\"Cavaleiros pelo Bem\",\"Cavalgada Solid\u00e1ria\",\"CTG Rinc\u00e3o das Coxilhas\",\"Teut\u00f4nia\"],\"articleSection\":[\"Cultura\",\"Destaques\",\"Inclusive\",\"Solidariedade\"],\"inLanguage\":\"pt-BR\",\"potentialAction\":[{\"@type\":\"CommentAction\",\"name\":\"Comment\",\"target\":[\"https:\\\/\\\/folhapopular.info\\\/index.php\\\/2025\\\/12\\\/12\\\/ctg-rincao-das-coxilhas-realiza-oitava-cavalgada-solidaria-em-teutonia\\\/#respond\"]}]},{\"@type\":\"WebPage\",\"@id\":\"https:\\\/\\\/folhapopular.info\\\/index.php\\\/2025\\\/12\\\/12\\\/ctg-rincao-das-coxilhas-realiza-oitava-cavalgada-solidaria-em-teutonia\\\/\",\"url\":\"https:\\\/\\\/folhapopular.info\\\/index.php\\\/2025\\\/12\\\/12\\\/ctg-rincao-das-coxilhas-realiza-oitava-cavalgada-solidaria-em-teutonia\\\/\",\"name\":\"CTG Rinc\u00e3o das Coxilhas realiza oitava cavalgada solid\u00e1ria em Teut\u00f4nia - Folha Popular\",\"isPartOf\":{\"@id\":\"https:\\\/\\\/folhapopular.info\\\/#website\"},\"primaryImageOfPage\":{\"@id\":\"https:\\\/\\\/folhapopular.info\\\/index.php\\\/2025\\\/12\\\/12\\\/ctg-rincao-das-coxilhas-realiza-oitava-cavalgada-solidaria-em-teutonia\\\/#primaryimage\"},\"image\":{\"@id\":\"https:\\\/\\\/folhapopular.info\\\/index.php\\\/2025\\\/12\\\/12\\\/ctg-rincao-das-coxilhas-realiza-oitava-cavalgada-solidaria-em-teutonia\\\/#primaryimage\"},\"thumbnailUrl\":\"https:\\\/\\\/folhapopular.info\\\/wp-content\\\/uploads\\\/2025\\\/12\\\/WhatsApp-Image-2025-12-12-at-07.44.44.jpeg\",\"datePublished\":\"2025-12-12T15:00:00+00:00\",\"author\":{\"@id\":\"https:\\\/\\\/folhapopular.info\\\/#\\\/schema\\\/person\\\/87aa1d7488478bf03a40dc0a852db19d\"},\"description\":\"Durante o trajeto, os cavaleiros ir\u00e3o recolher alimentos n\u00e3o perec\u00edveis, produtos de limpeza e itens de higiene pessoal.\",\"breadcrumb\":{\"@id\":\"https:\\\/\\\/folhapopular.info\\\/index.php\\\/2025\\\/12\\\/12\\\/ctg-rincao-das-coxilhas-realiza-oitava-cavalgada-solidaria-em-teutonia\\\/#breadcrumb\"},\"inLanguage\":\"pt-BR\",\"potentialAction\":[{\"@type\":\"ReadAction\",\"target\":[\"https:\\\/\\\/folhapopular.info\\\/index.php\\\/2025\\\/12\\\/12\\\/ctg-rincao-das-coxilhas-realiza-oitava-cavalgada-solidaria-em-teutonia\\\/\"]}]},{\"@type\":\"ImageObject\",\"inLanguage\":\"pt-BR\",\"@id\":\"https:\\\/\\\/folhapopular.info\\\/index.php\\\/2025\\\/12\\\/12\\\/ctg-rincao-das-coxilhas-realiza-oitava-cavalgada-solidaria-em-teutonia\\\/#primaryimage\",\"url\":\"https:\\\/\\\/folhapopular.info\\\/wp-content\\\/uploads\\\/2025\\\/12\\\/WhatsApp-Image-2025-12-12-at-07.44.44.jpeg\",\"contentUrl\":\"https:\\\/\\\/folhapopular.info\\\/wp-content\\\/uploads\\\/2025\\\/12\\\/WhatsApp-Image-2025-12-12-at-07.44.44.jpeg\",\"width\":1200,\"height\":1600,\"caption\":\"Cr\u00e9dito: Rafaela Zappaz\"},{\"@type\":\"BreadcrumbList\",\"@id\":\"https:\\\/\\\/folhapopular.info\\\/index.php\\\/2025\\\/12\\\/12\\\/ctg-rincao-das-coxilhas-realiza-oitava-cavalgada-solidaria-em-teutonia\\\/#breadcrumb\",\"itemListElement\":[{\"@type\":\"ListItem\",\"position\":1,\"name\":\"In\u00edcio\",\"item\":\"https:\\\/\\\/folhapopular.info\\\/\"},{\"@type\":\"ListItem\",\"position\":2,\"name\":\"CTG Rinc\u00e3o das Coxilhas realiza oitava cavalgada solid\u00e1ria em Teut\u00f4nia\"}]},{\"@type\":\"WebSite\",\"@id\":\"https:\\\/\\\/folhapopular.info\\\/#website\",\"url\":\"https:\\\/\\\/folhapopular.info\\\/\",\"name\":\"Folha Popular\",\"description\":\"Onde voc\u00ea tem vez e voz\",\"potentialAction\":[{\"@type\":\"SearchAction\",\"target\":{\"@type\":\"EntryPoint\",\"urlTemplate\":\"https:\\\/\\\/folhapopular.info\\\/?s={search_term_string}\"},\"query-input\":{\"@type\":\"PropertyValueSpecification\",\"valueRequired\":true,\"valueName\":\"search_term_string\"}}],\"inLanguage\":\"pt-BR\"},{\"@type\":\"Person\",\"@id\":\"https:\\\/\\\/folhapopular.info\\\/#\\\/schema\\\/person\\\/87aa1d7488478bf03a40dc0a852db19d\",\"name\":\"Rafaela Zappaz\",\"image\":{\"@type\":\"ImageObject\",\"inLanguage\":\"pt-BR\",\"@id\":\"https:\\\/\\\/secure.gravatar.com\\\/avatar\\\/7b6259df2b1311e565e2e930bcf599e41eca901dc1e0e850d699f28cc7ea8de8?s=96&d=mm&r=g\",\"url\":\"https:\\\/\\\/secure.gravatar.com\\\/avatar\\\/7b6259df2b1311e565e2e930bcf599e41eca901dc1e0e850d699f28cc7ea8de8?s=96&d=mm&r=g\",\"contentUrl\":\"https:\\\/\\\/secure.gravatar.com\\\/avatar\\\/7b6259df2b1311e565e2e930bcf599e41eca901dc1e0e850d699f28cc7ea8de8?s=96&d=mm&r=g\",\"caption\":\"Rafaela Zappaz\"},\"url\":\"https:\\\/\\\/folhapopular.info\\\/index.php\\\/author\\\/rafaela-zappaz\\\/\"}]}<\/script>\n<!-- \/ Yoast SEO plugin. -->","yoast_head_json":{"title":"CTG Rinc\u00e3o das Coxilhas realiza oitava cavalgada solid\u00e1ria em Teut\u00f4nia - Folha Popular","description":"Durante o trajeto, os cavaleiros ir\u00e3o recolher alimentos n\u00e3o perec\u00edveis, produtos de limpeza e itens de higiene pessoal.","robots":{"index":"index","follow":"follow","max-snippet":"max-snippet:-1","max-image-preview":"max-image-preview:large","max-video-preview":"max-video-preview:-1"},"canonical":"https:\/\/folhapopular.info\/index.php\/2025\/12\/12\/ctg-rincao-das-coxilhas-realiza-oitava-cavalgada-solidaria-em-teutonia\/","og_locale":"pt_BR","og_type":"article","og_title":"CTG Rinc\u00e3o das Coxilhas realiza oitava cavalgada solid\u00e1ria em Teut\u00f4nia - Folha Popular","og_description":"Durante o trajeto, os cavaleiros ir\u00e3o recolher alimentos n\u00e3o perec\u00edveis, produtos de limpeza e itens de higiene pessoal.","og_url":"https:\/\/folhapopular.info\/index.php\/2025\/12\/12\/ctg-rincao-das-coxilhas-realiza-oitava-cavalgada-solidaria-em-teutonia\/","og_site_name":"Folha Popular","article_published_time":"2025-12-12T15:00:00+00:00","og_image":[{"width":1200,"height":1600,"url":"https:\/\/folhapopular.info\/wp-content\/uploads\/2025\/12\/WhatsApp-Image-2025-12-12-at-07.44.44.jpeg","type":"image\/jpeg"}],"author":"Rafaela Zappaz","twitter_card":"summary_large_image","twitter_misc":{"Escrito por":"Rafaela Zappaz","Est. tempo de leitura":"3 minutos"},"schema":{"@context":"https:\/\/schema.org","@graph":[{"@type":"Article","@id":"https:\/\/folhapopular.info\/index.php\/2025\/12\/12\/ctg-rincao-das-coxilhas-realiza-oitava-cavalgada-solidaria-em-teutonia\/#article","isPartOf":{"@id":"https:\/\/folhapopular.info\/index.php\/2025\/12\/12\/ctg-rincao-das-coxilhas-realiza-oitava-cavalgada-solidaria-em-teutonia\/"},"author":{"name":"Rafaela Zappaz","@id":"https:\/\/folhapopular.info\/#\/schema\/person\/87aa1d7488478bf03a40dc0a852db19d"},"headline":"CTG Rinc\u00e3o das Coxilhas realiza oitava cavalgada solid\u00e1ria em Teut\u00f4nia","datePublished":"2025-12-12T15:00:00+00:00","mainEntityOfPage":{"@id":"https:\/\/folhapopular.info\/index.php\/2025\/12\/12\/ctg-rincao-das-coxilhas-realiza-oitava-cavalgada-solidaria-em-teutonia\/"},"wordCount":483,"commentCount":0,"image":{"@id":"https:\/\/folhapopular.info\/index.php\/2025\/12\/12\/ctg-rincao-das-coxilhas-realiza-oitava-cavalgada-solidaria-em-teutonia\/#primaryimage"},"thumbnailUrl":"https:\/\/folhapopular.info\/wp-content\/uploads\/2025\/12\/WhatsApp-Image-2025-12-12-at-07.44.44.jpeg","keywords":["Cavaleiros pelo Bem","Cavalgada Solid\u00e1ria","CTG Rinc\u00e3o das Coxilhas","Teut\u00f4nia"],"articleSection":["Cultura","Destaques","Inclusive","Solidariedade"],"inLanguage":"pt-BR","potentialAction":[{"@type":"CommentAction","name":"Comment","target":["https:\/\/folhapopular.info\/index.php\/2025\/12\/12\/ctg-rincao-das-coxilhas-realiza-oitava-cavalgada-solidaria-em-teutonia\/#respond"]}]},{"@type":"WebPage","@id":"https:\/\/folhapopular.info\/index.php\/2025\/12\/12\/ctg-rincao-das-coxilhas-realiza-oitava-cavalgada-solidaria-em-teutonia\/","url":"https:\/\/folhapopular.info\/index.php\/2025\/12\/12\/ctg-rincao-das-coxilhas-realiza-oitava-cavalgada-solidaria-em-teutonia\/","name":"CTG Rinc\u00e3o das Coxilhas realiza oitava cavalgada solid\u00e1ria em Teut\u00f4nia - Folha Popular","isPartOf":{"@id":"https:\/\/folhapopular.info\/#website"},"primaryImageOfPage":{"@id":"https:\/\/folhapopular.info\/index.php\/2025\/12\/12\/ctg-rincao-das-coxilhas-realiza-oitava-cavalgada-solidaria-em-teutonia\/#primaryimage"},"image":{"@id":"https:\/\/folhapopular.info\/index.php\/2025\/12\/12\/ctg-rincao-das-coxilhas-realiza-oitava-cavalgada-solidaria-em-teutonia\/#primaryimage"},"thumbnailUrl":"https:\/\/folhapopular.info\/wp-content\/uploads\/2025\/12\/WhatsApp-Image-2025-12-12-at-07.44.44.jpeg","datePublished":"2025-12-12T15:00:00+00:00","author":{"@id":"https:\/\/folhapopular.info\/#\/schema\/person\/87aa1d7488478bf03a40dc0a852db19d"},"description":"Durante o trajeto, os cavaleiros ir\u00e3o recolher alimentos n\u00e3o perec\u00edveis, produtos de limpeza e itens de higiene pessoal.","breadcrumb":{"@id":"https:\/\/folhapopular.info\/index.php\/2025\/12\/12\/ctg-rincao-das-coxilhas-realiza-oitava-cavalgada-solidaria-em-teutonia\/#breadcrumb"},"inLanguage":"pt-BR","potentialAction":[{"@type":"ReadAction","target":["https:\/\/folhapopular.info\/index.php\/2025\/12\/12\/ctg-rincao-das-coxilhas-realiza-oitava-cavalgada-solidaria-em-teutonia\/"]}]},{"@type":"ImageObject","inLanguage":"pt-BR","@id":"https:\/\/folhapopular.info\/index.php\/2025\/12\/12\/ctg-rincao-das-coxilhas-realiza-oitava-cavalgada-solidaria-em-teutonia\/#primaryimage","url":"https:\/\/folhapopular.info\/wp-content\/uploads\/2025\/12\/WhatsApp-Image-2025-12-12-at-07.44.44.jpeg","contentUrl":"https:\/\/folhapopular.info\/wp-content\/uploads\/2025\/12\/WhatsApp-Image-2025-12-12-at-07.44.44.jpeg","width":1200,"height":1600,"caption":"Cr\u00e9dito: Rafaela Zappaz"},{"@type":"BreadcrumbList","@id":"https:\/\/folhapopular.info\/index.php\/2025\/12\/12\/ctg-rincao-das-coxilhas-realiza-oitava-cavalgada-solidaria-em-teutonia\/#breadcrumb","itemListElement":[{"@type":"ListItem","position":1,"name":"In\u00edcio","item":"https:\/\/folhapopular.info\/"},{"@type":"ListItem","position":2,"name":"CTG Rinc\u00e3o das Coxilhas realiza oitava cavalgada solid\u00e1ria em Teut\u00f4nia"}]},{"@type":"WebSite","@id":"https:\/\/folhapopular.info\/#website","url":"https:\/\/folhapopular.info\/","name":"Folha Popular","description":"Onde voc\u00ea tem vez e voz","potentialAction":[{"@type":"SearchAction","target":{"@type":"EntryPoint","urlTemplate":"https:\/\/folhapopular.info\/?s={search_term_string}"},"query-input":{"@type":"PropertyValueSpecification","valueRequired":true,"valueName":"search_term_string"}}],"inLanguage":"pt-BR"},{"@type":"Person","@id":"https:\/\/folhapopular.info\/#\/schema\/person\/87aa1d7488478bf03a40dc0a852db19d","name":"Rafaela Zappaz","image":{"@type":"ImageObject","inLanguage":"pt-BR","@id":"https:\/\/secure.gravatar.com\/avatar\/7b6259df2b1311e565e2e930bcf599e41eca901dc1e0e850d699f28cc7ea8de8?s=96&d=mm&r=g","url":"https:\/\/secure.gravatar.com\/avatar\/7b6259df2b1311e565e2e930bcf599e41eca901dc1e0e850d699f28cc7ea8de8?s=96&d=mm&r=g","contentUrl":"https:\/\/secure.gravatar.com\/avatar\/7b6259df2b1311e565e2e930bcf599e41eca901dc1e0e850d699f28cc7ea8de8?s=96&d=mm&r=g","caption":"Rafaela Zappaz"},"url":"https:\/\/folhapopular.info\/index.php\/author\/rafaela-zappaz\/"}]}},"jetpack_featured_media_url":"https:\/\/folhapopular.info\/wp-content\/uploads\/2025\/12\/WhatsApp-Image-2025-12-12-at-07.44.44.jpeg","jetpack_sharing_enabled":true,"amp_enabled":true,"_links":{"self":[{"href":"https:\/\/folhapopular.info\/index.php\/wp-json\/wp\/v2\/posts\/200284","targetHints":{"allow":["GET"]}}],"collection":[{"href":"https:\/\/folhapopular.info\/index.php\/wp-json\/wp\/v2\/posts"}],"about":[{"href":"https:\/\/folhapopular.info\/index.php\/wp-json\/wp\/v2\/types\/post"}],"author":[{"embeddable":true,"href":"https:\/\/folhapopular.info\/index.php\/wp-json\/wp\/v2\/users\/782"}],"replies":[{"embeddable":true,"href":"https:\/\/folhapopular.info\/index.php\/wp-json\/wp\/v2\/comments?post=200284"}],"version-history":[{"count":0,"href":"https:\/\/folhapopular.info\/index.php\/wp-json\/wp\/v2\/posts\/200284\/revisions"}],"wp:featuredmedia":[{"embeddable":true,"href":"https:\/\/folhapopular.info\/index.php\/wp-json\/wp\/v2\/media\/200288"}],"wp:attachment":[{"href":"https:\/\/folhapopular.info\/index.php\/wp-json\/wp\/v2\/media?parent=200284"}],"wp:term":[{"taxonomy":"category","embeddable":true,"href":"https:\/\/folhapopular.info\/index.php\/wp-json\/wp\/v2\/categories?post=200284"},{"taxonomy":"post_tag","embeddable":true,"href":"https:\/\/folhapopular.info\/index.php\/wp-json\/wp\/v2\/tags?post=200284"}],"curies":[{"name":"wp","href":"https:\/\/api.w.org\/{rel}","templated":true}]}}