{"id":200311,"date":"2025-04-02T15:05:00","date_gmt":"2025-04-02T18:05:00","guid":{"rendered":"https:\/\/folhapopular.info\/?p=200311"},"modified":"2025-12-12T16:31:53","modified_gmt":"2025-12-12T19:31:53","slug":"projeto-acerte-harmonia-na-comunidade-leva-musica-e-transformacao-a-criancas-e-jovens-de-teutonia","status":"publish","type":"post","link":"https:\/\/folhapopular.info\/index.php\/2025\/04\/02\/projeto-acerte-harmonia-na-comunidade-leva-musica-e-transformacao-a-criancas-e-jovens-de-teutonia\/","title":{"rendered":"Projeto \u201cACERTE \u2013 Harmonia na Comunidade\u201d leva m\u00fasica e transforma\u00e7\u00e3o a crian\u00e7as e jovens de Teut\u00f4nia"},"content":{"rendered":"\n<p>O projeto \u201cACERTE \u2013 Harmonia na Comunidade\u201d foi realizado em Teut\u00f4nia e acaba de concluir mais uma etapa marcada por inclus\u00e3o, aprendizado e desenvolvimento humano por meio da m\u00fasica. A iniciativa ofereceu oficinas gratuitas de violoncelo, flauta transversal e clarinete, beneficiando diretamente 12 crian\u00e7as e jovens e impactando mais de 150 pessoas indiretamente, entre familiares e comunidade escolar.<\/p>\n\n\n\n<p>Com encontros semanais ao longo de 6 meses, entre setembro e dezembro de 2024 e fevereiro e mar\u00e7o de 2025, o projeto teve como sede o Centro Municipal de Ensino Fundamental (Cemef) Leonel de Moura Brizola, espa\u00e7o escolhido para facilitar o acesso dos alunos que estudam em turno integral. As oficinas foram conduzidas pelos professores Thailan Pereira (flauta transversal e clarinete) e Shayanne Franceschini (violoncelo), garantindo um processo de aprendizagem t\u00e9cnico, art\u00edstico e motivador.<\/p>\n\n\n\n<p>As turmas, distribu\u00eddas em quatro vagas para cada instrumento, vivenciaram n\u00e3o apenas aulas regulares, mas tamb\u00e9m pr\u00e1ticas coletivas e pequenas apresenta\u00e7\u00f5es internas, que estimularam a confian\u00e7a, a criatividade e o esp\u00edrito de coopera\u00e7\u00e3o entre os estudantes.<\/p>\n\n\n\n<p>Ao longo da execu\u00e7\u00e3o, ajustes de hor\u00e1rios e reposi\u00e7\u00f5es de aulas foram necess\u00e1rios para atender \u00e0s necessidades dos participantes &#8211; medidas que preservaram a qualidade pedag\u00f3gica e asseguraram o cumprimento integral das metas propostas.<\/p>\n\n\n\n<h2 class=\"wp-block-heading\"><strong>Resultados e Impacto Sociocultural<\/strong><\/h2>\n\n\n\n<p>O \u201cACERTE \u2013 Harmonia na Comunidade\u201d consolidou-se como uma a\u00e7\u00e3o transformadora ao promover:<br>* Inclus\u00e3o cultural: ampliando o acesso \u00e0 m\u00fasica instrumental para crian\u00e7as e jovens;<br>* Desenvolvimento art\u00edstico: oferecendo aprendizagem qualificada em tr\u00eas instrumentos;<br>* Bem-estar social: fortalecendo disciplina, foco, conviv\u00eancia e express\u00e3o criativa.<\/p>\n\n\n\n<div class=\"wp-block-jetpack-slideshow aligncenter\" data-effect=\"slide\" style=\"--aspect-ratio:calc(696 \/ 532)\"><div class=\"wp-block-jetpack-slideshow_container swiper\"><ul class=\"wp-block-jetpack-slideshow_swiper-wrapper swiper-wrapper\"><li class=\"wp-block-jetpack-slideshow_slide swiper-slide\"><figure><img loading=\"lazy\" decoding=\"async\" width=\"1024\" height=\"782\" alt=\"\" class=\"wp-block-jetpack-slideshow_image wp-image-200332\" data-id=\"200332\" data-aspect-ratio=\"696 \/ 532\" src=\"https:\/\/folhapopular.info\/wp-content\/uploads\/2025\/12\/Oficinas-de-musica-envolveram-estudantes-1_Div-1-1024x782.png\" srcset=\"https:\/\/folhapopular.info\/wp-content\/uploads\/2025\/12\/Oficinas-de-musica-envolveram-estudantes-1_Div-1-1024x782.png 1024w, https:\/\/folhapopular.info\/wp-content\/uploads\/2025\/12\/Oficinas-de-musica-envolveram-estudantes-1_Div-1-300x229.png 300w, https:\/\/folhapopular.info\/wp-content\/uploads\/2025\/12\/Oficinas-de-musica-envolveram-estudantes-1_Div-1-768x586.png 768w, https:\/\/folhapopular.info\/wp-content\/uploads\/2025\/12\/Oficinas-de-musica-envolveram-estudantes-1_Div-1-550x420.png 550w, https:\/\/folhapopular.info\/wp-content\/uploads\/2025\/12\/Oficinas-de-musica-envolveram-estudantes-1_Div-1-80x60.png 80w, https:\/\/folhapopular.info\/wp-content\/uploads\/2025\/12\/Oficinas-de-musica-envolveram-estudantes-1_Div-1-696x531.png 696w, https:\/\/folhapopular.info\/wp-content\/uploads\/2025\/12\/Oficinas-de-musica-envolveram-estudantes-1_Div-1-1068x815.png 1068w, https:\/\/folhapopular.info\/wp-content\/uploads\/2025\/12\/Oficinas-de-musica-envolveram-estudantes-1_Div-1.png 1098w\" sizes=\"(max-width: 1024px) 100vw, 1024px\" \/><figcaption class=\"wp-block-jetpack-slideshow_caption gallery-caption\">Oficinas de m\u00fasica envolveram estudantes \/\/ Cr\u00e9dito: Divulga\u00e7\u00e3o<\/figcaption><\/figure><\/li><li class=\"wp-block-jetpack-slideshow_slide swiper-slide\"><figure><img loading=\"lazy\" decoding=\"async\" width=\"768\" height=\"1024\" alt=\"\" class=\"wp-block-jetpack-slideshow_image wp-image-200333\" data-id=\"200333\" data-aspect-ratio=\"696 \/ 928\" src=\"https:\/\/folhapopular.info\/wp-content\/uploads\/2025\/12\/Oficinas-de-musica-envolveram-estudantes-2_Div-1-768x1024.jpg\" srcset=\"https:\/\/folhapopular.info\/wp-content\/uploads\/2025\/12\/Oficinas-de-musica-envolveram-estudantes-2_Div-1-768x1024.jpg 768w, https:\/\/folhapopular.info\/wp-content\/uploads\/2025\/12\/Oficinas-de-musica-envolveram-estudantes-2_Div-1-225x300.jpg 225w, https:\/\/folhapopular.info\/wp-content\/uploads\/2025\/12\/Oficinas-de-musica-envolveram-estudantes-2_Div-1-315x420.jpg 315w, https:\/\/folhapopular.info\/wp-content\/uploads\/2025\/12\/Oficinas-de-musica-envolveram-estudantes-2_Div-1-696x928.jpg 696w, https:\/\/folhapopular.info\/wp-content\/uploads\/2025\/12\/Oficinas-de-musica-envolveram-estudantes-2_Div-1.jpg 960w\" sizes=\"(max-width: 768px) 100vw, 768px\" \/><figcaption class=\"wp-block-jetpack-slideshow_caption gallery-caption\">Oficinas de m\u00fasica envolveram estudantes \/\/ Cr\u00e9dito: Divulga\u00e7\u00e3o<\/figcaption><\/figure><\/li><\/ul><a class=\"wp-block-jetpack-slideshow_button-prev swiper-button-prev swiper-button-white\" role=\"button\"><\/a><a class=\"wp-block-jetpack-slideshow_button-next swiper-button-next swiper-button-white\" role=\"button\"><\/a><a aria-label=\"Pause Slideshow\" class=\"wp-block-jetpack-slideshow_button-pause\" role=\"button\"><\/a><div class=\"wp-block-jetpack-slideshow_pagination swiper-pagination swiper-pagination-white\"><\/div><\/div><\/div>\n","protected":false},"excerpt":{"rendered":"<p>O projeto \u201cACERTE \u2013 Harmonia na Comunidade\u201d foi realizado em Teut\u00f4nia e acaba de concluir mais uma etapa marcada por inclus\u00e3o, aprendizado e desenvolvimento humano por meio da m\u00fasica. A iniciativa ofereceu oficinas gratuitas de violoncelo, flauta transversal e clarinete, beneficiando diretamente 12 crian\u00e7as e jovens e impactando mais de 150 pessoas indiretamente, entre familiares [&hellip;]<\/p>\n","protected":false},"author":8,"featured_media":200334,"comment_status":"open","ping_status":"open","sticky":false,"template":"","format":"standard","meta":{"pmpro_default_level":"","_jetpack_memberships_contains_paid_content":false,"footnotes":""},"categories":[10996,6,10997],"tags":[20209,1124,26],"class_list":{"0":"post-200311","1":"post","2":"type-post","3":"status-publish","4":"format-standard","5":"has-post-thumbnail","7":"category-cultura","8":"category-inclusive","9":"category-variedades","10":"tag-acerte-harmonia-na-comunidade","11":"tag-inclusao","12":"tag-teutonia","13":"pmpro-has-access"},"yoast_head":"<!-- This site is optimized with the Yoast SEO plugin v27.5 - https:\/\/yoast.com\/product\/yoast-seo-wordpress\/ -->\n<title>Projeto \u201cACERTE \u2013 Harmonia na Comunidade\u201d leva m\u00fasica e transforma\u00e7\u00e3o a crian\u00e7as e jovens de Teut\u00f4nia - Folha Popular<\/title>\n<meta name=\"robots\" content=\"index, follow, max-snippet:-1, max-image-preview:large, max-video-preview:-1\" \/>\n<link rel=\"canonical\" href=\"https:\/\/folhapopular.info\/index.php\/2025\/04\/02\/projeto-acerte-harmonia-na-comunidade-leva-musica-e-transformacao-a-criancas-e-jovens-de-teutonia\/\" \/>\n<meta property=\"og:locale\" content=\"pt_BR\" \/>\n<meta property=\"og:type\" content=\"article\" \/>\n<meta property=\"og:title\" content=\"Projeto \u201cACERTE \u2013 Harmonia na Comunidade\u201d leva m\u00fasica e transforma\u00e7\u00e3o a crian\u00e7as e jovens de Teut\u00f4nia - Folha Popular\" \/>\n<meta property=\"og:description\" content=\"O projeto \u201cACERTE \u2013 Harmonia na Comunidade\u201d foi realizado em Teut\u00f4nia e acaba de concluir mais uma etapa marcada por inclus\u00e3o, aprendizado e desenvolvimento humano por meio da m\u00fasica. A iniciativa ofereceu oficinas gratuitas de violoncelo, flauta transversal e clarinete, beneficiando diretamente 12 crian\u00e7as e jovens e impactando mais de 150 pessoas indiretamente, entre familiares [&hellip;]\" \/>\n<meta property=\"og:url\" content=\"https:\/\/folhapopular.info\/index.php\/2025\/04\/02\/projeto-acerte-harmonia-na-comunidade-leva-musica-e-transformacao-a-criancas-e-jovens-de-teutonia\/\" \/>\n<meta property=\"og:site_name\" content=\"Folha Popular\" \/>\n<meta property=\"article:published_time\" content=\"2025-04-02T18:05:00+00:00\" \/>\n<meta property=\"article:modified_time\" content=\"2025-12-12T19:31:53+00:00\" \/>\n<meta property=\"og:image\" content=\"http:\/\/folhapopular.info\/wp-content\/uploads\/2025\/12\/Comunidade-escolar-pode-acompanhar-o-trabalho-dos-estudantes_Div-1-e1765567828343.jpg\" \/>\n\t<meta property=\"og:image:width\" content=\"960\" \/>\n\t<meta property=\"og:image:height\" content=\"922\" \/>\n\t<meta property=\"og:image:type\" content=\"image\/jpeg\" \/>\n<meta name=\"author\" content=\"Reda\u00e7\u00e3o Folha Popular\" \/>\n<meta name=\"twitter:card\" content=\"summary_large_image\" \/>\n<meta name=\"twitter:label1\" content=\"Escrito por\" \/>\n\t<meta name=\"twitter:data1\" content=\"Reda\u00e7\u00e3o Folha Popular\" \/>\n\t<meta name=\"twitter:label2\" content=\"Est. tempo de leitura\" \/>\n\t<meta name=\"twitter:data2\" content=\"3 minutos\" \/>\n<script type=\"application\/ld+json\" class=\"yoast-schema-graph\">{\"@context\":\"https:\\\/\\\/schema.org\",\"@graph\":[{\"@type\":\"Article\",\"@id\":\"https:\\\/\\\/folhapopular.info\\\/index.php\\\/2025\\\/04\\\/02\\\/projeto-acerte-harmonia-na-comunidade-leva-musica-e-transformacao-a-criancas-e-jovens-de-teutonia\\\/#article\",\"isPartOf\":{\"@id\":\"https:\\\/\\\/folhapopular.info\\\/index.php\\\/2025\\\/04\\\/02\\\/projeto-acerte-harmonia-na-comunidade-leva-musica-e-transformacao-a-criancas-e-jovens-de-teutonia\\\/\"},\"author\":{\"name\":\"Reda\u00e7\u00e3o Folha Popular\",\"@id\":\"https:\\\/\\\/folhapopular.info\\\/#\\\/schema\\\/person\\\/2814e8a0df7643585a9ca38bc6eb9d4b\"},\"headline\":\"Projeto \u201cACERTE \u2013 Harmonia na Comunidade\u201d leva m\u00fasica e transforma\u00e7\u00e3o a crian\u00e7as e jovens de Teut\u00f4nia\",\"datePublished\":\"2025-04-02T18:05:00+00:00\",\"dateModified\":\"2025-12-12T19:31:53+00:00\",\"mainEntityOfPage\":{\"@id\":\"https:\\\/\\\/folhapopular.info\\\/index.php\\\/2025\\\/04\\\/02\\\/projeto-acerte-harmonia-na-comunidade-leva-musica-e-transformacao-a-criancas-e-jovens-de-teutonia\\\/\"},\"wordCount\":308,\"commentCount\":0,\"image\":{\"@id\":\"https:\\\/\\\/folhapopular.info\\\/index.php\\\/2025\\\/04\\\/02\\\/projeto-acerte-harmonia-na-comunidade-leva-musica-e-transformacao-a-criancas-e-jovens-de-teutonia\\\/#primaryimage\"},\"thumbnailUrl\":\"https:\\\/\\\/folhapopular.info\\\/wp-content\\\/uploads\\\/2025\\\/12\\\/Comunidade-escolar-pode-acompanhar-o-trabalho-dos-estudantes_Div-1-e1765567828343.jpg\",\"keywords\":[\"ACERTE Harmonia na Comunidade\",\"Inclus\u00e3o\",\"Teut\u00f4nia\"],\"articleSection\":[\"Cultura\",\"Inclusive\",\"Variedades\"],\"inLanguage\":\"pt-BR\",\"potentialAction\":[{\"@type\":\"CommentAction\",\"name\":\"Comment\",\"target\":[\"https:\\\/\\\/folhapopular.info\\\/index.php\\\/2025\\\/04\\\/02\\\/projeto-acerte-harmonia-na-comunidade-leva-musica-e-transformacao-a-criancas-e-jovens-de-teutonia\\\/#respond\"]}]},{\"@type\":\"WebPage\",\"@id\":\"https:\\\/\\\/folhapopular.info\\\/index.php\\\/2025\\\/04\\\/02\\\/projeto-acerte-harmonia-na-comunidade-leva-musica-e-transformacao-a-criancas-e-jovens-de-teutonia\\\/\",\"url\":\"https:\\\/\\\/folhapopular.info\\\/index.php\\\/2025\\\/04\\\/02\\\/projeto-acerte-harmonia-na-comunidade-leva-musica-e-transformacao-a-criancas-e-jovens-de-teutonia\\\/\",\"name\":\"Projeto \u201cACERTE \u2013 Harmonia na Comunidade\u201d leva m\u00fasica e transforma\u00e7\u00e3o a crian\u00e7as e jovens de Teut\u00f4nia - Folha Popular\",\"isPartOf\":{\"@id\":\"https:\\\/\\\/folhapopular.info\\\/#website\"},\"primaryImageOfPage\":{\"@id\":\"https:\\\/\\\/folhapopular.info\\\/index.php\\\/2025\\\/04\\\/02\\\/projeto-acerte-harmonia-na-comunidade-leva-musica-e-transformacao-a-criancas-e-jovens-de-teutonia\\\/#primaryimage\"},\"image\":{\"@id\":\"https:\\\/\\\/folhapopular.info\\\/index.php\\\/2025\\\/04\\\/02\\\/projeto-acerte-harmonia-na-comunidade-leva-musica-e-transformacao-a-criancas-e-jovens-de-teutonia\\\/#primaryimage\"},\"thumbnailUrl\":\"https:\\\/\\\/folhapopular.info\\\/wp-content\\\/uploads\\\/2025\\\/12\\\/Comunidade-escolar-pode-acompanhar-o-trabalho-dos-estudantes_Div-1-e1765567828343.jpg\",\"datePublished\":\"2025-04-02T18:05:00+00:00\",\"dateModified\":\"2025-12-12T19:31:53+00:00\",\"author\":{\"@id\":\"https:\\\/\\\/folhapopular.info\\\/#\\\/schema\\\/person\\\/2814e8a0df7643585a9ca38bc6eb9d4b\"},\"breadcrumb\":{\"@id\":\"https:\\\/\\\/folhapopular.info\\\/index.php\\\/2025\\\/04\\\/02\\\/projeto-acerte-harmonia-na-comunidade-leva-musica-e-transformacao-a-criancas-e-jovens-de-teutonia\\\/#breadcrumb\"},\"inLanguage\":\"pt-BR\",\"potentialAction\":[{\"@type\":\"ReadAction\",\"target\":[\"https:\\\/\\\/folhapopular.info\\\/index.php\\\/2025\\\/04\\\/02\\\/projeto-acerte-harmonia-na-comunidade-leva-musica-e-transformacao-a-criancas-e-jovens-de-teutonia\\\/\"]}]},{\"@type\":\"ImageObject\",\"inLanguage\":\"pt-BR\",\"@id\":\"https:\\\/\\\/folhapopular.info\\\/index.php\\\/2025\\\/04\\\/02\\\/projeto-acerte-harmonia-na-comunidade-leva-musica-e-transformacao-a-criancas-e-jovens-de-teutonia\\\/#primaryimage\",\"url\":\"https:\\\/\\\/folhapopular.info\\\/wp-content\\\/uploads\\\/2025\\\/12\\\/Comunidade-escolar-pode-acompanhar-o-trabalho-dos-estudantes_Div-1-e1765567828343.jpg\",\"contentUrl\":\"https:\\\/\\\/folhapopular.info\\\/wp-content\\\/uploads\\\/2025\\\/12\\\/Comunidade-escolar-pode-acompanhar-o-trabalho-dos-estudantes_Div-1-e1765567828343.jpg\",\"width\":960,\"height\":922,\"caption\":\"Comunidade escolar p\u00f4de acompanhar o trabalho dos estudantes \\\/\\\/ Cr\u00e9dito: Divulga\u00e7\u00e3o\"},{\"@type\":\"BreadcrumbList\",\"@id\":\"https:\\\/\\\/folhapopular.info\\\/index.php\\\/2025\\\/04\\\/02\\\/projeto-acerte-harmonia-na-comunidade-leva-musica-e-transformacao-a-criancas-e-jovens-de-teutonia\\\/#breadcrumb\",\"itemListElement\":[{\"@type\":\"ListItem\",\"position\":1,\"name\":\"In\u00edcio\",\"item\":\"https:\\\/\\\/folhapopular.info\\\/\"},{\"@type\":\"ListItem\",\"position\":2,\"name\":\"Projeto \u201cACERTE \u2013 Harmonia na Comunidade\u201d leva m\u00fasica e transforma\u00e7\u00e3o a crian\u00e7as e jovens de Teut\u00f4nia\"}]},{\"@type\":\"WebSite\",\"@id\":\"https:\\\/\\\/folhapopular.info\\\/#website\",\"url\":\"https:\\\/\\\/folhapopular.info\\\/\",\"name\":\"Folha Popular\",\"description\":\"Onde voc\u00ea tem vez e voz\",\"potentialAction\":[{\"@type\":\"SearchAction\",\"target\":{\"@type\":\"EntryPoint\",\"urlTemplate\":\"https:\\\/\\\/folhapopular.info\\\/?s={search_term_string}\"},\"query-input\":{\"@type\":\"PropertyValueSpecification\",\"valueRequired\":true,\"valueName\":\"search_term_string\"}}],\"inLanguage\":\"pt-BR\"},{\"@type\":\"Person\",\"@id\":\"https:\\\/\\\/folhapopular.info\\\/#\\\/schema\\\/person\\\/2814e8a0df7643585a9ca38bc6eb9d4b\",\"name\":\"Reda\u00e7\u00e3o Folha Popular\",\"image\":{\"@type\":\"ImageObject\",\"inLanguage\":\"pt-BR\",\"@id\":\"https:\\\/\\\/folhapopular.info\\\/wp-content\\\/uploads\\\/2026\\\/04\\\/Folha-1.webp\",\"url\":\"https:\\\/\\\/folhapopular.info\\\/wp-content\\\/uploads\\\/2026\\\/04\\\/Folha-1.webp\",\"contentUrl\":\"https:\\\/\\\/folhapopular.info\\\/wp-content\\\/uploads\\\/2026\\\/04\\\/Folha-1.webp\",\"caption\":\"Reda\u00e7\u00e3o Folha Popular\"},\"url\":\"https:\\\/\\\/folhapopular.info\\\/index.php\\\/author\\\/redacao\\\/\"}]}<\/script>\n<!-- \/ Yoast SEO plugin. -->","yoast_head_json":{"title":"Projeto \u201cACERTE \u2013 Harmonia na Comunidade\u201d leva m\u00fasica e transforma\u00e7\u00e3o a crian\u00e7as e jovens de Teut\u00f4nia - Folha Popular","robots":{"index":"index","follow":"follow","max-snippet":"max-snippet:-1","max-image-preview":"max-image-preview:large","max-video-preview":"max-video-preview:-1"},"canonical":"https:\/\/folhapopular.info\/index.php\/2025\/04\/02\/projeto-acerte-harmonia-na-comunidade-leva-musica-e-transformacao-a-criancas-e-jovens-de-teutonia\/","og_locale":"pt_BR","og_type":"article","og_title":"Projeto \u201cACERTE \u2013 Harmonia na Comunidade\u201d leva m\u00fasica e transforma\u00e7\u00e3o a crian\u00e7as e jovens de Teut\u00f4nia - Folha Popular","og_description":"O projeto \u201cACERTE \u2013 Harmonia na Comunidade\u201d foi realizado em Teut\u00f4nia e acaba de concluir mais uma etapa marcada por inclus\u00e3o, aprendizado e desenvolvimento humano por meio da m\u00fasica. A iniciativa ofereceu oficinas gratuitas de violoncelo, flauta transversal e clarinete, beneficiando diretamente 12 crian\u00e7as e jovens e impactando mais de 150 pessoas indiretamente, entre familiares [&hellip;]","og_url":"https:\/\/folhapopular.info\/index.php\/2025\/04\/02\/projeto-acerte-harmonia-na-comunidade-leva-musica-e-transformacao-a-criancas-e-jovens-de-teutonia\/","og_site_name":"Folha Popular","article_published_time":"2025-04-02T18:05:00+00:00","article_modified_time":"2025-12-12T19:31:53+00:00","og_image":[{"width":960,"height":922,"url":"http:\/\/folhapopular.info\/wp-content\/uploads\/2025\/12\/Comunidade-escolar-pode-acompanhar-o-trabalho-dos-estudantes_Div-1-e1765567828343.jpg","type":"image\/jpeg"}],"author":"Reda\u00e7\u00e3o Folha Popular","twitter_card":"summary_large_image","twitter_misc":{"Escrito por":"Reda\u00e7\u00e3o Folha Popular","Est. tempo de leitura":"3 minutos"},"schema":{"@context":"https:\/\/schema.org","@graph":[{"@type":"Article","@id":"https:\/\/folhapopular.info\/index.php\/2025\/04\/02\/projeto-acerte-harmonia-na-comunidade-leva-musica-e-transformacao-a-criancas-e-jovens-de-teutonia\/#article","isPartOf":{"@id":"https:\/\/folhapopular.info\/index.php\/2025\/04\/02\/projeto-acerte-harmonia-na-comunidade-leva-musica-e-transformacao-a-criancas-e-jovens-de-teutonia\/"},"author":{"name":"Reda\u00e7\u00e3o Folha Popular","@id":"https:\/\/folhapopular.info\/#\/schema\/person\/2814e8a0df7643585a9ca38bc6eb9d4b"},"headline":"Projeto \u201cACERTE \u2013 Harmonia na Comunidade\u201d leva m\u00fasica e transforma\u00e7\u00e3o a crian\u00e7as e jovens de Teut\u00f4nia","datePublished":"2025-04-02T18:05:00+00:00","dateModified":"2025-12-12T19:31:53+00:00","mainEntityOfPage":{"@id":"https:\/\/folhapopular.info\/index.php\/2025\/04\/02\/projeto-acerte-harmonia-na-comunidade-leva-musica-e-transformacao-a-criancas-e-jovens-de-teutonia\/"},"wordCount":308,"commentCount":0,"image":{"@id":"https:\/\/folhapopular.info\/index.php\/2025\/04\/02\/projeto-acerte-harmonia-na-comunidade-leva-musica-e-transformacao-a-criancas-e-jovens-de-teutonia\/#primaryimage"},"thumbnailUrl":"https:\/\/folhapopular.info\/wp-content\/uploads\/2025\/12\/Comunidade-escolar-pode-acompanhar-o-trabalho-dos-estudantes_Div-1-e1765567828343.jpg","keywords":["ACERTE Harmonia na Comunidade","Inclus\u00e3o","Teut\u00f4nia"],"articleSection":["Cultura","Inclusive","Variedades"],"inLanguage":"pt-BR","potentialAction":[{"@type":"CommentAction","name":"Comment","target":["https:\/\/folhapopular.info\/index.php\/2025\/04\/02\/projeto-acerte-harmonia-na-comunidade-leva-musica-e-transformacao-a-criancas-e-jovens-de-teutonia\/#respond"]}]},{"@type":"WebPage","@id":"https:\/\/folhapopular.info\/index.php\/2025\/04\/02\/projeto-acerte-harmonia-na-comunidade-leva-musica-e-transformacao-a-criancas-e-jovens-de-teutonia\/","url":"https:\/\/folhapopular.info\/index.php\/2025\/04\/02\/projeto-acerte-harmonia-na-comunidade-leva-musica-e-transformacao-a-criancas-e-jovens-de-teutonia\/","name":"Projeto \u201cACERTE \u2013 Harmonia na Comunidade\u201d leva m\u00fasica e transforma\u00e7\u00e3o a crian\u00e7as e jovens de Teut\u00f4nia - Folha Popular","isPartOf":{"@id":"https:\/\/folhapopular.info\/#website"},"primaryImageOfPage":{"@id":"https:\/\/folhapopular.info\/index.php\/2025\/04\/02\/projeto-acerte-harmonia-na-comunidade-leva-musica-e-transformacao-a-criancas-e-jovens-de-teutonia\/#primaryimage"},"image":{"@id":"https:\/\/folhapopular.info\/index.php\/2025\/04\/02\/projeto-acerte-harmonia-na-comunidade-leva-musica-e-transformacao-a-criancas-e-jovens-de-teutonia\/#primaryimage"},"thumbnailUrl":"https:\/\/folhapopular.info\/wp-content\/uploads\/2025\/12\/Comunidade-escolar-pode-acompanhar-o-trabalho-dos-estudantes_Div-1-e1765567828343.jpg","datePublished":"2025-04-02T18:05:00+00:00","dateModified":"2025-12-12T19:31:53+00:00","author":{"@id":"https:\/\/folhapopular.info\/#\/schema\/person\/2814e8a0df7643585a9ca38bc6eb9d4b"},"breadcrumb":{"@id":"https:\/\/folhapopular.info\/index.php\/2025\/04\/02\/projeto-acerte-harmonia-na-comunidade-leva-musica-e-transformacao-a-criancas-e-jovens-de-teutonia\/#breadcrumb"},"inLanguage":"pt-BR","potentialAction":[{"@type":"ReadAction","target":["https:\/\/folhapopular.info\/index.php\/2025\/04\/02\/projeto-acerte-harmonia-na-comunidade-leva-musica-e-transformacao-a-criancas-e-jovens-de-teutonia\/"]}]},{"@type":"ImageObject","inLanguage":"pt-BR","@id":"https:\/\/folhapopular.info\/index.php\/2025\/04\/02\/projeto-acerte-harmonia-na-comunidade-leva-musica-e-transformacao-a-criancas-e-jovens-de-teutonia\/#primaryimage","url":"https:\/\/folhapopular.info\/wp-content\/uploads\/2025\/12\/Comunidade-escolar-pode-acompanhar-o-trabalho-dos-estudantes_Div-1-e1765567828343.jpg","contentUrl":"https:\/\/folhapopular.info\/wp-content\/uploads\/2025\/12\/Comunidade-escolar-pode-acompanhar-o-trabalho-dos-estudantes_Div-1-e1765567828343.jpg","width":960,"height":922,"caption":"Comunidade escolar p\u00f4de acompanhar o trabalho dos estudantes \/\/ Cr\u00e9dito: Divulga\u00e7\u00e3o"},{"@type":"BreadcrumbList","@id":"https:\/\/folhapopular.info\/index.php\/2025\/04\/02\/projeto-acerte-harmonia-na-comunidade-leva-musica-e-transformacao-a-criancas-e-jovens-de-teutonia\/#breadcrumb","itemListElement":[{"@type":"ListItem","position":1,"name":"In\u00edcio","item":"https:\/\/folhapopular.info\/"},{"@type":"ListItem","position":2,"name":"Projeto \u201cACERTE \u2013 Harmonia na Comunidade\u201d leva m\u00fasica e transforma\u00e7\u00e3o a crian\u00e7as e jovens de Teut\u00f4nia"}]},{"@type":"WebSite","@id":"https:\/\/folhapopular.info\/#website","url":"https:\/\/folhapopular.info\/","name":"Folha Popular","description":"Onde voc\u00ea tem vez e voz","potentialAction":[{"@type":"SearchAction","target":{"@type":"EntryPoint","urlTemplate":"https:\/\/folhapopular.info\/?s={search_term_string}"},"query-input":{"@type":"PropertyValueSpecification","valueRequired":true,"valueName":"search_term_string"}}],"inLanguage":"pt-BR"},{"@type":"Person","@id":"https:\/\/folhapopular.info\/#\/schema\/person\/2814e8a0df7643585a9ca38bc6eb9d4b","name":"Reda\u00e7\u00e3o Folha Popular","image":{"@type":"ImageObject","inLanguage":"pt-BR","@id":"https:\/\/folhapopular.info\/wp-content\/uploads\/2026\/04\/Folha-1.webp","url":"https:\/\/folhapopular.info\/wp-content\/uploads\/2026\/04\/Folha-1.webp","contentUrl":"https:\/\/folhapopular.info\/wp-content\/uploads\/2026\/04\/Folha-1.webp","caption":"Reda\u00e7\u00e3o Folha Popular"},"url":"https:\/\/folhapopular.info\/index.php\/author\/redacao\/"}]}},"jetpack_featured_media_url":"https:\/\/folhapopular.info\/wp-content\/uploads\/2025\/12\/Comunidade-escolar-pode-acompanhar-o-trabalho-dos-estudantes_Div-1-e1765567828343.jpg","jetpack_sharing_enabled":true,"amp_enabled":true,"_links":{"self":[{"href":"https:\/\/folhapopular.info\/index.php\/wp-json\/wp\/v2\/posts\/200311","targetHints":{"allow":["GET"]}}],"collection":[{"href":"https:\/\/folhapopular.info\/index.php\/wp-json\/wp\/v2\/posts"}],"about":[{"href":"https:\/\/folhapopular.info\/index.php\/wp-json\/wp\/v2\/types\/post"}],"author":[{"embeddable":true,"href":"https:\/\/folhapopular.info\/index.php\/wp-json\/wp\/v2\/users\/8"}],"replies":[{"embeddable":true,"href":"https:\/\/folhapopular.info\/index.php\/wp-json\/wp\/v2\/comments?post=200311"}],"version-history":[{"count":0,"href":"https:\/\/folhapopular.info\/index.php\/wp-json\/wp\/v2\/posts\/200311\/revisions"}],"wp:featuredmedia":[{"embeddable":true,"href":"https:\/\/folhapopular.info\/index.php\/wp-json\/wp\/v2\/media\/200334"}],"wp:attachment":[{"href":"https:\/\/folhapopular.info\/index.php\/wp-json\/wp\/v2\/media?parent=200311"}],"wp:term":[{"taxonomy":"category","embeddable":true,"href":"https:\/\/folhapopular.info\/index.php\/wp-json\/wp\/v2\/categories?post=200311"},{"taxonomy":"post_tag","embeddable":true,"href":"https:\/\/folhapopular.info\/index.php\/wp-json\/wp\/v2\/tags?post=200311"}],"curies":[{"name":"wp","href":"https:\/\/api.w.org\/{rel}","templated":true}]}}