{"id":200512,"date":"2025-12-16T17:00:00","date_gmt":"2025-12-16T20:00:00","guid":{"rendered":"https:\/\/folhapopular.info\/?p=200512"},"modified":"2025-12-16T11:10:49","modified_gmt":"2025-12-16T14:10:49","slug":"apl-alimentos-e-bebidas-vt-promove-debate-sobre-os-impactos-da-reforma-tributaria","status":"publish","type":"post","link":"https:\/\/folhapopular.info\/index.php\/2025\/12\/16\/apl-alimentos-e-bebidas-vt-promove-debate-sobre-os-impactos-da-reforma-tributaria\/","title":{"rendered":"APL Alimentos e Bebidas VT promove debate sobre os impactos da Reforma Tribut\u00e1ria\u00a0\u00a0"},"content":{"rendered":"\n<p>O Arranjo Produtivo Local (APL) Alimentos e Bebidas Vale do Taquari promoveu um encontro no audit\u00f3rio do Sicredi Integra\u00e7\u00e3o RS\/MG em Lajeado no dia 2 de dezembro. O Doutor em Direito Tribut\u00e1rio, vice-presidente Jur\u00eddico da Federasul e s\u00f3cio do escrit\u00f3rio Terra Machado e Citolin Advogados, Milton Terra Machado, esteve presente.<\/p>\n\n\n\n<p>Durante a palestra, Machado destacou que a necessidade de uma reforma tribut\u00e1ria \u00e9 amplamente reconhecida, mas alertou que \u00e9 fundamental compreender\u00a0<em>qual<\/em>\u00a0reforma deve ser implementada. <\/p>\n\n\n\n<p>O especialista recordou que acompanha mudan\u00e7as no sistema tribut\u00e1rio h\u00e1 mais de duas d\u00e9cadas e afirmou que, historicamente, as altera\u00e7\u00f5es realizadas nunca reduziram a carga.<\/p>\n\n\n\n<p>Apesar do cen\u00e1rio desafiador, o palestrante refor\u00e7ou que ainda h\u00e1 espa\u00e7o para debate e aperfei\u00e7oamento da legisla\u00e7\u00e3o: \u201c\u00c9 preciso mobilizar, participar, reclamar. N\u00e3o podemos tratar a reforma como algo resolvido. H\u00e1 tempo para corrigir os rumos, e a sociedade deve exigir isso.\u201d<\/p>\n\n\n\n<p>Representando a coordena\u00e7\u00e3o do APL, Ivandro Carlos Rosa destacou o papel da uni\u00e3o regional: \u201cO APL promove um ambiente de coopera\u00e7\u00e3o e colabora\u00e7\u00e3o, no qual o associativismo se torna um verdadeiro dinamizador das empresas. Pensamos coletivamente, como setor, e fortalecemos as estruturas locais que nos unem.\u201d<\/p>\n\n\n\n<p><\/p>\n","protected":false},"excerpt":{"rendered":"<p>O Arranjo Produtivo Local (APL) Alimentos e Bebidas Vale do Taquari promoveu um encontro no audit\u00f3rio do Sicredi Integra\u00e7\u00e3o RS\/MG em Lajeado no dia 2 de dezembro. O Doutor em Direito Tribut\u00e1rio, vice-presidente Jur\u00eddico da Federasul e s\u00f3cio do escrit\u00f3rio Terra Machado e Citolin Advogados, Milton Terra Machado, esteve presente. Durante a palestra, Machado destacou [&hellip;]<\/p>\n","protected":false},"author":8,"featured_media":200513,"comment_status":"open","ping_status":"open","sticky":false,"template":"","format":"standard","meta":{"pmpro_default_level":"","_jetpack_memberships_contains_paid_content":false,"footnotes":""},"categories":[2,10991],"tags":[15369,20226,6123],"class_list":{"0":"post-200512","1":"post","2":"type-post","3":"status-publish","4":"format-standard","5":"has-post-thumbnail","7":"category-featured","8":"category-economia","9":"tag-apl-alimento-e-bebidas","10":"tag-apl-vt","11":"tag-reforma-tributaria","12":"pmpro-has-access"},"yoast_head":"<!-- This site is optimized with the Yoast SEO plugin v27.5 - https:\/\/yoast.com\/product\/yoast-seo-wordpress\/ -->\n<title>APL Alimentos e Bebidas VT promove debate sobre os impactos da Reforma Tribut\u00e1ria\u00a0\u00a0 - Folha Popular<\/title>\n<meta name=\"robots\" content=\"index, follow, max-snippet:-1, max-image-preview:large, max-video-preview:-1\" \/>\n<link rel=\"canonical\" href=\"https:\/\/folhapopular.info\/index.php\/2025\/12\/16\/apl-alimentos-e-bebidas-vt-promove-debate-sobre-os-impactos-da-reforma-tributaria\/\" \/>\n<meta property=\"og:locale\" content=\"pt_BR\" \/>\n<meta property=\"og:type\" content=\"article\" \/>\n<meta property=\"og:title\" content=\"APL Alimentos e Bebidas VT promove debate sobre os impactos da Reforma Tribut\u00e1ria\u00a0\u00a0 - Folha Popular\" \/>\n<meta property=\"og:description\" content=\"O Arranjo Produtivo Local (APL) Alimentos e Bebidas Vale do Taquari promoveu um encontro no audit\u00f3rio do Sicredi Integra\u00e7\u00e3o RS\/MG em Lajeado no dia 2 de dezembro. O Doutor em Direito Tribut\u00e1rio, vice-presidente Jur\u00eddico da Federasul e s\u00f3cio do escrit\u00f3rio Terra Machado e Citolin Advogados, Milton Terra Machado, esteve presente. Durante a palestra, Machado destacou [&hellip;]\" \/>\n<meta property=\"og:url\" content=\"https:\/\/folhapopular.info\/index.php\/2025\/12\/16\/apl-alimentos-e-bebidas-vt-promove-debate-sobre-os-impactos-da-reforma-tributaria\/\" \/>\n<meta property=\"og:site_name\" content=\"Folha Popular\" \/>\n<meta property=\"article:published_time\" content=\"2025-12-16T20:00:00+00:00\" \/>\n<meta property=\"og:image\" content=\"https:\/\/folhapopular.info\/wp-content\/uploads\/2025\/12\/novembro-Palestrante.jpg\" \/>\n\t<meta property=\"og:image:width\" content=\"1600\" \/>\n\t<meta property=\"og:image:height\" content=\"739\" \/>\n\t<meta property=\"og:image:type\" content=\"image\/jpeg\" \/>\n<meta name=\"author\" content=\"Reda\u00e7\u00e3o Folha Popular\" \/>\n<meta name=\"twitter:card\" content=\"summary_large_image\" \/>\n<meta name=\"twitter:label1\" content=\"Escrito por\" \/>\n\t<meta name=\"twitter:data1\" content=\"Reda\u00e7\u00e3o Folha Popular\" \/>\n\t<meta name=\"twitter:label2\" content=\"Est. tempo de leitura\" \/>\n\t<meta name=\"twitter:data2\" content=\"2 minutos\" \/>\n<script type=\"application\/ld+json\" class=\"yoast-schema-graph\">{\"@context\":\"https:\\\/\\\/schema.org\",\"@graph\":[{\"@type\":\"Article\",\"@id\":\"https:\\\/\\\/folhapopular.info\\\/index.php\\\/2025\\\/12\\\/16\\\/apl-alimentos-e-bebidas-vt-promove-debate-sobre-os-impactos-da-reforma-tributaria\\\/#article\",\"isPartOf\":{\"@id\":\"https:\\\/\\\/folhapopular.info\\\/index.php\\\/2025\\\/12\\\/16\\\/apl-alimentos-e-bebidas-vt-promove-debate-sobre-os-impactos-da-reforma-tributaria\\\/\"},\"author\":{\"name\":\"Reda\u00e7\u00e3o Folha Popular\",\"@id\":\"https:\\\/\\\/folhapopular.info\\\/#\\\/schema\\\/person\\\/2814e8a0df7643585a9ca38bc6eb9d4b\"},\"headline\":\"APL Alimentos e Bebidas VT promove debate sobre os impactos da Reforma Tribut\u00e1ria\u00a0\u00a0\",\"datePublished\":\"2025-12-16T20:00:00+00:00\",\"mainEntityOfPage\":{\"@id\":\"https:\\\/\\\/folhapopular.info\\\/index.php\\\/2025\\\/12\\\/16\\\/apl-alimentos-e-bebidas-vt-promove-debate-sobre-os-impactos-da-reforma-tributaria\\\/\"},\"wordCount\":221,\"commentCount\":0,\"image\":{\"@id\":\"https:\\\/\\\/folhapopular.info\\\/index.php\\\/2025\\\/12\\\/16\\\/apl-alimentos-e-bebidas-vt-promove-debate-sobre-os-impactos-da-reforma-tributaria\\\/#primaryimage\"},\"thumbnailUrl\":\"https:\\\/\\\/folhapopular.info\\\/wp-content\\\/uploads\\\/2025\\\/12\\\/novembro-Palestrante.jpg\",\"keywords\":[\"APL Alimento e Bebidas\",\"APL VT\",\"Reforma Tribut\u00e1ria\"],\"articleSection\":[\"Destaques\",\"Economia\"],\"inLanguage\":\"pt-BR\",\"potentialAction\":[{\"@type\":\"CommentAction\",\"name\":\"Comment\",\"target\":[\"https:\\\/\\\/folhapopular.info\\\/index.php\\\/2025\\\/12\\\/16\\\/apl-alimentos-e-bebidas-vt-promove-debate-sobre-os-impactos-da-reforma-tributaria\\\/#respond\"]}]},{\"@type\":\"WebPage\",\"@id\":\"https:\\\/\\\/folhapopular.info\\\/index.php\\\/2025\\\/12\\\/16\\\/apl-alimentos-e-bebidas-vt-promove-debate-sobre-os-impactos-da-reforma-tributaria\\\/\",\"url\":\"https:\\\/\\\/folhapopular.info\\\/index.php\\\/2025\\\/12\\\/16\\\/apl-alimentos-e-bebidas-vt-promove-debate-sobre-os-impactos-da-reforma-tributaria\\\/\",\"name\":\"APL Alimentos e Bebidas VT promove debate sobre os impactos da Reforma Tribut\u00e1ria\u00a0\u00a0 - Folha Popular\",\"isPartOf\":{\"@id\":\"https:\\\/\\\/folhapopular.info\\\/#website\"},\"primaryImageOfPage\":{\"@id\":\"https:\\\/\\\/folhapopular.info\\\/index.php\\\/2025\\\/12\\\/16\\\/apl-alimentos-e-bebidas-vt-promove-debate-sobre-os-impactos-da-reforma-tributaria\\\/#primaryimage\"},\"image\":{\"@id\":\"https:\\\/\\\/folhapopular.info\\\/index.php\\\/2025\\\/12\\\/16\\\/apl-alimentos-e-bebidas-vt-promove-debate-sobre-os-impactos-da-reforma-tributaria\\\/#primaryimage\"},\"thumbnailUrl\":\"https:\\\/\\\/folhapopular.info\\\/wp-content\\\/uploads\\\/2025\\\/12\\\/novembro-Palestrante.jpg\",\"datePublished\":\"2025-12-16T20:00:00+00:00\",\"author\":{\"@id\":\"https:\\\/\\\/folhapopular.info\\\/#\\\/schema\\\/person\\\/2814e8a0df7643585a9ca38bc6eb9d4b\"},\"breadcrumb\":{\"@id\":\"https:\\\/\\\/folhapopular.info\\\/index.php\\\/2025\\\/12\\\/16\\\/apl-alimentos-e-bebidas-vt-promove-debate-sobre-os-impactos-da-reforma-tributaria\\\/#breadcrumb\"},\"inLanguage\":\"pt-BR\",\"potentialAction\":[{\"@type\":\"ReadAction\",\"target\":[\"https:\\\/\\\/folhapopular.info\\\/index.php\\\/2025\\\/12\\\/16\\\/apl-alimentos-e-bebidas-vt-promove-debate-sobre-os-impactos-da-reforma-tributaria\\\/\"]}]},{\"@type\":\"ImageObject\",\"inLanguage\":\"pt-BR\",\"@id\":\"https:\\\/\\\/folhapopular.info\\\/index.php\\\/2025\\\/12\\\/16\\\/apl-alimentos-e-bebidas-vt-promove-debate-sobre-os-impactos-da-reforma-tributaria\\\/#primaryimage\",\"url\":\"https:\\\/\\\/folhapopular.info\\\/wp-content\\\/uploads\\\/2025\\\/12\\\/novembro-Palestrante.jpg\",\"contentUrl\":\"https:\\\/\\\/folhapopular.info\\\/wp-content\\\/uploads\\\/2025\\\/12\\\/novembro-Palestrante.jpg\",\"width\":1600,\"height\":739,\"caption\":\"Cr\u00e9dito: Simone Wobeto \\\/ Divulga\u00e7\u00e3o APL\"},{\"@type\":\"BreadcrumbList\",\"@id\":\"https:\\\/\\\/folhapopular.info\\\/index.php\\\/2025\\\/12\\\/16\\\/apl-alimentos-e-bebidas-vt-promove-debate-sobre-os-impactos-da-reforma-tributaria\\\/#breadcrumb\",\"itemListElement\":[{\"@type\":\"ListItem\",\"position\":1,\"name\":\"In\u00edcio\",\"item\":\"https:\\\/\\\/folhapopular.info\\\/\"},{\"@type\":\"ListItem\",\"position\":2,\"name\":\"APL Alimentos e Bebidas VT promove debate sobre os impactos da Reforma Tribut\u00e1ria\u00a0\u00a0\"}]},{\"@type\":\"WebSite\",\"@id\":\"https:\\\/\\\/folhapopular.info\\\/#website\",\"url\":\"https:\\\/\\\/folhapopular.info\\\/\",\"name\":\"Folha Popular\",\"description\":\"Onde voc\u00ea tem vez e voz\",\"potentialAction\":[{\"@type\":\"SearchAction\",\"target\":{\"@type\":\"EntryPoint\",\"urlTemplate\":\"https:\\\/\\\/folhapopular.info\\\/?s={search_term_string}\"},\"query-input\":{\"@type\":\"PropertyValueSpecification\",\"valueRequired\":true,\"valueName\":\"search_term_string\"}}],\"inLanguage\":\"pt-BR\"},{\"@type\":\"Person\",\"@id\":\"https:\\\/\\\/folhapopular.info\\\/#\\\/schema\\\/person\\\/2814e8a0df7643585a9ca38bc6eb9d4b\",\"name\":\"Reda\u00e7\u00e3o Folha Popular\",\"image\":{\"@type\":\"ImageObject\",\"inLanguage\":\"pt-BR\",\"@id\":\"https:\\\/\\\/folhapopular.info\\\/wp-content\\\/uploads\\\/2026\\\/04\\\/Folha-1.webp\",\"url\":\"https:\\\/\\\/folhapopular.info\\\/wp-content\\\/uploads\\\/2026\\\/04\\\/Folha-1.webp\",\"contentUrl\":\"https:\\\/\\\/folhapopular.info\\\/wp-content\\\/uploads\\\/2026\\\/04\\\/Folha-1.webp\",\"caption\":\"Reda\u00e7\u00e3o Folha Popular\"},\"url\":\"https:\\\/\\\/folhapopular.info\\\/index.php\\\/author\\\/redacao\\\/\"}]}<\/script>\n<!-- \/ Yoast SEO plugin. -->","yoast_head_json":{"title":"APL Alimentos e Bebidas VT promove debate sobre os impactos da Reforma Tribut\u00e1ria\u00a0\u00a0 - Folha Popular","robots":{"index":"index","follow":"follow","max-snippet":"max-snippet:-1","max-image-preview":"max-image-preview:large","max-video-preview":"max-video-preview:-1"},"canonical":"https:\/\/folhapopular.info\/index.php\/2025\/12\/16\/apl-alimentos-e-bebidas-vt-promove-debate-sobre-os-impactos-da-reforma-tributaria\/","og_locale":"pt_BR","og_type":"article","og_title":"APL Alimentos e Bebidas VT promove debate sobre os impactos da Reforma Tribut\u00e1ria\u00a0\u00a0 - Folha Popular","og_description":"O Arranjo Produtivo Local (APL) Alimentos e Bebidas Vale do Taquari promoveu um encontro no audit\u00f3rio do Sicredi Integra\u00e7\u00e3o RS\/MG em Lajeado no dia 2 de dezembro. O Doutor em Direito Tribut\u00e1rio, vice-presidente Jur\u00eddico da Federasul e s\u00f3cio do escrit\u00f3rio Terra Machado e Citolin Advogados, Milton Terra Machado, esteve presente. Durante a palestra, Machado destacou [&hellip;]","og_url":"https:\/\/folhapopular.info\/index.php\/2025\/12\/16\/apl-alimentos-e-bebidas-vt-promove-debate-sobre-os-impactos-da-reforma-tributaria\/","og_site_name":"Folha Popular","article_published_time":"2025-12-16T20:00:00+00:00","og_image":[{"width":1600,"height":739,"url":"https:\/\/folhapopular.info\/wp-content\/uploads\/2025\/12\/novembro-Palestrante.jpg","type":"image\/jpeg"}],"author":"Reda\u00e7\u00e3o Folha Popular","twitter_card":"summary_large_image","twitter_misc":{"Escrito por":"Reda\u00e7\u00e3o Folha Popular","Est. tempo de leitura":"2 minutos"},"schema":{"@context":"https:\/\/schema.org","@graph":[{"@type":"Article","@id":"https:\/\/folhapopular.info\/index.php\/2025\/12\/16\/apl-alimentos-e-bebidas-vt-promove-debate-sobre-os-impactos-da-reforma-tributaria\/#article","isPartOf":{"@id":"https:\/\/folhapopular.info\/index.php\/2025\/12\/16\/apl-alimentos-e-bebidas-vt-promove-debate-sobre-os-impactos-da-reforma-tributaria\/"},"author":{"name":"Reda\u00e7\u00e3o Folha Popular","@id":"https:\/\/folhapopular.info\/#\/schema\/person\/2814e8a0df7643585a9ca38bc6eb9d4b"},"headline":"APL Alimentos e Bebidas VT promove debate sobre os impactos da Reforma Tribut\u00e1ria\u00a0\u00a0","datePublished":"2025-12-16T20:00:00+00:00","mainEntityOfPage":{"@id":"https:\/\/folhapopular.info\/index.php\/2025\/12\/16\/apl-alimentos-e-bebidas-vt-promove-debate-sobre-os-impactos-da-reforma-tributaria\/"},"wordCount":221,"commentCount":0,"image":{"@id":"https:\/\/folhapopular.info\/index.php\/2025\/12\/16\/apl-alimentos-e-bebidas-vt-promove-debate-sobre-os-impactos-da-reforma-tributaria\/#primaryimage"},"thumbnailUrl":"https:\/\/folhapopular.info\/wp-content\/uploads\/2025\/12\/novembro-Palestrante.jpg","keywords":["APL Alimento e Bebidas","APL VT","Reforma Tribut\u00e1ria"],"articleSection":["Destaques","Economia"],"inLanguage":"pt-BR","potentialAction":[{"@type":"CommentAction","name":"Comment","target":["https:\/\/folhapopular.info\/index.php\/2025\/12\/16\/apl-alimentos-e-bebidas-vt-promove-debate-sobre-os-impactos-da-reforma-tributaria\/#respond"]}]},{"@type":"WebPage","@id":"https:\/\/folhapopular.info\/index.php\/2025\/12\/16\/apl-alimentos-e-bebidas-vt-promove-debate-sobre-os-impactos-da-reforma-tributaria\/","url":"https:\/\/folhapopular.info\/index.php\/2025\/12\/16\/apl-alimentos-e-bebidas-vt-promove-debate-sobre-os-impactos-da-reforma-tributaria\/","name":"APL Alimentos e Bebidas VT promove debate sobre os impactos da Reforma Tribut\u00e1ria\u00a0\u00a0 - Folha Popular","isPartOf":{"@id":"https:\/\/folhapopular.info\/#website"},"primaryImageOfPage":{"@id":"https:\/\/folhapopular.info\/index.php\/2025\/12\/16\/apl-alimentos-e-bebidas-vt-promove-debate-sobre-os-impactos-da-reforma-tributaria\/#primaryimage"},"image":{"@id":"https:\/\/folhapopular.info\/index.php\/2025\/12\/16\/apl-alimentos-e-bebidas-vt-promove-debate-sobre-os-impactos-da-reforma-tributaria\/#primaryimage"},"thumbnailUrl":"https:\/\/folhapopular.info\/wp-content\/uploads\/2025\/12\/novembro-Palestrante.jpg","datePublished":"2025-12-16T20:00:00+00:00","author":{"@id":"https:\/\/folhapopular.info\/#\/schema\/person\/2814e8a0df7643585a9ca38bc6eb9d4b"},"breadcrumb":{"@id":"https:\/\/folhapopular.info\/index.php\/2025\/12\/16\/apl-alimentos-e-bebidas-vt-promove-debate-sobre-os-impactos-da-reforma-tributaria\/#breadcrumb"},"inLanguage":"pt-BR","potentialAction":[{"@type":"ReadAction","target":["https:\/\/folhapopular.info\/index.php\/2025\/12\/16\/apl-alimentos-e-bebidas-vt-promove-debate-sobre-os-impactos-da-reforma-tributaria\/"]}]},{"@type":"ImageObject","inLanguage":"pt-BR","@id":"https:\/\/folhapopular.info\/index.php\/2025\/12\/16\/apl-alimentos-e-bebidas-vt-promove-debate-sobre-os-impactos-da-reforma-tributaria\/#primaryimage","url":"https:\/\/folhapopular.info\/wp-content\/uploads\/2025\/12\/novembro-Palestrante.jpg","contentUrl":"https:\/\/folhapopular.info\/wp-content\/uploads\/2025\/12\/novembro-Palestrante.jpg","width":1600,"height":739,"caption":"Cr\u00e9dito: Simone Wobeto \/ Divulga\u00e7\u00e3o APL"},{"@type":"BreadcrumbList","@id":"https:\/\/folhapopular.info\/index.php\/2025\/12\/16\/apl-alimentos-e-bebidas-vt-promove-debate-sobre-os-impactos-da-reforma-tributaria\/#breadcrumb","itemListElement":[{"@type":"ListItem","position":1,"name":"In\u00edcio","item":"https:\/\/folhapopular.info\/"},{"@type":"ListItem","position":2,"name":"APL Alimentos e Bebidas VT promove debate sobre os impactos da Reforma Tribut\u00e1ria\u00a0\u00a0"}]},{"@type":"WebSite","@id":"https:\/\/folhapopular.info\/#website","url":"https:\/\/folhapopular.info\/","name":"Folha Popular","description":"Onde voc\u00ea tem vez e voz","potentialAction":[{"@type":"SearchAction","target":{"@type":"EntryPoint","urlTemplate":"https:\/\/folhapopular.info\/?s={search_term_string}"},"query-input":{"@type":"PropertyValueSpecification","valueRequired":true,"valueName":"search_term_string"}}],"inLanguage":"pt-BR"},{"@type":"Person","@id":"https:\/\/folhapopular.info\/#\/schema\/person\/2814e8a0df7643585a9ca38bc6eb9d4b","name":"Reda\u00e7\u00e3o Folha Popular","image":{"@type":"ImageObject","inLanguage":"pt-BR","@id":"https:\/\/folhapopular.info\/wp-content\/uploads\/2026\/04\/Folha-1.webp","url":"https:\/\/folhapopular.info\/wp-content\/uploads\/2026\/04\/Folha-1.webp","contentUrl":"https:\/\/folhapopular.info\/wp-content\/uploads\/2026\/04\/Folha-1.webp","caption":"Reda\u00e7\u00e3o Folha Popular"},"url":"https:\/\/folhapopular.info\/index.php\/author\/redacao\/"}]}},"jetpack_featured_media_url":"https:\/\/folhapopular.info\/wp-content\/uploads\/2025\/12\/novembro-Palestrante.jpg","jetpack_sharing_enabled":true,"amp_enabled":true,"_links":{"self":[{"href":"https:\/\/folhapopular.info\/index.php\/wp-json\/wp\/v2\/posts\/200512","targetHints":{"allow":["GET"]}}],"collection":[{"href":"https:\/\/folhapopular.info\/index.php\/wp-json\/wp\/v2\/posts"}],"about":[{"href":"https:\/\/folhapopular.info\/index.php\/wp-json\/wp\/v2\/types\/post"}],"author":[{"embeddable":true,"href":"https:\/\/folhapopular.info\/index.php\/wp-json\/wp\/v2\/users\/8"}],"replies":[{"embeddable":true,"href":"https:\/\/folhapopular.info\/index.php\/wp-json\/wp\/v2\/comments?post=200512"}],"version-history":[{"count":0,"href":"https:\/\/folhapopular.info\/index.php\/wp-json\/wp\/v2\/posts\/200512\/revisions"}],"wp:featuredmedia":[{"embeddable":true,"href":"https:\/\/folhapopular.info\/index.php\/wp-json\/wp\/v2\/media\/200513"}],"wp:attachment":[{"href":"https:\/\/folhapopular.info\/index.php\/wp-json\/wp\/v2\/media?parent=200512"}],"wp:term":[{"taxonomy":"category","embeddable":true,"href":"https:\/\/folhapopular.info\/index.php\/wp-json\/wp\/v2\/categories?post=200512"},{"taxonomy":"post_tag","embeddable":true,"href":"https:\/\/folhapopular.info\/index.php\/wp-json\/wp\/v2\/tags?post=200512"}],"curies":[{"name":"wp","href":"https:\/\/api.w.org\/{rel}","templated":true}]}}