{"id":200927,"date":"2025-12-22T10:00:00","date_gmt":"2025-12-22T13:00:00","guid":{"rendered":"https:\/\/folhapopular.info\/?p=200927"},"modified":"2025-12-22T09:09:16","modified_gmt":"2025-12-22T12:09:16","slug":"apl-alimentos-e-bebidas-vale-do-taquari-encerra-o-ano-com-avancos-e-crescimento","status":"publish","type":"post","link":"https:\/\/folhapopular.info\/index.php\/2025\/12\/22\/apl-alimentos-e-bebidas-vale-do-taquari-encerra-o-ano-com-avancos-e-crescimento\/","title":{"rendered":"APL Alimentos e Bebidas Vale do Taquari encerra o ano com avan\u00e7os e crescimento"},"content":{"rendered":"\n<p>A segunda e \u00faltima plen\u00e1ria do ano do APL Alimentos e Bebidas Vale do Taquari (VT) foi realizada na noite desta quarta-feira (17\/12). O encontro reuniu mais de 40 participantes, entre empres\u00e1rios e volunt\u00e1rios, na sede campestre do Sicredi, e marcou um momento de troca de experi\u00eancias, alinhamento de a\u00e7\u00f5es e fortalecimento do setor.<\/p>\n\n\n\n<p>O APL Alimentos e Bebidas finaliza o ano com resultados positivos tamb\u00e9m em rela\u00e7\u00e3o \u00e0s ades\u00f5es. O Arranjo Produtivo Local registrou um crescimento de 13,7%, passando a contar com 58 empresas associadas, ap\u00f3s a entrada de sete novas integrantes.<\/p>\n\n\n\n<p>Durante a plen\u00e1ria, tamb\u00e9m foram discutidas pautas internas, com foco no planejamento das pr\u00f3ximas a\u00e7\u00f5es. Entre os principais encaminhamentos, destacou-se a proposta de cria\u00e7\u00e3o de comit\u00eas tem\u00e1ticos, com implanta\u00e7\u00e3o prevista para 2026, voltados a \u00e1reas estrat\u00e9gicas como inova\u00e7\u00e3o e tecnologia, finan\u00e7as e custos, marketing e comunica\u00e7\u00e3o.<\/p>\n\n\n\n<p>Para a coordenadora Aline E. Bagatini, o Arranjo Produtivo Local \u00e9 constru\u00eddo de forma coletiva, a partir da uni\u00e3o de esfor\u00e7os e objetivos comuns. \u201cO APL \u00e9 uma sementinha. O papel desse grupo \u00e9 unir os esfor\u00e7os, as ideias e os desejos. Cada um tem os seus sonhos, mas quando compartilhamos o que pretendemos fazer, nos inspiramos uns aos outros e, assim, crescemos juntos, fortalecendo as empresas e o Vale como um todo&#8221;, afirma.<\/p>\n\n\n\n<p><\/p>\n\n\n\n<p><\/p>\n","protected":false},"excerpt":{"rendered":"<p>A segunda e \u00faltima plen\u00e1ria do ano do APL Alimentos e Bebidas Vale do Taquari (VT) foi realizada na noite desta quarta-feira (17\/12). O encontro reuniu mais de 40 participantes, entre empres\u00e1rios e volunt\u00e1rios, na sede campestre do Sicredi, e marcou um momento de troca de experi\u00eancias, alinhamento de a\u00e7\u00f5es e fortalecimento do setor. O [&hellip;]<\/p>\n","protected":false},"author":8,"featured_media":200928,"comment_status":"open","ping_status":"open","sticky":false,"template":"","format":"standard","meta":{"pmpro_default_level":"","_jetpack_memberships_contains_paid_content":false,"footnotes":""},"categories":[2,10991],"tags":[17785,13293,365,20267],"class_list":{"0":"post-200927","1":"post","2":"type-post","3":"status-publish","4":"format-standard","5":"has-post-thumbnail","7":"category-featured","8":"category-economia","9":"tag-apl-alimentos-e-bebidas-vale-do-taquari","10":"tag-apl-alimentos-e-bebidas-vt","11":"tag-planejamento","12":"tag-plenaria","13":"pmpro-has-access"},"yoast_head":"<!-- This site is optimized with the Yoast SEO plugin v27.5 - https:\/\/yoast.com\/product\/yoast-seo-wordpress\/ -->\n<title>APL Alimentos e Bebidas Vale do Taquari encerra o ano com avan\u00e7os e crescimento - Folha Popular<\/title>\n<meta name=\"robots\" content=\"index, follow, max-snippet:-1, max-image-preview:large, max-video-preview:-1\" \/>\n<link rel=\"canonical\" href=\"https:\/\/folhapopular.info\/index.php\/2025\/12\/22\/apl-alimentos-e-bebidas-vale-do-taquari-encerra-o-ano-com-avancos-e-crescimento\/\" \/>\n<meta property=\"og:locale\" content=\"pt_BR\" \/>\n<meta property=\"og:type\" content=\"article\" \/>\n<meta property=\"og:title\" content=\"APL Alimentos e Bebidas Vale do Taquari encerra o ano com avan\u00e7os e crescimento - Folha Popular\" \/>\n<meta property=\"og:description\" content=\"A segunda e \u00faltima plen\u00e1ria do ano do APL Alimentos e Bebidas Vale do Taquari (VT) foi realizada na noite desta quarta-feira (17\/12). O encontro reuniu mais de 40 participantes, entre empres\u00e1rios e volunt\u00e1rios, na sede campestre do Sicredi, e marcou um momento de troca de experi\u00eancias, alinhamento de a\u00e7\u00f5es e fortalecimento do setor. O [&hellip;]\" \/>\n<meta property=\"og:url\" content=\"https:\/\/folhapopular.info\/index.php\/2025\/12\/22\/apl-alimentos-e-bebidas-vale-do-taquari-encerra-o-ano-com-avancos-e-crescimento\/\" \/>\n<meta property=\"og:site_name\" content=\"Folha Popular\" \/>\n<meta property=\"article:published_time\" content=\"2025-12-22T13:00:00+00:00\" \/>\n<meta property=\"og:image\" content=\"https:\/\/folhapopular.info\/wp-content\/uploads\/2025\/12\/Dezembro-plenaria.jpg\" \/>\n\t<meta property=\"og:image:width\" content=\"1600\" \/>\n\t<meta property=\"og:image:height\" content=\"739\" \/>\n\t<meta property=\"og:image:type\" content=\"image\/jpeg\" \/>\n<meta name=\"author\" content=\"Reda\u00e7\u00e3o Folha Popular\" \/>\n<meta name=\"twitter:card\" content=\"summary_large_image\" \/>\n<meta name=\"twitter:label1\" content=\"Escrito por\" \/>\n\t<meta name=\"twitter:data1\" content=\"Reda\u00e7\u00e3o Folha Popular\" \/>\n\t<meta name=\"twitter:label2\" content=\"Est. tempo de leitura\" \/>\n\t<meta name=\"twitter:data2\" content=\"2 minutos\" \/>\n<script type=\"application\/ld+json\" class=\"yoast-schema-graph\">{\"@context\":\"https:\\\/\\\/schema.org\",\"@graph\":[{\"@type\":\"Article\",\"@id\":\"https:\\\/\\\/folhapopular.info\\\/index.php\\\/2025\\\/12\\\/22\\\/apl-alimentos-e-bebidas-vale-do-taquari-encerra-o-ano-com-avancos-e-crescimento\\\/#article\",\"isPartOf\":{\"@id\":\"https:\\\/\\\/folhapopular.info\\\/index.php\\\/2025\\\/12\\\/22\\\/apl-alimentos-e-bebidas-vale-do-taquari-encerra-o-ano-com-avancos-e-crescimento\\\/\"},\"author\":{\"name\":\"Reda\u00e7\u00e3o Folha Popular\",\"@id\":\"https:\\\/\\\/folhapopular.info\\\/#\\\/schema\\\/person\\\/2814e8a0df7643585a9ca38bc6eb9d4b\"},\"headline\":\"APL Alimentos e Bebidas Vale do Taquari encerra o ano com avan\u00e7os e crescimento\",\"datePublished\":\"2025-12-22T13:00:00+00:00\",\"mainEntityOfPage\":{\"@id\":\"https:\\\/\\\/folhapopular.info\\\/index.php\\\/2025\\\/12\\\/22\\\/apl-alimentos-e-bebidas-vale-do-taquari-encerra-o-ano-com-avancos-e-crescimento\\\/\"},\"wordCount\":245,\"commentCount\":0,\"image\":{\"@id\":\"https:\\\/\\\/folhapopular.info\\\/index.php\\\/2025\\\/12\\\/22\\\/apl-alimentos-e-bebidas-vale-do-taquari-encerra-o-ano-com-avancos-e-crescimento\\\/#primaryimage\"},\"thumbnailUrl\":\"https:\\\/\\\/folhapopular.info\\\/wp-content\\\/uploads\\\/2025\\\/12\\\/Dezembro-plenaria.jpg\",\"keywords\":[\"APL Alimentos e Bebidas Vale do Taquari\",\"APL Alimentos e Bebidas VT\",\"Planejamento\",\"Plen\u00e1ria\"],\"articleSection\":[\"Destaques\",\"Economia\"],\"inLanguage\":\"pt-BR\",\"potentialAction\":[{\"@type\":\"CommentAction\",\"name\":\"Comment\",\"target\":[\"https:\\\/\\\/folhapopular.info\\\/index.php\\\/2025\\\/12\\\/22\\\/apl-alimentos-e-bebidas-vale-do-taquari-encerra-o-ano-com-avancos-e-crescimento\\\/#respond\"]}]},{\"@type\":\"WebPage\",\"@id\":\"https:\\\/\\\/folhapopular.info\\\/index.php\\\/2025\\\/12\\\/22\\\/apl-alimentos-e-bebidas-vale-do-taquari-encerra-o-ano-com-avancos-e-crescimento\\\/\",\"url\":\"https:\\\/\\\/folhapopular.info\\\/index.php\\\/2025\\\/12\\\/22\\\/apl-alimentos-e-bebidas-vale-do-taquari-encerra-o-ano-com-avancos-e-crescimento\\\/\",\"name\":\"APL Alimentos e Bebidas Vale do Taquari encerra o ano com avan\u00e7os e crescimento - Folha Popular\",\"isPartOf\":{\"@id\":\"https:\\\/\\\/folhapopular.info\\\/#website\"},\"primaryImageOfPage\":{\"@id\":\"https:\\\/\\\/folhapopular.info\\\/index.php\\\/2025\\\/12\\\/22\\\/apl-alimentos-e-bebidas-vale-do-taquari-encerra-o-ano-com-avancos-e-crescimento\\\/#primaryimage\"},\"image\":{\"@id\":\"https:\\\/\\\/folhapopular.info\\\/index.php\\\/2025\\\/12\\\/22\\\/apl-alimentos-e-bebidas-vale-do-taquari-encerra-o-ano-com-avancos-e-crescimento\\\/#primaryimage\"},\"thumbnailUrl\":\"https:\\\/\\\/folhapopular.info\\\/wp-content\\\/uploads\\\/2025\\\/12\\\/Dezembro-plenaria.jpg\",\"datePublished\":\"2025-12-22T13:00:00+00:00\",\"author\":{\"@id\":\"https:\\\/\\\/folhapopular.info\\\/#\\\/schema\\\/person\\\/2814e8a0df7643585a9ca38bc6eb9d4b\"},\"breadcrumb\":{\"@id\":\"https:\\\/\\\/folhapopular.info\\\/index.php\\\/2025\\\/12\\\/22\\\/apl-alimentos-e-bebidas-vale-do-taquari-encerra-o-ano-com-avancos-e-crescimento\\\/#breadcrumb\"},\"inLanguage\":\"pt-BR\",\"potentialAction\":[{\"@type\":\"ReadAction\",\"target\":[\"https:\\\/\\\/folhapopular.info\\\/index.php\\\/2025\\\/12\\\/22\\\/apl-alimentos-e-bebidas-vale-do-taquari-encerra-o-ano-com-avancos-e-crescimento\\\/\"]}]},{\"@type\":\"ImageObject\",\"inLanguage\":\"pt-BR\",\"@id\":\"https:\\\/\\\/folhapopular.info\\\/index.php\\\/2025\\\/12\\\/22\\\/apl-alimentos-e-bebidas-vale-do-taquari-encerra-o-ano-com-avancos-e-crescimento\\\/#primaryimage\",\"url\":\"https:\\\/\\\/folhapopular.info\\\/wp-content\\\/uploads\\\/2025\\\/12\\\/Dezembro-plenaria.jpg\",\"contentUrl\":\"https:\\\/\\\/folhapopular.info\\\/wp-content\\\/uploads\\\/2025\\\/12\\\/Dezembro-plenaria.jpg\",\"width\":1600,\"height\":739,\"caption\":\"Cr\u00e9dito: Divulga\u00e7\u00e3o\"},{\"@type\":\"BreadcrumbList\",\"@id\":\"https:\\\/\\\/folhapopular.info\\\/index.php\\\/2025\\\/12\\\/22\\\/apl-alimentos-e-bebidas-vale-do-taquari-encerra-o-ano-com-avancos-e-crescimento\\\/#breadcrumb\",\"itemListElement\":[{\"@type\":\"ListItem\",\"position\":1,\"name\":\"In\u00edcio\",\"item\":\"https:\\\/\\\/folhapopular.info\\\/\"},{\"@type\":\"ListItem\",\"position\":2,\"name\":\"APL Alimentos e Bebidas Vale do Taquari encerra o ano com avan\u00e7os e crescimento\"}]},{\"@type\":\"WebSite\",\"@id\":\"https:\\\/\\\/folhapopular.info\\\/#website\",\"url\":\"https:\\\/\\\/folhapopular.info\\\/\",\"name\":\"Folha Popular\",\"description\":\"Onde voc\u00ea tem vez e voz\",\"potentialAction\":[{\"@type\":\"SearchAction\",\"target\":{\"@type\":\"EntryPoint\",\"urlTemplate\":\"https:\\\/\\\/folhapopular.info\\\/?s={search_term_string}\"},\"query-input\":{\"@type\":\"PropertyValueSpecification\",\"valueRequired\":true,\"valueName\":\"search_term_string\"}}],\"inLanguage\":\"pt-BR\"},{\"@type\":\"Person\",\"@id\":\"https:\\\/\\\/folhapopular.info\\\/#\\\/schema\\\/person\\\/2814e8a0df7643585a9ca38bc6eb9d4b\",\"name\":\"Reda\u00e7\u00e3o Folha Popular\",\"image\":{\"@type\":\"ImageObject\",\"inLanguage\":\"pt-BR\",\"@id\":\"https:\\\/\\\/folhapopular.info\\\/wp-content\\\/uploads\\\/2026\\\/04\\\/Folha-1.webp\",\"url\":\"https:\\\/\\\/folhapopular.info\\\/wp-content\\\/uploads\\\/2026\\\/04\\\/Folha-1.webp\",\"contentUrl\":\"https:\\\/\\\/folhapopular.info\\\/wp-content\\\/uploads\\\/2026\\\/04\\\/Folha-1.webp\",\"caption\":\"Reda\u00e7\u00e3o Folha Popular\"},\"url\":\"https:\\\/\\\/folhapopular.info\\\/index.php\\\/author\\\/redacao\\\/\"}]}<\/script>\n<!-- \/ Yoast SEO plugin. -->","yoast_head_json":{"title":"APL Alimentos e Bebidas Vale do Taquari encerra o ano com avan\u00e7os e crescimento - Folha Popular","robots":{"index":"index","follow":"follow","max-snippet":"max-snippet:-1","max-image-preview":"max-image-preview:large","max-video-preview":"max-video-preview:-1"},"canonical":"https:\/\/folhapopular.info\/index.php\/2025\/12\/22\/apl-alimentos-e-bebidas-vale-do-taquari-encerra-o-ano-com-avancos-e-crescimento\/","og_locale":"pt_BR","og_type":"article","og_title":"APL Alimentos e Bebidas Vale do Taquari encerra o ano com avan\u00e7os e crescimento - Folha Popular","og_description":"A segunda e \u00faltima plen\u00e1ria do ano do APL Alimentos e Bebidas Vale do Taquari (VT) foi realizada na noite desta quarta-feira (17\/12). O encontro reuniu mais de 40 participantes, entre empres\u00e1rios e volunt\u00e1rios, na sede campestre do Sicredi, e marcou um momento de troca de experi\u00eancias, alinhamento de a\u00e7\u00f5es e fortalecimento do setor. O [&hellip;]","og_url":"https:\/\/folhapopular.info\/index.php\/2025\/12\/22\/apl-alimentos-e-bebidas-vale-do-taquari-encerra-o-ano-com-avancos-e-crescimento\/","og_site_name":"Folha Popular","article_published_time":"2025-12-22T13:00:00+00:00","og_image":[{"width":1600,"height":739,"url":"https:\/\/folhapopular.info\/wp-content\/uploads\/2025\/12\/Dezembro-plenaria.jpg","type":"image\/jpeg"}],"author":"Reda\u00e7\u00e3o Folha Popular","twitter_card":"summary_large_image","twitter_misc":{"Escrito por":"Reda\u00e7\u00e3o Folha Popular","Est. tempo de leitura":"2 minutos"},"schema":{"@context":"https:\/\/schema.org","@graph":[{"@type":"Article","@id":"https:\/\/folhapopular.info\/index.php\/2025\/12\/22\/apl-alimentos-e-bebidas-vale-do-taquari-encerra-o-ano-com-avancos-e-crescimento\/#article","isPartOf":{"@id":"https:\/\/folhapopular.info\/index.php\/2025\/12\/22\/apl-alimentos-e-bebidas-vale-do-taquari-encerra-o-ano-com-avancos-e-crescimento\/"},"author":{"name":"Reda\u00e7\u00e3o Folha Popular","@id":"https:\/\/folhapopular.info\/#\/schema\/person\/2814e8a0df7643585a9ca38bc6eb9d4b"},"headline":"APL Alimentos e Bebidas Vale do Taquari encerra o ano com avan\u00e7os e crescimento","datePublished":"2025-12-22T13:00:00+00:00","mainEntityOfPage":{"@id":"https:\/\/folhapopular.info\/index.php\/2025\/12\/22\/apl-alimentos-e-bebidas-vale-do-taquari-encerra-o-ano-com-avancos-e-crescimento\/"},"wordCount":245,"commentCount":0,"image":{"@id":"https:\/\/folhapopular.info\/index.php\/2025\/12\/22\/apl-alimentos-e-bebidas-vale-do-taquari-encerra-o-ano-com-avancos-e-crescimento\/#primaryimage"},"thumbnailUrl":"https:\/\/folhapopular.info\/wp-content\/uploads\/2025\/12\/Dezembro-plenaria.jpg","keywords":["APL Alimentos e Bebidas Vale do Taquari","APL Alimentos e Bebidas VT","Planejamento","Plen\u00e1ria"],"articleSection":["Destaques","Economia"],"inLanguage":"pt-BR","potentialAction":[{"@type":"CommentAction","name":"Comment","target":["https:\/\/folhapopular.info\/index.php\/2025\/12\/22\/apl-alimentos-e-bebidas-vale-do-taquari-encerra-o-ano-com-avancos-e-crescimento\/#respond"]}]},{"@type":"WebPage","@id":"https:\/\/folhapopular.info\/index.php\/2025\/12\/22\/apl-alimentos-e-bebidas-vale-do-taquari-encerra-o-ano-com-avancos-e-crescimento\/","url":"https:\/\/folhapopular.info\/index.php\/2025\/12\/22\/apl-alimentos-e-bebidas-vale-do-taquari-encerra-o-ano-com-avancos-e-crescimento\/","name":"APL Alimentos e Bebidas Vale do Taquari encerra o ano com avan\u00e7os e crescimento - Folha Popular","isPartOf":{"@id":"https:\/\/folhapopular.info\/#website"},"primaryImageOfPage":{"@id":"https:\/\/folhapopular.info\/index.php\/2025\/12\/22\/apl-alimentos-e-bebidas-vale-do-taquari-encerra-o-ano-com-avancos-e-crescimento\/#primaryimage"},"image":{"@id":"https:\/\/folhapopular.info\/index.php\/2025\/12\/22\/apl-alimentos-e-bebidas-vale-do-taquari-encerra-o-ano-com-avancos-e-crescimento\/#primaryimage"},"thumbnailUrl":"https:\/\/folhapopular.info\/wp-content\/uploads\/2025\/12\/Dezembro-plenaria.jpg","datePublished":"2025-12-22T13:00:00+00:00","author":{"@id":"https:\/\/folhapopular.info\/#\/schema\/person\/2814e8a0df7643585a9ca38bc6eb9d4b"},"breadcrumb":{"@id":"https:\/\/folhapopular.info\/index.php\/2025\/12\/22\/apl-alimentos-e-bebidas-vale-do-taquari-encerra-o-ano-com-avancos-e-crescimento\/#breadcrumb"},"inLanguage":"pt-BR","potentialAction":[{"@type":"ReadAction","target":["https:\/\/folhapopular.info\/index.php\/2025\/12\/22\/apl-alimentos-e-bebidas-vale-do-taquari-encerra-o-ano-com-avancos-e-crescimento\/"]}]},{"@type":"ImageObject","inLanguage":"pt-BR","@id":"https:\/\/folhapopular.info\/index.php\/2025\/12\/22\/apl-alimentos-e-bebidas-vale-do-taquari-encerra-o-ano-com-avancos-e-crescimento\/#primaryimage","url":"https:\/\/folhapopular.info\/wp-content\/uploads\/2025\/12\/Dezembro-plenaria.jpg","contentUrl":"https:\/\/folhapopular.info\/wp-content\/uploads\/2025\/12\/Dezembro-plenaria.jpg","width":1600,"height":739,"caption":"Cr\u00e9dito: Divulga\u00e7\u00e3o"},{"@type":"BreadcrumbList","@id":"https:\/\/folhapopular.info\/index.php\/2025\/12\/22\/apl-alimentos-e-bebidas-vale-do-taquari-encerra-o-ano-com-avancos-e-crescimento\/#breadcrumb","itemListElement":[{"@type":"ListItem","position":1,"name":"In\u00edcio","item":"https:\/\/folhapopular.info\/"},{"@type":"ListItem","position":2,"name":"APL Alimentos e Bebidas Vale do Taquari encerra o ano com avan\u00e7os e crescimento"}]},{"@type":"WebSite","@id":"https:\/\/folhapopular.info\/#website","url":"https:\/\/folhapopular.info\/","name":"Folha Popular","description":"Onde voc\u00ea tem vez e voz","potentialAction":[{"@type":"SearchAction","target":{"@type":"EntryPoint","urlTemplate":"https:\/\/folhapopular.info\/?s={search_term_string}"},"query-input":{"@type":"PropertyValueSpecification","valueRequired":true,"valueName":"search_term_string"}}],"inLanguage":"pt-BR"},{"@type":"Person","@id":"https:\/\/folhapopular.info\/#\/schema\/person\/2814e8a0df7643585a9ca38bc6eb9d4b","name":"Reda\u00e7\u00e3o Folha Popular","image":{"@type":"ImageObject","inLanguage":"pt-BR","@id":"https:\/\/folhapopular.info\/wp-content\/uploads\/2026\/04\/Folha-1.webp","url":"https:\/\/folhapopular.info\/wp-content\/uploads\/2026\/04\/Folha-1.webp","contentUrl":"https:\/\/folhapopular.info\/wp-content\/uploads\/2026\/04\/Folha-1.webp","caption":"Reda\u00e7\u00e3o Folha Popular"},"url":"https:\/\/folhapopular.info\/index.php\/author\/redacao\/"}]}},"jetpack_featured_media_url":"https:\/\/folhapopular.info\/wp-content\/uploads\/2025\/12\/Dezembro-plenaria.jpg","jetpack_sharing_enabled":true,"amp_enabled":true,"_links":{"self":[{"href":"https:\/\/folhapopular.info\/index.php\/wp-json\/wp\/v2\/posts\/200927","targetHints":{"allow":["GET"]}}],"collection":[{"href":"https:\/\/folhapopular.info\/index.php\/wp-json\/wp\/v2\/posts"}],"about":[{"href":"https:\/\/folhapopular.info\/index.php\/wp-json\/wp\/v2\/types\/post"}],"author":[{"embeddable":true,"href":"https:\/\/folhapopular.info\/index.php\/wp-json\/wp\/v2\/users\/8"}],"replies":[{"embeddable":true,"href":"https:\/\/folhapopular.info\/index.php\/wp-json\/wp\/v2\/comments?post=200927"}],"version-history":[{"count":0,"href":"https:\/\/folhapopular.info\/index.php\/wp-json\/wp\/v2\/posts\/200927\/revisions"}],"wp:featuredmedia":[{"embeddable":true,"href":"https:\/\/folhapopular.info\/index.php\/wp-json\/wp\/v2\/media\/200928"}],"wp:attachment":[{"href":"https:\/\/folhapopular.info\/index.php\/wp-json\/wp\/v2\/media?parent=200927"}],"wp:term":[{"taxonomy":"category","embeddable":true,"href":"https:\/\/folhapopular.info\/index.php\/wp-json\/wp\/v2\/categories?post=200927"},{"taxonomy":"post_tag","embeddable":true,"href":"https:\/\/folhapopular.info\/index.php\/wp-json\/wp\/v2\/tags?post=200927"}],"curies":[{"name":"wp","href":"https:\/\/api.w.org\/{rel}","templated":true}]}}