{"id":201291,"date":"2025-12-29T17:00:38","date_gmt":"2025-12-29T20:00:38","guid":{"rendered":"https:\/\/folhapopular.info\/?p=201291"},"modified":"2025-12-29T11:11:11","modified_gmt":"2025-12-29T14:11:11","slug":"caixa-libera-fgts-retido-de-trabalhadores-do-saque-aniversario","status":"publish","type":"post","link":"https:\/\/folhapopular.info\/index.php\/2025\/12\/29\/caixa-libera-fgts-retido-de-trabalhadores-do-saque-aniversario\/","title":{"rendered":"Caixa libera FGTS retido de trabalhadores do saque-anivers\u00e1rio"},"content":{"rendered":"\n<p>A Caixa Econ\u00f4mica Federal come\u00e7a nesta segunda-feira (29\/12) a liberar valores do FGTS que estavam retidos para trabalhadores que aderiram ao saque-anivers\u00e1rio e tiveram o contrato suspenso ou rescindido entre 1\u00ba de janeiro de 2020 e 23 de dezembro de 2025. A libera\u00e7\u00e3o foi autorizada pela MP 1.331\/2025 e deve beneficiar cerca de 14,1 milh\u00f5es de pessoas, com a libera\u00e7\u00e3o total de aproximadamente R$ 7,8 bilh\u00f5es.<\/p>\n\n\n\n<p>O pagamento ocorrer\u00e1 em duas etapas. A primeira com saque de at\u00e9 R$ 1,8 mil por conta vinculada e  a segunda entre 2 e 12 de fevereiro de 2026. Os valores ser\u00e3o creditados automaticamente na conta cadastrada no aplicativo FGTS. Quem n\u00e3o tiver conta cadastrada poder\u00e1 sacar nos canais f\u00edsicos da Caixa.<\/p>\n\n\n\n<p>N\u00e3o poder\u00e3o sacar trabalhadores que usaram o FGTS como garantia de empr\u00e9stimos do saque-anivers\u00e1rio ou que tenham contas com bloqueio judicial. T\u00eam direito ao saque aqueles que optaram pelo saque-anivers\u00e1rio, tiveram o contrato suspenso ou encerrado no per\u00edodo indicado e possuem saldo dispon\u00edvel.<\/p>\n\n\n\n<p>A consulta pode ser feita pelo aplicativo FGTS, telefone da Caixa ou nas ag\u00eancias. O saque-anivers\u00e1rio permite retiradas anuais do FGTS, mas impede o saque total em caso de demiss\u00e3o, regra que motivou esta libera\u00e7\u00e3o excepcional. Mais informa\u00e7\u00f5es est\u00e3o dispon\u00edveis no site e no app da Caixa.<\/p>\n","protected":false},"excerpt":{"rendered":"<p>A Caixa Econ\u00f4mica Federal come\u00e7a nesta segunda-feira (29\/12) a liberar valores do FGTS que estavam retidos para trabalhadores que aderiram ao saque-anivers\u00e1rio e tiveram o contrato suspenso ou rescindido entre 1\u00ba de janeiro de 2020 e 23 de dezembro de 2025. A libera\u00e7\u00e3o foi autorizada pela MP 1.331\/2025 e deve beneficiar cerca de 14,1 milh\u00f5es [&hellip;]<\/p>\n","protected":false},"author":8,"featured_media":150315,"comment_status":"open","ping_status":"open","sticky":false,"template":"","format":"standard","meta":{"pmpro_default_level":"","_jetpack_memberships_contains_paid_content":false,"footnotes":""},"categories":[2,10991],"tags":[575,339,18111],"class_list":{"0":"post-201291","1":"post","2":"type-post","3":"status-publish","4":"format-standard","5":"has-post-thumbnail","7":"category-featured","8":"category-economia","9":"tag-caixa","10":"tag-fgts","11":"tag-saque-aniversario-2","12":"pmpro-has-access"},"yoast_head":"<!-- This site is optimized with the Yoast SEO plugin v27.5 - https:\/\/yoast.com\/product\/yoast-seo-wordpress\/ -->\n<title>Caixa libera FGTS retido de trabalhadores do saque-anivers\u00e1rio - Folha Popular<\/title>\n<meta name=\"description\" content=\"A consulta pode ser feita pelo aplicativo FGTS, telefone da Caixa ou nas ag\u00eancias. Mais informa\u00e7\u00f5es est\u00e3o dispon\u00edveis nos canais da Caixa.\" \/>\n<meta name=\"robots\" content=\"index, follow, max-snippet:-1, max-image-preview:large, max-video-preview:-1\" \/>\n<link rel=\"canonical\" href=\"https:\/\/folhapopular.info\/index.php\/2025\/12\/29\/caixa-libera-fgts-retido-de-trabalhadores-do-saque-aniversario\/\" \/>\n<meta property=\"og:locale\" content=\"pt_BR\" \/>\n<meta property=\"og:type\" content=\"article\" \/>\n<meta property=\"og:title\" content=\"Caixa libera FGTS retido de trabalhadores do saque-anivers\u00e1rio - Folha Popular\" \/>\n<meta property=\"og:description\" content=\"A consulta pode ser feita pelo aplicativo FGTS, telefone da Caixa ou nas ag\u00eancias. Mais informa\u00e7\u00f5es est\u00e3o dispon\u00edveis nos canais da Caixa.\" \/>\n<meta property=\"og:url\" content=\"https:\/\/folhapopular.info\/index.php\/2025\/12\/29\/caixa-libera-fgts-retido-de-trabalhadores-do-saque-aniversario\/\" \/>\n<meta property=\"og:site_name\" content=\"Folha Popular\" \/>\n<meta property=\"article:published_time\" content=\"2025-12-29T20:00:38+00:00\" \/>\n<meta property=\"og:image\" content=\"https:\/\/folhapopular.info\/wp-content\/uploads\/2024\/02\/4915636_e7c8b4a072cb443.jpg\" \/>\n\t<meta property=\"og:image:width\" content=\"700\" \/>\n\t<meta property=\"og:image:height\" content=\"466\" \/>\n\t<meta property=\"og:image:type\" content=\"image\/jpeg\" \/>\n<meta name=\"author\" content=\"Reda\u00e7\u00e3o Folha Popular\" \/>\n<meta name=\"twitter:card\" content=\"summary_large_image\" \/>\n<meta name=\"twitter:label1\" content=\"Escrito por\" \/>\n\t<meta name=\"twitter:data1\" content=\"Reda\u00e7\u00e3o Folha Popular\" \/>\n\t<meta name=\"twitter:label2\" content=\"Est. tempo de leitura\" \/>\n\t<meta name=\"twitter:data2\" content=\"2 minutos\" \/>\n<script type=\"application\/ld+json\" class=\"yoast-schema-graph\">{\"@context\":\"https:\\\/\\\/schema.org\",\"@graph\":[{\"@type\":\"Article\",\"@id\":\"https:\\\/\\\/folhapopular.info\\\/index.php\\\/2025\\\/12\\\/29\\\/caixa-libera-fgts-retido-de-trabalhadores-do-saque-aniversario\\\/#article\",\"isPartOf\":{\"@id\":\"https:\\\/\\\/folhapopular.info\\\/index.php\\\/2025\\\/12\\\/29\\\/caixa-libera-fgts-retido-de-trabalhadores-do-saque-aniversario\\\/\"},\"author\":{\"name\":\"Reda\u00e7\u00e3o Folha Popular\",\"@id\":\"https:\\\/\\\/folhapopular.info\\\/#\\\/schema\\\/person\\\/2814e8a0df7643585a9ca38bc6eb9d4b\"},\"headline\":\"Caixa libera FGTS retido de trabalhadores do saque-anivers\u00e1rio\",\"datePublished\":\"2025-12-29T20:00:38+00:00\",\"mainEntityOfPage\":{\"@id\":\"https:\\\/\\\/folhapopular.info\\\/index.php\\\/2025\\\/12\\\/29\\\/caixa-libera-fgts-retido-de-trabalhadores-do-saque-aniversario\\\/\"},\"wordCount\":230,\"commentCount\":0,\"image\":{\"@id\":\"https:\\\/\\\/folhapopular.info\\\/index.php\\\/2025\\\/12\\\/29\\\/caixa-libera-fgts-retido-de-trabalhadores-do-saque-aniversario\\\/#primaryimage\"},\"thumbnailUrl\":\"https:\\\/\\\/folhapopular.info\\\/wp-content\\\/uploads\\\/2024\\\/02\\\/4915636_e7c8b4a072cb443.jpg\",\"keywords\":[\"Caixa\",\"FGTS\",\"Saque-anivers\u00e1rio\"],\"articleSection\":[\"Destaques\",\"Economia\"],\"inLanguage\":\"pt-BR\",\"potentialAction\":[{\"@type\":\"CommentAction\",\"name\":\"Comment\",\"target\":[\"https:\\\/\\\/folhapopular.info\\\/index.php\\\/2025\\\/12\\\/29\\\/caixa-libera-fgts-retido-de-trabalhadores-do-saque-aniversario\\\/#respond\"]}]},{\"@type\":\"WebPage\",\"@id\":\"https:\\\/\\\/folhapopular.info\\\/index.php\\\/2025\\\/12\\\/29\\\/caixa-libera-fgts-retido-de-trabalhadores-do-saque-aniversario\\\/\",\"url\":\"https:\\\/\\\/folhapopular.info\\\/index.php\\\/2025\\\/12\\\/29\\\/caixa-libera-fgts-retido-de-trabalhadores-do-saque-aniversario\\\/\",\"name\":\"Caixa libera FGTS retido de trabalhadores do saque-anivers\u00e1rio - Folha Popular\",\"isPartOf\":{\"@id\":\"https:\\\/\\\/folhapopular.info\\\/#website\"},\"primaryImageOfPage\":{\"@id\":\"https:\\\/\\\/folhapopular.info\\\/index.php\\\/2025\\\/12\\\/29\\\/caixa-libera-fgts-retido-de-trabalhadores-do-saque-aniversario\\\/#primaryimage\"},\"image\":{\"@id\":\"https:\\\/\\\/folhapopular.info\\\/index.php\\\/2025\\\/12\\\/29\\\/caixa-libera-fgts-retido-de-trabalhadores-do-saque-aniversario\\\/#primaryimage\"},\"thumbnailUrl\":\"https:\\\/\\\/folhapopular.info\\\/wp-content\\\/uploads\\\/2024\\\/02\\\/4915636_e7c8b4a072cb443.jpg\",\"datePublished\":\"2025-12-29T20:00:38+00:00\",\"author\":{\"@id\":\"https:\\\/\\\/folhapopular.info\\\/#\\\/schema\\\/person\\\/2814e8a0df7643585a9ca38bc6eb9d4b\"},\"description\":\"A consulta pode ser feita pelo aplicativo FGTS, telefone da Caixa ou nas ag\u00eancias. Mais informa\u00e7\u00f5es est\u00e3o dispon\u00edveis nos canais da Caixa.\",\"breadcrumb\":{\"@id\":\"https:\\\/\\\/folhapopular.info\\\/index.php\\\/2025\\\/12\\\/29\\\/caixa-libera-fgts-retido-de-trabalhadores-do-saque-aniversario\\\/#breadcrumb\"},\"inLanguage\":\"pt-BR\",\"potentialAction\":[{\"@type\":\"ReadAction\",\"target\":[\"https:\\\/\\\/folhapopular.info\\\/index.php\\\/2025\\\/12\\\/29\\\/caixa-libera-fgts-retido-de-trabalhadores-do-saque-aniversario\\\/\"]}]},{\"@type\":\"ImageObject\",\"inLanguage\":\"pt-BR\",\"@id\":\"https:\\\/\\\/folhapopular.info\\\/index.php\\\/2025\\\/12\\\/29\\\/caixa-libera-fgts-retido-de-trabalhadores-do-saque-aniversario\\\/#primaryimage\",\"url\":\"https:\\\/\\\/folhapopular.info\\\/wp-content\\\/uploads\\\/2024\\\/02\\\/4915636_e7c8b4a072cb443.jpg\",\"contentUrl\":\"https:\\\/\\\/folhapopular.info\\\/wp-content\\\/uploads\\\/2024\\\/02\\\/4915636_e7c8b4a072cb443.jpg\",\"width\":700,\"height\":466,\"caption\":\"Cr\u00e9dito: Divulga\u00e7\u00e3o\"},{\"@type\":\"BreadcrumbList\",\"@id\":\"https:\\\/\\\/folhapopular.info\\\/index.php\\\/2025\\\/12\\\/29\\\/caixa-libera-fgts-retido-de-trabalhadores-do-saque-aniversario\\\/#breadcrumb\",\"itemListElement\":[{\"@type\":\"ListItem\",\"position\":1,\"name\":\"In\u00edcio\",\"item\":\"https:\\\/\\\/folhapopular.info\\\/\"},{\"@type\":\"ListItem\",\"position\":2,\"name\":\"Caixa libera FGTS retido de trabalhadores do saque-anivers\u00e1rio\"}]},{\"@type\":\"WebSite\",\"@id\":\"https:\\\/\\\/folhapopular.info\\\/#website\",\"url\":\"https:\\\/\\\/folhapopular.info\\\/\",\"name\":\"Folha Popular\",\"description\":\"Onde voc\u00ea tem vez e voz\",\"potentialAction\":[{\"@type\":\"SearchAction\",\"target\":{\"@type\":\"EntryPoint\",\"urlTemplate\":\"https:\\\/\\\/folhapopular.info\\\/?s={search_term_string}\"},\"query-input\":{\"@type\":\"PropertyValueSpecification\",\"valueRequired\":true,\"valueName\":\"search_term_string\"}}],\"inLanguage\":\"pt-BR\"},{\"@type\":\"Person\",\"@id\":\"https:\\\/\\\/folhapopular.info\\\/#\\\/schema\\\/person\\\/2814e8a0df7643585a9ca38bc6eb9d4b\",\"name\":\"Reda\u00e7\u00e3o Folha Popular\",\"image\":{\"@type\":\"ImageObject\",\"inLanguage\":\"pt-BR\",\"@id\":\"https:\\\/\\\/folhapopular.info\\\/wp-content\\\/uploads\\\/2026\\\/04\\\/Folha-1.webp\",\"url\":\"https:\\\/\\\/folhapopular.info\\\/wp-content\\\/uploads\\\/2026\\\/04\\\/Folha-1.webp\",\"contentUrl\":\"https:\\\/\\\/folhapopular.info\\\/wp-content\\\/uploads\\\/2026\\\/04\\\/Folha-1.webp\",\"caption\":\"Reda\u00e7\u00e3o Folha Popular\"},\"url\":\"https:\\\/\\\/folhapopular.info\\\/index.php\\\/author\\\/redacao\\\/\"}]}<\/script>\n<!-- \/ Yoast SEO plugin. -->","yoast_head_json":{"title":"Caixa libera FGTS retido de trabalhadores do saque-anivers\u00e1rio - Folha Popular","description":"A consulta pode ser feita pelo aplicativo FGTS, telefone da Caixa ou nas ag\u00eancias. Mais informa\u00e7\u00f5es est\u00e3o dispon\u00edveis nos canais da Caixa.","robots":{"index":"index","follow":"follow","max-snippet":"max-snippet:-1","max-image-preview":"max-image-preview:large","max-video-preview":"max-video-preview:-1"},"canonical":"https:\/\/folhapopular.info\/index.php\/2025\/12\/29\/caixa-libera-fgts-retido-de-trabalhadores-do-saque-aniversario\/","og_locale":"pt_BR","og_type":"article","og_title":"Caixa libera FGTS retido de trabalhadores do saque-anivers\u00e1rio - Folha Popular","og_description":"A consulta pode ser feita pelo aplicativo FGTS, telefone da Caixa ou nas ag\u00eancias. Mais informa\u00e7\u00f5es est\u00e3o dispon\u00edveis nos canais da Caixa.","og_url":"https:\/\/folhapopular.info\/index.php\/2025\/12\/29\/caixa-libera-fgts-retido-de-trabalhadores-do-saque-aniversario\/","og_site_name":"Folha Popular","article_published_time":"2025-12-29T20:00:38+00:00","og_image":[{"width":700,"height":466,"url":"https:\/\/folhapopular.info\/wp-content\/uploads\/2024\/02\/4915636_e7c8b4a072cb443.jpg","type":"image\/jpeg"}],"author":"Reda\u00e7\u00e3o Folha Popular","twitter_card":"summary_large_image","twitter_misc":{"Escrito por":"Reda\u00e7\u00e3o Folha Popular","Est. tempo de leitura":"2 minutos"},"schema":{"@context":"https:\/\/schema.org","@graph":[{"@type":"Article","@id":"https:\/\/folhapopular.info\/index.php\/2025\/12\/29\/caixa-libera-fgts-retido-de-trabalhadores-do-saque-aniversario\/#article","isPartOf":{"@id":"https:\/\/folhapopular.info\/index.php\/2025\/12\/29\/caixa-libera-fgts-retido-de-trabalhadores-do-saque-aniversario\/"},"author":{"name":"Reda\u00e7\u00e3o Folha Popular","@id":"https:\/\/folhapopular.info\/#\/schema\/person\/2814e8a0df7643585a9ca38bc6eb9d4b"},"headline":"Caixa libera FGTS retido de trabalhadores do saque-anivers\u00e1rio","datePublished":"2025-12-29T20:00:38+00:00","mainEntityOfPage":{"@id":"https:\/\/folhapopular.info\/index.php\/2025\/12\/29\/caixa-libera-fgts-retido-de-trabalhadores-do-saque-aniversario\/"},"wordCount":230,"commentCount":0,"image":{"@id":"https:\/\/folhapopular.info\/index.php\/2025\/12\/29\/caixa-libera-fgts-retido-de-trabalhadores-do-saque-aniversario\/#primaryimage"},"thumbnailUrl":"https:\/\/folhapopular.info\/wp-content\/uploads\/2024\/02\/4915636_e7c8b4a072cb443.jpg","keywords":["Caixa","FGTS","Saque-anivers\u00e1rio"],"articleSection":["Destaques","Economia"],"inLanguage":"pt-BR","potentialAction":[{"@type":"CommentAction","name":"Comment","target":["https:\/\/folhapopular.info\/index.php\/2025\/12\/29\/caixa-libera-fgts-retido-de-trabalhadores-do-saque-aniversario\/#respond"]}]},{"@type":"WebPage","@id":"https:\/\/folhapopular.info\/index.php\/2025\/12\/29\/caixa-libera-fgts-retido-de-trabalhadores-do-saque-aniversario\/","url":"https:\/\/folhapopular.info\/index.php\/2025\/12\/29\/caixa-libera-fgts-retido-de-trabalhadores-do-saque-aniversario\/","name":"Caixa libera FGTS retido de trabalhadores do saque-anivers\u00e1rio - Folha Popular","isPartOf":{"@id":"https:\/\/folhapopular.info\/#website"},"primaryImageOfPage":{"@id":"https:\/\/folhapopular.info\/index.php\/2025\/12\/29\/caixa-libera-fgts-retido-de-trabalhadores-do-saque-aniversario\/#primaryimage"},"image":{"@id":"https:\/\/folhapopular.info\/index.php\/2025\/12\/29\/caixa-libera-fgts-retido-de-trabalhadores-do-saque-aniversario\/#primaryimage"},"thumbnailUrl":"https:\/\/folhapopular.info\/wp-content\/uploads\/2024\/02\/4915636_e7c8b4a072cb443.jpg","datePublished":"2025-12-29T20:00:38+00:00","author":{"@id":"https:\/\/folhapopular.info\/#\/schema\/person\/2814e8a0df7643585a9ca38bc6eb9d4b"},"description":"A consulta pode ser feita pelo aplicativo FGTS, telefone da Caixa ou nas ag\u00eancias. Mais informa\u00e7\u00f5es est\u00e3o dispon\u00edveis nos canais da Caixa.","breadcrumb":{"@id":"https:\/\/folhapopular.info\/index.php\/2025\/12\/29\/caixa-libera-fgts-retido-de-trabalhadores-do-saque-aniversario\/#breadcrumb"},"inLanguage":"pt-BR","potentialAction":[{"@type":"ReadAction","target":["https:\/\/folhapopular.info\/index.php\/2025\/12\/29\/caixa-libera-fgts-retido-de-trabalhadores-do-saque-aniversario\/"]}]},{"@type":"ImageObject","inLanguage":"pt-BR","@id":"https:\/\/folhapopular.info\/index.php\/2025\/12\/29\/caixa-libera-fgts-retido-de-trabalhadores-do-saque-aniversario\/#primaryimage","url":"https:\/\/folhapopular.info\/wp-content\/uploads\/2024\/02\/4915636_e7c8b4a072cb443.jpg","contentUrl":"https:\/\/folhapopular.info\/wp-content\/uploads\/2024\/02\/4915636_e7c8b4a072cb443.jpg","width":700,"height":466,"caption":"Cr\u00e9dito: Divulga\u00e7\u00e3o"},{"@type":"BreadcrumbList","@id":"https:\/\/folhapopular.info\/index.php\/2025\/12\/29\/caixa-libera-fgts-retido-de-trabalhadores-do-saque-aniversario\/#breadcrumb","itemListElement":[{"@type":"ListItem","position":1,"name":"In\u00edcio","item":"https:\/\/folhapopular.info\/"},{"@type":"ListItem","position":2,"name":"Caixa libera FGTS retido de trabalhadores do saque-anivers\u00e1rio"}]},{"@type":"WebSite","@id":"https:\/\/folhapopular.info\/#website","url":"https:\/\/folhapopular.info\/","name":"Folha Popular","description":"Onde voc\u00ea tem vez e voz","potentialAction":[{"@type":"SearchAction","target":{"@type":"EntryPoint","urlTemplate":"https:\/\/folhapopular.info\/?s={search_term_string}"},"query-input":{"@type":"PropertyValueSpecification","valueRequired":true,"valueName":"search_term_string"}}],"inLanguage":"pt-BR"},{"@type":"Person","@id":"https:\/\/folhapopular.info\/#\/schema\/person\/2814e8a0df7643585a9ca38bc6eb9d4b","name":"Reda\u00e7\u00e3o Folha Popular","image":{"@type":"ImageObject","inLanguage":"pt-BR","@id":"https:\/\/folhapopular.info\/wp-content\/uploads\/2026\/04\/Folha-1.webp","url":"https:\/\/folhapopular.info\/wp-content\/uploads\/2026\/04\/Folha-1.webp","contentUrl":"https:\/\/folhapopular.info\/wp-content\/uploads\/2026\/04\/Folha-1.webp","caption":"Reda\u00e7\u00e3o Folha Popular"},"url":"https:\/\/folhapopular.info\/index.php\/author\/redacao\/"}]}},"jetpack_featured_media_url":"https:\/\/folhapopular.info\/wp-content\/uploads\/2024\/02\/4915636_e7c8b4a072cb443.jpg","jetpack_sharing_enabled":true,"amp_enabled":true,"_links":{"self":[{"href":"https:\/\/folhapopular.info\/index.php\/wp-json\/wp\/v2\/posts\/201291","targetHints":{"allow":["GET"]}}],"collection":[{"href":"https:\/\/folhapopular.info\/index.php\/wp-json\/wp\/v2\/posts"}],"about":[{"href":"https:\/\/folhapopular.info\/index.php\/wp-json\/wp\/v2\/types\/post"}],"author":[{"embeddable":true,"href":"https:\/\/folhapopular.info\/index.php\/wp-json\/wp\/v2\/users\/8"}],"replies":[{"embeddable":true,"href":"https:\/\/folhapopular.info\/index.php\/wp-json\/wp\/v2\/comments?post=201291"}],"version-history":[{"count":0,"href":"https:\/\/folhapopular.info\/index.php\/wp-json\/wp\/v2\/posts\/201291\/revisions"}],"wp:featuredmedia":[{"embeddable":true,"href":"https:\/\/folhapopular.info\/index.php\/wp-json\/wp\/v2\/media\/150315"}],"wp:attachment":[{"href":"https:\/\/folhapopular.info\/index.php\/wp-json\/wp\/v2\/media?parent=201291"}],"wp:term":[{"taxonomy":"category","embeddable":true,"href":"https:\/\/folhapopular.info\/index.php\/wp-json\/wp\/v2\/categories?post=201291"},{"taxonomy":"post_tag","embeddable":true,"href":"https:\/\/folhapopular.info\/index.php\/wp-json\/wp\/v2\/tags?post=201291"}],"curies":[{"name":"wp","href":"https:\/\/api.w.org\/{rel}","templated":true}]}}