{"id":201621,"date":"2026-01-07T10:00:00","date_gmt":"2026-01-07T13:00:00","guid":{"rendered":"https:\/\/folhapopular.info\/?p=201621"},"modified":"2026-01-07T10:44:18","modified_gmt":"2026-01-07T13:44:18","slug":"mateus-trojan-anuncia-pre-candidatura-a-deputado","status":"publish","type":"post","link":"https:\/\/folhapopular.info\/index.php\/2026\/01\/07\/mateus-trojan-anuncia-pre-candidatura-a-deputado\/","title":{"rendered":"Mateus Trojan anuncia pr\u00e9-candidatura a deputado"},"content":{"rendered":"\n<p>No fim da tarde da ter\u00e7a-feira passada (30\/12), o prefeito de Mu\u00e7um, <a href=\"https:\/\/folhapopular.info\/?s=Mateus+Trojan\" target=\"_blank\" rel=\"noreferrer noopener\">Mateus Trojan<\/a> (MDB), anunciou que deixar\u00e1 o cargo at\u00e9 o in\u00edcio de abril deste ano, quando encerra o prazo para a desincompatibiliza\u00e7\u00e3o eleitoral \u2013 ou seja, se afastar da fun\u00e7\u00e3o para estar apto a concorrer a outro cargo p\u00fablico.<\/p>\n\n\n\n<p>Trojan deseja disputar a uma vaga como deputado na <a href=\"https:\/\/www.rs.gov.br\/busca?q=&amp;orgao=12\" target=\"_blank\" rel=\"noreferrer noopener\">Assembleia Legislativa do Estado<\/a>, e anunciou sua pr\u00e9-candidatura por meio de publica\u00e7\u00e3o em rede social.<\/p>\n\n\n\n<p>\u201c\u00c9 uma decis\u00e3o dif\u00edcil, mas que foi muito pensada e projetada. Como sempre, na minha vida p\u00fablica, trato as a\u00e7\u00f5es com profissionalismo e convic\u00e7\u00e3o, sempre relacionada a aquilo que deve nos mover na pol\u00edtica: os nossos prop\u00f3sitos\u201d, cita a nota.<\/p>\n\n\n\n<p>Reeleito para mais 4 anos de mandato, ele afirma que, em 5 anos \u00e0 frente da administra\u00e7\u00e3o municipal, sua equipe conseguiu \u201catingir resultados inimagin\u00e1veis, mas tamb\u00e9m, superamos as piores crises da nossa hist\u00f3ria, de formas reincidentes\u201d.<br>\u201cPor isso, afirmo com absoluta certeza que j\u00e1 fui, de fato, testado e aprovado dentro do mundo pol\u00edtico e da gest\u00e3o p\u00fablica, pronto para migrar para essa nova fun\u00e7\u00e3o. N\u00e3o \u00e9 uma aventura, \u00e9 preparo. Para representar e lutar pelos anseios das nossas cidades e das nossas pessoas\u201d, completa.<\/p>\n\n\n\n<h2 class=\"wp-block-heading\"><strong>M<\/strong><strong>DB com for\u00e7a<\/strong><\/h2>\n\n\n\n<p>Outros nomes tamb\u00e9m pairam no cen\u00e1rio pr\u00e9-eleitoral. Em \u00e2mbito estadual, at\u00e9 o momento est\u00e1 confirmada a pr\u00e9-candidatura do empres\u00e1rio lajeadense Roberto Lucchese \u2013 que, em tese, concorrer\u00e1 com Trojan, j\u00e1 que ambos devem disputar pelo mesmo partido (MDB). Ap\u00f3s ser ventilado como poss\u00edvel candidato, Lucchese acenou positivamente para a disputa em dezembro de 2025.<\/p>\n\n\n\n<p>O coordenador regional do Movimento Democr\u00e1tico Brasileiro e prefeito de Imigrante, Germano Stevens, afirmou que o Vale ter\u00e1 dois candidatos a deputado estadual e um candidato a deputado federal.<\/p>\n\n\n\n<div class=\"wp-block-jetpack-slideshow aligncenter\" data-effect=\"slide\" style=\"--aspect-ratio:calc(700 \/ 450)\"><div class=\"wp-block-jetpack-slideshow_container swiper\"><ul class=\"wp-block-jetpack-slideshow_swiper-wrapper swiper-wrapper\"><li class=\"wp-block-jetpack-slideshow_slide swiper-slide\"><figure><img loading=\"lazy\" decoding=\"async\" width=\"700\" height=\"450\" alt=\"\" class=\"wp-block-jetpack-slideshow_image wp-image-201629\" data-id=\"201629\" data-aspect-ratio=\"700 \/ 450\" src=\"https:\/\/folhapopular.info\/wp-content\/uploads\/2026\/01\/Carlos-Rafael-Mallmann.jpg\" srcset=\"https:\/\/folhapopular.info\/wp-content\/uploads\/2026\/01\/Carlos-Rafael-Mallmann.jpg 700w, https:\/\/folhapopular.info\/wp-content\/uploads\/2026\/01\/Carlos-Rafael-Mallmann-300x193.jpg 300w, https:\/\/folhapopular.info\/wp-content\/uploads\/2026\/01\/Carlos-Rafael-Mallmann-653x420.jpg 653w, https:\/\/folhapopular.info\/wp-content\/uploads\/2026\/01\/Carlos-Rafael-Mallmann-696x447.jpg 696w\" sizes=\"(max-width: 700px) 100vw, 700px\" \/><figcaption class=\"wp-block-jetpack-slideshow_caption gallery-caption\">Carlos Ranzi e Roberto Lucchese j\u00e1 s\u00e3o pr\u00e9-candidatos, enquanto Rafael Mallmann, Marcelo Caumo e Maneco Hassen seguem como possibilidades \/ Cr\u00e9dito: Divulga\u00e7\u00e3o<\/figcaption><\/figure><\/li><li class=\"wp-block-jetpack-slideshow_slide swiper-slide\"><figure><img loading=\"lazy\" decoding=\"async\" width=\"759\" height=\"1024\" alt=\"\" class=\"wp-block-jetpack-slideshow_image wp-image-201632\" data-id=\"201632\" data-aspect-ratio=\"696 \/ 939\" src=\"https:\/\/folhapopular.info\/wp-content\/uploads\/2026\/01\/Carlos-Ranzi-deve-ir-a-deputado-federal-759x1024.jpeg\" srcset=\"https:\/\/folhapopular.info\/wp-content\/uploads\/2026\/01\/Carlos-Ranzi-deve-ir-a-deputado-federal-759x1024.jpeg 759w, https:\/\/folhapopular.info\/wp-content\/uploads\/2026\/01\/Carlos-Ranzi-deve-ir-a-deputado-federal-222x300.jpeg 222w, https:\/\/folhapopular.info\/wp-content\/uploads\/2026\/01\/Carlos-Ranzi-deve-ir-a-deputado-federal-768x1036.jpeg 768w, https:\/\/folhapopular.info\/wp-content\/uploads\/2026\/01\/Carlos-Ranzi-deve-ir-a-deputado-federal-1139x1536.jpeg 1139w, https:\/\/folhapopular.info\/wp-content\/uploads\/2026\/01\/Carlos-Ranzi-deve-ir-a-deputado-federal-311x420.jpeg 311w, https:\/\/folhapopular.info\/wp-content\/uploads\/2026\/01\/Carlos-Ranzi-deve-ir-a-deputado-federal-696x939.jpeg 696w, https:\/\/folhapopular.info\/wp-content\/uploads\/2026\/01\/Carlos-Ranzi-deve-ir-a-deputado-federal-1068x1441.jpeg 1068w, https:\/\/folhapopular.info\/wp-content\/uploads\/2026\/01\/Carlos-Ranzi-deve-ir-a-deputado-federal.jpeg 1186w\" sizes=\"(max-width: 759px) 100vw, 759px\" \/><figcaption class=\"wp-block-jetpack-slideshow_caption gallery-caption\">Carlos Ranzi e Roberto Lucchese j\u00e1 s\u00e3o pr\u00e9-candidatos, enquanto Rafael Mallmann, Marcelo Caumo e Maneco Hassen seguem como possibilidades \/ Cr\u00e9dito: Divulga\u00e7\u00e3o<\/figcaption><\/figure><\/li><li class=\"wp-block-jetpack-slideshow_slide swiper-slide\"><figure><img loading=\"lazy\" decoding=\"async\" width=\"1024\" height=\"819\" alt=\"\" class=\"wp-block-jetpack-slideshow_image wp-image-201633\" data-id=\"201633\" data-aspect-ratio=\"696 \/ 557\" src=\"https:\/\/folhapopular.info\/wp-content\/uploads\/2026\/01\/Maneco-Hassen-1024x819.jpg\" srcset=\"https:\/\/folhapopular.info\/wp-content\/uploads\/2026\/01\/Maneco-Hassen-1024x819.jpg 1024w, https:\/\/folhapopular.info\/wp-content\/uploads\/2026\/01\/Maneco-Hassen-300x240.jpg 300w, https:\/\/folhapopular.info\/wp-content\/uploads\/2026\/01\/Maneco-Hassen-768x614.jpg 768w, https:\/\/folhapopular.info\/wp-content\/uploads\/2026\/01\/Maneco-Hassen-525x420.jpg 525w, https:\/\/folhapopular.info\/wp-content\/uploads\/2026\/01\/Maneco-Hassen-696x557.jpg 696w, https:\/\/folhapopular.info\/wp-content\/uploads\/2026\/01\/Maneco-Hassen-1068x854.jpg 1068w, https:\/\/folhapopular.info\/wp-content\/uploads\/2026\/01\/Maneco-Hassen.jpg 1415w\" sizes=\"(max-width: 1024px) 100vw, 1024px\" \/><figcaption class=\"wp-block-jetpack-slideshow_caption gallery-caption\">Carlos Ranzi e Roberto Lucchese j\u00e1 s\u00e3o pr\u00e9-candidatos, enquanto Rafael Mallmann, Marcelo Caumo e Maneco Hassen seguem como possibilidades \/ Cr\u00e9dito: Divulga\u00e7\u00e3o<\/figcaption><\/figure><\/li><li class=\"wp-block-jetpack-slideshow_slide swiper-slide\"><figure><img loading=\"lazy\" decoding=\"async\" width=\"1024\" height=\"691\" alt=\"\" class=\"wp-block-jetpack-slideshow_image wp-image-201631\" data-id=\"201631\" data-aspect-ratio=\"696 \/ 470\" src=\"https:\/\/folhapopular.info\/wp-content\/uploads\/2026\/01\/Marcelo-Caumo-1024x691.webp\" srcset=\"https:\/\/folhapopular.info\/wp-content\/uploads\/2026\/01\/Marcelo-Caumo-1024x691.webp 1024w, https:\/\/folhapopular.info\/wp-content\/uploads\/2026\/01\/Marcelo-Caumo-300x203.webp 300w, https:\/\/folhapopular.info\/wp-content\/uploads\/2026\/01\/Marcelo-Caumo-768x518.webp 768w, https:\/\/folhapopular.info\/wp-content\/uploads\/2026\/01\/Marcelo-Caumo-622x420.webp 622w, https:\/\/folhapopular.info\/wp-content\/uploads\/2026\/01\/Marcelo-Caumo-696x470.webp 696w, https:\/\/folhapopular.info\/wp-content\/uploads\/2026\/01\/Marcelo-Caumo-1068x721.webp 1068w, https:\/\/folhapopular.info\/wp-content\/uploads\/2026\/01\/Marcelo-Caumo.webp 1200w\" sizes=\"(max-width: 1024px) 100vw, 1024px\" \/><figcaption class=\"wp-block-jetpack-slideshow_caption gallery-caption\">Carlos Ranzi e Roberto Lucchese j\u00e1 s\u00e3o pr\u00e9-candidatos, enquanto Rafael Mallmann, Marcelo Caumo e Maneco Hassen seguem como possibilidades \/ Cr\u00e9dito: Divulga\u00e7\u00e3o<\/figcaption><\/figure><\/li><li class=\"wp-block-jetpack-slideshow_slide swiper-slide\"><figure><img loading=\"lazy\" decoding=\"async\" width=\"800\" height=\"533\" alt=\"\" class=\"wp-block-jetpack-slideshow_image wp-image-201630\" data-id=\"201630\" data-aspect-ratio=\"800 \/ 533\" src=\"https:\/\/folhapopular.info\/wp-content\/uploads\/2026\/01\/Roberto-Lucchese_Anselmo-Cunha_Folhapress.jpg\" srcset=\"https:\/\/folhapopular.info\/wp-content\/uploads\/2026\/01\/Roberto-Lucchese_Anselmo-Cunha_Folhapress.jpg 800w, https:\/\/folhapopular.info\/wp-content\/uploads\/2026\/01\/Roberto-Lucchese_Anselmo-Cunha_Folhapress-300x200.jpg 300w, https:\/\/folhapopular.info\/wp-content\/uploads\/2026\/01\/Roberto-Lucchese_Anselmo-Cunha_Folhapress-768x512.jpg 768w, https:\/\/folhapopular.info\/wp-content\/uploads\/2026\/01\/Roberto-Lucchese_Anselmo-Cunha_Folhapress-630x420.jpg 630w, https:\/\/folhapopular.info\/wp-content\/uploads\/2026\/01\/Roberto-Lucchese_Anselmo-Cunha_Folhapress-696x464.jpg 696w\" sizes=\"(max-width: 800px) 100vw, 800px\" \/><figcaption class=\"wp-block-jetpack-slideshow_caption gallery-caption\">Carlos Ranzi e Roberto Lucchese j\u00e1 s\u00e3o pr\u00e9-candidatos, enquanto Rafael Mallmann, Marcelo Caumo e Maneco Hassen seguem como possibilidades \/ Cr\u00e9dito: Divulga\u00e7\u00e3o<\/figcaption><\/figure><\/li><\/ul><a class=\"wp-block-jetpack-slideshow_button-prev swiper-button-prev swiper-button-white\" role=\"button\"><\/a><a class=\"wp-block-jetpack-slideshow_button-next swiper-button-next swiper-button-white\" role=\"button\"><\/a><a aria-label=\"Pause Slideshow\" class=\"wp-block-jetpack-slideshow_button-pause\" role=\"button\"><\/a><div class=\"wp-block-jetpack-slideshow_pagination swiper-pagination swiper-pagination-white\"><\/div><\/div><\/div>\n\n\n\n<p>Ainda, Carlos Eduardo Ranzi (MDB) deve disputar a deputado federal. Ele foi convidado a concorrer pelo atual vice-governador do Estado, Gabriel Souza em dezembro do ano passado, e aceitou o desafio.<\/p>\n\n\n\n<p>\u201cSei que o caminho n\u00e3o ser\u00e1 f\u00e1cil. Mas quando foi? N\u00f3s, que constru\u00edmos nossa hist\u00f3ria com trabalho, dedica\u00e7\u00e3o e suor, nunca recuamos diante dos desafios. E \u00e9 justamente a\u00ed que mora nossa for\u00e7a: na uni\u00e3o, na perseveran\u00e7a e na certeza de que juntos somos imbat\u00edveis\u201d, disse em suas redes sociais.<\/p>\n\n\n\n<p>Ranzi foi tr\u00eas vezes vereador em Lajeado e concorreu a prefeito na elei\u00e7\u00e3o passada, somando 19.932 votos.<\/p>\n\n\n\n<p>Al\u00e9m destes nomes, Maneco Hassen \u00e9 nome cotado para a concorrer a deputado estadual ou federal pelo Partido dos Trabalhadores (PT). Tamb\u00e9m n\u00e3o se descarta a possibilidade de Marcelo Caumo e Carlos Rafael Mallmann pelo Uni\u00e3o Brasil.<\/p>\n","protected":false},"excerpt":{"rendered":"<p>No fim da tarde da ter\u00e7a-feira passada (30\/12), o prefeito de Mu\u00e7um, Mateus Trojan (MDB), anunciou que deixar\u00e1 o cargo at\u00e9 o in\u00edcio de abril deste ano, quando encerra o prazo para a desincompatibiliza\u00e7\u00e3o eleitoral \u2013 ou seja, se afastar da fun\u00e7\u00e3o para estar apto a concorrer a outro cargo p\u00fablico. Trojan deseja disputar a [&hellip;]<\/p>\n","protected":false},"author":639,"featured_media":201623,"comment_status":"open","ping_status":"open","sticky":false,"template":"","format":"standard","meta":{"pmpro_default_level":"","_jetpack_memberships_contains_paid_content":false,"footnotes":""},"categories":[2,10985],"tags":[15690,20324,2257,9622],"class_list":{"0":"post-201621","1":"post","2":"type-post","3":"status-publish","4":"format-standard","5":"has-post-thumbnail","7":"category-featured","8":"category-politica","9":"tag-candidatura","10":"tag-mateus-trojan","11":"tag-mucum","12":"tag-pre-candidatura","13":"pmpro-has-access"},"yoast_head":"<!-- This site is optimized with the Yoast SEO plugin v27.5 - https:\/\/yoast.com\/product\/yoast-seo-wordpress\/ -->\n<title>Mateus Trojan anuncia pr\u00e9-candidatura a deputado - Folha Popular<\/title>\n<meta name=\"description\" content=\"Trojan deseja disputar a uma vaga como deputado na Assembleia Legislativa do Estado, e anunciou sua pr\u00e9-candidatura em rede social.\" \/>\n<meta name=\"robots\" content=\"index, follow, max-snippet:-1, max-image-preview:large, max-video-preview:-1\" \/>\n<link rel=\"canonical\" href=\"https:\/\/folhapopular.info\/index.php\/2026\/01\/07\/mateus-trojan-anuncia-pre-candidatura-a-deputado\/\" \/>\n<meta property=\"og:locale\" content=\"pt_BR\" \/>\n<meta property=\"og:type\" content=\"article\" \/>\n<meta property=\"og:title\" content=\"Mateus Trojan anuncia pr\u00e9-candidatura a deputado - Folha Popular\" \/>\n<meta property=\"og:description\" content=\"Trojan deseja disputar a uma vaga como deputado na Assembleia Legislativa do Estado, e anunciou sua pr\u00e9-candidatura em rede social.\" \/>\n<meta property=\"og:url\" content=\"https:\/\/folhapopular.info\/index.php\/2026\/01\/07\/mateus-trojan-anuncia-pre-candidatura-a-deputado\/\" \/>\n<meta property=\"og:site_name\" content=\"Folha Popular\" \/>\n<meta property=\"article:published_time\" content=\"2026-01-07T13:00:00+00:00\" \/>\n<meta property=\"article:modified_time\" content=\"2026-01-07T13:44:18+00:00\" \/>\n<meta property=\"og:image\" content=\"http:\/\/folhapopular.info\/wp-content\/uploads\/2026\/01\/Trojan-esta-em-seu-segundo-mandato-como-prefeito-de-Mucum_DIV.jpg\" \/>\n\t<meta property=\"og:image:width\" content=\"1440\" \/>\n\t<meta property=\"og:image:height\" content=\"1440\" \/>\n\t<meta property=\"og:image:type\" content=\"image\/jpeg\" \/>\n<meta name=\"author\" content=\"Camille Lenz da Silva\" \/>\n<meta name=\"twitter:card\" content=\"summary_large_image\" \/>\n<meta name=\"twitter:label1\" content=\"Escrito por\" \/>\n\t<meta name=\"twitter:data1\" content=\"Camille Lenz da Silva\" \/>\n\t<meta name=\"twitter:label2\" content=\"Est. tempo de leitura\" \/>\n\t<meta name=\"twitter:data2\" content=\"5 minutos\" \/>\n<script type=\"application\/ld+json\" class=\"yoast-schema-graph\">{\"@context\":\"https:\\\/\\\/schema.org\",\"@graph\":[{\"@type\":\"Article\",\"@id\":\"https:\\\/\\\/folhapopular.info\\\/index.php\\\/2026\\\/01\\\/07\\\/mateus-trojan-anuncia-pre-candidatura-a-deputado\\\/#article\",\"isPartOf\":{\"@id\":\"https:\\\/\\\/folhapopular.info\\\/index.php\\\/2026\\\/01\\\/07\\\/mateus-trojan-anuncia-pre-candidatura-a-deputado\\\/\"},\"author\":{\"name\":\"Camille Lenz da Silva\",\"@id\":\"https:\\\/\\\/folhapopular.info\\\/#\\\/schema\\\/person\\\/f0b811f932ef2505faf473ffaef49df5\"},\"headline\":\"Mateus Trojan anuncia pr\u00e9-candidatura a deputado\",\"datePublished\":\"2026-01-07T13:00:00+00:00\",\"dateModified\":\"2026-01-07T13:44:18+00:00\",\"mainEntityOfPage\":{\"@id\":\"https:\\\/\\\/folhapopular.info\\\/index.php\\\/2026\\\/01\\\/07\\\/mateus-trojan-anuncia-pre-candidatura-a-deputado\\\/\"},\"wordCount\":590,\"commentCount\":0,\"image\":{\"@id\":\"https:\\\/\\\/folhapopular.info\\\/index.php\\\/2026\\\/01\\\/07\\\/mateus-trojan-anuncia-pre-candidatura-a-deputado\\\/#primaryimage\"},\"thumbnailUrl\":\"https:\\\/\\\/folhapopular.info\\\/wp-content\\\/uploads\\\/2026\\\/01\\\/Trojan-esta-em-seu-segundo-mandato-como-prefeito-de-Mucum_DIV.jpg\",\"keywords\":[\"candidatura\",\"Mateus Trojan\",\"Mu\u00e7um\",\"Pr\u00e9-candidatura\"],\"articleSection\":[\"Destaques\",\"Pol\u00edtica\"],\"inLanguage\":\"pt-BR\",\"potentialAction\":[{\"@type\":\"CommentAction\",\"name\":\"Comment\",\"target\":[\"https:\\\/\\\/folhapopular.info\\\/index.php\\\/2026\\\/01\\\/07\\\/mateus-trojan-anuncia-pre-candidatura-a-deputado\\\/#respond\"]}]},{\"@type\":\"WebPage\",\"@id\":\"https:\\\/\\\/folhapopular.info\\\/index.php\\\/2026\\\/01\\\/07\\\/mateus-trojan-anuncia-pre-candidatura-a-deputado\\\/\",\"url\":\"https:\\\/\\\/folhapopular.info\\\/index.php\\\/2026\\\/01\\\/07\\\/mateus-trojan-anuncia-pre-candidatura-a-deputado\\\/\",\"name\":\"Mateus Trojan anuncia pr\u00e9-candidatura a deputado - Folha Popular\",\"isPartOf\":{\"@id\":\"https:\\\/\\\/folhapopular.info\\\/#website\"},\"primaryImageOfPage\":{\"@id\":\"https:\\\/\\\/folhapopular.info\\\/index.php\\\/2026\\\/01\\\/07\\\/mateus-trojan-anuncia-pre-candidatura-a-deputado\\\/#primaryimage\"},\"image\":{\"@id\":\"https:\\\/\\\/folhapopular.info\\\/index.php\\\/2026\\\/01\\\/07\\\/mateus-trojan-anuncia-pre-candidatura-a-deputado\\\/#primaryimage\"},\"thumbnailUrl\":\"https:\\\/\\\/folhapopular.info\\\/wp-content\\\/uploads\\\/2026\\\/01\\\/Trojan-esta-em-seu-segundo-mandato-como-prefeito-de-Mucum_DIV.jpg\",\"datePublished\":\"2026-01-07T13:00:00+00:00\",\"dateModified\":\"2026-01-07T13:44:18+00:00\",\"author\":{\"@id\":\"https:\\\/\\\/folhapopular.info\\\/#\\\/schema\\\/person\\\/f0b811f932ef2505faf473ffaef49df5\"},\"description\":\"Trojan deseja disputar a uma vaga como deputado na Assembleia Legislativa do Estado, e anunciou sua pr\u00e9-candidatura em rede social.\",\"breadcrumb\":{\"@id\":\"https:\\\/\\\/folhapopular.info\\\/index.php\\\/2026\\\/01\\\/07\\\/mateus-trojan-anuncia-pre-candidatura-a-deputado\\\/#breadcrumb\"},\"inLanguage\":\"pt-BR\",\"potentialAction\":[{\"@type\":\"ReadAction\",\"target\":[\"https:\\\/\\\/folhapopular.info\\\/index.php\\\/2026\\\/01\\\/07\\\/mateus-trojan-anuncia-pre-candidatura-a-deputado\\\/\"]}]},{\"@type\":\"ImageObject\",\"inLanguage\":\"pt-BR\",\"@id\":\"https:\\\/\\\/folhapopular.info\\\/index.php\\\/2026\\\/01\\\/07\\\/mateus-trojan-anuncia-pre-candidatura-a-deputado\\\/#primaryimage\",\"url\":\"https:\\\/\\\/folhapopular.info\\\/wp-content\\\/uploads\\\/2026\\\/01\\\/Trojan-esta-em-seu-segundo-mandato-como-prefeito-de-Mucum_DIV.jpg\",\"contentUrl\":\"https:\\\/\\\/folhapopular.info\\\/wp-content\\\/uploads\\\/2026\\\/01\\\/Trojan-esta-em-seu-segundo-mandato-como-prefeito-de-Mucum_DIV.jpg\",\"width\":1440,\"height\":1440,\"caption\":\"Trojan est\u00e1 em seu segundo mandato como prefeito de Mu\u00e7um \\\/ Cr\u00e9dito: Divulga\u00e7\u00e3o\"},{\"@type\":\"BreadcrumbList\",\"@id\":\"https:\\\/\\\/folhapopular.info\\\/index.php\\\/2026\\\/01\\\/07\\\/mateus-trojan-anuncia-pre-candidatura-a-deputado\\\/#breadcrumb\",\"itemListElement\":[{\"@type\":\"ListItem\",\"position\":1,\"name\":\"In\u00edcio\",\"item\":\"https:\\\/\\\/folhapopular.info\\\/\"},{\"@type\":\"ListItem\",\"position\":2,\"name\":\"Mateus Trojan anuncia pr\u00e9-candidatura a deputado\"}]},{\"@type\":\"WebSite\",\"@id\":\"https:\\\/\\\/folhapopular.info\\\/#website\",\"url\":\"https:\\\/\\\/folhapopular.info\\\/\",\"name\":\"Folha Popular\",\"description\":\"Onde voc\u00ea tem vez e voz\",\"potentialAction\":[{\"@type\":\"SearchAction\",\"target\":{\"@type\":\"EntryPoint\",\"urlTemplate\":\"https:\\\/\\\/folhapopular.info\\\/?s={search_term_string}\"},\"query-input\":{\"@type\":\"PropertyValueSpecification\",\"valueRequired\":true,\"valueName\":\"search_term_string\"}}],\"inLanguage\":\"pt-BR\"},{\"@type\":\"Person\",\"@id\":\"https:\\\/\\\/folhapopular.info\\\/#\\\/schema\\\/person\\\/f0b811f932ef2505faf473ffaef49df5\",\"name\":\"Camille Lenz da Silva\",\"image\":{\"@type\":\"ImageObject\",\"inLanguage\":\"pt-BR\",\"@id\":\"https:\\\/\\\/secure.gravatar.com\\\/avatar\\\/50be826d73ca259ec0e0a88a407f5de800c576c46cfdc57e50ef28551e216fff?s=96&d=mm&r=g\",\"url\":\"https:\\\/\\\/secure.gravatar.com\\\/avatar\\\/50be826d73ca259ec0e0a88a407f5de800c576c46cfdc57e50ef28551e216fff?s=96&d=mm&r=g\",\"contentUrl\":\"https:\\\/\\\/secure.gravatar.com\\\/avatar\\\/50be826d73ca259ec0e0a88a407f5de800c576c46cfdc57e50ef28551e216fff?s=96&d=mm&r=g\",\"caption\":\"Camille Lenz da Silva\"},\"url\":\"https:\\\/\\\/folhapopular.info\\\/index.php\\\/author\\\/camillelenzgmail-com\\\/\"}]}<\/script>\n<!-- \/ Yoast SEO plugin. -->","yoast_head_json":{"title":"Mateus Trojan anuncia pr\u00e9-candidatura a deputado - Folha Popular","description":"Trojan deseja disputar a uma vaga como deputado na Assembleia Legislativa do Estado, e anunciou sua pr\u00e9-candidatura em rede social.","robots":{"index":"index","follow":"follow","max-snippet":"max-snippet:-1","max-image-preview":"max-image-preview:large","max-video-preview":"max-video-preview:-1"},"canonical":"https:\/\/folhapopular.info\/index.php\/2026\/01\/07\/mateus-trojan-anuncia-pre-candidatura-a-deputado\/","og_locale":"pt_BR","og_type":"article","og_title":"Mateus Trojan anuncia pr\u00e9-candidatura a deputado - Folha Popular","og_description":"Trojan deseja disputar a uma vaga como deputado na Assembleia Legislativa do Estado, e anunciou sua pr\u00e9-candidatura em rede social.","og_url":"https:\/\/folhapopular.info\/index.php\/2026\/01\/07\/mateus-trojan-anuncia-pre-candidatura-a-deputado\/","og_site_name":"Folha Popular","article_published_time":"2026-01-07T13:00:00+00:00","article_modified_time":"2026-01-07T13:44:18+00:00","og_image":[{"width":1440,"height":1440,"url":"http:\/\/folhapopular.info\/wp-content\/uploads\/2026\/01\/Trojan-esta-em-seu-segundo-mandato-como-prefeito-de-Mucum_DIV.jpg","type":"image\/jpeg"}],"author":"Camille Lenz da Silva","twitter_card":"summary_large_image","twitter_misc":{"Escrito por":"Camille Lenz da Silva","Est. tempo de leitura":"5 minutos"},"schema":{"@context":"https:\/\/schema.org","@graph":[{"@type":"Article","@id":"https:\/\/folhapopular.info\/index.php\/2026\/01\/07\/mateus-trojan-anuncia-pre-candidatura-a-deputado\/#article","isPartOf":{"@id":"https:\/\/folhapopular.info\/index.php\/2026\/01\/07\/mateus-trojan-anuncia-pre-candidatura-a-deputado\/"},"author":{"name":"Camille Lenz da Silva","@id":"https:\/\/folhapopular.info\/#\/schema\/person\/f0b811f932ef2505faf473ffaef49df5"},"headline":"Mateus Trojan anuncia pr\u00e9-candidatura a deputado","datePublished":"2026-01-07T13:00:00+00:00","dateModified":"2026-01-07T13:44:18+00:00","mainEntityOfPage":{"@id":"https:\/\/folhapopular.info\/index.php\/2026\/01\/07\/mateus-trojan-anuncia-pre-candidatura-a-deputado\/"},"wordCount":590,"commentCount":0,"image":{"@id":"https:\/\/folhapopular.info\/index.php\/2026\/01\/07\/mateus-trojan-anuncia-pre-candidatura-a-deputado\/#primaryimage"},"thumbnailUrl":"https:\/\/folhapopular.info\/wp-content\/uploads\/2026\/01\/Trojan-esta-em-seu-segundo-mandato-como-prefeito-de-Mucum_DIV.jpg","keywords":["candidatura","Mateus Trojan","Mu\u00e7um","Pr\u00e9-candidatura"],"articleSection":["Destaques","Pol\u00edtica"],"inLanguage":"pt-BR","potentialAction":[{"@type":"CommentAction","name":"Comment","target":["https:\/\/folhapopular.info\/index.php\/2026\/01\/07\/mateus-trojan-anuncia-pre-candidatura-a-deputado\/#respond"]}]},{"@type":"WebPage","@id":"https:\/\/folhapopular.info\/index.php\/2026\/01\/07\/mateus-trojan-anuncia-pre-candidatura-a-deputado\/","url":"https:\/\/folhapopular.info\/index.php\/2026\/01\/07\/mateus-trojan-anuncia-pre-candidatura-a-deputado\/","name":"Mateus Trojan anuncia pr\u00e9-candidatura a deputado - Folha Popular","isPartOf":{"@id":"https:\/\/folhapopular.info\/#website"},"primaryImageOfPage":{"@id":"https:\/\/folhapopular.info\/index.php\/2026\/01\/07\/mateus-trojan-anuncia-pre-candidatura-a-deputado\/#primaryimage"},"image":{"@id":"https:\/\/folhapopular.info\/index.php\/2026\/01\/07\/mateus-trojan-anuncia-pre-candidatura-a-deputado\/#primaryimage"},"thumbnailUrl":"https:\/\/folhapopular.info\/wp-content\/uploads\/2026\/01\/Trojan-esta-em-seu-segundo-mandato-como-prefeito-de-Mucum_DIV.jpg","datePublished":"2026-01-07T13:00:00+00:00","dateModified":"2026-01-07T13:44:18+00:00","author":{"@id":"https:\/\/folhapopular.info\/#\/schema\/person\/f0b811f932ef2505faf473ffaef49df5"},"description":"Trojan deseja disputar a uma vaga como deputado na Assembleia Legislativa do Estado, e anunciou sua pr\u00e9-candidatura em rede social.","breadcrumb":{"@id":"https:\/\/folhapopular.info\/index.php\/2026\/01\/07\/mateus-trojan-anuncia-pre-candidatura-a-deputado\/#breadcrumb"},"inLanguage":"pt-BR","potentialAction":[{"@type":"ReadAction","target":["https:\/\/folhapopular.info\/index.php\/2026\/01\/07\/mateus-trojan-anuncia-pre-candidatura-a-deputado\/"]}]},{"@type":"ImageObject","inLanguage":"pt-BR","@id":"https:\/\/folhapopular.info\/index.php\/2026\/01\/07\/mateus-trojan-anuncia-pre-candidatura-a-deputado\/#primaryimage","url":"https:\/\/folhapopular.info\/wp-content\/uploads\/2026\/01\/Trojan-esta-em-seu-segundo-mandato-como-prefeito-de-Mucum_DIV.jpg","contentUrl":"https:\/\/folhapopular.info\/wp-content\/uploads\/2026\/01\/Trojan-esta-em-seu-segundo-mandato-como-prefeito-de-Mucum_DIV.jpg","width":1440,"height":1440,"caption":"Trojan est\u00e1 em seu segundo mandato como prefeito de Mu\u00e7um \/ Cr\u00e9dito: Divulga\u00e7\u00e3o"},{"@type":"BreadcrumbList","@id":"https:\/\/folhapopular.info\/index.php\/2026\/01\/07\/mateus-trojan-anuncia-pre-candidatura-a-deputado\/#breadcrumb","itemListElement":[{"@type":"ListItem","position":1,"name":"In\u00edcio","item":"https:\/\/folhapopular.info\/"},{"@type":"ListItem","position":2,"name":"Mateus Trojan anuncia pr\u00e9-candidatura a deputado"}]},{"@type":"WebSite","@id":"https:\/\/folhapopular.info\/#website","url":"https:\/\/folhapopular.info\/","name":"Folha Popular","description":"Onde voc\u00ea tem vez e voz","potentialAction":[{"@type":"SearchAction","target":{"@type":"EntryPoint","urlTemplate":"https:\/\/folhapopular.info\/?s={search_term_string}"},"query-input":{"@type":"PropertyValueSpecification","valueRequired":true,"valueName":"search_term_string"}}],"inLanguage":"pt-BR"},{"@type":"Person","@id":"https:\/\/folhapopular.info\/#\/schema\/person\/f0b811f932ef2505faf473ffaef49df5","name":"Camille Lenz da Silva","image":{"@type":"ImageObject","inLanguage":"pt-BR","@id":"https:\/\/secure.gravatar.com\/avatar\/50be826d73ca259ec0e0a88a407f5de800c576c46cfdc57e50ef28551e216fff?s=96&d=mm&r=g","url":"https:\/\/secure.gravatar.com\/avatar\/50be826d73ca259ec0e0a88a407f5de800c576c46cfdc57e50ef28551e216fff?s=96&d=mm&r=g","contentUrl":"https:\/\/secure.gravatar.com\/avatar\/50be826d73ca259ec0e0a88a407f5de800c576c46cfdc57e50ef28551e216fff?s=96&d=mm&r=g","caption":"Camille Lenz da Silva"},"url":"https:\/\/folhapopular.info\/index.php\/author\/camillelenzgmail-com\/"}]}},"jetpack_featured_media_url":"https:\/\/folhapopular.info\/wp-content\/uploads\/2026\/01\/Trojan-esta-em-seu-segundo-mandato-como-prefeito-de-Mucum_DIV.jpg","jetpack_sharing_enabled":true,"amp_enabled":true,"_links":{"self":[{"href":"https:\/\/folhapopular.info\/index.php\/wp-json\/wp\/v2\/posts\/201621","targetHints":{"allow":["GET"]}}],"collection":[{"href":"https:\/\/folhapopular.info\/index.php\/wp-json\/wp\/v2\/posts"}],"about":[{"href":"https:\/\/folhapopular.info\/index.php\/wp-json\/wp\/v2\/types\/post"}],"author":[{"embeddable":true,"href":"https:\/\/folhapopular.info\/index.php\/wp-json\/wp\/v2\/users\/639"}],"replies":[{"embeddable":true,"href":"https:\/\/folhapopular.info\/index.php\/wp-json\/wp\/v2\/comments?post=201621"}],"version-history":[{"count":0,"href":"https:\/\/folhapopular.info\/index.php\/wp-json\/wp\/v2\/posts\/201621\/revisions"}],"wp:featuredmedia":[{"embeddable":true,"href":"https:\/\/folhapopular.info\/index.php\/wp-json\/wp\/v2\/media\/201623"}],"wp:attachment":[{"href":"https:\/\/folhapopular.info\/index.php\/wp-json\/wp\/v2\/media?parent=201621"}],"wp:term":[{"taxonomy":"category","embeddable":true,"href":"https:\/\/folhapopular.info\/index.php\/wp-json\/wp\/v2\/categories?post=201621"},{"taxonomy":"post_tag","embeddable":true,"href":"https:\/\/folhapopular.info\/index.php\/wp-json\/wp\/v2\/tags?post=201621"}],"curies":[{"name":"wp","href":"https:\/\/api.w.org\/{rel}","templated":true}]}}